{"id":99379,"date":"2024-11-04T06:00:57","date_gmt":"2024-11-04T05:00:57","guid":{"rendered":"https:\/\/thediplomatinspain.com\/?p=99379"},"modified":"2024-10-31T11:33:32","modified_gmt":"2024-10-31T10:33:32","slug":"korean-spanish-duo-in-the-classical-music-cycle-korea-2024","status":"publish","type":"post","link":"https:\/\/thediplomatinspain.com\/en\/2024\/11\/04\/korean-spanish-duo-in-the-classical-music-cycle-korea-2024\/","title":{"rendered":"Korean-Spanish duo in the Classical Music Cycle Korea 2024"},"content":{"rendered":"<p>The cellist <strong>Woongwhee Moon<\/strong> and pianist <strong>Daniel Delgado<\/strong> are the members of the Korean-Spanish duo that tomorrow Tuesday at 19 hours will intervene in the auditorium of the <strong>Real Academia de Bellas Artes de San Fernando<\/strong> (calle de Alcal\u00e1, 13) to close the seventh edition of the <em>Korea 2024 Classical Music Cycle,<\/em> organized by the <strong>Centro Cultural Coreano<\/strong> in collaboration with the Real Academia.<\/p>\n<p>&nbsp;<\/p>\n<p>The concert will be broadcast live on the YouTube channel of the Real Academia de Bellas Artes de San Fernando.<\/p>\n<p>&nbsp;<\/p>\n<p>This performance will mark the first performance of the duo, which was formed in Germany and shares a unique musical vision. The concert program will include works by <strong>Falla, Shostakovich <\/strong>and<strong> Brahms,<\/strong> starting with the <em>Popular Spanish Suite<\/em> by <strong>Manuel de Falla,<\/strong> a prominent scholar of the Real Academia de Bellas Artes San Fernando; the <em>Sonata for cello and piano in D minor, Op. 40,<\/em> by <strong>Shostakovich,<\/strong> and the <em>Sonata for cello and piano in E minor No 1, Op. 38,<\/em> by <strong>Brahms.<\/strong><\/p>\n<p>&nbsp;<\/p>\n<p>Woongwhee Moon is recognized as one of the most outstanding Korean cellists of his generation. The performer has studied at the National University of Arts in Korea, Hamburg, Dresden and the Munich University of Arts and Music. In addition to being one of the founding members of the &#8220;Novus String Quartet&#8221;, he has been awarded as a soloist at the International Competition of Stuttgart and has been recognized as a chamber musician at the ARD International Competition and the International Mozart Competition, in which he won second and first prize respectively.<\/p>\n<p>&nbsp;<\/p>\n<p>Daniel Delgado was trained at the Conservatory of Music of Castilla y Le\u00f3n with Patr\u00edn Garc\u00eda-Barredo, completing his studies with Istv\u00e1n Guly\u00e1s and Andr\u00e1s Kemenes at the Franz Liszt Academy in Budapest. Based in W\u00fcrzburg (Germany), he combines teaching and concert work, regularly collaborating with the philharmonic orchestras of W\u00fcrzburg and Hof as soloist, performing opera projects and chamber music concerts with some of its members. His musical spectrum is extended as an instrumental, singing or ballet accompanying pianist, participating in addition to theater projects and events of electronic music, jazz, etc.<\/p>\n<p>&nbsp;<\/p>\n<p>This concert is part of the Korea Classical Music Cycle, a program established in 2018 by the Korean Cultural Center in Spain with the aim of making Korean performers known in Europe through concerts in Spain, enriching each edition.<\/p>\n<p>&nbsp;<\/p>\n<p>&nbsp;<\/p>\n","protected":false},"excerpt":{"rendered":"<p>Woongwhee Moon and Daniel Delgado are the Korean-Spanish duo that will be speaking at the Real Academia de Bellas Artes de San Fernando.<\/p>\n","protected":false},"author":204,"featured_media":99377,"comment_status":"closed","ping_status":"open","sticky":false,"template":"","format":"standard","meta":{"jnews-multi-image_gallery":[],"jnews_single_post":{"source_name":"","source_url":"","via_name":"","via_url":"","override_template":"0","override":[{"template":"2","single_blog_custom":"","parallax":"1","fullscreen":"1","layout":"right-sidebar","sidebar":"default-sidebar","second_sidebar":"default-sidebar","sticky_sidebar":"1","share_position":"top","share_float_style":"share-monocrhome","show_share_counter":"1","show_view_counter":"1","show_featured":"1","show_post_meta":"1","show_post_author":"1","show_post_author_image":"0","show_post_date":"1","post_date_format":"default","post_date_format_custom":"Y\/m\/d","show_post_category":"1","show_post_reading_time":"0","post_reading_time_wpm":"300","show_zoom_button":"0","zoom_button_out_step":"2","zoom_button_in_step":"3","show_post_tag":"1","show_prev_next_post":"0","show_popup_post":"1","number_popup_post":"1","show_author_box":"1","show_post_related":"0","show_inline_post_related":"0"}],"override_image_size":"0","image_override":[{"single_post_thumbnail_size":"crop-500","single_post_gallery_size":"crop-500"}],"trending_post":"0","trending_post_position":"meta","trending_post_label":"Trending","sponsored_post":"0","sponsored_post_label":"Sponsored by","sponsored_post_name":"","sponsored_post_url":"","sponsored_post_logo_enable":"0","sponsored_post_logo":"","sponsored_post_desc":"","disable_ad":"0"},"jnews_primary_category":{"id":"","hide":""},"jnews_social_meta":{"fb_title":"","fb_description":"","fb_image":"","twitter_title":"","twitter_description":"","twitter_image":""},"jnews_override_counter":{"override_view_counter":"0","view_counter_number":"0","override_share_counter":"0","share_counter_number":"0","override_like_counter":"0","like_counter_number":"0","override_dislike_counter":"0","dislike_counter_number":"0"},"jnews_post_split":{"enable_post_split":"0","post_split":[{"template":"1","tag":"h2","numbering":"asc","mode":"normal","first":"0","enable_toc":"0","toc_type":"normal"}]},"footnotes":""},"categories":[179,176,44],"tags":[],"class_list":["post-99379","post","type-post","status-publish","format-standard","has-post-thumbnail","hentry","category-entertainment","category-leisure","category-musica"],"yoast_head":"<!-- This site is optimized with the Yoast SEO plugin v27.4 - https:\/\/yoast.com\/product\/yoast-seo-wordpress\/ -->\n<title>Korean-Spanish duo in the Classical Music Cycle Korea 2024<\/title>\n<meta name=\"description\" content=\"Woongwhee Moon and Daniel Delgado are the Korean-Spanish duo that will be speaking at the Real Academia de Bellas Artes de San Fernando.\" \/>\n<meta name=\"robots\" content=\"index, follow, max-snippet:-1, max-image-preview:large, max-video-preview:-1\" \/>\n<link rel=\"canonical\" href=\"https:\/\/thediplomatinspain.com\/en\/2024\/11\/04\/korean-spanish-duo-in-the-classical-music-cycle-korea-2024\/\" \/>\n<meta property=\"og:locale\" content=\"en_US\" \/>\n<meta property=\"og:type\" content=\"article\" \/>\n<meta property=\"og:title\" content=\"Korean-Spanish duo in the Classical Music Cycle Korea 2024\" \/>\n<meta property=\"og:description\" content=\"Woongwhee Moon and Daniel Delgado are the Korean-Spanish duo that will be speaking at the Real Academia de Bellas Artes de San Fernando.\" \/>\n<meta property=\"og:url\" content=\"https:\/\/thediplomatinspain.com\/en\/2024\/11\/04\/korean-spanish-duo-in-the-classical-music-cycle-korea-2024\/\" \/>\n<meta property=\"og:site_name\" content=\"thediplomatinspain.com\" \/>\n<meta property=\"article:publisher\" content=\"https:\/\/www.facebook.com\/thediplomatinspain\" \/>\n<meta property=\"article:published_time\" content=\"2024-11-04T05:00:57+00:00\" \/>\n<meta property=\"og:image\" content=\"https:\/\/thediplomatinspain.com\/wp-content\/uploads\/2024\/10\/Ciclo-de-Musica-Clasica-Corea-2024-ok.jpg\" \/>\n\t<meta property=\"og:image:width\" content=\"750\" \/>\n\t<meta property=\"og:image:height\" content=\"428\" \/>\n\t<meta property=\"og:image:type\" content=\"image\/jpeg\" \/>\n<meta name=\"author\" content=\"Juan David Latorre\" \/>\n<meta name=\"twitter:card\" content=\"summary_large_image\" \/>\n<meta name=\"twitter:creator\" content=\"@diplomatinspain\" \/>\n<meta name=\"twitter:site\" content=\"@diplomatinspain\" \/>\n<meta name=\"twitter:label1\" content=\"Written by\" \/>\n\t<meta name=\"twitter:data1\" content=\"Juan David Latorre\" \/>\n\t<meta name=\"twitter:label2\" content=\"Est. reading time\" \/>\n\t<meta name=\"twitter:data2\" content=\"2 minutes\" \/>\n<script type=\"application\/ld+json\" class=\"yoast-schema-graph\">{\"@context\":\"https:\\\/\\\/schema.org\",\"@graph\":[{\"@type\":\"Article\",\"@id\":\"https:\\\/\\\/thediplomatinspain.com\\\/en\\\/2024\\\/11\\\/04\\\/korean-spanish-duo-in-the-classical-music-cycle-korea-2024\\\/#article\",\"isPartOf\":{\"@id\":\"https:\\\/\\\/thediplomatinspain.com\\\/en\\\/2024\\\/11\\\/04\\\/korean-spanish-duo-in-the-classical-music-cycle-korea-2024\\\/\"},\"author\":{\"name\":\"Juan David Latorre\",\"@id\":\"https:\\\/\\\/thediplomatinspain.com\\\/#\\\/schema\\\/person\\\/bc23729a451553cbb28c59ed696ced53\"},\"headline\":\"Korean-Spanish duo in the Classical Music Cycle Korea 2024\",\"datePublished\":\"2024-11-04T05:00:57+00:00\",\"mainEntityOfPage\":{\"@id\":\"https:\\\/\\\/thediplomatinspain.com\\\/en\\\/2024\\\/11\\\/04\\\/korean-spanish-duo-in-the-classical-music-cycle-korea-2024\\\/\"},\"wordCount\":405,\"publisher\":{\"@id\":\"https:\\\/\\\/thediplomatinspain.com\\\/#organization\"},\"image\":{\"@id\":\"https:\\\/\\\/thediplomatinspain.com\\\/en\\\/2024\\\/11\\\/04\\\/korean-spanish-duo-in-the-classical-music-cycle-korea-2024\\\/#primaryimage\"},\"thumbnailUrl\":\"https:\\\/\\\/thediplomatinspain.com\\\/wp-content\\\/uploads\\\/2024\\\/10\\\/Ciclo-de-Musica-Clasica-Corea-2024-ok.jpg\",\"articleSection\":[\"Entertainment\",\"Leisure\",\"M\u00fasica\"],\"inLanguage\":\"en-US\"},{\"@type\":\"WebPage\",\"@id\":\"https:\\\/\\\/thediplomatinspain.com\\\/en\\\/2024\\\/11\\\/04\\\/korean-spanish-duo-in-the-classical-music-cycle-korea-2024\\\/\",\"url\":\"https:\\\/\\\/thediplomatinspain.com\\\/en\\\/2024\\\/11\\\/04\\\/korean-spanish-duo-in-the-classical-music-cycle-korea-2024\\\/\",\"name\":\"Korean-Spanish duo in the Classical Music Cycle Korea 2024\",\"isPartOf\":{\"@id\":\"https:\\\/\\\/thediplomatinspain.com\\\/#website\"},\"primaryImageOfPage\":{\"@id\":\"https:\\\/\\\/thediplomatinspain.com\\\/en\\\/2024\\\/11\\\/04\\\/korean-spanish-duo-in-the-classical-music-cycle-korea-2024\\\/#primaryimage\"},\"image\":{\"@id\":\"https:\\\/\\\/thediplomatinspain.com\\\/en\\\/2024\\\/11\\\/04\\\/korean-spanish-duo-in-the-classical-music-cycle-korea-2024\\\/#primaryimage\"},\"thumbnailUrl\":\"https:\\\/\\\/thediplomatinspain.com\\\/wp-content\\\/uploads\\\/2024\\\/10\\\/Ciclo-de-Musica-Clasica-Corea-2024-ok.jpg\",\"datePublished\":\"2024-11-04T05:00:57+00:00\",\"description\":\"Woongwhee Moon and Daniel Delgado are the Korean-Spanish duo that will be speaking at the Real Academia de Bellas Artes de San Fernando.\",\"breadcrumb\":{\"@id\":\"https:\\\/\\\/thediplomatinspain.com\\\/en\\\/2024\\\/11\\\/04\\\/korean-spanish-duo-in-the-classical-music-cycle-korea-2024\\\/#breadcrumb\"},\"inLanguage\":\"en-US\",\"potentialAction\":[{\"@type\":\"ReadAction\",\"target\":[\"https:\\\/\\\/thediplomatinspain.com\\\/en\\\/2024\\\/11\\\/04\\\/korean-spanish-duo-in-the-classical-music-cycle-korea-2024\\\/\"]}]},{\"@type\":\"ImageObject\",\"inLanguage\":\"en-US\",\"@id\":\"https:\\\/\\\/thediplomatinspain.com\\\/en\\\/2024\\\/11\\\/04\\\/korean-spanish-duo-in-the-classical-music-cycle-korea-2024\\\/#primaryimage\",\"url\":\"https:\\\/\\\/thediplomatinspain.com\\\/wp-content\\\/uploads\\\/2024\\\/10\\\/Ciclo-de-Musica-Clasica-Corea-2024-ok.jpg\",\"contentUrl\":\"https:\\\/\\\/thediplomatinspain.com\\\/wp-content\\\/uploads\\\/2024\\\/10\\\/Ciclo-de-Musica-Clasica-Corea-2024-ok.jpg\",\"width\":750,\"height\":428},{\"@type\":\"BreadcrumbList\",\"@id\":\"https:\\\/\\\/thediplomatinspain.com\\\/en\\\/2024\\\/11\\\/04\\\/korean-spanish-duo-in-the-classical-music-cycle-korea-2024\\\/#breadcrumb\",\"itemListElement\":[{\"@type\":\"ListItem\",\"position\":1,\"name\":\"Portada\",\"item\":\"https:\\\/\\\/thediplomatinspain.com\\\/en\\\/\"},{\"@type\":\"ListItem\",\"position\":2,\"name\":\"Korean-Spanish duo in the Classical Music Cycle Korea 2024\"}]},{\"@type\":\"WebSite\",\"@id\":\"https:\\\/\\\/thediplomatinspain.com\\\/#website\",\"url\":\"https:\\\/\\\/thediplomatinspain.com\\\/\",\"name\":\"thediplomatinspain.com\",\"description\":\"Diario digital de referencia para diplom\u00e1ticos y empresas\",\"publisher\":{\"@id\":\"https:\\\/\\\/thediplomatinspain.com\\\/#organization\"},\"potentialAction\":[{\"@type\":\"SearchAction\",\"target\":{\"@type\":\"EntryPoint\",\"urlTemplate\":\"https:\\\/\\\/thediplomatinspain.com\\\/?s={search_term_string}\"},\"query-input\":{\"@type\":\"PropertyValueSpecification\",\"valueRequired\":true,\"valueName\":\"search_term_string\"}}],\"inLanguage\":\"en-US\"},{\"@type\":\"Organization\",\"@id\":\"https:\\\/\\\/thediplomatinspain.com\\\/#organization\",\"name\":\"thediplomatinspain.com\",\"url\":\"https:\\\/\\\/thediplomatinspain.com\\\/\",\"logo\":{\"@type\":\"ImageObject\",\"inLanguage\":\"en-US\",\"@id\":\"https:\\\/\\\/thediplomatinspain.com\\\/#\\\/schema\\\/logo\\\/image\\\/\",\"url\":\"https:\\\/\\\/thediplomatinspain.com\\\/wp-content\\\/uploads\\\/2024\\\/06\\\/logo_the_diplomat.png\",\"contentUrl\":\"https:\\\/\\\/thediplomatinspain.com\\\/wp-content\\\/uploads\\\/2024\\\/06\\\/logo_the_diplomat.png\",\"width\":284,\"height\":77,\"caption\":\"thediplomatinspain.com\"},\"image\":{\"@id\":\"https:\\\/\\\/thediplomatinspain.com\\\/#\\\/schema\\\/logo\\\/image\\\/\"},\"sameAs\":[\"https:\\\/\\\/www.facebook.com\\\/thediplomatinspain\",\"https:\\\/\\\/x.com\\\/diplomatinspain\",\"https:\\\/\\\/www.youtube.com\\\/channel\\\/UCK0mRqeeZDKdFeiFQZLcH2A\"]},{\"@type\":\"Person\",\"@id\":\"https:\\\/\\\/thediplomatinspain.com\\\/#\\\/schema\\\/person\\\/bc23729a451553cbb28c59ed696ced53\",\"name\":\"Juan David Latorre\",\"image\":{\"@type\":\"ImageObject\",\"inLanguage\":\"en-US\",\"@id\":\"https:\\\/\\\/secure.gravatar.com\\\/avatar\\\/2d39dcb59d17733b9ee745ca1ab1eeff6f72ef14623e21bb10f63bfb965c847a?s=96&d=mm&r=g\",\"url\":\"https:\\\/\\\/secure.gravatar.com\\\/avatar\\\/2d39dcb59d17733b9ee745ca1ab1eeff6f72ef14623e21bb10f63bfb965c847a?s=96&d=mm&r=g\",\"contentUrl\":\"https:\\\/\\\/secure.gravatar.com\\\/avatar\\\/2d39dcb59d17733b9ee745ca1ab1eeff6f72ef14623e21bb10f63bfb965c847a?s=96&d=mm&r=g\",\"caption\":\"Juan David Latorre\"},\"url\":\"https:\\\/\\\/thediplomatinspain.com\\\/en\\\/author\\\/jdlatorre\\\/\"},{\"@type\":[\"Organization\",\"NewsMediaOrganization\"],\"@id\":\"https:\\\/\\\/thediplomatinspain.com\\\/en\\\/#organization\"},{\"@type\":\"SiteNavigationElement\",\"@id\":\"https:\\\/\\\/thediplomatinspain.com\\\/en\\\/#site-navigation\",\"cssSelector\":[\".cib-main-menu\"]},{\"@type\":\"WPHeader\",\"@id\":\"https:\\\/\\\/thediplomatinspain.com\\\/en\\\/#header\",\"cssSelector\":[\".cib-header\"]},{\"@type\":\"WPFooter\",\"@id\":\"https:\\\/\\\/thediplomatinspain.com\\\/en\\\/#footer\",\"cssSelector\":[\".cib-footer\"]}]}<\/script>\n<!-- \/ Yoast SEO plugin. -->","yoast_head_json":{"title":"Korean-Spanish duo in the Classical Music Cycle Korea 2024","description":"Woongwhee Moon and Daniel Delgado are the Korean-Spanish duo that will be speaking at the Real Academia de Bellas Artes de San Fernando.","robots":{"index":"index","follow":"follow","max-snippet":"max-snippet:-1","max-image-preview":"max-image-preview:large","max-video-preview":"max-video-preview:-1"},"canonical":"https:\/\/thediplomatinspain.com\/en\/2024\/11\/04\/korean-spanish-duo-in-the-classical-music-cycle-korea-2024\/","og_locale":"en_US","og_type":"article","og_title":"Korean-Spanish duo in the Classical Music Cycle Korea 2024","og_description":"Woongwhee Moon and Daniel Delgado are the Korean-Spanish duo that will be speaking at the Real Academia de Bellas Artes de San Fernando.","og_url":"https:\/\/thediplomatinspain.com\/en\/2024\/11\/04\/korean-spanish-duo-in-the-classical-music-cycle-korea-2024\/","og_site_name":"thediplomatinspain.com","article_publisher":"https:\/\/www.facebook.com\/thediplomatinspain","article_published_time":"2024-11-04T05:00:57+00:00","og_image":[{"width":750,"height":428,"url":"https:\/\/thediplomatinspain.com\/wp-content\/uploads\/2024\/10\/Ciclo-de-Musica-Clasica-Corea-2024-ok.jpg","type":"image\/jpeg"}],"author":"Juan David Latorre","twitter_card":"summary_large_image","twitter_creator":"@diplomatinspain","twitter_site":"@diplomatinspain","twitter_misc":{"Written by":"Juan David Latorre","Est. reading time":"2 minutes"},"schema":{"@context":"https:\/\/schema.org","@graph":[{"@type":"Article","@id":"https:\/\/thediplomatinspain.com\/en\/2024\/11\/04\/korean-spanish-duo-in-the-classical-music-cycle-korea-2024\/#article","isPartOf":{"@id":"https:\/\/thediplomatinspain.com\/en\/2024\/11\/04\/korean-spanish-duo-in-the-classical-music-cycle-korea-2024\/"},"author":{"name":"Juan David Latorre","@id":"https:\/\/thediplomatinspain.com\/#\/schema\/person\/bc23729a451553cbb28c59ed696ced53"},"headline":"Korean-Spanish duo in the Classical Music Cycle Korea 2024","datePublished":"2024-11-04T05:00:57+00:00","mainEntityOfPage":{"@id":"https:\/\/thediplomatinspain.com\/en\/2024\/11\/04\/korean-spanish-duo-in-the-classical-music-cycle-korea-2024\/"},"wordCount":405,"publisher":{"@id":"https:\/\/thediplomatinspain.com\/#organization"},"image":{"@id":"https:\/\/thediplomatinspain.com\/en\/2024\/11\/04\/korean-spanish-duo-in-the-classical-music-cycle-korea-2024\/#primaryimage"},"thumbnailUrl":"https:\/\/thediplomatinspain.com\/wp-content\/uploads\/2024\/10\/Ciclo-de-Musica-Clasica-Corea-2024-ok.jpg","articleSection":["Entertainment","Leisure","M\u00fasica"],"inLanguage":"en-US"},{"@type":"WebPage","@id":"https:\/\/thediplomatinspain.com\/en\/2024\/11\/04\/korean-spanish-duo-in-the-classical-music-cycle-korea-2024\/","url":"https:\/\/thediplomatinspain.com\/en\/2024\/11\/04\/korean-spanish-duo-in-the-classical-music-cycle-korea-2024\/","name":"Korean-Spanish duo in the Classical Music Cycle Korea 2024","isPartOf":{"@id":"https:\/\/thediplomatinspain.com\/#website"},"primaryImageOfPage":{"@id":"https:\/\/thediplomatinspain.com\/en\/2024\/11\/04\/korean-spanish-duo-in-the-classical-music-cycle-korea-2024\/#primaryimage"},"image":{"@id":"https:\/\/thediplomatinspain.com\/en\/2024\/11\/04\/korean-spanish-duo-in-the-classical-music-cycle-korea-2024\/#primaryimage"},"thumbnailUrl":"https:\/\/thediplomatinspain.com\/wp-content\/uploads\/2024\/10\/Ciclo-de-Musica-Clasica-Corea-2024-ok.jpg","datePublished":"2024-11-04T05:00:57+00:00","description":"Woongwhee Moon and Daniel Delgado are the Korean-Spanish duo that will be speaking at the Real Academia de Bellas Artes de San Fernando.","breadcrumb":{"@id":"https:\/\/thediplomatinspain.com\/en\/2024\/11\/04\/korean-spanish-duo-in-the-classical-music-cycle-korea-2024\/#breadcrumb"},"inLanguage":"en-US","potentialAction":[{"@type":"ReadAction","target":["https:\/\/thediplomatinspain.com\/en\/2024\/11\/04\/korean-spanish-duo-in-the-classical-music-cycle-korea-2024\/"]}]},{"@type":"ImageObject","inLanguage":"en-US","@id":"https:\/\/thediplomatinspain.com\/en\/2024\/11\/04\/korean-spanish-duo-in-the-classical-music-cycle-korea-2024\/#primaryimage","url":"https:\/\/thediplomatinspain.com\/wp-content\/uploads\/2024\/10\/Ciclo-de-Musica-Clasica-Corea-2024-ok.jpg","contentUrl":"https:\/\/thediplomatinspain.com\/wp-content\/uploads\/2024\/10\/Ciclo-de-Musica-Clasica-Corea-2024-ok.jpg","width":750,"height":428},{"@type":"BreadcrumbList","@id":"https:\/\/thediplomatinspain.com\/en\/2024\/11\/04\/korean-spanish-duo-in-the-classical-music-cycle-korea-2024\/#breadcrumb","itemListElement":[{"@type":"ListItem","position":1,"name":"Portada","item":"https:\/\/thediplomatinspain.com\/en\/"},{"@type":"ListItem","position":2,"name":"Korean-Spanish duo in the Classical Music Cycle Korea 2024"}]},{"@type":"WebSite","@id":"https:\/\/thediplomatinspain.com\/#website","url":"https:\/\/thediplomatinspain.com\/","name":"thediplomatinspain.com","description":"Diario digital de referencia para diplom\u00e1ticos y empresas","publisher":{"@id":"https:\/\/thediplomatinspain.com\/#organization"},"potentialAction":[{"@type":"SearchAction","target":{"@type":"EntryPoint","urlTemplate":"https:\/\/thediplomatinspain.com\/?s={search_term_string}"},"query-input":{"@type":"PropertyValueSpecification","valueRequired":true,"valueName":"search_term_string"}}],"inLanguage":"en-US"},{"@type":"Organization","@id":"https:\/\/thediplomatinspain.com\/#organization","name":"thediplomatinspain.com","url":"https:\/\/thediplomatinspain.com\/","logo":{"@type":"ImageObject","inLanguage":"en-US","@id":"https:\/\/thediplomatinspain.com\/#\/schema\/logo\/image\/","url":"https:\/\/thediplomatinspain.com\/wp-content\/uploads\/2024\/06\/logo_the_diplomat.png","contentUrl":"https:\/\/thediplomatinspain.com\/wp-content\/uploads\/2024\/06\/logo_the_diplomat.png","width":284,"height":77,"caption":"thediplomatinspain.com"},"image":{"@id":"https:\/\/thediplomatinspain.com\/#\/schema\/logo\/image\/"},"sameAs":["https:\/\/www.facebook.com\/thediplomatinspain","https:\/\/x.com\/diplomatinspain","https:\/\/www.youtube.com\/channel\/UCK0mRqeeZDKdFeiFQZLcH2A"]},{"@type":"Person","@id":"https:\/\/thediplomatinspain.com\/#\/schema\/person\/bc23729a451553cbb28c59ed696ced53","name":"Juan David Latorre","image":{"@type":"ImageObject","inLanguage":"en-US","@id":"https:\/\/secure.gravatar.com\/avatar\/2d39dcb59d17733b9ee745ca1ab1eeff6f72ef14623e21bb10f63bfb965c847a?s=96&d=mm&r=g","url":"https:\/\/secure.gravatar.com\/avatar\/2d39dcb59d17733b9ee745ca1ab1eeff6f72ef14623e21bb10f63bfb965c847a?s=96&d=mm&r=g","contentUrl":"https:\/\/secure.gravatar.com\/avatar\/2d39dcb59d17733b9ee745ca1ab1eeff6f72ef14623e21bb10f63bfb965c847a?s=96&d=mm&r=g","caption":"Juan David Latorre"},"url":"https:\/\/thediplomatinspain.com\/en\/author\/jdlatorre\/"},{"@type":["Organization","NewsMediaOrganization"],"@id":"https:\/\/thediplomatinspain.com\/en\/#organization"},{"@type":"SiteNavigationElement","@id":"https:\/\/thediplomatinspain.com\/en\/#site-navigation","cssSelector":[".cib-main-menu"]},{"@type":"WPHeader","@id":"https:\/\/thediplomatinspain.com\/en\/#header","cssSelector":[".cib-header"]},{"@type":"WPFooter","@id":"https:\/\/thediplomatinspain.com\/en\/#footer","cssSelector":[".cib-footer"]}]}},"amp_enabled":true,"_links":{"self":[{"href":"https:\/\/thediplomatinspain.com\/en\/wp-json\/wp\/v2\/posts\/99379","targetHints":{"allow":["GET"]}}],"collection":[{"href":"https:\/\/thediplomatinspain.com\/en\/wp-json\/wp\/v2\/posts"}],"about":[{"href":"https:\/\/thediplomatinspain.com\/en\/wp-json\/wp\/v2\/types\/post"}],"author":[{"embeddable":true,"href":"https:\/\/thediplomatinspain.com\/en\/wp-json\/wp\/v2\/users\/204"}],"replies":[{"embeddable":true,"href":"https:\/\/thediplomatinspain.com\/en\/wp-json\/wp\/v2\/comments?post=99379"}],"version-history":[{"count":0,"href":"https:\/\/thediplomatinspain.com\/en\/wp-json\/wp\/v2\/posts\/99379\/revisions"}],"wp:featuredmedia":[{"embeddable":true,"href":"https:\/\/thediplomatinspain.com\/en\/wp-json\/wp\/v2\/media\/99377"}],"wp:attachment":[{"href":"https:\/\/thediplomatinspain.com\/en\/wp-json\/wp\/v2\/media?parent=99379"}],"wp:term":[{"taxonomy":"category","embeddable":true,"href":"https:\/\/thediplomatinspain.com\/en\/wp-json\/wp\/v2\/categories?post=99379"},{"taxonomy":"post_tag","embeddable":true,"href":"https:\/\/thediplomatinspain.com\/en\/wp-json\/wp\/v2\/tags?post=99379"}],"curies":[{"name":"wp","href":"https:\/\/api.w.org\/{rel}","templated":true}]}}