{"id":95475,"date":"2024-09-30T06:02:34","date_gmt":"2024-09-30T04:02:34","guid":{"rendered":"https:\/\/thediplomatinspain.com\/?p=95475"},"modified":"2024-09-30T08:58:38","modified_gmt":"2024-09-30T06:58:38","slug":"consulate-of-bosnia-and-herzegovina-in-the-canary-islands-inaugurated","status":"publish","type":"post","link":"https:\/\/thediplomatinspain.com\/en\/2024\/09\/30\/consulate-of-bosnia-and-herzegovina-in-the-canary-islands-inaugurated\/","title":{"rendered":"Consulate of Bosnia and Herzegovina in the Canary Islands inaugurated"},"content":{"rendered":"<h6><strong>The Diplomat<\/strong><\/h6>\n<p>&nbsp;<\/p>\n<p>In the city of <strong>San Crist\u00f3bal de la Laguna on the island of Tenerife,<\/strong> and with the presence of Ambassador <strong>Vesna Andree Zaimovi\u0107,<\/strong> the <strong>Honorary Consulate of Bosnia and Herzegovina in the Canary Islands<\/strong> was inaugurated on Friday, September 20, with Consul <strong>\u00c1ngel Luis P\u00e9rez Quintero <\/strong>as its head.<\/p>\n<p>&nbsp;<\/p>\n<p>The Honorary Consulate is located in the historic center of the city under UNESCO protection, on the busy pedestrian street San Agust\u00edn, 52.<\/p>\n<p>&nbsp;<\/p>\n<p>The opening ceremony, attended by high-ranking dignitaries of cultural and public life, was held at the <strong>Orfe\u00f3n de Paz cultural center.<\/strong> On that occasion, an exhibition was held as part of the <strong><em>12 Days of Peace<\/em><\/strong> event, featuring eight famous posters by the renowned Bosnian artist <strong>Ismar Mujezinovi\u0107,<\/strong> created for the <strong>XIV Winter Olympics in Sarajevo in 1984, <\/strong>and organised by the Ministry of Foreign Affairs of Bosnia and Herzegovina and the UN Mission in BiH with the aim of linking the <strong>International Days of Peace <\/strong>(21 September) and <strong>NO violence<\/strong> (2 October).<\/p>\n<p>&nbsp;<\/p>\n<p>The ambassador of Bosnia and Herzegovina, <strong>Vesna Andree Zaimovi\u0107,<\/strong> in her welcome speech highlighted the <strong>potential economic, tourist, educational and cultural exchanges between Bosnia and Herzegovina and the Canary Islands<\/strong> as one of the Autonomous Regions of the Kingdom of Spain. As to the theme and title of the exhibition Olympic spirit unites the world, he emphasized in particular <strong>the need to promote non-violence, dialogue, solidarity, cooperation and peacekeeping<\/strong> through our actions.<\/p>\n<p>&nbsp;<\/p>\n<p>During the inauguration of the Consulate, a certificate of appreciation was presented to <strong>Fernando de Paz<\/strong> on behalf of the Embassy of Bosnia and Herzegovina, Tenerife citizen who during the war and in the post-war years of the Balkan country organized the reception and accommodation of more than 100 refugees from Bosnia and Herzegovina on this island. The event was attended by, among others, retired Brigadier General <strong>Emilio Abad Ripoll,<\/strong> who was commander of the Spanish troops in the peace mission in Bosnia and Herzegovina.<\/p>\n<p>&nbsp;<\/p>\n<p>The opening organized by the Embassy of Bosnia and Herzegovina at the Peace Orpheon Cultural Centre (a meeting place for amateur artists and musicians since 1915) also featured the performance of the <strong>Peace Orpheon quartet,<\/strong> whose music evokes the richness of the diversity of cultures and nations that inhabit the Canary Islands.<\/p>\n<p>&nbsp;<\/p>\n<p>&nbsp;<\/p>\n<figure id=\"attachment_95472\" aria-describedby=\"caption-attachment-95472\" style=\"width: 750px\" class=\"wp-caption alignnone\"><img decoding=\"async\" class=\"wp-image-95472 size-full\" src=\"https:\/\/thediplomatinspain.com\/wp-content\/uploads\/2024\/09\/Asistentes-al-acto-ok.jpg\" alt=\"\" width=\"750\" height=\"428\" srcset=\"https:\/\/thediplomatinspain.com\/wp-content\/uploads\/2024\/09\/Asistentes-al-acto-ok.jpg 750w, https:\/\/thediplomatinspain.com\/wp-content\/uploads\/2024\/09\/Asistentes-al-acto-ok-300x171.jpg 300w\" sizes=\"(max-width: 750px) 100vw, 750px\" \/><figcaption id=\"caption-attachment-95472\" class=\"wp-caption-text\">The opening of the Consulate was marked by the exhibition 12 Days of Peace, by artist Ismar Mujezinovi\u0107.<\/figcaption><\/figure>\n","protected":false},"excerpt":{"rendered":"<p>The Honorary Consulate of Bosnia and Herzegovina in the Canary Islands was inaugurated with the presence of Ambassador Vesna Andree Zaimovi\u0107.<\/p>\n","protected":false},"author":204,"featured_media":95471,"comment_status":"closed","ping_status":"open","sticky":false,"template":"","format":"standard","meta":{"jnews-multi-image_gallery":[],"jnews_single_post":{"subtitle":"","format":"standard","video":"","gallery":"","source_name":"","source_url":"","via_name":"","via_url":"","override_template":"0","override":[{"template":"2","single_blog_custom":"","parallax":"1","fullscreen":"1","layout":"right-sidebar","sidebar":"default-sidebar","second_sidebar":"default-sidebar","sticky_sidebar":"1","share_position":"top","share_float_style":"share-monocrhome","show_share_counter":"1","show_view_counter":"1","show_featured":"1","show_post_meta":"1","show_post_author":"1","show_post_author_image":"0","show_post_date":"1","post_date_format":"default","post_date_format_custom":"Y\/m\/d","show_post_category":"1","show_post_reading_time":"0","post_reading_time_wpm":"300","show_zoom_button":"0","zoom_button_out_step":"2","zoom_button_in_step":"3","show_post_tag":"1","show_prev_next_post":"0","show_popup_post":"1","number_popup_post":"1","show_author_box":"1","show_post_related":"0","show_inline_post_related":"0"}],"override_image_size":"0","image_override":[{"single_post_thumbnail_size":"crop-500","single_post_gallery_size":"crop-500"}],"trending_post":"0","trending_post_position":"meta","trending_post_label":"Trending","sponsored_post":"0","sponsored_post_label":"Sponsored by","sponsored_post_name":"","sponsored_post_url":"","sponsored_post_logo_enable":"0","sponsored_post_logo":"","sponsored_post_desc":"","disable_ad":"0"},"jnews_primary_category":{"id":"","hide":""},"jnews_social_meta":{"fb_title":"","fb_description":"","fb_image":"","twitter_title":"","twitter_description":"","twitter_image":""},"jnews_override_counter":{"override_view_counter":"0","view_counter_number":"0","override_share_counter":"0","share_counter_number":"0","override_like_counter":"0","like_counter_number":"0","override_dislike_counter":"0","dislike_counter_number":"0"},"jnews_post_split":{"enable_post_split":"0","post_split":[{"template":"1","tag":"h2","numbering":"asc","mode":"normal","first":"0","enable_toc":"0","toc_type":"normal"}]},"footnotes":""},"categories":[170,187],"tags":[],"class_list":["post-95475","post","type-post","status-publish","format-standard","has-post-thumbnail","hentry","category-embassies","category-in-brief"],"yoast_head":"<!-- This site is optimized with the Yoast SEO plugin v27.4 - https:\/\/yoast.com\/product\/yoast-seo-wordpress\/ -->\n<title>Consulate of Bosnia and Herzegovina in the Canary inaugurated<\/title>\n<meta name=\"description\" content=\"The Honorary Consulate of Bosnia and Herzegovina in the Canary Islands was inaugurated with the presence of Ambassador Vesna Andree Zaimovi\u0107.\" \/>\n<meta name=\"robots\" content=\"index, follow, max-snippet:-1, max-image-preview:large, max-video-preview:-1\" \/>\n<link rel=\"canonical\" href=\"https:\/\/thediplomatinspain.com\/en\/2024\/09\/30\/consulate-of-bosnia-and-herzegovina-in-the-canary-islands-inaugurated\/\" \/>\n<meta property=\"og:locale\" content=\"en_US\" \/>\n<meta property=\"og:type\" content=\"article\" \/>\n<meta property=\"og:title\" content=\"Consulate of Bosnia and Herzegovina in the Canary inaugurated\" \/>\n<meta property=\"og:description\" content=\"The Honorary Consulate of Bosnia and Herzegovina in the Canary Islands was inaugurated with the presence of Ambassador Vesna Andree Zaimovi\u0107.\" \/>\n<meta property=\"og:url\" content=\"https:\/\/thediplomatinspain.com\/en\/2024\/09\/30\/consulate-of-bosnia-and-herzegovina-in-the-canary-islands-inaugurated\/\" \/>\n<meta property=\"og:site_name\" content=\"thediplomatinspain.com\" \/>\n<meta property=\"article:publisher\" content=\"https:\/\/www.facebook.com\/thediplomatinspain\" \/>\n<meta property=\"article:published_time\" content=\"2024-09-30T04:02:34+00:00\" \/>\n<meta property=\"article:modified_time\" content=\"2024-09-30T06:58:38+00:00\" \/>\n<meta property=\"og:image\" content=\"https:\/\/thediplomatinspain.com\/wp-content\/uploads\/2024\/09\/Consul-y-embajadora-ok.jpg\" \/>\n\t<meta property=\"og:image:width\" content=\"750\" \/>\n\t<meta property=\"og:image:height\" content=\"429\" \/>\n\t<meta property=\"og:image:type\" content=\"image\/jpeg\" \/>\n<meta name=\"author\" content=\"Juan David Latorre\" \/>\n<meta name=\"twitter:card\" content=\"summary_large_image\" \/>\n<meta name=\"twitter:creator\" content=\"@diplomatinspain\" \/>\n<meta name=\"twitter:site\" content=\"@diplomatinspain\" \/>\n<meta name=\"twitter:label1\" content=\"Written by\" \/>\n\t<meta name=\"twitter:data1\" content=\"Juan David Latorre\" \/>\n\t<meta name=\"twitter:label2\" content=\"Est. reading time\" \/>\n\t<meta name=\"twitter:data2\" content=\"3 minutes\" \/>\n<script type=\"application\/ld+json\" class=\"yoast-schema-graph\">{\"@context\":\"https:\\\/\\\/schema.org\",\"@graph\":[{\"@type\":\"Article\",\"@id\":\"https:\\\/\\\/thediplomatinspain.com\\\/en\\\/2024\\\/09\\\/30\\\/consulate-of-bosnia-and-herzegovina-in-the-canary-islands-inaugurated\\\/#article\",\"isPartOf\":{\"@id\":\"https:\\\/\\\/thediplomatinspain.com\\\/en\\\/2024\\\/09\\\/30\\\/consulate-of-bosnia-and-herzegovina-in-the-canary-islands-inaugurated\\\/\"},\"author\":{\"name\":\"Juan David Latorre\",\"@id\":\"https:\\\/\\\/thediplomatinspain.com\\\/#\\\/schema\\\/person\\\/bc23729a451553cbb28c59ed696ced53\"},\"headline\":\"Consulate of Bosnia and Herzegovina in the Canary Islands inaugurated\",\"datePublished\":\"2024-09-30T04:02:34+00:00\",\"dateModified\":\"2024-09-30T06:58:38+00:00\",\"mainEntityOfPage\":{\"@id\":\"https:\\\/\\\/thediplomatinspain.com\\\/en\\\/2024\\\/09\\\/30\\\/consulate-of-bosnia-and-herzegovina-in-the-canary-islands-inaugurated\\\/\"},\"wordCount\":414,\"publisher\":{\"@id\":\"https:\\\/\\\/thediplomatinspain.com\\\/#organization\"},\"image\":{\"@id\":\"https:\\\/\\\/thediplomatinspain.com\\\/en\\\/2024\\\/09\\\/30\\\/consulate-of-bosnia-and-herzegovina-in-the-canary-islands-inaugurated\\\/#primaryimage\"},\"thumbnailUrl\":\"https:\\\/\\\/thediplomatinspain.com\\\/wp-content\\\/uploads\\\/2024\\\/09\\\/Consul-y-embajadora-ok.jpg\",\"articleSection\":[\"Embassies\",\"In brief\"],\"inLanguage\":\"en-US\"},{\"@type\":\"WebPage\",\"@id\":\"https:\\\/\\\/thediplomatinspain.com\\\/en\\\/2024\\\/09\\\/30\\\/consulate-of-bosnia-and-herzegovina-in-the-canary-islands-inaugurated\\\/\",\"url\":\"https:\\\/\\\/thediplomatinspain.com\\\/en\\\/2024\\\/09\\\/30\\\/consulate-of-bosnia-and-herzegovina-in-the-canary-islands-inaugurated\\\/\",\"name\":\"Consulate of Bosnia and Herzegovina in the Canary inaugurated\",\"isPartOf\":{\"@id\":\"https:\\\/\\\/thediplomatinspain.com\\\/#website\"},\"primaryImageOfPage\":{\"@id\":\"https:\\\/\\\/thediplomatinspain.com\\\/en\\\/2024\\\/09\\\/30\\\/consulate-of-bosnia-and-herzegovina-in-the-canary-islands-inaugurated\\\/#primaryimage\"},\"image\":{\"@id\":\"https:\\\/\\\/thediplomatinspain.com\\\/en\\\/2024\\\/09\\\/30\\\/consulate-of-bosnia-and-herzegovina-in-the-canary-islands-inaugurated\\\/#primaryimage\"},\"thumbnailUrl\":\"https:\\\/\\\/thediplomatinspain.com\\\/wp-content\\\/uploads\\\/2024\\\/09\\\/Consul-y-embajadora-ok.jpg\",\"datePublished\":\"2024-09-30T04:02:34+00:00\",\"dateModified\":\"2024-09-30T06:58:38+00:00\",\"description\":\"The Honorary Consulate of Bosnia and Herzegovina in the Canary Islands was inaugurated with the presence of Ambassador Vesna Andree Zaimovi\u0107.\",\"breadcrumb\":{\"@id\":\"https:\\\/\\\/thediplomatinspain.com\\\/en\\\/2024\\\/09\\\/30\\\/consulate-of-bosnia-and-herzegovina-in-the-canary-islands-inaugurated\\\/#breadcrumb\"},\"inLanguage\":\"en-US\",\"potentialAction\":[{\"@type\":\"ReadAction\",\"target\":[\"https:\\\/\\\/thediplomatinspain.com\\\/en\\\/2024\\\/09\\\/30\\\/consulate-of-bosnia-and-herzegovina-in-the-canary-islands-inaugurated\\\/\"]}]},{\"@type\":\"ImageObject\",\"inLanguage\":\"en-US\",\"@id\":\"https:\\\/\\\/thediplomatinspain.com\\\/en\\\/2024\\\/09\\\/30\\\/consulate-of-bosnia-and-herzegovina-in-the-canary-islands-inaugurated\\\/#primaryimage\",\"url\":\"https:\\\/\\\/thediplomatinspain.com\\\/wp-content\\\/uploads\\\/2024\\\/09\\\/Consul-y-embajadora-ok.jpg\",\"contentUrl\":\"https:\\\/\\\/thediplomatinspain.com\\\/wp-content\\\/uploads\\\/2024\\\/09\\\/Consul-y-embajadora-ok.jpg\",\"width\":750,\"height\":429,\"caption\":\"Ambassador Vesna Andree Zaimovi\u0107, and Consul \u00c1ngel Luis P\u00e9rez Quintero of Bosnia and Herzegovina at the opening of the Consulate in the Canary Islands. \\\/Photos: Embassy of Bosnia.\"},{\"@type\":\"BreadcrumbList\",\"@id\":\"https:\\\/\\\/thediplomatinspain.com\\\/en\\\/2024\\\/09\\\/30\\\/consulate-of-bosnia-and-herzegovina-in-the-canary-islands-inaugurated\\\/#breadcrumb\",\"itemListElement\":[{\"@type\":\"ListItem\",\"position\":1,\"name\":\"Portada\",\"item\":\"https:\\\/\\\/thediplomatinspain.com\\\/en\\\/\"},{\"@type\":\"ListItem\",\"position\":2,\"name\":\"Consulate of Bosnia and Herzegovina in the Canary Islands inaugurated\"}]},{\"@type\":\"WebSite\",\"@id\":\"https:\\\/\\\/thediplomatinspain.com\\\/#website\",\"url\":\"https:\\\/\\\/thediplomatinspain.com\\\/\",\"name\":\"thediplomatinspain.com\",\"description\":\"Diario digital de referencia para diplom\u00e1ticos y empresas\",\"publisher\":{\"@id\":\"https:\\\/\\\/thediplomatinspain.com\\\/#organization\"},\"potentialAction\":[{\"@type\":\"SearchAction\",\"target\":{\"@type\":\"EntryPoint\",\"urlTemplate\":\"https:\\\/\\\/thediplomatinspain.com\\\/?s={search_term_string}\"},\"query-input\":{\"@type\":\"PropertyValueSpecification\",\"valueRequired\":true,\"valueName\":\"search_term_string\"}}],\"inLanguage\":\"en-US\"},{\"@type\":\"Organization\",\"@id\":\"https:\\\/\\\/thediplomatinspain.com\\\/#organization\",\"name\":\"thediplomatinspain.com\",\"url\":\"https:\\\/\\\/thediplomatinspain.com\\\/\",\"logo\":{\"@type\":\"ImageObject\",\"inLanguage\":\"en-US\",\"@id\":\"https:\\\/\\\/thediplomatinspain.com\\\/#\\\/schema\\\/logo\\\/image\\\/\",\"url\":\"https:\\\/\\\/thediplomatinspain.com\\\/wp-content\\\/uploads\\\/2024\\\/06\\\/logo_the_diplomat.png\",\"contentUrl\":\"https:\\\/\\\/thediplomatinspain.com\\\/wp-content\\\/uploads\\\/2024\\\/06\\\/logo_the_diplomat.png\",\"width\":284,\"height\":77,\"caption\":\"thediplomatinspain.com\"},\"image\":{\"@id\":\"https:\\\/\\\/thediplomatinspain.com\\\/#\\\/schema\\\/logo\\\/image\\\/\"},\"sameAs\":[\"https:\\\/\\\/www.facebook.com\\\/thediplomatinspain\",\"https:\\\/\\\/x.com\\\/diplomatinspain\",\"https:\\\/\\\/www.youtube.com\\\/channel\\\/UCK0mRqeeZDKdFeiFQZLcH2A\"]},{\"@type\":\"Person\",\"@id\":\"https:\\\/\\\/thediplomatinspain.com\\\/#\\\/schema\\\/person\\\/bc23729a451553cbb28c59ed696ced53\",\"name\":\"Juan David Latorre\",\"image\":{\"@type\":\"ImageObject\",\"inLanguage\":\"en-US\",\"@id\":\"https:\\\/\\\/secure.gravatar.com\\\/avatar\\\/2d39dcb59d17733b9ee745ca1ab1eeff6f72ef14623e21bb10f63bfb965c847a?s=96&d=mm&r=g\",\"url\":\"https:\\\/\\\/secure.gravatar.com\\\/avatar\\\/2d39dcb59d17733b9ee745ca1ab1eeff6f72ef14623e21bb10f63bfb965c847a?s=96&d=mm&r=g\",\"contentUrl\":\"https:\\\/\\\/secure.gravatar.com\\\/avatar\\\/2d39dcb59d17733b9ee745ca1ab1eeff6f72ef14623e21bb10f63bfb965c847a?s=96&d=mm&r=g\",\"caption\":\"Juan David Latorre\"},\"url\":\"https:\\\/\\\/thediplomatinspain.com\\\/en\\\/author\\\/jdlatorre\\\/\"},{\"@type\":[\"Organization\",\"NewsMediaOrganization\"],\"@id\":\"https:\\\/\\\/thediplomatinspain.com\\\/en\\\/#organization\"},{\"@type\":\"SiteNavigationElement\",\"@id\":\"https:\\\/\\\/thediplomatinspain.com\\\/en\\\/#site-navigation\",\"cssSelector\":[\".cib-main-menu\"]},{\"@type\":\"WPHeader\",\"@id\":\"https:\\\/\\\/thediplomatinspain.com\\\/en\\\/#header\",\"cssSelector\":[\".cib-header\"]},{\"@type\":\"WPFooter\",\"@id\":\"https:\\\/\\\/thediplomatinspain.com\\\/en\\\/#footer\",\"cssSelector\":[\".cib-footer\"]}]}<\/script>\n<!-- \/ Yoast SEO plugin. -->","yoast_head_json":{"title":"Consulate of Bosnia and Herzegovina in the Canary inaugurated","description":"The Honorary Consulate of Bosnia and Herzegovina in the Canary Islands was inaugurated with the presence of Ambassador Vesna Andree Zaimovi\u0107.","robots":{"index":"index","follow":"follow","max-snippet":"max-snippet:-1","max-image-preview":"max-image-preview:large","max-video-preview":"max-video-preview:-1"},"canonical":"https:\/\/thediplomatinspain.com\/en\/2024\/09\/30\/consulate-of-bosnia-and-herzegovina-in-the-canary-islands-inaugurated\/","og_locale":"en_US","og_type":"article","og_title":"Consulate of Bosnia and Herzegovina in the Canary inaugurated","og_description":"The Honorary Consulate of Bosnia and Herzegovina in the Canary Islands was inaugurated with the presence of Ambassador Vesna Andree Zaimovi\u0107.","og_url":"https:\/\/thediplomatinspain.com\/en\/2024\/09\/30\/consulate-of-bosnia-and-herzegovina-in-the-canary-islands-inaugurated\/","og_site_name":"thediplomatinspain.com","article_publisher":"https:\/\/www.facebook.com\/thediplomatinspain","article_published_time":"2024-09-30T04:02:34+00:00","article_modified_time":"2024-09-30T06:58:38+00:00","og_image":[{"width":750,"height":429,"url":"https:\/\/thediplomatinspain.com\/wp-content\/uploads\/2024\/09\/Consul-y-embajadora-ok.jpg","type":"image\/jpeg"}],"author":"Juan David Latorre","twitter_card":"summary_large_image","twitter_creator":"@diplomatinspain","twitter_site":"@diplomatinspain","twitter_misc":{"Written by":"Juan David Latorre","Est. reading time":"3 minutes"},"schema":{"@context":"https:\/\/schema.org","@graph":[{"@type":"Article","@id":"https:\/\/thediplomatinspain.com\/en\/2024\/09\/30\/consulate-of-bosnia-and-herzegovina-in-the-canary-islands-inaugurated\/#article","isPartOf":{"@id":"https:\/\/thediplomatinspain.com\/en\/2024\/09\/30\/consulate-of-bosnia-and-herzegovina-in-the-canary-islands-inaugurated\/"},"author":{"name":"Juan David Latorre","@id":"https:\/\/thediplomatinspain.com\/#\/schema\/person\/bc23729a451553cbb28c59ed696ced53"},"headline":"Consulate of Bosnia and Herzegovina in the Canary Islands inaugurated","datePublished":"2024-09-30T04:02:34+00:00","dateModified":"2024-09-30T06:58:38+00:00","mainEntityOfPage":{"@id":"https:\/\/thediplomatinspain.com\/en\/2024\/09\/30\/consulate-of-bosnia-and-herzegovina-in-the-canary-islands-inaugurated\/"},"wordCount":414,"publisher":{"@id":"https:\/\/thediplomatinspain.com\/#organization"},"image":{"@id":"https:\/\/thediplomatinspain.com\/en\/2024\/09\/30\/consulate-of-bosnia-and-herzegovina-in-the-canary-islands-inaugurated\/#primaryimage"},"thumbnailUrl":"https:\/\/thediplomatinspain.com\/wp-content\/uploads\/2024\/09\/Consul-y-embajadora-ok.jpg","articleSection":["Embassies","In brief"],"inLanguage":"en-US"},{"@type":"WebPage","@id":"https:\/\/thediplomatinspain.com\/en\/2024\/09\/30\/consulate-of-bosnia-and-herzegovina-in-the-canary-islands-inaugurated\/","url":"https:\/\/thediplomatinspain.com\/en\/2024\/09\/30\/consulate-of-bosnia-and-herzegovina-in-the-canary-islands-inaugurated\/","name":"Consulate of Bosnia and Herzegovina in the Canary inaugurated","isPartOf":{"@id":"https:\/\/thediplomatinspain.com\/#website"},"primaryImageOfPage":{"@id":"https:\/\/thediplomatinspain.com\/en\/2024\/09\/30\/consulate-of-bosnia-and-herzegovina-in-the-canary-islands-inaugurated\/#primaryimage"},"image":{"@id":"https:\/\/thediplomatinspain.com\/en\/2024\/09\/30\/consulate-of-bosnia-and-herzegovina-in-the-canary-islands-inaugurated\/#primaryimage"},"thumbnailUrl":"https:\/\/thediplomatinspain.com\/wp-content\/uploads\/2024\/09\/Consul-y-embajadora-ok.jpg","datePublished":"2024-09-30T04:02:34+00:00","dateModified":"2024-09-30T06:58:38+00:00","description":"The Honorary Consulate of Bosnia and Herzegovina in the Canary Islands was inaugurated with the presence of Ambassador Vesna Andree Zaimovi\u0107.","breadcrumb":{"@id":"https:\/\/thediplomatinspain.com\/en\/2024\/09\/30\/consulate-of-bosnia-and-herzegovina-in-the-canary-islands-inaugurated\/#breadcrumb"},"inLanguage":"en-US","potentialAction":[{"@type":"ReadAction","target":["https:\/\/thediplomatinspain.com\/en\/2024\/09\/30\/consulate-of-bosnia-and-herzegovina-in-the-canary-islands-inaugurated\/"]}]},{"@type":"ImageObject","inLanguage":"en-US","@id":"https:\/\/thediplomatinspain.com\/en\/2024\/09\/30\/consulate-of-bosnia-and-herzegovina-in-the-canary-islands-inaugurated\/#primaryimage","url":"https:\/\/thediplomatinspain.com\/wp-content\/uploads\/2024\/09\/Consul-y-embajadora-ok.jpg","contentUrl":"https:\/\/thediplomatinspain.com\/wp-content\/uploads\/2024\/09\/Consul-y-embajadora-ok.jpg","width":750,"height":429,"caption":"Ambassador Vesna Andree Zaimovi\u0107, and Consul \u00c1ngel Luis P\u00e9rez Quintero of Bosnia and Herzegovina at the opening of the Consulate in the Canary Islands. \/Photos: Embassy of Bosnia."},{"@type":"BreadcrumbList","@id":"https:\/\/thediplomatinspain.com\/en\/2024\/09\/30\/consulate-of-bosnia-and-herzegovina-in-the-canary-islands-inaugurated\/#breadcrumb","itemListElement":[{"@type":"ListItem","position":1,"name":"Portada","item":"https:\/\/thediplomatinspain.com\/en\/"},{"@type":"ListItem","position":2,"name":"Consulate of Bosnia and Herzegovina in the Canary Islands inaugurated"}]},{"@type":"WebSite","@id":"https:\/\/thediplomatinspain.com\/#website","url":"https:\/\/thediplomatinspain.com\/","name":"thediplomatinspain.com","description":"Diario digital de referencia para diplom\u00e1ticos y empresas","publisher":{"@id":"https:\/\/thediplomatinspain.com\/#organization"},"potentialAction":[{"@type":"SearchAction","target":{"@type":"EntryPoint","urlTemplate":"https:\/\/thediplomatinspain.com\/?s={search_term_string}"},"query-input":{"@type":"PropertyValueSpecification","valueRequired":true,"valueName":"search_term_string"}}],"inLanguage":"en-US"},{"@type":"Organization","@id":"https:\/\/thediplomatinspain.com\/#organization","name":"thediplomatinspain.com","url":"https:\/\/thediplomatinspain.com\/","logo":{"@type":"ImageObject","inLanguage":"en-US","@id":"https:\/\/thediplomatinspain.com\/#\/schema\/logo\/image\/","url":"https:\/\/thediplomatinspain.com\/wp-content\/uploads\/2024\/06\/logo_the_diplomat.png","contentUrl":"https:\/\/thediplomatinspain.com\/wp-content\/uploads\/2024\/06\/logo_the_diplomat.png","width":284,"height":77,"caption":"thediplomatinspain.com"},"image":{"@id":"https:\/\/thediplomatinspain.com\/#\/schema\/logo\/image\/"},"sameAs":["https:\/\/www.facebook.com\/thediplomatinspain","https:\/\/x.com\/diplomatinspain","https:\/\/www.youtube.com\/channel\/UCK0mRqeeZDKdFeiFQZLcH2A"]},{"@type":"Person","@id":"https:\/\/thediplomatinspain.com\/#\/schema\/person\/bc23729a451553cbb28c59ed696ced53","name":"Juan David Latorre","image":{"@type":"ImageObject","inLanguage":"en-US","@id":"https:\/\/secure.gravatar.com\/avatar\/2d39dcb59d17733b9ee745ca1ab1eeff6f72ef14623e21bb10f63bfb965c847a?s=96&d=mm&r=g","url":"https:\/\/secure.gravatar.com\/avatar\/2d39dcb59d17733b9ee745ca1ab1eeff6f72ef14623e21bb10f63bfb965c847a?s=96&d=mm&r=g","contentUrl":"https:\/\/secure.gravatar.com\/avatar\/2d39dcb59d17733b9ee745ca1ab1eeff6f72ef14623e21bb10f63bfb965c847a?s=96&d=mm&r=g","caption":"Juan David Latorre"},"url":"https:\/\/thediplomatinspain.com\/en\/author\/jdlatorre\/"},{"@type":["Organization","NewsMediaOrganization"],"@id":"https:\/\/thediplomatinspain.com\/en\/#organization"},{"@type":"SiteNavigationElement","@id":"https:\/\/thediplomatinspain.com\/en\/#site-navigation","cssSelector":[".cib-main-menu"]},{"@type":"WPHeader","@id":"https:\/\/thediplomatinspain.com\/en\/#header","cssSelector":[".cib-header"]},{"@type":"WPFooter","@id":"https:\/\/thediplomatinspain.com\/en\/#footer","cssSelector":[".cib-footer"]}]}},"amp_enabled":true,"_links":{"self":[{"href":"https:\/\/thediplomatinspain.com\/en\/wp-json\/wp\/v2\/posts\/95475","targetHints":{"allow":["GET"]}}],"collection":[{"href":"https:\/\/thediplomatinspain.com\/en\/wp-json\/wp\/v2\/posts"}],"about":[{"href":"https:\/\/thediplomatinspain.com\/en\/wp-json\/wp\/v2\/types\/post"}],"author":[{"embeddable":true,"href":"https:\/\/thediplomatinspain.com\/en\/wp-json\/wp\/v2\/users\/204"}],"replies":[{"embeddable":true,"href":"https:\/\/thediplomatinspain.com\/en\/wp-json\/wp\/v2\/comments?post=95475"}],"version-history":[{"count":0,"href":"https:\/\/thediplomatinspain.com\/en\/wp-json\/wp\/v2\/posts\/95475\/revisions"}],"wp:featuredmedia":[{"embeddable":true,"href":"https:\/\/thediplomatinspain.com\/en\/wp-json\/wp\/v2\/media\/95471"}],"wp:attachment":[{"href":"https:\/\/thediplomatinspain.com\/en\/wp-json\/wp\/v2\/media?parent=95475"}],"wp:term":[{"taxonomy":"category","embeddable":true,"href":"https:\/\/thediplomatinspain.com\/en\/wp-json\/wp\/v2\/categories?post=95475"},{"taxonomy":"post_tag","embeddable":true,"href":"https:\/\/thediplomatinspain.com\/en\/wp-json\/wp\/v2\/tags?post=95475"}],"curies":[{"name":"wp","href":"https:\/\/api.w.org\/{rel}","templated":true}]}}