{"id":94426,"date":"2024-09-20T06:00:21","date_gmt":"2024-09-20T04:00:21","guid":{"rendered":"https:\/\/thediplomatinspain.com\/?p=94426"},"modified":"2024-09-19T11:17:21","modified_gmt":"2024-09-19T09:17:21","slug":"velada-musical-y-tertulia-el-pasillo-vivo-en-la-identidad-ecuatoriana","status":"publish","type":"post","link":"https:\/\/thediplomatinspain.com\/en\/2024\/09\/20\/velada-musical-y-tertulia-el-pasillo-vivo-en-la-identidad-ecuatoriana\/","title":{"rendered":"Musical evening and meeting &#8216;El Pasillo, vivo en la identidad ecuatoriana&#8217;"},"content":{"rendered":"<p>On the <strong>World Day of the Pasillo,<\/strong> Intangible Heritage of Humanity, the <strong>Embassy of Ecuador<\/strong> invites to the musical evening and social <strong><em>El Pasillo, vivo en la identidad ecuatoriana (El Pasillo, live in the Ecuadorian identity), <\/em><\/strong>next Thursday, September 26 at the <strong>Fundaci\u00f3n Ortega Mara\u00f1\u00f3n<\/strong> (calle Fortuny 53) from 17.30 to 20.30 hours.<\/p>\n<p>&nbsp;<\/p>\n<p>The renowned musicians will be <strong>Carlos Grijalva, Fernanda Guevara, Las Lolas, Christian Mej\u00eda, La Grupa, Dar\u00edo Castro <\/strong>and<strong> Verde 70.<\/strong> Please confirm attendance at <a href=\"mailto:cultural.espana@cancilleria.gob.ec\">cultural.espana@cancilleria.gob.ec<\/a>.<\/p>\n<p>&nbsp;<\/p>\n<p>The Corridor is the quintessential Ecuadorian national musical genre and is sung in all regions and social strata. It is the most popular national music and forms part of the national identity. It is the national reference, it is the seed that gives origin to the sentimental manifestations of the coastal cholo, the montubio and also the city.<\/p>\n<p>&nbsp;<\/p>\n<p>The corridor represents belonging, as it would be one of the characteristics that define the identity as Ecuadorians and distinguishes them from others. It also has certain characteristics acquired gradually in Ecuador, which distinguishes it from other varieties of corridor that are expressed in Colombia or Venezuela. In addition, the Hall is an essential part of the so-called &#8220;national music&#8221;.<\/p>\n<p>&nbsp;<\/p>\n","protected":false},"excerpt":{"rendered":"<p>On the World Day of the Pasillo, the Embassy of Ecuador invites to the musical evening and El Pasillo, live in the Ecuadorian identity.<\/p>\n","protected":false},"author":204,"featured_media":94424,"comment_status":"closed","ping_status":"open","sticky":false,"template":"","format":"standard","meta":{"jnews-multi-image_gallery":[],"jnews_single_post":{"subtitle":"","format":"standard","video":"","gallery":"","source_name":"","source_url":"","via_name":"","via_url":"","override_template":"0","override":[{"template":"2","single_blog_custom":"","parallax":"1","fullscreen":"1","layout":"right-sidebar","sidebar":"default-sidebar","second_sidebar":"default-sidebar","sticky_sidebar":"1","share_position":"top","share_float_style":"share-monocrhome","show_share_counter":"1","show_view_counter":"1","show_featured":"1","show_post_meta":"1","show_post_author":"1","show_post_author_image":"0","show_post_date":"1","post_date_format":"default","post_date_format_custom":"Y\/m\/d","show_post_category":"1","show_post_reading_time":"0","post_reading_time_wpm":"300","show_zoom_button":"0","zoom_button_out_step":"2","zoom_button_in_step":"3","show_post_tag":"1","show_prev_next_post":"0","show_popup_post":"1","number_popup_post":"1","show_author_box":"1","show_post_related":"0","show_inline_post_related":"0"}],"override_image_size":"0","image_override":[{"single_post_thumbnail_size":"crop-500","single_post_gallery_size":"crop-500"}],"trending_post":"0","trending_post_position":"meta","trending_post_label":"Trending","sponsored_post":"0","sponsored_post_label":"Sponsored by","sponsored_post_name":"","sponsored_post_url":"","sponsored_post_logo_enable":"0","sponsored_post_logo":"","sponsored_post_desc":"","disable_ad":"0"},"jnews_primary_category":{"id":"","hide":""},"jnews_social_meta":[],"jnews_override_counter":[],"jnews_post_split":[],"footnotes":""},"categories":[178,176],"tags":[],"class_list":["post-94426","post","type-post","status-publish","format-standard","has-post-thumbnail","hentry","category-culture-art","category-leisure"],"yoast_head":"<!-- This site is optimized with the Yoast SEO plugin v27.5 - https:\/\/yoast.com\/product\/yoast-seo-wordpress\/ -->\n<title>Musical evening &#039;El Pasillo, vivo en la identidad ecuatoriana&#039;<\/title>\n<meta name=\"description\" content=\"On the World Day of the Pasillo, the Embassy of Ecuador invites to the musical evening and El Pasillo, live in the Ecuadorian identity.\" \/>\n<meta name=\"robots\" content=\"index, follow, max-snippet:-1, max-image-preview:large, max-video-preview:-1\" \/>\n<link rel=\"canonical\" href=\"https:\/\/thediplomatinspain.com\/en\/2024\/09\/20\/velada-musical-y-tertulia-el-pasillo-vivo-en-la-identidad-ecuatoriana\/\" \/>\n<meta property=\"og:locale\" content=\"en_US\" \/>\n<meta property=\"og:type\" content=\"article\" \/>\n<meta property=\"og:title\" content=\"Musical evening &#039;El Pasillo, vivo en la identidad ecuatoriana&#039;\" \/>\n<meta property=\"og:description\" content=\"On the World Day of the Pasillo, the Embassy of Ecuador invites to the musical evening and El Pasillo, live in the Ecuadorian identity.\" \/>\n<meta property=\"og:url\" content=\"https:\/\/thediplomatinspain.com\/en\/2024\/09\/20\/velada-musical-y-tertulia-el-pasillo-vivo-en-la-identidad-ecuatoriana\/\" \/>\n<meta property=\"og:site_name\" content=\"thediplomatinspain.com\" \/>\n<meta property=\"article:publisher\" content=\"https:\/\/www.facebook.com\/thediplomatinspain\" \/>\n<meta property=\"article:published_time\" content=\"2024-09-20T04:00:21+00:00\" \/>\n<meta property=\"og:image\" content=\"https:\/\/thediplomatinspain.com\/wp-content\/uploads\/2024\/09\/El-Pasillo-ok.jpg\" \/>\n\t<meta property=\"og:image:width\" content=\"750\" \/>\n\t<meta property=\"og:image:height\" content=\"428\" \/>\n\t<meta property=\"og:image:type\" content=\"image\/jpeg\" \/>\n<meta name=\"author\" content=\"Juan David Latorre\" \/>\n<meta name=\"twitter:card\" content=\"summary_large_image\" \/>\n<meta name=\"twitter:creator\" content=\"@diplomatinspain\" \/>\n<meta name=\"twitter:site\" content=\"@diplomatinspain\" \/>\n<meta name=\"twitter:label1\" content=\"Written by\" \/>\n\t<meta name=\"twitter:data1\" content=\"Juan David Latorre\" \/>\n\t<meta name=\"twitter:label2\" content=\"Est. reading time\" \/>\n\t<meta name=\"twitter:data2\" content=\"2 minutes\" \/>\n<script type=\"application\/ld+json\" class=\"yoast-schema-graph\">{\"@context\":\"https:\\\/\\\/schema.org\",\"@graph\":[{\"@type\":\"Article\",\"@id\":\"https:\\\/\\\/thediplomatinspain.com\\\/en\\\/2024\\\/09\\\/20\\\/velada-musical-y-tertulia-el-pasillo-vivo-en-la-identidad-ecuatoriana\\\/#article\",\"isPartOf\":{\"@id\":\"https:\\\/\\\/thediplomatinspain.com\\\/en\\\/2024\\\/09\\\/20\\\/velada-musical-y-tertulia-el-pasillo-vivo-en-la-identidad-ecuatoriana\\\/\"},\"author\":{\"name\":\"Juan David Latorre\",\"@id\":\"https:\\\/\\\/thediplomatinspain.com\\\/#\\\/schema\\\/person\\\/bc23729a451553cbb28c59ed696ced53\"},\"headline\":\"Musical evening and meeting &#8216;El Pasillo, vivo en la identidad ecuatoriana&#8217;\",\"datePublished\":\"2024-09-20T04:00:21+00:00\",\"mainEntityOfPage\":{\"@id\":\"https:\\\/\\\/thediplomatinspain.com\\\/en\\\/2024\\\/09\\\/20\\\/velada-musical-y-tertulia-el-pasillo-vivo-en-la-identidad-ecuatoriana\\\/\"},\"wordCount\":214,\"publisher\":{\"@id\":\"https:\\\/\\\/thediplomatinspain.com\\\/#organization\"},\"image\":{\"@id\":\"https:\\\/\\\/thediplomatinspain.com\\\/en\\\/2024\\\/09\\\/20\\\/velada-musical-y-tertulia-el-pasillo-vivo-en-la-identidad-ecuatoriana\\\/#primaryimage\"},\"thumbnailUrl\":\"https:\\\/\\\/thediplomatinspain.com\\\/wp-content\\\/uploads\\\/2024\\\/09\\\/El-Pasillo-ok.jpg\",\"articleSection\":[\"Culture &amp; Art\",\"Leisure\"],\"inLanguage\":\"en-US\"},{\"@type\":\"WebPage\",\"@id\":\"https:\\\/\\\/thediplomatinspain.com\\\/en\\\/2024\\\/09\\\/20\\\/velada-musical-y-tertulia-el-pasillo-vivo-en-la-identidad-ecuatoriana\\\/\",\"url\":\"https:\\\/\\\/thediplomatinspain.com\\\/en\\\/2024\\\/09\\\/20\\\/velada-musical-y-tertulia-el-pasillo-vivo-en-la-identidad-ecuatoriana\\\/\",\"name\":\"Musical evening 'El Pasillo, vivo en la identidad ecuatoriana'\",\"isPartOf\":{\"@id\":\"https:\\\/\\\/thediplomatinspain.com\\\/#website\"},\"primaryImageOfPage\":{\"@id\":\"https:\\\/\\\/thediplomatinspain.com\\\/en\\\/2024\\\/09\\\/20\\\/velada-musical-y-tertulia-el-pasillo-vivo-en-la-identidad-ecuatoriana\\\/#primaryimage\"},\"image\":{\"@id\":\"https:\\\/\\\/thediplomatinspain.com\\\/en\\\/2024\\\/09\\\/20\\\/velada-musical-y-tertulia-el-pasillo-vivo-en-la-identidad-ecuatoriana\\\/#primaryimage\"},\"thumbnailUrl\":\"https:\\\/\\\/thediplomatinspain.com\\\/wp-content\\\/uploads\\\/2024\\\/09\\\/El-Pasillo-ok.jpg\",\"datePublished\":\"2024-09-20T04:00:21+00:00\",\"description\":\"On the World Day of the Pasillo, the Embassy of Ecuador invites to the musical evening and El Pasillo, live in the Ecuadorian identity.\",\"breadcrumb\":{\"@id\":\"https:\\\/\\\/thediplomatinspain.com\\\/en\\\/2024\\\/09\\\/20\\\/velada-musical-y-tertulia-el-pasillo-vivo-en-la-identidad-ecuatoriana\\\/#breadcrumb\"},\"inLanguage\":\"en-US\",\"potentialAction\":[{\"@type\":\"ReadAction\",\"target\":[\"https:\\\/\\\/thediplomatinspain.com\\\/en\\\/2024\\\/09\\\/20\\\/velada-musical-y-tertulia-el-pasillo-vivo-en-la-identidad-ecuatoriana\\\/\"]}]},{\"@type\":\"ImageObject\",\"inLanguage\":\"en-US\",\"@id\":\"https:\\\/\\\/thediplomatinspain.com\\\/en\\\/2024\\\/09\\\/20\\\/velada-musical-y-tertulia-el-pasillo-vivo-en-la-identidad-ecuatoriana\\\/#primaryimage\",\"url\":\"https:\\\/\\\/thediplomatinspain.com\\\/wp-content\\\/uploads\\\/2024\\\/09\\\/El-Pasillo-ok.jpg\",\"contentUrl\":\"https:\\\/\\\/thediplomatinspain.com\\\/wp-content\\\/uploads\\\/2024\\\/09\\\/El-Pasillo-ok.jpg\",\"width\":750,\"height\":428},{\"@type\":\"BreadcrumbList\",\"@id\":\"https:\\\/\\\/thediplomatinspain.com\\\/en\\\/2024\\\/09\\\/20\\\/velada-musical-y-tertulia-el-pasillo-vivo-en-la-identidad-ecuatoriana\\\/#breadcrumb\",\"itemListElement\":[{\"@type\":\"ListItem\",\"position\":1,\"name\":\"Portada\",\"item\":\"https:\\\/\\\/thediplomatinspain.com\\\/en\\\/\"},{\"@type\":\"ListItem\",\"position\":2,\"name\":\"Musical evening and meeting &#8216;El Pasillo, vivo en la identidad ecuatoriana&#8217;\"}]},{\"@type\":\"WebSite\",\"@id\":\"https:\\\/\\\/thediplomatinspain.com\\\/#website\",\"url\":\"https:\\\/\\\/thediplomatinspain.com\\\/\",\"name\":\"thediplomatinspain.com\",\"description\":\"Diario digital de referencia para diplom\u00e1ticos y empresas\",\"publisher\":{\"@id\":\"https:\\\/\\\/thediplomatinspain.com\\\/#organization\"},\"potentialAction\":[{\"@type\":\"SearchAction\",\"target\":{\"@type\":\"EntryPoint\",\"urlTemplate\":\"https:\\\/\\\/thediplomatinspain.com\\\/?s={search_term_string}\"},\"query-input\":{\"@type\":\"PropertyValueSpecification\",\"valueRequired\":true,\"valueName\":\"search_term_string\"}}],\"inLanguage\":\"en-US\"},{\"@type\":\"Organization\",\"@id\":\"https:\\\/\\\/thediplomatinspain.com\\\/#organization\",\"name\":\"thediplomatinspain.com\",\"url\":\"https:\\\/\\\/thediplomatinspain.com\\\/\",\"logo\":{\"@type\":\"ImageObject\",\"inLanguage\":\"en-US\",\"@id\":\"https:\\\/\\\/thediplomatinspain.com\\\/#\\\/schema\\\/logo\\\/image\\\/\",\"url\":\"https:\\\/\\\/thediplomatinspain.com\\\/wp-content\\\/uploads\\\/2024\\\/06\\\/logo_the_diplomat.png\",\"contentUrl\":\"https:\\\/\\\/thediplomatinspain.com\\\/wp-content\\\/uploads\\\/2024\\\/06\\\/logo_the_diplomat.png\",\"width\":284,\"height\":77,\"caption\":\"thediplomatinspain.com\"},\"image\":{\"@id\":\"https:\\\/\\\/thediplomatinspain.com\\\/#\\\/schema\\\/logo\\\/image\\\/\"},\"sameAs\":[\"https:\\\/\\\/www.facebook.com\\\/thediplomatinspain\",\"https:\\\/\\\/x.com\\\/diplomatinspain\",\"https:\\\/\\\/www.youtube.com\\\/channel\\\/UCK0mRqeeZDKdFeiFQZLcH2A\"]},{\"@type\":\"Person\",\"@id\":\"https:\\\/\\\/thediplomatinspain.com\\\/#\\\/schema\\\/person\\\/bc23729a451553cbb28c59ed696ced53\",\"name\":\"Juan David Latorre\",\"image\":{\"@type\":\"ImageObject\",\"inLanguage\":\"en-US\",\"@id\":\"https:\\\/\\\/secure.gravatar.com\\\/avatar\\\/2d39dcb59d17733b9ee745ca1ab1eeff6f72ef14623e21bb10f63bfb965c847a?s=96&d=mm&r=g\",\"url\":\"https:\\\/\\\/secure.gravatar.com\\\/avatar\\\/2d39dcb59d17733b9ee745ca1ab1eeff6f72ef14623e21bb10f63bfb965c847a?s=96&d=mm&r=g\",\"contentUrl\":\"https:\\\/\\\/secure.gravatar.com\\\/avatar\\\/2d39dcb59d17733b9ee745ca1ab1eeff6f72ef14623e21bb10f63bfb965c847a?s=96&d=mm&r=g\",\"caption\":\"Juan David Latorre\"},\"url\":\"https:\\\/\\\/thediplomatinspain.com\\\/en\\\/author\\\/jdlatorre\\\/\"},{\"@type\":[\"Organization\",\"NewsMediaOrganization\"],\"@id\":\"https:\\\/\\\/thediplomatinspain.com\\\/en\\\/#organization\"},{\"@type\":\"SiteNavigationElement\",\"@id\":\"https:\\\/\\\/thediplomatinspain.com\\\/en\\\/#site-navigation\",\"cssSelector\":[\".cib-main-menu\"]},{\"@type\":\"WPHeader\",\"@id\":\"https:\\\/\\\/thediplomatinspain.com\\\/en\\\/#header\",\"cssSelector\":[\".cib-header\"]},{\"@type\":\"WPFooter\",\"@id\":\"https:\\\/\\\/thediplomatinspain.com\\\/en\\\/#footer\",\"cssSelector\":[\".cib-footer\"]}]}<\/script>\n<!-- \/ Yoast SEO plugin. -->","yoast_head_json":{"title":"Musical evening 'El Pasillo, vivo en la identidad ecuatoriana'","description":"On the World Day of the Pasillo, the Embassy of Ecuador invites to the musical evening and El Pasillo, live in the Ecuadorian identity.","robots":{"index":"index","follow":"follow","max-snippet":"max-snippet:-1","max-image-preview":"max-image-preview:large","max-video-preview":"max-video-preview:-1"},"canonical":"https:\/\/thediplomatinspain.com\/en\/2024\/09\/20\/velada-musical-y-tertulia-el-pasillo-vivo-en-la-identidad-ecuatoriana\/","og_locale":"en_US","og_type":"article","og_title":"Musical evening 'El Pasillo, vivo en la identidad ecuatoriana'","og_description":"On the World Day of the Pasillo, the Embassy of Ecuador invites to the musical evening and El Pasillo, live in the Ecuadorian identity.","og_url":"https:\/\/thediplomatinspain.com\/en\/2024\/09\/20\/velada-musical-y-tertulia-el-pasillo-vivo-en-la-identidad-ecuatoriana\/","og_site_name":"thediplomatinspain.com","article_publisher":"https:\/\/www.facebook.com\/thediplomatinspain","article_published_time":"2024-09-20T04:00:21+00:00","og_image":[{"width":750,"height":428,"url":"https:\/\/thediplomatinspain.com\/wp-content\/uploads\/2024\/09\/El-Pasillo-ok.jpg","type":"image\/jpeg"}],"author":"Juan David Latorre","twitter_card":"summary_large_image","twitter_creator":"@diplomatinspain","twitter_site":"@diplomatinspain","twitter_misc":{"Written by":"Juan David Latorre","Est. reading time":"2 minutes"},"schema":{"@context":"https:\/\/schema.org","@graph":[{"@type":"Article","@id":"https:\/\/thediplomatinspain.com\/en\/2024\/09\/20\/velada-musical-y-tertulia-el-pasillo-vivo-en-la-identidad-ecuatoriana\/#article","isPartOf":{"@id":"https:\/\/thediplomatinspain.com\/en\/2024\/09\/20\/velada-musical-y-tertulia-el-pasillo-vivo-en-la-identidad-ecuatoriana\/"},"author":{"name":"Juan David Latorre","@id":"https:\/\/thediplomatinspain.com\/#\/schema\/person\/bc23729a451553cbb28c59ed696ced53"},"headline":"Musical evening and meeting &#8216;El Pasillo, vivo en la identidad ecuatoriana&#8217;","datePublished":"2024-09-20T04:00:21+00:00","mainEntityOfPage":{"@id":"https:\/\/thediplomatinspain.com\/en\/2024\/09\/20\/velada-musical-y-tertulia-el-pasillo-vivo-en-la-identidad-ecuatoriana\/"},"wordCount":214,"publisher":{"@id":"https:\/\/thediplomatinspain.com\/#organization"},"image":{"@id":"https:\/\/thediplomatinspain.com\/en\/2024\/09\/20\/velada-musical-y-tertulia-el-pasillo-vivo-en-la-identidad-ecuatoriana\/#primaryimage"},"thumbnailUrl":"https:\/\/thediplomatinspain.com\/wp-content\/uploads\/2024\/09\/El-Pasillo-ok.jpg","articleSection":["Culture &amp; Art","Leisure"],"inLanguage":"en-US"},{"@type":"WebPage","@id":"https:\/\/thediplomatinspain.com\/en\/2024\/09\/20\/velada-musical-y-tertulia-el-pasillo-vivo-en-la-identidad-ecuatoriana\/","url":"https:\/\/thediplomatinspain.com\/en\/2024\/09\/20\/velada-musical-y-tertulia-el-pasillo-vivo-en-la-identidad-ecuatoriana\/","name":"Musical evening 'El Pasillo, vivo en la identidad ecuatoriana'","isPartOf":{"@id":"https:\/\/thediplomatinspain.com\/#website"},"primaryImageOfPage":{"@id":"https:\/\/thediplomatinspain.com\/en\/2024\/09\/20\/velada-musical-y-tertulia-el-pasillo-vivo-en-la-identidad-ecuatoriana\/#primaryimage"},"image":{"@id":"https:\/\/thediplomatinspain.com\/en\/2024\/09\/20\/velada-musical-y-tertulia-el-pasillo-vivo-en-la-identidad-ecuatoriana\/#primaryimage"},"thumbnailUrl":"https:\/\/thediplomatinspain.com\/wp-content\/uploads\/2024\/09\/El-Pasillo-ok.jpg","datePublished":"2024-09-20T04:00:21+00:00","description":"On the World Day of the Pasillo, the Embassy of Ecuador invites to the musical evening and El Pasillo, live in the Ecuadorian identity.","breadcrumb":{"@id":"https:\/\/thediplomatinspain.com\/en\/2024\/09\/20\/velada-musical-y-tertulia-el-pasillo-vivo-en-la-identidad-ecuatoriana\/#breadcrumb"},"inLanguage":"en-US","potentialAction":[{"@type":"ReadAction","target":["https:\/\/thediplomatinspain.com\/en\/2024\/09\/20\/velada-musical-y-tertulia-el-pasillo-vivo-en-la-identidad-ecuatoriana\/"]}]},{"@type":"ImageObject","inLanguage":"en-US","@id":"https:\/\/thediplomatinspain.com\/en\/2024\/09\/20\/velada-musical-y-tertulia-el-pasillo-vivo-en-la-identidad-ecuatoriana\/#primaryimage","url":"https:\/\/thediplomatinspain.com\/wp-content\/uploads\/2024\/09\/El-Pasillo-ok.jpg","contentUrl":"https:\/\/thediplomatinspain.com\/wp-content\/uploads\/2024\/09\/El-Pasillo-ok.jpg","width":750,"height":428},{"@type":"BreadcrumbList","@id":"https:\/\/thediplomatinspain.com\/en\/2024\/09\/20\/velada-musical-y-tertulia-el-pasillo-vivo-en-la-identidad-ecuatoriana\/#breadcrumb","itemListElement":[{"@type":"ListItem","position":1,"name":"Portada","item":"https:\/\/thediplomatinspain.com\/en\/"},{"@type":"ListItem","position":2,"name":"Musical evening and meeting &#8216;El Pasillo, vivo en la identidad ecuatoriana&#8217;"}]},{"@type":"WebSite","@id":"https:\/\/thediplomatinspain.com\/#website","url":"https:\/\/thediplomatinspain.com\/","name":"thediplomatinspain.com","description":"Diario digital de referencia para diplom\u00e1ticos y empresas","publisher":{"@id":"https:\/\/thediplomatinspain.com\/#organization"},"potentialAction":[{"@type":"SearchAction","target":{"@type":"EntryPoint","urlTemplate":"https:\/\/thediplomatinspain.com\/?s={search_term_string}"},"query-input":{"@type":"PropertyValueSpecification","valueRequired":true,"valueName":"search_term_string"}}],"inLanguage":"en-US"},{"@type":"Organization","@id":"https:\/\/thediplomatinspain.com\/#organization","name":"thediplomatinspain.com","url":"https:\/\/thediplomatinspain.com\/","logo":{"@type":"ImageObject","inLanguage":"en-US","@id":"https:\/\/thediplomatinspain.com\/#\/schema\/logo\/image\/","url":"https:\/\/thediplomatinspain.com\/wp-content\/uploads\/2024\/06\/logo_the_diplomat.png","contentUrl":"https:\/\/thediplomatinspain.com\/wp-content\/uploads\/2024\/06\/logo_the_diplomat.png","width":284,"height":77,"caption":"thediplomatinspain.com"},"image":{"@id":"https:\/\/thediplomatinspain.com\/#\/schema\/logo\/image\/"},"sameAs":["https:\/\/www.facebook.com\/thediplomatinspain","https:\/\/x.com\/diplomatinspain","https:\/\/www.youtube.com\/channel\/UCK0mRqeeZDKdFeiFQZLcH2A"]},{"@type":"Person","@id":"https:\/\/thediplomatinspain.com\/#\/schema\/person\/bc23729a451553cbb28c59ed696ced53","name":"Juan David Latorre","image":{"@type":"ImageObject","inLanguage":"en-US","@id":"https:\/\/secure.gravatar.com\/avatar\/2d39dcb59d17733b9ee745ca1ab1eeff6f72ef14623e21bb10f63bfb965c847a?s=96&d=mm&r=g","url":"https:\/\/secure.gravatar.com\/avatar\/2d39dcb59d17733b9ee745ca1ab1eeff6f72ef14623e21bb10f63bfb965c847a?s=96&d=mm&r=g","contentUrl":"https:\/\/secure.gravatar.com\/avatar\/2d39dcb59d17733b9ee745ca1ab1eeff6f72ef14623e21bb10f63bfb965c847a?s=96&d=mm&r=g","caption":"Juan David Latorre"},"url":"https:\/\/thediplomatinspain.com\/en\/author\/jdlatorre\/"},{"@type":["Organization","NewsMediaOrganization"],"@id":"https:\/\/thediplomatinspain.com\/en\/#organization"},{"@type":"SiteNavigationElement","@id":"https:\/\/thediplomatinspain.com\/en\/#site-navigation","cssSelector":[".cib-main-menu"]},{"@type":"WPHeader","@id":"https:\/\/thediplomatinspain.com\/en\/#header","cssSelector":[".cib-header"]},{"@type":"WPFooter","@id":"https:\/\/thediplomatinspain.com\/en\/#footer","cssSelector":[".cib-footer"]}]}},"amp_enabled":true,"_links":{"self":[{"href":"https:\/\/thediplomatinspain.com\/en\/wp-json\/wp\/v2\/posts\/94426","targetHints":{"allow":["GET"]}}],"collection":[{"href":"https:\/\/thediplomatinspain.com\/en\/wp-json\/wp\/v2\/posts"}],"about":[{"href":"https:\/\/thediplomatinspain.com\/en\/wp-json\/wp\/v2\/types\/post"}],"author":[{"embeddable":true,"href":"https:\/\/thediplomatinspain.com\/en\/wp-json\/wp\/v2\/users\/204"}],"replies":[{"embeddable":true,"href":"https:\/\/thediplomatinspain.com\/en\/wp-json\/wp\/v2\/comments?post=94426"}],"version-history":[{"count":0,"href":"https:\/\/thediplomatinspain.com\/en\/wp-json\/wp\/v2\/posts\/94426\/revisions"}],"wp:featuredmedia":[{"embeddable":true,"href":"https:\/\/thediplomatinspain.com\/en\/wp-json\/wp\/v2\/media\/94424"}],"wp:attachment":[{"href":"https:\/\/thediplomatinspain.com\/en\/wp-json\/wp\/v2\/media?parent=94426"}],"wp:term":[{"taxonomy":"category","embeddable":true,"href":"https:\/\/thediplomatinspain.com\/en\/wp-json\/wp\/v2\/categories?post=94426"},{"taxonomy":"post_tag","embeddable":true,"href":"https:\/\/thediplomatinspain.com\/en\/wp-json\/wp\/v2\/tags?post=94426"}],"curies":[{"name":"wp","href":"https:\/\/api.w.org\/{rel}","templated":true}]}}