{"id":92589,"date":"2024-09-05T06:06:00","date_gmt":"2024-09-05T04:06:00","guid":{"rendered":"https:\/\/thediplomatinspain.com\/?p=92589"},"modified":"2024-09-04T19:18:13","modified_gmt":"2024-09-04T17:18:13","slug":"oscar-lopez-new-minister-of-digital-transformation-and-the-civil-service","status":"publish","type":"post","link":"https:\/\/thediplomatinspain.com\/en\/2024\/09\/05\/oscar-lopez-new-minister-of-digital-transformation-and-the-civil-service\/","title":{"rendered":"\u00d3scar L\u00f3pez, new Minister of Digital Transformation and the Civil Service"},"content":{"rendered":"\n<p><strong>The Diplomat<\/strong><\/p>\n\n\n\n<p class=\"has-medium-font-size\"><strong>\u00d3scar L\u00f3pez, until now Director of the Cabinet of the President of the Government, will be the new Minister of Digital Transformation and the Civil Service, after his current holder, Jos\u00e9 Luis Escriv\u00e1, was appointed Governor of the Bank of Spain.<\/strong><\/p>\n\n\n\n<p>In 2021, L\u00f3pez replaced Iv\u00e1n Redondo as Chief of Staff of Pedro S\u00e1nchez. Previously, he was Secretary of Organization of the PSOE (between 2012 and 2014) and was with the head of the Executive in his first stage, before returning to the front line of Moncloa after a distancing between the two. Between July 2018 and until the same month of 2021, L\u00f3pez was president of Paradores.<\/p>\n\n\n\n<p>The new Minister of Digital Transformation, a graduate in Political Science with a double major in Public Administration and International Relations from the Complutense University of Madrid, will have to deal with the new deployment of European funds to improve the digitalization of the Spanish economy, as well as carry out the modernization of public administrations.<\/p>\n\n\n\n<p><strong>L\u00f3pez will be replaced by Diego Rubio, current Secretary General of Public Policies, European Affairs and Strategic Foresight<\/strong> of the Presidency of the Government.<\/p>\n\n\n\n<p class=\"has-small-font-size\"><strong>Escriv\u00e1, Governor of the Bank of Spain<\/strong><\/p>\n\n\n\n<p>Meanwhile, the appointment of Jos\u00e9 Luis Escriv\u00e1 as Governor of the Bank of Spain has provoked criticism from opposition parties, especially the PP and Vox, who consider that a person who has just joined the Government as a minister cannot be independent. &#8220;You cannot be a minister in the morning and governor in the afternoon, even if it is legal,&#8221; said the Popular Party.<\/p>\n\n\n\n<p>The appointment of the Governor of the Bank of Spain is a power that the Presidents of the Government have, who normally choose an independent person with a good professional background.<\/p>\n\n\n\n<p>Pedro S\u00e1nchez defended the appointment of Escriv\u00e1, saying that he is &#8220;one of the best economists in the country and one of its greatest experts in monetary policy.&#8221; He added: &#8220;The institution gains a great governor and the Spanish economy emerges strengthened and prestigious at European and international level.&#8221;<\/p>\n","protected":false},"excerpt":{"rendered":"<p>The Diplomat \u00d3scar L\u00f3pez, until now Director of the Cabinet of the President of the Government, will be the new Minister of Digital Transformation and the Civil Service, after his current holder, Jos\u00e9 Luis Escriv\u00e1, was appointed Governor of the Bank of Spain. In 2021, L\u00f3pez replaced Iv\u00e1n Redondo as Chief of Staff of Pedro [&hellip;]<\/p>\n","protected":false},"author":240,"featured_media":92614,"comment_status":"closed","ping_status":"open","sticky":false,"template":"","format":"standard","meta":{"jnews-multi-image_gallery":[],"jnews_single_post":{"subtitle":"Sustituye en el cargo a Jos\u00e9 Luis Escriv\u00e1, nombrado gobernador del Banco de Espa\u00f1a","format":"standard","video":"","gallery":"","source_name":"","source_url":"","via_name":"","via_url":"","override_template":"0","override":[{"template":"2","single_blog_custom":"","parallax":"1","fullscreen":"1","layout":"right-sidebar","sidebar":"default-sidebar","second_sidebar":"default-sidebar","sticky_sidebar":"1","share_position":"top","share_float_style":"share-monocrhome","show_share_counter":"1","show_view_counter":"1","show_featured":"1","show_post_meta":"1","show_post_author":"1","show_post_author_image":"0","show_post_date":"1","post_date_format":"default","post_date_format_custom":"Y\/m\/d","show_post_category":"1","show_post_reading_time":"0","post_reading_time_wpm":"300","show_zoom_button":"0","zoom_button_out_step":"2","zoom_button_in_step":"3","show_post_tag":"1","show_prev_next_post":"0","show_popup_post":"1","number_popup_post":"1","show_author_box":"1","show_post_related":"0","show_inline_post_related":"0"}],"override_image_size":"0","image_override":[{"single_post_thumbnail_size":"crop-500","single_post_gallery_size":"crop-500"}],"trending_post":"0","trending_post_position":"meta","trending_post_label":"Trending","sponsored_post":"0","sponsored_post_label":"Sponsored by","sponsored_post_name":"","sponsored_post_url":"","sponsored_post_logo_enable":"0","sponsored_post_logo":"","sponsored_post_desc":"","disable_ad":"0"},"jnews_primary_category":{"id":"","hide":""},"jnews_social_meta":{"fb_title":"","fb_description":"","fb_image":"","twitter_title":"","twitter_description":"","twitter_image":""},"jnews_override_counter":{"override_view_counter":"0","view_counter_number":"0","override_share_counter":"0","share_counter_number":"0","override_like_counter":"0","like_counter_number":"0","override_dislike_counter":"0","dislike_counter_number":"0"},"jnews_post_split":{"enable_post_split":"0","post_split":[{"template":"1","tag":"h2","numbering":"asc","mode":"normal","first":"0","enable_toc":"0","toc_type":"normal"}]},"footnotes":""},"categories":[158,160],"tags":[],"class_list":["post-92589","post","type-post","status-publish","format-standard","has-post-thumbnail","hentry","category-frontpage-en","category-spain-en"],"yoast_head":"<!-- This site is optimized with the Yoast SEO plugin v27.4 - https:\/\/yoast.com\/product\/yoast-seo-wordpress\/ -->\n<title>\u00d3scar L\u00f3pez, new Minister of Digital Transformation<\/title>\n<meta name=\"description\" content=\"\u00d3scar L\u00f3pez, chief of the Cabinet of the President of the Government, will be the new Minister of Digital Transformation and the Civil Service\" \/>\n<meta name=\"robots\" content=\"index, follow, max-snippet:-1, max-image-preview:large, max-video-preview:-1\" \/>\n<link rel=\"canonical\" href=\"https:\/\/thediplomatinspain.com\/en\/2024\/09\/05\/oscar-lopez-new-minister-of-digital-transformation-and-the-civil-service\/\" \/>\n<meta property=\"og:locale\" content=\"en_US\" \/>\n<meta property=\"og:type\" content=\"article\" \/>\n<meta property=\"og:title\" content=\"\u00d3scar L\u00f3pez, new Minister of Digital Transformation\" \/>\n<meta property=\"og:description\" content=\"\u00d3scar L\u00f3pez, chief of the Cabinet of the President of the Government, will be the new Minister of Digital Transformation and the Civil Service\" \/>\n<meta property=\"og:url\" content=\"https:\/\/thediplomatinspain.com\/en\/2024\/09\/05\/oscar-lopez-new-minister-of-digital-transformation-and-the-civil-service\/\" \/>\n<meta property=\"og:site_name\" content=\"thediplomatinspain.com\" \/>\n<meta property=\"article:publisher\" content=\"https:\/\/www.facebook.com\/thediplomatinspain\" \/>\n<meta property=\"article:published_time\" content=\"2024-09-05T04:06:00+00:00\" \/>\n<meta property=\"og:image\" content=\"https:\/\/thediplomatinspain.com\/wp-content\/uploads\/2024\/09\/oscar-lopez.jpg\" \/>\n\t<meta property=\"og:image:width\" content=\"750\" \/>\n\t<meta property=\"og:image:height\" content=\"421\" \/>\n\t<meta property=\"og:image:type\" content=\"image\/jpeg\" \/>\n<meta name=\"author\" content=\"Luis Ayllon\" \/>\n<meta name=\"twitter:card\" content=\"summary_large_image\" \/>\n<meta name=\"twitter:creator\" content=\"@diplomatinspain\" \/>\n<meta name=\"twitter:site\" content=\"@diplomatinspain\" \/>\n<meta name=\"twitter:label1\" content=\"Written by\" \/>\n\t<meta name=\"twitter:data1\" content=\"Luis Ayllon\" \/>\n\t<meta name=\"twitter:label2\" content=\"Est. reading time\" \/>\n\t<meta name=\"twitter:data2\" content=\"2 minutes\" \/>\n<script type=\"application\/ld+json\" class=\"yoast-schema-graph\">{\"@context\":\"https:\\\/\\\/schema.org\",\"@graph\":[{\"@type\":\"Article\",\"@id\":\"https:\\\/\\\/thediplomatinspain.com\\\/en\\\/2024\\\/09\\\/05\\\/oscar-lopez-new-minister-of-digital-transformation-and-the-civil-service\\\/#article\",\"isPartOf\":{\"@id\":\"https:\\\/\\\/thediplomatinspain.com\\\/en\\\/2024\\\/09\\\/05\\\/oscar-lopez-new-minister-of-digital-transformation-and-the-civil-service\\\/\"},\"author\":{\"name\":\"Luis Ayllon\",\"@id\":\"https:\\\/\\\/thediplomatinspain.com\\\/#\\\/schema\\\/person\\\/dc104cdee1655e3c24ea3cc81edfd36b\"},\"headline\":\"\u00d3scar L\u00f3pez, new Minister of Digital Transformation and the Civil Service\",\"datePublished\":\"2024-09-05T04:06:00+00:00\",\"mainEntityOfPage\":{\"@id\":\"https:\\\/\\\/thediplomatinspain.com\\\/en\\\/2024\\\/09\\\/05\\\/oscar-lopez-new-minister-of-digital-transformation-and-the-civil-service\\\/\"},\"wordCount\":355,\"publisher\":{\"@id\":\"https:\\\/\\\/thediplomatinspain.com\\\/#organization\"},\"image\":{\"@id\":\"https:\\\/\\\/thediplomatinspain.com\\\/en\\\/2024\\\/09\\\/05\\\/oscar-lopez-new-minister-of-digital-transformation-and-the-civil-service\\\/#primaryimage\"},\"thumbnailUrl\":\"https:\\\/\\\/thediplomatinspain.com\\\/wp-content\\\/uploads\\\/2024\\\/09\\\/oscar-lopez.jpg\",\"articleSection\":[\"Frontpage\",\"Spain\"],\"inLanguage\":\"en-US\"},{\"@type\":\"WebPage\",\"@id\":\"https:\\\/\\\/thediplomatinspain.com\\\/en\\\/2024\\\/09\\\/05\\\/oscar-lopez-new-minister-of-digital-transformation-and-the-civil-service\\\/\",\"url\":\"https:\\\/\\\/thediplomatinspain.com\\\/en\\\/2024\\\/09\\\/05\\\/oscar-lopez-new-minister-of-digital-transformation-and-the-civil-service\\\/\",\"name\":\"\u00d3scar L\u00f3pez, new Minister of Digital Transformation\",\"isPartOf\":{\"@id\":\"https:\\\/\\\/thediplomatinspain.com\\\/#website\"},\"primaryImageOfPage\":{\"@id\":\"https:\\\/\\\/thediplomatinspain.com\\\/en\\\/2024\\\/09\\\/05\\\/oscar-lopez-new-minister-of-digital-transformation-and-the-civil-service\\\/#primaryimage\"},\"image\":{\"@id\":\"https:\\\/\\\/thediplomatinspain.com\\\/en\\\/2024\\\/09\\\/05\\\/oscar-lopez-new-minister-of-digital-transformation-and-the-civil-service\\\/#primaryimage\"},\"thumbnailUrl\":\"https:\\\/\\\/thediplomatinspain.com\\\/wp-content\\\/uploads\\\/2024\\\/09\\\/oscar-lopez.jpg\",\"datePublished\":\"2024-09-05T04:06:00+00:00\",\"description\":\"\u00d3scar L\u00f3pez, chief of the Cabinet of the President of the Government, will be the new Minister of Digital Transformation and the Civil Service\",\"breadcrumb\":{\"@id\":\"https:\\\/\\\/thediplomatinspain.com\\\/en\\\/2024\\\/09\\\/05\\\/oscar-lopez-new-minister-of-digital-transformation-and-the-civil-service\\\/#breadcrumb\"},\"inLanguage\":\"en-US\",\"potentialAction\":[{\"@type\":\"ReadAction\",\"target\":[\"https:\\\/\\\/thediplomatinspain.com\\\/en\\\/2024\\\/09\\\/05\\\/oscar-lopez-new-minister-of-digital-transformation-and-the-civil-service\\\/\"]}]},{\"@type\":\"ImageObject\",\"inLanguage\":\"en-US\",\"@id\":\"https:\\\/\\\/thediplomatinspain.com\\\/en\\\/2024\\\/09\\\/05\\\/oscar-lopez-new-minister-of-digital-transformation-and-the-civil-service\\\/#primaryimage\",\"url\":\"https:\\\/\\\/thediplomatinspain.com\\\/wp-content\\\/uploads\\\/2024\\\/09\\\/oscar-lopez.jpg\",\"contentUrl\":\"https:\\\/\\\/thediplomatinspain.com\\\/wp-content\\\/uploads\\\/2024\\\/09\\\/oscar-lopez.jpg\",\"width\":750,\"height\":421,\"caption\":\"\u00d3scar L\u00f3pez.\"},{\"@type\":\"BreadcrumbList\",\"@id\":\"https:\\\/\\\/thediplomatinspain.com\\\/en\\\/2024\\\/09\\\/05\\\/oscar-lopez-new-minister-of-digital-transformation-and-the-civil-service\\\/#breadcrumb\",\"itemListElement\":[{\"@type\":\"ListItem\",\"position\":1,\"name\":\"Portada\",\"item\":\"https:\\\/\\\/thediplomatinspain.com\\\/en\\\/\"},{\"@type\":\"ListItem\",\"position\":2,\"name\":\"\u00d3scar L\u00f3pez, new Minister of Digital Transformation and the Civil Service\"}]},{\"@type\":\"WebSite\",\"@id\":\"https:\\\/\\\/thediplomatinspain.com\\\/#website\",\"url\":\"https:\\\/\\\/thediplomatinspain.com\\\/\",\"name\":\"thediplomatinspain.com\",\"description\":\"Diario digital de referencia para diplom\u00e1ticos y empresas\",\"publisher\":{\"@id\":\"https:\\\/\\\/thediplomatinspain.com\\\/#organization\"},\"potentialAction\":[{\"@type\":\"SearchAction\",\"target\":{\"@type\":\"EntryPoint\",\"urlTemplate\":\"https:\\\/\\\/thediplomatinspain.com\\\/?s={search_term_string}\"},\"query-input\":{\"@type\":\"PropertyValueSpecification\",\"valueRequired\":true,\"valueName\":\"search_term_string\"}}],\"inLanguage\":\"en-US\"},{\"@type\":\"Organization\",\"@id\":\"https:\\\/\\\/thediplomatinspain.com\\\/#organization\",\"name\":\"thediplomatinspain.com\",\"url\":\"https:\\\/\\\/thediplomatinspain.com\\\/\",\"logo\":{\"@type\":\"ImageObject\",\"inLanguage\":\"en-US\",\"@id\":\"https:\\\/\\\/thediplomatinspain.com\\\/#\\\/schema\\\/logo\\\/image\\\/\",\"url\":\"https:\\\/\\\/thediplomatinspain.com\\\/wp-content\\\/uploads\\\/2024\\\/06\\\/logo_the_diplomat.png\",\"contentUrl\":\"https:\\\/\\\/thediplomatinspain.com\\\/wp-content\\\/uploads\\\/2024\\\/06\\\/logo_the_diplomat.png\",\"width\":284,\"height\":77,\"caption\":\"thediplomatinspain.com\"},\"image\":{\"@id\":\"https:\\\/\\\/thediplomatinspain.com\\\/#\\\/schema\\\/logo\\\/image\\\/\"},\"sameAs\":[\"https:\\\/\\\/www.facebook.com\\\/thediplomatinspain\",\"https:\\\/\\\/x.com\\\/diplomatinspain\",\"https:\\\/\\\/www.youtube.com\\\/channel\\\/UCK0mRqeeZDKdFeiFQZLcH2A\"]},{\"@type\":\"Person\",\"@id\":\"https:\\\/\\\/thediplomatinspain.com\\\/#\\\/schema\\\/person\\\/dc104cdee1655e3c24ea3cc81edfd36b\",\"name\":\"Luis Ayllon\",\"image\":{\"@type\":\"ImageObject\",\"inLanguage\":\"en-US\",\"@id\":\"https:\\\/\\\/secure.gravatar.com\\\/avatar\\\/f21ac69160fc117a978be5d7c11b0dfeaaf5460563d29d1a332a0eb24580f103?s=96&d=mm&r=g\",\"url\":\"https:\\\/\\\/secure.gravatar.com\\\/avatar\\\/f21ac69160fc117a978be5d7c11b0dfeaaf5460563d29d1a332a0eb24580f103?s=96&d=mm&r=g\",\"contentUrl\":\"https:\\\/\\\/secure.gravatar.com\\\/avatar\\\/f21ac69160fc117a978be5d7c11b0dfeaaf5460563d29d1a332a0eb24580f103?s=96&d=mm&r=g\",\"caption\":\"Luis Ayllon\"},\"url\":\"https:\\\/\\\/thediplomatinspain.com\\\/en\\\/author\\\/layllon\\\/\"},{\"@type\":[\"Organization\",\"NewsMediaOrganization\"],\"@id\":\"https:\\\/\\\/thediplomatinspain.com\\\/en\\\/#organization\"},{\"@type\":\"SiteNavigationElement\",\"@id\":\"https:\\\/\\\/thediplomatinspain.com\\\/en\\\/#site-navigation\",\"cssSelector\":[\".cib-main-menu\"]},{\"@type\":\"WPHeader\",\"@id\":\"https:\\\/\\\/thediplomatinspain.com\\\/en\\\/#header\",\"cssSelector\":[\".cib-header\"]},{\"@type\":\"WPFooter\",\"@id\":\"https:\\\/\\\/thediplomatinspain.com\\\/en\\\/#footer\",\"cssSelector\":[\".cib-footer\"]}]}<\/script>\n<!-- \/ Yoast SEO plugin. -->","yoast_head_json":{"title":"\u00d3scar L\u00f3pez, new Minister of Digital Transformation","description":"\u00d3scar L\u00f3pez, chief of the Cabinet of the President of the Government, will be the new Minister of Digital Transformation and the Civil Service","robots":{"index":"index","follow":"follow","max-snippet":"max-snippet:-1","max-image-preview":"max-image-preview:large","max-video-preview":"max-video-preview:-1"},"canonical":"https:\/\/thediplomatinspain.com\/en\/2024\/09\/05\/oscar-lopez-new-minister-of-digital-transformation-and-the-civil-service\/","og_locale":"en_US","og_type":"article","og_title":"\u00d3scar L\u00f3pez, new Minister of Digital Transformation","og_description":"\u00d3scar L\u00f3pez, chief of the Cabinet of the President of the Government, will be the new Minister of Digital Transformation and the Civil Service","og_url":"https:\/\/thediplomatinspain.com\/en\/2024\/09\/05\/oscar-lopez-new-minister-of-digital-transformation-and-the-civil-service\/","og_site_name":"thediplomatinspain.com","article_publisher":"https:\/\/www.facebook.com\/thediplomatinspain","article_published_time":"2024-09-05T04:06:00+00:00","og_image":[{"width":750,"height":421,"url":"https:\/\/thediplomatinspain.com\/wp-content\/uploads\/2024\/09\/oscar-lopez.jpg","type":"image\/jpeg"}],"author":"Luis Ayllon","twitter_card":"summary_large_image","twitter_creator":"@diplomatinspain","twitter_site":"@diplomatinspain","twitter_misc":{"Written by":"Luis Ayllon","Est. reading time":"2 minutes"},"schema":{"@context":"https:\/\/schema.org","@graph":[{"@type":"Article","@id":"https:\/\/thediplomatinspain.com\/en\/2024\/09\/05\/oscar-lopez-new-minister-of-digital-transformation-and-the-civil-service\/#article","isPartOf":{"@id":"https:\/\/thediplomatinspain.com\/en\/2024\/09\/05\/oscar-lopez-new-minister-of-digital-transformation-and-the-civil-service\/"},"author":{"name":"Luis Ayllon","@id":"https:\/\/thediplomatinspain.com\/#\/schema\/person\/dc104cdee1655e3c24ea3cc81edfd36b"},"headline":"\u00d3scar L\u00f3pez, new Minister of Digital Transformation and the Civil Service","datePublished":"2024-09-05T04:06:00+00:00","mainEntityOfPage":{"@id":"https:\/\/thediplomatinspain.com\/en\/2024\/09\/05\/oscar-lopez-new-minister-of-digital-transformation-and-the-civil-service\/"},"wordCount":355,"publisher":{"@id":"https:\/\/thediplomatinspain.com\/#organization"},"image":{"@id":"https:\/\/thediplomatinspain.com\/en\/2024\/09\/05\/oscar-lopez-new-minister-of-digital-transformation-and-the-civil-service\/#primaryimage"},"thumbnailUrl":"https:\/\/thediplomatinspain.com\/wp-content\/uploads\/2024\/09\/oscar-lopez.jpg","articleSection":["Frontpage","Spain"],"inLanguage":"en-US"},{"@type":"WebPage","@id":"https:\/\/thediplomatinspain.com\/en\/2024\/09\/05\/oscar-lopez-new-minister-of-digital-transformation-and-the-civil-service\/","url":"https:\/\/thediplomatinspain.com\/en\/2024\/09\/05\/oscar-lopez-new-minister-of-digital-transformation-and-the-civil-service\/","name":"\u00d3scar L\u00f3pez, new Minister of Digital Transformation","isPartOf":{"@id":"https:\/\/thediplomatinspain.com\/#website"},"primaryImageOfPage":{"@id":"https:\/\/thediplomatinspain.com\/en\/2024\/09\/05\/oscar-lopez-new-minister-of-digital-transformation-and-the-civil-service\/#primaryimage"},"image":{"@id":"https:\/\/thediplomatinspain.com\/en\/2024\/09\/05\/oscar-lopez-new-minister-of-digital-transformation-and-the-civil-service\/#primaryimage"},"thumbnailUrl":"https:\/\/thediplomatinspain.com\/wp-content\/uploads\/2024\/09\/oscar-lopez.jpg","datePublished":"2024-09-05T04:06:00+00:00","description":"\u00d3scar L\u00f3pez, chief of the Cabinet of the President of the Government, will be the new Minister of Digital Transformation and the Civil Service","breadcrumb":{"@id":"https:\/\/thediplomatinspain.com\/en\/2024\/09\/05\/oscar-lopez-new-minister-of-digital-transformation-and-the-civil-service\/#breadcrumb"},"inLanguage":"en-US","potentialAction":[{"@type":"ReadAction","target":["https:\/\/thediplomatinspain.com\/en\/2024\/09\/05\/oscar-lopez-new-minister-of-digital-transformation-and-the-civil-service\/"]}]},{"@type":"ImageObject","inLanguage":"en-US","@id":"https:\/\/thediplomatinspain.com\/en\/2024\/09\/05\/oscar-lopez-new-minister-of-digital-transformation-and-the-civil-service\/#primaryimage","url":"https:\/\/thediplomatinspain.com\/wp-content\/uploads\/2024\/09\/oscar-lopez.jpg","contentUrl":"https:\/\/thediplomatinspain.com\/wp-content\/uploads\/2024\/09\/oscar-lopez.jpg","width":750,"height":421,"caption":"\u00d3scar L\u00f3pez."},{"@type":"BreadcrumbList","@id":"https:\/\/thediplomatinspain.com\/en\/2024\/09\/05\/oscar-lopez-new-minister-of-digital-transformation-and-the-civil-service\/#breadcrumb","itemListElement":[{"@type":"ListItem","position":1,"name":"Portada","item":"https:\/\/thediplomatinspain.com\/en\/"},{"@type":"ListItem","position":2,"name":"\u00d3scar L\u00f3pez, new Minister of Digital Transformation and the Civil Service"}]},{"@type":"WebSite","@id":"https:\/\/thediplomatinspain.com\/#website","url":"https:\/\/thediplomatinspain.com\/","name":"thediplomatinspain.com","description":"Diario digital de referencia para diplom\u00e1ticos y empresas","publisher":{"@id":"https:\/\/thediplomatinspain.com\/#organization"},"potentialAction":[{"@type":"SearchAction","target":{"@type":"EntryPoint","urlTemplate":"https:\/\/thediplomatinspain.com\/?s={search_term_string}"},"query-input":{"@type":"PropertyValueSpecification","valueRequired":true,"valueName":"search_term_string"}}],"inLanguage":"en-US"},{"@type":"Organization","@id":"https:\/\/thediplomatinspain.com\/#organization","name":"thediplomatinspain.com","url":"https:\/\/thediplomatinspain.com\/","logo":{"@type":"ImageObject","inLanguage":"en-US","@id":"https:\/\/thediplomatinspain.com\/#\/schema\/logo\/image\/","url":"https:\/\/thediplomatinspain.com\/wp-content\/uploads\/2024\/06\/logo_the_diplomat.png","contentUrl":"https:\/\/thediplomatinspain.com\/wp-content\/uploads\/2024\/06\/logo_the_diplomat.png","width":284,"height":77,"caption":"thediplomatinspain.com"},"image":{"@id":"https:\/\/thediplomatinspain.com\/#\/schema\/logo\/image\/"},"sameAs":["https:\/\/www.facebook.com\/thediplomatinspain","https:\/\/x.com\/diplomatinspain","https:\/\/www.youtube.com\/channel\/UCK0mRqeeZDKdFeiFQZLcH2A"]},{"@type":"Person","@id":"https:\/\/thediplomatinspain.com\/#\/schema\/person\/dc104cdee1655e3c24ea3cc81edfd36b","name":"Luis Ayllon","image":{"@type":"ImageObject","inLanguage":"en-US","@id":"https:\/\/secure.gravatar.com\/avatar\/f21ac69160fc117a978be5d7c11b0dfeaaf5460563d29d1a332a0eb24580f103?s=96&d=mm&r=g","url":"https:\/\/secure.gravatar.com\/avatar\/f21ac69160fc117a978be5d7c11b0dfeaaf5460563d29d1a332a0eb24580f103?s=96&d=mm&r=g","contentUrl":"https:\/\/secure.gravatar.com\/avatar\/f21ac69160fc117a978be5d7c11b0dfeaaf5460563d29d1a332a0eb24580f103?s=96&d=mm&r=g","caption":"Luis Ayllon"},"url":"https:\/\/thediplomatinspain.com\/en\/author\/layllon\/"},{"@type":["Organization","NewsMediaOrganization"],"@id":"https:\/\/thediplomatinspain.com\/en\/#organization"},{"@type":"SiteNavigationElement","@id":"https:\/\/thediplomatinspain.com\/en\/#site-navigation","cssSelector":[".cib-main-menu"]},{"@type":"WPHeader","@id":"https:\/\/thediplomatinspain.com\/en\/#header","cssSelector":[".cib-header"]},{"@type":"WPFooter","@id":"https:\/\/thediplomatinspain.com\/en\/#footer","cssSelector":[".cib-footer"]}]}},"amp_enabled":true,"_links":{"self":[{"href":"https:\/\/thediplomatinspain.com\/en\/wp-json\/wp\/v2\/posts\/92589","targetHints":{"allow":["GET"]}}],"collection":[{"href":"https:\/\/thediplomatinspain.com\/en\/wp-json\/wp\/v2\/posts"}],"about":[{"href":"https:\/\/thediplomatinspain.com\/en\/wp-json\/wp\/v2\/types\/post"}],"author":[{"embeddable":true,"href":"https:\/\/thediplomatinspain.com\/en\/wp-json\/wp\/v2\/users\/240"}],"replies":[{"embeddable":true,"href":"https:\/\/thediplomatinspain.com\/en\/wp-json\/wp\/v2\/comments?post=92589"}],"version-history":[{"count":0,"href":"https:\/\/thediplomatinspain.com\/en\/wp-json\/wp\/v2\/posts\/92589\/revisions"}],"wp:featuredmedia":[{"embeddable":true,"href":"https:\/\/thediplomatinspain.com\/en\/wp-json\/wp\/v2\/media\/92614"}],"wp:attachment":[{"href":"https:\/\/thediplomatinspain.com\/en\/wp-json\/wp\/v2\/media?parent=92589"}],"wp:term":[{"taxonomy":"category","embeddable":true,"href":"https:\/\/thediplomatinspain.com\/en\/wp-json\/wp\/v2\/categories?post=92589"},{"taxonomy":"post_tag","embeddable":true,"href":"https:\/\/thediplomatinspain.com\/en\/wp-json\/wp\/v2\/tags?post=92589"}],"curies":[{"name":"wp","href":"https:\/\/api.w.org\/{rel}","templated":true}]}}