{"id":91130,"date":"2024-08-07T06:00:00","date_gmt":"2024-08-07T04:00:00","guid":{"rendered":"https:\/\/thediplomatinspain.com\/?p=91130"},"modified":"2024-08-03T12:05:58","modified_gmt":"2024-08-03T10:05:58","slug":"exposicion-en-el-interior-del-cielo-en-el-instituto-cultural-de-mexico","status":"publish","type":"post","link":"https:\/\/thediplomatinspain.com\/en\/2024\/08\/07\/exposicion-en-el-interior-del-cielo-en-el-instituto-cultural-de-mexico\/","title":{"rendered":"Exhibition &#8216;Inside the sky&#8217; at the Instituto Cultural of Mexico"},"content":{"rendered":"\n<p>Until the next 18 October, the <strong>Instituto Cultural of Mexico<\/strong> in Madrid (Carrera de San Jer\u00f3nimo, 46) brings together the talent of outstanding Mexican artists in the exhibition <strong><em>En el interior del cielo (Inside the sky).<\/em><\/strong><\/p>\n\n\n\n<p><\/p>\n\n\n\n<p>Designed for the Instituto Cultural of Mexico, this selection from the <strong>Collegium<\/strong> collection seeks to make visible the research and creative processes of artists, inviting the visitor to make a decolonial critical reflection on the dominant narratives in art and history. These works reflect interests, often transversal, that pervade the poetics of the twelve selected artists. The exhibition is divided into two central focuses that mix and confuse, but which, in a way, help to understand the established dialogue.<\/p>\n\n\n\n<p><\/p>\n\n\n\n<p>The pieces in this exhibition are part of the private collection of <strong>Lorena P\u00e9rez-J\u00e1come <\/strong>and <strong>Javier Lumbreras,<\/strong> promoters of Collegium.<\/p>\n\n\n\n<p><\/p>\n\n\n\n<p>The title of the exhibition is inspired by the text Inside the sky, by <strong>Nezahualc\u00f3yotl<\/strong> (1402-1472), an illustrious monarch, poet and architect who is a pillar of pre-Hispanic thought. In his poetry, the sky is presented as a space of self-determination and a portal to seemingly unattainable riddles.<\/p>\n\n\n\n<p><\/p>\n\n\n\n<p>This choice not only highlights the cultural and philosophical richness of the civilizations originating in Mexico, but also gives continuity to the interest of analyzing history beyond the historically revered characters, since Collegium is located in the city of Ar\u00e9valo, in the province of \u00c1vila, an environment marked by the monarch <strong>Isabel de Castilla,<\/strong> who was at the forefront of the processes of contact between Europe and the Americas, as well as the figure of <strong>Saint Ignatius of Loyola<\/strong> and the building of the Jesuit complex, being this one of the first colleges of the Society of Jesus built in Europe, and then it would influence the culture of countries all over the world. As a cultural institution inserted in the dynamics of contemporary society and referencing Nezahualc\u00f3yotl, the exhibition highlights the importance of valuing the perspectives of the pre-Hispanic world, often superimposed and overshadowed by Western references.<\/p>\n\n\n\n<p><\/p>\n\n\n\n<p>The exhibition shows works by <strong>Juan Pablo Mac\u00edas, Mariana Castillo Deball, Jorge M\u00e9ndez Blake, Mario Garc\u00eda Torres, Jos\u00e9 Salvador Alvarengua, Elizabeth Calzado, Dami\u00e1n Ortega, Carlos Amorales, Cruzvillegas, Pepe Mar <\/strong>and<strong> Tania P\u00e9rez C\u00f3rdova.<\/strong><\/p>\n\n\n\n<p><\/p>\n","protected":false},"excerpt":{"rendered":"<p>Until the next October 18, the Instituto Cultural de M\u00e9xico brings together the talent of Mexican artists in En el interior del cielo.<\/p>\n","protected":false},"author":204,"featured_media":91128,"comment_status":"closed","ping_status":"open","sticky":false,"template":"","format":"standard","meta":{"jnews-multi-image_gallery":[],"jnews_single_post":{"subtitle":"","format":"standard","video":"","gallery":"","source_name":"","source_url":"","via_name":"","via_url":"","override_template":"0","override":[{"template":"2","single_blog_custom":"","parallax":"1","fullscreen":"1","layout":"right-sidebar","sidebar":"default-sidebar","second_sidebar":"default-sidebar","sticky_sidebar":"1","share_position":"top","share_float_style":"share-monocrhome","show_share_counter":"1","show_view_counter":"1","show_featured":"1","show_post_meta":"1","show_post_author":"1","show_post_author_image":"0","show_post_date":"1","post_date_format":"default","post_date_format_custom":"Y\/m\/d","show_post_category":"1","show_post_reading_time":"0","post_reading_time_wpm":"300","show_zoom_button":"0","zoom_button_out_step":"2","zoom_button_in_step":"3","show_post_tag":"1","show_prev_next_post":"0","show_popup_post":"1","number_popup_post":"1","show_author_box":"1","show_post_related":"0","show_inline_post_related":"0"}],"override_image_size":"0","image_override":[{"single_post_thumbnail_size":"crop-500","single_post_gallery_size":"crop-500"}],"trending_post":"0","trending_post_position":"meta","trending_post_label":"Trending","sponsored_post":"0","sponsored_post_label":"Sponsored by","sponsored_post_name":"","sponsored_post_url":"","sponsored_post_logo_enable":"0","sponsored_post_logo":"","sponsored_post_desc":"","disable_ad":"0"},"jnews_primary_category":{"id":"","hide":""},"jnews_social_meta":{"fb_title":"","fb_description":"","fb_image":"","twitter_title":"","twitter_description":"","twitter_image":""},"jnews_override_counter":{"override_view_counter":"0","view_counter_number":"0","override_share_counter":"0","share_counter_number":"0","override_like_counter":"0","like_counter_number":"0","override_dislike_counter":"0","dislike_counter_number":"0"},"jnews_post_split":{"enable_post_split":"0","post_split":[{"template":"1","tag":"h2","numbering":"asc","mode":"normal","first":"0","enable_toc":"0","toc_type":"normal"}]},"footnotes":""},"categories":[178,176],"tags":[],"class_list":["post-91130","post","type-post","status-publish","format-standard","has-post-thumbnail","hentry","category-culture-art","category-leisure"],"yoast_head":"<!-- This site is optimized with the Yoast SEO plugin v27.4 - https:\/\/yoast.com\/product\/yoast-seo-wordpress\/ -->\n<title>Exhibition &#039;Inside the sky&#039; at the Instituto Cultural of Mexico<\/title>\n<meta name=\"description\" content=\"Until the next October 18, the Instituto Cultural de M\u00e9xico brings together the talent of Mexican artists in En el interior del cielo.\" \/>\n<meta name=\"robots\" content=\"index, follow, max-snippet:-1, max-image-preview:large, max-video-preview:-1\" \/>\n<link rel=\"canonical\" href=\"https:\/\/thediplomatinspain.com\/en\/2024\/08\/07\/exposicion-en-el-interior-del-cielo-en-el-instituto-cultural-de-mexico\/\" \/>\n<meta property=\"og:locale\" content=\"en_US\" \/>\n<meta property=\"og:type\" content=\"article\" \/>\n<meta property=\"og:title\" content=\"Exhibition &#039;Inside the sky&#039; at the Instituto Cultural of Mexico\" \/>\n<meta property=\"og:description\" content=\"Until the next October 18, the Instituto Cultural de M\u00e9xico brings together the talent of Mexican artists in En el interior del cielo.\" \/>\n<meta property=\"og:url\" content=\"https:\/\/thediplomatinspain.com\/en\/2024\/08\/07\/exposicion-en-el-interior-del-cielo-en-el-instituto-cultural-de-mexico\/\" \/>\n<meta property=\"og:site_name\" content=\"thediplomatinspain.com\" \/>\n<meta property=\"article:publisher\" content=\"https:\/\/www.facebook.com\/thediplomatinspain\" \/>\n<meta property=\"article:published_time\" content=\"2024-08-07T04:00:00+00:00\" \/>\n<meta property=\"og:image\" content=\"https:\/\/thediplomatinspain.com\/wp-content\/uploads\/2024\/08\/En-el-interior-del-cielo-ok.jpg\" \/>\n\t<meta property=\"og:image:width\" content=\"750\" \/>\n\t<meta property=\"og:image:height\" content=\"429\" \/>\n\t<meta property=\"og:image:type\" content=\"image\/jpeg\" \/>\n<meta name=\"author\" content=\"Juan David Latorre\" \/>\n<meta name=\"twitter:card\" content=\"summary_large_image\" \/>\n<meta name=\"twitter:creator\" content=\"@diplomatinspain\" \/>\n<meta name=\"twitter:site\" content=\"@diplomatinspain\" \/>\n<meta name=\"twitter:label1\" content=\"Written by\" \/>\n\t<meta name=\"twitter:data1\" content=\"Juan David Latorre\" \/>\n\t<meta name=\"twitter:label2\" content=\"Est. reading time\" \/>\n\t<meta name=\"twitter:data2\" content=\"2 minutes\" \/>\n<script type=\"application\/ld+json\" class=\"yoast-schema-graph\">{\"@context\":\"https:\\\/\\\/schema.org\",\"@graph\":[{\"@type\":\"Article\",\"@id\":\"https:\\\/\\\/thediplomatinspain.com\\\/en\\\/2024\\\/08\\\/07\\\/exposicion-en-el-interior-del-cielo-en-el-instituto-cultural-de-mexico\\\/#article\",\"isPartOf\":{\"@id\":\"https:\\\/\\\/thediplomatinspain.com\\\/en\\\/2024\\\/08\\\/07\\\/exposicion-en-el-interior-del-cielo-en-el-instituto-cultural-de-mexico\\\/\"},\"author\":{\"name\":\"Juan David Latorre\",\"@id\":\"https:\\\/\\\/thediplomatinspain.com\\\/#\\\/schema\\\/person\\\/bc23729a451553cbb28c59ed696ced53\"},\"headline\":\"Exhibition &#8216;Inside the sky&#8217; at the Instituto Cultural of Mexico\",\"datePublished\":\"2024-08-07T04:00:00+00:00\",\"mainEntityOfPage\":{\"@id\":\"https:\\\/\\\/thediplomatinspain.com\\\/en\\\/2024\\\/08\\\/07\\\/exposicion-en-el-interior-del-cielo-en-el-instituto-cultural-de-mexico\\\/\"},\"wordCount\":384,\"publisher\":{\"@id\":\"https:\\\/\\\/thediplomatinspain.com\\\/#organization\"},\"image\":{\"@id\":\"https:\\\/\\\/thediplomatinspain.com\\\/en\\\/2024\\\/08\\\/07\\\/exposicion-en-el-interior-del-cielo-en-el-instituto-cultural-de-mexico\\\/#primaryimage\"},\"thumbnailUrl\":\"https:\\\/\\\/thediplomatinspain.com\\\/wp-content\\\/uploads\\\/2024\\\/08\\\/En-el-interior-del-cielo-ok.jpg\",\"articleSection\":[\"Culture &amp; Art\",\"Leisure\"],\"inLanguage\":\"en-US\"},{\"@type\":\"WebPage\",\"@id\":\"https:\\\/\\\/thediplomatinspain.com\\\/en\\\/2024\\\/08\\\/07\\\/exposicion-en-el-interior-del-cielo-en-el-instituto-cultural-de-mexico\\\/\",\"url\":\"https:\\\/\\\/thediplomatinspain.com\\\/en\\\/2024\\\/08\\\/07\\\/exposicion-en-el-interior-del-cielo-en-el-instituto-cultural-de-mexico\\\/\",\"name\":\"Exhibition 'Inside the sky' at the Instituto Cultural of Mexico\",\"isPartOf\":{\"@id\":\"https:\\\/\\\/thediplomatinspain.com\\\/#website\"},\"primaryImageOfPage\":{\"@id\":\"https:\\\/\\\/thediplomatinspain.com\\\/en\\\/2024\\\/08\\\/07\\\/exposicion-en-el-interior-del-cielo-en-el-instituto-cultural-de-mexico\\\/#primaryimage\"},\"image\":{\"@id\":\"https:\\\/\\\/thediplomatinspain.com\\\/en\\\/2024\\\/08\\\/07\\\/exposicion-en-el-interior-del-cielo-en-el-instituto-cultural-de-mexico\\\/#primaryimage\"},\"thumbnailUrl\":\"https:\\\/\\\/thediplomatinspain.com\\\/wp-content\\\/uploads\\\/2024\\\/08\\\/En-el-interior-del-cielo-ok.jpg\",\"datePublished\":\"2024-08-07T04:00:00+00:00\",\"description\":\"Until the next October 18, the Instituto Cultural de M\u00e9xico brings together the talent of Mexican artists in En el interior del cielo.\",\"breadcrumb\":{\"@id\":\"https:\\\/\\\/thediplomatinspain.com\\\/en\\\/2024\\\/08\\\/07\\\/exposicion-en-el-interior-del-cielo-en-el-instituto-cultural-de-mexico\\\/#breadcrumb\"},\"inLanguage\":\"en-US\",\"potentialAction\":[{\"@type\":\"ReadAction\",\"target\":[\"https:\\\/\\\/thediplomatinspain.com\\\/en\\\/2024\\\/08\\\/07\\\/exposicion-en-el-interior-del-cielo-en-el-instituto-cultural-de-mexico\\\/\"]}]},{\"@type\":\"ImageObject\",\"inLanguage\":\"en-US\",\"@id\":\"https:\\\/\\\/thediplomatinspain.com\\\/en\\\/2024\\\/08\\\/07\\\/exposicion-en-el-interior-del-cielo-en-el-instituto-cultural-de-mexico\\\/#primaryimage\",\"url\":\"https:\\\/\\\/thediplomatinspain.com\\\/wp-content\\\/uploads\\\/2024\\\/08\\\/En-el-interior-del-cielo-ok.jpg\",\"contentUrl\":\"https:\\\/\\\/thediplomatinspain.com\\\/wp-content\\\/uploads\\\/2024\\\/08\\\/En-el-interior-del-cielo-ok.jpg\",\"width\":750,\"height\":429},{\"@type\":\"BreadcrumbList\",\"@id\":\"https:\\\/\\\/thediplomatinspain.com\\\/en\\\/2024\\\/08\\\/07\\\/exposicion-en-el-interior-del-cielo-en-el-instituto-cultural-de-mexico\\\/#breadcrumb\",\"itemListElement\":[{\"@type\":\"ListItem\",\"position\":1,\"name\":\"Portada\",\"item\":\"https:\\\/\\\/thediplomatinspain.com\\\/en\\\/\"},{\"@type\":\"ListItem\",\"position\":2,\"name\":\"Exhibition &#8216;Inside the sky&#8217; at the Instituto Cultural of Mexico\"}]},{\"@type\":\"WebSite\",\"@id\":\"https:\\\/\\\/thediplomatinspain.com\\\/#website\",\"url\":\"https:\\\/\\\/thediplomatinspain.com\\\/\",\"name\":\"thediplomatinspain.com\",\"description\":\"Diario digital de referencia para diplom\u00e1ticos y empresas\",\"publisher\":{\"@id\":\"https:\\\/\\\/thediplomatinspain.com\\\/#organization\"},\"potentialAction\":[{\"@type\":\"SearchAction\",\"target\":{\"@type\":\"EntryPoint\",\"urlTemplate\":\"https:\\\/\\\/thediplomatinspain.com\\\/?s={search_term_string}\"},\"query-input\":{\"@type\":\"PropertyValueSpecification\",\"valueRequired\":true,\"valueName\":\"search_term_string\"}}],\"inLanguage\":\"en-US\"},{\"@type\":\"Organization\",\"@id\":\"https:\\\/\\\/thediplomatinspain.com\\\/#organization\",\"name\":\"thediplomatinspain.com\",\"url\":\"https:\\\/\\\/thediplomatinspain.com\\\/\",\"logo\":{\"@type\":\"ImageObject\",\"inLanguage\":\"en-US\",\"@id\":\"https:\\\/\\\/thediplomatinspain.com\\\/#\\\/schema\\\/logo\\\/image\\\/\",\"url\":\"https:\\\/\\\/thediplomatinspain.com\\\/wp-content\\\/uploads\\\/2024\\\/06\\\/logo_the_diplomat.png\",\"contentUrl\":\"https:\\\/\\\/thediplomatinspain.com\\\/wp-content\\\/uploads\\\/2024\\\/06\\\/logo_the_diplomat.png\",\"width\":284,\"height\":77,\"caption\":\"thediplomatinspain.com\"},\"image\":{\"@id\":\"https:\\\/\\\/thediplomatinspain.com\\\/#\\\/schema\\\/logo\\\/image\\\/\"},\"sameAs\":[\"https:\\\/\\\/www.facebook.com\\\/thediplomatinspain\",\"https:\\\/\\\/x.com\\\/diplomatinspain\",\"https:\\\/\\\/www.youtube.com\\\/channel\\\/UCK0mRqeeZDKdFeiFQZLcH2A\"]},{\"@type\":\"Person\",\"@id\":\"https:\\\/\\\/thediplomatinspain.com\\\/#\\\/schema\\\/person\\\/bc23729a451553cbb28c59ed696ced53\",\"name\":\"Juan David Latorre\",\"image\":{\"@type\":\"ImageObject\",\"inLanguage\":\"en-US\",\"@id\":\"https:\\\/\\\/secure.gravatar.com\\\/avatar\\\/2d39dcb59d17733b9ee745ca1ab1eeff6f72ef14623e21bb10f63bfb965c847a?s=96&d=mm&r=g\",\"url\":\"https:\\\/\\\/secure.gravatar.com\\\/avatar\\\/2d39dcb59d17733b9ee745ca1ab1eeff6f72ef14623e21bb10f63bfb965c847a?s=96&d=mm&r=g\",\"contentUrl\":\"https:\\\/\\\/secure.gravatar.com\\\/avatar\\\/2d39dcb59d17733b9ee745ca1ab1eeff6f72ef14623e21bb10f63bfb965c847a?s=96&d=mm&r=g\",\"caption\":\"Juan David Latorre\"},\"url\":\"https:\\\/\\\/thediplomatinspain.com\\\/en\\\/author\\\/jdlatorre\\\/\"},{\"@type\":[\"Organization\",\"NewsMediaOrganization\"],\"@id\":\"https:\\\/\\\/thediplomatinspain.com\\\/en\\\/#organization\"},{\"@type\":\"SiteNavigationElement\",\"@id\":\"https:\\\/\\\/thediplomatinspain.com\\\/en\\\/#site-navigation\",\"cssSelector\":[\".cib-main-menu\"]},{\"@type\":\"WPHeader\",\"@id\":\"https:\\\/\\\/thediplomatinspain.com\\\/en\\\/#header\",\"cssSelector\":[\".cib-header\"]},{\"@type\":\"WPFooter\",\"@id\":\"https:\\\/\\\/thediplomatinspain.com\\\/en\\\/#footer\",\"cssSelector\":[\".cib-footer\"]}]}<\/script>\n<!-- \/ Yoast SEO plugin. -->","yoast_head_json":{"title":"Exhibition 'Inside the sky' at the Instituto Cultural of Mexico","description":"Until the next October 18, the Instituto Cultural de M\u00e9xico brings together the talent of Mexican artists in En el interior del cielo.","robots":{"index":"index","follow":"follow","max-snippet":"max-snippet:-1","max-image-preview":"max-image-preview:large","max-video-preview":"max-video-preview:-1"},"canonical":"https:\/\/thediplomatinspain.com\/en\/2024\/08\/07\/exposicion-en-el-interior-del-cielo-en-el-instituto-cultural-de-mexico\/","og_locale":"en_US","og_type":"article","og_title":"Exhibition 'Inside the sky' at the Instituto Cultural of Mexico","og_description":"Until the next October 18, the Instituto Cultural de M\u00e9xico brings together the talent of Mexican artists in En el interior del cielo.","og_url":"https:\/\/thediplomatinspain.com\/en\/2024\/08\/07\/exposicion-en-el-interior-del-cielo-en-el-instituto-cultural-de-mexico\/","og_site_name":"thediplomatinspain.com","article_publisher":"https:\/\/www.facebook.com\/thediplomatinspain","article_published_time":"2024-08-07T04:00:00+00:00","og_image":[{"width":750,"height":429,"url":"https:\/\/thediplomatinspain.com\/wp-content\/uploads\/2024\/08\/En-el-interior-del-cielo-ok.jpg","type":"image\/jpeg"}],"author":"Juan David Latorre","twitter_card":"summary_large_image","twitter_creator":"@diplomatinspain","twitter_site":"@diplomatinspain","twitter_misc":{"Written by":"Juan David Latorre","Est. reading time":"2 minutes"},"schema":{"@context":"https:\/\/schema.org","@graph":[{"@type":"Article","@id":"https:\/\/thediplomatinspain.com\/en\/2024\/08\/07\/exposicion-en-el-interior-del-cielo-en-el-instituto-cultural-de-mexico\/#article","isPartOf":{"@id":"https:\/\/thediplomatinspain.com\/en\/2024\/08\/07\/exposicion-en-el-interior-del-cielo-en-el-instituto-cultural-de-mexico\/"},"author":{"name":"Juan David Latorre","@id":"https:\/\/thediplomatinspain.com\/#\/schema\/person\/bc23729a451553cbb28c59ed696ced53"},"headline":"Exhibition &#8216;Inside the sky&#8217; at the Instituto Cultural of Mexico","datePublished":"2024-08-07T04:00:00+00:00","mainEntityOfPage":{"@id":"https:\/\/thediplomatinspain.com\/en\/2024\/08\/07\/exposicion-en-el-interior-del-cielo-en-el-instituto-cultural-de-mexico\/"},"wordCount":384,"publisher":{"@id":"https:\/\/thediplomatinspain.com\/#organization"},"image":{"@id":"https:\/\/thediplomatinspain.com\/en\/2024\/08\/07\/exposicion-en-el-interior-del-cielo-en-el-instituto-cultural-de-mexico\/#primaryimage"},"thumbnailUrl":"https:\/\/thediplomatinspain.com\/wp-content\/uploads\/2024\/08\/En-el-interior-del-cielo-ok.jpg","articleSection":["Culture &amp; Art","Leisure"],"inLanguage":"en-US"},{"@type":"WebPage","@id":"https:\/\/thediplomatinspain.com\/en\/2024\/08\/07\/exposicion-en-el-interior-del-cielo-en-el-instituto-cultural-de-mexico\/","url":"https:\/\/thediplomatinspain.com\/en\/2024\/08\/07\/exposicion-en-el-interior-del-cielo-en-el-instituto-cultural-de-mexico\/","name":"Exhibition 'Inside the sky' at the Instituto Cultural of Mexico","isPartOf":{"@id":"https:\/\/thediplomatinspain.com\/#website"},"primaryImageOfPage":{"@id":"https:\/\/thediplomatinspain.com\/en\/2024\/08\/07\/exposicion-en-el-interior-del-cielo-en-el-instituto-cultural-de-mexico\/#primaryimage"},"image":{"@id":"https:\/\/thediplomatinspain.com\/en\/2024\/08\/07\/exposicion-en-el-interior-del-cielo-en-el-instituto-cultural-de-mexico\/#primaryimage"},"thumbnailUrl":"https:\/\/thediplomatinspain.com\/wp-content\/uploads\/2024\/08\/En-el-interior-del-cielo-ok.jpg","datePublished":"2024-08-07T04:00:00+00:00","description":"Until the next October 18, the Instituto Cultural de M\u00e9xico brings together the talent of Mexican artists in En el interior del cielo.","breadcrumb":{"@id":"https:\/\/thediplomatinspain.com\/en\/2024\/08\/07\/exposicion-en-el-interior-del-cielo-en-el-instituto-cultural-de-mexico\/#breadcrumb"},"inLanguage":"en-US","potentialAction":[{"@type":"ReadAction","target":["https:\/\/thediplomatinspain.com\/en\/2024\/08\/07\/exposicion-en-el-interior-del-cielo-en-el-instituto-cultural-de-mexico\/"]}]},{"@type":"ImageObject","inLanguage":"en-US","@id":"https:\/\/thediplomatinspain.com\/en\/2024\/08\/07\/exposicion-en-el-interior-del-cielo-en-el-instituto-cultural-de-mexico\/#primaryimage","url":"https:\/\/thediplomatinspain.com\/wp-content\/uploads\/2024\/08\/En-el-interior-del-cielo-ok.jpg","contentUrl":"https:\/\/thediplomatinspain.com\/wp-content\/uploads\/2024\/08\/En-el-interior-del-cielo-ok.jpg","width":750,"height":429},{"@type":"BreadcrumbList","@id":"https:\/\/thediplomatinspain.com\/en\/2024\/08\/07\/exposicion-en-el-interior-del-cielo-en-el-instituto-cultural-de-mexico\/#breadcrumb","itemListElement":[{"@type":"ListItem","position":1,"name":"Portada","item":"https:\/\/thediplomatinspain.com\/en\/"},{"@type":"ListItem","position":2,"name":"Exhibition &#8216;Inside the sky&#8217; at the Instituto Cultural of Mexico"}]},{"@type":"WebSite","@id":"https:\/\/thediplomatinspain.com\/#website","url":"https:\/\/thediplomatinspain.com\/","name":"thediplomatinspain.com","description":"Diario digital de referencia para diplom\u00e1ticos y empresas","publisher":{"@id":"https:\/\/thediplomatinspain.com\/#organization"},"potentialAction":[{"@type":"SearchAction","target":{"@type":"EntryPoint","urlTemplate":"https:\/\/thediplomatinspain.com\/?s={search_term_string}"},"query-input":{"@type":"PropertyValueSpecification","valueRequired":true,"valueName":"search_term_string"}}],"inLanguage":"en-US"},{"@type":"Organization","@id":"https:\/\/thediplomatinspain.com\/#organization","name":"thediplomatinspain.com","url":"https:\/\/thediplomatinspain.com\/","logo":{"@type":"ImageObject","inLanguage":"en-US","@id":"https:\/\/thediplomatinspain.com\/#\/schema\/logo\/image\/","url":"https:\/\/thediplomatinspain.com\/wp-content\/uploads\/2024\/06\/logo_the_diplomat.png","contentUrl":"https:\/\/thediplomatinspain.com\/wp-content\/uploads\/2024\/06\/logo_the_diplomat.png","width":284,"height":77,"caption":"thediplomatinspain.com"},"image":{"@id":"https:\/\/thediplomatinspain.com\/#\/schema\/logo\/image\/"},"sameAs":["https:\/\/www.facebook.com\/thediplomatinspain","https:\/\/x.com\/diplomatinspain","https:\/\/www.youtube.com\/channel\/UCK0mRqeeZDKdFeiFQZLcH2A"]},{"@type":"Person","@id":"https:\/\/thediplomatinspain.com\/#\/schema\/person\/bc23729a451553cbb28c59ed696ced53","name":"Juan David Latorre","image":{"@type":"ImageObject","inLanguage":"en-US","@id":"https:\/\/secure.gravatar.com\/avatar\/2d39dcb59d17733b9ee745ca1ab1eeff6f72ef14623e21bb10f63bfb965c847a?s=96&d=mm&r=g","url":"https:\/\/secure.gravatar.com\/avatar\/2d39dcb59d17733b9ee745ca1ab1eeff6f72ef14623e21bb10f63bfb965c847a?s=96&d=mm&r=g","contentUrl":"https:\/\/secure.gravatar.com\/avatar\/2d39dcb59d17733b9ee745ca1ab1eeff6f72ef14623e21bb10f63bfb965c847a?s=96&d=mm&r=g","caption":"Juan David Latorre"},"url":"https:\/\/thediplomatinspain.com\/en\/author\/jdlatorre\/"},{"@type":["Organization","NewsMediaOrganization"],"@id":"https:\/\/thediplomatinspain.com\/en\/#organization"},{"@type":"SiteNavigationElement","@id":"https:\/\/thediplomatinspain.com\/en\/#site-navigation","cssSelector":[".cib-main-menu"]},{"@type":"WPHeader","@id":"https:\/\/thediplomatinspain.com\/en\/#header","cssSelector":[".cib-header"]},{"@type":"WPFooter","@id":"https:\/\/thediplomatinspain.com\/en\/#footer","cssSelector":[".cib-footer"]}]}},"amp_enabled":true,"_links":{"self":[{"href":"https:\/\/thediplomatinspain.com\/en\/wp-json\/wp\/v2\/posts\/91130","targetHints":{"allow":["GET"]}}],"collection":[{"href":"https:\/\/thediplomatinspain.com\/en\/wp-json\/wp\/v2\/posts"}],"about":[{"href":"https:\/\/thediplomatinspain.com\/en\/wp-json\/wp\/v2\/types\/post"}],"author":[{"embeddable":true,"href":"https:\/\/thediplomatinspain.com\/en\/wp-json\/wp\/v2\/users\/204"}],"replies":[{"embeddable":true,"href":"https:\/\/thediplomatinspain.com\/en\/wp-json\/wp\/v2\/comments?post=91130"}],"version-history":[{"count":0,"href":"https:\/\/thediplomatinspain.com\/en\/wp-json\/wp\/v2\/posts\/91130\/revisions"}],"wp:featuredmedia":[{"embeddable":true,"href":"https:\/\/thediplomatinspain.com\/en\/wp-json\/wp\/v2\/media\/91128"}],"wp:attachment":[{"href":"https:\/\/thediplomatinspain.com\/en\/wp-json\/wp\/v2\/media?parent=91130"}],"wp:term":[{"taxonomy":"category","embeddable":true,"href":"https:\/\/thediplomatinspain.com\/en\/wp-json\/wp\/v2\/categories?post=91130"},{"taxonomy":"post_tag","embeddable":true,"href":"https:\/\/thediplomatinspain.com\/en\/wp-json\/wp\/v2\/tags?post=91130"}],"curies":[{"name":"wp","href":"https:\/\/api.w.org\/{rel}","templated":true}]}}