{"id":89933,"date":"2024-07-23T06:00:00","date_gmt":"2024-07-23T04:00:00","guid":{"rendered":"https:\/\/thediplomatinspain.com\/?p=89933"},"modified":"2024-07-22T13:12:33","modified_gmt":"2024-07-22T11:12:33","slug":"concierto-de-mariella-kohn-en-visperas-del-dia-nacional-del-peru","status":"publish","type":"post","link":"https:\/\/thediplomatinspain.com\/en\/2024\/07\/23\/concierto-de-mariella-kohn-en-visperas-del-dia-nacional-del-peru\/","title":{"rendered":"Concert by Mariella K\u00f6hn on the eve of Peru\u2019s National Day"},"content":{"rendered":"\n<p>Next Saturday, July 27 at 12 noon, the singer, composer, poet and musicologist <strong>Mariella K\u00f6hn<\/strong> will offer in the <strong>Espacio Ronda<\/strong> de Madrid (Ronda de Segovia, 50) the concert entitled <strong><em>Tremendo Jaran\u00f3n.<\/em><\/strong><\/p>\n\n\n\n<p><\/p>\n\n\n\n<p>In the pre-celebration of the National Day of Peru, on July 28, Mariella K\u00f6hn will offer this show, which seeks to transport the spectator to a festive atmosphere, evoking the traditional Creole festivals of Peru in an alley.<\/p>\n\n\n\n<p><\/p>\n\n\n\n<p>Mariella K\u00f6hn will be accompanied by <strong>Coco Cabrera<\/strong> on the lead guitar, <strong>Renzo Romero <\/strong>on the second guitar, <strong>Walter S\u00e1nchez<\/strong> on the caj\u00f3n, <strong>La compa\u00f1\u00eda de danzas de Olga Gallardo, The Moche Group <\/strong>and<strong> the Art and Tradition Association.<\/strong> The scenery will be done by Pedro Betancourt and as guest artist will have the presence of Arita Mitteenn. The ticket sales will be held on the same day of the concert or via the following <strong><a href=\"https:\/\/ticketandroll.com\/evento\/en-espacio-ronda-mariella-kohn-presenta-tremendo-jaranon-musica-peruana\">link.<\/a><\/strong><\/p>\n\n\n\n<p><\/p>\n","protected":false},"excerpt":{"rendered":"<p>On Saturday, July 27 at noon, the singer Mariella K\u00f6hn will offer in the Espacio Ronda the concert entitled Tremendo Jaran\u00f3n.<\/p>\n","protected":false},"author":204,"featured_media":89931,"comment_status":"closed","ping_status":"open","sticky":false,"template":"","format":"standard","meta":{"jnews-multi-image_gallery":[],"jnews_single_post":{"subtitle":"","format":"standard","video":"","gallery":"","source_name":"","source_url":"","via_name":"","via_url":"","override_template":"0","override":[{"template":"2","single_blog_custom":"","parallax":"1","fullscreen":"1","layout":"right-sidebar","sidebar":"default-sidebar","second_sidebar":"default-sidebar","sticky_sidebar":"1","share_position":"top","share_float_style":"share-monocrhome","show_share_counter":"1","show_view_counter":"1","show_featured":"1","show_post_meta":"1","show_post_author":"1","show_post_author_image":"0","show_post_date":"1","post_date_format":"default","post_date_format_custom":"Y\/m\/d","show_post_category":"1","show_post_reading_time":"0","post_reading_time_wpm":"300","show_zoom_button":"0","zoom_button_out_step":"2","zoom_button_in_step":"3","show_post_tag":"1","show_prev_next_post":"0","show_popup_post":"1","number_popup_post":"1","show_author_box":"1","show_post_related":"0","show_inline_post_related":"0"}],"override_image_size":"0","image_override":[{"single_post_thumbnail_size":"crop-500","single_post_gallery_size":"crop-500"}],"trending_post":"0","trending_post_position":"meta","trending_post_label":"Trending","sponsored_post":"0","sponsored_post_label":"Sponsored by","sponsored_post_name":"","sponsored_post_url":"","sponsored_post_logo_enable":"0","sponsored_post_logo":"","sponsored_post_desc":"","disable_ad":"0"},"jnews_primary_category":{"id":"","hide":""},"jnews_social_meta":{"fb_title":"","fb_description":"","fb_image":"","twitter_title":"","twitter_description":"","twitter_image":""},"jnews_override_counter":{"override_view_counter":"0","view_counter_number":"0","override_share_counter":"0","share_counter_number":"0","override_like_counter":"0","like_counter_number":"0","override_dislike_counter":"0","dislike_counter_number":"0"},"jnews_post_split":{"enable_post_split":"0","post_split":[{"template":"1","tag":"h2","numbering":"asc","mode":"normal","first":"0","enable_toc":"0","toc_type":"normal"}]},"footnotes":""},"categories":[179,209,176],"tags":[],"class_list":["post-89933","post","type-post","status-publish","format-standard","has-post-thumbnail","hentry","category-entertainment","category-espectaculos-en","category-leisure"],"yoast_head":"<!-- This site is optimized with the Yoast SEO plugin v27.4 - https:\/\/yoast.com\/product\/yoast-seo-wordpress\/ -->\n<title>Concert by Mariella K\u00f6hn on the eve of Peru\u2019s National Day<\/title>\n<meta name=\"description\" content=\"On Saturday, July 27 at noon, the singer Mariella K\u00f6hn will offer in the Espacio Ronda the concert entitled Tremendo Jaran\u00f3n.\" \/>\n<meta name=\"robots\" content=\"index, follow, max-snippet:-1, max-image-preview:large, max-video-preview:-1\" \/>\n<link rel=\"canonical\" href=\"https:\/\/thediplomatinspain.com\/en\/2024\/07\/23\/concierto-de-mariella-kohn-en-visperas-del-dia-nacional-del-peru\/\" \/>\n<meta property=\"og:locale\" content=\"en_US\" \/>\n<meta property=\"og:type\" content=\"article\" \/>\n<meta property=\"og:title\" content=\"Concert by Mariella K\u00f6hn on the eve of Peru\u2019s National Day\" \/>\n<meta property=\"og:description\" content=\"On Saturday, July 27 at noon, the singer Mariella K\u00f6hn will offer in the Espacio Ronda the concert entitled Tremendo Jaran\u00f3n.\" \/>\n<meta property=\"og:url\" content=\"https:\/\/thediplomatinspain.com\/en\/2024\/07\/23\/concierto-de-mariella-kohn-en-visperas-del-dia-nacional-del-peru\/\" \/>\n<meta property=\"og:site_name\" content=\"thediplomatinspain.com\" \/>\n<meta property=\"article:publisher\" content=\"https:\/\/www.facebook.com\/thediplomatinspain\" \/>\n<meta property=\"article:published_time\" content=\"2024-07-23T04:00:00+00:00\" \/>\n<meta property=\"og:image\" content=\"https:\/\/thediplomatinspain.com\/wp-content\/uploads\/2024\/07\/Tremendo-Jaranon-ok.jpg\" \/>\n\t<meta property=\"og:image:width\" content=\"750\" \/>\n\t<meta property=\"og:image:height\" content=\"428\" \/>\n\t<meta property=\"og:image:type\" content=\"image\/jpeg\" \/>\n<meta name=\"author\" content=\"Juan David Latorre\" \/>\n<meta name=\"twitter:card\" content=\"summary_large_image\" \/>\n<meta name=\"twitter:creator\" content=\"@diplomatinspain\" \/>\n<meta name=\"twitter:site\" content=\"@diplomatinspain\" \/>\n<meta name=\"twitter:label1\" content=\"Written by\" \/>\n\t<meta name=\"twitter:data1\" content=\"Juan David Latorre\" \/>\n\t<meta name=\"twitter:label2\" content=\"Est. reading time\" \/>\n\t<meta name=\"twitter:data2\" content=\"1 minute\" \/>\n<script type=\"application\/ld+json\" class=\"yoast-schema-graph\">{\"@context\":\"https:\\\/\\\/schema.org\",\"@graph\":[{\"@type\":\"Article\",\"@id\":\"https:\\\/\\\/thediplomatinspain.com\\\/en\\\/2024\\\/07\\\/23\\\/concierto-de-mariella-kohn-en-visperas-del-dia-nacional-del-peru\\\/#article\",\"isPartOf\":{\"@id\":\"https:\\\/\\\/thediplomatinspain.com\\\/en\\\/2024\\\/07\\\/23\\\/concierto-de-mariella-kohn-en-visperas-del-dia-nacional-del-peru\\\/\"},\"author\":{\"name\":\"Juan David Latorre\",\"@id\":\"https:\\\/\\\/thediplomatinspain.com\\\/#\\\/schema\\\/person\\\/bc23729a451553cbb28c59ed696ced53\"},\"headline\":\"Concert by Mariella K\u00f6hn on the eve of Peru\u2019s National Day\",\"datePublished\":\"2024-07-23T04:00:00+00:00\",\"mainEntityOfPage\":{\"@id\":\"https:\\\/\\\/thediplomatinspain.com\\\/en\\\/2024\\\/07\\\/23\\\/concierto-de-mariella-kohn-en-visperas-del-dia-nacional-del-peru\\\/\"},\"wordCount\":162,\"publisher\":{\"@id\":\"https:\\\/\\\/thediplomatinspain.com\\\/#organization\"},\"image\":{\"@id\":\"https:\\\/\\\/thediplomatinspain.com\\\/en\\\/2024\\\/07\\\/23\\\/concierto-de-mariella-kohn-en-visperas-del-dia-nacional-del-peru\\\/#primaryimage\"},\"thumbnailUrl\":\"https:\\\/\\\/thediplomatinspain.com\\\/wp-content\\\/uploads\\\/2024\\\/07\\\/Tremendo-Jaranon-ok.jpg\",\"articleSection\":[\"Entertainment\",\"Espect\u00e1culos\",\"Leisure\"],\"inLanguage\":\"en-US\"},{\"@type\":\"WebPage\",\"@id\":\"https:\\\/\\\/thediplomatinspain.com\\\/en\\\/2024\\\/07\\\/23\\\/concierto-de-mariella-kohn-en-visperas-del-dia-nacional-del-peru\\\/\",\"url\":\"https:\\\/\\\/thediplomatinspain.com\\\/en\\\/2024\\\/07\\\/23\\\/concierto-de-mariella-kohn-en-visperas-del-dia-nacional-del-peru\\\/\",\"name\":\"Concert by Mariella K\u00f6hn on the eve of Peru\u2019s National Day\",\"isPartOf\":{\"@id\":\"https:\\\/\\\/thediplomatinspain.com\\\/#website\"},\"primaryImageOfPage\":{\"@id\":\"https:\\\/\\\/thediplomatinspain.com\\\/en\\\/2024\\\/07\\\/23\\\/concierto-de-mariella-kohn-en-visperas-del-dia-nacional-del-peru\\\/#primaryimage\"},\"image\":{\"@id\":\"https:\\\/\\\/thediplomatinspain.com\\\/en\\\/2024\\\/07\\\/23\\\/concierto-de-mariella-kohn-en-visperas-del-dia-nacional-del-peru\\\/#primaryimage\"},\"thumbnailUrl\":\"https:\\\/\\\/thediplomatinspain.com\\\/wp-content\\\/uploads\\\/2024\\\/07\\\/Tremendo-Jaranon-ok.jpg\",\"datePublished\":\"2024-07-23T04:00:00+00:00\",\"description\":\"On Saturday, July 27 at noon, the singer Mariella K\u00f6hn will offer in the Espacio Ronda the concert entitled Tremendo Jaran\u00f3n.\",\"breadcrumb\":{\"@id\":\"https:\\\/\\\/thediplomatinspain.com\\\/en\\\/2024\\\/07\\\/23\\\/concierto-de-mariella-kohn-en-visperas-del-dia-nacional-del-peru\\\/#breadcrumb\"},\"inLanguage\":\"en-US\",\"potentialAction\":[{\"@type\":\"ReadAction\",\"target\":[\"https:\\\/\\\/thediplomatinspain.com\\\/en\\\/2024\\\/07\\\/23\\\/concierto-de-mariella-kohn-en-visperas-del-dia-nacional-del-peru\\\/\"]}]},{\"@type\":\"ImageObject\",\"inLanguage\":\"en-US\",\"@id\":\"https:\\\/\\\/thediplomatinspain.com\\\/en\\\/2024\\\/07\\\/23\\\/concierto-de-mariella-kohn-en-visperas-del-dia-nacional-del-peru\\\/#primaryimage\",\"url\":\"https:\\\/\\\/thediplomatinspain.com\\\/wp-content\\\/uploads\\\/2024\\\/07\\\/Tremendo-Jaranon-ok.jpg\",\"contentUrl\":\"https:\\\/\\\/thediplomatinspain.com\\\/wp-content\\\/uploads\\\/2024\\\/07\\\/Tremendo-Jaranon-ok.jpg\",\"width\":750,\"height\":428},{\"@type\":\"BreadcrumbList\",\"@id\":\"https:\\\/\\\/thediplomatinspain.com\\\/en\\\/2024\\\/07\\\/23\\\/concierto-de-mariella-kohn-en-visperas-del-dia-nacional-del-peru\\\/#breadcrumb\",\"itemListElement\":[{\"@type\":\"ListItem\",\"position\":1,\"name\":\"Portada\",\"item\":\"https:\\\/\\\/thediplomatinspain.com\\\/en\\\/\"},{\"@type\":\"ListItem\",\"position\":2,\"name\":\"Concert by Mariella K\u00f6hn on the eve of Peru\u2019s National Day\"}]},{\"@type\":\"WebSite\",\"@id\":\"https:\\\/\\\/thediplomatinspain.com\\\/#website\",\"url\":\"https:\\\/\\\/thediplomatinspain.com\\\/\",\"name\":\"thediplomatinspain.com\",\"description\":\"Diario digital de referencia para diplom\u00e1ticos y empresas\",\"publisher\":{\"@id\":\"https:\\\/\\\/thediplomatinspain.com\\\/#organization\"},\"potentialAction\":[{\"@type\":\"SearchAction\",\"target\":{\"@type\":\"EntryPoint\",\"urlTemplate\":\"https:\\\/\\\/thediplomatinspain.com\\\/?s={search_term_string}\"},\"query-input\":{\"@type\":\"PropertyValueSpecification\",\"valueRequired\":true,\"valueName\":\"search_term_string\"}}],\"inLanguage\":\"en-US\"},{\"@type\":\"Organization\",\"@id\":\"https:\\\/\\\/thediplomatinspain.com\\\/#organization\",\"name\":\"thediplomatinspain.com\",\"url\":\"https:\\\/\\\/thediplomatinspain.com\\\/\",\"logo\":{\"@type\":\"ImageObject\",\"inLanguage\":\"en-US\",\"@id\":\"https:\\\/\\\/thediplomatinspain.com\\\/#\\\/schema\\\/logo\\\/image\\\/\",\"url\":\"https:\\\/\\\/thediplomatinspain.com\\\/wp-content\\\/uploads\\\/2024\\\/06\\\/logo_the_diplomat.png\",\"contentUrl\":\"https:\\\/\\\/thediplomatinspain.com\\\/wp-content\\\/uploads\\\/2024\\\/06\\\/logo_the_diplomat.png\",\"width\":284,\"height\":77,\"caption\":\"thediplomatinspain.com\"},\"image\":{\"@id\":\"https:\\\/\\\/thediplomatinspain.com\\\/#\\\/schema\\\/logo\\\/image\\\/\"},\"sameAs\":[\"https:\\\/\\\/www.facebook.com\\\/thediplomatinspain\",\"https:\\\/\\\/x.com\\\/diplomatinspain\",\"https:\\\/\\\/www.youtube.com\\\/channel\\\/UCK0mRqeeZDKdFeiFQZLcH2A\"]},{\"@type\":\"Person\",\"@id\":\"https:\\\/\\\/thediplomatinspain.com\\\/#\\\/schema\\\/person\\\/bc23729a451553cbb28c59ed696ced53\",\"name\":\"Juan David Latorre\",\"image\":{\"@type\":\"ImageObject\",\"inLanguage\":\"en-US\",\"@id\":\"https:\\\/\\\/secure.gravatar.com\\\/avatar\\\/2d39dcb59d17733b9ee745ca1ab1eeff6f72ef14623e21bb10f63bfb965c847a?s=96&d=mm&r=g\",\"url\":\"https:\\\/\\\/secure.gravatar.com\\\/avatar\\\/2d39dcb59d17733b9ee745ca1ab1eeff6f72ef14623e21bb10f63bfb965c847a?s=96&d=mm&r=g\",\"contentUrl\":\"https:\\\/\\\/secure.gravatar.com\\\/avatar\\\/2d39dcb59d17733b9ee745ca1ab1eeff6f72ef14623e21bb10f63bfb965c847a?s=96&d=mm&r=g\",\"caption\":\"Juan David Latorre\"},\"url\":\"https:\\\/\\\/thediplomatinspain.com\\\/en\\\/author\\\/jdlatorre\\\/\"},{\"@type\":[\"Organization\",\"NewsMediaOrganization\"],\"@id\":\"https:\\\/\\\/thediplomatinspain.com\\\/en\\\/#organization\"},{\"@type\":\"SiteNavigationElement\",\"@id\":\"https:\\\/\\\/thediplomatinspain.com\\\/en\\\/#site-navigation\",\"cssSelector\":[\".cib-main-menu\"]},{\"@type\":\"WPHeader\",\"@id\":\"https:\\\/\\\/thediplomatinspain.com\\\/en\\\/#header\",\"cssSelector\":[\".cib-header\"]},{\"@type\":\"WPFooter\",\"@id\":\"https:\\\/\\\/thediplomatinspain.com\\\/en\\\/#footer\",\"cssSelector\":[\".cib-footer\"]}]}<\/script>\n<!-- \/ Yoast SEO plugin. -->","yoast_head_json":{"title":"Concert by Mariella K\u00f6hn on the eve of Peru\u2019s National Day","description":"On Saturday, July 27 at noon, the singer Mariella K\u00f6hn will offer in the Espacio Ronda the concert entitled Tremendo Jaran\u00f3n.","robots":{"index":"index","follow":"follow","max-snippet":"max-snippet:-1","max-image-preview":"max-image-preview:large","max-video-preview":"max-video-preview:-1"},"canonical":"https:\/\/thediplomatinspain.com\/en\/2024\/07\/23\/concierto-de-mariella-kohn-en-visperas-del-dia-nacional-del-peru\/","og_locale":"en_US","og_type":"article","og_title":"Concert by Mariella K\u00f6hn on the eve of Peru\u2019s National Day","og_description":"On Saturday, July 27 at noon, the singer Mariella K\u00f6hn will offer in the Espacio Ronda the concert entitled Tremendo Jaran\u00f3n.","og_url":"https:\/\/thediplomatinspain.com\/en\/2024\/07\/23\/concierto-de-mariella-kohn-en-visperas-del-dia-nacional-del-peru\/","og_site_name":"thediplomatinspain.com","article_publisher":"https:\/\/www.facebook.com\/thediplomatinspain","article_published_time":"2024-07-23T04:00:00+00:00","og_image":[{"width":750,"height":428,"url":"https:\/\/thediplomatinspain.com\/wp-content\/uploads\/2024\/07\/Tremendo-Jaranon-ok.jpg","type":"image\/jpeg"}],"author":"Juan David Latorre","twitter_card":"summary_large_image","twitter_creator":"@diplomatinspain","twitter_site":"@diplomatinspain","twitter_misc":{"Written by":"Juan David Latorre","Est. reading time":"1 minute"},"schema":{"@context":"https:\/\/schema.org","@graph":[{"@type":"Article","@id":"https:\/\/thediplomatinspain.com\/en\/2024\/07\/23\/concierto-de-mariella-kohn-en-visperas-del-dia-nacional-del-peru\/#article","isPartOf":{"@id":"https:\/\/thediplomatinspain.com\/en\/2024\/07\/23\/concierto-de-mariella-kohn-en-visperas-del-dia-nacional-del-peru\/"},"author":{"name":"Juan David Latorre","@id":"https:\/\/thediplomatinspain.com\/#\/schema\/person\/bc23729a451553cbb28c59ed696ced53"},"headline":"Concert by Mariella K\u00f6hn on the eve of Peru\u2019s National Day","datePublished":"2024-07-23T04:00:00+00:00","mainEntityOfPage":{"@id":"https:\/\/thediplomatinspain.com\/en\/2024\/07\/23\/concierto-de-mariella-kohn-en-visperas-del-dia-nacional-del-peru\/"},"wordCount":162,"publisher":{"@id":"https:\/\/thediplomatinspain.com\/#organization"},"image":{"@id":"https:\/\/thediplomatinspain.com\/en\/2024\/07\/23\/concierto-de-mariella-kohn-en-visperas-del-dia-nacional-del-peru\/#primaryimage"},"thumbnailUrl":"https:\/\/thediplomatinspain.com\/wp-content\/uploads\/2024\/07\/Tremendo-Jaranon-ok.jpg","articleSection":["Entertainment","Espect\u00e1culos","Leisure"],"inLanguage":"en-US"},{"@type":"WebPage","@id":"https:\/\/thediplomatinspain.com\/en\/2024\/07\/23\/concierto-de-mariella-kohn-en-visperas-del-dia-nacional-del-peru\/","url":"https:\/\/thediplomatinspain.com\/en\/2024\/07\/23\/concierto-de-mariella-kohn-en-visperas-del-dia-nacional-del-peru\/","name":"Concert by Mariella K\u00f6hn on the eve of Peru\u2019s National Day","isPartOf":{"@id":"https:\/\/thediplomatinspain.com\/#website"},"primaryImageOfPage":{"@id":"https:\/\/thediplomatinspain.com\/en\/2024\/07\/23\/concierto-de-mariella-kohn-en-visperas-del-dia-nacional-del-peru\/#primaryimage"},"image":{"@id":"https:\/\/thediplomatinspain.com\/en\/2024\/07\/23\/concierto-de-mariella-kohn-en-visperas-del-dia-nacional-del-peru\/#primaryimage"},"thumbnailUrl":"https:\/\/thediplomatinspain.com\/wp-content\/uploads\/2024\/07\/Tremendo-Jaranon-ok.jpg","datePublished":"2024-07-23T04:00:00+00:00","description":"On Saturday, July 27 at noon, the singer Mariella K\u00f6hn will offer in the Espacio Ronda the concert entitled Tremendo Jaran\u00f3n.","breadcrumb":{"@id":"https:\/\/thediplomatinspain.com\/en\/2024\/07\/23\/concierto-de-mariella-kohn-en-visperas-del-dia-nacional-del-peru\/#breadcrumb"},"inLanguage":"en-US","potentialAction":[{"@type":"ReadAction","target":["https:\/\/thediplomatinspain.com\/en\/2024\/07\/23\/concierto-de-mariella-kohn-en-visperas-del-dia-nacional-del-peru\/"]}]},{"@type":"ImageObject","inLanguage":"en-US","@id":"https:\/\/thediplomatinspain.com\/en\/2024\/07\/23\/concierto-de-mariella-kohn-en-visperas-del-dia-nacional-del-peru\/#primaryimage","url":"https:\/\/thediplomatinspain.com\/wp-content\/uploads\/2024\/07\/Tremendo-Jaranon-ok.jpg","contentUrl":"https:\/\/thediplomatinspain.com\/wp-content\/uploads\/2024\/07\/Tremendo-Jaranon-ok.jpg","width":750,"height":428},{"@type":"BreadcrumbList","@id":"https:\/\/thediplomatinspain.com\/en\/2024\/07\/23\/concierto-de-mariella-kohn-en-visperas-del-dia-nacional-del-peru\/#breadcrumb","itemListElement":[{"@type":"ListItem","position":1,"name":"Portada","item":"https:\/\/thediplomatinspain.com\/en\/"},{"@type":"ListItem","position":2,"name":"Concert by Mariella K\u00f6hn on the eve of Peru\u2019s National Day"}]},{"@type":"WebSite","@id":"https:\/\/thediplomatinspain.com\/#website","url":"https:\/\/thediplomatinspain.com\/","name":"thediplomatinspain.com","description":"Diario digital de referencia para diplom\u00e1ticos y empresas","publisher":{"@id":"https:\/\/thediplomatinspain.com\/#organization"},"potentialAction":[{"@type":"SearchAction","target":{"@type":"EntryPoint","urlTemplate":"https:\/\/thediplomatinspain.com\/?s={search_term_string}"},"query-input":{"@type":"PropertyValueSpecification","valueRequired":true,"valueName":"search_term_string"}}],"inLanguage":"en-US"},{"@type":"Organization","@id":"https:\/\/thediplomatinspain.com\/#organization","name":"thediplomatinspain.com","url":"https:\/\/thediplomatinspain.com\/","logo":{"@type":"ImageObject","inLanguage":"en-US","@id":"https:\/\/thediplomatinspain.com\/#\/schema\/logo\/image\/","url":"https:\/\/thediplomatinspain.com\/wp-content\/uploads\/2024\/06\/logo_the_diplomat.png","contentUrl":"https:\/\/thediplomatinspain.com\/wp-content\/uploads\/2024\/06\/logo_the_diplomat.png","width":284,"height":77,"caption":"thediplomatinspain.com"},"image":{"@id":"https:\/\/thediplomatinspain.com\/#\/schema\/logo\/image\/"},"sameAs":["https:\/\/www.facebook.com\/thediplomatinspain","https:\/\/x.com\/diplomatinspain","https:\/\/www.youtube.com\/channel\/UCK0mRqeeZDKdFeiFQZLcH2A"]},{"@type":"Person","@id":"https:\/\/thediplomatinspain.com\/#\/schema\/person\/bc23729a451553cbb28c59ed696ced53","name":"Juan David Latorre","image":{"@type":"ImageObject","inLanguage":"en-US","@id":"https:\/\/secure.gravatar.com\/avatar\/2d39dcb59d17733b9ee745ca1ab1eeff6f72ef14623e21bb10f63bfb965c847a?s=96&d=mm&r=g","url":"https:\/\/secure.gravatar.com\/avatar\/2d39dcb59d17733b9ee745ca1ab1eeff6f72ef14623e21bb10f63bfb965c847a?s=96&d=mm&r=g","contentUrl":"https:\/\/secure.gravatar.com\/avatar\/2d39dcb59d17733b9ee745ca1ab1eeff6f72ef14623e21bb10f63bfb965c847a?s=96&d=mm&r=g","caption":"Juan David Latorre"},"url":"https:\/\/thediplomatinspain.com\/en\/author\/jdlatorre\/"},{"@type":["Organization","NewsMediaOrganization"],"@id":"https:\/\/thediplomatinspain.com\/en\/#organization"},{"@type":"SiteNavigationElement","@id":"https:\/\/thediplomatinspain.com\/en\/#site-navigation","cssSelector":[".cib-main-menu"]},{"@type":"WPHeader","@id":"https:\/\/thediplomatinspain.com\/en\/#header","cssSelector":[".cib-header"]},{"@type":"WPFooter","@id":"https:\/\/thediplomatinspain.com\/en\/#footer","cssSelector":[".cib-footer"]}]}},"amp_enabled":true,"_links":{"self":[{"href":"https:\/\/thediplomatinspain.com\/en\/wp-json\/wp\/v2\/posts\/89933","targetHints":{"allow":["GET"]}}],"collection":[{"href":"https:\/\/thediplomatinspain.com\/en\/wp-json\/wp\/v2\/posts"}],"about":[{"href":"https:\/\/thediplomatinspain.com\/en\/wp-json\/wp\/v2\/types\/post"}],"author":[{"embeddable":true,"href":"https:\/\/thediplomatinspain.com\/en\/wp-json\/wp\/v2\/users\/204"}],"replies":[{"embeddable":true,"href":"https:\/\/thediplomatinspain.com\/en\/wp-json\/wp\/v2\/comments?post=89933"}],"version-history":[{"count":0,"href":"https:\/\/thediplomatinspain.com\/en\/wp-json\/wp\/v2\/posts\/89933\/revisions"}],"wp:featuredmedia":[{"embeddable":true,"href":"https:\/\/thediplomatinspain.com\/en\/wp-json\/wp\/v2\/media\/89931"}],"wp:attachment":[{"href":"https:\/\/thediplomatinspain.com\/en\/wp-json\/wp\/v2\/media?parent=89933"}],"wp:term":[{"taxonomy":"category","embeddable":true,"href":"https:\/\/thediplomatinspain.com\/en\/wp-json\/wp\/v2\/categories?post=89933"},{"taxonomy":"post_tag","embeddable":true,"href":"https:\/\/thediplomatinspain.com\/en\/wp-json\/wp\/v2\/tags?post=89933"}],"curies":[{"name":"wp","href":"https:\/\/api.w.org\/{rel}","templated":true}]}}