{"id":89299,"date":"2024-08-11T06:07:00","date_gmt":"2024-08-11T04:07:00","guid":{"rendered":"https:\/\/thediplomatinspain.com\/?p=89299"},"modified":"2024-08-07T19:24:02","modified_gmt":"2024-08-07T17:24:02","slug":"one-hundred-years-have-passed-since-the-shelving-of-the-disastrous-colonial-war-in-morocco","status":"publish","type":"post","link":"https:\/\/thediplomatinspain.com\/en\/2024\/08\/11\/one-hundred-years-have-passed-since-the-shelving-of-the-disastrous-colonial-war-in-morocco\/","title":{"rendered":"One hundred years have passed since the \u201cshelving\u201d of the disastrous colonial war in Morocco"},"content":{"rendered":"<div class=\"mp_wrapper\">\n  <div class=\"mepr-unauthorized-excerpt\">\n    <p>Eduardo Gonz\u00e1lez<br \/>\nJust over a month ago, on July 4, it was one hundred years since the dictator Miguel Primo de Rivera's decision to declare a general amnesty for all those involved in the so-called \u201cPicasso File\u201d, the report that exposed the chain of errors that accelerated Spain's defeat in the disastrous colonial war in Morocco.<br \/>\nAt the end of the 19th century, Morocco had become Spain\u2019s last asset to feel like an international power after the loss of the colonial empire.&nbsp;French imperialist pressures, on the one hand, and pressures from the military, on the other, encouraged the two great dynastic parties (Liberal and Conservative) to get involved in North Africa and to claim for Spain its share of the cake in the distribution of Africa between the European powers, alleging alleged historical rights and the defense of the Canary Islands and their African enclaves.<br \/>\n&nbsp;As the author Roc\u00edo Velasco de Castro, from the University of Extremadura, points out, at the end of the 19th century Spanish troops already had to face the armed resistance of the local populations in the so-called&nbsp;Margallo War (1893-1894), named after General Juan Garc\u00eda-Margallo y Garc\u00eda, great-grandfather of former Foreign Minister Jos\u00e9 Manuel Garc\u00eda-Margallo, who died during a confrontation with the Riffian militias at the Cabrerizas Altas Fort, in Melilla.<br \/>\n&nbsp;Spain officially took control of the coastal regions of the Rif, under a Protectorate regime, thanks to the Franco-Spanish bilateral treaty of 1904 and, above all, to the Algeciras Conference of 1906 for the distribution of the areas of influence in Morocco&nbsp;(which was completed in 1912 with the creation of a third international administration around Tangier). Thanks to this, Spain had achieved international recognition of its possessions in Morocco, but could not get the support of the Riffian Kabyles, who began to direct their attacks, above all, towards Spanish mining facilities.<br \/>\n&nbsp;Under pressure from military and economic circles, very interested in the very lucrative iron mines in the Rif, Spain launched progressively, especially from 1906, on an adventure in Morocco&nbsp;with a poorly organized army (almost 20,000 officers and generals). for barely 80,000 soldiers) and poorly prepared and in whose ranks the group of \u201cAfricanist\u201d soldiers had begun to grow, which would have so much weight in the Civil War of 1936-1939.<br \/>\nThe Annual Disaster and the Picasso file<br \/>\nThe war in Morocco experienced two especially hard moments, both with the seal of \u201cdisaster\u201d:&nbsp;the Barranco del Lobo Disaster, in July 1909, with more than 150 dead Spanish soldiers (a few dates after the outbreak of revolts in Madrid and Barcelona , precisely against the forced mobilization of reservists to fight in Morocco), and&nbsp;the Annual Disaster, between July and August 1921, which caused between 8,000 and 13,000 deaths, hundreds wounded and more than five hundred captives at the hands of the Riffian militias of an old collaborator of the Spanish, Abd el-Krim, and that implied the complete disappearance of an 80 kilometer front and the almost total lack of protection of the General Command of Melilla.<br \/>\n&nbsp;After knowing the seriousness of the defeat -which generated in Spain a wave of indignation against the war that ended up deteriorating the Restoration regime-, the newly minister of War, Juan de la Cierva, ordered an investigation to clarify what happened and settle responsibilities. For this purpose, on August 4, 1921,&nbsp;an investigation commission was created, chaired by General Juan Picasso Gonz\u00e1lez. The commission\u2019s file, the so-called \u201cPicasso file\u201d, determined among the causes of the disaster the abuses against the Riffian population, which generated strong hostility against the Spanish presence; the clumsiness, inefficiency and cowardice of some high military commanders, the bad relations between the highest authorities of the Protectorate, the equipment problems, the lack of training of the combatants, the embezzlement and the smuggling of arms with the enemy. The report (which contributed to the fall of the conservative government of Antonio Maura) was delivered in April 2022 to the Supreme Council of War and Navy and, after its approval, it was sent to the Parliament in July.<br \/>\n&nbsp;In addition, the Picasso file (again following the historian Roc\u00edo Velasco de Castro) also contributed to changing the perception of public opinion about the war in Morocco and caused widespread social indignation and a political scandal that directly affected King Alfonso XIII and the high commands of the Army of Africa.&nbsp;At that point, Spanish society was already highly polarized, not only between \u201cdeniers\u201d and \u201cresponsibilityists\u201d, but even between those who spread the blame to the Monarch and those who did not go as far as that and were merciless only with the political class.<br \/>\nCoup d\u2019\u00e9tat and final point<br \/>\nIn this context, the Parliament convened a meeting for October 2 in order to discuss the purification of political and military responsibilities. However, the debate was not possible. On September 13, 1923, the Captain General of Catalonia, Miguel Primo de Rivera, carried out a coup, dissolved the Cortes and proclaimed the Dictatorship. Immediately after that, the Picasso file was returned to the Supreme War and Navy Council (a body with exclusively military powers), which issued its ruling and handed down a few light and few sentences. Light, scarce and without any effect, because, on&nbsp;July 4, 1924, Alfonso XIII signed an amnesty for those prosecuted or convicted of the Annual Disaster&nbsp;that allowed the final shelving of the entire process of purging responsibilities and putting an end to the Criticism of the Monarchy.<br \/>\nThe main beneficiary of that amnesty was D\u00e1maso Berenguer, who, in his capacity as High Commissioner of Spain in Morocco between January 1919 and July 1922, had been prosecuted for negligence and separated from service for his responsibility in the Annual Disaster. . Over time, and once duly \u201cwhitened\u201d, Berenguer ended up becoming president of the Council of Ministers between 1930 and 1931, during the so-called \u201cDictablanda\u201d.<br \/>\n&nbsp;On the other hand,&nbsp;the dictator Primo de Rivera&nbsp;(who, curiously, had been significant for his rejection of the war in Morocco, to the point of proposing in 1917, when he was Captain General of C\u00e1diz, the abandonment of the Rif and the exchange of Ceuta for Gibraltar) decided, in October 1924,&nbsp;to personally assume command of the Army of Africa to put an end to the Rif revolt through a broad offensive that began at the end of 1924 and lasted throughout 1925.<br \/>\n&nbsp;To do this, he had the support of France, whose positions were also being threatened, to launch the famous&nbsp;Al Hoceima Landing on September 8, 1925, the first air-naval landing in history, in which more than 13,000 soldiers took part and which allowed put an end to the Riffian state of Abd el-Krim, as recorded by the historian Alfonso Iglesias Amor\u00edn, from the University of Santiago de Compostela.<br \/>\n&nbsp;Despite this defeat, the Riffian Kabyles continued to resist, which gave rise to a vast counterinsurgency operation (\u201cpacification\u201d, in the language of the Dictatorship) throughout 1927 that allowed them to occupy the entire territory of the Protectorate, disarm the Kabyles and submit them to the command of indigenous people controlled by the Spanish military.&nbsp;With this, Spain consolidated its dominance in Morocco until the uprisings that would put an end to the Franco-Spanish Protectorate and led to the country\u2019s independence in 1956.<br \/>\n...<\/p>\n  <\/div>\n  <div class=\"mepr-login-form-wrap\">\n            \n<div class=\"mp_wrapper mp_login_form\">\n                  <!-- mp-login-form-start -->     <form name=\"mepr_loginform\" id=\"mepr_loginform\" class=\"mepr-form\" action=\"https:\/\/thediplomatinspain.com\/login\/\" method=\"post\">\n            <div class=\"mp-form-row mepr_username\">\n        <div class=\"mp-form-label\">\n                              <label for=\"user_login\">Username<\/label>\n                  <\/div>\n        <input type=\"text\" name=\"log\" id=\"user_login\" value=\"\" \/>\n      <\/div>\n      <div class=\"mp-form-row mepr_password\">\n        <div class=\"mp-form-label\">\n          <label for=\"user_pass\">Password<\/label>\n                    <div class=\"mp-hide-pw\">\n            <input type=\"password\" name=\"pwd\" id=\"user_pass\" value=\"\" \/>\n            <button type=\"button\" class=\"button mp-hide-pw hide-if-no-js\" data-toggle=\"0\" aria-label=\"Show password\">\n              <span class=\"dashicons dashicons-visibility\" aria-hidden=\"true\"><\/span>\n            <\/button>\n          <\/div>\n        <\/div>\n      <\/div>\n            <div>\n        <label><input name=\"rememberme\" type=\"checkbox\" id=\"rememberme\" value=\"forever\" \/> Remember Me<\/label>\n      <\/div>\n      <div class=\"mp-spacer\">&nbsp;<\/div>\n      <div class=\"submit\">\n        <input type=\"submit\" name=\"wp-submit\" id=\"wp-submit\" class=\"button-primary mepr-share-button \" value=\"Log In\" \/>\n        <input type=\"hidden\" name=\"redirect_to\" value=\"\/en\/wp-json\/wp\/v2\/posts\/89299\" \/>\n        <input type=\"hidden\" name=\"mepr_process_login_form\" value=\"true\" \/>\n        <input type=\"hidden\" name=\"mepr_is_login_page\" value=\"false\" \/>\n      <\/div>\n    <\/form>\n    <div class=\"mp-spacer\">&nbsp;<\/div>\n    <div class=\"mepr-login-actions\">\n      <a href=\"https:\/\/thediplomatinspain.com\/login\/?action=forgot_password\">Forgot Password<\/a>\n    <\/div>\n\n      \n    <!-- mp-login-form-end --> \n  <\/div>\n      <\/div>\n<\/div>\n\n","protected":false},"excerpt":{"rendered":"<p>Eduardo Gonz\u00e1lez Just over a month ago, on July 4, it was one hundred years since the dictator Miguel Primo de Rivera&#8217;s decision to declare a general amnesty for all those involved in the so-called \u201cPicasso File\u201d, the report that exposed the chain of errors that accelerated Spain&#8217;s defeat in the disastrous colonial war in [&hellip;]<\/p>\n","protected":false},"author":91,"featured_media":89296,"comment_status":"open","ping_status":"open","sticky":false,"template":"","format":"standard","meta":{"jnews-multi-image_gallery":[],"jnews_single_post":{"subtitle":"In July 1924, Alfonso XIII granted amnesty to those involved in the \u201cPicasso File,\u201d the report that revealed the chain of errors that accelerated Spain's defeat","format":"standard","video":"","gallery":"","source_name":"","source_url":"","via_name":"","via_url":"","override_template":"0","override":[{"template":"2","single_blog_custom":"","parallax":"1","fullscreen":"1","layout":"right-sidebar","sidebar":"default-sidebar","second_sidebar":"default-sidebar","sticky_sidebar":"1","share_position":"top","share_float_style":"share-monocrhome","show_share_counter":"1","show_view_counter":"1","show_featured":"1","show_post_meta":"1","show_post_author":"1","show_post_author_image":"0","show_post_date":"1","post_date_format":"default","post_date_format_custom":"Y\/m\/d","show_post_category":"1","show_post_reading_time":"0","post_reading_time_wpm":"300","show_zoom_button":"0","zoom_button_out_step":"2","zoom_button_in_step":"3","show_post_tag":"1","show_prev_next_post":"0","show_popup_post":"1","number_popup_post":"1","show_author_box":"1","show_post_related":"0","show_inline_post_related":"0"}],"override_image_size":"0","image_override":[{"single_post_thumbnail_size":"crop-500","single_post_gallery_size":"crop-500"}],"trending_post":"0","trending_post_position":"meta","trending_post_label":"Trending","sponsored_post":"0","sponsored_post_label":"Sponsored by","sponsored_post_name":"","sponsored_post_url":"","sponsored_post_logo_enable":"0","sponsored_post_logo":"","sponsored_post_desc":"","disable_ad":"0"},"jnews_primary_category":{"id":"","hide":""},"jnews_social_meta":{"fb_title":"","fb_description":"","fb_image":"","twitter_title":"","twitter_description":"","twitter_image":""},"jnews_override_counter":{"override_view_counter":"0","view_counter_number":"0","override_share_counter":"0","share_counter_number":"0","override_like_counter":"0","like_counter_number":"0","override_dislike_counter":"0","dislike_counter_number":"0"},"jnews_post_split":{"enable_post_split":"0","post_split":[{"template":"1","tag":"h2","numbering":"asc","mode":"normal","first":"0","enable_toc":"0","toc_type":"normal"}]},"footnotes":""},"categories":[164,158,201],"tags":[],"class_list":["post-89299","post","type-post","status-publish","format-standard","has-post-thumbnail","hentry","category-diplomacy-with-a-history","category-frontpage-en","category-suscriptores-en"],"yoast_head":"<!-- This site is optimized with the Yoast SEO plugin v27.4 - https:\/\/yoast.com\/product\/yoast-seo-wordpress\/ -->\n<title>One hundred years since the \u201cshelving\u201d of colonial war in Morocco<\/title>\n<meta name=\"description\" content=\"July 4 marked one hundred years since Miguel Primo de Rivera&#039;s decision to grant amnesty to those involved in the \u201cPicasso File.\u201d\" \/>\n<meta name=\"robots\" content=\"index, follow, max-snippet:-1, max-image-preview:large, max-video-preview:-1\" \/>\n<link rel=\"canonical\" href=\"https:\/\/thediplomatinspain.com\/en\/2024\/08\/11\/one-hundred-years-have-passed-since-the-shelving-of-the-disastrous-colonial-war-in-morocco\/\" \/>\n<meta property=\"og:locale\" content=\"en_US\" \/>\n<meta property=\"og:type\" content=\"article\" \/>\n<meta property=\"og:title\" content=\"One hundred years since the \u201cshelving\u201d of colonial war in Morocco\" \/>\n<meta property=\"og:description\" content=\"July 4 marked one hundred years since Miguel Primo de Rivera&#039;s decision to grant amnesty to those involved in the \u201cPicasso File.\u201d\" \/>\n<meta property=\"og:url\" content=\"https:\/\/thediplomatinspain.com\/en\/2024\/08\/11\/one-hundred-years-have-passed-since-the-shelving-of-the-disastrous-colonial-war-in-morocco\/\" \/>\n<meta property=\"og:site_name\" content=\"thediplomatinspain.com\" \/>\n<meta property=\"article:publisher\" content=\"https:\/\/www.facebook.com\/thediplomatinspain\" \/>\n<meta property=\"article:published_time\" content=\"2024-08-11T04:07:00+00:00\" \/>\n<meta property=\"og:image\" content=\"https:\/\/thediplomatinspain.com\/wp-content\/uploads\/2024\/07\/Damaso_Berenguer_Fuste.jpg\" \/>\n\t<meta property=\"og:image:width\" content=\"750\" \/>\n\t<meta property=\"og:image:height\" content=\"423\" \/>\n\t<meta property=\"og:image:type\" content=\"image\/jpeg\" \/>\n<meta name=\"author\" content=\"Eduardo Gonz\u00e1lez\" \/>\n<meta name=\"twitter:card\" content=\"summary_large_image\" \/>\n<meta name=\"twitter:creator\" content=\"@diplomatinspain\" \/>\n<meta name=\"twitter:site\" content=\"@diplomatinspain\" \/>\n<meta name=\"twitter:label1\" content=\"Written by\" \/>\n\t<meta name=\"twitter:data1\" content=\"Eduardo Gonz\u00e1lez\" \/>\n\t<meta name=\"twitter:label2\" content=\"Est. reading time\" \/>\n\t<meta name=\"twitter:data2\" content=\"6 minutes\" \/>\n<script type=\"application\/ld+json\" class=\"yoast-schema-graph\">{\"@context\":\"https:\\\/\\\/schema.org\",\"@graph\":[{\"@type\":\"Article\",\"@id\":\"https:\\\/\\\/thediplomatinspain.com\\\/en\\\/2024\\\/08\\\/11\\\/one-hundred-years-have-passed-since-the-shelving-of-the-disastrous-colonial-war-in-morocco\\\/#article\",\"isPartOf\":{\"@id\":\"https:\\\/\\\/thediplomatinspain.com\\\/en\\\/2024\\\/08\\\/11\\\/one-hundred-years-have-passed-since-the-shelving-of-the-disastrous-colonial-war-in-morocco\\\/\"},\"author\":{\"name\":\"Eduardo Gonz\u00e1lez\",\"@id\":\"https:\\\/\\\/thediplomatinspain.com\\\/#\\\/schema\\\/person\\\/3486da7260c1ed500a030f75a625d6ba\"},\"headline\":\"One hundred years have passed since the \u201cshelving\u201d of the disastrous colonial war in Morocco\",\"datePublished\":\"2024-08-11T04:07:00+00:00\",\"mainEntityOfPage\":{\"@id\":\"https:\\\/\\\/thediplomatinspain.com\\\/en\\\/2024\\\/08\\\/11\\\/one-hundred-years-have-passed-since-the-shelving-of-the-disastrous-colonial-war-in-morocco\\\/\"},\"wordCount\":1226,\"commentCount\":0,\"publisher\":{\"@id\":\"https:\\\/\\\/thediplomatinspain.com\\\/#organization\"},\"image\":{\"@id\":\"https:\\\/\\\/thediplomatinspain.com\\\/en\\\/2024\\\/08\\\/11\\\/one-hundred-years-have-passed-since-the-shelving-of-the-disastrous-colonial-war-in-morocco\\\/#primaryimage\"},\"thumbnailUrl\":\"https:\\\/\\\/thediplomatinspain.com\\\/wp-content\\\/uploads\\\/2024\\\/07\\\/Damaso_Berenguer_Fuste.jpg\",\"articleSection\":[\"Diplomacy with a history\",\"Frontpage\",\"Suscriptores\"],\"inLanguage\":\"en-US\",\"potentialAction\":[{\"@type\":\"CommentAction\",\"name\":\"Comment\",\"target\":[\"https:\\\/\\\/thediplomatinspain.com\\\/en\\\/2024\\\/08\\\/11\\\/one-hundred-years-have-passed-since-the-shelving-of-the-disastrous-colonial-war-in-morocco\\\/#respond\"]}]},{\"@type\":\"WebPage\",\"@id\":\"https:\\\/\\\/thediplomatinspain.com\\\/en\\\/2024\\\/08\\\/11\\\/one-hundred-years-have-passed-since-the-shelving-of-the-disastrous-colonial-war-in-morocco\\\/\",\"url\":\"https:\\\/\\\/thediplomatinspain.com\\\/en\\\/2024\\\/08\\\/11\\\/one-hundred-years-have-passed-since-the-shelving-of-the-disastrous-colonial-war-in-morocco\\\/\",\"name\":\"One hundred years since the \u201cshelving\u201d of colonial war in Morocco\",\"isPartOf\":{\"@id\":\"https:\\\/\\\/thediplomatinspain.com\\\/#website\"},\"primaryImageOfPage\":{\"@id\":\"https:\\\/\\\/thediplomatinspain.com\\\/en\\\/2024\\\/08\\\/11\\\/one-hundred-years-have-passed-since-the-shelving-of-the-disastrous-colonial-war-in-morocco\\\/#primaryimage\"},\"image\":{\"@id\":\"https:\\\/\\\/thediplomatinspain.com\\\/en\\\/2024\\\/08\\\/11\\\/one-hundred-years-have-passed-since-the-shelving-of-the-disastrous-colonial-war-in-morocco\\\/#primaryimage\"},\"thumbnailUrl\":\"https:\\\/\\\/thediplomatinspain.com\\\/wp-content\\\/uploads\\\/2024\\\/07\\\/Damaso_Berenguer_Fuste.jpg\",\"datePublished\":\"2024-08-11T04:07:00+00:00\",\"description\":\"July 4 marked one hundred years since Miguel Primo de Rivera's decision to grant amnesty to those involved in the \u201cPicasso File.\u201d\",\"breadcrumb\":{\"@id\":\"https:\\\/\\\/thediplomatinspain.com\\\/en\\\/2024\\\/08\\\/11\\\/one-hundred-years-have-passed-since-the-shelving-of-the-disastrous-colonial-war-in-morocco\\\/#breadcrumb\"},\"inLanguage\":\"en-US\",\"potentialAction\":[{\"@type\":\"ReadAction\",\"target\":[\"https:\\\/\\\/thediplomatinspain.com\\\/en\\\/2024\\\/08\\\/11\\\/one-hundred-years-have-passed-since-the-shelving-of-the-disastrous-colonial-war-in-morocco\\\/\"]}]},{\"@type\":\"ImageObject\",\"inLanguage\":\"en-US\",\"@id\":\"https:\\\/\\\/thediplomatinspain.com\\\/en\\\/2024\\\/08\\\/11\\\/one-hundred-years-have-passed-since-the-shelving-of-the-disastrous-colonial-war-in-morocco\\\/#primaryimage\",\"url\":\"https:\\\/\\\/thediplomatinspain.com\\\/wp-content\\\/uploads\\\/2024\\\/07\\\/Damaso_Berenguer_Fuste.jpg\",\"contentUrl\":\"https:\\\/\\\/thediplomatinspain.com\\\/wp-content\\\/uploads\\\/2024\\\/07\\\/Damaso_Berenguer_Fuste.jpg\",\"width\":750,\"height\":423,\"caption\":\"D\u00e1maso Berenguer\"},{\"@type\":\"BreadcrumbList\",\"@id\":\"https:\\\/\\\/thediplomatinspain.com\\\/en\\\/2024\\\/08\\\/11\\\/one-hundred-years-have-passed-since-the-shelving-of-the-disastrous-colonial-war-in-morocco\\\/#breadcrumb\",\"itemListElement\":[{\"@type\":\"ListItem\",\"position\":1,\"name\":\"Portada\",\"item\":\"https:\\\/\\\/thediplomatinspain.com\\\/en\\\/\"},{\"@type\":\"ListItem\",\"position\":2,\"name\":\"One hundred years have passed since the \u201cshelving\u201d of the disastrous colonial war in Morocco\"}]},{\"@type\":\"WebSite\",\"@id\":\"https:\\\/\\\/thediplomatinspain.com\\\/#website\",\"url\":\"https:\\\/\\\/thediplomatinspain.com\\\/\",\"name\":\"thediplomatinspain.com\",\"description\":\"Diario digital de referencia para diplom\u00e1ticos y empresas\",\"publisher\":{\"@id\":\"https:\\\/\\\/thediplomatinspain.com\\\/#organization\"},\"potentialAction\":[{\"@type\":\"SearchAction\",\"target\":{\"@type\":\"EntryPoint\",\"urlTemplate\":\"https:\\\/\\\/thediplomatinspain.com\\\/?s={search_term_string}\"},\"query-input\":{\"@type\":\"PropertyValueSpecification\",\"valueRequired\":true,\"valueName\":\"search_term_string\"}}],\"inLanguage\":\"en-US\"},{\"@type\":\"Organization\",\"@id\":\"https:\\\/\\\/thediplomatinspain.com\\\/#organization\",\"name\":\"thediplomatinspain.com\",\"url\":\"https:\\\/\\\/thediplomatinspain.com\\\/\",\"logo\":{\"@type\":\"ImageObject\",\"inLanguage\":\"en-US\",\"@id\":\"https:\\\/\\\/thediplomatinspain.com\\\/#\\\/schema\\\/logo\\\/image\\\/\",\"url\":\"https:\\\/\\\/thediplomatinspain.com\\\/wp-content\\\/uploads\\\/2024\\\/06\\\/logo_the_diplomat.png\",\"contentUrl\":\"https:\\\/\\\/thediplomatinspain.com\\\/wp-content\\\/uploads\\\/2024\\\/06\\\/logo_the_diplomat.png\",\"width\":284,\"height\":77,\"caption\":\"thediplomatinspain.com\"},\"image\":{\"@id\":\"https:\\\/\\\/thediplomatinspain.com\\\/#\\\/schema\\\/logo\\\/image\\\/\"},\"sameAs\":[\"https:\\\/\\\/www.facebook.com\\\/thediplomatinspain\",\"https:\\\/\\\/x.com\\\/diplomatinspain\",\"https:\\\/\\\/www.youtube.com\\\/channel\\\/UCK0mRqeeZDKdFeiFQZLcH2A\"]},{\"@type\":\"Person\",\"@id\":\"https:\\\/\\\/thediplomatinspain.com\\\/#\\\/schema\\\/person\\\/3486da7260c1ed500a030f75a625d6ba\",\"name\":\"Eduardo Gonz\u00e1lez\",\"image\":{\"@type\":\"ImageObject\",\"inLanguage\":\"en-US\",\"@id\":\"https:\\\/\\\/secure.gravatar.com\\\/avatar\\\/41aa213a3496a9a5a774a70b1b4ba9e94809b2de60529fc9e3ad010c61022c9f?s=96&d=mm&r=g\",\"url\":\"https:\\\/\\\/secure.gravatar.com\\\/avatar\\\/41aa213a3496a9a5a774a70b1b4ba9e94809b2de60529fc9e3ad010c61022c9f?s=96&d=mm&r=g\",\"contentUrl\":\"https:\\\/\\\/secure.gravatar.com\\\/avatar\\\/41aa213a3496a9a5a774a70b1b4ba9e94809b2de60529fc9e3ad010c61022c9f?s=96&d=mm&r=g\",\"caption\":\"Eduardo Gonz\u00e1lez\"},\"url\":\"https:\\\/\\\/thediplomatinspain.com\\\/en\\\/author\\\/egonzalez\\\/\"},{\"@type\":[\"Organization\",\"NewsMediaOrganization\"],\"@id\":\"https:\\\/\\\/thediplomatinspain.com\\\/en\\\/#organization\"},{\"@type\":\"SiteNavigationElement\",\"@id\":\"https:\\\/\\\/thediplomatinspain.com\\\/en\\\/#site-navigation\",\"cssSelector\":[\".cib-main-menu\"]},{\"@type\":\"WPHeader\",\"@id\":\"https:\\\/\\\/thediplomatinspain.com\\\/en\\\/#header\",\"cssSelector\":[\".cib-header\"]},{\"@type\":\"WPFooter\",\"@id\":\"https:\\\/\\\/thediplomatinspain.com\\\/en\\\/#footer\",\"cssSelector\":[\".cib-footer\"]}]}<\/script>\n<!-- \/ Yoast SEO plugin. -->","yoast_head_json":{"title":"One hundred years since the \u201cshelving\u201d of colonial war in Morocco","description":"July 4 marked one hundred years since Miguel Primo de Rivera's decision to grant amnesty to those involved in the \u201cPicasso File.\u201d","robots":{"index":"index","follow":"follow","max-snippet":"max-snippet:-1","max-image-preview":"max-image-preview:large","max-video-preview":"max-video-preview:-1"},"canonical":"https:\/\/thediplomatinspain.com\/en\/2024\/08\/11\/one-hundred-years-have-passed-since-the-shelving-of-the-disastrous-colonial-war-in-morocco\/","og_locale":"en_US","og_type":"article","og_title":"One hundred years since the \u201cshelving\u201d of colonial war in Morocco","og_description":"July 4 marked one hundred years since Miguel Primo de Rivera's decision to grant amnesty to those involved in the \u201cPicasso File.\u201d","og_url":"https:\/\/thediplomatinspain.com\/en\/2024\/08\/11\/one-hundred-years-have-passed-since-the-shelving-of-the-disastrous-colonial-war-in-morocco\/","og_site_name":"thediplomatinspain.com","article_publisher":"https:\/\/www.facebook.com\/thediplomatinspain","article_published_time":"2024-08-11T04:07:00+00:00","og_image":[{"width":750,"height":423,"url":"https:\/\/thediplomatinspain.com\/wp-content\/uploads\/2024\/07\/Damaso_Berenguer_Fuste.jpg","type":"image\/jpeg"}],"author":"Eduardo Gonz\u00e1lez","twitter_card":"summary_large_image","twitter_creator":"@diplomatinspain","twitter_site":"@diplomatinspain","twitter_misc":{"Written by":"Eduardo Gonz\u00e1lez","Est. reading time":"6 minutes"},"schema":{"@context":"https:\/\/schema.org","@graph":[{"@type":"Article","@id":"https:\/\/thediplomatinspain.com\/en\/2024\/08\/11\/one-hundred-years-have-passed-since-the-shelving-of-the-disastrous-colonial-war-in-morocco\/#article","isPartOf":{"@id":"https:\/\/thediplomatinspain.com\/en\/2024\/08\/11\/one-hundred-years-have-passed-since-the-shelving-of-the-disastrous-colonial-war-in-morocco\/"},"author":{"name":"Eduardo Gonz\u00e1lez","@id":"https:\/\/thediplomatinspain.com\/#\/schema\/person\/3486da7260c1ed500a030f75a625d6ba"},"headline":"One hundred years have passed since the \u201cshelving\u201d of the disastrous colonial war in Morocco","datePublished":"2024-08-11T04:07:00+00:00","mainEntityOfPage":{"@id":"https:\/\/thediplomatinspain.com\/en\/2024\/08\/11\/one-hundred-years-have-passed-since-the-shelving-of-the-disastrous-colonial-war-in-morocco\/"},"wordCount":1226,"commentCount":0,"publisher":{"@id":"https:\/\/thediplomatinspain.com\/#organization"},"image":{"@id":"https:\/\/thediplomatinspain.com\/en\/2024\/08\/11\/one-hundred-years-have-passed-since-the-shelving-of-the-disastrous-colonial-war-in-morocco\/#primaryimage"},"thumbnailUrl":"https:\/\/thediplomatinspain.com\/wp-content\/uploads\/2024\/07\/Damaso_Berenguer_Fuste.jpg","articleSection":["Diplomacy with a history","Frontpage","Suscriptores"],"inLanguage":"en-US","potentialAction":[{"@type":"CommentAction","name":"Comment","target":["https:\/\/thediplomatinspain.com\/en\/2024\/08\/11\/one-hundred-years-have-passed-since-the-shelving-of-the-disastrous-colonial-war-in-morocco\/#respond"]}]},{"@type":"WebPage","@id":"https:\/\/thediplomatinspain.com\/en\/2024\/08\/11\/one-hundred-years-have-passed-since-the-shelving-of-the-disastrous-colonial-war-in-morocco\/","url":"https:\/\/thediplomatinspain.com\/en\/2024\/08\/11\/one-hundred-years-have-passed-since-the-shelving-of-the-disastrous-colonial-war-in-morocco\/","name":"One hundred years since the \u201cshelving\u201d of colonial war in Morocco","isPartOf":{"@id":"https:\/\/thediplomatinspain.com\/#website"},"primaryImageOfPage":{"@id":"https:\/\/thediplomatinspain.com\/en\/2024\/08\/11\/one-hundred-years-have-passed-since-the-shelving-of-the-disastrous-colonial-war-in-morocco\/#primaryimage"},"image":{"@id":"https:\/\/thediplomatinspain.com\/en\/2024\/08\/11\/one-hundred-years-have-passed-since-the-shelving-of-the-disastrous-colonial-war-in-morocco\/#primaryimage"},"thumbnailUrl":"https:\/\/thediplomatinspain.com\/wp-content\/uploads\/2024\/07\/Damaso_Berenguer_Fuste.jpg","datePublished":"2024-08-11T04:07:00+00:00","description":"July 4 marked one hundred years since Miguel Primo de Rivera's decision to grant amnesty to those involved in the \u201cPicasso File.\u201d","breadcrumb":{"@id":"https:\/\/thediplomatinspain.com\/en\/2024\/08\/11\/one-hundred-years-have-passed-since-the-shelving-of-the-disastrous-colonial-war-in-morocco\/#breadcrumb"},"inLanguage":"en-US","potentialAction":[{"@type":"ReadAction","target":["https:\/\/thediplomatinspain.com\/en\/2024\/08\/11\/one-hundred-years-have-passed-since-the-shelving-of-the-disastrous-colonial-war-in-morocco\/"]}]},{"@type":"ImageObject","inLanguage":"en-US","@id":"https:\/\/thediplomatinspain.com\/en\/2024\/08\/11\/one-hundred-years-have-passed-since-the-shelving-of-the-disastrous-colonial-war-in-morocco\/#primaryimage","url":"https:\/\/thediplomatinspain.com\/wp-content\/uploads\/2024\/07\/Damaso_Berenguer_Fuste.jpg","contentUrl":"https:\/\/thediplomatinspain.com\/wp-content\/uploads\/2024\/07\/Damaso_Berenguer_Fuste.jpg","width":750,"height":423,"caption":"D\u00e1maso Berenguer"},{"@type":"BreadcrumbList","@id":"https:\/\/thediplomatinspain.com\/en\/2024\/08\/11\/one-hundred-years-have-passed-since-the-shelving-of-the-disastrous-colonial-war-in-morocco\/#breadcrumb","itemListElement":[{"@type":"ListItem","position":1,"name":"Portada","item":"https:\/\/thediplomatinspain.com\/en\/"},{"@type":"ListItem","position":2,"name":"One hundred years have passed since the \u201cshelving\u201d of the disastrous colonial war in Morocco"}]},{"@type":"WebSite","@id":"https:\/\/thediplomatinspain.com\/#website","url":"https:\/\/thediplomatinspain.com\/","name":"thediplomatinspain.com","description":"Diario digital de referencia para diplom\u00e1ticos y empresas","publisher":{"@id":"https:\/\/thediplomatinspain.com\/#organization"},"potentialAction":[{"@type":"SearchAction","target":{"@type":"EntryPoint","urlTemplate":"https:\/\/thediplomatinspain.com\/?s={search_term_string}"},"query-input":{"@type":"PropertyValueSpecification","valueRequired":true,"valueName":"search_term_string"}}],"inLanguage":"en-US"},{"@type":"Organization","@id":"https:\/\/thediplomatinspain.com\/#organization","name":"thediplomatinspain.com","url":"https:\/\/thediplomatinspain.com\/","logo":{"@type":"ImageObject","inLanguage":"en-US","@id":"https:\/\/thediplomatinspain.com\/#\/schema\/logo\/image\/","url":"https:\/\/thediplomatinspain.com\/wp-content\/uploads\/2024\/06\/logo_the_diplomat.png","contentUrl":"https:\/\/thediplomatinspain.com\/wp-content\/uploads\/2024\/06\/logo_the_diplomat.png","width":284,"height":77,"caption":"thediplomatinspain.com"},"image":{"@id":"https:\/\/thediplomatinspain.com\/#\/schema\/logo\/image\/"},"sameAs":["https:\/\/www.facebook.com\/thediplomatinspain","https:\/\/x.com\/diplomatinspain","https:\/\/www.youtube.com\/channel\/UCK0mRqeeZDKdFeiFQZLcH2A"]},{"@type":"Person","@id":"https:\/\/thediplomatinspain.com\/#\/schema\/person\/3486da7260c1ed500a030f75a625d6ba","name":"Eduardo Gonz\u00e1lez","image":{"@type":"ImageObject","inLanguage":"en-US","@id":"https:\/\/secure.gravatar.com\/avatar\/41aa213a3496a9a5a774a70b1b4ba9e94809b2de60529fc9e3ad010c61022c9f?s=96&d=mm&r=g","url":"https:\/\/secure.gravatar.com\/avatar\/41aa213a3496a9a5a774a70b1b4ba9e94809b2de60529fc9e3ad010c61022c9f?s=96&d=mm&r=g","contentUrl":"https:\/\/secure.gravatar.com\/avatar\/41aa213a3496a9a5a774a70b1b4ba9e94809b2de60529fc9e3ad010c61022c9f?s=96&d=mm&r=g","caption":"Eduardo Gonz\u00e1lez"},"url":"https:\/\/thediplomatinspain.com\/en\/author\/egonzalez\/"},{"@type":["Organization","NewsMediaOrganization"],"@id":"https:\/\/thediplomatinspain.com\/en\/#organization"},{"@type":"SiteNavigationElement","@id":"https:\/\/thediplomatinspain.com\/en\/#site-navigation","cssSelector":[".cib-main-menu"]},{"@type":"WPHeader","@id":"https:\/\/thediplomatinspain.com\/en\/#header","cssSelector":[".cib-header"]},{"@type":"WPFooter","@id":"https:\/\/thediplomatinspain.com\/en\/#footer","cssSelector":[".cib-footer"]}]}},"amp_enabled":true,"_links":{"self":[{"href":"https:\/\/thediplomatinspain.com\/en\/wp-json\/wp\/v2\/posts\/89299","targetHints":{"allow":["GET"]}}],"collection":[{"href":"https:\/\/thediplomatinspain.com\/en\/wp-json\/wp\/v2\/posts"}],"about":[{"href":"https:\/\/thediplomatinspain.com\/en\/wp-json\/wp\/v2\/types\/post"}],"author":[{"embeddable":true,"href":"https:\/\/thediplomatinspain.com\/en\/wp-json\/wp\/v2\/users\/91"}],"replies":[{"embeddable":true,"href":"https:\/\/thediplomatinspain.com\/en\/wp-json\/wp\/v2\/comments?post=89299"}],"version-history":[{"count":0,"href":"https:\/\/thediplomatinspain.com\/en\/wp-json\/wp\/v2\/posts\/89299\/revisions"}],"wp:featuredmedia":[{"embeddable":true,"href":"https:\/\/thediplomatinspain.com\/en\/wp-json\/wp\/v2\/media\/89296"}],"wp:attachment":[{"href":"https:\/\/thediplomatinspain.com\/en\/wp-json\/wp\/v2\/media?parent=89299"}],"wp:term":[{"taxonomy":"category","embeddable":true,"href":"https:\/\/thediplomatinspain.com\/en\/wp-json\/wp\/v2\/categories?post=89299"},{"taxonomy":"post_tag","embeddable":true,"href":"https:\/\/thediplomatinspain.com\/en\/wp-json\/wp\/v2\/tags?post=89299"}],"curies":[{"name":"wp","href":"https:\/\/api.w.org\/{rel}","templated":true}]}}