{"id":85217,"date":"2024-06-04T04:04:18","date_gmt":"2024-06-04T02:04:18","guid":{"rendered":"https:\/\/zen-hopper.82-223-81-17.plesk.page\/2024\/06\/04\/sanchez-and-his-government-congratulate-claudia-sheinbaum-for-being-the-first-woman-to-preside-over-mexico\/"},"modified":"2024-06-04T04:04:18","modified_gmt":"2024-06-04T02:04:18","slug":"sanchez-and-his-government-congratulate-claudia-sheinbaum-for-being-the-first-woman-to-preside-over-mexico","status":"publish","type":"post","link":"https:\/\/thediplomatinspain.com\/en\/2024\/06\/04\/sanchez-and-his-government-congratulate-claudia-sheinbaum-for-being-the-first-woman-to-preside-over-mexico\/","title":{"rendered":"S\u00e1nchez and his Government congratulate Claudia Sheinbaum for being the first woman to preside over Mexico"},"content":{"rendered":"<p>&nbsp;<\/p>\n<h6><strong>The Diplomat<\/strong><\/h6>\n<p>&nbsp;<\/p>\n<p><strong>The President of the Government, Pedro S\u00e1nchez, yesterday congratulated the Mexican official candidate, Claudia Sheinbaum, for her election as the first woman to head the Presidency of Mexico, after the elections held last Sunday, in which the candidate won. of the opposition coalition Fuerza y \u200b\u200bCoraz\u00f3n por M\u00e9xico, X\u00f3chitl G\u00e1lvez.<\/strong><\/p>\n<p>&nbsp;<\/p>\n<p>Other members of his Government such as the second vice president, <strong>Yolanda D\u00edaz<\/strong>; the Minister of Foreign Affairs, <strong>Jos\u00e9 Manuel Albares;<\/strong> or Culture, <strong>Ernest Urtasun<\/strong>, also conveyed their congratulations to Claudia Sheinbaum, who will take office on October 1, replacing Andr\u00e9s Manuel L\u00f3pez Obrador, from the same party, Morena.<\/p>\n<p>&nbsp;<\/p>\n<p>On his social network account X, S\u00e1nchez, congratulated Claudia Sheinbaum and stressed that, for the first time, Mexico will have a woman at the head of the Presidency.<\/p>\n<p>&nbsp;<\/p>\n<p>The head of the Executive promised that he<strong> \u201cwill continue working to strengthen relations between the two countries\u201d.<\/strong><\/p>\n<p>&nbsp;<\/p>\n<p>For his part, Minister Albares pointed out that a<strong> &#8220;feminist government&#8221;<\/strong> like the Spanish one applauds that a woman is for the first time at the head of the Presidency in a &#8220;great country&#8221; like Mexico. In a joint press conference in Madrid with her Egyptian counterpart Sam\u00e9 Shukri, the head of Spanish diplomacy said: \u201cWe congratulate both her and the Mexican people on that victory.\u201d<\/p>\n<p>&nbsp;<\/p>\n<p>The second vice president and the Minister of Culture, both from Sumar, also conveyed their congratulations to the future Mexican president.<\/p>\n<p>&nbsp;<\/p>\n<p>And <strong>in an official statement<\/strong>, issued by the Ministry of Foreign Affairs, the Government reiterates its congratulations to both the official candidate and <strong>&#8220;to the brother Mexican people, who have elected their representatives in a day of democratic participation.&#8221;<\/strong><\/p>\n<p>&nbsp;<\/p>\n<p>The Government of Spain wishes \u201cmany successes\u201d to the president-elect and applauds that she is the first woman to assume that position. Furthermore, she expresses her confidence &#8220;in further deepening political relations between the two Governments, as well as economic and cultural relations and human fraternal ties, for the benefit of our two peoples.&#8221;<\/p>\n<p>&nbsp;<\/p>\n<p>In recent years, relations between Spain and Mexico have been troubled at times as a result of President L\u00f3pez Obrador&#8217;s repeated statements asking the King to apologize for what he considers abuses of the Spanish Conquest. Furthermore, the Mexican president denounced that Spanish companies such as Repsol, OHL or Iberdrola had abused his country and its people.<\/p>\n<p>&nbsp;<\/p>\n<p>&nbsp;<\/p>\n","protected":false},"excerpt":{"rendered":"<p>The President of the Government, Pedro S\u00e1nchez, yesterday congratulated the Mexican official candidate, Claudia Sheinbaum, for her election as the first woman to<\/p>\n","protected":false},"author":1,"featured_media":83679,"comment_status":"open","ping_status":"open","sticky":false,"template":"","format":"standard","meta":{"jnews-multi-image_gallery":[],"jnews_single_post":[],"jnews_primary_category":[],"jnews_social_meta":[],"jnews_override_counter":[],"jnews_post_split":[],"footnotes":""},"categories":[187,182],"tags":[],"class_list":["post-85217","post","type-post","status-publish","format-standard","has-post-thumbnail","hentry","category-in-brief","category-subscribers"],"yoast_head":"<!-- This site is optimized with the Yoast SEO plugin v27.4 - https:\/\/yoast.com\/product\/yoast-seo-wordpress\/ -->\n<title>S\u00e1nchez and his Government congratulate Claudia Sheinbaum for being the first woman to preside over Mexico - thediplomatinspain.com<\/title>\n<meta name=\"robots\" content=\"index, follow, max-snippet:-1, max-image-preview:large, max-video-preview:-1\" \/>\n<link rel=\"canonical\" href=\"https:\/\/thediplomatinspain.com\/en\/2024\/06\/04\/sanchez-and-his-government-congratulate-claudia-sheinbaum-for-being-the-first-woman-to-preside-over-mexico\/\" \/>\n<meta property=\"og:locale\" content=\"en_US\" \/>\n<meta property=\"og:type\" content=\"article\" \/>\n<meta property=\"og:title\" content=\"S\u00e1nchez and his Government congratulate Claudia Sheinbaum for being the first woman to preside over Mexico - thediplomatinspain.com\" \/>\n<meta property=\"og:description\" content=\"The President of the Government, Pedro S\u00e1nchez, yesterday congratulated the Mexican official candidate, Claudia Sheinbaum, for her election as the first woman to\" \/>\n<meta property=\"og:url\" content=\"https:\/\/thediplomatinspain.com\/en\/2024\/06\/04\/sanchez-and-his-government-congratulate-claudia-sheinbaum-for-being-the-first-woman-to-preside-over-mexico\/\" \/>\n<meta property=\"og:site_name\" content=\"thediplomatinspain.com\" \/>\n<meta property=\"article:publisher\" content=\"https:\/\/www.facebook.com\/thediplomatinspain\" \/>\n<meta property=\"article:published_time\" content=\"2024-06-04T02:04:18+00:00\" \/>\n<meta property=\"og:image\" content=\"https:\/\/thediplomatinspain.com\/wp-content\/uploads\/2024\/06\/Claudia-Sheinbaum.jpg\" \/>\n\t<meta property=\"og:image:width\" content=\"750\" \/>\n\t<meta property=\"og:image:height\" content=\"422\" \/>\n\t<meta property=\"og:image:type\" content=\"image\/jpeg\" \/>\n<meta name=\"author\" content=\"Redacci\u00f3n\" \/>\n<meta name=\"twitter:card\" content=\"summary_large_image\" \/>\n<meta name=\"twitter:creator\" content=\"@diplomatinspain\" \/>\n<meta name=\"twitter:site\" content=\"@diplomatinspain\" \/>\n<meta name=\"twitter:label1\" content=\"Written by\" \/>\n\t<meta name=\"twitter:data1\" content=\"Redacci\u00f3n\" \/>\n\t<meta name=\"twitter:label2\" content=\"Est. reading time\" \/>\n\t<meta name=\"twitter:data2\" content=\"2 minutes\" \/>\n<script type=\"application\/ld+json\" class=\"yoast-schema-graph\">{\"@context\":\"https:\\\/\\\/schema.org\",\"@graph\":[{\"@type\":\"Article\",\"@id\":\"https:\\\/\\\/thediplomatinspain.com\\\/en\\\/2024\\\/06\\\/04\\\/sanchez-and-his-government-congratulate-claudia-sheinbaum-for-being-the-first-woman-to-preside-over-mexico\\\/#article\",\"isPartOf\":{\"@id\":\"https:\\\/\\\/thediplomatinspain.com\\\/en\\\/2024\\\/06\\\/04\\\/sanchez-and-his-government-congratulate-claudia-sheinbaum-for-being-the-first-woman-to-preside-over-mexico\\\/\"},\"author\":{\"name\":\"Redacci\u00f3n\",\"@id\":\"https:\\\/\\\/thediplomatinspain.com\\\/#\\\/schema\\\/person\\\/90d9b3004c2822bcbe64082dad885a9c\"},\"headline\":\"S\u00e1nchez and his Government congratulate Claudia Sheinbaum for being the first woman to preside over Mexico\",\"datePublished\":\"2024-06-04T02:04:18+00:00\",\"mainEntityOfPage\":{\"@id\":\"https:\\\/\\\/thediplomatinspain.com\\\/en\\\/2024\\\/06\\\/04\\\/sanchez-and-his-government-congratulate-claudia-sheinbaum-for-being-the-first-woman-to-preside-over-mexico\\\/\"},\"wordCount\":423,\"commentCount\":0,\"publisher\":{\"@id\":\"https:\\\/\\\/thediplomatinspain.com\\\/#organization\"},\"image\":{\"@id\":\"https:\\\/\\\/thediplomatinspain.com\\\/en\\\/2024\\\/06\\\/04\\\/sanchez-and-his-government-congratulate-claudia-sheinbaum-for-being-the-first-woman-to-preside-over-mexico\\\/#primaryimage\"},\"thumbnailUrl\":\"https:\\\/\\\/thediplomatinspain.com\\\/wp-content\\\/uploads\\\/2024\\\/06\\\/Claudia-Sheinbaum.jpg\",\"articleSection\":[\"In brief\",\"Subscribers\"],\"inLanguage\":\"en-US\",\"potentialAction\":[{\"@type\":\"CommentAction\",\"name\":\"Comment\",\"target\":[\"https:\\\/\\\/thediplomatinspain.com\\\/en\\\/2024\\\/06\\\/04\\\/sanchez-and-his-government-congratulate-claudia-sheinbaum-for-being-the-first-woman-to-preside-over-mexico\\\/#respond\"]}]},{\"@type\":\"WebPage\",\"@id\":\"https:\\\/\\\/thediplomatinspain.com\\\/en\\\/2024\\\/06\\\/04\\\/sanchez-and-his-government-congratulate-claudia-sheinbaum-for-being-the-first-woman-to-preside-over-mexico\\\/\",\"url\":\"https:\\\/\\\/thediplomatinspain.com\\\/en\\\/2024\\\/06\\\/04\\\/sanchez-and-his-government-congratulate-claudia-sheinbaum-for-being-the-first-woman-to-preside-over-mexico\\\/\",\"name\":\"S\u00e1nchez and his Government congratulate Claudia Sheinbaum for being the first woman to preside over Mexico - thediplomatinspain.com\",\"isPartOf\":{\"@id\":\"https:\\\/\\\/thediplomatinspain.com\\\/#website\"},\"primaryImageOfPage\":{\"@id\":\"https:\\\/\\\/thediplomatinspain.com\\\/en\\\/2024\\\/06\\\/04\\\/sanchez-and-his-government-congratulate-claudia-sheinbaum-for-being-the-first-woman-to-preside-over-mexico\\\/#primaryimage\"},\"image\":{\"@id\":\"https:\\\/\\\/thediplomatinspain.com\\\/en\\\/2024\\\/06\\\/04\\\/sanchez-and-his-government-congratulate-claudia-sheinbaum-for-being-the-first-woman-to-preside-over-mexico\\\/#primaryimage\"},\"thumbnailUrl\":\"https:\\\/\\\/thediplomatinspain.com\\\/wp-content\\\/uploads\\\/2024\\\/06\\\/Claudia-Sheinbaum.jpg\",\"datePublished\":\"2024-06-04T02:04:18+00:00\",\"breadcrumb\":{\"@id\":\"https:\\\/\\\/thediplomatinspain.com\\\/en\\\/2024\\\/06\\\/04\\\/sanchez-and-his-government-congratulate-claudia-sheinbaum-for-being-the-first-woman-to-preside-over-mexico\\\/#breadcrumb\"},\"inLanguage\":\"en-US\",\"potentialAction\":[{\"@type\":\"ReadAction\",\"target\":[\"https:\\\/\\\/thediplomatinspain.com\\\/en\\\/2024\\\/06\\\/04\\\/sanchez-and-his-government-congratulate-claudia-sheinbaum-for-being-the-first-woman-to-preside-over-mexico\\\/\"]}]},{\"@type\":\"ImageObject\",\"inLanguage\":\"en-US\",\"@id\":\"https:\\\/\\\/thediplomatinspain.com\\\/en\\\/2024\\\/06\\\/04\\\/sanchez-and-his-government-congratulate-claudia-sheinbaum-for-being-the-first-woman-to-preside-over-mexico\\\/#primaryimage\",\"url\":\"https:\\\/\\\/thediplomatinspain.com\\\/wp-content\\\/uploads\\\/2024\\\/06\\\/Claudia-Sheinbaum.jpg\",\"contentUrl\":\"https:\\\/\\\/thediplomatinspain.com\\\/wp-content\\\/uploads\\\/2024\\\/06\\\/Claudia-Sheinbaum.jpg\",\"width\":750,\"height\":422,\"caption\":\"Claudia Sheinbaum. \\\/ Foto: @Claudiashein\"},{\"@type\":\"BreadcrumbList\",\"@id\":\"https:\\\/\\\/thediplomatinspain.com\\\/en\\\/2024\\\/06\\\/04\\\/sanchez-and-his-government-congratulate-claudia-sheinbaum-for-being-the-first-woman-to-preside-over-mexico\\\/#breadcrumb\",\"itemListElement\":[{\"@type\":\"ListItem\",\"position\":1,\"name\":\"Portada\",\"item\":\"https:\\\/\\\/thediplomatinspain.com\\\/en\\\/\"},{\"@type\":\"ListItem\",\"position\":2,\"name\":\"S\u00e1nchez and his Government congratulate Claudia Sheinbaum for being the first woman to preside over Mexico\"}]},{\"@type\":\"WebSite\",\"@id\":\"https:\\\/\\\/thediplomatinspain.com\\\/#website\",\"url\":\"https:\\\/\\\/thediplomatinspain.com\\\/\",\"name\":\"thediplomatinspain.com\",\"description\":\"Diario digital de referencia para diplom\u00e1ticos y empresas\",\"publisher\":{\"@id\":\"https:\\\/\\\/thediplomatinspain.com\\\/#organization\"},\"potentialAction\":[{\"@type\":\"SearchAction\",\"target\":{\"@type\":\"EntryPoint\",\"urlTemplate\":\"https:\\\/\\\/thediplomatinspain.com\\\/?s={search_term_string}\"},\"query-input\":{\"@type\":\"PropertyValueSpecification\",\"valueRequired\":true,\"valueName\":\"search_term_string\"}}],\"inLanguage\":\"en-US\"},{\"@type\":\"Organization\",\"@id\":\"https:\\\/\\\/thediplomatinspain.com\\\/#organization\",\"name\":\"thediplomatinspain.com\",\"url\":\"https:\\\/\\\/thediplomatinspain.com\\\/\",\"logo\":{\"@type\":\"ImageObject\",\"inLanguage\":\"en-US\",\"@id\":\"https:\\\/\\\/thediplomatinspain.com\\\/#\\\/schema\\\/logo\\\/image\\\/\",\"url\":\"https:\\\/\\\/thediplomatinspain.com\\\/wp-content\\\/uploads\\\/2024\\\/06\\\/logo_the_diplomat.png\",\"contentUrl\":\"https:\\\/\\\/thediplomatinspain.com\\\/wp-content\\\/uploads\\\/2024\\\/06\\\/logo_the_diplomat.png\",\"width\":284,\"height\":77,\"caption\":\"thediplomatinspain.com\"},\"image\":{\"@id\":\"https:\\\/\\\/thediplomatinspain.com\\\/#\\\/schema\\\/logo\\\/image\\\/\"},\"sameAs\":[\"https:\\\/\\\/www.facebook.com\\\/thediplomatinspain\",\"https:\\\/\\\/x.com\\\/diplomatinspain\",\"https:\\\/\\\/www.youtube.com\\\/channel\\\/UCK0mRqeeZDKdFeiFQZLcH2A\"]},{\"@type\":\"Person\",\"@id\":\"https:\\\/\\\/thediplomatinspain.com\\\/#\\\/schema\\\/person\\\/90d9b3004c2822bcbe64082dad885a9c\",\"name\":\"Redacci\u00f3n\",\"image\":{\"@type\":\"ImageObject\",\"inLanguage\":\"en-US\",\"@id\":\"https:\\\/\\\/secure.gravatar.com\\\/avatar\\\/6be270e1c81317331dd99c1537c17b9683039795b5a956c595769bfada5e7067?s=96&d=mm&r=g\",\"url\":\"https:\\\/\\\/secure.gravatar.com\\\/avatar\\\/6be270e1c81317331dd99c1537c17b9683039795b5a956c595769bfada5e7067?s=96&d=mm&r=g\",\"contentUrl\":\"https:\\\/\\\/secure.gravatar.com\\\/avatar\\\/6be270e1c81317331dd99c1537c17b9683039795b5a956c595769bfada5e7067?s=96&d=mm&r=g\",\"caption\":\"Redacci\u00f3n\"},\"sameAs\":[\"https:\\\/\\\/thediplomatinspain.com\\\/\"],\"url\":\"https:\\\/\\\/thediplomatinspain.com\\\/en\\\/author\\\/soportecibeles\\\/\"},{\"@type\":[\"Organization\",\"NewsMediaOrganization\"],\"@id\":\"https:\\\/\\\/thediplomatinspain.com\\\/en\\\/#organization\"},{\"@type\":\"SiteNavigationElement\",\"@id\":\"https:\\\/\\\/thediplomatinspain.com\\\/en\\\/#site-navigation\",\"cssSelector\":[\".cib-main-menu\"]},{\"@type\":\"WPHeader\",\"@id\":\"https:\\\/\\\/thediplomatinspain.com\\\/en\\\/#header\",\"cssSelector\":[\".cib-header\"]},{\"@type\":\"WPFooter\",\"@id\":\"https:\\\/\\\/thediplomatinspain.com\\\/en\\\/#footer\",\"cssSelector\":[\".cib-footer\"]}]}<\/script>\n<!-- \/ Yoast SEO plugin. -->","yoast_head_json":{"title":"S\u00e1nchez and his Government congratulate Claudia Sheinbaum for being the first woman to preside over Mexico - thediplomatinspain.com","robots":{"index":"index","follow":"follow","max-snippet":"max-snippet:-1","max-image-preview":"max-image-preview:large","max-video-preview":"max-video-preview:-1"},"canonical":"https:\/\/thediplomatinspain.com\/en\/2024\/06\/04\/sanchez-and-his-government-congratulate-claudia-sheinbaum-for-being-the-first-woman-to-preside-over-mexico\/","og_locale":"en_US","og_type":"article","og_title":"S\u00e1nchez and his Government congratulate Claudia Sheinbaum for being the first woman to preside over Mexico - thediplomatinspain.com","og_description":"The President of the Government, Pedro S\u00e1nchez, yesterday congratulated the Mexican official candidate, Claudia Sheinbaum, for her election as the first woman to","og_url":"https:\/\/thediplomatinspain.com\/en\/2024\/06\/04\/sanchez-and-his-government-congratulate-claudia-sheinbaum-for-being-the-first-woman-to-preside-over-mexico\/","og_site_name":"thediplomatinspain.com","article_publisher":"https:\/\/www.facebook.com\/thediplomatinspain","article_published_time":"2024-06-04T02:04:18+00:00","og_image":[{"width":750,"height":422,"url":"https:\/\/thediplomatinspain.com\/wp-content\/uploads\/2024\/06\/Claudia-Sheinbaum.jpg","type":"image\/jpeg"}],"author":"Redacci\u00f3n","twitter_card":"summary_large_image","twitter_creator":"@diplomatinspain","twitter_site":"@diplomatinspain","twitter_misc":{"Written by":"Redacci\u00f3n","Est. reading time":"2 minutes"},"schema":{"@context":"https:\/\/schema.org","@graph":[{"@type":"Article","@id":"https:\/\/thediplomatinspain.com\/en\/2024\/06\/04\/sanchez-and-his-government-congratulate-claudia-sheinbaum-for-being-the-first-woman-to-preside-over-mexico\/#article","isPartOf":{"@id":"https:\/\/thediplomatinspain.com\/en\/2024\/06\/04\/sanchez-and-his-government-congratulate-claudia-sheinbaum-for-being-the-first-woman-to-preside-over-mexico\/"},"author":{"name":"Redacci\u00f3n","@id":"https:\/\/thediplomatinspain.com\/#\/schema\/person\/90d9b3004c2822bcbe64082dad885a9c"},"headline":"S\u00e1nchez and his Government congratulate Claudia Sheinbaum for being the first woman to preside over Mexico","datePublished":"2024-06-04T02:04:18+00:00","mainEntityOfPage":{"@id":"https:\/\/thediplomatinspain.com\/en\/2024\/06\/04\/sanchez-and-his-government-congratulate-claudia-sheinbaum-for-being-the-first-woman-to-preside-over-mexico\/"},"wordCount":423,"commentCount":0,"publisher":{"@id":"https:\/\/thediplomatinspain.com\/#organization"},"image":{"@id":"https:\/\/thediplomatinspain.com\/en\/2024\/06\/04\/sanchez-and-his-government-congratulate-claudia-sheinbaum-for-being-the-first-woman-to-preside-over-mexico\/#primaryimage"},"thumbnailUrl":"https:\/\/thediplomatinspain.com\/wp-content\/uploads\/2024\/06\/Claudia-Sheinbaum.jpg","articleSection":["In brief","Subscribers"],"inLanguage":"en-US","potentialAction":[{"@type":"CommentAction","name":"Comment","target":["https:\/\/thediplomatinspain.com\/en\/2024\/06\/04\/sanchez-and-his-government-congratulate-claudia-sheinbaum-for-being-the-first-woman-to-preside-over-mexico\/#respond"]}]},{"@type":"WebPage","@id":"https:\/\/thediplomatinspain.com\/en\/2024\/06\/04\/sanchez-and-his-government-congratulate-claudia-sheinbaum-for-being-the-first-woman-to-preside-over-mexico\/","url":"https:\/\/thediplomatinspain.com\/en\/2024\/06\/04\/sanchez-and-his-government-congratulate-claudia-sheinbaum-for-being-the-first-woman-to-preside-over-mexico\/","name":"S\u00e1nchez and his Government congratulate Claudia Sheinbaum for being the first woman to preside over Mexico - thediplomatinspain.com","isPartOf":{"@id":"https:\/\/thediplomatinspain.com\/#website"},"primaryImageOfPage":{"@id":"https:\/\/thediplomatinspain.com\/en\/2024\/06\/04\/sanchez-and-his-government-congratulate-claudia-sheinbaum-for-being-the-first-woman-to-preside-over-mexico\/#primaryimage"},"image":{"@id":"https:\/\/thediplomatinspain.com\/en\/2024\/06\/04\/sanchez-and-his-government-congratulate-claudia-sheinbaum-for-being-the-first-woman-to-preside-over-mexico\/#primaryimage"},"thumbnailUrl":"https:\/\/thediplomatinspain.com\/wp-content\/uploads\/2024\/06\/Claudia-Sheinbaum.jpg","datePublished":"2024-06-04T02:04:18+00:00","breadcrumb":{"@id":"https:\/\/thediplomatinspain.com\/en\/2024\/06\/04\/sanchez-and-his-government-congratulate-claudia-sheinbaum-for-being-the-first-woman-to-preside-over-mexico\/#breadcrumb"},"inLanguage":"en-US","potentialAction":[{"@type":"ReadAction","target":["https:\/\/thediplomatinspain.com\/en\/2024\/06\/04\/sanchez-and-his-government-congratulate-claudia-sheinbaum-for-being-the-first-woman-to-preside-over-mexico\/"]}]},{"@type":"ImageObject","inLanguage":"en-US","@id":"https:\/\/thediplomatinspain.com\/en\/2024\/06\/04\/sanchez-and-his-government-congratulate-claudia-sheinbaum-for-being-the-first-woman-to-preside-over-mexico\/#primaryimage","url":"https:\/\/thediplomatinspain.com\/wp-content\/uploads\/2024\/06\/Claudia-Sheinbaum.jpg","contentUrl":"https:\/\/thediplomatinspain.com\/wp-content\/uploads\/2024\/06\/Claudia-Sheinbaum.jpg","width":750,"height":422,"caption":"Claudia Sheinbaum. \/ Foto: @Claudiashein"},{"@type":"BreadcrumbList","@id":"https:\/\/thediplomatinspain.com\/en\/2024\/06\/04\/sanchez-and-his-government-congratulate-claudia-sheinbaum-for-being-the-first-woman-to-preside-over-mexico\/#breadcrumb","itemListElement":[{"@type":"ListItem","position":1,"name":"Portada","item":"https:\/\/thediplomatinspain.com\/en\/"},{"@type":"ListItem","position":2,"name":"S\u00e1nchez and his Government congratulate Claudia Sheinbaum for being the first woman to preside over Mexico"}]},{"@type":"WebSite","@id":"https:\/\/thediplomatinspain.com\/#website","url":"https:\/\/thediplomatinspain.com\/","name":"thediplomatinspain.com","description":"Diario digital de referencia para diplom\u00e1ticos y empresas","publisher":{"@id":"https:\/\/thediplomatinspain.com\/#organization"},"potentialAction":[{"@type":"SearchAction","target":{"@type":"EntryPoint","urlTemplate":"https:\/\/thediplomatinspain.com\/?s={search_term_string}"},"query-input":{"@type":"PropertyValueSpecification","valueRequired":true,"valueName":"search_term_string"}}],"inLanguage":"en-US"},{"@type":"Organization","@id":"https:\/\/thediplomatinspain.com\/#organization","name":"thediplomatinspain.com","url":"https:\/\/thediplomatinspain.com\/","logo":{"@type":"ImageObject","inLanguage":"en-US","@id":"https:\/\/thediplomatinspain.com\/#\/schema\/logo\/image\/","url":"https:\/\/thediplomatinspain.com\/wp-content\/uploads\/2024\/06\/logo_the_diplomat.png","contentUrl":"https:\/\/thediplomatinspain.com\/wp-content\/uploads\/2024\/06\/logo_the_diplomat.png","width":284,"height":77,"caption":"thediplomatinspain.com"},"image":{"@id":"https:\/\/thediplomatinspain.com\/#\/schema\/logo\/image\/"},"sameAs":["https:\/\/www.facebook.com\/thediplomatinspain","https:\/\/x.com\/diplomatinspain","https:\/\/www.youtube.com\/channel\/UCK0mRqeeZDKdFeiFQZLcH2A"]},{"@type":"Person","@id":"https:\/\/thediplomatinspain.com\/#\/schema\/person\/90d9b3004c2822bcbe64082dad885a9c","name":"Redacci\u00f3n","image":{"@type":"ImageObject","inLanguage":"en-US","@id":"https:\/\/secure.gravatar.com\/avatar\/6be270e1c81317331dd99c1537c17b9683039795b5a956c595769bfada5e7067?s=96&d=mm&r=g","url":"https:\/\/secure.gravatar.com\/avatar\/6be270e1c81317331dd99c1537c17b9683039795b5a956c595769bfada5e7067?s=96&d=mm&r=g","contentUrl":"https:\/\/secure.gravatar.com\/avatar\/6be270e1c81317331dd99c1537c17b9683039795b5a956c595769bfada5e7067?s=96&d=mm&r=g","caption":"Redacci\u00f3n"},"sameAs":["https:\/\/thediplomatinspain.com\/"],"url":"https:\/\/thediplomatinspain.com\/en\/author\/soportecibeles\/"},{"@type":["Organization","NewsMediaOrganization"],"@id":"https:\/\/thediplomatinspain.com\/en\/#organization"},{"@type":"SiteNavigationElement","@id":"https:\/\/thediplomatinspain.com\/en\/#site-navigation","cssSelector":[".cib-main-menu"]},{"@type":"WPHeader","@id":"https:\/\/thediplomatinspain.com\/en\/#header","cssSelector":[".cib-header"]},{"@type":"WPFooter","@id":"https:\/\/thediplomatinspain.com\/en\/#footer","cssSelector":[".cib-footer"]}]}},"amp_enabled":true,"_links":{"self":[{"href":"https:\/\/thediplomatinspain.com\/en\/wp-json\/wp\/v2\/posts\/85217","targetHints":{"allow":["GET"]}}],"collection":[{"href":"https:\/\/thediplomatinspain.com\/en\/wp-json\/wp\/v2\/posts"}],"about":[{"href":"https:\/\/thediplomatinspain.com\/en\/wp-json\/wp\/v2\/types\/post"}],"author":[{"embeddable":true,"href":"https:\/\/thediplomatinspain.com\/en\/wp-json\/wp\/v2\/users\/1"}],"replies":[{"embeddable":true,"href":"https:\/\/thediplomatinspain.com\/en\/wp-json\/wp\/v2\/comments?post=85217"}],"version-history":[{"count":0,"href":"https:\/\/thediplomatinspain.com\/en\/wp-json\/wp\/v2\/posts\/85217\/revisions"}],"wp:featuredmedia":[{"embeddable":true,"href":"https:\/\/thediplomatinspain.com\/en\/wp-json\/wp\/v2\/media\/83679"}],"wp:attachment":[{"href":"https:\/\/thediplomatinspain.com\/en\/wp-json\/wp\/v2\/media?parent=85217"}],"wp:term":[{"taxonomy":"category","embeddable":true,"href":"https:\/\/thediplomatinspain.com\/en\/wp-json\/wp\/v2\/categories?post=85217"},{"taxonomy":"post_tag","embeddable":true,"href":"https:\/\/thediplomatinspain.com\/en\/wp-json\/wp\/v2\/tags?post=85217"}],"curies":[{"name":"wp","href":"https:\/\/api.w.org\/{rel}","templated":true}]}}