{"id":85195,"date":"2024-06-01T04:05:11","date_gmt":"2024-06-01T02:05:11","guid":{"rendered":"https:\/\/zen-hopper.82-223-81-17.plesk.page\/2024\/06\/01\/carolina-aecid-and-crue-present-5th-university-knowledge-and-2030-agenda-awards\/"},"modified":"2024-06-01T04:05:11","modified_gmt":"2024-06-01T02:05:11","slug":"carolina-aecid-and-crue-present-5th-university-knowledge-and-2030-agenda-awards","status":"publish","type":"post","link":"https:\/\/thediplomatinspain.com\/en\/2024\/06\/01\/carolina-aecid-and-crue-present-5th-university-knowledge-and-2030-agenda-awards\/","title":{"rendered":"Carolina, AECID and CRUE present 5th &#8216;University, Knowledge and 2030 Agenda&#8217; Awards"},"content":{"rendered":"<h6><strong>The Diplomat<\/strong><\/h6>\n<p>&nbsp;<\/p>\n<h4><strong>The Carolina Foundation, the Spanish Agency for International Development Cooperation (AECID) and the Conference of Rectors of Spanish Universities (CRUE) have awarded the &#8216;University, Knowledge and 2030 Agenda&#8217; Awards.<\/strong><\/h4>\n<p><strong>\u00a0<\/strong><\/p>\n<p>This is the fifth edition of these awards, awarded to the best Final Degree (TFG) and Master&#8217;s Final (TFM) projects. The delivery ceremony took place this Thursday in Madrid and was attended by <strong>Ant\u00f3n Leis, director of the AECID; \u00c9rika Rodr\u00edguez Pinz\u00f3n, director of the Carolina Foundation; and Manuel P\u00e9rez Mateos, president of CRUE-Sustainability and rector of the University of Burgos.<\/strong><\/p>\n<p><strong>\u00a0<\/strong><\/p>\n<p>In the TFG category, the work &#8216;Rich woman, poor woman: occupational gender gap throughout the distribution of wealth in low and middle-income countries&#8217;, carried out by Daniel Hern\u00e1ndez Pe\u00f1a, tutored by Professor Gustavo, was awarded. Alberto Marrero D\u00edaz and defended at the University of La Laguna.<\/p>\n<p><strong>\u00a0<\/strong><\/p>\n<p>In the TFM category, the award went to &#8216;Development in transition: perspectives to strengthen cooperation with Latin America and the Caribbean&#8217;, carried out by Berenice Miren Areso Yebra, tutored by Professor Miguel \u00c1ngel Gonz\u00e1lez and defended at the Diplomatic School of the Ministry of Foreign Affairs, European Union and Cooperation.<\/p>\n<p><strong>\u00a0<\/strong><\/p>\n<p>\u201cReaching a fifth year proves the relevance of this initiative as a relevant channel for disseminating the 2030 Agenda,\u201d declared Ant\u00f3n Leis during the event, in which he pointed out the relevance of this initiative due to the importance of disseminating the SDGs among our society in general and among the academic world in particular. This initiative, he assured, has been supported by some universities and municipalities in other areas \u201calso linked to the dissemination of the SDGs.\u201d<\/p>\n<p><strong>\u00a0<\/strong><\/p>\n<p>For her part, \u00c9rika Rodr\u00edguez Pinz\u00f3n celebrated the consolidation of this contest, \u201cwhich has become a reference call for the entire university community concerned by the 2030 Agenda.\u201d \u201cThis is attested to by the 3,000 works that have been submitted to these Awards since their inception and the enormous interest they continue to arouse, mostly, and as usual, among women,\u201d she added.<\/p>\n<p><strong>\u00a0<\/strong><\/p>\n<p>Finally, Manuel P\u00e9rez Mateos highlighted that, with these Awards, \u201ctwo of the great challenges of the University come together: internationalization and sustainability.\u201d Likewise, he congratulated and thanked the winners for their \u201cextraordinary work\u201d on social and economic sustainability, which will help \u201csolve one of the biggest problems in today&#8217;s society: enormous inequality.\u201d \u201cYou are the future and you will have the opportunity to lead changes in positions of responsibility to make a more sustainable and fair world,\u201d he concluded.<\/p>\n<p>&nbsp;<\/p>\n<p>&nbsp;<\/p>\n","protected":false},"excerpt":{"rendered":"<p>The Carolina Foundation, the Spanish Agency for International Development Cooperation (AECID) and the Conference of Rectors of Spanish Universities<\/p>\n","protected":false},"author":1,"featured_media":83613,"comment_status":"open","ping_status":"open","sticky":false,"template":"","format":"standard","meta":{"jnews-multi-image_gallery":[],"jnews_single_post":[],"jnews_primary_category":[],"jnews_social_meta":[],"jnews_override_counter":[],"jnews_post_split":[],"footnotes":""},"categories":[106,158,159,160,182],"tags":[],"class_list":["post-85195","post","type-post","status-publish","format-standard","has-post-thumbnail","hentry","category-frontpage","category-frontpage-en","category-news","category-spain-en","category-subscribers"],"yoast_head":"<!-- This site is optimized with the Yoast SEO plugin v27.4 - https:\/\/yoast.com\/product\/yoast-seo-wordpress\/ -->\n<title>Carolina, AECID and CRUE present 5th &#039;University, Knowledge and 2030 Agenda&#039; Awards - thediplomatinspain.com<\/title>\n<meta name=\"robots\" content=\"index, follow, max-snippet:-1, max-image-preview:large, max-video-preview:-1\" \/>\n<link rel=\"canonical\" href=\"https:\/\/thediplomatinspain.com\/en\/2024\/06\/01\/carolina-aecid-and-crue-present-5th-university-knowledge-and-2030-agenda-awards\/\" \/>\n<meta property=\"og:locale\" content=\"en_US\" \/>\n<meta property=\"og:type\" content=\"article\" \/>\n<meta property=\"og:title\" content=\"Carolina, AECID and CRUE present 5th &#039;University, Knowledge and 2030 Agenda&#039; Awards - thediplomatinspain.com\" \/>\n<meta property=\"og:description\" content=\"The Carolina Foundation, the Spanish Agency for International Development Cooperation (AECID) and the Conference of Rectors of Spanish Universities\" \/>\n<meta property=\"og:url\" content=\"https:\/\/thediplomatinspain.com\/en\/2024\/06\/01\/carolina-aecid-and-crue-present-5th-university-knowledge-and-2030-agenda-awards\/\" \/>\n<meta property=\"og:site_name\" content=\"thediplomatinspain.com\" \/>\n<meta property=\"article:publisher\" content=\"https:\/\/www.facebook.com\/thediplomatinspain\" \/>\n<meta property=\"article:published_time\" content=\"2024-06-01T02:05:11+00:00\" \/>\n<meta property=\"og:image\" content=\"https:\/\/thediplomatinspain.com\/wp-content\/uploads\/2024\/06\/AECID-Carolina-premios.jpg\" \/>\n\t<meta property=\"og:image:width\" content=\"750\" \/>\n\t<meta property=\"og:image:height\" content=\"422\" \/>\n\t<meta property=\"og:image:type\" content=\"image\/jpeg\" \/>\n<meta name=\"author\" content=\"Redacci\u00f3n\" \/>\n<meta name=\"twitter:card\" content=\"summary_large_image\" \/>\n<meta name=\"twitter:creator\" content=\"@diplomatinspain\" \/>\n<meta name=\"twitter:site\" content=\"@diplomatinspain\" \/>\n<meta name=\"twitter:label1\" content=\"Written by\" \/>\n\t<meta name=\"twitter:data1\" content=\"Redacci\u00f3n\" \/>\n\t<meta name=\"twitter:label2\" content=\"Est. reading time\" \/>\n\t<meta name=\"twitter:data2\" content=\"2 minutes\" \/>\n<script type=\"application\/ld+json\" class=\"yoast-schema-graph\">{\"@context\":\"https:\\\/\\\/schema.org\",\"@graph\":[{\"@type\":\"Article\",\"@id\":\"https:\\\/\\\/thediplomatinspain.com\\\/en\\\/2024\\\/06\\\/01\\\/carolina-aecid-and-crue-present-5th-university-knowledge-and-2030-agenda-awards\\\/#article\",\"isPartOf\":{\"@id\":\"https:\\\/\\\/thediplomatinspain.com\\\/en\\\/2024\\\/06\\\/01\\\/carolina-aecid-and-crue-present-5th-university-knowledge-and-2030-agenda-awards\\\/\"},\"author\":{\"name\":\"Redacci\u00f3n\",\"@id\":\"https:\\\/\\\/thediplomatinspain.com\\\/#\\\/schema\\\/person\\\/90d9b3004c2822bcbe64082dad885a9c\"},\"headline\":\"Carolina, AECID and CRUE present 5th &#8216;University, Knowledge and 2030 Agenda&#8217; Awards\",\"datePublished\":\"2024-06-01T02:05:11+00:00\",\"mainEntityOfPage\":{\"@id\":\"https:\\\/\\\/thediplomatinspain.com\\\/en\\\/2024\\\/06\\\/01\\\/carolina-aecid-and-crue-present-5th-university-knowledge-and-2030-agenda-awards\\\/\"},\"wordCount\":431,\"commentCount\":0,\"publisher\":{\"@id\":\"https:\\\/\\\/thediplomatinspain.com\\\/#organization\"},\"image\":{\"@id\":\"https:\\\/\\\/thediplomatinspain.com\\\/en\\\/2024\\\/06\\\/01\\\/carolina-aecid-and-crue-present-5th-university-knowledge-and-2030-agenda-awards\\\/#primaryimage\"},\"thumbnailUrl\":\"https:\\\/\\\/thediplomatinspain.com\\\/wp-content\\\/uploads\\\/2024\\\/06\\\/AECID-Carolina-premios.jpg\",\"articleSection\":[\"Frontpage\",\"Frontpage\",\"News\",\"Spain\",\"Subscribers\"],\"inLanguage\":\"en-US\",\"potentialAction\":[{\"@type\":\"CommentAction\",\"name\":\"Comment\",\"target\":[\"https:\\\/\\\/thediplomatinspain.com\\\/en\\\/2024\\\/06\\\/01\\\/carolina-aecid-and-crue-present-5th-university-knowledge-and-2030-agenda-awards\\\/#respond\"]}]},{\"@type\":\"WebPage\",\"@id\":\"https:\\\/\\\/thediplomatinspain.com\\\/en\\\/2024\\\/06\\\/01\\\/carolina-aecid-and-crue-present-5th-university-knowledge-and-2030-agenda-awards\\\/\",\"url\":\"https:\\\/\\\/thediplomatinspain.com\\\/en\\\/2024\\\/06\\\/01\\\/carolina-aecid-and-crue-present-5th-university-knowledge-and-2030-agenda-awards\\\/\",\"name\":\"Carolina, AECID and CRUE present 5th 'University, Knowledge and 2030 Agenda' Awards - thediplomatinspain.com\",\"isPartOf\":{\"@id\":\"https:\\\/\\\/thediplomatinspain.com\\\/#website\"},\"primaryImageOfPage\":{\"@id\":\"https:\\\/\\\/thediplomatinspain.com\\\/en\\\/2024\\\/06\\\/01\\\/carolina-aecid-and-crue-present-5th-university-knowledge-and-2030-agenda-awards\\\/#primaryimage\"},\"image\":{\"@id\":\"https:\\\/\\\/thediplomatinspain.com\\\/en\\\/2024\\\/06\\\/01\\\/carolina-aecid-and-crue-present-5th-university-knowledge-and-2030-agenda-awards\\\/#primaryimage\"},\"thumbnailUrl\":\"https:\\\/\\\/thediplomatinspain.com\\\/wp-content\\\/uploads\\\/2024\\\/06\\\/AECID-Carolina-premios.jpg\",\"datePublished\":\"2024-06-01T02:05:11+00:00\",\"breadcrumb\":{\"@id\":\"https:\\\/\\\/thediplomatinspain.com\\\/en\\\/2024\\\/06\\\/01\\\/carolina-aecid-and-crue-present-5th-university-knowledge-and-2030-agenda-awards\\\/#breadcrumb\"},\"inLanguage\":\"en-US\",\"potentialAction\":[{\"@type\":\"ReadAction\",\"target\":[\"https:\\\/\\\/thediplomatinspain.com\\\/en\\\/2024\\\/06\\\/01\\\/carolina-aecid-and-crue-present-5th-university-knowledge-and-2030-agenda-awards\\\/\"]}]},{\"@type\":\"ImageObject\",\"inLanguage\":\"en-US\",\"@id\":\"https:\\\/\\\/thediplomatinspain.com\\\/en\\\/2024\\\/06\\\/01\\\/carolina-aecid-and-crue-present-5th-university-knowledge-and-2030-agenda-awards\\\/#primaryimage\",\"url\":\"https:\\\/\\\/thediplomatinspain.com\\\/wp-content\\\/uploads\\\/2024\\\/06\\\/AECID-Carolina-premios.jpg\",\"contentUrl\":\"https:\\\/\\\/thediplomatinspain.com\\\/wp-content\\\/uploads\\\/2024\\\/06\\\/AECID-Carolina-premios.jpg\",\"width\":750,\"height\":422,\"caption\":\"Photo: AECID\"},{\"@type\":\"BreadcrumbList\",\"@id\":\"https:\\\/\\\/thediplomatinspain.com\\\/en\\\/2024\\\/06\\\/01\\\/carolina-aecid-and-crue-present-5th-university-knowledge-and-2030-agenda-awards\\\/#breadcrumb\",\"itemListElement\":[{\"@type\":\"ListItem\",\"position\":1,\"name\":\"Portada\",\"item\":\"https:\\\/\\\/thediplomatinspain.com\\\/en\\\/\"},{\"@type\":\"ListItem\",\"position\":2,\"name\":\"Carolina, AECID and CRUE present 5th &#8216;University, Knowledge and 2030 Agenda&#8217; Awards\"}]},{\"@type\":\"WebSite\",\"@id\":\"https:\\\/\\\/thediplomatinspain.com\\\/#website\",\"url\":\"https:\\\/\\\/thediplomatinspain.com\\\/\",\"name\":\"thediplomatinspain.com\",\"description\":\"Diario digital de referencia para diplom\u00e1ticos y empresas\",\"publisher\":{\"@id\":\"https:\\\/\\\/thediplomatinspain.com\\\/#organization\"},\"potentialAction\":[{\"@type\":\"SearchAction\",\"target\":{\"@type\":\"EntryPoint\",\"urlTemplate\":\"https:\\\/\\\/thediplomatinspain.com\\\/?s={search_term_string}\"},\"query-input\":{\"@type\":\"PropertyValueSpecification\",\"valueRequired\":true,\"valueName\":\"search_term_string\"}}],\"inLanguage\":\"en-US\"},{\"@type\":\"Organization\",\"@id\":\"https:\\\/\\\/thediplomatinspain.com\\\/#organization\",\"name\":\"thediplomatinspain.com\",\"url\":\"https:\\\/\\\/thediplomatinspain.com\\\/\",\"logo\":{\"@type\":\"ImageObject\",\"inLanguage\":\"en-US\",\"@id\":\"https:\\\/\\\/thediplomatinspain.com\\\/#\\\/schema\\\/logo\\\/image\\\/\",\"url\":\"https:\\\/\\\/thediplomatinspain.com\\\/wp-content\\\/uploads\\\/2024\\\/06\\\/logo_the_diplomat.png\",\"contentUrl\":\"https:\\\/\\\/thediplomatinspain.com\\\/wp-content\\\/uploads\\\/2024\\\/06\\\/logo_the_diplomat.png\",\"width\":284,\"height\":77,\"caption\":\"thediplomatinspain.com\"},\"image\":{\"@id\":\"https:\\\/\\\/thediplomatinspain.com\\\/#\\\/schema\\\/logo\\\/image\\\/\"},\"sameAs\":[\"https:\\\/\\\/www.facebook.com\\\/thediplomatinspain\",\"https:\\\/\\\/x.com\\\/diplomatinspain\",\"https:\\\/\\\/www.youtube.com\\\/channel\\\/UCK0mRqeeZDKdFeiFQZLcH2A\"]},{\"@type\":\"Person\",\"@id\":\"https:\\\/\\\/thediplomatinspain.com\\\/#\\\/schema\\\/person\\\/90d9b3004c2822bcbe64082dad885a9c\",\"name\":\"Redacci\u00f3n\",\"image\":{\"@type\":\"ImageObject\",\"inLanguage\":\"en-US\",\"@id\":\"https:\\\/\\\/secure.gravatar.com\\\/avatar\\\/6be270e1c81317331dd99c1537c17b9683039795b5a956c595769bfada5e7067?s=96&d=mm&r=g\",\"url\":\"https:\\\/\\\/secure.gravatar.com\\\/avatar\\\/6be270e1c81317331dd99c1537c17b9683039795b5a956c595769bfada5e7067?s=96&d=mm&r=g\",\"contentUrl\":\"https:\\\/\\\/secure.gravatar.com\\\/avatar\\\/6be270e1c81317331dd99c1537c17b9683039795b5a956c595769bfada5e7067?s=96&d=mm&r=g\",\"caption\":\"Redacci\u00f3n\"},\"sameAs\":[\"https:\\\/\\\/thediplomatinspain.com\\\/\"],\"url\":\"https:\\\/\\\/thediplomatinspain.com\\\/en\\\/author\\\/soportecibeles\\\/\"},{\"@type\":[\"Organization\",\"NewsMediaOrganization\"],\"@id\":\"https:\\\/\\\/thediplomatinspain.com\\\/en\\\/#organization\"},{\"@type\":\"SiteNavigationElement\",\"@id\":\"https:\\\/\\\/thediplomatinspain.com\\\/en\\\/#site-navigation\",\"cssSelector\":[\".cib-main-menu\"]},{\"@type\":\"WPHeader\",\"@id\":\"https:\\\/\\\/thediplomatinspain.com\\\/en\\\/#header\",\"cssSelector\":[\".cib-header\"]},{\"@type\":\"WPFooter\",\"@id\":\"https:\\\/\\\/thediplomatinspain.com\\\/en\\\/#footer\",\"cssSelector\":[\".cib-footer\"]}]}<\/script>\n<!-- \/ Yoast SEO plugin. -->","yoast_head_json":{"title":"Carolina, AECID and CRUE present 5th 'University, Knowledge and 2030 Agenda' Awards - thediplomatinspain.com","robots":{"index":"index","follow":"follow","max-snippet":"max-snippet:-1","max-image-preview":"max-image-preview:large","max-video-preview":"max-video-preview:-1"},"canonical":"https:\/\/thediplomatinspain.com\/en\/2024\/06\/01\/carolina-aecid-and-crue-present-5th-university-knowledge-and-2030-agenda-awards\/","og_locale":"en_US","og_type":"article","og_title":"Carolina, AECID and CRUE present 5th 'University, Knowledge and 2030 Agenda' Awards - thediplomatinspain.com","og_description":"The Carolina Foundation, the Spanish Agency for International Development Cooperation (AECID) and the Conference of Rectors of Spanish Universities","og_url":"https:\/\/thediplomatinspain.com\/en\/2024\/06\/01\/carolina-aecid-and-crue-present-5th-university-knowledge-and-2030-agenda-awards\/","og_site_name":"thediplomatinspain.com","article_publisher":"https:\/\/www.facebook.com\/thediplomatinspain","article_published_time":"2024-06-01T02:05:11+00:00","og_image":[{"width":750,"height":422,"url":"https:\/\/thediplomatinspain.com\/wp-content\/uploads\/2024\/06\/AECID-Carolina-premios.jpg","type":"image\/jpeg"}],"author":"Redacci\u00f3n","twitter_card":"summary_large_image","twitter_creator":"@diplomatinspain","twitter_site":"@diplomatinspain","twitter_misc":{"Written by":"Redacci\u00f3n","Est. reading time":"2 minutes"},"schema":{"@context":"https:\/\/schema.org","@graph":[{"@type":"Article","@id":"https:\/\/thediplomatinspain.com\/en\/2024\/06\/01\/carolina-aecid-and-crue-present-5th-university-knowledge-and-2030-agenda-awards\/#article","isPartOf":{"@id":"https:\/\/thediplomatinspain.com\/en\/2024\/06\/01\/carolina-aecid-and-crue-present-5th-university-knowledge-and-2030-agenda-awards\/"},"author":{"name":"Redacci\u00f3n","@id":"https:\/\/thediplomatinspain.com\/#\/schema\/person\/90d9b3004c2822bcbe64082dad885a9c"},"headline":"Carolina, AECID and CRUE present 5th &#8216;University, Knowledge and 2030 Agenda&#8217; Awards","datePublished":"2024-06-01T02:05:11+00:00","mainEntityOfPage":{"@id":"https:\/\/thediplomatinspain.com\/en\/2024\/06\/01\/carolina-aecid-and-crue-present-5th-university-knowledge-and-2030-agenda-awards\/"},"wordCount":431,"commentCount":0,"publisher":{"@id":"https:\/\/thediplomatinspain.com\/#organization"},"image":{"@id":"https:\/\/thediplomatinspain.com\/en\/2024\/06\/01\/carolina-aecid-and-crue-present-5th-university-knowledge-and-2030-agenda-awards\/#primaryimage"},"thumbnailUrl":"https:\/\/thediplomatinspain.com\/wp-content\/uploads\/2024\/06\/AECID-Carolina-premios.jpg","articleSection":["Frontpage","Frontpage","News","Spain","Subscribers"],"inLanguage":"en-US","potentialAction":[{"@type":"CommentAction","name":"Comment","target":["https:\/\/thediplomatinspain.com\/en\/2024\/06\/01\/carolina-aecid-and-crue-present-5th-university-knowledge-and-2030-agenda-awards\/#respond"]}]},{"@type":"WebPage","@id":"https:\/\/thediplomatinspain.com\/en\/2024\/06\/01\/carolina-aecid-and-crue-present-5th-university-knowledge-and-2030-agenda-awards\/","url":"https:\/\/thediplomatinspain.com\/en\/2024\/06\/01\/carolina-aecid-and-crue-present-5th-university-knowledge-and-2030-agenda-awards\/","name":"Carolina, AECID and CRUE present 5th 'University, Knowledge and 2030 Agenda' Awards - thediplomatinspain.com","isPartOf":{"@id":"https:\/\/thediplomatinspain.com\/#website"},"primaryImageOfPage":{"@id":"https:\/\/thediplomatinspain.com\/en\/2024\/06\/01\/carolina-aecid-and-crue-present-5th-university-knowledge-and-2030-agenda-awards\/#primaryimage"},"image":{"@id":"https:\/\/thediplomatinspain.com\/en\/2024\/06\/01\/carolina-aecid-and-crue-present-5th-university-knowledge-and-2030-agenda-awards\/#primaryimage"},"thumbnailUrl":"https:\/\/thediplomatinspain.com\/wp-content\/uploads\/2024\/06\/AECID-Carolina-premios.jpg","datePublished":"2024-06-01T02:05:11+00:00","breadcrumb":{"@id":"https:\/\/thediplomatinspain.com\/en\/2024\/06\/01\/carolina-aecid-and-crue-present-5th-university-knowledge-and-2030-agenda-awards\/#breadcrumb"},"inLanguage":"en-US","potentialAction":[{"@type":"ReadAction","target":["https:\/\/thediplomatinspain.com\/en\/2024\/06\/01\/carolina-aecid-and-crue-present-5th-university-knowledge-and-2030-agenda-awards\/"]}]},{"@type":"ImageObject","inLanguage":"en-US","@id":"https:\/\/thediplomatinspain.com\/en\/2024\/06\/01\/carolina-aecid-and-crue-present-5th-university-knowledge-and-2030-agenda-awards\/#primaryimage","url":"https:\/\/thediplomatinspain.com\/wp-content\/uploads\/2024\/06\/AECID-Carolina-premios.jpg","contentUrl":"https:\/\/thediplomatinspain.com\/wp-content\/uploads\/2024\/06\/AECID-Carolina-premios.jpg","width":750,"height":422,"caption":"Photo: AECID"},{"@type":"BreadcrumbList","@id":"https:\/\/thediplomatinspain.com\/en\/2024\/06\/01\/carolina-aecid-and-crue-present-5th-university-knowledge-and-2030-agenda-awards\/#breadcrumb","itemListElement":[{"@type":"ListItem","position":1,"name":"Portada","item":"https:\/\/thediplomatinspain.com\/en\/"},{"@type":"ListItem","position":2,"name":"Carolina, AECID and CRUE present 5th &#8216;University, Knowledge and 2030 Agenda&#8217; Awards"}]},{"@type":"WebSite","@id":"https:\/\/thediplomatinspain.com\/#website","url":"https:\/\/thediplomatinspain.com\/","name":"thediplomatinspain.com","description":"Diario digital de referencia para diplom\u00e1ticos y empresas","publisher":{"@id":"https:\/\/thediplomatinspain.com\/#organization"},"potentialAction":[{"@type":"SearchAction","target":{"@type":"EntryPoint","urlTemplate":"https:\/\/thediplomatinspain.com\/?s={search_term_string}"},"query-input":{"@type":"PropertyValueSpecification","valueRequired":true,"valueName":"search_term_string"}}],"inLanguage":"en-US"},{"@type":"Organization","@id":"https:\/\/thediplomatinspain.com\/#organization","name":"thediplomatinspain.com","url":"https:\/\/thediplomatinspain.com\/","logo":{"@type":"ImageObject","inLanguage":"en-US","@id":"https:\/\/thediplomatinspain.com\/#\/schema\/logo\/image\/","url":"https:\/\/thediplomatinspain.com\/wp-content\/uploads\/2024\/06\/logo_the_diplomat.png","contentUrl":"https:\/\/thediplomatinspain.com\/wp-content\/uploads\/2024\/06\/logo_the_diplomat.png","width":284,"height":77,"caption":"thediplomatinspain.com"},"image":{"@id":"https:\/\/thediplomatinspain.com\/#\/schema\/logo\/image\/"},"sameAs":["https:\/\/www.facebook.com\/thediplomatinspain","https:\/\/x.com\/diplomatinspain","https:\/\/www.youtube.com\/channel\/UCK0mRqeeZDKdFeiFQZLcH2A"]},{"@type":"Person","@id":"https:\/\/thediplomatinspain.com\/#\/schema\/person\/90d9b3004c2822bcbe64082dad885a9c","name":"Redacci\u00f3n","image":{"@type":"ImageObject","inLanguage":"en-US","@id":"https:\/\/secure.gravatar.com\/avatar\/6be270e1c81317331dd99c1537c17b9683039795b5a956c595769bfada5e7067?s=96&d=mm&r=g","url":"https:\/\/secure.gravatar.com\/avatar\/6be270e1c81317331dd99c1537c17b9683039795b5a956c595769bfada5e7067?s=96&d=mm&r=g","contentUrl":"https:\/\/secure.gravatar.com\/avatar\/6be270e1c81317331dd99c1537c17b9683039795b5a956c595769bfada5e7067?s=96&d=mm&r=g","caption":"Redacci\u00f3n"},"sameAs":["https:\/\/thediplomatinspain.com\/"],"url":"https:\/\/thediplomatinspain.com\/en\/author\/soportecibeles\/"},{"@type":["Organization","NewsMediaOrganization"],"@id":"https:\/\/thediplomatinspain.com\/en\/#organization"},{"@type":"SiteNavigationElement","@id":"https:\/\/thediplomatinspain.com\/en\/#site-navigation","cssSelector":[".cib-main-menu"]},{"@type":"WPHeader","@id":"https:\/\/thediplomatinspain.com\/en\/#header","cssSelector":[".cib-header"]},{"@type":"WPFooter","@id":"https:\/\/thediplomatinspain.com\/en\/#footer","cssSelector":[".cib-footer"]}]}},"amp_enabled":true,"_links":{"self":[{"href":"https:\/\/thediplomatinspain.com\/en\/wp-json\/wp\/v2\/posts\/85195","targetHints":{"allow":["GET"]}}],"collection":[{"href":"https:\/\/thediplomatinspain.com\/en\/wp-json\/wp\/v2\/posts"}],"about":[{"href":"https:\/\/thediplomatinspain.com\/en\/wp-json\/wp\/v2\/types\/post"}],"author":[{"embeddable":true,"href":"https:\/\/thediplomatinspain.com\/en\/wp-json\/wp\/v2\/users\/1"}],"replies":[{"embeddable":true,"href":"https:\/\/thediplomatinspain.com\/en\/wp-json\/wp\/v2\/comments?post=85195"}],"version-history":[{"count":0,"href":"https:\/\/thediplomatinspain.com\/en\/wp-json\/wp\/v2\/posts\/85195\/revisions"}],"wp:featuredmedia":[{"embeddable":true,"href":"https:\/\/thediplomatinspain.com\/en\/wp-json\/wp\/v2\/media\/83613"}],"wp:attachment":[{"href":"https:\/\/thediplomatinspain.com\/en\/wp-json\/wp\/v2\/media?parent=85195"}],"wp:term":[{"taxonomy":"category","embeddable":true,"href":"https:\/\/thediplomatinspain.com\/en\/wp-json\/wp\/v2\/categories?post=85195"},{"taxonomy":"post_tag","embeddable":true,"href":"https:\/\/thediplomatinspain.com\/en\/wp-json\/wp\/v2\/tags?post=85195"}],"curies":[{"name":"wp","href":"https:\/\/api.w.org\/{rel}","templated":true}]}}