{"id":83098,"date":"2024-05-04T04:03:04","date_gmt":"2024-05-04T02:03:04","guid":{"rendered":"https:\/\/zen-hopper.82-223-81-17.plesk.page\/2024\/05\/04\/dolors-montserrat-to-head-the-pp-list-for-the-european-elections-again\/"},"modified":"2024-05-04T04:03:04","modified_gmt":"2024-05-04T02:03:04","slug":"dolors-montserrat-to-head-the-pp-list-for-the-european-elections-again","status":"publish","type":"post","link":"https:\/\/thediplomatinspain.com\/en\/2024\/05\/04\/dolors-montserrat-to-head-the-pp-list-for-the-european-elections-again\/","title":{"rendered":"Dolors Montserrat to head the PP list for the European elections again"},"content":{"rendered":"<h6><strong>The Diplomat<\/strong><\/h6>\n<p>&nbsp;<\/p>\n<p><strong>The former Minister of Health and current MEP Dolors Monserrat will once again head the PP list of candidates for the European Parliament elections on 9 June,<\/strong> as confirmed yesterday by the leader of this political party, Alberto N\u00fa\u00f1ez Feij\u00f3o, at an event in Figueres (Girona).<\/p>\n<p>&nbsp;<\/p>\n<p>The election of Dolors Monserrat as &#8216;number 1&#8217; on the list of the &#8216;populares&#8217; was practically a certainty, while other names that will make up the candidacy were becoming known.<\/p>\n<p>&nbsp;<\/p>\n<p>The Catalan politician already headed the PP&#8217;s candidacy in the 2019 elections, and Feij\u00f3o has decided to bet on her this time as well.<\/p>\n<p>&nbsp;<\/p>\n<p>In the &#8216;number two&#8217; position on the list will be the Andalusian Minister of Agriculture, Fisheries, Water and Rural Development, Carmen Crespo. And the former Minister of the Interior, Juan Ignacio Zoido, will repeat his candidacy in the 14th position.<\/p>\n<p>&nbsp;<\/p>\n<p>Esteban Gonz\u00e1lez Pons, the PP&#8217;s Deputy Secretary for Institutional Action, is also expected to be in one of the top positions, and will also lead the campaign for the elections on 9 June.<\/p>\n<p>&nbsp;<\/p>\n<p>It was announced a few days ago that three of the current Ciudadanos MEPs will join the list: Adri\u00e1n V\u00e1zquez, who was the former Secretary General of the orange party, and his colleagues Susana Sol\u00eds and Eva Poptcheva. V\u00e1zquez and Sol\u00eds will be in positions that are considered to be safe, in the top 20.<\/p>\n<p>&nbsp;<\/p>\n<p>Diplomat Nicol\u00e1s Pascual de la Parte, former ambassador to NATO, will be in the 21st position, and the economist Fernando Navarrete, until now director of the cabinet of the governor of the Bank of Spain, Pablo Hern\u00e1ndez de Cos, has also been confirmed as a candidate.<\/p>\n<p>&nbsp;<\/p>\n<p>The philosopher and writer Fernando Savater will close the list on a testimonial basis.<\/p>\n","protected":false},"excerpt":{"rendered":"<p>The Diplomat &nbsp; The former Minister of Health and current MEP Dolors Monserrat will once again head the PP list of candidates for the European Parliament elections on 9 June, as confirmed yesterday by the leader of this political party, Alberto N\u00fa\u00f1ez Feij\u00f3o, at an event in Figueres (Girona). &nbsp; The election of Dolors Monserrat [&hellip;]<\/p>\n","protected":false},"author":1,"featured_media":72139,"comment_status":"open","ping_status":"open","sticky":false,"template":"","format":"standard","meta":{"jnews-multi-image_gallery":[],"jnews_single_post":[],"jnews_primary_category":[],"jnews_social_meta":[],"jnews_override_counter":[],"jnews_post_split":[],"footnotes":""},"categories":[187],"tags":[],"class_list":["post-83098","post","type-post","status-publish","format-standard","has-post-thumbnail","hentry","category-in-brief"],"yoast_head":"<!-- This site is optimized with the Yoast SEO plugin v27.5 - https:\/\/yoast.com\/product\/yoast-seo-wordpress\/ -->\n<title>Dolors Montserrat to head the PP list for the European elections again - thediplomatinspain.com<\/title>\n<meta name=\"robots\" content=\"index, follow, max-snippet:-1, max-image-preview:large, max-video-preview:-1\" \/>\n<link rel=\"canonical\" href=\"https:\/\/thediplomatinspain.com\/en\/2024\/05\/04\/dolors-montserrat-to-head-the-pp-list-for-the-european-elections-again\/\" \/>\n<meta property=\"og:locale\" content=\"en_US\" \/>\n<meta property=\"og:type\" content=\"article\" \/>\n<meta property=\"og:title\" content=\"Dolors Montserrat to head the PP list for the European elections again - thediplomatinspain.com\" \/>\n<meta property=\"og:description\" content=\"The Diplomat &nbsp; The former Minister of Health and current MEP Dolors Monserrat will once again head the PP list of candidates for the European Parliament elections on 9 June, as confirmed yesterday by the leader of this political party, Alberto N\u00fa\u00f1ez Feij\u00f3o, at an event in Figueres (Girona). &nbsp; The election of Dolors Monserrat [&hellip;]\" \/>\n<meta property=\"og:url\" content=\"https:\/\/thediplomatinspain.com\/en\/2024\/05\/04\/dolors-montserrat-to-head-the-pp-list-for-the-european-elections-again\/\" \/>\n<meta property=\"og:site_name\" content=\"thediplomatinspain.com\" \/>\n<meta property=\"article:publisher\" content=\"https:\/\/www.facebook.com\/thediplomatinspain\" \/>\n<meta property=\"article:published_time\" content=\"2024-05-04T02:03:04+00:00\" \/>\n<meta property=\"og:image\" content=\"https:\/\/thediplomatinspain.com\/wp-content\/uploads\/2024\/05\/Dolors-Montserrat-4.jpg\" \/>\n\t<meta property=\"og:image:width\" content=\"750\" \/>\n\t<meta property=\"og:image:height\" content=\"482\" \/>\n\t<meta property=\"og:image:type\" content=\"image\/jpeg\" \/>\n<meta name=\"author\" content=\"Redacci\u00f3n\" \/>\n<meta name=\"twitter:card\" content=\"summary_large_image\" \/>\n<meta name=\"twitter:creator\" content=\"@diplomatinspain\" \/>\n<meta name=\"twitter:site\" content=\"@diplomatinspain\" \/>\n<meta name=\"twitter:label1\" content=\"Written by\" \/>\n\t<meta name=\"twitter:data1\" content=\"Redacci\u00f3n\" \/>\n\t<meta name=\"twitter:label2\" content=\"Est. reading time\" \/>\n\t<meta name=\"twitter:data2\" content=\"2 minutes\" \/>\n<script type=\"application\/ld+json\" class=\"yoast-schema-graph\">{\"@context\":\"https:\\\/\\\/schema.org\",\"@graph\":[{\"@type\":\"Article\",\"@id\":\"https:\\\/\\\/thediplomatinspain.com\\\/en\\\/2024\\\/05\\\/04\\\/dolors-montserrat-to-head-the-pp-list-for-the-european-elections-again\\\/#article\",\"isPartOf\":{\"@id\":\"https:\\\/\\\/thediplomatinspain.com\\\/en\\\/2024\\\/05\\\/04\\\/dolors-montserrat-to-head-the-pp-list-for-the-european-elections-again\\\/\"},\"author\":{\"name\":\"Redacci\u00f3n\",\"@id\":\"https:\\\/\\\/thediplomatinspain.com\\\/#\\\/schema\\\/person\\\/90d9b3004c2822bcbe64082dad885a9c\"},\"headline\":\"Dolors Montserrat to head the PP list for the European elections again\",\"datePublished\":\"2024-05-04T02:03:04+00:00\",\"mainEntityOfPage\":{\"@id\":\"https:\\\/\\\/thediplomatinspain.com\\\/en\\\/2024\\\/05\\\/04\\\/dolors-montserrat-to-head-the-pp-list-for-the-european-elections-again\\\/\"},\"wordCount\":318,\"commentCount\":0,\"publisher\":{\"@id\":\"https:\\\/\\\/thediplomatinspain.com\\\/#organization\"},\"image\":{\"@id\":\"https:\\\/\\\/thediplomatinspain.com\\\/en\\\/2024\\\/05\\\/04\\\/dolors-montserrat-to-head-the-pp-list-for-the-european-elections-again\\\/#primaryimage\"},\"thumbnailUrl\":\"https:\\\/\\\/thediplomatinspain.com\\\/wp-content\\\/uploads\\\/2024\\\/05\\\/Dolors-Montserrat-4.jpg\",\"articleSection\":[\"In brief\"],\"inLanguage\":\"en-US\",\"potentialAction\":[{\"@type\":\"CommentAction\",\"name\":\"Comment\",\"target\":[\"https:\\\/\\\/thediplomatinspain.com\\\/en\\\/2024\\\/05\\\/04\\\/dolors-montserrat-to-head-the-pp-list-for-the-european-elections-again\\\/#respond\"]}]},{\"@type\":\"WebPage\",\"@id\":\"https:\\\/\\\/thediplomatinspain.com\\\/en\\\/2024\\\/05\\\/04\\\/dolors-montserrat-to-head-the-pp-list-for-the-european-elections-again\\\/\",\"url\":\"https:\\\/\\\/thediplomatinspain.com\\\/en\\\/2024\\\/05\\\/04\\\/dolors-montserrat-to-head-the-pp-list-for-the-european-elections-again\\\/\",\"name\":\"Dolors Montserrat to head the PP list for the European elections again - thediplomatinspain.com\",\"isPartOf\":{\"@id\":\"https:\\\/\\\/thediplomatinspain.com\\\/#website\"},\"primaryImageOfPage\":{\"@id\":\"https:\\\/\\\/thediplomatinspain.com\\\/en\\\/2024\\\/05\\\/04\\\/dolors-montserrat-to-head-the-pp-list-for-the-european-elections-again\\\/#primaryimage\"},\"image\":{\"@id\":\"https:\\\/\\\/thediplomatinspain.com\\\/en\\\/2024\\\/05\\\/04\\\/dolors-montserrat-to-head-the-pp-list-for-the-european-elections-again\\\/#primaryimage\"},\"thumbnailUrl\":\"https:\\\/\\\/thediplomatinspain.com\\\/wp-content\\\/uploads\\\/2024\\\/05\\\/Dolors-Montserrat-4.jpg\",\"datePublished\":\"2024-05-04T02:03:04+00:00\",\"breadcrumb\":{\"@id\":\"https:\\\/\\\/thediplomatinspain.com\\\/en\\\/2024\\\/05\\\/04\\\/dolors-montserrat-to-head-the-pp-list-for-the-european-elections-again\\\/#breadcrumb\"},\"inLanguage\":\"en-US\",\"potentialAction\":[{\"@type\":\"ReadAction\",\"target\":[\"https:\\\/\\\/thediplomatinspain.com\\\/en\\\/2024\\\/05\\\/04\\\/dolors-montserrat-to-head-the-pp-list-for-the-european-elections-again\\\/\"]}]},{\"@type\":\"ImageObject\",\"inLanguage\":\"en-US\",\"@id\":\"https:\\\/\\\/thediplomatinspain.com\\\/en\\\/2024\\\/05\\\/04\\\/dolors-montserrat-to-head-the-pp-list-for-the-european-elections-again\\\/#primaryimage\",\"url\":\"https:\\\/\\\/thediplomatinspain.com\\\/wp-content\\\/uploads\\\/2024\\\/05\\\/Dolors-Montserrat-4.jpg\",\"contentUrl\":\"https:\\\/\\\/thediplomatinspain.com\\\/wp-content\\\/uploads\\\/2024\\\/05\\\/Dolors-Montserrat-4.jpg\",\"width\":750,\"height\":482},{\"@type\":\"BreadcrumbList\",\"@id\":\"https:\\\/\\\/thediplomatinspain.com\\\/en\\\/2024\\\/05\\\/04\\\/dolors-montserrat-to-head-the-pp-list-for-the-european-elections-again\\\/#breadcrumb\",\"itemListElement\":[{\"@type\":\"ListItem\",\"position\":1,\"name\":\"Portada\",\"item\":\"https:\\\/\\\/thediplomatinspain.com\\\/en\\\/\"},{\"@type\":\"ListItem\",\"position\":2,\"name\":\"Dolors Montserrat to head the PP list for the European elections again\"}]},{\"@type\":\"WebSite\",\"@id\":\"https:\\\/\\\/thediplomatinspain.com\\\/#website\",\"url\":\"https:\\\/\\\/thediplomatinspain.com\\\/\",\"name\":\"thediplomatinspain.com\",\"description\":\"Diario digital de referencia para diplom\u00e1ticos y empresas\",\"publisher\":{\"@id\":\"https:\\\/\\\/thediplomatinspain.com\\\/#organization\"},\"potentialAction\":[{\"@type\":\"SearchAction\",\"target\":{\"@type\":\"EntryPoint\",\"urlTemplate\":\"https:\\\/\\\/thediplomatinspain.com\\\/?s={search_term_string}\"},\"query-input\":{\"@type\":\"PropertyValueSpecification\",\"valueRequired\":true,\"valueName\":\"search_term_string\"}}],\"inLanguage\":\"en-US\"},{\"@type\":\"Organization\",\"@id\":\"https:\\\/\\\/thediplomatinspain.com\\\/#organization\",\"name\":\"thediplomatinspain.com\",\"url\":\"https:\\\/\\\/thediplomatinspain.com\\\/\",\"logo\":{\"@type\":\"ImageObject\",\"inLanguage\":\"en-US\",\"@id\":\"https:\\\/\\\/thediplomatinspain.com\\\/#\\\/schema\\\/logo\\\/image\\\/\",\"url\":\"https:\\\/\\\/thediplomatinspain.com\\\/wp-content\\\/uploads\\\/2024\\\/06\\\/logo_the_diplomat.png\",\"contentUrl\":\"https:\\\/\\\/thediplomatinspain.com\\\/wp-content\\\/uploads\\\/2024\\\/06\\\/logo_the_diplomat.png\",\"width\":284,\"height\":77,\"caption\":\"thediplomatinspain.com\"},\"image\":{\"@id\":\"https:\\\/\\\/thediplomatinspain.com\\\/#\\\/schema\\\/logo\\\/image\\\/\"},\"sameAs\":[\"https:\\\/\\\/www.facebook.com\\\/thediplomatinspain\",\"https:\\\/\\\/x.com\\\/diplomatinspain\",\"https:\\\/\\\/www.youtube.com\\\/channel\\\/UCK0mRqeeZDKdFeiFQZLcH2A\"]},{\"@type\":\"Person\",\"@id\":\"https:\\\/\\\/thediplomatinspain.com\\\/#\\\/schema\\\/person\\\/90d9b3004c2822bcbe64082dad885a9c\",\"name\":\"Redacci\u00f3n\",\"image\":{\"@type\":\"ImageObject\",\"inLanguage\":\"en-US\",\"@id\":\"https:\\\/\\\/secure.gravatar.com\\\/avatar\\\/6be270e1c81317331dd99c1537c17b9683039795b5a956c595769bfada5e7067?s=96&d=mm&r=g\",\"url\":\"https:\\\/\\\/secure.gravatar.com\\\/avatar\\\/6be270e1c81317331dd99c1537c17b9683039795b5a956c595769bfada5e7067?s=96&d=mm&r=g\",\"contentUrl\":\"https:\\\/\\\/secure.gravatar.com\\\/avatar\\\/6be270e1c81317331dd99c1537c17b9683039795b5a956c595769bfada5e7067?s=96&d=mm&r=g\",\"caption\":\"Redacci\u00f3n\"},\"sameAs\":[\"https:\\\/\\\/thediplomatinspain.com\\\/\"],\"url\":\"https:\\\/\\\/thediplomatinspain.com\\\/en\\\/author\\\/soportecibeles\\\/\"},{\"@type\":[\"Organization\",\"NewsMediaOrganization\"],\"@id\":\"https:\\\/\\\/thediplomatinspain.com\\\/en\\\/#organization\"},{\"@type\":\"SiteNavigationElement\",\"@id\":\"https:\\\/\\\/thediplomatinspain.com\\\/en\\\/#site-navigation\",\"cssSelector\":[\".cib-main-menu\"]},{\"@type\":\"WPHeader\",\"@id\":\"https:\\\/\\\/thediplomatinspain.com\\\/en\\\/#header\",\"cssSelector\":[\".cib-header\"]},{\"@type\":\"WPFooter\",\"@id\":\"https:\\\/\\\/thediplomatinspain.com\\\/en\\\/#footer\",\"cssSelector\":[\".cib-footer\"]}]}<\/script>\n<!-- \/ Yoast SEO plugin. -->","yoast_head_json":{"title":"Dolors Montserrat to head the PP list for the European elections again - thediplomatinspain.com","robots":{"index":"index","follow":"follow","max-snippet":"max-snippet:-1","max-image-preview":"max-image-preview:large","max-video-preview":"max-video-preview:-1"},"canonical":"https:\/\/thediplomatinspain.com\/en\/2024\/05\/04\/dolors-montserrat-to-head-the-pp-list-for-the-european-elections-again\/","og_locale":"en_US","og_type":"article","og_title":"Dolors Montserrat to head the PP list for the European elections again - thediplomatinspain.com","og_description":"The Diplomat &nbsp; The former Minister of Health and current MEP Dolors Monserrat will once again head the PP list of candidates for the European Parliament elections on 9 June, as confirmed yesterday by the leader of this political party, Alberto N\u00fa\u00f1ez Feij\u00f3o, at an event in Figueres (Girona). &nbsp; The election of Dolors Monserrat [&hellip;]","og_url":"https:\/\/thediplomatinspain.com\/en\/2024\/05\/04\/dolors-montserrat-to-head-the-pp-list-for-the-european-elections-again\/","og_site_name":"thediplomatinspain.com","article_publisher":"https:\/\/www.facebook.com\/thediplomatinspain","article_published_time":"2024-05-04T02:03:04+00:00","og_image":[{"width":750,"height":482,"url":"https:\/\/thediplomatinspain.com\/wp-content\/uploads\/2024\/05\/Dolors-Montserrat-4.jpg","type":"image\/jpeg"}],"author":"Redacci\u00f3n","twitter_card":"summary_large_image","twitter_creator":"@diplomatinspain","twitter_site":"@diplomatinspain","twitter_misc":{"Written by":"Redacci\u00f3n","Est. reading time":"2 minutes"},"schema":{"@context":"https:\/\/schema.org","@graph":[{"@type":"Article","@id":"https:\/\/thediplomatinspain.com\/en\/2024\/05\/04\/dolors-montserrat-to-head-the-pp-list-for-the-european-elections-again\/#article","isPartOf":{"@id":"https:\/\/thediplomatinspain.com\/en\/2024\/05\/04\/dolors-montserrat-to-head-the-pp-list-for-the-european-elections-again\/"},"author":{"name":"Redacci\u00f3n","@id":"https:\/\/thediplomatinspain.com\/#\/schema\/person\/90d9b3004c2822bcbe64082dad885a9c"},"headline":"Dolors Montserrat to head the PP list for the European elections again","datePublished":"2024-05-04T02:03:04+00:00","mainEntityOfPage":{"@id":"https:\/\/thediplomatinspain.com\/en\/2024\/05\/04\/dolors-montserrat-to-head-the-pp-list-for-the-european-elections-again\/"},"wordCount":318,"commentCount":0,"publisher":{"@id":"https:\/\/thediplomatinspain.com\/#organization"},"image":{"@id":"https:\/\/thediplomatinspain.com\/en\/2024\/05\/04\/dolors-montserrat-to-head-the-pp-list-for-the-european-elections-again\/#primaryimage"},"thumbnailUrl":"https:\/\/thediplomatinspain.com\/wp-content\/uploads\/2024\/05\/Dolors-Montserrat-4.jpg","articleSection":["In brief"],"inLanguage":"en-US","potentialAction":[{"@type":"CommentAction","name":"Comment","target":["https:\/\/thediplomatinspain.com\/en\/2024\/05\/04\/dolors-montserrat-to-head-the-pp-list-for-the-european-elections-again\/#respond"]}]},{"@type":"WebPage","@id":"https:\/\/thediplomatinspain.com\/en\/2024\/05\/04\/dolors-montserrat-to-head-the-pp-list-for-the-european-elections-again\/","url":"https:\/\/thediplomatinspain.com\/en\/2024\/05\/04\/dolors-montserrat-to-head-the-pp-list-for-the-european-elections-again\/","name":"Dolors Montserrat to head the PP list for the European elections again - thediplomatinspain.com","isPartOf":{"@id":"https:\/\/thediplomatinspain.com\/#website"},"primaryImageOfPage":{"@id":"https:\/\/thediplomatinspain.com\/en\/2024\/05\/04\/dolors-montserrat-to-head-the-pp-list-for-the-european-elections-again\/#primaryimage"},"image":{"@id":"https:\/\/thediplomatinspain.com\/en\/2024\/05\/04\/dolors-montserrat-to-head-the-pp-list-for-the-european-elections-again\/#primaryimage"},"thumbnailUrl":"https:\/\/thediplomatinspain.com\/wp-content\/uploads\/2024\/05\/Dolors-Montserrat-4.jpg","datePublished":"2024-05-04T02:03:04+00:00","breadcrumb":{"@id":"https:\/\/thediplomatinspain.com\/en\/2024\/05\/04\/dolors-montserrat-to-head-the-pp-list-for-the-european-elections-again\/#breadcrumb"},"inLanguage":"en-US","potentialAction":[{"@type":"ReadAction","target":["https:\/\/thediplomatinspain.com\/en\/2024\/05\/04\/dolors-montserrat-to-head-the-pp-list-for-the-european-elections-again\/"]}]},{"@type":"ImageObject","inLanguage":"en-US","@id":"https:\/\/thediplomatinspain.com\/en\/2024\/05\/04\/dolors-montserrat-to-head-the-pp-list-for-the-european-elections-again\/#primaryimage","url":"https:\/\/thediplomatinspain.com\/wp-content\/uploads\/2024\/05\/Dolors-Montserrat-4.jpg","contentUrl":"https:\/\/thediplomatinspain.com\/wp-content\/uploads\/2024\/05\/Dolors-Montserrat-4.jpg","width":750,"height":482},{"@type":"BreadcrumbList","@id":"https:\/\/thediplomatinspain.com\/en\/2024\/05\/04\/dolors-montserrat-to-head-the-pp-list-for-the-european-elections-again\/#breadcrumb","itemListElement":[{"@type":"ListItem","position":1,"name":"Portada","item":"https:\/\/thediplomatinspain.com\/en\/"},{"@type":"ListItem","position":2,"name":"Dolors Montserrat to head the PP list for the European elections again"}]},{"@type":"WebSite","@id":"https:\/\/thediplomatinspain.com\/#website","url":"https:\/\/thediplomatinspain.com\/","name":"thediplomatinspain.com","description":"Diario digital de referencia para diplom\u00e1ticos y empresas","publisher":{"@id":"https:\/\/thediplomatinspain.com\/#organization"},"potentialAction":[{"@type":"SearchAction","target":{"@type":"EntryPoint","urlTemplate":"https:\/\/thediplomatinspain.com\/?s={search_term_string}"},"query-input":{"@type":"PropertyValueSpecification","valueRequired":true,"valueName":"search_term_string"}}],"inLanguage":"en-US"},{"@type":"Organization","@id":"https:\/\/thediplomatinspain.com\/#organization","name":"thediplomatinspain.com","url":"https:\/\/thediplomatinspain.com\/","logo":{"@type":"ImageObject","inLanguage":"en-US","@id":"https:\/\/thediplomatinspain.com\/#\/schema\/logo\/image\/","url":"https:\/\/thediplomatinspain.com\/wp-content\/uploads\/2024\/06\/logo_the_diplomat.png","contentUrl":"https:\/\/thediplomatinspain.com\/wp-content\/uploads\/2024\/06\/logo_the_diplomat.png","width":284,"height":77,"caption":"thediplomatinspain.com"},"image":{"@id":"https:\/\/thediplomatinspain.com\/#\/schema\/logo\/image\/"},"sameAs":["https:\/\/www.facebook.com\/thediplomatinspain","https:\/\/x.com\/diplomatinspain","https:\/\/www.youtube.com\/channel\/UCK0mRqeeZDKdFeiFQZLcH2A"]},{"@type":"Person","@id":"https:\/\/thediplomatinspain.com\/#\/schema\/person\/90d9b3004c2822bcbe64082dad885a9c","name":"Redacci\u00f3n","image":{"@type":"ImageObject","inLanguage":"en-US","@id":"https:\/\/secure.gravatar.com\/avatar\/6be270e1c81317331dd99c1537c17b9683039795b5a956c595769bfada5e7067?s=96&d=mm&r=g","url":"https:\/\/secure.gravatar.com\/avatar\/6be270e1c81317331dd99c1537c17b9683039795b5a956c595769bfada5e7067?s=96&d=mm&r=g","contentUrl":"https:\/\/secure.gravatar.com\/avatar\/6be270e1c81317331dd99c1537c17b9683039795b5a956c595769bfada5e7067?s=96&d=mm&r=g","caption":"Redacci\u00f3n"},"sameAs":["https:\/\/thediplomatinspain.com\/"],"url":"https:\/\/thediplomatinspain.com\/en\/author\/soportecibeles\/"},{"@type":["Organization","NewsMediaOrganization"],"@id":"https:\/\/thediplomatinspain.com\/en\/#organization"},{"@type":"SiteNavigationElement","@id":"https:\/\/thediplomatinspain.com\/en\/#site-navigation","cssSelector":[".cib-main-menu"]},{"@type":"WPHeader","@id":"https:\/\/thediplomatinspain.com\/en\/#header","cssSelector":[".cib-header"]},{"@type":"WPFooter","@id":"https:\/\/thediplomatinspain.com\/en\/#footer","cssSelector":[".cib-footer"]}]}},"amp_enabled":true,"_links":{"self":[{"href":"https:\/\/thediplomatinspain.com\/en\/wp-json\/wp\/v2\/posts\/83098","targetHints":{"allow":["GET"]}}],"collection":[{"href":"https:\/\/thediplomatinspain.com\/en\/wp-json\/wp\/v2\/posts"}],"about":[{"href":"https:\/\/thediplomatinspain.com\/en\/wp-json\/wp\/v2\/types\/post"}],"author":[{"embeddable":true,"href":"https:\/\/thediplomatinspain.com\/en\/wp-json\/wp\/v2\/users\/1"}],"replies":[{"embeddable":true,"href":"https:\/\/thediplomatinspain.com\/en\/wp-json\/wp\/v2\/comments?post=83098"}],"version-history":[{"count":0,"href":"https:\/\/thediplomatinspain.com\/en\/wp-json\/wp\/v2\/posts\/83098\/revisions"}],"wp:featuredmedia":[{"embeddable":true,"href":"https:\/\/thediplomatinspain.com\/en\/wp-json\/wp\/v2\/media\/72139"}],"wp:attachment":[{"href":"https:\/\/thediplomatinspain.com\/en\/wp-json\/wp\/v2\/media?parent=83098"}],"wp:term":[{"taxonomy":"category","embeddable":true,"href":"https:\/\/thediplomatinspain.com\/en\/wp-json\/wp\/v2\/categories?post=83098"},{"taxonomy":"post_tag","embeddable":true,"href":"https:\/\/thediplomatinspain.com\/en\/wp-json\/wp\/v2\/tags?post=83098"}],"curies":[{"name":"wp","href":"https:\/\/api.w.org\/{rel}","templated":true}]}}