{"id":81924,"date":"2024-01-01T05:06:11","date_gmt":"2024-01-01T04:06:11","guid":{"rendered":"https:\/\/zen-hopper.82-223-81-17.plesk.page\/2024\/01\/01\/iran-frees-spaniard-santiago-sanchez-cogedor-after-a-year-of-detention\/"},"modified":"2024-01-01T05:06:11","modified_gmt":"2024-01-01T04:06:11","slug":"iran-frees-spaniard-santiago-sanchez-cogedor-after-a-year-of-detention","status":"publish","type":"post","link":"https:\/\/thediplomatinspain.com\/en\/2024\/01\/01\/iran-frees-spaniard-santiago-sanchez-cogedor-after-a-year-of-detention\/","title":{"rendered":"Iran frees Spaniard Santiago S\u00e1nchez Cogedor after a year of detention"},"content":{"rendered":"<p>&nbsp;<\/p>\n<p>&nbsp;<\/p>\n<h6><strong>The Diplomat<\/strong><\/h6>\n<h4><\/h4>\n<h4><strong>Iran, yesterday released the Spaniard Santiago S\u00e1nchez Cogedor, who had been in prison in that country since October 2022, as reported by the Iranian Embassy in Madrid, through a message on the X social network.<\/strong><\/h4>\n<h4><\/h4>\n<p>Santiago S\u00e1nchez Cogedor, who passed through Iran on foot on his way to Qatar, where he planned to attend the World Cup, <strong>was arrested after visiting the grave of Masha Amini<\/strong>, a young Kurdish woman who died in custody after being arrested. for wearing the veil wrong.<\/p>\n<p>&nbsp;<\/p>\n<p>In its message, the Iranian Embassy indicated that it was pleased to report the release of the <strong>&#8220;only Spaniard imprisoned in Iran&#8221;<\/strong> and explained that the release was carried out<strong> \u201cwithin the framework of the friendly and historical relations between the two countries and in compliance with the laws.\u201d<\/strong><\/p>\n<p>&nbsp;<\/p>\n<p>The Minister of Foreign Affairs,<strong> Jos\u00e9 Manuel Albares, had demanded the release of S\u00e1nchez Cogedor<\/strong> at the beginning of last October, during an event in Madrid on the occasion of the 75th anniversary of the Universal Declaration of Human Rights.<\/p>\n<p>&nbsp;<\/p>\n<p>Since the arrest and imprisonment of S\u00e1nchez Cogedor, a 41-year-old man from Madrid,<strong> the Spanish Embassy in Tehran, with its ambassador, \u00c1ngel Losada, at the helm, has been taking steps to assist the Spanish citizen and achieve his release.<\/strong><\/p>\n<p>&nbsp;<\/p>\n<p>In conversation with <em>Efe<\/em>, <strong>Celia Cogedor, mother of the freed Spaniard, was &#8220;overwhelmed&#8221; by the news,<\/strong> which she learned about on Sunday afternoon through a translator from the Iranian Embassy.<\/p>\n<p>&nbsp;<\/p>\n<p>At the moment, as she explained, they had no more information about his release, which could occur in about 24 hours, nor did they know when he would be able to return to Spain.<br \/>\nThe family is contacting Spanish diplomats in Iran to find out what steps to take next once the release occurs.<\/p>\n<p>&nbsp;<\/p>\n<p>On October 2 of last year, the Spaniard was arrested in the Kurdish city of Saqqez after visiting and photographing the grave of Mahsa Amini, whose death due to wearing the veil incorrectly caused strong protests in the country itself and much of the world. These were extinguished after a strong repression that caused 500 deaths, thousands of arrests and several executions of protesters.<\/p>\n<p>&nbsp;<\/p>\n<p>The Spaniard was arrested and transferred to prison, where he has been for more than 14 months. There he began a hunger strike to demand better treatment in prison and his release. According to what his mother told Efe a few months ago, in prison he organized soccer, volleyball and chess tournaments.<\/p>\n<p>&nbsp;<\/p>\n<p>&#8220;Pambu (as Santiago is called by his family and friends) is now calmer and has taken his stay in the Iranian prison as a volunteer, because there are many people there that he can help,&#8221; his mother declared last month October.<\/p>\n<p>&nbsp;<\/p>\n<p>S\u00e1nchez Cogedor&#8217;s family even turned to Real Madrid to have the football club mediate with Iran to obtain his release, although the latter did not respond to the request for help.<\/p>\n","protected":false},"excerpt":{"rendered":"<p>Iran, yesterday released the Spaniard Santiago S\u00e1nchez Cogedor, who had been in prison in that country since October 2022, as reported by the Iranian Embassy in Madrid,<\/p>\n","protected":false},"author":1,"featured_media":70952,"comment_status":"open","ping_status":"open","sticky":false,"template":"","format":"standard","meta":{"jnews-multi-image_gallery":[],"jnews_single_post":[],"jnews_primary_category":[],"jnews_social_meta":[],"jnews_override_counter":[],"jnews_post_split":[],"footnotes":""},"categories":[106,158,159,182,162],"tags":[],"class_list":["post-81924","post","type-post","status-publish","format-standard","has-post-thumbnail","hentry","category-frontpage","category-frontpage-en","category-news","category-subscribers","category-the-world-in-spain"],"yoast_head":"<!-- This site is optimized with the Yoast SEO plugin v27.5 - https:\/\/yoast.com\/product\/yoast-seo-wordpress\/ -->\n<title>Iran frees Spaniard Santiago S\u00e1nchez Cogedor after a year of detention - thediplomatinspain.com<\/title>\n<meta name=\"robots\" content=\"index, follow, max-snippet:-1, max-image-preview:large, max-video-preview:-1\" \/>\n<link rel=\"canonical\" href=\"https:\/\/thediplomatinspain.com\/en\/2024\/01\/01\/iran-frees-spaniard-santiago-sanchez-cogedor-after-a-year-of-detention\/\" \/>\n<meta property=\"og:locale\" content=\"en_US\" \/>\n<meta property=\"og:type\" content=\"article\" \/>\n<meta property=\"og:title\" content=\"Iran frees Spaniard Santiago S\u00e1nchez Cogedor after a year of detention - thediplomatinspain.com\" \/>\n<meta property=\"og:description\" content=\"Iran, yesterday released the Spaniard Santiago S\u00e1nchez Cogedor, who had been in prison in that country since October 2022, as reported by the Iranian Embassy in Madrid,\" \/>\n<meta property=\"og:url\" content=\"https:\/\/thediplomatinspain.com\/en\/2024\/01\/01\/iran-frees-spaniard-santiago-sanchez-cogedor-after-a-year-of-detention\/\" \/>\n<meta property=\"og:site_name\" content=\"thediplomatinspain.com\" \/>\n<meta property=\"article:publisher\" content=\"https:\/\/www.facebook.com\/thediplomatinspain\" \/>\n<meta property=\"article:published_time\" content=\"2024-01-01T04:06:11+00:00\" \/>\n<meta property=\"og:image\" content=\"https:\/\/thediplomatinspain.com\/wp-content\/uploads\/2024\/05\/Santiago-Sa\u0301nchez-Iran-1.jpg\" \/>\n\t<meta property=\"og:image:width\" content=\"750\" \/>\n\t<meta property=\"og:image:height\" content=\"422\" \/>\n\t<meta property=\"og:image:type\" content=\"image\/jpeg\" \/>\n<meta name=\"author\" content=\"Redacci\u00f3n\" \/>\n<meta name=\"twitter:card\" content=\"summary_large_image\" \/>\n<meta name=\"twitter:creator\" content=\"@diplomatinspain\" \/>\n<meta name=\"twitter:site\" content=\"@diplomatinspain\" \/>\n<meta name=\"twitter:label1\" content=\"Written by\" \/>\n\t<meta name=\"twitter:data1\" content=\"Redacci\u00f3n\" \/>\n\t<meta name=\"twitter:label2\" content=\"Est. reading time\" \/>\n\t<meta name=\"twitter:data2\" content=\"2 minutes\" \/>\n<script type=\"application\/ld+json\" class=\"yoast-schema-graph\">{\"@context\":\"https:\\\/\\\/schema.org\",\"@graph\":[{\"@type\":\"Article\",\"@id\":\"https:\\\/\\\/thediplomatinspain.com\\\/en\\\/2024\\\/01\\\/01\\\/iran-frees-spaniard-santiago-sanchez-cogedor-after-a-year-of-detention\\\/#article\",\"isPartOf\":{\"@id\":\"https:\\\/\\\/thediplomatinspain.com\\\/en\\\/2024\\\/01\\\/01\\\/iran-frees-spaniard-santiago-sanchez-cogedor-after-a-year-of-detention\\\/\"},\"author\":{\"name\":\"Redacci\u00f3n\",\"@id\":\"https:\\\/\\\/thediplomatinspain.com\\\/#\\\/schema\\\/person\\\/90d9b3004c2822bcbe64082dad885a9c\"},\"headline\":\"Iran frees Spaniard Santiago S\u00e1nchez Cogedor after a year of detention\",\"datePublished\":\"2024-01-01T04:06:11+00:00\",\"mainEntityOfPage\":{\"@id\":\"https:\\\/\\\/thediplomatinspain.com\\\/en\\\/2024\\\/01\\\/01\\\/iran-frees-spaniard-santiago-sanchez-cogedor-after-a-year-of-detention\\\/\"},\"wordCount\":508,\"commentCount\":0,\"publisher\":{\"@id\":\"https:\\\/\\\/thediplomatinspain.com\\\/#organization\"},\"image\":{\"@id\":\"https:\\\/\\\/thediplomatinspain.com\\\/en\\\/2024\\\/01\\\/01\\\/iran-frees-spaniard-santiago-sanchez-cogedor-after-a-year-of-detention\\\/#primaryimage\"},\"thumbnailUrl\":\"https:\\\/\\\/thediplomatinspain.com\\\/wp-content\\\/uploads\\\/2024\\\/05\\\/Santiago-Sa\u0301nchez-Iran-1.jpg\",\"articleSection\":[\"Frontpage\",\"Frontpage\",\"News\",\"Subscribers\",\"The world in Spain\"],\"inLanguage\":\"en-US\",\"potentialAction\":[{\"@type\":\"CommentAction\",\"name\":\"Comment\",\"target\":[\"https:\\\/\\\/thediplomatinspain.com\\\/en\\\/2024\\\/01\\\/01\\\/iran-frees-spaniard-santiago-sanchez-cogedor-after-a-year-of-detention\\\/#respond\"]}]},{\"@type\":\"WebPage\",\"@id\":\"https:\\\/\\\/thediplomatinspain.com\\\/en\\\/2024\\\/01\\\/01\\\/iran-frees-spaniard-santiago-sanchez-cogedor-after-a-year-of-detention\\\/\",\"url\":\"https:\\\/\\\/thediplomatinspain.com\\\/en\\\/2024\\\/01\\\/01\\\/iran-frees-spaniard-santiago-sanchez-cogedor-after-a-year-of-detention\\\/\",\"name\":\"Iran frees Spaniard Santiago S\u00e1nchez Cogedor after a year of detention - thediplomatinspain.com\",\"isPartOf\":{\"@id\":\"https:\\\/\\\/thediplomatinspain.com\\\/#website\"},\"primaryImageOfPage\":{\"@id\":\"https:\\\/\\\/thediplomatinspain.com\\\/en\\\/2024\\\/01\\\/01\\\/iran-frees-spaniard-santiago-sanchez-cogedor-after-a-year-of-detention\\\/#primaryimage\"},\"image\":{\"@id\":\"https:\\\/\\\/thediplomatinspain.com\\\/en\\\/2024\\\/01\\\/01\\\/iran-frees-spaniard-santiago-sanchez-cogedor-after-a-year-of-detention\\\/#primaryimage\"},\"thumbnailUrl\":\"https:\\\/\\\/thediplomatinspain.com\\\/wp-content\\\/uploads\\\/2024\\\/05\\\/Santiago-Sa\u0301nchez-Iran-1.jpg\",\"datePublished\":\"2024-01-01T04:06:11+00:00\",\"breadcrumb\":{\"@id\":\"https:\\\/\\\/thediplomatinspain.com\\\/en\\\/2024\\\/01\\\/01\\\/iran-frees-spaniard-santiago-sanchez-cogedor-after-a-year-of-detention\\\/#breadcrumb\"},\"inLanguage\":\"en-US\",\"potentialAction\":[{\"@type\":\"ReadAction\",\"target\":[\"https:\\\/\\\/thediplomatinspain.com\\\/en\\\/2024\\\/01\\\/01\\\/iran-frees-spaniard-santiago-sanchez-cogedor-after-a-year-of-detention\\\/\"]}]},{\"@type\":\"ImageObject\",\"inLanguage\":\"en-US\",\"@id\":\"https:\\\/\\\/thediplomatinspain.com\\\/en\\\/2024\\\/01\\\/01\\\/iran-frees-spaniard-santiago-sanchez-cogedor-after-a-year-of-detention\\\/#primaryimage\",\"url\":\"https:\\\/\\\/thediplomatinspain.com\\\/wp-content\\\/uploads\\\/2024\\\/05\\\/Santiago-Sa\u0301nchez-Iran-1.jpg\",\"contentUrl\":\"https:\\\/\\\/thediplomatinspain.com\\\/wp-content\\\/uploads\\\/2024\\\/05\\\/Santiago-Sa\u0301nchez-Iran-1.jpg\",\"width\":750,\"height\":422,\"caption\":\"Una de las \u00faltimas fotos de S\u00e1nchez, en el Kurdist\u00e1n iraqu\u00ed, antes de ser detenido en Ir\u00e1n.\\\/ Foto: Instagram de Santiago S\u00e1nchez\"},{\"@type\":\"BreadcrumbList\",\"@id\":\"https:\\\/\\\/thediplomatinspain.com\\\/en\\\/2024\\\/01\\\/01\\\/iran-frees-spaniard-santiago-sanchez-cogedor-after-a-year-of-detention\\\/#breadcrumb\",\"itemListElement\":[{\"@type\":\"ListItem\",\"position\":1,\"name\":\"Portada\",\"item\":\"https:\\\/\\\/thediplomatinspain.com\\\/en\\\/\"},{\"@type\":\"ListItem\",\"position\":2,\"name\":\"Iran frees Spaniard Santiago S\u00e1nchez Cogedor after a year of detention\"}]},{\"@type\":\"WebSite\",\"@id\":\"https:\\\/\\\/thediplomatinspain.com\\\/#website\",\"url\":\"https:\\\/\\\/thediplomatinspain.com\\\/\",\"name\":\"thediplomatinspain.com\",\"description\":\"Diario digital de referencia para diplom\u00e1ticos y empresas\",\"publisher\":{\"@id\":\"https:\\\/\\\/thediplomatinspain.com\\\/#organization\"},\"potentialAction\":[{\"@type\":\"SearchAction\",\"target\":{\"@type\":\"EntryPoint\",\"urlTemplate\":\"https:\\\/\\\/thediplomatinspain.com\\\/?s={search_term_string}\"},\"query-input\":{\"@type\":\"PropertyValueSpecification\",\"valueRequired\":true,\"valueName\":\"search_term_string\"}}],\"inLanguage\":\"en-US\"},{\"@type\":\"Organization\",\"@id\":\"https:\\\/\\\/thediplomatinspain.com\\\/#organization\",\"name\":\"thediplomatinspain.com\",\"url\":\"https:\\\/\\\/thediplomatinspain.com\\\/\",\"logo\":{\"@type\":\"ImageObject\",\"inLanguage\":\"en-US\",\"@id\":\"https:\\\/\\\/thediplomatinspain.com\\\/#\\\/schema\\\/logo\\\/image\\\/\",\"url\":\"https:\\\/\\\/thediplomatinspain.com\\\/wp-content\\\/uploads\\\/2024\\\/06\\\/logo_the_diplomat.png\",\"contentUrl\":\"https:\\\/\\\/thediplomatinspain.com\\\/wp-content\\\/uploads\\\/2024\\\/06\\\/logo_the_diplomat.png\",\"width\":284,\"height\":77,\"caption\":\"thediplomatinspain.com\"},\"image\":{\"@id\":\"https:\\\/\\\/thediplomatinspain.com\\\/#\\\/schema\\\/logo\\\/image\\\/\"},\"sameAs\":[\"https:\\\/\\\/www.facebook.com\\\/thediplomatinspain\",\"https:\\\/\\\/x.com\\\/diplomatinspain\",\"https:\\\/\\\/www.youtube.com\\\/channel\\\/UCK0mRqeeZDKdFeiFQZLcH2A\"]},{\"@type\":\"Person\",\"@id\":\"https:\\\/\\\/thediplomatinspain.com\\\/#\\\/schema\\\/person\\\/90d9b3004c2822bcbe64082dad885a9c\",\"name\":\"Redacci\u00f3n\",\"image\":{\"@type\":\"ImageObject\",\"inLanguage\":\"en-US\",\"@id\":\"https:\\\/\\\/secure.gravatar.com\\\/avatar\\\/6be270e1c81317331dd99c1537c17b9683039795b5a956c595769bfada5e7067?s=96&d=mm&r=g\",\"url\":\"https:\\\/\\\/secure.gravatar.com\\\/avatar\\\/6be270e1c81317331dd99c1537c17b9683039795b5a956c595769bfada5e7067?s=96&d=mm&r=g\",\"contentUrl\":\"https:\\\/\\\/secure.gravatar.com\\\/avatar\\\/6be270e1c81317331dd99c1537c17b9683039795b5a956c595769bfada5e7067?s=96&d=mm&r=g\",\"caption\":\"Redacci\u00f3n\"},\"sameAs\":[\"https:\\\/\\\/thediplomatinspain.com\\\/\"],\"url\":\"https:\\\/\\\/thediplomatinspain.com\\\/en\\\/author\\\/soportecibeles\\\/\"},{\"@type\":[\"Organization\",\"NewsMediaOrganization\"],\"@id\":\"https:\\\/\\\/thediplomatinspain.com\\\/en\\\/#organization\"},{\"@type\":\"SiteNavigationElement\",\"@id\":\"https:\\\/\\\/thediplomatinspain.com\\\/en\\\/#site-navigation\",\"cssSelector\":[\".cib-main-menu\"]},{\"@type\":\"WPHeader\",\"@id\":\"https:\\\/\\\/thediplomatinspain.com\\\/en\\\/#header\",\"cssSelector\":[\".cib-header\"]},{\"@type\":\"WPFooter\",\"@id\":\"https:\\\/\\\/thediplomatinspain.com\\\/en\\\/#footer\",\"cssSelector\":[\".cib-footer\"]}]}<\/script>\n<!-- \/ Yoast SEO plugin. -->","yoast_head_json":{"title":"Iran frees Spaniard Santiago S\u00e1nchez Cogedor after a year of detention - thediplomatinspain.com","robots":{"index":"index","follow":"follow","max-snippet":"max-snippet:-1","max-image-preview":"max-image-preview:large","max-video-preview":"max-video-preview:-1"},"canonical":"https:\/\/thediplomatinspain.com\/en\/2024\/01\/01\/iran-frees-spaniard-santiago-sanchez-cogedor-after-a-year-of-detention\/","og_locale":"en_US","og_type":"article","og_title":"Iran frees Spaniard Santiago S\u00e1nchez Cogedor after a year of detention - thediplomatinspain.com","og_description":"Iran, yesterday released the Spaniard Santiago S\u00e1nchez Cogedor, who had been in prison in that country since October 2022, as reported by the Iranian Embassy in Madrid,","og_url":"https:\/\/thediplomatinspain.com\/en\/2024\/01\/01\/iran-frees-spaniard-santiago-sanchez-cogedor-after-a-year-of-detention\/","og_site_name":"thediplomatinspain.com","article_publisher":"https:\/\/www.facebook.com\/thediplomatinspain","article_published_time":"2024-01-01T04:06:11+00:00","og_image":[{"width":750,"height":422,"url":"https:\/\/thediplomatinspain.com\/wp-content\/uploads\/2024\/05\/Santiago-Sa\u0301nchez-Iran-1.jpg","type":"image\/jpeg"}],"author":"Redacci\u00f3n","twitter_card":"summary_large_image","twitter_creator":"@diplomatinspain","twitter_site":"@diplomatinspain","twitter_misc":{"Written by":"Redacci\u00f3n","Est. reading time":"2 minutes"},"schema":{"@context":"https:\/\/schema.org","@graph":[{"@type":"Article","@id":"https:\/\/thediplomatinspain.com\/en\/2024\/01\/01\/iran-frees-spaniard-santiago-sanchez-cogedor-after-a-year-of-detention\/#article","isPartOf":{"@id":"https:\/\/thediplomatinspain.com\/en\/2024\/01\/01\/iran-frees-spaniard-santiago-sanchez-cogedor-after-a-year-of-detention\/"},"author":{"name":"Redacci\u00f3n","@id":"https:\/\/thediplomatinspain.com\/#\/schema\/person\/90d9b3004c2822bcbe64082dad885a9c"},"headline":"Iran frees Spaniard Santiago S\u00e1nchez Cogedor after a year of detention","datePublished":"2024-01-01T04:06:11+00:00","mainEntityOfPage":{"@id":"https:\/\/thediplomatinspain.com\/en\/2024\/01\/01\/iran-frees-spaniard-santiago-sanchez-cogedor-after-a-year-of-detention\/"},"wordCount":508,"commentCount":0,"publisher":{"@id":"https:\/\/thediplomatinspain.com\/#organization"},"image":{"@id":"https:\/\/thediplomatinspain.com\/en\/2024\/01\/01\/iran-frees-spaniard-santiago-sanchez-cogedor-after-a-year-of-detention\/#primaryimage"},"thumbnailUrl":"https:\/\/thediplomatinspain.com\/wp-content\/uploads\/2024\/05\/Santiago-Sa\u0301nchez-Iran-1.jpg","articleSection":["Frontpage","Frontpage","News","Subscribers","The world in Spain"],"inLanguage":"en-US","potentialAction":[{"@type":"CommentAction","name":"Comment","target":["https:\/\/thediplomatinspain.com\/en\/2024\/01\/01\/iran-frees-spaniard-santiago-sanchez-cogedor-after-a-year-of-detention\/#respond"]}]},{"@type":"WebPage","@id":"https:\/\/thediplomatinspain.com\/en\/2024\/01\/01\/iran-frees-spaniard-santiago-sanchez-cogedor-after-a-year-of-detention\/","url":"https:\/\/thediplomatinspain.com\/en\/2024\/01\/01\/iran-frees-spaniard-santiago-sanchez-cogedor-after-a-year-of-detention\/","name":"Iran frees Spaniard Santiago S\u00e1nchez Cogedor after a year of detention - thediplomatinspain.com","isPartOf":{"@id":"https:\/\/thediplomatinspain.com\/#website"},"primaryImageOfPage":{"@id":"https:\/\/thediplomatinspain.com\/en\/2024\/01\/01\/iran-frees-spaniard-santiago-sanchez-cogedor-after-a-year-of-detention\/#primaryimage"},"image":{"@id":"https:\/\/thediplomatinspain.com\/en\/2024\/01\/01\/iran-frees-spaniard-santiago-sanchez-cogedor-after-a-year-of-detention\/#primaryimage"},"thumbnailUrl":"https:\/\/thediplomatinspain.com\/wp-content\/uploads\/2024\/05\/Santiago-Sa\u0301nchez-Iran-1.jpg","datePublished":"2024-01-01T04:06:11+00:00","breadcrumb":{"@id":"https:\/\/thediplomatinspain.com\/en\/2024\/01\/01\/iran-frees-spaniard-santiago-sanchez-cogedor-after-a-year-of-detention\/#breadcrumb"},"inLanguage":"en-US","potentialAction":[{"@type":"ReadAction","target":["https:\/\/thediplomatinspain.com\/en\/2024\/01\/01\/iran-frees-spaniard-santiago-sanchez-cogedor-after-a-year-of-detention\/"]}]},{"@type":"ImageObject","inLanguage":"en-US","@id":"https:\/\/thediplomatinspain.com\/en\/2024\/01\/01\/iran-frees-spaniard-santiago-sanchez-cogedor-after-a-year-of-detention\/#primaryimage","url":"https:\/\/thediplomatinspain.com\/wp-content\/uploads\/2024\/05\/Santiago-Sa\u0301nchez-Iran-1.jpg","contentUrl":"https:\/\/thediplomatinspain.com\/wp-content\/uploads\/2024\/05\/Santiago-Sa\u0301nchez-Iran-1.jpg","width":750,"height":422,"caption":"Una de las \u00faltimas fotos de S\u00e1nchez, en el Kurdist\u00e1n iraqu\u00ed, antes de ser detenido en Ir\u00e1n.\/ Foto: Instagram de Santiago S\u00e1nchez"},{"@type":"BreadcrumbList","@id":"https:\/\/thediplomatinspain.com\/en\/2024\/01\/01\/iran-frees-spaniard-santiago-sanchez-cogedor-after-a-year-of-detention\/#breadcrumb","itemListElement":[{"@type":"ListItem","position":1,"name":"Portada","item":"https:\/\/thediplomatinspain.com\/en\/"},{"@type":"ListItem","position":2,"name":"Iran frees Spaniard Santiago S\u00e1nchez Cogedor after a year of detention"}]},{"@type":"WebSite","@id":"https:\/\/thediplomatinspain.com\/#website","url":"https:\/\/thediplomatinspain.com\/","name":"thediplomatinspain.com","description":"Diario digital de referencia para diplom\u00e1ticos y empresas","publisher":{"@id":"https:\/\/thediplomatinspain.com\/#organization"},"potentialAction":[{"@type":"SearchAction","target":{"@type":"EntryPoint","urlTemplate":"https:\/\/thediplomatinspain.com\/?s={search_term_string}"},"query-input":{"@type":"PropertyValueSpecification","valueRequired":true,"valueName":"search_term_string"}}],"inLanguage":"en-US"},{"@type":"Organization","@id":"https:\/\/thediplomatinspain.com\/#organization","name":"thediplomatinspain.com","url":"https:\/\/thediplomatinspain.com\/","logo":{"@type":"ImageObject","inLanguage":"en-US","@id":"https:\/\/thediplomatinspain.com\/#\/schema\/logo\/image\/","url":"https:\/\/thediplomatinspain.com\/wp-content\/uploads\/2024\/06\/logo_the_diplomat.png","contentUrl":"https:\/\/thediplomatinspain.com\/wp-content\/uploads\/2024\/06\/logo_the_diplomat.png","width":284,"height":77,"caption":"thediplomatinspain.com"},"image":{"@id":"https:\/\/thediplomatinspain.com\/#\/schema\/logo\/image\/"},"sameAs":["https:\/\/www.facebook.com\/thediplomatinspain","https:\/\/x.com\/diplomatinspain","https:\/\/www.youtube.com\/channel\/UCK0mRqeeZDKdFeiFQZLcH2A"]},{"@type":"Person","@id":"https:\/\/thediplomatinspain.com\/#\/schema\/person\/90d9b3004c2822bcbe64082dad885a9c","name":"Redacci\u00f3n","image":{"@type":"ImageObject","inLanguage":"en-US","@id":"https:\/\/secure.gravatar.com\/avatar\/6be270e1c81317331dd99c1537c17b9683039795b5a956c595769bfada5e7067?s=96&d=mm&r=g","url":"https:\/\/secure.gravatar.com\/avatar\/6be270e1c81317331dd99c1537c17b9683039795b5a956c595769bfada5e7067?s=96&d=mm&r=g","contentUrl":"https:\/\/secure.gravatar.com\/avatar\/6be270e1c81317331dd99c1537c17b9683039795b5a956c595769bfada5e7067?s=96&d=mm&r=g","caption":"Redacci\u00f3n"},"sameAs":["https:\/\/thediplomatinspain.com\/"],"url":"https:\/\/thediplomatinspain.com\/en\/author\/soportecibeles\/"},{"@type":["Organization","NewsMediaOrganization"],"@id":"https:\/\/thediplomatinspain.com\/en\/#organization"},{"@type":"SiteNavigationElement","@id":"https:\/\/thediplomatinspain.com\/en\/#site-navigation","cssSelector":[".cib-main-menu"]},{"@type":"WPHeader","@id":"https:\/\/thediplomatinspain.com\/en\/#header","cssSelector":[".cib-header"]},{"@type":"WPFooter","@id":"https:\/\/thediplomatinspain.com\/en\/#footer","cssSelector":[".cib-footer"]}]}},"amp_enabled":true,"_links":{"self":[{"href":"https:\/\/thediplomatinspain.com\/en\/wp-json\/wp\/v2\/posts\/81924","targetHints":{"allow":["GET"]}}],"collection":[{"href":"https:\/\/thediplomatinspain.com\/en\/wp-json\/wp\/v2\/posts"}],"about":[{"href":"https:\/\/thediplomatinspain.com\/en\/wp-json\/wp\/v2\/types\/post"}],"author":[{"embeddable":true,"href":"https:\/\/thediplomatinspain.com\/en\/wp-json\/wp\/v2\/users\/1"}],"replies":[{"embeddable":true,"href":"https:\/\/thediplomatinspain.com\/en\/wp-json\/wp\/v2\/comments?post=81924"}],"version-history":[{"count":0,"href":"https:\/\/thediplomatinspain.com\/en\/wp-json\/wp\/v2\/posts\/81924\/revisions"}],"wp:featuredmedia":[{"embeddable":true,"href":"https:\/\/thediplomatinspain.com\/en\/wp-json\/wp\/v2\/media\/70952"}],"wp:attachment":[{"href":"https:\/\/thediplomatinspain.com\/en\/wp-json\/wp\/v2\/media?parent=81924"}],"wp:term":[{"taxonomy":"category","embeddable":true,"href":"https:\/\/thediplomatinspain.com\/en\/wp-json\/wp\/v2\/categories?post=81924"},{"taxonomy":"post_tag","embeddable":true,"href":"https:\/\/thediplomatinspain.com\/en\/wp-json\/wp\/v2\/tags?post=81924"}],"curies":[{"name":"wp","href":"https:\/\/api.w.org\/{rel}","templated":true}]}}