{"id":81526,"date":"2023-11-18T05:06:52","date_gmt":"2023-11-18T04:06:52","guid":{"rendered":"https:\/\/zen-hopper.82-223-81-17.plesk.page\/2023\/11\/18\/brussels-takes-spain-to-the-european-justice-for-not-transposing-the-directive-on-work-life-conciliation\/"},"modified":"2023-11-18T05:06:52","modified_gmt":"2023-11-18T04:06:52","slug":"brussels-takes-spain-to-the-european-justice-for-not-transposing-the-directive-on-work-life-conciliation","status":"publish","type":"post","link":"https:\/\/thediplomatinspain.com\/en\/2023\/11\/18\/brussels-takes-spain-to-the-european-justice-for-not-transposing-the-directive-on-work-life-conciliation\/","title":{"rendered":"Brussels takes Spain to the European Justice for not transposing the directive on work-life conciliation"},"content":{"rendered":"<h6><strong>A\u00efda S\u00e1nchez-Aqu\u00ed Europa<\/strong><\/h6>\n<p>&nbsp;<\/p>\n<h4><strong>The European Commission is going to take Spain to the Court of Justice of the European Union (CJEU) for failing to transpose the directive on reconciling family life and work on time.<\/strong><\/h4>\n<p><strong>\u00a0<\/strong><\/p>\n<p>Spain had until August 2022 to transpose this directive, but has not yet informed the European Commission whether or not it has done so.<\/p>\n<p><strong>\u00a0<\/strong><\/p>\n<p>Belgium, Ireland and Spain are the three countries that the European Commission will take to the European Court of Justice for not transposing its directive on work-life balance. The directive on reconciling family and professional life, adopted in 2019, is a major piece of legislation aimed at enabling working parents to better reconcile the private and professional facets of their lives. It establishes minimum standards for paternity leave, parental leave and caregiver leave, as well as the right to request flexible working formulas.<\/p>\n<p><strong>\u00a0<\/strong><\/p>\n<p>These new rules are intended to facilitate career development and family life without having to sacrifice either. The Directive allows working parents and caregivers to take leave to care for family members in need of care. The deadline for transposing the provisions of the Directive on the reconciliation of work and family life into national law was 2 August 2022.<\/p>\n<p><strong>\u00a0<\/strong><\/p>\n<p>Belgium, Ireland and Spain have not yet communicated transposition measures. As the cases concern the failure to communicate measures transposing a directive adopted under the ordinary legislative procedure, the Commission will ask the Court of Justice of the European Union to impose financial penalties on these Member States.<\/p>\n<p>&nbsp;<\/p>\n<p>&nbsp;<\/p>\n","protected":false},"excerpt":{"rendered":"<p>The European Commission is going to take Spain to the Court of Justice of the European Union (CJEU) for failing to transpose the directive on<\/p>\n","protected":false},"author":1,"featured_media":53215,"comment_status":"open","ping_status":"open","sticky":false,"template":"","format":"standard","meta":{"jnews-multi-image_gallery":[],"jnews_single_post":[],"jnews_primary_category":[],"jnews_social_meta":[],"jnews_override_counter":[],"jnews_post_split":[],"footnotes":""},"categories":[158,106,159,182,162],"tags":[],"class_list":["post-81526","post","type-post","status-publish","format-standard","has-post-thumbnail","hentry","category-frontpage-en","category-frontpage","category-news","category-subscribers","category-the-world-in-spain"],"yoast_head":"<!-- This site is optimized with the Yoast SEO plugin v27.4 - https:\/\/yoast.com\/product\/yoast-seo-wordpress\/ -->\n<title>Brussels takes Spain to the European Justice for not transposing the directive on work-life conciliation - thediplomatinspain.com<\/title>\n<meta name=\"robots\" content=\"index, follow, max-snippet:-1, max-image-preview:large, max-video-preview:-1\" \/>\n<link rel=\"canonical\" href=\"https:\/\/thediplomatinspain.com\/en\/2023\/11\/18\/brussels-takes-spain-to-the-european-justice-for-not-transposing-the-directive-on-work-life-conciliation\/\" \/>\n<meta property=\"og:locale\" content=\"en_US\" \/>\n<meta property=\"og:type\" content=\"article\" \/>\n<meta property=\"og:title\" content=\"Brussels takes Spain to the European Justice for not transposing the directive on work-life conciliation - thediplomatinspain.com\" \/>\n<meta property=\"og:description\" content=\"The European Commission is going to take Spain to the Court of Justice of the European Union (CJEU) for failing to transpose the directive on\" \/>\n<meta property=\"og:url\" content=\"https:\/\/thediplomatinspain.com\/en\/2023\/11\/18\/brussels-takes-spain-to-the-european-justice-for-not-transposing-the-directive-on-work-life-conciliation\/\" \/>\n<meta property=\"og:site_name\" content=\"thediplomatinspain.com\" \/>\n<meta property=\"article:publisher\" content=\"https:\/\/www.facebook.com\/thediplomatinspain\" \/>\n<meta property=\"article:published_time\" content=\"2023-11-18T04:06:52+00:00\" \/>\n<meta property=\"og:image\" content=\"https:\/\/thediplomatinspain.com\/wp-content\/uploads\/2024\/05\/ninos.jpg\" \/>\n\t<meta property=\"og:image:width\" content=\"750\" \/>\n\t<meta property=\"og:image:height\" content=\"422\" \/>\n\t<meta property=\"og:image:type\" content=\"image\/jpeg\" \/>\n<meta name=\"author\" content=\"Redacci\u00f3n\" \/>\n<meta name=\"twitter:card\" content=\"summary_large_image\" \/>\n<meta name=\"twitter:creator\" content=\"@diplomatinspain\" \/>\n<meta name=\"twitter:site\" content=\"@diplomatinspain\" \/>\n<meta name=\"twitter:label1\" content=\"Written by\" \/>\n\t<meta name=\"twitter:data1\" content=\"Redacci\u00f3n\" \/>\n\t<meta name=\"twitter:label2\" content=\"Est. reading time\" \/>\n\t<meta name=\"twitter:data2\" content=\"1 minute\" \/>\n<script type=\"application\/ld+json\" class=\"yoast-schema-graph\">{\"@context\":\"https:\\\/\\\/schema.org\",\"@graph\":[{\"@type\":\"Article\",\"@id\":\"https:\\\/\\\/thediplomatinspain.com\\\/en\\\/2023\\\/11\\\/18\\\/brussels-takes-spain-to-the-european-justice-for-not-transposing-the-directive-on-work-life-conciliation\\\/#article\",\"isPartOf\":{\"@id\":\"https:\\\/\\\/thediplomatinspain.com\\\/en\\\/2023\\\/11\\\/18\\\/brussels-takes-spain-to-the-european-justice-for-not-transposing-the-directive-on-work-life-conciliation\\\/\"},\"author\":{\"name\":\"Redacci\u00f3n\",\"@id\":\"https:\\\/\\\/thediplomatinspain.com\\\/#\\\/schema\\\/person\\\/90d9b3004c2822bcbe64082dad885a9c\"},\"headline\":\"Brussels takes Spain to the European Justice for not transposing the directive on work-life conciliation\",\"datePublished\":\"2023-11-18T04:06:52+00:00\",\"mainEntityOfPage\":{\"@id\":\"https:\\\/\\\/thediplomatinspain.com\\\/en\\\/2023\\\/11\\\/18\\\/brussels-takes-spain-to-the-european-justice-for-not-transposing-the-directive-on-work-life-conciliation\\\/\"},\"wordCount\":266,\"commentCount\":0,\"publisher\":{\"@id\":\"https:\\\/\\\/thediplomatinspain.com\\\/#organization\"},\"image\":{\"@id\":\"https:\\\/\\\/thediplomatinspain.com\\\/en\\\/2023\\\/11\\\/18\\\/brussels-takes-spain-to-the-european-justice-for-not-transposing-the-directive-on-work-life-conciliation\\\/#primaryimage\"},\"thumbnailUrl\":\"https:\\\/\\\/thediplomatinspain.com\\\/wp-content\\\/uploads\\\/2024\\\/05\\\/ninos.jpg\",\"articleSection\":[\"Frontpage\",\"Frontpage\",\"News\",\"Subscribers\",\"The world in Spain\"],\"inLanguage\":\"en-US\",\"potentialAction\":[{\"@type\":\"CommentAction\",\"name\":\"Comment\",\"target\":[\"https:\\\/\\\/thediplomatinspain.com\\\/en\\\/2023\\\/11\\\/18\\\/brussels-takes-spain-to-the-european-justice-for-not-transposing-the-directive-on-work-life-conciliation\\\/#respond\"]}]},{\"@type\":\"WebPage\",\"@id\":\"https:\\\/\\\/thediplomatinspain.com\\\/en\\\/2023\\\/11\\\/18\\\/brussels-takes-spain-to-the-european-justice-for-not-transposing-the-directive-on-work-life-conciliation\\\/\",\"url\":\"https:\\\/\\\/thediplomatinspain.com\\\/en\\\/2023\\\/11\\\/18\\\/brussels-takes-spain-to-the-european-justice-for-not-transposing-the-directive-on-work-life-conciliation\\\/\",\"name\":\"Brussels takes Spain to the European Justice for not transposing the directive on work-life conciliation - thediplomatinspain.com\",\"isPartOf\":{\"@id\":\"https:\\\/\\\/thediplomatinspain.com\\\/#website\"},\"primaryImageOfPage\":{\"@id\":\"https:\\\/\\\/thediplomatinspain.com\\\/en\\\/2023\\\/11\\\/18\\\/brussels-takes-spain-to-the-european-justice-for-not-transposing-the-directive-on-work-life-conciliation\\\/#primaryimage\"},\"image\":{\"@id\":\"https:\\\/\\\/thediplomatinspain.com\\\/en\\\/2023\\\/11\\\/18\\\/brussels-takes-spain-to-the-european-justice-for-not-transposing-the-directive-on-work-life-conciliation\\\/#primaryimage\"},\"thumbnailUrl\":\"https:\\\/\\\/thediplomatinspain.com\\\/wp-content\\\/uploads\\\/2024\\\/05\\\/ninos.jpg\",\"datePublished\":\"2023-11-18T04:06:52+00:00\",\"breadcrumb\":{\"@id\":\"https:\\\/\\\/thediplomatinspain.com\\\/en\\\/2023\\\/11\\\/18\\\/brussels-takes-spain-to-the-european-justice-for-not-transposing-the-directive-on-work-life-conciliation\\\/#breadcrumb\"},\"inLanguage\":\"en-US\",\"potentialAction\":[{\"@type\":\"ReadAction\",\"target\":[\"https:\\\/\\\/thediplomatinspain.com\\\/en\\\/2023\\\/11\\\/18\\\/brussels-takes-spain-to-the-european-justice-for-not-transposing-the-directive-on-work-life-conciliation\\\/\"]}]},{\"@type\":\"ImageObject\",\"inLanguage\":\"en-US\",\"@id\":\"https:\\\/\\\/thediplomatinspain.com\\\/en\\\/2023\\\/11\\\/18\\\/brussels-takes-spain-to-the-european-justice-for-not-transposing-the-directive-on-work-life-conciliation\\\/#primaryimage\",\"url\":\"https:\\\/\\\/thediplomatinspain.com\\\/wp-content\\\/uploads\\\/2024\\\/05\\\/ninos.jpg\",\"contentUrl\":\"https:\\\/\\\/thediplomatinspain.com\\\/wp-content\\\/uploads\\\/2024\\\/05\\\/ninos.jpg\",\"width\":750,\"height\":422,\"caption\":\"Photo: European Commission\"},{\"@type\":\"BreadcrumbList\",\"@id\":\"https:\\\/\\\/thediplomatinspain.com\\\/en\\\/2023\\\/11\\\/18\\\/brussels-takes-spain-to-the-european-justice-for-not-transposing-the-directive-on-work-life-conciliation\\\/#breadcrumb\",\"itemListElement\":[{\"@type\":\"ListItem\",\"position\":1,\"name\":\"Portada\",\"item\":\"https:\\\/\\\/thediplomatinspain.com\\\/en\\\/\"},{\"@type\":\"ListItem\",\"position\":2,\"name\":\"Brussels takes Spain to the European Justice for not transposing the directive on work-life conciliation\"}]},{\"@type\":\"WebSite\",\"@id\":\"https:\\\/\\\/thediplomatinspain.com\\\/#website\",\"url\":\"https:\\\/\\\/thediplomatinspain.com\\\/\",\"name\":\"thediplomatinspain.com\",\"description\":\"Diario digital de referencia para diplom\u00e1ticos y empresas\",\"publisher\":{\"@id\":\"https:\\\/\\\/thediplomatinspain.com\\\/#organization\"},\"potentialAction\":[{\"@type\":\"SearchAction\",\"target\":{\"@type\":\"EntryPoint\",\"urlTemplate\":\"https:\\\/\\\/thediplomatinspain.com\\\/?s={search_term_string}\"},\"query-input\":{\"@type\":\"PropertyValueSpecification\",\"valueRequired\":true,\"valueName\":\"search_term_string\"}}],\"inLanguage\":\"en-US\"},{\"@type\":\"Organization\",\"@id\":\"https:\\\/\\\/thediplomatinspain.com\\\/#organization\",\"name\":\"thediplomatinspain.com\",\"url\":\"https:\\\/\\\/thediplomatinspain.com\\\/\",\"logo\":{\"@type\":\"ImageObject\",\"inLanguage\":\"en-US\",\"@id\":\"https:\\\/\\\/thediplomatinspain.com\\\/#\\\/schema\\\/logo\\\/image\\\/\",\"url\":\"https:\\\/\\\/thediplomatinspain.com\\\/wp-content\\\/uploads\\\/2024\\\/06\\\/logo_the_diplomat.png\",\"contentUrl\":\"https:\\\/\\\/thediplomatinspain.com\\\/wp-content\\\/uploads\\\/2024\\\/06\\\/logo_the_diplomat.png\",\"width\":284,\"height\":77,\"caption\":\"thediplomatinspain.com\"},\"image\":{\"@id\":\"https:\\\/\\\/thediplomatinspain.com\\\/#\\\/schema\\\/logo\\\/image\\\/\"},\"sameAs\":[\"https:\\\/\\\/www.facebook.com\\\/thediplomatinspain\",\"https:\\\/\\\/x.com\\\/diplomatinspain\",\"https:\\\/\\\/www.youtube.com\\\/channel\\\/UCK0mRqeeZDKdFeiFQZLcH2A\"]},{\"@type\":\"Person\",\"@id\":\"https:\\\/\\\/thediplomatinspain.com\\\/#\\\/schema\\\/person\\\/90d9b3004c2822bcbe64082dad885a9c\",\"name\":\"Redacci\u00f3n\",\"image\":{\"@type\":\"ImageObject\",\"inLanguage\":\"en-US\",\"@id\":\"https:\\\/\\\/secure.gravatar.com\\\/avatar\\\/6be270e1c81317331dd99c1537c17b9683039795b5a956c595769bfada5e7067?s=96&d=mm&r=g\",\"url\":\"https:\\\/\\\/secure.gravatar.com\\\/avatar\\\/6be270e1c81317331dd99c1537c17b9683039795b5a956c595769bfada5e7067?s=96&d=mm&r=g\",\"contentUrl\":\"https:\\\/\\\/secure.gravatar.com\\\/avatar\\\/6be270e1c81317331dd99c1537c17b9683039795b5a956c595769bfada5e7067?s=96&d=mm&r=g\",\"caption\":\"Redacci\u00f3n\"},\"sameAs\":[\"https:\\\/\\\/thediplomatinspain.com\\\/\"],\"url\":\"https:\\\/\\\/thediplomatinspain.com\\\/en\\\/author\\\/soportecibeles\\\/\"},{\"@type\":[\"Organization\",\"NewsMediaOrganization\"],\"@id\":\"https:\\\/\\\/thediplomatinspain.com\\\/en\\\/#organization\"},{\"@type\":\"SiteNavigationElement\",\"@id\":\"https:\\\/\\\/thediplomatinspain.com\\\/en\\\/#site-navigation\",\"cssSelector\":[\".cib-main-menu\"]},{\"@type\":\"WPHeader\",\"@id\":\"https:\\\/\\\/thediplomatinspain.com\\\/en\\\/#header\",\"cssSelector\":[\".cib-header\"]},{\"@type\":\"WPFooter\",\"@id\":\"https:\\\/\\\/thediplomatinspain.com\\\/en\\\/#footer\",\"cssSelector\":[\".cib-footer\"]}]}<\/script>\n<!-- \/ Yoast SEO plugin. -->","yoast_head_json":{"title":"Brussels takes Spain to the European Justice for not transposing the directive on work-life conciliation - thediplomatinspain.com","robots":{"index":"index","follow":"follow","max-snippet":"max-snippet:-1","max-image-preview":"max-image-preview:large","max-video-preview":"max-video-preview:-1"},"canonical":"https:\/\/thediplomatinspain.com\/en\/2023\/11\/18\/brussels-takes-spain-to-the-european-justice-for-not-transposing-the-directive-on-work-life-conciliation\/","og_locale":"en_US","og_type":"article","og_title":"Brussels takes Spain to the European Justice for not transposing the directive on work-life conciliation - thediplomatinspain.com","og_description":"The European Commission is going to take Spain to the Court of Justice of the European Union (CJEU) for failing to transpose the directive on","og_url":"https:\/\/thediplomatinspain.com\/en\/2023\/11\/18\/brussels-takes-spain-to-the-european-justice-for-not-transposing-the-directive-on-work-life-conciliation\/","og_site_name":"thediplomatinspain.com","article_publisher":"https:\/\/www.facebook.com\/thediplomatinspain","article_published_time":"2023-11-18T04:06:52+00:00","og_image":[{"width":750,"height":422,"url":"https:\/\/thediplomatinspain.com\/wp-content\/uploads\/2024\/05\/ninos.jpg","type":"image\/jpeg"}],"author":"Redacci\u00f3n","twitter_card":"summary_large_image","twitter_creator":"@diplomatinspain","twitter_site":"@diplomatinspain","twitter_misc":{"Written by":"Redacci\u00f3n","Est. reading time":"1 minute"},"schema":{"@context":"https:\/\/schema.org","@graph":[{"@type":"Article","@id":"https:\/\/thediplomatinspain.com\/en\/2023\/11\/18\/brussels-takes-spain-to-the-european-justice-for-not-transposing-the-directive-on-work-life-conciliation\/#article","isPartOf":{"@id":"https:\/\/thediplomatinspain.com\/en\/2023\/11\/18\/brussels-takes-spain-to-the-european-justice-for-not-transposing-the-directive-on-work-life-conciliation\/"},"author":{"name":"Redacci\u00f3n","@id":"https:\/\/thediplomatinspain.com\/#\/schema\/person\/90d9b3004c2822bcbe64082dad885a9c"},"headline":"Brussels takes Spain to the European Justice for not transposing the directive on work-life conciliation","datePublished":"2023-11-18T04:06:52+00:00","mainEntityOfPage":{"@id":"https:\/\/thediplomatinspain.com\/en\/2023\/11\/18\/brussels-takes-spain-to-the-european-justice-for-not-transposing-the-directive-on-work-life-conciliation\/"},"wordCount":266,"commentCount":0,"publisher":{"@id":"https:\/\/thediplomatinspain.com\/#organization"},"image":{"@id":"https:\/\/thediplomatinspain.com\/en\/2023\/11\/18\/brussels-takes-spain-to-the-european-justice-for-not-transposing-the-directive-on-work-life-conciliation\/#primaryimage"},"thumbnailUrl":"https:\/\/thediplomatinspain.com\/wp-content\/uploads\/2024\/05\/ninos.jpg","articleSection":["Frontpage","Frontpage","News","Subscribers","The world in Spain"],"inLanguage":"en-US","potentialAction":[{"@type":"CommentAction","name":"Comment","target":["https:\/\/thediplomatinspain.com\/en\/2023\/11\/18\/brussels-takes-spain-to-the-european-justice-for-not-transposing-the-directive-on-work-life-conciliation\/#respond"]}]},{"@type":"WebPage","@id":"https:\/\/thediplomatinspain.com\/en\/2023\/11\/18\/brussels-takes-spain-to-the-european-justice-for-not-transposing-the-directive-on-work-life-conciliation\/","url":"https:\/\/thediplomatinspain.com\/en\/2023\/11\/18\/brussels-takes-spain-to-the-european-justice-for-not-transposing-the-directive-on-work-life-conciliation\/","name":"Brussels takes Spain to the European Justice for not transposing the directive on work-life conciliation - thediplomatinspain.com","isPartOf":{"@id":"https:\/\/thediplomatinspain.com\/#website"},"primaryImageOfPage":{"@id":"https:\/\/thediplomatinspain.com\/en\/2023\/11\/18\/brussels-takes-spain-to-the-european-justice-for-not-transposing-the-directive-on-work-life-conciliation\/#primaryimage"},"image":{"@id":"https:\/\/thediplomatinspain.com\/en\/2023\/11\/18\/brussels-takes-spain-to-the-european-justice-for-not-transposing-the-directive-on-work-life-conciliation\/#primaryimage"},"thumbnailUrl":"https:\/\/thediplomatinspain.com\/wp-content\/uploads\/2024\/05\/ninos.jpg","datePublished":"2023-11-18T04:06:52+00:00","breadcrumb":{"@id":"https:\/\/thediplomatinspain.com\/en\/2023\/11\/18\/brussels-takes-spain-to-the-european-justice-for-not-transposing-the-directive-on-work-life-conciliation\/#breadcrumb"},"inLanguage":"en-US","potentialAction":[{"@type":"ReadAction","target":["https:\/\/thediplomatinspain.com\/en\/2023\/11\/18\/brussels-takes-spain-to-the-european-justice-for-not-transposing-the-directive-on-work-life-conciliation\/"]}]},{"@type":"ImageObject","inLanguage":"en-US","@id":"https:\/\/thediplomatinspain.com\/en\/2023\/11\/18\/brussels-takes-spain-to-the-european-justice-for-not-transposing-the-directive-on-work-life-conciliation\/#primaryimage","url":"https:\/\/thediplomatinspain.com\/wp-content\/uploads\/2024\/05\/ninos.jpg","contentUrl":"https:\/\/thediplomatinspain.com\/wp-content\/uploads\/2024\/05\/ninos.jpg","width":750,"height":422,"caption":"Photo: European Commission"},{"@type":"BreadcrumbList","@id":"https:\/\/thediplomatinspain.com\/en\/2023\/11\/18\/brussels-takes-spain-to-the-european-justice-for-not-transposing-the-directive-on-work-life-conciliation\/#breadcrumb","itemListElement":[{"@type":"ListItem","position":1,"name":"Portada","item":"https:\/\/thediplomatinspain.com\/en\/"},{"@type":"ListItem","position":2,"name":"Brussels takes Spain to the European Justice for not transposing the directive on work-life conciliation"}]},{"@type":"WebSite","@id":"https:\/\/thediplomatinspain.com\/#website","url":"https:\/\/thediplomatinspain.com\/","name":"thediplomatinspain.com","description":"Diario digital de referencia para diplom\u00e1ticos y empresas","publisher":{"@id":"https:\/\/thediplomatinspain.com\/#organization"},"potentialAction":[{"@type":"SearchAction","target":{"@type":"EntryPoint","urlTemplate":"https:\/\/thediplomatinspain.com\/?s={search_term_string}"},"query-input":{"@type":"PropertyValueSpecification","valueRequired":true,"valueName":"search_term_string"}}],"inLanguage":"en-US"},{"@type":"Organization","@id":"https:\/\/thediplomatinspain.com\/#organization","name":"thediplomatinspain.com","url":"https:\/\/thediplomatinspain.com\/","logo":{"@type":"ImageObject","inLanguage":"en-US","@id":"https:\/\/thediplomatinspain.com\/#\/schema\/logo\/image\/","url":"https:\/\/thediplomatinspain.com\/wp-content\/uploads\/2024\/06\/logo_the_diplomat.png","contentUrl":"https:\/\/thediplomatinspain.com\/wp-content\/uploads\/2024\/06\/logo_the_diplomat.png","width":284,"height":77,"caption":"thediplomatinspain.com"},"image":{"@id":"https:\/\/thediplomatinspain.com\/#\/schema\/logo\/image\/"},"sameAs":["https:\/\/www.facebook.com\/thediplomatinspain","https:\/\/x.com\/diplomatinspain","https:\/\/www.youtube.com\/channel\/UCK0mRqeeZDKdFeiFQZLcH2A"]},{"@type":"Person","@id":"https:\/\/thediplomatinspain.com\/#\/schema\/person\/90d9b3004c2822bcbe64082dad885a9c","name":"Redacci\u00f3n","image":{"@type":"ImageObject","inLanguage":"en-US","@id":"https:\/\/secure.gravatar.com\/avatar\/6be270e1c81317331dd99c1537c17b9683039795b5a956c595769bfada5e7067?s=96&d=mm&r=g","url":"https:\/\/secure.gravatar.com\/avatar\/6be270e1c81317331dd99c1537c17b9683039795b5a956c595769bfada5e7067?s=96&d=mm&r=g","contentUrl":"https:\/\/secure.gravatar.com\/avatar\/6be270e1c81317331dd99c1537c17b9683039795b5a956c595769bfada5e7067?s=96&d=mm&r=g","caption":"Redacci\u00f3n"},"sameAs":["https:\/\/thediplomatinspain.com\/"],"url":"https:\/\/thediplomatinspain.com\/en\/author\/soportecibeles\/"},{"@type":["Organization","NewsMediaOrganization"],"@id":"https:\/\/thediplomatinspain.com\/en\/#organization"},{"@type":"SiteNavigationElement","@id":"https:\/\/thediplomatinspain.com\/en\/#site-navigation","cssSelector":[".cib-main-menu"]},{"@type":"WPHeader","@id":"https:\/\/thediplomatinspain.com\/en\/#header","cssSelector":[".cib-header"]},{"@type":"WPFooter","@id":"https:\/\/thediplomatinspain.com\/en\/#footer","cssSelector":[".cib-footer"]}]}},"amp_enabled":true,"_links":{"self":[{"href":"https:\/\/thediplomatinspain.com\/en\/wp-json\/wp\/v2\/posts\/81526","targetHints":{"allow":["GET"]}}],"collection":[{"href":"https:\/\/thediplomatinspain.com\/en\/wp-json\/wp\/v2\/posts"}],"about":[{"href":"https:\/\/thediplomatinspain.com\/en\/wp-json\/wp\/v2\/types\/post"}],"author":[{"embeddable":true,"href":"https:\/\/thediplomatinspain.com\/en\/wp-json\/wp\/v2\/users\/1"}],"replies":[{"embeddable":true,"href":"https:\/\/thediplomatinspain.com\/en\/wp-json\/wp\/v2\/comments?post=81526"}],"version-history":[{"count":0,"href":"https:\/\/thediplomatinspain.com\/en\/wp-json\/wp\/v2\/posts\/81526\/revisions"}],"wp:featuredmedia":[{"embeddable":true,"href":"https:\/\/thediplomatinspain.com\/en\/wp-json\/wp\/v2\/media\/53215"}],"wp:attachment":[{"href":"https:\/\/thediplomatinspain.com\/en\/wp-json\/wp\/v2\/media?parent=81526"}],"wp:term":[{"taxonomy":"category","embeddable":true,"href":"https:\/\/thediplomatinspain.com\/en\/wp-json\/wp\/v2\/categories?post=81526"},{"taxonomy":"post_tag","embeddable":true,"href":"https:\/\/thediplomatinspain.com\/en\/wp-json\/wp\/v2\/tags?post=81526"}],"curies":[{"name":"wp","href":"https:\/\/api.w.org\/{rel}","templated":true}]}}