{"id":80945,"date":"2023-09-17T04:06:56","date_gmt":"2023-09-17T02:06:56","guid":{"rendered":"https:\/\/zen-hopper.82-223-81-17.plesk.page\/2023\/09\/17\/central-american-embassies-celebrate-202nd-anniversary-of-their-independence\/"},"modified":"2024-06-10T09:00:48","modified_gmt":"2024-06-10T07:00:48","slug":"central-american-embassies-celebrate-202nd-anniversary-of-their-independence","status":"publish","type":"post","link":"https:\/\/thediplomatinspain.com\/en\/2023\/09\/17\/central-american-embassies-celebrate-202nd-anniversary-of-their-independence\/","title":{"rendered":"Central American Embassies celebrate 202nd anniversary of their independence"},"content":{"rendered":"<h6><strong>Juan David Latorre<\/strong><\/h6>\n<p>&nbsp;<\/p>\n<h4><strong>The Embassies of Guatemala, El Salvador, Honduras, Nicaragua and Costa Rica celebrated last Friday the National Day of Central American Countries, on the 202nd anniversary of their Declaration of Independence, with a reception held at Casa Am\u00e9rica, organised by the Salvadoran delegation.<\/strong><\/h4>\n<p>&nbsp;<\/p>\n<p>The event was presided over by the ambassadors of El Salvador, <strong>Joaqu\u00edn Maza;<\/strong> of Honduras, <strong>Marlon Brev\u00e9;<\/strong> of Nicaragua, <strong>Maurizio Gelli;<\/strong> and of Costa Rica, <strong>Adriana Bola\u00f1os,<\/strong> as well as the Charg\u00e9 d&#8217;Affaires of Guatemala, <strong>Marlene Reynoso.<\/strong><\/p>\n<p>&nbsp;<\/p>\n<p>The reception was attended by most of the ambassadors from Latin American countries, as well as from other parts of the world, including the ambassadors of the <strong>United States <\/strong>and <strong>Canada,<\/strong> and the ambassadors of <strong>Switzerland, Bulgaria, Austria<\/strong> and other European countries. Representing the Spanish government were the State Secretary for Latin America, the Caribbean and Spanish in the World,<strong> Juan Fern\u00e1ndez Trigo;<\/strong> the State Secretary for Migration, <strong>Isabel Castro;<\/strong> the Director General for Latin America, <strong>Enrique Yturriaga;<\/strong> the Director of the Spanish Agency for International Cooperation and Development, <strong>Ant\u00f3n Leis;<\/strong> the Director of Casa Am\u00e9rica, <strong>Enrique Ojeda;<\/strong> and several diplomats from the Ministry of Foreign Affairs. Also in attendance was the General Coordinator of the Madrid City Council, <strong>Matilde Garc\u00eda Duarte.<\/strong><\/p>\n<p>&nbsp;<\/p>\n<p>After some words of welcome from the director of Casa Am\u00e9rica, spoke <strong>Juan Fern\u00e1ndez Trigo<\/strong> took the floor highlighting <strong>&#8220;the essentially peaceful nature of Central American independence. <\/strong>An independence that led to dialogue, compromise, consensus and negotiation between its various protagonists. There is no doubt that coexistence in a plural society can only flourish when there is a basic consensus around common values and principles, which are <strong>the dignity of the person, human rights and the values of the rule of law. <\/strong>Among these: the democratic election of rulers&#8221;.<\/p>\n<p>&nbsp;<\/p>\n<p>&#8220;Spain cannot fail to observe with concern the dangers that threaten our democracies,&#8221; continued the Secretary of State. <strong>Spain defends with full conviction respect for electoral processes, as well as for the decisions emanating from the ballot box, <\/strong>because this is the only way to guarantee harmonious coexistence, the foundation of all Democracy.&#8221;<\/p>\n<p>&nbsp;<\/p>\n<p>Juan Fern\u00e1ndez Trigo underlined a second major reflection on the independence process, which was <strong>&#8220;the commitment to regional integration, which crystallised in the Central American Federation.<\/strong> A desire for integration that has never been abandoned and that today is crucial for facing the challenges of today&#8217;s global and multilateral world.<\/p>\n<p>&nbsp;<\/p>\n<p>With regard to bilateral relations between Spain and Central America, the Secretary of State highlighted<strong> &#8220;the institutional framework <\/strong>and the exchange of visits and high-level trips between Spain and the region. The strengthening of the democratic state is at the heart of our cooperation actions. We hope that we will soon be able to congratulate ourselves on the definitive entry into force of the <strong>EU-Central America Association Agreement, <\/strong>a key instrument in our relationship, and the first of an interregional nature signed by the European Union&#8221;. With regard to <strong>economic well-being,<\/strong> he pointed out that &#8220;we cannot and must not forget the action of companies wishing to increase their presence and invest in the respective countries. In terms of <strong>cooperation,<\/strong> we want to contribute to alleviating imbalances. We are one of the main donors in the region, financing programmes that promote democratic institutions, gender equality, support for indigenous groups, journalists and human rights defenders. Cooperation has to be complementary to investment and trade because this is the only way to achieve a multiplier effect on the levels of economic welfare to which I referred earlier&#8221;.<\/p>\n<p>&nbsp;<\/p>\n<p>Finally, Juan Fern\u00e1ndez Trigo referred to emigration. &#8220;A large Central American community resides in Spain. <strong>These people bring the best of themselves to our country, they offer their efforts, but also diversity and social nuances.<\/strong> History, culture, migratory movements, social and economic ties, but, above all, the aspiration for a free, peaceful, fairer and more egalitarian world, unite our countries. Spain has a sincere and long-term commitment to the freedom and prosperity of Costa Rica, El Salvador, Guatemala, Honduras and Nicaragua.<\/p>\n<p>&nbsp;<\/p>\n<p>The Honduran Ambassador, <strong>Marlon Brev\u00e9,<\/strong> then addressed the guests on behalf of the five Central American embassies accredited in Spain. The ambassador highlighted <strong>&#8220;the constant concern for attending to the needs and preserving the rights of the most vulnerable population, the integral and inclusive approach to the economic and social development of our peoples, the green transition, and the digital transformation.<\/strong> This sustainable mission will allow our region, as a whole, better democratic development, harmonious integration and awareness of internal realities. We reiterate our conviction in the importance of integration, multilateralism and international cooperation&#8221;.<\/p>\n<p>&nbsp;<\/p>\n<p>The Honduran ambassador thanked &#8220;the support we have always received from Spain. <strong>Working together, our peoples will walk along better paths. <\/strong>The five Central American countries, together with Belize, Panama and the Dominican Republic, form part of the <strong>Central American Integration System (SICA),<\/strong> through which the foundations have been laid for the economic, social and political integration of the region. This mechanism has led us to achieve significant progress, for example, the ability to act as a bloc in important international, political, economic and social forums, as well as the capacity to negotiate coordinated extra-regional trade agreements, including the <strong>European Union-Central America Association Agreement,<\/strong> the first cooperation agreement of this type in history.<\/p>\n<p>&nbsp;<\/p>\n<p>&#8220;We welcome the holding of the <strong>European Union-CELAC<\/strong> summit,&#8221; Marlon Brev\u00e9 said, &#8220;which is a clear example of the importance that the Spanish Presidency attaches to Latin America and the Caribbean. We are sure that concrete and beneficial results will come out of this summit&#8221;.<\/p>\n<p>&nbsp;<\/p>\n<p>The Honduran ambassador ended his speech by highlighting all that is good about the Central American region, <strong>&#8220;a region of encouraging prospects, where its biodiversity combines perfectly with the hospitality of its people<\/strong>. It is a region full of contrasts, full of diverse landscapes, images, colours, rich in gastronomy, with the aroma of coffee and sugar cane, bathed by two oceans that bring with them new waves of progressive thinking, integration, cooperation and a multilateral vision, with a shining sun that illuminates the promise of better dawns&#8221;.<\/p>\n<p>&nbsp;<\/p>\n<p>Finally, <strong>Mauricio Chac\u00f3n,<\/strong> Chief Officer of the Office of the Central American Bank for Economic Integration in Spain and Europe, made a toast to the National Holiday.<\/p>\n<p>&nbsp;<\/p>\n<p>&nbsp;<\/p>\n<figure id=\"attachment_317632\" aria-describedby=\"caption-attachment-317632\" style=\"width: 750px\" class=\"wp-caption alignnone\"><a href=\"https:\/\/zen-hopper.82-223-81-17.plesk.page\/wp-content\/uploads\/2024\/05\/Trigo-hablando-ok.jpg\"><img decoding=\"async\" class=\"wp-image-317632 size-full\" src=\"https:\/\/zen-hopper.82-223-81-17.plesk.page\/wp-content\/uploads\/2024\/05\/Trigo-hablando-ok.jpg\" alt=\" width=\"750\" height=\"428\" \/><\/a><figcaption id=\"caption-attachment-317632\" class=\"wp-caption-text\">Juan Fern\u00e1ndez Trigo, Secretary of State for Ibero-America, the Caribbean and Spanish in the World.<\/figcaption><\/figure>\n<p>&nbsp;<\/p>\n<figure id=\"attachment_317628\" aria-describedby=\"caption-attachment-317628\" style=\"width: 750px\" class=\"wp-caption alignnone\"><a href=\"https:\/\/zen-hopper.82-223-81-17.plesk.page\/wp-content\/uploads\/2024\/05\/Cuba-Ecuador-Uruguay-y-Chile-ok.jpg\"><img decoding=\"async\" class=\"wp-image-317628 size-full\" src=\"https:\/\/zen-hopper.82-223-81-17.plesk.page\/wp-content\/uploads\/2024\/05\/Cuba-Ecuador-Uruguay-y-Chile-ok.jpg\" alt=\" width=\"750\" height=\"429\" \/><\/a><figcaption id=\"caption-attachment-317628\" class=\"wp-caption-text\">From left to right, the ambassadors of Cuba, Ecuador, Uruguay and Chile.<\/figcaption><\/figure>\n<p>&nbsp;<\/p>\n<figure id=\"attachment_317630\" aria-describedby=\"caption-attachment-317630\" style=\"width: 750px\" class=\"wp-caption alignnone\"><a href=\"https:\/\/zen-hopper.82-223-81-17.plesk.page\/wp-content\/uploads\/2024\/05\/Suiza-Beatriz-y-Bulgaria-ok.jpg\"><img decoding=\"async\" class=\"wp-image-317630 size-full\" src=\"https:\/\/zen-hopper.82-223-81-17.plesk.page\/wp-content\/uploads\/2024\/05\/Suiza-Beatriz-y-Bulgaria-ok.jpg\" alt=\" width=\"750\" height=\"429\" \/><\/a><figcaption id=\"caption-attachment-317630\" class=\"wp-caption-text\">Political scientist Beatriz Due\u00f1as, flanked by the ambassadors of Switzerland, on her right, and Bulgaria.<\/figcaption><\/figure>\n<p>&nbsp;<\/p>\n<figure id=\"attachment_317634\" aria-describedby=\"caption-attachment-317634\" style=\"width: 750px\" class=\"wp-caption alignnone\"><a href=\"https:\/\/zen-hopper.82-223-81-17.plesk.page\/wp-content\/uploads\/2024\/05\/Bolivia-y-Rocio-ok.jpg\"><img decoding=\"async\" class=\"wp-image-317634 size-full\" src=\"https:\/\/zen-hopper.82-223-81-17.plesk.page\/wp-content\/uploads\/2024\/05\/Bolivia-y-Rocio-ok.jpg\" alt=\" width=\"750\" height=\"429\" \/><\/a><figcaption id=\"caption-attachment-317634\" class=\"wp-caption-text\">Roc\u00edo Pic\u00f3n, Deputy Director General for Coordination of the International Institutional Representation of the Mayor of Madrid, with the Ambassador of Bolivia, Nardi Suxo.<\/figcaption><\/figure>\n<p>&nbsp;<\/p>\n<figure id=\"attachment_317636\" aria-describedby=\"caption-attachment-317636\" style=\"width: 750px\" class=\"wp-caption alignnone\"><a href=\"https:\/\/zen-hopper.82-223-81-17.plesk.page\/wp-content\/uploads\/2024\/05\/Nicaragua-team-ok.jpg\"><img decoding=\"async\" class=\"wp-image-317636 size-full\" src=\"https:\/\/zen-hopper.82-223-81-17.plesk.page\/wp-content\/uploads\/2024\/05\/Nicaragua-team-ok.jpg\" alt=\" width=\"750\" height=\"429\" \/><\/a><figcaption id=\"caption-attachment-317636\" class=\"wp-caption-text\">The ambassador of Nicaragua, Maurizio Gelli, together with part of his team, Mar\u00eda Teresa Vega, of the technical staff, and the diplomatic attach\u00e9 with Consular Functions, Javier Mungu\u00eda.<\/figcaption><\/figure>\n<p>&nbsp;<\/p>\n<p>&nbsp;<\/p>\n","protected":false},"excerpt":{"rendered":"<p>The Embassies of Guatemala, El Salvador, Honduras, Nicaragua and Costa Rica celebrated the National Day of Central American Countries.<\/p>\n","protected":false},"author":1,"featured_media":52574,"comment_status":"open","ping_status":"open","sticky":false,"template":"","format":"standard","meta":{"jnews-multi-image_gallery":[],"jnews_single_post":[],"jnews_primary_category":[],"jnews_social_meta":[],"jnews_override_counter":[],"jnews_post_split":[],"footnotes":""},"categories":[106,158,159,166,182],"tags":[],"class_list":["post-80945","post","type-post","status-publish","format-standard","has-post-thumbnail","hentry","category-frontpage","category-frontpage-en","category-news","category-social-life","category-subscribers"],"yoast_head":"<!-- This site is optimized with the Yoast SEO plugin v27.4 - https:\/\/yoast.com\/product\/yoast-seo-wordpress\/ -->\n<title>Central American Embassies celebrate 202nd anniversary of their independence - thediplomatinspain.com<\/title>\n<meta name=\"robots\" content=\"index, follow, max-snippet:-1, max-image-preview:large, max-video-preview:-1\" \/>\n<link rel=\"canonical\" href=\"https:\/\/thediplomatinspain.com\/en\/2023\/09\/17\/central-american-embassies-celebrate-202nd-anniversary-of-their-independence\/\" \/>\n<meta property=\"og:locale\" content=\"en_US\" \/>\n<meta property=\"og:type\" content=\"article\" \/>\n<meta property=\"og:title\" content=\"Central American Embassies celebrate 202nd anniversary of their independence - thediplomatinspain.com\" \/>\n<meta property=\"og:description\" content=\"The Embassies of Guatemala, El Salvador, Honduras, Nicaragua and Costa Rica celebrated the National Day of Central American Countries.\" \/>\n<meta property=\"og:url\" content=\"https:\/\/thediplomatinspain.com\/en\/2023\/09\/17\/central-american-embassies-celebrate-202nd-anniversary-of-their-independence\/\" \/>\n<meta property=\"og:site_name\" content=\"thediplomatinspain.com\" \/>\n<meta property=\"article:publisher\" content=\"https:\/\/www.facebook.com\/thediplomatinspain\" \/>\n<meta property=\"article:published_time\" content=\"2023-09-17T02:06:56+00:00\" \/>\n<meta property=\"article:modified_time\" content=\"2024-06-10T07:00:48+00:00\" \/>\n<meta property=\"og:image\" content=\"https:\/\/thediplomatinspain.com\/wp-content\/uploads\/2024\/05\/Honduras-hablando-ok.jpg\" \/>\n\t<meta property=\"og:image:width\" content=\"750\" \/>\n\t<meta property=\"og:image:height\" content=\"429\" \/>\n\t<meta property=\"og:image:type\" content=\"image\/jpeg\" \/>\n<meta name=\"author\" content=\"Redacci\u00f3n\" \/>\n<meta name=\"twitter:card\" content=\"summary_large_image\" \/>\n<meta name=\"twitter:creator\" content=\"@diplomatinspain\" \/>\n<meta name=\"twitter:site\" content=\"@diplomatinspain\" \/>\n<meta name=\"twitter:label1\" content=\"Written by\" \/>\n\t<meta name=\"twitter:data1\" content=\"Redacci\u00f3n\" \/>\n\t<meta name=\"twitter:label2\" content=\"Est. reading time\" \/>\n\t<meta name=\"twitter:data2\" content=\"6 minutes\" \/>\n<script type=\"application\/ld+json\" class=\"yoast-schema-graph\">{\"@context\":\"https:\\\/\\\/schema.org\",\"@graph\":[{\"@type\":\"Article\",\"@id\":\"https:\\\/\\\/thediplomatinspain.com\\\/en\\\/2023\\\/09\\\/17\\\/central-american-embassies-celebrate-202nd-anniversary-of-their-independence\\\/#article\",\"isPartOf\":{\"@id\":\"https:\\\/\\\/thediplomatinspain.com\\\/en\\\/2023\\\/09\\\/17\\\/central-american-embassies-celebrate-202nd-anniversary-of-their-independence\\\/\"},\"author\":{\"name\":\"Redacci\u00f3n\",\"@id\":\"https:\\\/\\\/thediplomatinspain.com\\\/#\\\/schema\\\/person\\\/90d9b3004c2822bcbe64082dad885a9c\"},\"headline\":\"Central American Embassies celebrate 202nd anniversary of their independence\",\"datePublished\":\"2023-09-17T02:06:56+00:00\",\"dateModified\":\"2024-06-10T07:00:48+00:00\",\"mainEntityOfPage\":{\"@id\":\"https:\\\/\\\/thediplomatinspain.com\\\/en\\\/2023\\\/09\\\/17\\\/central-american-embassies-celebrate-202nd-anniversary-of-their-independence\\\/\"},\"wordCount\":1126,\"commentCount\":0,\"publisher\":{\"@id\":\"https:\\\/\\\/thediplomatinspain.com\\\/#organization\"},\"image\":{\"@id\":\"https:\\\/\\\/thediplomatinspain.com\\\/en\\\/2023\\\/09\\\/17\\\/central-american-embassies-celebrate-202nd-anniversary-of-their-independence\\\/#primaryimage\"},\"thumbnailUrl\":\"https:\\\/\\\/thediplomatinspain.com\\\/wp-content\\\/uploads\\\/2024\\\/05\\\/Honduras-hablando-ok.jpg\",\"articleSection\":[\"Frontpage\",\"Frontpage\",\"News\",\"Social life\",\"Subscribers\"],\"inLanguage\":\"en-US\",\"potentialAction\":[{\"@type\":\"CommentAction\",\"name\":\"Comment\",\"target\":[\"https:\\\/\\\/thediplomatinspain.com\\\/en\\\/2023\\\/09\\\/17\\\/central-american-embassies-celebrate-202nd-anniversary-of-their-independence\\\/#respond\"]}]},{\"@type\":\"WebPage\",\"@id\":\"https:\\\/\\\/thediplomatinspain.com\\\/en\\\/2023\\\/09\\\/17\\\/central-american-embassies-celebrate-202nd-anniversary-of-their-independence\\\/\",\"url\":\"https:\\\/\\\/thediplomatinspain.com\\\/en\\\/2023\\\/09\\\/17\\\/central-american-embassies-celebrate-202nd-anniversary-of-their-independence\\\/\",\"name\":\"Central American Embassies celebrate 202nd anniversary of their independence - thediplomatinspain.com\",\"isPartOf\":{\"@id\":\"https:\\\/\\\/thediplomatinspain.com\\\/#website\"},\"primaryImageOfPage\":{\"@id\":\"https:\\\/\\\/thediplomatinspain.com\\\/en\\\/2023\\\/09\\\/17\\\/central-american-embassies-celebrate-202nd-anniversary-of-their-independence\\\/#primaryimage\"},\"image\":{\"@id\":\"https:\\\/\\\/thediplomatinspain.com\\\/en\\\/2023\\\/09\\\/17\\\/central-american-embassies-celebrate-202nd-anniversary-of-their-independence\\\/#primaryimage\"},\"thumbnailUrl\":\"https:\\\/\\\/thediplomatinspain.com\\\/wp-content\\\/uploads\\\/2024\\\/05\\\/Honduras-hablando-ok.jpg\",\"datePublished\":\"2023-09-17T02:06:56+00:00\",\"dateModified\":\"2024-06-10T07:00:48+00:00\",\"breadcrumb\":{\"@id\":\"https:\\\/\\\/thediplomatinspain.com\\\/en\\\/2023\\\/09\\\/17\\\/central-american-embassies-celebrate-202nd-anniversary-of-their-independence\\\/#breadcrumb\"},\"inLanguage\":\"en-US\",\"potentialAction\":[{\"@type\":\"ReadAction\",\"target\":[\"https:\\\/\\\/thediplomatinspain.com\\\/en\\\/2023\\\/09\\\/17\\\/central-american-embassies-celebrate-202nd-anniversary-of-their-independence\\\/\"]}]},{\"@type\":\"ImageObject\",\"inLanguage\":\"en-US\",\"@id\":\"https:\\\/\\\/thediplomatinspain.com\\\/en\\\/2023\\\/09\\\/17\\\/central-american-embassies-celebrate-202nd-anniversary-of-their-independence\\\/#primaryimage\",\"url\":\"https:\\\/\\\/thediplomatinspain.com\\\/wp-content\\\/uploads\\\/2024\\\/05\\\/Honduras-hablando-ok.jpg\",\"contentUrl\":\"https:\\\/\\\/thediplomatinspain.com\\\/wp-content\\\/uploads\\\/2024\\\/05\\\/Honduras-hablando-ok.jpg\",\"width\":750,\"height\":429,\"caption\":\"El embajador de Honduras, Marlon Brev\u00e9, se dirigi\u00f3 a los invitados en representaci\u00f3n de las cinco Embajadas centroamericanas. \\\/Fotos: JDL.\"},{\"@type\":\"BreadcrumbList\",\"@id\":\"https:\\\/\\\/thediplomatinspain.com\\\/en\\\/2023\\\/09\\\/17\\\/central-american-embassies-celebrate-202nd-anniversary-of-their-independence\\\/#breadcrumb\",\"itemListElement\":[{\"@type\":\"ListItem\",\"position\":1,\"name\":\"Portada\",\"item\":\"https:\\\/\\\/thediplomatinspain.com\\\/en\\\/\"},{\"@type\":\"ListItem\",\"position\":2,\"name\":\"Central American Embassies celebrate 202nd anniversary of their independence\"}]},{\"@type\":\"WebSite\",\"@id\":\"https:\\\/\\\/thediplomatinspain.com\\\/#website\",\"url\":\"https:\\\/\\\/thediplomatinspain.com\\\/\",\"name\":\"thediplomatinspain.com\",\"description\":\"Diario digital de referencia para diplom\u00e1ticos y empresas\",\"publisher\":{\"@id\":\"https:\\\/\\\/thediplomatinspain.com\\\/#organization\"},\"potentialAction\":[{\"@type\":\"SearchAction\",\"target\":{\"@type\":\"EntryPoint\",\"urlTemplate\":\"https:\\\/\\\/thediplomatinspain.com\\\/?s={search_term_string}\"},\"query-input\":{\"@type\":\"PropertyValueSpecification\",\"valueRequired\":true,\"valueName\":\"search_term_string\"}}],\"inLanguage\":\"en-US\"},{\"@type\":\"Organization\",\"@id\":\"https:\\\/\\\/thediplomatinspain.com\\\/#organization\",\"name\":\"thediplomatinspain.com\",\"url\":\"https:\\\/\\\/thediplomatinspain.com\\\/\",\"logo\":{\"@type\":\"ImageObject\",\"inLanguage\":\"en-US\",\"@id\":\"https:\\\/\\\/thediplomatinspain.com\\\/#\\\/schema\\\/logo\\\/image\\\/\",\"url\":\"https:\\\/\\\/thediplomatinspain.com\\\/wp-content\\\/uploads\\\/2024\\\/06\\\/logo_the_diplomat.png\",\"contentUrl\":\"https:\\\/\\\/thediplomatinspain.com\\\/wp-content\\\/uploads\\\/2024\\\/06\\\/logo_the_diplomat.png\",\"width\":284,\"height\":77,\"caption\":\"thediplomatinspain.com\"},\"image\":{\"@id\":\"https:\\\/\\\/thediplomatinspain.com\\\/#\\\/schema\\\/logo\\\/image\\\/\"},\"sameAs\":[\"https:\\\/\\\/www.facebook.com\\\/thediplomatinspain\",\"https:\\\/\\\/x.com\\\/diplomatinspain\",\"https:\\\/\\\/www.youtube.com\\\/channel\\\/UCK0mRqeeZDKdFeiFQZLcH2A\"]},{\"@type\":\"Person\",\"@id\":\"https:\\\/\\\/thediplomatinspain.com\\\/#\\\/schema\\\/person\\\/90d9b3004c2822bcbe64082dad885a9c\",\"name\":\"Redacci\u00f3n\",\"image\":{\"@type\":\"ImageObject\",\"inLanguage\":\"en-US\",\"@id\":\"https:\\\/\\\/secure.gravatar.com\\\/avatar\\\/6be270e1c81317331dd99c1537c17b9683039795b5a956c595769bfada5e7067?s=96&d=mm&r=g\",\"url\":\"https:\\\/\\\/secure.gravatar.com\\\/avatar\\\/6be270e1c81317331dd99c1537c17b9683039795b5a956c595769bfada5e7067?s=96&d=mm&r=g\",\"contentUrl\":\"https:\\\/\\\/secure.gravatar.com\\\/avatar\\\/6be270e1c81317331dd99c1537c17b9683039795b5a956c595769bfada5e7067?s=96&d=mm&r=g\",\"caption\":\"Redacci\u00f3n\"},\"sameAs\":[\"https:\\\/\\\/thediplomatinspain.com\\\/\"],\"url\":\"https:\\\/\\\/thediplomatinspain.com\\\/en\\\/author\\\/soportecibeles\\\/\"},{\"@type\":[\"Organization\",\"NewsMediaOrganization\"],\"@id\":\"https:\\\/\\\/thediplomatinspain.com\\\/en\\\/#organization\"},{\"@type\":\"SiteNavigationElement\",\"@id\":\"https:\\\/\\\/thediplomatinspain.com\\\/en\\\/#site-navigation\",\"cssSelector\":[\".cib-main-menu\"]},{\"@type\":\"WPHeader\",\"@id\":\"https:\\\/\\\/thediplomatinspain.com\\\/en\\\/#header\",\"cssSelector\":[\".cib-header\"]},{\"@type\":\"WPFooter\",\"@id\":\"https:\\\/\\\/thediplomatinspain.com\\\/en\\\/#footer\",\"cssSelector\":[\".cib-footer\"]}]}<\/script>\n<!-- \/ Yoast SEO plugin. -->","yoast_head_json":{"title":"Central American Embassies celebrate 202nd anniversary of their independence - thediplomatinspain.com","robots":{"index":"index","follow":"follow","max-snippet":"max-snippet:-1","max-image-preview":"max-image-preview:large","max-video-preview":"max-video-preview:-1"},"canonical":"https:\/\/thediplomatinspain.com\/en\/2023\/09\/17\/central-american-embassies-celebrate-202nd-anniversary-of-their-independence\/","og_locale":"en_US","og_type":"article","og_title":"Central American Embassies celebrate 202nd anniversary of their independence - thediplomatinspain.com","og_description":"The Embassies of Guatemala, El Salvador, Honduras, Nicaragua and Costa Rica celebrated the National Day of Central American Countries.","og_url":"https:\/\/thediplomatinspain.com\/en\/2023\/09\/17\/central-american-embassies-celebrate-202nd-anniversary-of-their-independence\/","og_site_name":"thediplomatinspain.com","article_publisher":"https:\/\/www.facebook.com\/thediplomatinspain","article_published_time":"2023-09-17T02:06:56+00:00","article_modified_time":"2024-06-10T07:00:48+00:00","og_image":[{"width":750,"height":429,"url":"https:\/\/thediplomatinspain.com\/wp-content\/uploads\/2024\/05\/Honduras-hablando-ok.jpg","type":"image\/jpeg"}],"author":"Redacci\u00f3n","twitter_card":"summary_large_image","twitter_creator":"@diplomatinspain","twitter_site":"@diplomatinspain","twitter_misc":{"Written by":"Redacci\u00f3n","Est. reading time":"6 minutes"},"schema":{"@context":"https:\/\/schema.org","@graph":[{"@type":"Article","@id":"https:\/\/thediplomatinspain.com\/en\/2023\/09\/17\/central-american-embassies-celebrate-202nd-anniversary-of-their-independence\/#article","isPartOf":{"@id":"https:\/\/thediplomatinspain.com\/en\/2023\/09\/17\/central-american-embassies-celebrate-202nd-anniversary-of-their-independence\/"},"author":{"name":"Redacci\u00f3n","@id":"https:\/\/thediplomatinspain.com\/#\/schema\/person\/90d9b3004c2822bcbe64082dad885a9c"},"headline":"Central American Embassies celebrate 202nd anniversary of their independence","datePublished":"2023-09-17T02:06:56+00:00","dateModified":"2024-06-10T07:00:48+00:00","mainEntityOfPage":{"@id":"https:\/\/thediplomatinspain.com\/en\/2023\/09\/17\/central-american-embassies-celebrate-202nd-anniversary-of-their-independence\/"},"wordCount":1126,"commentCount":0,"publisher":{"@id":"https:\/\/thediplomatinspain.com\/#organization"},"image":{"@id":"https:\/\/thediplomatinspain.com\/en\/2023\/09\/17\/central-american-embassies-celebrate-202nd-anniversary-of-their-independence\/#primaryimage"},"thumbnailUrl":"https:\/\/thediplomatinspain.com\/wp-content\/uploads\/2024\/05\/Honduras-hablando-ok.jpg","articleSection":["Frontpage","Frontpage","News","Social life","Subscribers"],"inLanguage":"en-US","potentialAction":[{"@type":"CommentAction","name":"Comment","target":["https:\/\/thediplomatinspain.com\/en\/2023\/09\/17\/central-american-embassies-celebrate-202nd-anniversary-of-their-independence\/#respond"]}]},{"@type":"WebPage","@id":"https:\/\/thediplomatinspain.com\/en\/2023\/09\/17\/central-american-embassies-celebrate-202nd-anniversary-of-their-independence\/","url":"https:\/\/thediplomatinspain.com\/en\/2023\/09\/17\/central-american-embassies-celebrate-202nd-anniversary-of-their-independence\/","name":"Central American Embassies celebrate 202nd anniversary of their independence - thediplomatinspain.com","isPartOf":{"@id":"https:\/\/thediplomatinspain.com\/#website"},"primaryImageOfPage":{"@id":"https:\/\/thediplomatinspain.com\/en\/2023\/09\/17\/central-american-embassies-celebrate-202nd-anniversary-of-their-independence\/#primaryimage"},"image":{"@id":"https:\/\/thediplomatinspain.com\/en\/2023\/09\/17\/central-american-embassies-celebrate-202nd-anniversary-of-their-independence\/#primaryimage"},"thumbnailUrl":"https:\/\/thediplomatinspain.com\/wp-content\/uploads\/2024\/05\/Honduras-hablando-ok.jpg","datePublished":"2023-09-17T02:06:56+00:00","dateModified":"2024-06-10T07:00:48+00:00","breadcrumb":{"@id":"https:\/\/thediplomatinspain.com\/en\/2023\/09\/17\/central-american-embassies-celebrate-202nd-anniversary-of-their-independence\/#breadcrumb"},"inLanguage":"en-US","potentialAction":[{"@type":"ReadAction","target":["https:\/\/thediplomatinspain.com\/en\/2023\/09\/17\/central-american-embassies-celebrate-202nd-anniversary-of-their-independence\/"]}]},{"@type":"ImageObject","inLanguage":"en-US","@id":"https:\/\/thediplomatinspain.com\/en\/2023\/09\/17\/central-american-embassies-celebrate-202nd-anniversary-of-their-independence\/#primaryimage","url":"https:\/\/thediplomatinspain.com\/wp-content\/uploads\/2024\/05\/Honduras-hablando-ok.jpg","contentUrl":"https:\/\/thediplomatinspain.com\/wp-content\/uploads\/2024\/05\/Honduras-hablando-ok.jpg","width":750,"height":429,"caption":"El embajador de Honduras, Marlon Brev\u00e9, se dirigi\u00f3 a los invitados en representaci\u00f3n de las cinco Embajadas centroamericanas. \/Fotos: JDL."},{"@type":"BreadcrumbList","@id":"https:\/\/thediplomatinspain.com\/en\/2023\/09\/17\/central-american-embassies-celebrate-202nd-anniversary-of-their-independence\/#breadcrumb","itemListElement":[{"@type":"ListItem","position":1,"name":"Portada","item":"https:\/\/thediplomatinspain.com\/en\/"},{"@type":"ListItem","position":2,"name":"Central American Embassies celebrate 202nd anniversary of their independence"}]},{"@type":"WebSite","@id":"https:\/\/thediplomatinspain.com\/#website","url":"https:\/\/thediplomatinspain.com\/","name":"thediplomatinspain.com","description":"Diario digital de referencia para diplom\u00e1ticos y empresas","publisher":{"@id":"https:\/\/thediplomatinspain.com\/#organization"},"potentialAction":[{"@type":"SearchAction","target":{"@type":"EntryPoint","urlTemplate":"https:\/\/thediplomatinspain.com\/?s={search_term_string}"},"query-input":{"@type":"PropertyValueSpecification","valueRequired":true,"valueName":"search_term_string"}}],"inLanguage":"en-US"},{"@type":"Organization","@id":"https:\/\/thediplomatinspain.com\/#organization","name":"thediplomatinspain.com","url":"https:\/\/thediplomatinspain.com\/","logo":{"@type":"ImageObject","inLanguage":"en-US","@id":"https:\/\/thediplomatinspain.com\/#\/schema\/logo\/image\/","url":"https:\/\/thediplomatinspain.com\/wp-content\/uploads\/2024\/06\/logo_the_diplomat.png","contentUrl":"https:\/\/thediplomatinspain.com\/wp-content\/uploads\/2024\/06\/logo_the_diplomat.png","width":284,"height":77,"caption":"thediplomatinspain.com"},"image":{"@id":"https:\/\/thediplomatinspain.com\/#\/schema\/logo\/image\/"},"sameAs":["https:\/\/www.facebook.com\/thediplomatinspain","https:\/\/x.com\/diplomatinspain","https:\/\/www.youtube.com\/channel\/UCK0mRqeeZDKdFeiFQZLcH2A"]},{"@type":"Person","@id":"https:\/\/thediplomatinspain.com\/#\/schema\/person\/90d9b3004c2822bcbe64082dad885a9c","name":"Redacci\u00f3n","image":{"@type":"ImageObject","inLanguage":"en-US","@id":"https:\/\/secure.gravatar.com\/avatar\/6be270e1c81317331dd99c1537c17b9683039795b5a956c595769bfada5e7067?s=96&d=mm&r=g","url":"https:\/\/secure.gravatar.com\/avatar\/6be270e1c81317331dd99c1537c17b9683039795b5a956c595769bfada5e7067?s=96&d=mm&r=g","contentUrl":"https:\/\/secure.gravatar.com\/avatar\/6be270e1c81317331dd99c1537c17b9683039795b5a956c595769bfada5e7067?s=96&d=mm&r=g","caption":"Redacci\u00f3n"},"sameAs":["https:\/\/thediplomatinspain.com\/"],"url":"https:\/\/thediplomatinspain.com\/en\/author\/soportecibeles\/"},{"@type":["Organization","NewsMediaOrganization"],"@id":"https:\/\/thediplomatinspain.com\/en\/#organization"},{"@type":"SiteNavigationElement","@id":"https:\/\/thediplomatinspain.com\/en\/#site-navigation","cssSelector":[".cib-main-menu"]},{"@type":"WPHeader","@id":"https:\/\/thediplomatinspain.com\/en\/#header","cssSelector":[".cib-header"]},{"@type":"WPFooter","@id":"https:\/\/thediplomatinspain.com\/en\/#footer","cssSelector":[".cib-footer"]}]}},"amp_enabled":true,"_links":{"self":[{"href":"https:\/\/thediplomatinspain.com\/en\/wp-json\/wp\/v2\/posts\/80945","targetHints":{"allow":["GET"]}}],"collection":[{"href":"https:\/\/thediplomatinspain.com\/en\/wp-json\/wp\/v2\/posts"}],"about":[{"href":"https:\/\/thediplomatinspain.com\/en\/wp-json\/wp\/v2\/types\/post"}],"author":[{"embeddable":true,"href":"https:\/\/thediplomatinspain.com\/en\/wp-json\/wp\/v2\/users\/1"}],"replies":[{"embeddable":true,"href":"https:\/\/thediplomatinspain.com\/en\/wp-json\/wp\/v2\/comments?post=80945"}],"version-history":[{"count":0,"href":"https:\/\/thediplomatinspain.com\/en\/wp-json\/wp\/v2\/posts\/80945\/revisions"}],"wp:featuredmedia":[{"embeddable":true,"href":"https:\/\/thediplomatinspain.com\/en\/wp-json\/wp\/v2\/media\/52574"}],"wp:attachment":[{"href":"https:\/\/thediplomatinspain.com\/en\/wp-json\/wp\/v2\/media?parent=80945"}],"wp:term":[{"taxonomy":"category","embeddable":true,"href":"https:\/\/thediplomatinspain.com\/en\/wp-json\/wp\/v2\/categories?post=80945"},{"taxonomy":"post_tag","embeddable":true,"href":"https:\/\/thediplomatinspain.com\/en\/wp-json\/wp\/v2\/tags?post=80945"}],"curies":[{"name":"wp","href":"https:\/\/api.w.org\/{rel}","templated":true}]}}