{"id":80771,"date":"2023-08-23T04:10:13","date_gmt":"2023-08-23T02:10:13","guid":{"rendered":"https:\/\/zen-hopper.82-223-81-17.plesk.page\/2023\/08\/23\/the-king-proposes-feijoo-as-candidate-for-investiture\/"},"modified":"2023-08-23T04:10:13","modified_gmt":"2023-08-23T02:10:13","slug":"the-king-proposes-feijoo-as-candidate-for-investiture","status":"publish","type":"post","link":"https:\/\/thediplomatinspain.com\/en\/2023\/08\/23\/the-king-proposes-feijoo-as-candidate-for-investiture\/","title":{"rendered":"The King proposes Feij\u00f3o as candidate for investiture"},"content":{"rendered":"<h6><strong>The Diplomat<\/strong><\/h6>\n<p>&nbsp;<\/p>\n<h4><strong>His Majesty the King decided yesterday to propose the President of the PP, Alberto N\u00fa\u00f1ez Feij\u00f3o, for the investiture debate as President of the Government, following the round of consultations he held on Monday and Tuesday with the seven parties in Congress that wished to come to the Zarzuela Palace.<\/strong><\/h4>\n<p>&nbsp;<\/p>\n<p>For the first time, the Head of State has faced the unprecedented situation of having two aspirants to be nominated: Alberto N\u00fa\u00f1ez Feij\u00f3o, who won the 23 July elections and who has the committed support of 172 deputies from four parties (PP, Vox, CC and UPN), and the Socialist Pedro S\u00e1nchez, who sees himself capable of weaving alliances to achieve an absolute majority like the one that allowed him to control the Bureau of Congress a week ago. The secretary general of the PSOE, Pedro S\u00e1nchez, has 152 seats (PSOE and Sumar) and must sew pacts to achieve a majority.<\/p>\n<p>&nbsp;<\/p>\n<p>The Monarch listened to the positions of UPN, Coalici\u00f3n Canaria, PNV, Sumar, Vox, PSOE and Partido Popular, but not those of Esquerra Republicana de Catalunya, Junts per Catalunya, EH Bildu and BNG, who decided not to attend, so they have not formally conveyed what their position will be.<\/p>\n<p>&nbsp;<\/p>\n<p>After the round of consultations, yesterday afternoon,<strong> the King summoned the President of Congress, Francina Armengol, to the Zarzuela to inform her of his decision<\/strong> to propose Feij\u00f3o.<\/p>\n<p>&nbsp;<\/p>\n<p><strong>The Royal Household<\/strong> issued a statement <strong>detailing the reasons for Felipe VI&#8217;s decision: &#8220;The Partido Popular has been the political group that has obtained the largest number of seats in the last elections of 23 July<\/strong>. In this regard, it should be noted that, except in Legislature XI, in all the general elections held since the Constitution came into force, the candidate of the political group that has obtained the largest number of seats has been the first to be proposed by His Majesty the King as candidate for the Presidency of the Government. This practice has become customary over the years&#8221;.<\/p>\n<p>&nbsp;<\/p>\n<p>In any case, Zarzuela stresses that, if Feij\u00f3o does not achieve a sufficient majority to be invested, as the positions expressed by the different parties suggest, &#8220;the King will process successive proposals in the manner provided for in article 99 of the Constitution&#8221; and, if none of them is successful, the Cortes will be dissolved within two months in order to call new elections.<\/p>\n<p>&nbsp;<\/p>\n<p><strong>Feij\u00f3o thanked the King for his appointment<\/strong> and wrote on his X account: &#8220;We will give a voice to the more than 11 million citizens who want change, stability and moderation with a government that defends the equality of all Spaniards&#8221;.<\/p>\n<p>&nbsp;<\/p>\n<p><strong>Armengol announced that she will contact Alberto N\u00fa\u00f1ez Feij\u00f3o to find out his opinion and preferences<\/strong> for setting the date of the investiture debate. In any case, she understands that it is now time for him to start talks with other groups in search of support.<\/p>\n<p>&nbsp;<\/p>\n<p><strong>The PP leader has already stated that he considers it too soon to hold the investiture debate next week<\/strong> because he must first open a round of talks with the parliamentary groups, which will not be properly constituted until next Monday, when a meeting of the Congressional Bureau is scheduled to take place.<\/p>\n<p>&nbsp;<\/p>\n<p>The investiture debate could therefore be held at the earliest by the end of August or the first week of September.<\/p>\n<p>&nbsp;<\/p>\n<p>If the Congress of Deputies, by an absolute majority, grants its confidence to the proposed candidate, the King will appoint him president, a situation that seems complicated with Alberto N\u00fa\u00f1ez Feij\u00f3o. If this is not the case, the same proposal must be put to a new vote 48 hours later, and confidence will be granted if the candidate obtains a simple majority.<\/p>\n<p>&nbsp;<\/p>\n<p>If the investiture is achieved at the first attempt, the new president could take office on 8 September and immediately appoint his or her ministers. The Solemn Session of the Opening of the Legislature, presided over by the King, could be held in October.<\/p>\n<p>&nbsp;<\/p>\n<p>&nbsp;<\/p>\n","protected":false},"excerpt":{"rendered":"<p>His Majesty the King decided yesterday to propose the President of the PP, Alberto N\u00fa\u00f1ez Feij\u00f3o, for the investiture debate as President of the Government,<\/p>\n","protected":false},"author":1,"featured_media":52378,"comment_status":"open","ping_status":"open","sticky":false,"template":"","format":"standard","meta":{"jnews-multi-image_gallery":[],"jnews_single_post":[],"jnews_primary_category":[],"jnews_social_meta":[],"jnews_override_counter":[],"jnews_post_split":[],"footnotes":""},"categories":[106,158,159,160],"tags":[],"class_list":["post-80771","post","type-post","status-publish","format-standard","has-post-thumbnail","hentry","category-frontpage","category-frontpage-en","category-news","category-spain-en"],"yoast_head":"<!-- This site is optimized with the Yoast SEO plugin v27.4 - https:\/\/yoast.com\/product\/yoast-seo-wordpress\/ -->\n<title>The King proposes Feij\u00f3o as candidate for investiture - thediplomatinspain.com<\/title>\n<meta name=\"robots\" content=\"index, follow, max-snippet:-1, max-image-preview:large, max-video-preview:-1\" \/>\n<link rel=\"canonical\" href=\"https:\/\/thediplomatinspain.com\/en\/2023\/08\/23\/the-king-proposes-feijoo-as-candidate-for-investiture\/\" \/>\n<meta property=\"og:locale\" content=\"en_US\" \/>\n<meta property=\"og:type\" content=\"article\" \/>\n<meta property=\"og:title\" content=\"The King proposes Feij\u00f3o as candidate for investiture - thediplomatinspain.com\" \/>\n<meta property=\"og:description\" content=\"His Majesty the King decided yesterday to propose the President of the PP, Alberto N\u00fa\u00f1ez Feij\u00f3o, for the investiture debate as President of the Government,\" \/>\n<meta property=\"og:url\" content=\"https:\/\/thediplomatinspain.com\/en\/2023\/08\/23\/the-king-proposes-feijoo-as-candidate-for-investiture\/\" \/>\n<meta property=\"og:site_name\" content=\"thediplomatinspain.com\" \/>\n<meta property=\"article:publisher\" content=\"https:\/\/www.facebook.com\/thediplomatinspain\" \/>\n<meta property=\"article:published_time\" content=\"2023-08-23T02:10:13+00:00\" \/>\n<meta property=\"og:image\" content=\"https:\/\/thediplomatinspain.com\/wp-content\/uploads\/2024\/05\/Rey-Felipe-Feijoo.jpg\" \/>\n\t<meta property=\"og:image:width\" content=\"750\" \/>\n\t<meta property=\"og:image:height\" content=\"422\" \/>\n\t<meta property=\"og:image:type\" content=\"image\/jpeg\" \/>\n<meta name=\"author\" content=\"Redacci\u00f3n\" \/>\n<meta name=\"twitter:card\" content=\"summary_large_image\" \/>\n<meta name=\"twitter:creator\" content=\"@diplomatinspain\" \/>\n<meta name=\"twitter:site\" content=\"@diplomatinspain\" \/>\n<meta name=\"twitter:label1\" content=\"Written by\" \/>\n\t<meta name=\"twitter:data1\" content=\"Redacci\u00f3n\" \/>\n\t<meta name=\"twitter:label2\" content=\"Est. reading time\" \/>\n\t<meta name=\"twitter:data2\" content=\"3 minutes\" \/>\n<script type=\"application\/ld+json\" class=\"yoast-schema-graph\">{\"@context\":\"https:\\\/\\\/schema.org\",\"@graph\":[{\"@type\":\"Article\",\"@id\":\"https:\\\/\\\/thediplomatinspain.com\\\/en\\\/2023\\\/08\\\/23\\\/the-king-proposes-feijoo-as-candidate-for-investiture\\\/#article\",\"isPartOf\":{\"@id\":\"https:\\\/\\\/thediplomatinspain.com\\\/en\\\/2023\\\/08\\\/23\\\/the-king-proposes-feijoo-as-candidate-for-investiture\\\/\"},\"author\":{\"name\":\"Redacci\u00f3n\",\"@id\":\"https:\\\/\\\/thediplomatinspain.com\\\/#\\\/schema\\\/person\\\/90d9b3004c2822bcbe64082dad885a9c\"},\"headline\":\"The King proposes Feij\u00f3o as candidate for investiture\",\"datePublished\":\"2023-08-23T02:10:13+00:00\",\"mainEntityOfPage\":{\"@id\":\"https:\\\/\\\/thediplomatinspain.com\\\/en\\\/2023\\\/08\\\/23\\\/the-king-proposes-feijoo-as-candidate-for-investiture\\\/\"},\"wordCount\":691,\"commentCount\":0,\"publisher\":{\"@id\":\"https:\\\/\\\/thediplomatinspain.com\\\/#organization\"},\"image\":{\"@id\":\"https:\\\/\\\/thediplomatinspain.com\\\/en\\\/2023\\\/08\\\/23\\\/the-king-proposes-feijoo-as-candidate-for-investiture\\\/#primaryimage\"},\"thumbnailUrl\":\"https:\\\/\\\/thediplomatinspain.com\\\/wp-content\\\/uploads\\\/2024\\\/05\\\/Rey-Felipe-Feijoo.jpg\",\"articleSection\":[\"Frontpage\",\"Frontpage\",\"News\",\"Spain\"],\"inLanguage\":\"en-US\",\"potentialAction\":[{\"@type\":\"CommentAction\",\"name\":\"Comment\",\"target\":[\"https:\\\/\\\/thediplomatinspain.com\\\/en\\\/2023\\\/08\\\/23\\\/the-king-proposes-feijoo-as-candidate-for-investiture\\\/#respond\"]}]},{\"@type\":\"WebPage\",\"@id\":\"https:\\\/\\\/thediplomatinspain.com\\\/en\\\/2023\\\/08\\\/23\\\/the-king-proposes-feijoo-as-candidate-for-investiture\\\/\",\"url\":\"https:\\\/\\\/thediplomatinspain.com\\\/en\\\/2023\\\/08\\\/23\\\/the-king-proposes-feijoo-as-candidate-for-investiture\\\/\",\"name\":\"The King proposes Feij\u00f3o as candidate for investiture - thediplomatinspain.com\",\"isPartOf\":{\"@id\":\"https:\\\/\\\/thediplomatinspain.com\\\/#website\"},\"primaryImageOfPage\":{\"@id\":\"https:\\\/\\\/thediplomatinspain.com\\\/en\\\/2023\\\/08\\\/23\\\/the-king-proposes-feijoo-as-candidate-for-investiture\\\/#primaryimage\"},\"image\":{\"@id\":\"https:\\\/\\\/thediplomatinspain.com\\\/en\\\/2023\\\/08\\\/23\\\/the-king-proposes-feijoo-as-candidate-for-investiture\\\/#primaryimage\"},\"thumbnailUrl\":\"https:\\\/\\\/thediplomatinspain.com\\\/wp-content\\\/uploads\\\/2024\\\/05\\\/Rey-Felipe-Feijoo.jpg\",\"datePublished\":\"2023-08-23T02:10:13+00:00\",\"breadcrumb\":{\"@id\":\"https:\\\/\\\/thediplomatinspain.com\\\/en\\\/2023\\\/08\\\/23\\\/the-king-proposes-feijoo-as-candidate-for-investiture\\\/#breadcrumb\"},\"inLanguage\":\"en-US\",\"potentialAction\":[{\"@type\":\"ReadAction\",\"target\":[\"https:\\\/\\\/thediplomatinspain.com\\\/en\\\/2023\\\/08\\\/23\\\/the-king-proposes-feijoo-as-candidate-for-investiture\\\/\"]}]},{\"@type\":\"ImageObject\",\"inLanguage\":\"en-US\",\"@id\":\"https:\\\/\\\/thediplomatinspain.com\\\/en\\\/2023\\\/08\\\/23\\\/the-king-proposes-feijoo-as-candidate-for-investiture\\\/#primaryimage\",\"url\":\"https:\\\/\\\/thediplomatinspain.com\\\/wp-content\\\/uploads\\\/2024\\\/05\\\/Rey-Felipe-Feijoo.jpg\",\"contentUrl\":\"https:\\\/\\\/thediplomatinspain.com\\\/wp-content\\\/uploads\\\/2024\\\/05\\\/Rey-Felipe-Feijoo.jpg\",\"width\":750,\"height\":422,\"caption\":\"The King receives the greeting of Alberto N\u00fa\u00f1ez Feij\u00f3o, yesterday at the Zarzuela Palace \\\/ Photo: Casa de SM el Rey\"},{\"@type\":\"BreadcrumbList\",\"@id\":\"https:\\\/\\\/thediplomatinspain.com\\\/en\\\/2023\\\/08\\\/23\\\/the-king-proposes-feijoo-as-candidate-for-investiture\\\/#breadcrumb\",\"itemListElement\":[{\"@type\":\"ListItem\",\"position\":1,\"name\":\"Portada\",\"item\":\"https:\\\/\\\/thediplomatinspain.com\\\/en\\\/\"},{\"@type\":\"ListItem\",\"position\":2,\"name\":\"The King proposes Feij\u00f3o as candidate for investiture\"}]},{\"@type\":\"WebSite\",\"@id\":\"https:\\\/\\\/thediplomatinspain.com\\\/#website\",\"url\":\"https:\\\/\\\/thediplomatinspain.com\\\/\",\"name\":\"thediplomatinspain.com\",\"description\":\"Diario digital de referencia para diplom\u00e1ticos y empresas\",\"publisher\":{\"@id\":\"https:\\\/\\\/thediplomatinspain.com\\\/#organization\"},\"potentialAction\":[{\"@type\":\"SearchAction\",\"target\":{\"@type\":\"EntryPoint\",\"urlTemplate\":\"https:\\\/\\\/thediplomatinspain.com\\\/?s={search_term_string}\"},\"query-input\":{\"@type\":\"PropertyValueSpecification\",\"valueRequired\":true,\"valueName\":\"search_term_string\"}}],\"inLanguage\":\"en-US\"},{\"@type\":\"Organization\",\"@id\":\"https:\\\/\\\/thediplomatinspain.com\\\/#organization\",\"name\":\"thediplomatinspain.com\",\"url\":\"https:\\\/\\\/thediplomatinspain.com\\\/\",\"logo\":{\"@type\":\"ImageObject\",\"inLanguage\":\"en-US\",\"@id\":\"https:\\\/\\\/thediplomatinspain.com\\\/#\\\/schema\\\/logo\\\/image\\\/\",\"url\":\"https:\\\/\\\/thediplomatinspain.com\\\/wp-content\\\/uploads\\\/2024\\\/06\\\/logo_the_diplomat.png\",\"contentUrl\":\"https:\\\/\\\/thediplomatinspain.com\\\/wp-content\\\/uploads\\\/2024\\\/06\\\/logo_the_diplomat.png\",\"width\":284,\"height\":77,\"caption\":\"thediplomatinspain.com\"},\"image\":{\"@id\":\"https:\\\/\\\/thediplomatinspain.com\\\/#\\\/schema\\\/logo\\\/image\\\/\"},\"sameAs\":[\"https:\\\/\\\/www.facebook.com\\\/thediplomatinspain\",\"https:\\\/\\\/x.com\\\/diplomatinspain\",\"https:\\\/\\\/www.youtube.com\\\/channel\\\/UCK0mRqeeZDKdFeiFQZLcH2A\"]},{\"@type\":\"Person\",\"@id\":\"https:\\\/\\\/thediplomatinspain.com\\\/#\\\/schema\\\/person\\\/90d9b3004c2822bcbe64082dad885a9c\",\"name\":\"Redacci\u00f3n\",\"image\":{\"@type\":\"ImageObject\",\"inLanguage\":\"en-US\",\"@id\":\"https:\\\/\\\/secure.gravatar.com\\\/avatar\\\/6be270e1c81317331dd99c1537c17b9683039795b5a956c595769bfada5e7067?s=96&d=mm&r=g\",\"url\":\"https:\\\/\\\/secure.gravatar.com\\\/avatar\\\/6be270e1c81317331dd99c1537c17b9683039795b5a956c595769bfada5e7067?s=96&d=mm&r=g\",\"contentUrl\":\"https:\\\/\\\/secure.gravatar.com\\\/avatar\\\/6be270e1c81317331dd99c1537c17b9683039795b5a956c595769bfada5e7067?s=96&d=mm&r=g\",\"caption\":\"Redacci\u00f3n\"},\"sameAs\":[\"https:\\\/\\\/thediplomatinspain.com\\\/\"],\"url\":\"https:\\\/\\\/thediplomatinspain.com\\\/en\\\/author\\\/soportecibeles\\\/\"},{\"@type\":[\"Organization\",\"NewsMediaOrganization\"],\"@id\":\"https:\\\/\\\/thediplomatinspain.com\\\/en\\\/#organization\"},{\"@type\":\"SiteNavigationElement\",\"@id\":\"https:\\\/\\\/thediplomatinspain.com\\\/en\\\/#site-navigation\",\"cssSelector\":[\".cib-main-menu\"]},{\"@type\":\"WPHeader\",\"@id\":\"https:\\\/\\\/thediplomatinspain.com\\\/en\\\/#header\",\"cssSelector\":[\".cib-header\"]},{\"@type\":\"WPFooter\",\"@id\":\"https:\\\/\\\/thediplomatinspain.com\\\/en\\\/#footer\",\"cssSelector\":[\".cib-footer\"]}]}<\/script>\n<!-- \/ Yoast SEO plugin. -->","yoast_head_json":{"title":"The King proposes Feij\u00f3o as candidate for investiture - thediplomatinspain.com","robots":{"index":"index","follow":"follow","max-snippet":"max-snippet:-1","max-image-preview":"max-image-preview:large","max-video-preview":"max-video-preview:-1"},"canonical":"https:\/\/thediplomatinspain.com\/en\/2023\/08\/23\/the-king-proposes-feijoo-as-candidate-for-investiture\/","og_locale":"en_US","og_type":"article","og_title":"The King proposes Feij\u00f3o as candidate for investiture - thediplomatinspain.com","og_description":"His Majesty the King decided yesterday to propose the President of the PP, Alberto N\u00fa\u00f1ez Feij\u00f3o, for the investiture debate as President of the Government,","og_url":"https:\/\/thediplomatinspain.com\/en\/2023\/08\/23\/the-king-proposes-feijoo-as-candidate-for-investiture\/","og_site_name":"thediplomatinspain.com","article_publisher":"https:\/\/www.facebook.com\/thediplomatinspain","article_published_time":"2023-08-23T02:10:13+00:00","og_image":[{"width":750,"height":422,"url":"https:\/\/thediplomatinspain.com\/wp-content\/uploads\/2024\/05\/Rey-Felipe-Feijoo.jpg","type":"image\/jpeg"}],"author":"Redacci\u00f3n","twitter_card":"summary_large_image","twitter_creator":"@diplomatinspain","twitter_site":"@diplomatinspain","twitter_misc":{"Written by":"Redacci\u00f3n","Est. reading time":"3 minutes"},"schema":{"@context":"https:\/\/schema.org","@graph":[{"@type":"Article","@id":"https:\/\/thediplomatinspain.com\/en\/2023\/08\/23\/the-king-proposes-feijoo-as-candidate-for-investiture\/#article","isPartOf":{"@id":"https:\/\/thediplomatinspain.com\/en\/2023\/08\/23\/the-king-proposes-feijoo-as-candidate-for-investiture\/"},"author":{"name":"Redacci\u00f3n","@id":"https:\/\/thediplomatinspain.com\/#\/schema\/person\/90d9b3004c2822bcbe64082dad885a9c"},"headline":"The King proposes Feij\u00f3o as candidate for investiture","datePublished":"2023-08-23T02:10:13+00:00","mainEntityOfPage":{"@id":"https:\/\/thediplomatinspain.com\/en\/2023\/08\/23\/the-king-proposes-feijoo-as-candidate-for-investiture\/"},"wordCount":691,"commentCount":0,"publisher":{"@id":"https:\/\/thediplomatinspain.com\/#organization"},"image":{"@id":"https:\/\/thediplomatinspain.com\/en\/2023\/08\/23\/the-king-proposes-feijoo-as-candidate-for-investiture\/#primaryimage"},"thumbnailUrl":"https:\/\/thediplomatinspain.com\/wp-content\/uploads\/2024\/05\/Rey-Felipe-Feijoo.jpg","articleSection":["Frontpage","Frontpage","News","Spain"],"inLanguage":"en-US","potentialAction":[{"@type":"CommentAction","name":"Comment","target":["https:\/\/thediplomatinspain.com\/en\/2023\/08\/23\/the-king-proposes-feijoo-as-candidate-for-investiture\/#respond"]}]},{"@type":"WebPage","@id":"https:\/\/thediplomatinspain.com\/en\/2023\/08\/23\/the-king-proposes-feijoo-as-candidate-for-investiture\/","url":"https:\/\/thediplomatinspain.com\/en\/2023\/08\/23\/the-king-proposes-feijoo-as-candidate-for-investiture\/","name":"The King proposes Feij\u00f3o as candidate for investiture - thediplomatinspain.com","isPartOf":{"@id":"https:\/\/thediplomatinspain.com\/#website"},"primaryImageOfPage":{"@id":"https:\/\/thediplomatinspain.com\/en\/2023\/08\/23\/the-king-proposes-feijoo-as-candidate-for-investiture\/#primaryimage"},"image":{"@id":"https:\/\/thediplomatinspain.com\/en\/2023\/08\/23\/the-king-proposes-feijoo-as-candidate-for-investiture\/#primaryimage"},"thumbnailUrl":"https:\/\/thediplomatinspain.com\/wp-content\/uploads\/2024\/05\/Rey-Felipe-Feijoo.jpg","datePublished":"2023-08-23T02:10:13+00:00","breadcrumb":{"@id":"https:\/\/thediplomatinspain.com\/en\/2023\/08\/23\/the-king-proposes-feijoo-as-candidate-for-investiture\/#breadcrumb"},"inLanguage":"en-US","potentialAction":[{"@type":"ReadAction","target":["https:\/\/thediplomatinspain.com\/en\/2023\/08\/23\/the-king-proposes-feijoo-as-candidate-for-investiture\/"]}]},{"@type":"ImageObject","inLanguage":"en-US","@id":"https:\/\/thediplomatinspain.com\/en\/2023\/08\/23\/the-king-proposes-feijoo-as-candidate-for-investiture\/#primaryimage","url":"https:\/\/thediplomatinspain.com\/wp-content\/uploads\/2024\/05\/Rey-Felipe-Feijoo.jpg","contentUrl":"https:\/\/thediplomatinspain.com\/wp-content\/uploads\/2024\/05\/Rey-Felipe-Feijoo.jpg","width":750,"height":422,"caption":"The King receives the greeting of Alberto N\u00fa\u00f1ez Feij\u00f3o, yesterday at the Zarzuela Palace \/ Photo: Casa de SM el Rey"},{"@type":"BreadcrumbList","@id":"https:\/\/thediplomatinspain.com\/en\/2023\/08\/23\/the-king-proposes-feijoo-as-candidate-for-investiture\/#breadcrumb","itemListElement":[{"@type":"ListItem","position":1,"name":"Portada","item":"https:\/\/thediplomatinspain.com\/en\/"},{"@type":"ListItem","position":2,"name":"The King proposes Feij\u00f3o as candidate for investiture"}]},{"@type":"WebSite","@id":"https:\/\/thediplomatinspain.com\/#website","url":"https:\/\/thediplomatinspain.com\/","name":"thediplomatinspain.com","description":"Diario digital de referencia para diplom\u00e1ticos y empresas","publisher":{"@id":"https:\/\/thediplomatinspain.com\/#organization"},"potentialAction":[{"@type":"SearchAction","target":{"@type":"EntryPoint","urlTemplate":"https:\/\/thediplomatinspain.com\/?s={search_term_string}"},"query-input":{"@type":"PropertyValueSpecification","valueRequired":true,"valueName":"search_term_string"}}],"inLanguage":"en-US"},{"@type":"Organization","@id":"https:\/\/thediplomatinspain.com\/#organization","name":"thediplomatinspain.com","url":"https:\/\/thediplomatinspain.com\/","logo":{"@type":"ImageObject","inLanguage":"en-US","@id":"https:\/\/thediplomatinspain.com\/#\/schema\/logo\/image\/","url":"https:\/\/thediplomatinspain.com\/wp-content\/uploads\/2024\/06\/logo_the_diplomat.png","contentUrl":"https:\/\/thediplomatinspain.com\/wp-content\/uploads\/2024\/06\/logo_the_diplomat.png","width":284,"height":77,"caption":"thediplomatinspain.com"},"image":{"@id":"https:\/\/thediplomatinspain.com\/#\/schema\/logo\/image\/"},"sameAs":["https:\/\/www.facebook.com\/thediplomatinspain","https:\/\/x.com\/diplomatinspain","https:\/\/www.youtube.com\/channel\/UCK0mRqeeZDKdFeiFQZLcH2A"]},{"@type":"Person","@id":"https:\/\/thediplomatinspain.com\/#\/schema\/person\/90d9b3004c2822bcbe64082dad885a9c","name":"Redacci\u00f3n","image":{"@type":"ImageObject","inLanguage":"en-US","@id":"https:\/\/secure.gravatar.com\/avatar\/6be270e1c81317331dd99c1537c17b9683039795b5a956c595769bfada5e7067?s=96&d=mm&r=g","url":"https:\/\/secure.gravatar.com\/avatar\/6be270e1c81317331dd99c1537c17b9683039795b5a956c595769bfada5e7067?s=96&d=mm&r=g","contentUrl":"https:\/\/secure.gravatar.com\/avatar\/6be270e1c81317331dd99c1537c17b9683039795b5a956c595769bfada5e7067?s=96&d=mm&r=g","caption":"Redacci\u00f3n"},"sameAs":["https:\/\/thediplomatinspain.com\/"],"url":"https:\/\/thediplomatinspain.com\/en\/author\/soportecibeles\/"},{"@type":["Organization","NewsMediaOrganization"],"@id":"https:\/\/thediplomatinspain.com\/en\/#organization"},{"@type":"SiteNavigationElement","@id":"https:\/\/thediplomatinspain.com\/en\/#site-navigation","cssSelector":[".cib-main-menu"]},{"@type":"WPHeader","@id":"https:\/\/thediplomatinspain.com\/en\/#header","cssSelector":[".cib-header"]},{"@type":"WPFooter","@id":"https:\/\/thediplomatinspain.com\/en\/#footer","cssSelector":[".cib-footer"]}]}},"amp_enabled":true,"_links":{"self":[{"href":"https:\/\/thediplomatinspain.com\/en\/wp-json\/wp\/v2\/posts\/80771","targetHints":{"allow":["GET"]}}],"collection":[{"href":"https:\/\/thediplomatinspain.com\/en\/wp-json\/wp\/v2\/posts"}],"about":[{"href":"https:\/\/thediplomatinspain.com\/en\/wp-json\/wp\/v2\/types\/post"}],"author":[{"embeddable":true,"href":"https:\/\/thediplomatinspain.com\/en\/wp-json\/wp\/v2\/users\/1"}],"replies":[{"embeddable":true,"href":"https:\/\/thediplomatinspain.com\/en\/wp-json\/wp\/v2\/comments?post=80771"}],"version-history":[{"count":0,"href":"https:\/\/thediplomatinspain.com\/en\/wp-json\/wp\/v2\/posts\/80771\/revisions"}],"wp:featuredmedia":[{"embeddable":true,"href":"https:\/\/thediplomatinspain.com\/en\/wp-json\/wp\/v2\/media\/52378"}],"wp:attachment":[{"href":"https:\/\/thediplomatinspain.com\/en\/wp-json\/wp\/v2\/media?parent=80771"}],"wp:term":[{"taxonomy":"category","embeddable":true,"href":"https:\/\/thediplomatinspain.com\/en\/wp-json\/wp\/v2\/categories?post=80771"},{"taxonomy":"post_tag","embeddable":true,"href":"https:\/\/thediplomatinspain.com\/en\/wp-json\/wp\/v2\/tags?post=80771"}],"curies":[{"name":"wp","href":"https:\/\/api.w.org\/{rel}","templated":true}]}}