{"id":80513,"date":"2023-07-13T04:04:52","date_gmt":"2023-07-13T02:04:52","guid":{"rendered":"https:\/\/zen-hopper.82-223-81-17.plesk.page\/2023\/07\/13\/boric-invites-zapatero-serrat-and-garzon-to-madrid-event-on-eve-of-50th-anniversary-of-pinochets-coup\/"},"modified":"2023-07-13T04:04:52","modified_gmt":"2023-07-13T02:04:52","slug":"boric-invites-zapatero-serrat-and-garzon-to-madrid-event-on-eve-of-50th-anniversary-of-pinochets-coup","status":"publish","type":"post","link":"https:\/\/thediplomatinspain.com\/en\/2023\/07\/13\/boric-invites-zapatero-serrat-and-garzon-to-madrid-event-on-eve-of-50th-anniversary-of-pinochets-coup\/","title":{"rendered":"Boric invites Zapatero, Serrat and Garz\u00f3n to Madrid event on eve of 50th anniversary of Pinochet&#8217;s coup"},"content":{"rendered":"<p>&nbsp;<\/p>\n<h6><strong>The Diplomat<\/strong><\/h6>\n<p>&nbsp;<\/p>\n<p><strong>The President of Chile, Gabriel Boric<\/strong>, who will arrive in Madrid this afternoon, plans to hold a cultural event at Casa Am\u00e9rica on Saturday, to which he has invited forme<strong>r Spanish Prime Minister Jos\u00e9 Luis Rodr\u00edguez Zapatero, singer Joan Manuel Serrat and former judge Baltasar Garz\u00f3n<\/strong>, among others, just a couple of months before the 50th anniversary of General Augusto Pinochet&#8217;s coup d&#8217;\u00e9tat in the South American country.<\/p>\n<p>&nbsp;<\/p>\n<p>Boric&#8217;s first trip to Europe is to Spain, where he <strong>will be received by His Majesty the King, who will offer him a lunch at the Zarzuela Palace, and by the Prime Minister, Pedro S\u00e1nchez<\/strong>, who is immersed in the campaign for the general elections on the 23rd. In the afternoon, Boric will chair a Spanish-Chilean business meeting at the CEOE headquarters.<\/p>\n<p>&nbsp;<\/p>\n<p>Before <strong>travelling to Brussels to attend the EU-CELAC Summit<\/strong>, the Chilean leader has called<strong> a cultural event, which will be held at Casa Am\u00e9rica<\/strong> and which, in a way, is part of the activities that Boric has programmed to condemn everything that represented the Pinochet coup perpetrated on 11 September 1972 in Chile, an event that is giving much to talk about in that country.<\/p>\n<p>&nbsp;<\/p>\n<p>Boric has invited Pedro S\u00e1nchez to the event, but it is not foreseeable that he will attend, given his election campaign commitments. It is more likely that some of the other guests will attend, such as<strong> former Prime Minister Jos\u00e9 Luis Rodr\u00edguez Zapatero; Spanish singer-songwriters Joan Manuel Serrat and Ismael Serrano; and former National Court judge Baltasar Garz\u00f3n,<\/strong> who in October 1998 issued <strong>an arrest warrant for Pinochet<\/strong>, who was in London, for crimes of genocide, international terrorism, torture and the disappearance of people.<\/p>\n<p>&nbsp;<\/p>\n<p>It is not unlikely that some prominent Podemos activists such as <strong>Pablo Iglesias and Irene Montero,<\/strong> with whom Boric has maintained close relations, will also attend the event.<\/p>\n<p>&nbsp;<\/p>\n<p>Other Ibero-American personalities from the world of culture have also been invited, such as the <strong>Nicaraguan writer Gioconda Belli<\/strong>, who accepted Chilean nationality after being stripped of hers by Daniel Ortega&#8217;s regime.<\/p>\n<p>&nbsp;<\/p>\n<p>&nbsp;<\/p>\n","protected":false},"excerpt":{"rendered":"<p>The President of Chile, Gabriel Boric, who will arrive in Madrid this afternoon, plans to hold a cultural event at Casa Am\u00e9rica on Saturday, to which he has invited<\/p>\n","protected":false},"author":1,"featured_media":52150,"comment_status":"open","ping_status":"open","sticky":false,"template":"","format":"standard","meta":{"jnews-multi-image_gallery":[],"jnews_single_post":[],"jnews_primary_category":[],"jnews_social_meta":[],"jnews_override_counter":[],"jnews_post_split":[],"footnotes":""},"categories":[159,182,165,186],"tags":[],"class_list":["post-80513","post","type-post","status-publish","format-standard","has-post-thumbnail","hentry","category-news","category-subscribers","category-the-bag-en","category-valija-diplomatica-2"],"yoast_head":"<!-- This site is optimized with the Yoast SEO plugin v27.4 - https:\/\/yoast.com\/product\/yoast-seo-wordpress\/ -->\n<title>Boric invites Zapatero, Serrat and Garz\u00f3n to Madrid event on eve of 50th anniversary of Pinochet&#039;s coup - thediplomatinspain.com<\/title>\n<meta name=\"robots\" content=\"index, follow, max-snippet:-1, max-image-preview:large, max-video-preview:-1\" \/>\n<link rel=\"canonical\" href=\"https:\/\/thediplomatinspain.com\/en\/2023\/07\/13\/boric-invites-zapatero-serrat-and-garzon-to-madrid-event-on-eve-of-50th-anniversary-of-pinochets-coup\/\" \/>\n<meta property=\"og:locale\" content=\"en_US\" \/>\n<meta property=\"og:type\" content=\"article\" \/>\n<meta property=\"og:title\" content=\"Boric invites Zapatero, Serrat and Garz\u00f3n to Madrid event on eve of 50th anniversary of Pinochet&#039;s coup - thediplomatinspain.com\" \/>\n<meta property=\"og:description\" content=\"The President of Chile, Gabriel Boric, who will arrive in Madrid this afternoon, plans to hold a cultural event at Casa Am\u00e9rica on Saturday, to which he has invited\" \/>\n<meta property=\"og:url\" content=\"https:\/\/thediplomatinspain.com\/en\/2023\/07\/13\/boric-invites-zapatero-serrat-and-garzon-to-madrid-event-on-eve-of-50th-anniversary-of-pinochets-coup\/\" \/>\n<meta property=\"og:site_name\" content=\"thediplomatinspain.com\" \/>\n<meta property=\"article:publisher\" content=\"https:\/\/www.facebook.com\/thediplomatinspain\" \/>\n<meta property=\"article:published_time\" content=\"2023-07-13T02:04:52+00:00\" \/>\n<meta property=\"og:image\" content=\"https:\/\/thediplomatinspain.com\/wp-content\/uploads\/2024\/05\/gabriel-boric.jpg\" \/>\n\t<meta property=\"og:image:width\" content=\"750\" \/>\n\t<meta property=\"og:image:height\" content=\"422\" \/>\n\t<meta property=\"og:image:type\" content=\"image\/jpeg\" \/>\n<meta name=\"author\" content=\"Redacci\u00f3n\" \/>\n<meta name=\"twitter:card\" content=\"summary_large_image\" \/>\n<meta name=\"twitter:creator\" content=\"@diplomatinspain\" \/>\n<meta name=\"twitter:site\" content=\"@diplomatinspain\" \/>\n<meta name=\"twitter:label1\" content=\"Written by\" \/>\n\t<meta name=\"twitter:data1\" content=\"Redacci\u00f3n\" \/>\n\t<meta name=\"twitter:label2\" content=\"Est. reading time\" \/>\n\t<meta name=\"twitter:data2\" content=\"2 minutes\" \/>\n<script type=\"application\/ld+json\" class=\"yoast-schema-graph\">{\"@context\":\"https:\\\/\\\/schema.org\",\"@graph\":[{\"@type\":\"Article\",\"@id\":\"https:\\\/\\\/thediplomatinspain.com\\\/en\\\/2023\\\/07\\\/13\\\/boric-invites-zapatero-serrat-and-garzon-to-madrid-event-on-eve-of-50th-anniversary-of-pinochets-coup\\\/#article\",\"isPartOf\":{\"@id\":\"https:\\\/\\\/thediplomatinspain.com\\\/en\\\/2023\\\/07\\\/13\\\/boric-invites-zapatero-serrat-and-garzon-to-madrid-event-on-eve-of-50th-anniversary-of-pinochets-coup\\\/\"},\"author\":{\"name\":\"Redacci\u00f3n\",\"@id\":\"https:\\\/\\\/thediplomatinspain.com\\\/#\\\/schema\\\/person\\\/90d9b3004c2822bcbe64082dad885a9c\"},\"headline\":\"Boric invites Zapatero, Serrat and Garz\u00f3n to Madrid event on eve of 50th anniversary of Pinochet&#8217;s coup\",\"datePublished\":\"2023-07-13T02:04:52+00:00\",\"mainEntityOfPage\":{\"@id\":\"https:\\\/\\\/thediplomatinspain.com\\\/en\\\/2023\\\/07\\\/13\\\/boric-invites-zapatero-serrat-and-garzon-to-madrid-event-on-eve-of-50th-anniversary-of-pinochets-coup\\\/\"},\"wordCount\":378,\"commentCount\":0,\"publisher\":{\"@id\":\"https:\\\/\\\/thediplomatinspain.com\\\/#organization\"},\"image\":{\"@id\":\"https:\\\/\\\/thediplomatinspain.com\\\/en\\\/2023\\\/07\\\/13\\\/boric-invites-zapatero-serrat-and-garzon-to-madrid-event-on-eve-of-50th-anniversary-of-pinochets-coup\\\/#primaryimage\"},\"thumbnailUrl\":\"https:\\\/\\\/thediplomatinspain.com\\\/wp-content\\\/uploads\\\/2024\\\/05\\\/gabriel-boric.jpg\",\"articleSection\":[\"News\",\"Subscribers\",\"The bag\",\"Valija Diplom\u00e1tica\"],\"inLanguage\":\"en-US\",\"potentialAction\":[{\"@type\":\"CommentAction\",\"name\":\"Comment\",\"target\":[\"https:\\\/\\\/thediplomatinspain.com\\\/en\\\/2023\\\/07\\\/13\\\/boric-invites-zapatero-serrat-and-garzon-to-madrid-event-on-eve-of-50th-anniversary-of-pinochets-coup\\\/#respond\"]}]},{\"@type\":\"WebPage\",\"@id\":\"https:\\\/\\\/thediplomatinspain.com\\\/en\\\/2023\\\/07\\\/13\\\/boric-invites-zapatero-serrat-and-garzon-to-madrid-event-on-eve-of-50th-anniversary-of-pinochets-coup\\\/\",\"url\":\"https:\\\/\\\/thediplomatinspain.com\\\/en\\\/2023\\\/07\\\/13\\\/boric-invites-zapatero-serrat-and-garzon-to-madrid-event-on-eve-of-50th-anniversary-of-pinochets-coup\\\/\",\"name\":\"Boric invites Zapatero, Serrat and Garz\u00f3n to Madrid event on eve of 50th anniversary of Pinochet's coup - thediplomatinspain.com\",\"isPartOf\":{\"@id\":\"https:\\\/\\\/thediplomatinspain.com\\\/#website\"},\"primaryImageOfPage\":{\"@id\":\"https:\\\/\\\/thediplomatinspain.com\\\/en\\\/2023\\\/07\\\/13\\\/boric-invites-zapatero-serrat-and-garzon-to-madrid-event-on-eve-of-50th-anniversary-of-pinochets-coup\\\/#primaryimage\"},\"image\":{\"@id\":\"https:\\\/\\\/thediplomatinspain.com\\\/en\\\/2023\\\/07\\\/13\\\/boric-invites-zapatero-serrat-and-garzon-to-madrid-event-on-eve-of-50th-anniversary-of-pinochets-coup\\\/#primaryimage\"},\"thumbnailUrl\":\"https:\\\/\\\/thediplomatinspain.com\\\/wp-content\\\/uploads\\\/2024\\\/05\\\/gabriel-boric.jpg\",\"datePublished\":\"2023-07-13T02:04:52+00:00\",\"breadcrumb\":{\"@id\":\"https:\\\/\\\/thediplomatinspain.com\\\/en\\\/2023\\\/07\\\/13\\\/boric-invites-zapatero-serrat-and-garzon-to-madrid-event-on-eve-of-50th-anniversary-of-pinochets-coup\\\/#breadcrumb\"},\"inLanguage\":\"en-US\",\"potentialAction\":[{\"@type\":\"ReadAction\",\"target\":[\"https:\\\/\\\/thediplomatinspain.com\\\/en\\\/2023\\\/07\\\/13\\\/boric-invites-zapatero-serrat-and-garzon-to-madrid-event-on-eve-of-50th-anniversary-of-pinochets-coup\\\/\"]}]},{\"@type\":\"ImageObject\",\"inLanguage\":\"en-US\",\"@id\":\"https:\\\/\\\/thediplomatinspain.com\\\/en\\\/2023\\\/07\\\/13\\\/boric-invites-zapatero-serrat-and-garzon-to-madrid-event-on-eve-of-50th-anniversary-of-pinochets-coup\\\/#primaryimage\",\"url\":\"https:\\\/\\\/thediplomatinspain.com\\\/wp-content\\\/uploads\\\/2024\\\/05\\\/gabriel-boric.jpg\",\"contentUrl\":\"https:\\\/\\\/thediplomatinspain.com\\\/wp-content\\\/uploads\\\/2024\\\/05\\\/gabriel-boric.jpg\",\"width\":750,\"height\":422,\"caption\":\"Official photograph of Gabriel Boric \\\/ Photo: Presidency\"},{\"@type\":\"BreadcrumbList\",\"@id\":\"https:\\\/\\\/thediplomatinspain.com\\\/en\\\/2023\\\/07\\\/13\\\/boric-invites-zapatero-serrat-and-garzon-to-madrid-event-on-eve-of-50th-anniversary-of-pinochets-coup\\\/#breadcrumb\",\"itemListElement\":[{\"@type\":\"ListItem\",\"position\":1,\"name\":\"Portada\",\"item\":\"https:\\\/\\\/thediplomatinspain.com\\\/en\\\/\"},{\"@type\":\"ListItem\",\"position\":2,\"name\":\"Boric invites Zapatero, Serrat and Garz\u00f3n to Madrid event on eve of 50th anniversary of Pinochet&#8217;s coup\"}]},{\"@type\":\"WebSite\",\"@id\":\"https:\\\/\\\/thediplomatinspain.com\\\/#website\",\"url\":\"https:\\\/\\\/thediplomatinspain.com\\\/\",\"name\":\"thediplomatinspain.com\",\"description\":\"Diario digital de referencia para diplom\u00e1ticos y empresas\",\"publisher\":{\"@id\":\"https:\\\/\\\/thediplomatinspain.com\\\/#organization\"},\"potentialAction\":[{\"@type\":\"SearchAction\",\"target\":{\"@type\":\"EntryPoint\",\"urlTemplate\":\"https:\\\/\\\/thediplomatinspain.com\\\/?s={search_term_string}\"},\"query-input\":{\"@type\":\"PropertyValueSpecification\",\"valueRequired\":true,\"valueName\":\"search_term_string\"}}],\"inLanguage\":\"en-US\"},{\"@type\":\"Organization\",\"@id\":\"https:\\\/\\\/thediplomatinspain.com\\\/#organization\",\"name\":\"thediplomatinspain.com\",\"url\":\"https:\\\/\\\/thediplomatinspain.com\\\/\",\"logo\":{\"@type\":\"ImageObject\",\"inLanguage\":\"en-US\",\"@id\":\"https:\\\/\\\/thediplomatinspain.com\\\/#\\\/schema\\\/logo\\\/image\\\/\",\"url\":\"https:\\\/\\\/thediplomatinspain.com\\\/wp-content\\\/uploads\\\/2024\\\/06\\\/logo_the_diplomat.png\",\"contentUrl\":\"https:\\\/\\\/thediplomatinspain.com\\\/wp-content\\\/uploads\\\/2024\\\/06\\\/logo_the_diplomat.png\",\"width\":284,\"height\":77,\"caption\":\"thediplomatinspain.com\"},\"image\":{\"@id\":\"https:\\\/\\\/thediplomatinspain.com\\\/#\\\/schema\\\/logo\\\/image\\\/\"},\"sameAs\":[\"https:\\\/\\\/www.facebook.com\\\/thediplomatinspain\",\"https:\\\/\\\/x.com\\\/diplomatinspain\",\"https:\\\/\\\/www.youtube.com\\\/channel\\\/UCK0mRqeeZDKdFeiFQZLcH2A\"]},{\"@type\":\"Person\",\"@id\":\"https:\\\/\\\/thediplomatinspain.com\\\/#\\\/schema\\\/person\\\/90d9b3004c2822bcbe64082dad885a9c\",\"name\":\"Redacci\u00f3n\",\"image\":{\"@type\":\"ImageObject\",\"inLanguage\":\"en-US\",\"@id\":\"https:\\\/\\\/secure.gravatar.com\\\/avatar\\\/6be270e1c81317331dd99c1537c17b9683039795b5a956c595769bfada5e7067?s=96&d=mm&r=g\",\"url\":\"https:\\\/\\\/secure.gravatar.com\\\/avatar\\\/6be270e1c81317331dd99c1537c17b9683039795b5a956c595769bfada5e7067?s=96&d=mm&r=g\",\"contentUrl\":\"https:\\\/\\\/secure.gravatar.com\\\/avatar\\\/6be270e1c81317331dd99c1537c17b9683039795b5a956c595769bfada5e7067?s=96&d=mm&r=g\",\"caption\":\"Redacci\u00f3n\"},\"sameAs\":[\"https:\\\/\\\/thediplomatinspain.com\\\/\"],\"url\":\"https:\\\/\\\/thediplomatinspain.com\\\/en\\\/author\\\/soportecibeles\\\/\"},{\"@type\":[\"Organization\",\"NewsMediaOrganization\"],\"@id\":\"https:\\\/\\\/thediplomatinspain.com\\\/en\\\/#organization\"},{\"@type\":\"SiteNavigationElement\",\"@id\":\"https:\\\/\\\/thediplomatinspain.com\\\/en\\\/#site-navigation\",\"cssSelector\":[\".cib-main-menu\"]},{\"@type\":\"WPHeader\",\"@id\":\"https:\\\/\\\/thediplomatinspain.com\\\/en\\\/#header\",\"cssSelector\":[\".cib-header\"]},{\"@type\":\"WPFooter\",\"@id\":\"https:\\\/\\\/thediplomatinspain.com\\\/en\\\/#footer\",\"cssSelector\":[\".cib-footer\"]}]}<\/script>\n<!-- \/ Yoast SEO plugin. -->","yoast_head_json":{"title":"Boric invites Zapatero, Serrat and Garz\u00f3n to Madrid event on eve of 50th anniversary of Pinochet's coup - thediplomatinspain.com","robots":{"index":"index","follow":"follow","max-snippet":"max-snippet:-1","max-image-preview":"max-image-preview:large","max-video-preview":"max-video-preview:-1"},"canonical":"https:\/\/thediplomatinspain.com\/en\/2023\/07\/13\/boric-invites-zapatero-serrat-and-garzon-to-madrid-event-on-eve-of-50th-anniversary-of-pinochets-coup\/","og_locale":"en_US","og_type":"article","og_title":"Boric invites Zapatero, Serrat and Garz\u00f3n to Madrid event on eve of 50th anniversary of Pinochet's coup - thediplomatinspain.com","og_description":"The President of Chile, Gabriel Boric, who will arrive in Madrid this afternoon, plans to hold a cultural event at Casa Am\u00e9rica on Saturday, to which he has invited","og_url":"https:\/\/thediplomatinspain.com\/en\/2023\/07\/13\/boric-invites-zapatero-serrat-and-garzon-to-madrid-event-on-eve-of-50th-anniversary-of-pinochets-coup\/","og_site_name":"thediplomatinspain.com","article_publisher":"https:\/\/www.facebook.com\/thediplomatinspain","article_published_time":"2023-07-13T02:04:52+00:00","og_image":[{"width":750,"height":422,"url":"https:\/\/thediplomatinspain.com\/wp-content\/uploads\/2024\/05\/gabriel-boric.jpg","type":"image\/jpeg"}],"author":"Redacci\u00f3n","twitter_card":"summary_large_image","twitter_creator":"@diplomatinspain","twitter_site":"@diplomatinspain","twitter_misc":{"Written by":"Redacci\u00f3n","Est. reading time":"2 minutes"},"schema":{"@context":"https:\/\/schema.org","@graph":[{"@type":"Article","@id":"https:\/\/thediplomatinspain.com\/en\/2023\/07\/13\/boric-invites-zapatero-serrat-and-garzon-to-madrid-event-on-eve-of-50th-anniversary-of-pinochets-coup\/#article","isPartOf":{"@id":"https:\/\/thediplomatinspain.com\/en\/2023\/07\/13\/boric-invites-zapatero-serrat-and-garzon-to-madrid-event-on-eve-of-50th-anniversary-of-pinochets-coup\/"},"author":{"name":"Redacci\u00f3n","@id":"https:\/\/thediplomatinspain.com\/#\/schema\/person\/90d9b3004c2822bcbe64082dad885a9c"},"headline":"Boric invites Zapatero, Serrat and Garz\u00f3n to Madrid event on eve of 50th anniversary of Pinochet&#8217;s coup","datePublished":"2023-07-13T02:04:52+00:00","mainEntityOfPage":{"@id":"https:\/\/thediplomatinspain.com\/en\/2023\/07\/13\/boric-invites-zapatero-serrat-and-garzon-to-madrid-event-on-eve-of-50th-anniversary-of-pinochets-coup\/"},"wordCount":378,"commentCount":0,"publisher":{"@id":"https:\/\/thediplomatinspain.com\/#organization"},"image":{"@id":"https:\/\/thediplomatinspain.com\/en\/2023\/07\/13\/boric-invites-zapatero-serrat-and-garzon-to-madrid-event-on-eve-of-50th-anniversary-of-pinochets-coup\/#primaryimage"},"thumbnailUrl":"https:\/\/thediplomatinspain.com\/wp-content\/uploads\/2024\/05\/gabriel-boric.jpg","articleSection":["News","Subscribers","The bag","Valija Diplom\u00e1tica"],"inLanguage":"en-US","potentialAction":[{"@type":"CommentAction","name":"Comment","target":["https:\/\/thediplomatinspain.com\/en\/2023\/07\/13\/boric-invites-zapatero-serrat-and-garzon-to-madrid-event-on-eve-of-50th-anniversary-of-pinochets-coup\/#respond"]}]},{"@type":"WebPage","@id":"https:\/\/thediplomatinspain.com\/en\/2023\/07\/13\/boric-invites-zapatero-serrat-and-garzon-to-madrid-event-on-eve-of-50th-anniversary-of-pinochets-coup\/","url":"https:\/\/thediplomatinspain.com\/en\/2023\/07\/13\/boric-invites-zapatero-serrat-and-garzon-to-madrid-event-on-eve-of-50th-anniversary-of-pinochets-coup\/","name":"Boric invites Zapatero, Serrat and Garz\u00f3n to Madrid event on eve of 50th anniversary of Pinochet's coup - thediplomatinspain.com","isPartOf":{"@id":"https:\/\/thediplomatinspain.com\/#website"},"primaryImageOfPage":{"@id":"https:\/\/thediplomatinspain.com\/en\/2023\/07\/13\/boric-invites-zapatero-serrat-and-garzon-to-madrid-event-on-eve-of-50th-anniversary-of-pinochets-coup\/#primaryimage"},"image":{"@id":"https:\/\/thediplomatinspain.com\/en\/2023\/07\/13\/boric-invites-zapatero-serrat-and-garzon-to-madrid-event-on-eve-of-50th-anniversary-of-pinochets-coup\/#primaryimage"},"thumbnailUrl":"https:\/\/thediplomatinspain.com\/wp-content\/uploads\/2024\/05\/gabriel-boric.jpg","datePublished":"2023-07-13T02:04:52+00:00","breadcrumb":{"@id":"https:\/\/thediplomatinspain.com\/en\/2023\/07\/13\/boric-invites-zapatero-serrat-and-garzon-to-madrid-event-on-eve-of-50th-anniversary-of-pinochets-coup\/#breadcrumb"},"inLanguage":"en-US","potentialAction":[{"@type":"ReadAction","target":["https:\/\/thediplomatinspain.com\/en\/2023\/07\/13\/boric-invites-zapatero-serrat-and-garzon-to-madrid-event-on-eve-of-50th-anniversary-of-pinochets-coup\/"]}]},{"@type":"ImageObject","inLanguage":"en-US","@id":"https:\/\/thediplomatinspain.com\/en\/2023\/07\/13\/boric-invites-zapatero-serrat-and-garzon-to-madrid-event-on-eve-of-50th-anniversary-of-pinochets-coup\/#primaryimage","url":"https:\/\/thediplomatinspain.com\/wp-content\/uploads\/2024\/05\/gabriel-boric.jpg","contentUrl":"https:\/\/thediplomatinspain.com\/wp-content\/uploads\/2024\/05\/gabriel-boric.jpg","width":750,"height":422,"caption":"Official photograph of Gabriel Boric \/ Photo: Presidency"},{"@type":"BreadcrumbList","@id":"https:\/\/thediplomatinspain.com\/en\/2023\/07\/13\/boric-invites-zapatero-serrat-and-garzon-to-madrid-event-on-eve-of-50th-anniversary-of-pinochets-coup\/#breadcrumb","itemListElement":[{"@type":"ListItem","position":1,"name":"Portada","item":"https:\/\/thediplomatinspain.com\/en\/"},{"@type":"ListItem","position":2,"name":"Boric invites Zapatero, Serrat and Garz\u00f3n to Madrid event on eve of 50th anniversary of Pinochet&#8217;s coup"}]},{"@type":"WebSite","@id":"https:\/\/thediplomatinspain.com\/#website","url":"https:\/\/thediplomatinspain.com\/","name":"thediplomatinspain.com","description":"Diario digital de referencia para diplom\u00e1ticos y empresas","publisher":{"@id":"https:\/\/thediplomatinspain.com\/#organization"},"potentialAction":[{"@type":"SearchAction","target":{"@type":"EntryPoint","urlTemplate":"https:\/\/thediplomatinspain.com\/?s={search_term_string}"},"query-input":{"@type":"PropertyValueSpecification","valueRequired":true,"valueName":"search_term_string"}}],"inLanguage":"en-US"},{"@type":"Organization","@id":"https:\/\/thediplomatinspain.com\/#organization","name":"thediplomatinspain.com","url":"https:\/\/thediplomatinspain.com\/","logo":{"@type":"ImageObject","inLanguage":"en-US","@id":"https:\/\/thediplomatinspain.com\/#\/schema\/logo\/image\/","url":"https:\/\/thediplomatinspain.com\/wp-content\/uploads\/2024\/06\/logo_the_diplomat.png","contentUrl":"https:\/\/thediplomatinspain.com\/wp-content\/uploads\/2024\/06\/logo_the_diplomat.png","width":284,"height":77,"caption":"thediplomatinspain.com"},"image":{"@id":"https:\/\/thediplomatinspain.com\/#\/schema\/logo\/image\/"},"sameAs":["https:\/\/www.facebook.com\/thediplomatinspain","https:\/\/x.com\/diplomatinspain","https:\/\/www.youtube.com\/channel\/UCK0mRqeeZDKdFeiFQZLcH2A"]},{"@type":"Person","@id":"https:\/\/thediplomatinspain.com\/#\/schema\/person\/90d9b3004c2822bcbe64082dad885a9c","name":"Redacci\u00f3n","image":{"@type":"ImageObject","inLanguage":"en-US","@id":"https:\/\/secure.gravatar.com\/avatar\/6be270e1c81317331dd99c1537c17b9683039795b5a956c595769bfada5e7067?s=96&d=mm&r=g","url":"https:\/\/secure.gravatar.com\/avatar\/6be270e1c81317331dd99c1537c17b9683039795b5a956c595769bfada5e7067?s=96&d=mm&r=g","contentUrl":"https:\/\/secure.gravatar.com\/avatar\/6be270e1c81317331dd99c1537c17b9683039795b5a956c595769bfada5e7067?s=96&d=mm&r=g","caption":"Redacci\u00f3n"},"sameAs":["https:\/\/thediplomatinspain.com\/"],"url":"https:\/\/thediplomatinspain.com\/en\/author\/soportecibeles\/"},{"@type":["Organization","NewsMediaOrganization"],"@id":"https:\/\/thediplomatinspain.com\/en\/#organization"},{"@type":"SiteNavigationElement","@id":"https:\/\/thediplomatinspain.com\/en\/#site-navigation","cssSelector":[".cib-main-menu"]},{"@type":"WPHeader","@id":"https:\/\/thediplomatinspain.com\/en\/#header","cssSelector":[".cib-header"]},{"@type":"WPFooter","@id":"https:\/\/thediplomatinspain.com\/en\/#footer","cssSelector":[".cib-footer"]}]}},"amp_enabled":true,"_links":{"self":[{"href":"https:\/\/thediplomatinspain.com\/en\/wp-json\/wp\/v2\/posts\/80513","targetHints":{"allow":["GET"]}}],"collection":[{"href":"https:\/\/thediplomatinspain.com\/en\/wp-json\/wp\/v2\/posts"}],"about":[{"href":"https:\/\/thediplomatinspain.com\/en\/wp-json\/wp\/v2\/types\/post"}],"author":[{"embeddable":true,"href":"https:\/\/thediplomatinspain.com\/en\/wp-json\/wp\/v2\/users\/1"}],"replies":[{"embeddable":true,"href":"https:\/\/thediplomatinspain.com\/en\/wp-json\/wp\/v2\/comments?post=80513"}],"version-history":[{"count":0,"href":"https:\/\/thediplomatinspain.com\/en\/wp-json\/wp\/v2\/posts\/80513\/revisions"}],"wp:featuredmedia":[{"embeddable":true,"href":"https:\/\/thediplomatinspain.com\/en\/wp-json\/wp\/v2\/media\/52150"}],"wp:attachment":[{"href":"https:\/\/thediplomatinspain.com\/en\/wp-json\/wp\/v2\/media?parent=80513"}],"wp:term":[{"taxonomy":"category","embeddable":true,"href":"https:\/\/thediplomatinspain.com\/en\/wp-json\/wp\/v2\/categories?post=80513"},{"taxonomy":"post_tag","embeddable":true,"href":"https:\/\/thediplomatinspain.com\/en\/wp-json\/wp\/v2\/tags?post=80513"}],"curies":[{"name":"wp","href":"https:\/\/api.w.org\/{rel}","templated":true}]}}