{"id":80157,"date":"2023-06-05T04:00:49","date_gmt":"2023-06-05T02:00:49","guid":{"rendered":"https:\/\/zen-hopper.82-223-81-17.plesk.page\/2023\/06\/05\/embassy-of-ireland-commemorates-the-good-friday-agreement-and-bloomsday\/"},"modified":"2023-06-05T04:00:49","modified_gmt":"2023-06-05T02:00:49","slug":"embassy-of-ireland-commemorates-the-good-friday-agreement-and-bloomsday","status":"publish","type":"post","link":"https:\/\/thediplomatinspain.com\/en\/2023\/06\/05\/embassy-of-ireland-commemorates-the-good-friday-agreement-and-bloomsday\/","title":{"rendered":"Embassy of Ireland commemorates the Good Friday Agreement and Bloomsday"},"content":{"rendered":"<p>&nbsp;<\/p>\n<p>The <strong>Embassy of Ireland,<\/strong> in conjunction with the <strong>British Embassy,<\/strong> is commemorating the <strong>25th anniversary of the Good Friday Agreement<\/strong> with a screening of the documentary <strong><em>Wave Goodbye to Dinosaurs,<\/em><\/strong> at the <strong>Centro cultural Casa de Vacas, <\/strong>tomorrow Tuesday at 7pm. This documentary shows the story of women in Northern Ireland who come together to form an all-female, cross-community political party, win seats at the negotiating table and fight to ensure that their policies around human rights, equality and inclusion are reflected in the Agreement. Please sign up for the event at the <a href=\"https:\/\/www.eventbrite.es\/e\/entradas-wave-goodbye-to-dinosaurs-25-aniversario-del-acuerdo-del-viernes-santo-647984066787\" target=\"_blank\" rel=\"noopener noreferrer\"><strong>Eventbrite<\/strong> <\/a>link.<\/p>\n<p>&nbsp;<\/p>\n<p>The <strong>Irish Embassy<\/strong> has also prepared a number of cultural events to mark the occasion, including a performance by Irish dance group <strong>Irish Treble<\/strong> with <strong>Celtas Cortos<\/strong> in <strong>Madrid<\/strong> (2 June), in <strong>Burgos<\/strong> with their show <em>Celtic Journey<\/em> (10 June) and in <strong>Murcia<\/strong> they will take part in the San Javier International Folklore Festival (24 June). For more information on all their concerts during the rest of the summer, check out their <a href=\"http:\/\/www.irishtreble.com\/\" target=\"_blank\" rel=\"noopener noreferrer\"><strong>website.<\/strong><\/a><\/p>\n<p>&nbsp;<\/p>\n<p>For its part, the <strong>Fundaci\u00f3n Casa de M\u00e9xico<\/strong> is hosting the exhibition <strong><em>El poeta y el artista. Seamus Heaney and Jan Hendrix in Yagul<\/em><\/strong> from 9 June to 10 September. See their <a href=\"https:\/\/www.casademexico.es\/exposicion\/el-poeta-y-el-artista-seamus-heaney-jan-hendrix-en-yagul\/\" target=\"_blank\" rel=\"noopener noreferrer\"><strong>website<\/strong> <\/a>for more information.<\/p>\n<p>&nbsp;<\/p>\n<p>The <strong>Yeats Society Madrid<\/strong> will hold an evening of poetry and music on Tuesday 13 June at 7 p.m. at the <strong>Richmond Park Performance School<\/strong> (Calle de la Costa Brava, 55).<\/p>\n<p>&nbsp;<\/p>\n<p>The Embassy is also participating in <strong>Photoespa\u00f1a<\/strong> this year with Framing Ireland, in collaboration with <strong>Tourism Ireland.<\/strong> This exhibition is a collection of street photography that shows real life in Ireland from a different and less common perspective, through the lens of four Irish photographers, <strong>Eamonn Doyle, Brendan \u00d3 S\u00e9, Jeanette Lowe <\/strong>and<strong> Terry McAuliffe. <\/strong>It will take place at <strong>B The Travel Brand <\/strong>(Calle Miguel \u00c1ngel, 33) and will be open from 15 June to 15 September.<\/p>\n<p>&nbsp;<\/p>\n<p>Meanwhile, <strong>Tourism Ireland<\/strong> is running a competition to win 3 pairs of tickets to see <strong>Sharon Corr<\/strong> in concert on Friday 23 June at <strong>Sala Clamores<\/strong> in Madrid at 9.30pm. More information on how to enter can be found on their website.<\/p>\n<p>&nbsp;<\/p>\n<p>The <strong>Centro de Estudios Iberoamericanos y Transatl\u00e1nticos FGUMA-UMA,<\/strong> through the <strong>Aula Mar\u00eda Zambrano de Estudios Transatl\u00e1nticos of the University of M\u00e1laga, <\/strong>announces a new edition of the <strong>Premios Hispano-Irlandeses del Aula Mar\u00eda Zambrano de Estudios Transatl\u00e1nticos,<\/strong> with the aim of promoting research and raising awareness of relations between the two countries in any academic and scientific field. These awards are aimed at teachers, students, journalists and researchers from all over the world and have a prize of 1,000 euros for the winning paper and a runner-up prize of 200 euros for the second best. The deadline for entries is 18 December 2023.<\/p>\n<p>&nbsp;<\/p>\n<p>Last but not least, the <strong>Provincial Historical Archive of C\u00e1diz<\/strong> has published an updated catalogue of the testamentary dispositions made by the important Irish colony residing in C\u00e1diz during the 18th century, a city which at that time had a monopoly on maritime trade between Spain and its American territories. Many of them participated as merchants in this activity. Others, however, dedicated themselves to other activities such as military careers, etc. There are a total of 1,091 testamentary dispositions, which can be consulted online at this <a href=\"https:\/\/www.juntadeandalucia.es\/cultura\/archivos\/web_es\/contenido?id=05b2fbf5-f617-11ed-8eb1-000ae4865a5f&amp;idArchivo=dd732ff4-58a3-11dd-b44b-31450f5b9dd5\" target=\"_blank\" rel=\"noopener noreferrer\"><strong>link.<\/strong><\/a><\/p>\n<p>&nbsp;<\/p>\n<p>And to celebrate <strong>Bloomsday in Spain,<\/strong> the Embassy has also prepared the following events:<\/p>\n<p>&#8211; The <strong>Bloomsday Society Madrid<\/strong> will celebrate Bloomsday on Wednesday 14 June at the <strong>Ateneo de Madrid,<\/strong> at 19:00. The evening will consist of readings and music by Joyce. For more information, email <a href=\"mailto:bloomsdaysociety@gmail.com\">bloomsdaysociety@gmail.com<\/a>.<\/p>\n<p>&nbsp;<\/p>\n<p>&#8211; The <strong>Asociaci\u00f3n Soy de la Cuesta and Turismo de Irlanda,<\/strong> in collaboration with the <strong>Asociaci\u00f3n de Comerciantes del Barrio de las Letras,<\/strong> will organise the <strong><em>II Madrid-Dublin Bloomsday<\/em><\/strong> on Friday 16 June. It will begin with a reading on the Cuesta de Moyano and artists such as comedian <strong>Joaqu\u00edn Reyes,<\/strong> singer <strong>Christina Rosenvinge, <\/strong>actor <strong>Jonathan D. Mellor,<\/strong> podcaster <strong>Nuria P\u00e9rez<\/strong> and writer <strong>Marcos Giralt Torrente <\/strong>will participate along the special route through the city. More information on this <strong><a href=\"https:\/\/www.ireland.com\/es-es\/features\/spain\/bloomsday-madrid\/\" target=\"_blank\" rel=\"noopener noreferrer\">link.<\/a><\/strong><\/p>\n<p>&nbsp;<\/p>\n<p>&nbsp;<\/p>\n","protected":false},"excerpt":{"rendered":"<p>The Embassy of Ireland, together with the British Embassy, commemorate the 25th anniversary of the Good Friday Agreement.<\/p>\n","protected":false},"author":1,"featured_media":51760,"comment_status":"open","ping_status":"open","sticky":false,"template":"","format":"standard","meta":{"jnews-multi-image_gallery":[],"jnews_single_post":[],"jnews_primary_category":[],"jnews_social_meta":[],"jnews_override_counter":[],"jnews_post_split":[],"footnotes":""},"categories":[178,176],"tags":[],"class_list":["post-80157","post","type-post","status-publish","format-standard","has-post-thumbnail","hentry","category-culture-art","category-leisure"],"yoast_head":"<!-- This site is optimized with the Yoast SEO plugin v27.4 - https:\/\/yoast.com\/product\/yoast-seo-wordpress\/ -->\n<title>Embassy of Ireland commemorates the Good Friday Agreement and Bloomsday - thediplomatinspain.com<\/title>\n<meta name=\"robots\" content=\"index, follow, max-snippet:-1, max-image-preview:large, max-video-preview:-1\" \/>\n<link rel=\"canonical\" href=\"https:\/\/thediplomatinspain.com\/en\/2023\/06\/05\/embassy-of-ireland-commemorates-the-good-friday-agreement-and-bloomsday\/\" \/>\n<meta property=\"og:locale\" content=\"en_US\" \/>\n<meta property=\"og:type\" content=\"article\" \/>\n<meta property=\"og:title\" content=\"Embassy of Ireland commemorates the Good Friday Agreement and Bloomsday - thediplomatinspain.com\" \/>\n<meta property=\"og:description\" content=\"The Embassy of Ireland, together with the British Embassy, commemorate the 25th anniversary of the Good Friday Agreement.\" \/>\n<meta property=\"og:url\" content=\"https:\/\/thediplomatinspain.com\/en\/2023\/06\/05\/embassy-of-ireland-commemorates-the-good-friday-agreement-and-bloomsday\/\" \/>\n<meta property=\"og:site_name\" content=\"thediplomatinspain.com\" \/>\n<meta property=\"article:publisher\" content=\"https:\/\/www.facebook.com\/thediplomatinspain\" \/>\n<meta property=\"article:published_time\" content=\"2023-06-05T02:00:49+00:00\" \/>\n<meta property=\"og:image\" content=\"https:\/\/thediplomatinspain.com\/wp-content\/uploads\/2024\/05\/Irlanda-wave-goodbye-to-dinosaurs-ok.jpg\" \/>\n\t<meta property=\"og:image:width\" content=\"220\" \/>\n\t<meta property=\"og:image:height\" content=\"314\" \/>\n\t<meta property=\"og:image:type\" content=\"image\/jpeg\" \/>\n<meta name=\"author\" content=\"Redacci\u00f3n\" \/>\n<meta name=\"twitter:card\" content=\"summary_large_image\" \/>\n<meta name=\"twitter:creator\" content=\"@diplomatinspain\" \/>\n<meta name=\"twitter:site\" content=\"@diplomatinspain\" \/>\n<meta name=\"twitter:label1\" content=\"Written by\" \/>\n\t<meta name=\"twitter:data1\" content=\"Redacci\u00f3n\" \/>\n\t<meta name=\"twitter:label2\" content=\"Est. reading time\" \/>\n\t<meta name=\"twitter:data2\" content=\"3 minutes\" \/>\n<script type=\"application\/ld+json\" class=\"yoast-schema-graph\">{\"@context\":\"https:\\\/\\\/schema.org\",\"@graph\":[{\"@type\":\"Article\",\"@id\":\"https:\\\/\\\/thediplomatinspain.com\\\/en\\\/2023\\\/06\\\/05\\\/embassy-of-ireland-commemorates-the-good-friday-agreement-and-bloomsday\\\/#article\",\"isPartOf\":{\"@id\":\"https:\\\/\\\/thediplomatinspain.com\\\/en\\\/2023\\\/06\\\/05\\\/embassy-of-ireland-commemorates-the-good-friday-agreement-and-bloomsday\\\/\"},\"author\":{\"name\":\"Redacci\u00f3n\",\"@id\":\"https:\\\/\\\/thediplomatinspain.com\\\/#\\\/schema\\\/person\\\/90d9b3004c2822bcbe64082dad885a9c\"},\"headline\":\"Embassy of Ireland commemorates the Good Friday Agreement and Bloomsday\",\"datePublished\":\"2023-06-05T02:00:49+00:00\",\"mainEntityOfPage\":{\"@id\":\"https:\\\/\\\/thediplomatinspain.com\\\/en\\\/2023\\\/06\\\/05\\\/embassy-of-ireland-commemorates-the-good-friday-agreement-and-bloomsday\\\/\"},\"wordCount\":690,\"commentCount\":0,\"publisher\":{\"@id\":\"https:\\\/\\\/thediplomatinspain.com\\\/#organization\"},\"image\":{\"@id\":\"https:\\\/\\\/thediplomatinspain.com\\\/en\\\/2023\\\/06\\\/05\\\/embassy-of-ireland-commemorates-the-good-friday-agreement-and-bloomsday\\\/#primaryimage\"},\"thumbnailUrl\":\"https:\\\/\\\/thediplomatinspain.com\\\/wp-content\\\/uploads\\\/2024\\\/05\\\/Irlanda-wave-goodbye-to-dinosaurs-ok.jpg\",\"articleSection\":[\"Culture &amp; Art\",\"Leisure\"],\"inLanguage\":\"en-US\",\"potentialAction\":[{\"@type\":\"CommentAction\",\"name\":\"Comment\",\"target\":[\"https:\\\/\\\/thediplomatinspain.com\\\/en\\\/2023\\\/06\\\/05\\\/embassy-of-ireland-commemorates-the-good-friday-agreement-and-bloomsday\\\/#respond\"]}]},{\"@type\":\"WebPage\",\"@id\":\"https:\\\/\\\/thediplomatinspain.com\\\/en\\\/2023\\\/06\\\/05\\\/embassy-of-ireland-commemorates-the-good-friday-agreement-and-bloomsday\\\/\",\"url\":\"https:\\\/\\\/thediplomatinspain.com\\\/en\\\/2023\\\/06\\\/05\\\/embassy-of-ireland-commemorates-the-good-friday-agreement-and-bloomsday\\\/\",\"name\":\"Embassy of Ireland commemorates the Good Friday Agreement and Bloomsday - thediplomatinspain.com\",\"isPartOf\":{\"@id\":\"https:\\\/\\\/thediplomatinspain.com\\\/#website\"},\"primaryImageOfPage\":{\"@id\":\"https:\\\/\\\/thediplomatinspain.com\\\/en\\\/2023\\\/06\\\/05\\\/embassy-of-ireland-commemorates-the-good-friday-agreement-and-bloomsday\\\/#primaryimage\"},\"image\":{\"@id\":\"https:\\\/\\\/thediplomatinspain.com\\\/en\\\/2023\\\/06\\\/05\\\/embassy-of-ireland-commemorates-the-good-friday-agreement-and-bloomsday\\\/#primaryimage\"},\"thumbnailUrl\":\"https:\\\/\\\/thediplomatinspain.com\\\/wp-content\\\/uploads\\\/2024\\\/05\\\/Irlanda-wave-goodbye-to-dinosaurs-ok.jpg\",\"datePublished\":\"2023-06-05T02:00:49+00:00\",\"breadcrumb\":{\"@id\":\"https:\\\/\\\/thediplomatinspain.com\\\/en\\\/2023\\\/06\\\/05\\\/embassy-of-ireland-commemorates-the-good-friday-agreement-and-bloomsday\\\/#breadcrumb\"},\"inLanguage\":\"en-US\",\"potentialAction\":[{\"@type\":\"ReadAction\",\"target\":[\"https:\\\/\\\/thediplomatinspain.com\\\/en\\\/2023\\\/06\\\/05\\\/embassy-of-ireland-commemorates-the-good-friday-agreement-and-bloomsday\\\/\"]}]},{\"@type\":\"ImageObject\",\"inLanguage\":\"en-US\",\"@id\":\"https:\\\/\\\/thediplomatinspain.com\\\/en\\\/2023\\\/06\\\/05\\\/embassy-of-ireland-commemorates-the-good-friday-agreement-and-bloomsday\\\/#primaryimage\",\"url\":\"https:\\\/\\\/thediplomatinspain.com\\\/wp-content\\\/uploads\\\/2024\\\/05\\\/Irlanda-wave-goodbye-to-dinosaurs-ok.jpg\",\"contentUrl\":\"https:\\\/\\\/thediplomatinspain.com\\\/wp-content\\\/uploads\\\/2024\\\/05\\\/Irlanda-wave-goodbye-to-dinosaurs-ok.jpg\",\"width\":220,\"height\":314},{\"@type\":\"BreadcrumbList\",\"@id\":\"https:\\\/\\\/thediplomatinspain.com\\\/en\\\/2023\\\/06\\\/05\\\/embassy-of-ireland-commemorates-the-good-friday-agreement-and-bloomsday\\\/#breadcrumb\",\"itemListElement\":[{\"@type\":\"ListItem\",\"position\":1,\"name\":\"Portada\",\"item\":\"https:\\\/\\\/thediplomatinspain.com\\\/en\\\/\"},{\"@type\":\"ListItem\",\"position\":2,\"name\":\"Embassy of Ireland commemorates the Good Friday Agreement and Bloomsday\"}]},{\"@type\":\"WebSite\",\"@id\":\"https:\\\/\\\/thediplomatinspain.com\\\/#website\",\"url\":\"https:\\\/\\\/thediplomatinspain.com\\\/\",\"name\":\"thediplomatinspain.com\",\"description\":\"Diario digital de referencia para diplom\u00e1ticos y empresas\",\"publisher\":{\"@id\":\"https:\\\/\\\/thediplomatinspain.com\\\/#organization\"},\"potentialAction\":[{\"@type\":\"SearchAction\",\"target\":{\"@type\":\"EntryPoint\",\"urlTemplate\":\"https:\\\/\\\/thediplomatinspain.com\\\/?s={search_term_string}\"},\"query-input\":{\"@type\":\"PropertyValueSpecification\",\"valueRequired\":true,\"valueName\":\"search_term_string\"}}],\"inLanguage\":\"en-US\"},{\"@type\":\"Organization\",\"@id\":\"https:\\\/\\\/thediplomatinspain.com\\\/#organization\",\"name\":\"thediplomatinspain.com\",\"url\":\"https:\\\/\\\/thediplomatinspain.com\\\/\",\"logo\":{\"@type\":\"ImageObject\",\"inLanguage\":\"en-US\",\"@id\":\"https:\\\/\\\/thediplomatinspain.com\\\/#\\\/schema\\\/logo\\\/image\\\/\",\"url\":\"https:\\\/\\\/thediplomatinspain.com\\\/wp-content\\\/uploads\\\/2024\\\/06\\\/logo_the_diplomat.png\",\"contentUrl\":\"https:\\\/\\\/thediplomatinspain.com\\\/wp-content\\\/uploads\\\/2024\\\/06\\\/logo_the_diplomat.png\",\"width\":284,\"height\":77,\"caption\":\"thediplomatinspain.com\"},\"image\":{\"@id\":\"https:\\\/\\\/thediplomatinspain.com\\\/#\\\/schema\\\/logo\\\/image\\\/\"},\"sameAs\":[\"https:\\\/\\\/www.facebook.com\\\/thediplomatinspain\",\"https:\\\/\\\/x.com\\\/diplomatinspain\",\"https:\\\/\\\/www.youtube.com\\\/channel\\\/UCK0mRqeeZDKdFeiFQZLcH2A\"]},{\"@type\":\"Person\",\"@id\":\"https:\\\/\\\/thediplomatinspain.com\\\/#\\\/schema\\\/person\\\/90d9b3004c2822bcbe64082dad885a9c\",\"name\":\"Redacci\u00f3n\",\"image\":{\"@type\":\"ImageObject\",\"inLanguage\":\"en-US\",\"@id\":\"https:\\\/\\\/secure.gravatar.com\\\/avatar\\\/6be270e1c81317331dd99c1537c17b9683039795b5a956c595769bfada5e7067?s=96&d=mm&r=g\",\"url\":\"https:\\\/\\\/secure.gravatar.com\\\/avatar\\\/6be270e1c81317331dd99c1537c17b9683039795b5a956c595769bfada5e7067?s=96&d=mm&r=g\",\"contentUrl\":\"https:\\\/\\\/secure.gravatar.com\\\/avatar\\\/6be270e1c81317331dd99c1537c17b9683039795b5a956c595769bfada5e7067?s=96&d=mm&r=g\",\"caption\":\"Redacci\u00f3n\"},\"sameAs\":[\"https:\\\/\\\/thediplomatinspain.com\\\/\"],\"url\":\"https:\\\/\\\/thediplomatinspain.com\\\/en\\\/author\\\/soportecibeles\\\/\"},{\"@type\":[\"Organization\",\"NewsMediaOrganization\"],\"@id\":\"https:\\\/\\\/thediplomatinspain.com\\\/en\\\/#organization\"},{\"@type\":\"SiteNavigationElement\",\"@id\":\"https:\\\/\\\/thediplomatinspain.com\\\/en\\\/#site-navigation\",\"cssSelector\":[\".cib-main-menu\"]},{\"@type\":\"WPHeader\",\"@id\":\"https:\\\/\\\/thediplomatinspain.com\\\/en\\\/#header\",\"cssSelector\":[\".cib-header\"]},{\"@type\":\"WPFooter\",\"@id\":\"https:\\\/\\\/thediplomatinspain.com\\\/en\\\/#footer\",\"cssSelector\":[\".cib-footer\"]}]}<\/script>\n<!-- \/ Yoast SEO plugin. -->","yoast_head_json":{"title":"Embassy of Ireland commemorates the Good Friday Agreement and Bloomsday - thediplomatinspain.com","robots":{"index":"index","follow":"follow","max-snippet":"max-snippet:-1","max-image-preview":"max-image-preview:large","max-video-preview":"max-video-preview:-1"},"canonical":"https:\/\/thediplomatinspain.com\/en\/2023\/06\/05\/embassy-of-ireland-commemorates-the-good-friday-agreement-and-bloomsday\/","og_locale":"en_US","og_type":"article","og_title":"Embassy of Ireland commemorates the Good Friday Agreement and Bloomsday - thediplomatinspain.com","og_description":"The Embassy of Ireland, together with the British Embassy, commemorate the 25th anniversary of the Good Friday Agreement.","og_url":"https:\/\/thediplomatinspain.com\/en\/2023\/06\/05\/embassy-of-ireland-commemorates-the-good-friday-agreement-and-bloomsday\/","og_site_name":"thediplomatinspain.com","article_publisher":"https:\/\/www.facebook.com\/thediplomatinspain","article_published_time":"2023-06-05T02:00:49+00:00","og_image":[{"width":220,"height":314,"url":"https:\/\/thediplomatinspain.com\/wp-content\/uploads\/2024\/05\/Irlanda-wave-goodbye-to-dinosaurs-ok.jpg","type":"image\/jpeg"}],"author":"Redacci\u00f3n","twitter_card":"summary_large_image","twitter_creator":"@diplomatinspain","twitter_site":"@diplomatinspain","twitter_misc":{"Written by":"Redacci\u00f3n","Est. reading time":"3 minutes"},"schema":{"@context":"https:\/\/schema.org","@graph":[{"@type":"Article","@id":"https:\/\/thediplomatinspain.com\/en\/2023\/06\/05\/embassy-of-ireland-commemorates-the-good-friday-agreement-and-bloomsday\/#article","isPartOf":{"@id":"https:\/\/thediplomatinspain.com\/en\/2023\/06\/05\/embassy-of-ireland-commemorates-the-good-friday-agreement-and-bloomsday\/"},"author":{"name":"Redacci\u00f3n","@id":"https:\/\/thediplomatinspain.com\/#\/schema\/person\/90d9b3004c2822bcbe64082dad885a9c"},"headline":"Embassy of Ireland commemorates the Good Friday Agreement and Bloomsday","datePublished":"2023-06-05T02:00:49+00:00","mainEntityOfPage":{"@id":"https:\/\/thediplomatinspain.com\/en\/2023\/06\/05\/embassy-of-ireland-commemorates-the-good-friday-agreement-and-bloomsday\/"},"wordCount":690,"commentCount":0,"publisher":{"@id":"https:\/\/thediplomatinspain.com\/#organization"},"image":{"@id":"https:\/\/thediplomatinspain.com\/en\/2023\/06\/05\/embassy-of-ireland-commemorates-the-good-friday-agreement-and-bloomsday\/#primaryimage"},"thumbnailUrl":"https:\/\/thediplomatinspain.com\/wp-content\/uploads\/2024\/05\/Irlanda-wave-goodbye-to-dinosaurs-ok.jpg","articleSection":["Culture &amp; Art","Leisure"],"inLanguage":"en-US","potentialAction":[{"@type":"CommentAction","name":"Comment","target":["https:\/\/thediplomatinspain.com\/en\/2023\/06\/05\/embassy-of-ireland-commemorates-the-good-friday-agreement-and-bloomsday\/#respond"]}]},{"@type":"WebPage","@id":"https:\/\/thediplomatinspain.com\/en\/2023\/06\/05\/embassy-of-ireland-commemorates-the-good-friday-agreement-and-bloomsday\/","url":"https:\/\/thediplomatinspain.com\/en\/2023\/06\/05\/embassy-of-ireland-commemorates-the-good-friday-agreement-and-bloomsday\/","name":"Embassy of Ireland commemorates the Good Friday Agreement and Bloomsday - thediplomatinspain.com","isPartOf":{"@id":"https:\/\/thediplomatinspain.com\/#website"},"primaryImageOfPage":{"@id":"https:\/\/thediplomatinspain.com\/en\/2023\/06\/05\/embassy-of-ireland-commemorates-the-good-friday-agreement-and-bloomsday\/#primaryimage"},"image":{"@id":"https:\/\/thediplomatinspain.com\/en\/2023\/06\/05\/embassy-of-ireland-commemorates-the-good-friday-agreement-and-bloomsday\/#primaryimage"},"thumbnailUrl":"https:\/\/thediplomatinspain.com\/wp-content\/uploads\/2024\/05\/Irlanda-wave-goodbye-to-dinosaurs-ok.jpg","datePublished":"2023-06-05T02:00:49+00:00","breadcrumb":{"@id":"https:\/\/thediplomatinspain.com\/en\/2023\/06\/05\/embassy-of-ireland-commemorates-the-good-friday-agreement-and-bloomsday\/#breadcrumb"},"inLanguage":"en-US","potentialAction":[{"@type":"ReadAction","target":["https:\/\/thediplomatinspain.com\/en\/2023\/06\/05\/embassy-of-ireland-commemorates-the-good-friday-agreement-and-bloomsday\/"]}]},{"@type":"ImageObject","inLanguage":"en-US","@id":"https:\/\/thediplomatinspain.com\/en\/2023\/06\/05\/embassy-of-ireland-commemorates-the-good-friday-agreement-and-bloomsday\/#primaryimage","url":"https:\/\/thediplomatinspain.com\/wp-content\/uploads\/2024\/05\/Irlanda-wave-goodbye-to-dinosaurs-ok.jpg","contentUrl":"https:\/\/thediplomatinspain.com\/wp-content\/uploads\/2024\/05\/Irlanda-wave-goodbye-to-dinosaurs-ok.jpg","width":220,"height":314},{"@type":"BreadcrumbList","@id":"https:\/\/thediplomatinspain.com\/en\/2023\/06\/05\/embassy-of-ireland-commemorates-the-good-friday-agreement-and-bloomsday\/#breadcrumb","itemListElement":[{"@type":"ListItem","position":1,"name":"Portada","item":"https:\/\/thediplomatinspain.com\/en\/"},{"@type":"ListItem","position":2,"name":"Embassy of Ireland commemorates the Good Friday Agreement and Bloomsday"}]},{"@type":"WebSite","@id":"https:\/\/thediplomatinspain.com\/#website","url":"https:\/\/thediplomatinspain.com\/","name":"thediplomatinspain.com","description":"Diario digital de referencia para diplom\u00e1ticos y empresas","publisher":{"@id":"https:\/\/thediplomatinspain.com\/#organization"},"potentialAction":[{"@type":"SearchAction","target":{"@type":"EntryPoint","urlTemplate":"https:\/\/thediplomatinspain.com\/?s={search_term_string}"},"query-input":{"@type":"PropertyValueSpecification","valueRequired":true,"valueName":"search_term_string"}}],"inLanguage":"en-US"},{"@type":"Organization","@id":"https:\/\/thediplomatinspain.com\/#organization","name":"thediplomatinspain.com","url":"https:\/\/thediplomatinspain.com\/","logo":{"@type":"ImageObject","inLanguage":"en-US","@id":"https:\/\/thediplomatinspain.com\/#\/schema\/logo\/image\/","url":"https:\/\/thediplomatinspain.com\/wp-content\/uploads\/2024\/06\/logo_the_diplomat.png","contentUrl":"https:\/\/thediplomatinspain.com\/wp-content\/uploads\/2024\/06\/logo_the_diplomat.png","width":284,"height":77,"caption":"thediplomatinspain.com"},"image":{"@id":"https:\/\/thediplomatinspain.com\/#\/schema\/logo\/image\/"},"sameAs":["https:\/\/www.facebook.com\/thediplomatinspain","https:\/\/x.com\/diplomatinspain","https:\/\/www.youtube.com\/channel\/UCK0mRqeeZDKdFeiFQZLcH2A"]},{"@type":"Person","@id":"https:\/\/thediplomatinspain.com\/#\/schema\/person\/90d9b3004c2822bcbe64082dad885a9c","name":"Redacci\u00f3n","image":{"@type":"ImageObject","inLanguage":"en-US","@id":"https:\/\/secure.gravatar.com\/avatar\/6be270e1c81317331dd99c1537c17b9683039795b5a956c595769bfada5e7067?s=96&d=mm&r=g","url":"https:\/\/secure.gravatar.com\/avatar\/6be270e1c81317331dd99c1537c17b9683039795b5a956c595769bfada5e7067?s=96&d=mm&r=g","contentUrl":"https:\/\/secure.gravatar.com\/avatar\/6be270e1c81317331dd99c1537c17b9683039795b5a956c595769bfada5e7067?s=96&d=mm&r=g","caption":"Redacci\u00f3n"},"sameAs":["https:\/\/thediplomatinspain.com\/"],"url":"https:\/\/thediplomatinspain.com\/en\/author\/soportecibeles\/"},{"@type":["Organization","NewsMediaOrganization"],"@id":"https:\/\/thediplomatinspain.com\/en\/#organization"},{"@type":"SiteNavigationElement","@id":"https:\/\/thediplomatinspain.com\/en\/#site-navigation","cssSelector":[".cib-main-menu"]},{"@type":"WPHeader","@id":"https:\/\/thediplomatinspain.com\/en\/#header","cssSelector":[".cib-header"]},{"@type":"WPFooter","@id":"https:\/\/thediplomatinspain.com\/en\/#footer","cssSelector":[".cib-footer"]}]}},"amp_enabled":true,"_links":{"self":[{"href":"https:\/\/thediplomatinspain.com\/en\/wp-json\/wp\/v2\/posts\/80157","targetHints":{"allow":["GET"]}}],"collection":[{"href":"https:\/\/thediplomatinspain.com\/en\/wp-json\/wp\/v2\/posts"}],"about":[{"href":"https:\/\/thediplomatinspain.com\/en\/wp-json\/wp\/v2\/types\/post"}],"author":[{"embeddable":true,"href":"https:\/\/thediplomatinspain.com\/en\/wp-json\/wp\/v2\/users\/1"}],"replies":[{"embeddable":true,"href":"https:\/\/thediplomatinspain.com\/en\/wp-json\/wp\/v2\/comments?post=80157"}],"version-history":[{"count":0,"href":"https:\/\/thediplomatinspain.com\/en\/wp-json\/wp\/v2\/posts\/80157\/revisions"}],"wp:featuredmedia":[{"embeddable":true,"href":"https:\/\/thediplomatinspain.com\/en\/wp-json\/wp\/v2\/media\/51760"}],"wp:attachment":[{"href":"https:\/\/thediplomatinspain.com\/en\/wp-json\/wp\/v2\/media?parent=80157"}],"wp:term":[{"taxonomy":"category","embeddable":true,"href":"https:\/\/thediplomatinspain.com\/en\/wp-json\/wp\/v2\/categories?post=80157"},{"taxonomy":"post_tag","embeddable":true,"href":"https:\/\/thediplomatinspain.com\/en\/wp-json\/wp\/v2\/tags?post=80157"}],"curies":[{"name":"wp","href":"https:\/\/api.w.org\/{rel}","templated":true}]}}