{"id":79784,"date":"2023-04-26T04:00:00","date_gmt":"2023-04-26T02:00:00","guid":{"rendered":"https:\/\/zen-hopper.82-223-81-17.plesk.page\/2023\/04\/26\/casa-arabe-presents-the-pianist-bachar-mar-khalife-at-condeduque\/"},"modified":"2023-04-26T04:00:00","modified_gmt":"2023-04-26T02:00:00","slug":"casa-arabe-presents-the-pianist-bachar-mar-khalife-at-condeduque","status":"publish","type":"post","link":"https:\/\/thediplomatinspain.com\/en\/2023\/04\/26\/casa-arabe-presents-the-pianist-bachar-mar-khalife-at-condeduque\/","title":{"rendered":"Casa \u00c1rabe presents the pianist Bachar Mar-Khalif\u00e9 at CondeDuque"},"content":{"rendered":"<p>&nbsp;<\/p>\n<p>On Friday 28 April, <strong>CondeDuque,<\/strong> in collaboration with <strong>Casa \u00c1rabe,<\/strong> is organising a performance by Lebanese pianist <strong>Bachar Mar-Khalif\u00e9,<\/strong> who will be presenting his latest album, <em>On\/Off,<\/em> in the capital at 8:30 pm.<\/p>\n<p>&nbsp;<\/p>\n<p>Bachar Mar-Khalif\u00e9 continues the tradition of goldsmiths of melody in Arab culture. Born in Lebanon in 1983, but living in Paris since the age of six, this young musical talent without frontiers is driven by an instinct for beauty, by the poetry of a centuries-old culture which, on his keyboard, discovers new forms of life to the point of opening up a future where emotion is claimed naked, without labels.<\/p>\n<p>&nbsp;<\/p>\n<p>Singer, composer and lute virtuoso, this pianist trained at the National Conservatory of Music and Dance in Paris with his brother Rami Khalif\u00e9 and then released his first album, <em>Oil Slick,<\/em> a true declaration of intent that took him ten years to create. After subsequent albums and collaborations with groups such as the Orchestre National de France and the Ensemble Intercontemporain, and artists as diverse as <strong>Bojan Z, Carl Craig, Francesco Tristano, Murcof, Kery James, Chapelier Fou, Christophe <\/strong>and the trio<strong> K\/D\/M.,<\/strong> Bachar premieres his fifth album, <em>On\/Off,<\/em> recorded in his family home in northern Beirut, in Madrid.<\/p>\n<p>&nbsp;<\/p>\n<p>The recording was made in December 2019, to the rhythm of the popular protests that shook Lebanon and, in his own way, the musician contributes to it with this new work, as emotions are released with his own message. The album consists of 11 tracks, written and composed in that home, as well as a duet recorded in 2017 with <strong>Christophe.<\/strong> The compositions move between harmonic jazz feelings, Lebanese melodies, electronic gestures and a deep and strange beauty and vindication for life. Tickets for the concert are on sale online at this <a href=\"https:\/\/tienda.madrid-destino.com\/es\/conde-duque\/bachar-mar-khalife-onoff\/?_ga=2.119459915.391853834.1681207943-177988554.1681207943\" target=\"_blank\" rel=\"noopener noreferrer\"><strong>link.<\/strong><\/a><\/p>\n<p>&nbsp;<\/p>\n<p>&nbsp;<\/p>\n","protected":false},"excerpt":{"rendered":"<p>On 28 April, CondeDuque, in collaboration with Casa \u00c1rabe, is organising a performance by the Lebanese pianist Bachar Mar-Khalif\u00e9 at 8.30 pm.<\/p>\n","protected":false},"author":1,"featured_media":51372,"comment_status":"open","ping_status":"open","sticky":false,"template":"","format":"standard","meta":{"jnews-multi-image_gallery":[],"jnews_single_post":[],"jnews_primary_category":[],"jnews_social_meta":[],"jnews_override_counter":[],"jnews_post_split":[],"footnotes":""},"categories":[179,176],"tags":[],"class_list":["post-79784","post","type-post","status-publish","format-standard","has-post-thumbnail","hentry","category-entertainment","category-leisure"],"yoast_head":"<!-- This site is optimized with the Yoast SEO plugin v27.4 - https:\/\/yoast.com\/product\/yoast-seo-wordpress\/ -->\n<title>Casa \u00c1rabe presents the pianist Bachar Mar-Khalif\u00e9 at CondeDuque - thediplomatinspain.com<\/title>\n<meta name=\"robots\" content=\"index, follow, max-snippet:-1, max-image-preview:large, max-video-preview:-1\" \/>\n<link rel=\"canonical\" href=\"https:\/\/thediplomatinspain.com\/en\/2023\/04\/26\/casa-arabe-presents-the-pianist-bachar-mar-khalife-at-condeduque\/\" \/>\n<meta property=\"og:locale\" content=\"en_US\" \/>\n<meta property=\"og:type\" content=\"article\" \/>\n<meta property=\"og:title\" content=\"Casa \u00c1rabe presents the pianist Bachar Mar-Khalif\u00e9 at CondeDuque - thediplomatinspain.com\" \/>\n<meta property=\"og:description\" content=\"On 28 April, CondeDuque, in collaboration with Casa \u00c1rabe, is organising a performance by the Lebanese pianist Bachar Mar-Khalif\u00e9 at 8.30 pm.\" \/>\n<meta property=\"og:url\" content=\"https:\/\/thediplomatinspain.com\/en\/2023\/04\/26\/casa-arabe-presents-the-pianist-bachar-mar-khalife-at-condeduque\/\" \/>\n<meta property=\"og:site_name\" content=\"thediplomatinspain.com\" \/>\n<meta property=\"article:publisher\" content=\"https:\/\/www.facebook.com\/thediplomatinspain\" \/>\n<meta property=\"article:published_time\" content=\"2023-04-26T02:00:00+00:00\" \/>\n<meta property=\"og:image\" content=\"https:\/\/thediplomatinspain.com\/wp-content\/uploads\/2024\/05\/Bachar-Mar-Khalife-ok.jpg\" \/>\n\t<meta property=\"og:image:width\" content=\"220\" \/>\n\t<meta property=\"og:image:height\" content=\"314\" \/>\n\t<meta property=\"og:image:type\" content=\"image\/jpeg\" \/>\n<meta name=\"author\" content=\"Redacci\u00f3n\" \/>\n<meta name=\"twitter:card\" content=\"summary_large_image\" \/>\n<meta name=\"twitter:creator\" content=\"@diplomatinspain\" \/>\n<meta name=\"twitter:site\" content=\"@diplomatinspain\" \/>\n<meta name=\"twitter:label1\" content=\"Written by\" \/>\n\t<meta name=\"twitter:data1\" content=\"Redacci\u00f3n\" \/>\n\t<meta name=\"twitter:label2\" content=\"Est. reading time\" \/>\n\t<meta name=\"twitter:data2\" content=\"1 minute\" \/>\n<script type=\"application\/ld+json\" class=\"yoast-schema-graph\">{\"@context\":\"https:\\\/\\\/schema.org\",\"@graph\":[{\"@type\":\"Article\",\"@id\":\"https:\\\/\\\/thediplomatinspain.com\\\/en\\\/2023\\\/04\\\/26\\\/casa-arabe-presents-the-pianist-bachar-mar-khalife-at-condeduque\\\/#article\",\"isPartOf\":{\"@id\":\"https:\\\/\\\/thediplomatinspain.com\\\/en\\\/2023\\\/04\\\/26\\\/casa-arabe-presents-the-pianist-bachar-mar-khalife-at-condeduque\\\/\"},\"author\":{\"name\":\"Redacci\u00f3n\",\"@id\":\"https:\\\/\\\/thediplomatinspain.com\\\/#\\\/schema\\\/person\\\/90d9b3004c2822bcbe64082dad885a9c\"},\"headline\":\"Casa \u00c1rabe presents the pianist Bachar Mar-Khalif\u00e9 at CondeDuque\",\"datePublished\":\"2023-04-26T02:00:00+00:00\",\"mainEntityOfPage\":{\"@id\":\"https:\\\/\\\/thediplomatinspain.com\\\/en\\\/2023\\\/04\\\/26\\\/casa-arabe-presents-the-pianist-bachar-mar-khalife-at-condeduque\\\/\"},\"wordCount\":307,\"commentCount\":0,\"publisher\":{\"@id\":\"https:\\\/\\\/thediplomatinspain.com\\\/#organization\"},\"image\":{\"@id\":\"https:\\\/\\\/thediplomatinspain.com\\\/en\\\/2023\\\/04\\\/26\\\/casa-arabe-presents-the-pianist-bachar-mar-khalife-at-condeduque\\\/#primaryimage\"},\"thumbnailUrl\":\"https:\\\/\\\/thediplomatinspain.com\\\/wp-content\\\/uploads\\\/2024\\\/05\\\/Bachar-Mar-Khalife-ok.jpg\",\"articleSection\":[\"Entertainment\",\"Leisure\"],\"inLanguage\":\"en-US\",\"potentialAction\":[{\"@type\":\"CommentAction\",\"name\":\"Comment\",\"target\":[\"https:\\\/\\\/thediplomatinspain.com\\\/en\\\/2023\\\/04\\\/26\\\/casa-arabe-presents-the-pianist-bachar-mar-khalife-at-condeduque\\\/#respond\"]}]},{\"@type\":\"WebPage\",\"@id\":\"https:\\\/\\\/thediplomatinspain.com\\\/en\\\/2023\\\/04\\\/26\\\/casa-arabe-presents-the-pianist-bachar-mar-khalife-at-condeduque\\\/\",\"url\":\"https:\\\/\\\/thediplomatinspain.com\\\/en\\\/2023\\\/04\\\/26\\\/casa-arabe-presents-the-pianist-bachar-mar-khalife-at-condeduque\\\/\",\"name\":\"Casa \u00c1rabe presents the pianist Bachar Mar-Khalif\u00e9 at CondeDuque - thediplomatinspain.com\",\"isPartOf\":{\"@id\":\"https:\\\/\\\/thediplomatinspain.com\\\/#website\"},\"primaryImageOfPage\":{\"@id\":\"https:\\\/\\\/thediplomatinspain.com\\\/en\\\/2023\\\/04\\\/26\\\/casa-arabe-presents-the-pianist-bachar-mar-khalife-at-condeduque\\\/#primaryimage\"},\"image\":{\"@id\":\"https:\\\/\\\/thediplomatinspain.com\\\/en\\\/2023\\\/04\\\/26\\\/casa-arabe-presents-the-pianist-bachar-mar-khalife-at-condeduque\\\/#primaryimage\"},\"thumbnailUrl\":\"https:\\\/\\\/thediplomatinspain.com\\\/wp-content\\\/uploads\\\/2024\\\/05\\\/Bachar-Mar-Khalife-ok.jpg\",\"datePublished\":\"2023-04-26T02:00:00+00:00\",\"breadcrumb\":{\"@id\":\"https:\\\/\\\/thediplomatinspain.com\\\/en\\\/2023\\\/04\\\/26\\\/casa-arabe-presents-the-pianist-bachar-mar-khalife-at-condeduque\\\/#breadcrumb\"},\"inLanguage\":\"en-US\",\"potentialAction\":[{\"@type\":\"ReadAction\",\"target\":[\"https:\\\/\\\/thediplomatinspain.com\\\/en\\\/2023\\\/04\\\/26\\\/casa-arabe-presents-the-pianist-bachar-mar-khalife-at-condeduque\\\/\"]}]},{\"@type\":\"ImageObject\",\"inLanguage\":\"en-US\",\"@id\":\"https:\\\/\\\/thediplomatinspain.com\\\/en\\\/2023\\\/04\\\/26\\\/casa-arabe-presents-the-pianist-bachar-mar-khalife-at-condeduque\\\/#primaryimage\",\"url\":\"https:\\\/\\\/thediplomatinspain.com\\\/wp-content\\\/uploads\\\/2024\\\/05\\\/Bachar-Mar-Khalife-ok.jpg\",\"contentUrl\":\"https:\\\/\\\/thediplomatinspain.com\\\/wp-content\\\/uploads\\\/2024\\\/05\\\/Bachar-Mar-Khalife-ok.jpg\",\"width\":220,\"height\":314},{\"@type\":\"BreadcrumbList\",\"@id\":\"https:\\\/\\\/thediplomatinspain.com\\\/en\\\/2023\\\/04\\\/26\\\/casa-arabe-presents-the-pianist-bachar-mar-khalife-at-condeduque\\\/#breadcrumb\",\"itemListElement\":[{\"@type\":\"ListItem\",\"position\":1,\"name\":\"Portada\",\"item\":\"https:\\\/\\\/thediplomatinspain.com\\\/en\\\/\"},{\"@type\":\"ListItem\",\"position\":2,\"name\":\"Casa \u00c1rabe presents the pianist Bachar Mar-Khalif\u00e9 at CondeDuque\"}]},{\"@type\":\"WebSite\",\"@id\":\"https:\\\/\\\/thediplomatinspain.com\\\/#website\",\"url\":\"https:\\\/\\\/thediplomatinspain.com\\\/\",\"name\":\"thediplomatinspain.com\",\"description\":\"Diario digital de referencia para diplom\u00e1ticos y empresas\",\"publisher\":{\"@id\":\"https:\\\/\\\/thediplomatinspain.com\\\/#organization\"},\"potentialAction\":[{\"@type\":\"SearchAction\",\"target\":{\"@type\":\"EntryPoint\",\"urlTemplate\":\"https:\\\/\\\/thediplomatinspain.com\\\/?s={search_term_string}\"},\"query-input\":{\"@type\":\"PropertyValueSpecification\",\"valueRequired\":true,\"valueName\":\"search_term_string\"}}],\"inLanguage\":\"en-US\"},{\"@type\":\"Organization\",\"@id\":\"https:\\\/\\\/thediplomatinspain.com\\\/#organization\",\"name\":\"thediplomatinspain.com\",\"url\":\"https:\\\/\\\/thediplomatinspain.com\\\/\",\"logo\":{\"@type\":\"ImageObject\",\"inLanguage\":\"en-US\",\"@id\":\"https:\\\/\\\/thediplomatinspain.com\\\/#\\\/schema\\\/logo\\\/image\\\/\",\"url\":\"https:\\\/\\\/thediplomatinspain.com\\\/wp-content\\\/uploads\\\/2024\\\/06\\\/logo_the_diplomat.png\",\"contentUrl\":\"https:\\\/\\\/thediplomatinspain.com\\\/wp-content\\\/uploads\\\/2024\\\/06\\\/logo_the_diplomat.png\",\"width\":284,\"height\":77,\"caption\":\"thediplomatinspain.com\"},\"image\":{\"@id\":\"https:\\\/\\\/thediplomatinspain.com\\\/#\\\/schema\\\/logo\\\/image\\\/\"},\"sameAs\":[\"https:\\\/\\\/www.facebook.com\\\/thediplomatinspain\",\"https:\\\/\\\/x.com\\\/diplomatinspain\",\"https:\\\/\\\/www.youtube.com\\\/channel\\\/UCK0mRqeeZDKdFeiFQZLcH2A\"]},{\"@type\":\"Person\",\"@id\":\"https:\\\/\\\/thediplomatinspain.com\\\/#\\\/schema\\\/person\\\/90d9b3004c2822bcbe64082dad885a9c\",\"name\":\"Redacci\u00f3n\",\"image\":{\"@type\":\"ImageObject\",\"inLanguage\":\"en-US\",\"@id\":\"https:\\\/\\\/secure.gravatar.com\\\/avatar\\\/6be270e1c81317331dd99c1537c17b9683039795b5a956c595769bfada5e7067?s=96&d=mm&r=g\",\"url\":\"https:\\\/\\\/secure.gravatar.com\\\/avatar\\\/6be270e1c81317331dd99c1537c17b9683039795b5a956c595769bfada5e7067?s=96&d=mm&r=g\",\"contentUrl\":\"https:\\\/\\\/secure.gravatar.com\\\/avatar\\\/6be270e1c81317331dd99c1537c17b9683039795b5a956c595769bfada5e7067?s=96&d=mm&r=g\",\"caption\":\"Redacci\u00f3n\"},\"sameAs\":[\"https:\\\/\\\/thediplomatinspain.com\\\/\"],\"url\":\"https:\\\/\\\/thediplomatinspain.com\\\/en\\\/author\\\/soportecibeles\\\/\"},{\"@type\":[\"Organization\",\"NewsMediaOrganization\"],\"@id\":\"https:\\\/\\\/thediplomatinspain.com\\\/en\\\/#organization\"},{\"@type\":\"SiteNavigationElement\",\"@id\":\"https:\\\/\\\/thediplomatinspain.com\\\/en\\\/#site-navigation\",\"cssSelector\":[\".cib-main-menu\"]},{\"@type\":\"WPHeader\",\"@id\":\"https:\\\/\\\/thediplomatinspain.com\\\/en\\\/#header\",\"cssSelector\":[\".cib-header\"]},{\"@type\":\"WPFooter\",\"@id\":\"https:\\\/\\\/thediplomatinspain.com\\\/en\\\/#footer\",\"cssSelector\":[\".cib-footer\"]}]}<\/script>\n<!-- \/ Yoast SEO plugin. -->","yoast_head_json":{"title":"Casa \u00c1rabe presents the pianist Bachar Mar-Khalif\u00e9 at CondeDuque - thediplomatinspain.com","robots":{"index":"index","follow":"follow","max-snippet":"max-snippet:-1","max-image-preview":"max-image-preview:large","max-video-preview":"max-video-preview:-1"},"canonical":"https:\/\/thediplomatinspain.com\/en\/2023\/04\/26\/casa-arabe-presents-the-pianist-bachar-mar-khalife-at-condeduque\/","og_locale":"en_US","og_type":"article","og_title":"Casa \u00c1rabe presents the pianist Bachar Mar-Khalif\u00e9 at CondeDuque - thediplomatinspain.com","og_description":"On 28 April, CondeDuque, in collaboration with Casa \u00c1rabe, is organising a performance by the Lebanese pianist Bachar Mar-Khalif\u00e9 at 8.30 pm.","og_url":"https:\/\/thediplomatinspain.com\/en\/2023\/04\/26\/casa-arabe-presents-the-pianist-bachar-mar-khalife-at-condeduque\/","og_site_name":"thediplomatinspain.com","article_publisher":"https:\/\/www.facebook.com\/thediplomatinspain","article_published_time":"2023-04-26T02:00:00+00:00","og_image":[{"width":220,"height":314,"url":"https:\/\/thediplomatinspain.com\/wp-content\/uploads\/2024\/05\/Bachar-Mar-Khalife-ok.jpg","type":"image\/jpeg"}],"author":"Redacci\u00f3n","twitter_card":"summary_large_image","twitter_creator":"@diplomatinspain","twitter_site":"@diplomatinspain","twitter_misc":{"Written by":"Redacci\u00f3n","Est. reading time":"1 minute"},"schema":{"@context":"https:\/\/schema.org","@graph":[{"@type":"Article","@id":"https:\/\/thediplomatinspain.com\/en\/2023\/04\/26\/casa-arabe-presents-the-pianist-bachar-mar-khalife-at-condeduque\/#article","isPartOf":{"@id":"https:\/\/thediplomatinspain.com\/en\/2023\/04\/26\/casa-arabe-presents-the-pianist-bachar-mar-khalife-at-condeduque\/"},"author":{"name":"Redacci\u00f3n","@id":"https:\/\/thediplomatinspain.com\/#\/schema\/person\/90d9b3004c2822bcbe64082dad885a9c"},"headline":"Casa \u00c1rabe presents the pianist Bachar Mar-Khalif\u00e9 at CondeDuque","datePublished":"2023-04-26T02:00:00+00:00","mainEntityOfPage":{"@id":"https:\/\/thediplomatinspain.com\/en\/2023\/04\/26\/casa-arabe-presents-the-pianist-bachar-mar-khalife-at-condeduque\/"},"wordCount":307,"commentCount":0,"publisher":{"@id":"https:\/\/thediplomatinspain.com\/#organization"},"image":{"@id":"https:\/\/thediplomatinspain.com\/en\/2023\/04\/26\/casa-arabe-presents-the-pianist-bachar-mar-khalife-at-condeduque\/#primaryimage"},"thumbnailUrl":"https:\/\/thediplomatinspain.com\/wp-content\/uploads\/2024\/05\/Bachar-Mar-Khalife-ok.jpg","articleSection":["Entertainment","Leisure"],"inLanguage":"en-US","potentialAction":[{"@type":"CommentAction","name":"Comment","target":["https:\/\/thediplomatinspain.com\/en\/2023\/04\/26\/casa-arabe-presents-the-pianist-bachar-mar-khalife-at-condeduque\/#respond"]}]},{"@type":"WebPage","@id":"https:\/\/thediplomatinspain.com\/en\/2023\/04\/26\/casa-arabe-presents-the-pianist-bachar-mar-khalife-at-condeduque\/","url":"https:\/\/thediplomatinspain.com\/en\/2023\/04\/26\/casa-arabe-presents-the-pianist-bachar-mar-khalife-at-condeduque\/","name":"Casa \u00c1rabe presents the pianist Bachar Mar-Khalif\u00e9 at CondeDuque - thediplomatinspain.com","isPartOf":{"@id":"https:\/\/thediplomatinspain.com\/#website"},"primaryImageOfPage":{"@id":"https:\/\/thediplomatinspain.com\/en\/2023\/04\/26\/casa-arabe-presents-the-pianist-bachar-mar-khalife-at-condeduque\/#primaryimage"},"image":{"@id":"https:\/\/thediplomatinspain.com\/en\/2023\/04\/26\/casa-arabe-presents-the-pianist-bachar-mar-khalife-at-condeduque\/#primaryimage"},"thumbnailUrl":"https:\/\/thediplomatinspain.com\/wp-content\/uploads\/2024\/05\/Bachar-Mar-Khalife-ok.jpg","datePublished":"2023-04-26T02:00:00+00:00","breadcrumb":{"@id":"https:\/\/thediplomatinspain.com\/en\/2023\/04\/26\/casa-arabe-presents-the-pianist-bachar-mar-khalife-at-condeduque\/#breadcrumb"},"inLanguage":"en-US","potentialAction":[{"@type":"ReadAction","target":["https:\/\/thediplomatinspain.com\/en\/2023\/04\/26\/casa-arabe-presents-the-pianist-bachar-mar-khalife-at-condeduque\/"]}]},{"@type":"ImageObject","inLanguage":"en-US","@id":"https:\/\/thediplomatinspain.com\/en\/2023\/04\/26\/casa-arabe-presents-the-pianist-bachar-mar-khalife-at-condeduque\/#primaryimage","url":"https:\/\/thediplomatinspain.com\/wp-content\/uploads\/2024\/05\/Bachar-Mar-Khalife-ok.jpg","contentUrl":"https:\/\/thediplomatinspain.com\/wp-content\/uploads\/2024\/05\/Bachar-Mar-Khalife-ok.jpg","width":220,"height":314},{"@type":"BreadcrumbList","@id":"https:\/\/thediplomatinspain.com\/en\/2023\/04\/26\/casa-arabe-presents-the-pianist-bachar-mar-khalife-at-condeduque\/#breadcrumb","itemListElement":[{"@type":"ListItem","position":1,"name":"Portada","item":"https:\/\/thediplomatinspain.com\/en\/"},{"@type":"ListItem","position":2,"name":"Casa \u00c1rabe presents the pianist Bachar Mar-Khalif\u00e9 at CondeDuque"}]},{"@type":"WebSite","@id":"https:\/\/thediplomatinspain.com\/#website","url":"https:\/\/thediplomatinspain.com\/","name":"thediplomatinspain.com","description":"Diario digital de referencia para diplom\u00e1ticos y empresas","publisher":{"@id":"https:\/\/thediplomatinspain.com\/#organization"},"potentialAction":[{"@type":"SearchAction","target":{"@type":"EntryPoint","urlTemplate":"https:\/\/thediplomatinspain.com\/?s={search_term_string}"},"query-input":{"@type":"PropertyValueSpecification","valueRequired":true,"valueName":"search_term_string"}}],"inLanguage":"en-US"},{"@type":"Organization","@id":"https:\/\/thediplomatinspain.com\/#organization","name":"thediplomatinspain.com","url":"https:\/\/thediplomatinspain.com\/","logo":{"@type":"ImageObject","inLanguage":"en-US","@id":"https:\/\/thediplomatinspain.com\/#\/schema\/logo\/image\/","url":"https:\/\/thediplomatinspain.com\/wp-content\/uploads\/2024\/06\/logo_the_diplomat.png","contentUrl":"https:\/\/thediplomatinspain.com\/wp-content\/uploads\/2024\/06\/logo_the_diplomat.png","width":284,"height":77,"caption":"thediplomatinspain.com"},"image":{"@id":"https:\/\/thediplomatinspain.com\/#\/schema\/logo\/image\/"},"sameAs":["https:\/\/www.facebook.com\/thediplomatinspain","https:\/\/x.com\/diplomatinspain","https:\/\/www.youtube.com\/channel\/UCK0mRqeeZDKdFeiFQZLcH2A"]},{"@type":"Person","@id":"https:\/\/thediplomatinspain.com\/#\/schema\/person\/90d9b3004c2822bcbe64082dad885a9c","name":"Redacci\u00f3n","image":{"@type":"ImageObject","inLanguage":"en-US","@id":"https:\/\/secure.gravatar.com\/avatar\/6be270e1c81317331dd99c1537c17b9683039795b5a956c595769bfada5e7067?s=96&d=mm&r=g","url":"https:\/\/secure.gravatar.com\/avatar\/6be270e1c81317331dd99c1537c17b9683039795b5a956c595769bfada5e7067?s=96&d=mm&r=g","contentUrl":"https:\/\/secure.gravatar.com\/avatar\/6be270e1c81317331dd99c1537c17b9683039795b5a956c595769bfada5e7067?s=96&d=mm&r=g","caption":"Redacci\u00f3n"},"sameAs":["https:\/\/thediplomatinspain.com\/"],"url":"https:\/\/thediplomatinspain.com\/en\/author\/soportecibeles\/"},{"@type":["Organization","NewsMediaOrganization"],"@id":"https:\/\/thediplomatinspain.com\/en\/#organization"},{"@type":"SiteNavigationElement","@id":"https:\/\/thediplomatinspain.com\/en\/#site-navigation","cssSelector":[".cib-main-menu"]},{"@type":"WPHeader","@id":"https:\/\/thediplomatinspain.com\/en\/#header","cssSelector":[".cib-header"]},{"@type":"WPFooter","@id":"https:\/\/thediplomatinspain.com\/en\/#footer","cssSelector":[".cib-footer"]}]}},"amp_enabled":true,"_links":{"self":[{"href":"https:\/\/thediplomatinspain.com\/en\/wp-json\/wp\/v2\/posts\/79784","targetHints":{"allow":["GET"]}}],"collection":[{"href":"https:\/\/thediplomatinspain.com\/en\/wp-json\/wp\/v2\/posts"}],"about":[{"href":"https:\/\/thediplomatinspain.com\/en\/wp-json\/wp\/v2\/types\/post"}],"author":[{"embeddable":true,"href":"https:\/\/thediplomatinspain.com\/en\/wp-json\/wp\/v2\/users\/1"}],"replies":[{"embeddable":true,"href":"https:\/\/thediplomatinspain.com\/en\/wp-json\/wp\/v2\/comments?post=79784"}],"version-history":[{"count":0,"href":"https:\/\/thediplomatinspain.com\/en\/wp-json\/wp\/v2\/posts\/79784\/revisions"}],"wp:featuredmedia":[{"embeddable":true,"href":"https:\/\/thediplomatinspain.com\/en\/wp-json\/wp\/v2\/media\/51372"}],"wp:attachment":[{"href":"https:\/\/thediplomatinspain.com\/en\/wp-json\/wp\/v2\/media?parent=79784"}],"wp:term":[{"taxonomy":"category","embeddable":true,"href":"https:\/\/thediplomatinspain.com\/en\/wp-json\/wp\/v2\/categories?post=79784"},{"taxonomy":"post_tag","embeddable":true,"href":"https:\/\/thediplomatinspain.com\/en\/wp-json\/wp\/v2\/tags?post=79784"}],"curies":[{"name":"wp","href":"https:\/\/api.w.org\/{rel}","templated":true}]}}