{"id":79741,"date":"2023-04-21T04:00:53","date_gmt":"2023-04-21T02:00:53","guid":{"rendered":"https:\/\/zen-hopper.82-223-81-17.plesk.page\/2023\/04\/21\/numerous-activities-to-celebrate-the-book-night-2023\/"},"modified":"2023-04-21T04:00:53","modified_gmt":"2023-04-21T02:00:53","slug":"numerous-activities-to-celebrate-the-book-night-2023","status":"publish","type":"post","link":"https:\/\/thediplomatinspain.com\/en\/2023\/04\/21\/numerous-activities-to-celebrate-the-book-night-2023\/","title":{"rendered":"Numerous activities to celebrate the Book Night 2023"},"content":{"rendered":"<p>&nbsp;<\/p>\n<p>Today 21 April is <strong><em>Book Night<\/em><\/strong> and the diplomatic cultural houses are celebrating it with numerous literary activities with meetings with writers and presentations of new books.<\/p>\n<p>&nbsp;<\/p>\n<p><strong><u>Casa Am\u00e9rica<\/u><\/strong> presents at 7 p.m. in its Miguel de Cervantes Hall the literary dialogue <strong><em>Noches de ne\u00f3n: postales nocturnas desde Am\u00e9rica Latina (Nights of neon: night postcards from Latin America).<\/em><\/strong> Each great metropolis has its own night-time postcard: Mexico City, Buenos Aires&#8230; They are known through the readings and experiences of writers who come from or have lived in them. How do you narrate the night of these cities? Participants: Valeria Correa, Argentinian writer, and David Toscana, Mexican writer. Free admission until full capacity is reached.<\/p>\n<p>&nbsp;<\/p>\n<p><strong><u>Casa \u00c1rabe<\/u><\/strong> presents the book <strong><em>Desde que me qued\u00e9 sin dioses, <\/em><\/strong>by <strong>David de Juan Marcos, <\/strong>this evening at 7 p.m. in its Embajadores hall. Free admission until full capacity is reached.<\/p>\n<p>&nbsp;<\/p>\n<p>The author and writer <strong>M\u00aa \u00c1ngeles L\u00f3pez de Celis<\/strong> will be taking part in the presentation. The author meets Momo, a Palestinian refugee from the Syrian civil war, in 2018, and decides to tell his story and that of his family: from the Palestinian Catastrophe of 1948, his childhood and youth in Damascus and the revolution of 2011, to prison, torture and exile, first to Denmark and then to Sweden, where he now works with teenagers fleeing the war. Halfway between novel, memoir and diary, this true story of a double exile is also an analysis of survivor&#8217;s guilt and the prejudices faced by an Arab immigrant in Europe.<\/p>\n<p>&nbsp;<\/p>\n<p>For its part, the <strong><u>Centro Cultural de China<\/u><\/strong> (Calle General Pardi\u00f1as, 73) has prepared two activities for book lovers. At 6 p.m., the book <strong><em>Sanzijing <\/em><\/strong>or<strong><em> The Classic of the Three Characters, <\/em><\/strong>the Spanish version of a jewel of Chinese pedagogy and moral philosophy, will be presented in the company of the book&#8217;s translator <strong>Daniel Ib\u00e1\u00f1ez<\/strong> and the Chinese history specialist <strong>Mariola Moncada.<\/strong> Written during the Southern Song dynasty (1127-1279), this work was born to embody the Neo-Confucianist ideal of bringing together in a short manual the quintessence of Chinese education, philosophy and history and formed the basis of children&#8217;s education in this Asian country for centuries.<\/p>\n<p>&nbsp;<\/p>\n<p>Furthermore, this Friday at 5 p.m. and tomorrow Saturday at 11 a.m., this Cultural Centre is also holding <strong><em>a &#8216;pop up&#8217; market of books by Chinese authors<\/em><\/strong> at its headquarters, with essential readings to get closer to Chinese literature and culture, from the classics to the latest novelties.<\/p>\n<p>&nbsp;<\/p>\n<p>At 18:00, the <strong><u>Centro Sefarad-Israel<\/u><\/strong> presents a round table discussion entitled <strong><em>Stefan Zweig, in freedom?<\/em><\/strong> This year, the rights to the work of the writer Stefan Zweig have fallen into the public domain. For this reason, Centro Sefarad-Israel is proposing a discussion on the importance of the &#8220;liberation&#8221; of these rights, their consequences, the possible new translations of his work and the meaning of his &#8220;world&#8221; today. This round table will also serve as a reminder of the relevance of one of the most universal Jewish authors of the 20th century. <strong>Berta Vias Mahou,<\/strong> translator of Stefan Zweig&#8217;s work; <strong>Javier Guti\u00e9rrez,<\/strong> general director of VEGAP, and <strong>Javier Set\u00f3,<\/strong> director of Alianza Editorial&#8217;s &#8220;El libro de bolsillo&#8221; will take part. Free admission, prior confirmation at this <a href=\"https:\/\/centrosefaradisrael.app.teenvio.com\/form\/centrosefaradisrael\/196\/\" target=\"_blank\" rel=\"noopener noreferrer\"><strong>link.<\/strong><\/a><\/p>\n<p>&nbsp;<\/p>\n<p>The <strong><u>Instituto Confucio of Madrid<\/u><\/strong> (Calle Goya, 10) invites you to a magical night under the moonlight at 8 p.m. in La noche de los libros. With the title <strong><em>Oh Moon, Oh Shadow, <\/em><\/strong>Professor <strong>Wang Keke<\/strong> will reveal to the audience the meaning of the moon in classical Chinese poetry and the actress <strong>Xiao Xirou<\/strong> will recite some poems in Spanish and Chinese.<\/p>\n<p>&nbsp;<\/p>\n<p>The moon has been a source of inspiration in classical Chinese poetry. <strong>Wang Wei, Su Dongpo, Du Fu <\/strong>and<strong> Li Bai, <\/strong>among many others, have written to the moon in poems that celebrate its beauty and evocative power, but also express loneliness, nostalgia and the fleetingness of life. What makes this evening special is that you will be able to enjoy the musicality and rhyme of classical poetry, which does not work in exactly the same way as in Western poetry, since, among other things, patterns of rhythm are created by the difference in tones. Free admission until full capacity is reached.<\/p>\n<p>&nbsp;<\/p>\n<p>The <strong><u>Instituto Franc\u00e9s<\/u><\/strong> is holding an <strong><em>Encounter with Emmanuel Carr\u00e8re and Maite Rico <\/em><\/strong>at the <strong>Real Casa de Correos<\/strong> at 20.15. Free admission until full capacity is reached. Event in French with simultaneous translation into Spanish.<\/p>\n<p>&nbsp;<\/p>\n<p>Emmanuel Carr\u00e8re will participate in this evening to present his latest book published in Spain, <em>V13.<\/em> He will be interviewed by Maite Rico about his work as a whole, with special attention to his latest book, in the event entitled Y eso fue lo que pas\u00f3: ficci\u00f3n sin ficci\u00f3n. <em>V13 <\/em>refers to Friday 13 November 2015, when three jihadist attacks took place in Paris, including the one at the Bataclan. Emmanuel Carr\u00e8re covered the historic trial of the attacks for almost a year to send his weekly chronicles to <em>L&#8217;Obs.<\/em> These chronicles are the basis of his latest book, which features the victims and the accused, the lawyers&#8217; chats and the behind-the-scenes details.<\/p>\n<p>&nbsp;<\/p>\n<p>The <strong><u>Instituto Italiano de Cultura<\/u><\/strong> of Madrid announces that this afternoon it will <strong>reopen its Library,<\/strong> completely renovated, with new spaces and new facilities for reading and experiencing Italian culture. It will now be possible to browse, read, study and consult the many volumes on art, architecture and literature, as well as the latest publications, which have been made available to visitors and lovers of Italian culture.<\/p>\n<p>&nbsp;<\/p>\n<p>The programme of activities for the evening starts at 6 p.m. with a show for children and young audiences <strong><em>Rodar and Rodari &#8211; Stories that adults don&#8217;t understand, <\/em><\/strong>told by <strong>Simone Negrin<\/strong> (Age: 5 years and up). Bookings at <a href=\"mailto:prensa.iicmadrid@esteri.it\">prensa.iicmadrid@esteri.it<\/a>. One hour later, there will be a dramatised reading of texts by <strong>Italo Calvino,<\/strong> by the actress <strong>Claudia Ferranti<\/strong> (adult audience). Bookings at <a href=\"mailto:biblioteca.iicmadrid@esteri.it\">biblioteca.iicmadrid@esteri.it<\/a>.<\/p>\n<p>&nbsp;<\/p>\n<p>Last but not least, the <strong><u>Instituto Rumano de Cultura<\/u><\/strong> of Madrid will organise a round table dedicated to the presentation of the book <strong><em>El viento, el esp\u00edritu, el aliento,<\/em><\/strong> by <strong>Andreea R\u0103suceanu.<\/strong><\/p>\n<p>&nbsp;<\/p>\n<p>The event will take place on Monday, 24 April at 7 p.m. at the <strong>Iv\u00e1n de Vargas Library, <\/strong>in the presence of the author, Andreea R\u0103suceanu, the translator of the book, <strong>Jos\u00e9 Francisco Arcenegui,<\/strong> the director of the Library, <strong>Pablo Quintanilla Rodr\u00edguez, <\/strong>and <strong>Maria Floarea Pop,<\/strong> director of the ICR Madrid. Andreea R\u0103suceanu will also take part in a meeting with students from the Faculty of Philology at the Complutense University of Madrid on Wednesday 25 April at 18:30.<\/p>\n<p>&nbsp;<\/p>\n<p>&nbsp;<\/p>\n","protected":false},"excerpt":{"rendered":"<p>Today 21 April is Book Night and the diplomatic cultural houses are celebrating it with numerous activities.<\/p>\n","protected":false},"author":1,"featured_media":51324,"comment_status":"open","ping_status":"open","sticky":false,"template":"","format":"standard","meta":{"jnews-multi-image_gallery":[],"jnews_single_post":[],"jnews_primary_category":[],"jnews_social_meta":[],"jnews_override_counter":[],"jnews_post_split":[],"footnotes":""},"categories":[178,176],"tags":[],"class_list":["post-79741","post","type-post","status-publish","format-standard","has-post-thumbnail","hentry","category-culture-art","category-leisure"],"yoast_head":"<!-- This site is optimized with the Yoast SEO plugin v27.4 - https:\/\/yoast.com\/product\/yoast-seo-wordpress\/ -->\n<title>Numerous activities to celebrate the Book Night 2023 - thediplomatinspain.com<\/title>\n<meta name=\"robots\" content=\"index, follow, max-snippet:-1, max-image-preview:large, max-video-preview:-1\" \/>\n<link rel=\"canonical\" href=\"https:\/\/thediplomatinspain.com\/en\/2023\/04\/21\/numerous-activities-to-celebrate-the-book-night-2023\/\" \/>\n<meta property=\"og:locale\" content=\"en_US\" \/>\n<meta property=\"og:type\" content=\"article\" \/>\n<meta property=\"og:title\" content=\"Numerous activities to celebrate the Book Night 2023 - thediplomatinspain.com\" \/>\n<meta property=\"og:description\" content=\"Today 21 April is Book Night and the diplomatic cultural houses are celebrating it with numerous activities.\" \/>\n<meta property=\"og:url\" content=\"https:\/\/thediplomatinspain.com\/en\/2023\/04\/21\/numerous-activities-to-celebrate-the-book-night-2023\/\" \/>\n<meta property=\"og:site_name\" content=\"thediplomatinspain.com\" \/>\n<meta property=\"article:publisher\" content=\"https:\/\/www.facebook.com\/thediplomatinspain\" \/>\n<meta property=\"article:published_time\" content=\"2023-04-21T02:00:53+00:00\" \/>\n<meta property=\"og:image\" content=\"https:\/\/thediplomatinspain.com\/wp-content\/uploads\/2024\/05\/La-Noche-de-los-Libros-ok.jpg\" \/>\n\t<meta property=\"og:image:width\" content=\"220\" \/>\n\t<meta property=\"og:image:height\" content=\"314\" \/>\n\t<meta property=\"og:image:type\" content=\"image\/jpeg\" \/>\n<meta name=\"author\" content=\"Redacci\u00f3n\" \/>\n<meta name=\"twitter:card\" content=\"summary_large_image\" \/>\n<meta name=\"twitter:creator\" content=\"@diplomatinspain\" \/>\n<meta name=\"twitter:site\" content=\"@diplomatinspain\" \/>\n<meta name=\"twitter:label1\" content=\"Written by\" \/>\n\t<meta name=\"twitter:data1\" content=\"Redacci\u00f3n\" \/>\n\t<meta name=\"twitter:label2\" content=\"Est. reading time\" \/>\n\t<meta name=\"twitter:data2\" content=\"6 minutes\" \/>\n<script type=\"application\/ld+json\" class=\"yoast-schema-graph\">{\"@context\":\"https:\\\/\\\/schema.org\",\"@graph\":[{\"@type\":\"Article\",\"@id\":\"https:\\\/\\\/thediplomatinspain.com\\\/en\\\/2023\\\/04\\\/21\\\/numerous-activities-to-celebrate-the-book-night-2023\\\/#article\",\"isPartOf\":{\"@id\":\"https:\\\/\\\/thediplomatinspain.com\\\/en\\\/2023\\\/04\\\/21\\\/numerous-activities-to-celebrate-the-book-night-2023\\\/\"},\"author\":{\"name\":\"Redacci\u00f3n\",\"@id\":\"https:\\\/\\\/thediplomatinspain.com\\\/#\\\/schema\\\/person\\\/90d9b3004c2822bcbe64082dad885a9c\"},\"headline\":\"Numerous activities to celebrate the Book Night 2023\",\"datePublished\":\"2023-04-21T02:00:53+00:00\",\"mainEntityOfPage\":{\"@id\":\"https:\\\/\\\/thediplomatinspain.com\\\/en\\\/2023\\\/04\\\/21\\\/numerous-activities-to-celebrate-the-book-night-2023\\\/\"},\"wordCount\":1134,\"commentCount\":0,\"publisher\":{\"@id\":\"https:\\\/\\\/thediplomatinspain.com\\\/#organization\"},\"image\":{\"@id\":\"https:\\\/\\\/thediplomatinspain.com\\\/en\\\/2023\\\/04\\\/21\\\/numerous-activities-to-celebrate-the-book-night-2023\\\/#primaryimage\"},\"thumbnailUrl\":\"https:\\\/\\\/thediplomatinspain.com\\\/wp-content\\\/uploads\\\/2024\\\/05\\\/La-Noche-de-los-Libros-ok.jpg\",\"articleSection\":[\"Culture &amp; Art\",\"Leisure\"],\"inLanguage\":\"en-US\",\"potentialAction\":[{\"@type\":\"CommentAction\",\"name\":\"Comment\",\"target\":[\"https:\\\/\\\/thediplomatinspain.com\\\/en\\\/2023\\\/04\\\/21\\\/numerous-activities-to-celebrate-the-book-night-2023\\\/#respond\"]}]},{\"@type\":\"WebPage\",\"@id\":\"https:\\\/\\\/thediplomatinspain.com\\\/en\\\/2023\\\/04\\\/21\\\/numerous-activities-to-celebrate-the-book-night-2023\\\/\",\"url\":\"https:\\\/\\\/thediplomatinspain.com\\\/en\\\/2023\\\/04\\\/21\\\/numerous-activities-to-celebrate-the-book-night-2023\\\/\",\"name\":\"Numerous activities to celebrate the Book Night 2023 - thediplomatinspain.com\",\"isPartOf\":{\"@id\":\"https:\\\/\\\/thediplomatinspain.com\\\/#website\"},\"primaryImageOfPage\":{\"@id\":\"https:\\\/\\\/thediplomatinspain.com\\\/en\\\/2023\\\/04\\\/21\\\/numerous-activities-to-celebrate-the-book-night-2023\\\/#primaryimage\"},\"image\":{\"@id\":\"https:\\\/\\\/thediplomatinspain.com\\\/en\\\/2023\\\/04\\\/21\\\/numerous-activities-to-celebrate-the-book-night-2023\\\/#primaryimage\"},\"thumbnailUrl\":\"https:\\\/\\\/thediplomatinspain.com\\\/wp-content\\\/uploads\\\/2024\\\/05\\\/La-Noche-de-los-Libros-ok.jpg\",\"datePublished\":\"2023-04-21T02:00:53+00:00\",\"breadcrumb\":{\"@id\":\"https:\\\/\\\/thediplomatinspain.com\\\/en\\\/2023\\\/04\\\/21\\\/numerous-activities-to-celebrate-the-book-night-2023\\\/#breadcrumb\"},\"inLanguage\":\"en-US\",\"potentialAction\":[{\"@type\":\"ReadAction\",\"target\":[\"https:\\\/\\\/thediplomatinspain.com\\\/en\\\/2023\\\/04\\\/21\\\/numerous-activities-to-celebrate-the-book-night-2023\\\/\"]}]},{\"@type\":\"ImageObject\",\"inLanguage\":\"en-US\",\"@id\":\"https:\\\/\\\/thediplomatinspain.com\\\/en\\\/2023\\\/04\\\/21\\\/numerous-activities-to-celebrate-the-book-night-2023\\\/#primaryimage\",\"url\":\"https:\\\/\\\/thediplomatinspain.com\\\/wp-content\\\/uploads\\\/2024\\\/05\\\/La-Noche-de-los-Libros-ok.jpg\",\"contentUrl\":\"https:\\\/\\\/thediplomatinspain.com\\\/wp-content\\\/uploads\\\/2024\\\/05\\\/La-Noche-de-los-Libros-ok.jpg\",\"width\":220,\"height\":314},{\"@type\":\"BreadcrumbList\",\"@id\":\"https:\\\/\\\/thediplomatinspain.com\\\/en\\\/2023\\\/04\\\/21\\\/numerous-activities-to-celebrate-the-book-night-2023\\\/#breadcrumb\",\"itemListElement\":[{\"@type\":\"ListItem\",\"position\":1,\"name\":\"Portada\",\"item\":\"https:\\\/\\\/thediplomatinspain.com\\\/en\\\/\"},{\"@type\":\"ListItem\",\"position\":2,\"name\":\"Numerous activities to celebrate the Book Night 2023\"}]},{\"@type\":\"WebSite\",\"@id\":\"https:\\\/\\\/thediplomatinspain.com\\\/#website\",\"url\":\"https:\\\/\\\/thediplomatinspain.com\\\/\",\"name\":\"thediplomatinspain.com\",\"description\":\"Diario digital de referencia para diplom\u00e1ticos y empresas\",\"publisher\":{\"@id\":\"https:\\\/\\\/thediplomatinspain.com\\\/#organization\"},\"potentialAction\":[{\"@type\":\"SearchAction\",\"target\":{\"@type\":\"EntryPoint\",\"urlTemplate\":\"https:\\\/\\\/thediplomatinspain.com\\\/?s={search_term_string}\"},\"query-input\":{\"@type\":\"PropertyValueSpecification\",\"valueRequired\":true,\"valueName\":\"search_term_string\"}}],\"inLanguage\":\"en-US\"},{\"@type\":\"Organization\",\"@id\":\"https:\\\/\\\/thediplomatinspain.com\\\/#organization\",\"name\":\"thediplomatinspain.com\",\"url\":\"https:\\\/\\\/thediplomatinspain.com\\\/\",\"logo\":{\"@type\":\"ImageObject\",\"inLanguage\":\"en-US\",\"@id\":\"https:\\\/\\\/thediplomatinspain.com\\\/#\\\/schema\\\/logo\\\/image\\\/\",\"url\":\"https:\\\/\\\/thediplomatinspain.com\\\/wp-content\\\/uploads\\\/2024\\\/06\\\/logo_the_diplomat.png\",\"contentUrl\":\"https:\\\/\\\/thediplomatinspain.com\\\/wp-content\\\/uploads\\\/2024\\\/06\\\/logo_the_diplomat.png\",\"width\":284,\"height\":77,\"caption\":\"thediplomatinspain.com\"},\"image\":{\"@id\":\"https:\\\/\\\/thediplomatinspain.com\\\/#\\\/schema\\\/logo\\\/image\\\/\"},\"sameAs\":[\"https:\\\/\\\/www.facebook.com\\\/thediplomatinspain\",\"https:\\\/\\\/x.com\\\/diplomatinspain\",\"https:\\\/\\\/www.youtube.com\\\/channel\\\/UCK0mRqeeZDKdFeiFQZLcH2A\"]},{\"@type\":\"Person\",\"@id\":\"https:\\\/\\\/thediplomatinspain.com\\\/#\\\/schema\\\/person\\\/90d9b3004c2822bcbe64082dad885a9c\",\"name\":\"Redacci\u00f3n\",\"image\":{\"@type\":\"ImageObject\",\"inLanguage\":\"en-US\",\"@id\":\"https:\\\/\\\/secure.gravatar.com\\\/avatar\\\/6be270e1c81317331dd99c1537c17b9683039795b5a956c595769bfada5e7067?s=96&d=mm&r=g\",\"url\":\"https:\\\/\\\/secure.gravatar.com\\\/avatar\\\/6be270e1c81317331dd99c1537c17b9683039795b5a956c595769bfada5e7067?s=96&d=mm&r=g\",\"contentUrl\":\"https:\\\/\\\/secure.gravatar.com\\\/avatar\\\/6be270e1c81317331dd99c1537c17b9683039795b5a956c595769bfada5e7067?s=96&d=mm&r=g\",\"caption\":\"Redacci\u00f3n\"},\"sameAs\":[\"https:\\\/\\\/thediplomatinspain.com\\\/\"],\"url\":\"https:\\\/\\\/thediplomatinspain.com\\\/en\\\/author\\\/soportecibeles\\\/\"},{\"@type\":[\"Organization\",\"NewsMediaOrganization\"],\"@id\":\"https:\\\/\\\/thediplomatinspain.com\\\/en\\\/#organization\"},{\"@type\":\"SiteNavigationElement\",\"@id\":\"https:\\\/\\\/thediplomatinspain.com\\\/en\\\/#site-navigation\",\"cssSelector\":[\".cib-main-menu\"]},{\"@type\":\"WPHeader\",\"@id\":\"https:\\\/\\\/thediplomatinspain.com\\\/en\\\/#header\",\"cssSelector\":[\".cib-header\"]},{\"@type\":\"WPFooter\",\"@id\":\"https:\\\/\\\/thediplomatinspain.com\\\/en\\\/#footer\",\"cssSelector\":[\".cib-footer\"]}]}<\/script>\n<!-- \/ Yoast SEO plugin. -->","yoast_head_json":{"title":"Numerous activities to celebrate the Book Night 2023 - thediplomatinspain.com","robots":{"index":"index","follow":"follow","max-snippet":"max-snippet:-1","max-image-preview":"max-image-preview:large","max-video-preview":"max-video-preview:-1"},"canonical":"https:\/\/thediplomatinspain.com\/en\/2023\/04\/21\/numerous-activities-to-celebrate-the-book-night-2023\/","og_locale":"en_US","og_type":"article","og_title":"Numerous activities to celebrate the Book Night 2023 - thediplomatinspain.com","og_description":"Today 21 April is Book Night and the diplomatic cultural houses are celebrating it with numerous activities.","og_url":"https:\/\/thediplomatinspain.com\/en\/2023\/04\/21\/numerous-activities-to-celebrate-the-book-night-2023\/","og_site_name":"thediplomatinspain.com","article_publisher":"https:\/\/www.facebook.com\/thediplomatinspain","article_published_time":"2023-04-21T02:00:53+00:00","og_image":[{"width":220,"height":314,"url":"https:\/\/thediplomatinspain.com\/wp-content\/uploads\/2024\/05\/La-Noche-de-los-Libros-ok.jpg","type":"image\/jpeg"}],"author":"Redacci\u00f3n","twitter_card":"summary_large_image","twitter_creator":"@diplomatinspain","twitter_site":"@diplomatinspain","twitter_misc":{"Written by":"Redacci\u00f3n","Est. reading time":"6 minutes"},"schema":{"@context":"https:\/\/schema.org","@graph":[{"@type":"Article","@id":"https:\/\/thediplomatinspain.com\/en\/2023\/04\/21\/numerous-activities-to-celebrate-the-book-night-2023\/#article","isPartOf":{"@id":"https:\/\/thediplomatinspain.com\/en\/2023\/04\/21\/numerous-activities-to-celebrate-the-book-night-2023\/"},"author":{"name":"Redacci\u00f3n","@id":"https:\/\/thediplomatinspain.com\/#\/schema\/person\/90d9b3004c2822bcbe64082dad885a9c"},"headline":"Numerous activities to celebrate the Book Night 2023","datePublished":"2023-04-21T02:00:53+00:00","mainEntityOfPage":{"@id":"https:\/\/thediplomatinspain.com\/en\/2023\/04\/21\/numerous-activities-to-celebrate-the-book-night-2023\/"},"wordCount":1134,"commentCount":0,"publisher":{"@id":"https:\/\/thediplomatinspain.com\/#organization"},"image":{"@id":"https:\/\/thediplomatinspain.com\/en\/2023\/04\/21\/numerous-activities-to-celebrate-the-book-night-2023\/#primaryimage"},"thumbnailUrl":"https:\/\/thediplomatinspain.com\/wp-content\/uploads\/2024\/05\/La-Noche-de-los-Libros-ok.jpg","articleSection":["Culture &amp; Art","Leisure"],"inLanguage":"en-US","potentialAction":[{"@type":"CommentAction","name":"Comment","target":["https:\/\/thediplomatinspain.com\/en\/2023\/04\/21\/numerous-activities-to-celebrate-the-book-night-2023\/#respond"]}]},{"@type":"WebPage","@id":"https:\/\/thediplomatinspain.com\/en\/2023\/04\/21\/numerous-activities-to-celebrate-the-book-night-2023\/","url":"https:\/\/thediplomatinspain.com\/en\/2023\/04\/21\/numerous-activities-to-celebrate-the-book-night-2023\/","name":"Numerous activities to celebrate the Book Night 2023 - thediplomatinspain.com","isPartOf":{"@id":"https:\/\/thediplomatinspain.com\/#website"},"primaryImageOfPage":{"@id":"https:\/\/thediplomatinspain.com\/en\/2023\/04\/21\/numerous-activities-to-celebrate-the-book-night-2023\/#primaryimage"},"image":{"@id":"https:\/\/thediplomatinspain.com\/en\/2023\/04\/21\/numerous-activities-to-celebrate-the-book-night-2023\/#primaryimage"},"thumbnailUrl":"https:\/\/thediplomatinspain.com\/wp-content\/uploads\/2024\/05\/La-Noche-de-los-Libros-ok.jpg","datePublished":"2023-04-21T02:00:53+00:00","breadcrumb":{"@id":"https:\/\/thediplomatinspain.com\/en\/2023\/04\/21\/numerous-activities-to-celebrate-the-book-night-2023\/#breadcrumb"},"inLanguage":"en-US","potentialAction":[{"@type":"ReadAction","target":["https:\/\/thediplomatinspain.com\/en\/2023\/04\/21\/numerous-activities-to-celebrate-the-book-night-2023\/"]}]},{"@type":"ImageObject","inLanguage":"en-US","@id":"https:\/\/thediplomatinspain.com\/en\/2023\/04\/21\/numerous-activities-to-celebrate-the-book-night-2023\/#primaryimage","url":"https:\/\/thediplomatinspain.com\/wp-content\/uploads\/2024\/05\/La-Noche-de-los-Libros-ok.jpg","contentUrl":"https:\/\/thediplomatinspain.com\/wp-content\/uploads\/2024\/05\/La-Noche-de-los-Libros-ok.jpg","width":220,"height":314},{"@type":"BreadcrumbList","@id":"https:\/\/thediplomatinspain.com\/en\/2023\/04\/21\/numerous-activities-to-celebrate-the-book-night-2023\/#breadcrumb","itemListElement":[{"@type":"ListItem","position":1,"name":"Portada","item":"https:\/\/thediplomatinspain.com\/en\/"},{"@type":"ListItem","position":2,"name":"Numerous activities to celebrate the Book Night 2023"}]},{"@type":"WebSite","@id":"https:\/\/thediplomatinspain.com\/#website","url":"https:\/\/thediplomatinspain.com\/","name":"thediplomatinspain.com","description":"Diario digital de referencia para diplom\u00e1ticos y empresas","publisher":{"@id":"https:\/\/thediplomatinspain.com\/#organization"},"potentialAction":[{"@type":"SearchAction","target":{"@type":"EntryPoint","urlTemplate":"https:\/\/thediplomatinspain.com\/?s={search_term_string}"},"query-input":{"@type":"PropertyValueSpecification","valueRequired":true,"valueName":"search_term_string"}}],"inLanguage":"en-US"},{"@type":"Organization","@id":"https:\/\/thediplomatinspain.com\/#organization","name":"thediplomatinspain.com","url":"https:\/\/thediplomatinspain.com\/","logo":{"@type":"ImageObject","inLanguage":"en-US","@id":"https:\/\/thediplomatinspain.com\/#\/schema\/logo\/image\/","url":"https:\/\/thediplomatinspain.com\/wp-content\/uploads\/2024\/06\/logo_the_diplomat.png","contentUrl":"https:\/\/thediplomatinspain.com\/wp-content\/uploads\/2024\/06\/logo_the_diplomat.png","width":284,"height":77,"caption":"thediplomatinspain.com"},"image":{"@id":"https:\/\/thediplomatinspain.com\/#\/schema\/logo\/image\/"},"sameAs":["https:\/\/www.facebook.com\/thediplomatinspain","https:\/\/x.com\/diplomatinspain","https:\/\/www.youtube.com\/channel\/UCK0mRqeeZDKdFeiFQZLcH2A"]},{"@type":"Person","@id":"https:\/\/thediplomatinspain.com\/#\/schema\/person\/90d9b3004c2822bcbe64082dad885a9c","name":"Redacci\u00f3n","image":{"@type":"ImageObject","inLanguage":"en-US","@id":"https:\/\/secure.gravatar.com\/avatar\/6be270e1c81317331dd99c1537c17b9683039795b5a956c595769bfada5e7067?s=96&d=mm&r=g","url":"https:\/\/secure.gravatar.com\/avatar\/6be270e1c81317331dd99c1537c17b9683039795b5a956c595769bfada5e7067?s=96&d=mm&r=g","contentUrl":"https:\/\/secure.gravatar.com\/avatar\/6be270e1c81317331dd99c1537c17b9683039795b5a956c595769bfada5e7067?s=96&d=mm&r=g","caption":"Redacci\u00f3n"},"sameAs":["https:\/\/thediplomatinspain.com\/"],"url":"https:\/\/thediplomatinspain.com\/en\/author\/soportecibeles\/"},{"@type":["Organization","NewsMediaOrganization"],"@id":"https:\/\/thediplomatinspain.com\/en\/#organization"},{"@type":"SiteNavigationElement","@id":"https:\/\/thediplomatinspain.com\/en\/#site-navigation","cssSelector":[".cib-main-menu"]},{"@type":"WPHeader","@id":"https:\/\/thediplomatinspain.com\/en\/#header","cssSelector":[".cib-header"]},{"@type":"WPFooter","@id":"https:\/\/thediplomatinspain.com\/en\/#footer","cssSelector":[".cib-footer"]}]}},"amp_enabled":true,"_links":{"self":[{"href":"https:\/\/thediplomatinspain.com\/en\/wp-json\/wp\/v2\/posts\/79741","targetHints":{"allow":["GET"]}}],"collection":[{"href":"https:\/\/thediplomatinspain.com\/en\/wp-json\/wp\/v2\/posts"}],"about":[{"href":"https:\/\/thediplomatinspain.com\/en\/wp-json\/wp\/v2\/types\/post"}],"author":[{"embeddable":true,"href":"https:\/\/thediplomatinspain.com\/en\/wp-json\/wp\/v2\/users\/1"}],"replies":[{"embeddable":true,"href":"https:\/\/thediplomatinspain.com\/en\/wp-json\/wp\/v2\/comments?post=79741"}],"version-history":[{"count":0,"href":"https:\/\/thediplomatinspain.com\/en\/wp-json\/wp\/v2\/posts\/79741\/revisions"}],"wp:featuredmedia":[{"embeddable":true,"href":"https:\/\/thediplomatinspain.com\/en\/wp-json\/wp\/v2\/media\/51324"}],"wp:attachment":[{"href":"https:\/\/thediplomatinspain.com\/en\/wp-json\/wp\/v2\/media?parent=79741"}],"wp:term":[{"taxonomy":"category","embeddable":true,"href":"https:\/\/thediplomatinspain.com\/en\/wp-json\/wp\/v2\/categories?post=79741"},{"taxonomy":"post_tag","embeddable":true,"href":"https:\/\/thediplomatinspain.com\/en\/wp-json\/wp\/v2\/tags?post=79741"}],"curies":[{"name":"wp","href":"https:\/\/api.w.org\/{rel}","templated":true}]}}