{"id":79731,"date":"2023-04-20T04:00:23","date_gmt":"2023-04-20T02:00:23","guid":{"rendered":"https:\/\/zen-hopper.82-223-81-17.plesk.page\/2023\/04\/20\/la-filarmonica-presents-pinchas-zukerman-at-the-auditorio-nacional\/"},"modified":"2023-04-20T04:00:23","modified_gmt":"2023-04-20T02:00:23","slug":"la-filarmonica-presents-pinchas-zukerman-at-the-auditorio-nacional","status":"publish","type":"post","link":"https:\/\/thediplomatinspain.com\/en\/2023\/04\/20\/la-filarmonica-presents-pinchas-zukerman-at-the-auditorio-nacional\/","title":{"rendered":"La Filarm\u00f3nica presents Pinchas Zukerman at the Auditorio Nacional"},"content":{"rendered":"<p>&nbsp;<\/p>\n<p>Next Tuesday 25 April at 19.30, the <strong>Sociedad de Conciertos La Filarm\u00f3nica<\/strong> presents the violinist <strong>Pinchas Zukerman<\/strong> and <strong>Anton\u00edn Dvo\u0159\u00e1k&#8217;s<\/strong> <em>New World Symphony <\/em>at the Symphonic Hall of the <strong>Auditorio Nacional de M\u00fasica.<\/strong><\/p>\n<p>&nbsp;<\/p>\n<p>In the late 19th and early 20th centuries, the United States was a country of welcome and opportunity. In 1892, Anton\u00edn Dvo\u0159\u00e1k emigrated to New York to direct the American National Conservatory of Music. His stay in the country inspired him to write this beautiful work which would make him famous, and which was premiered in the symbolic Carnegie Hall.<\/p>\n<p>&nbsp;<\/p>\n<p>The first part of the concert will feature the legendary violinist <strong>Pinchas Zukerman<\/strong> (pictured) performing <strong>Beethoven&#8217;s<\/strong> <em>Violin Concerto in D major op. 61.<\/em> Pinchas, like Dvo\u0159\u00e1k, also emigrated to New York, building at Carnegie Hall a very important part of his career. Zukerman grew up and was educated in New York, where he met his friends <strong>Isaac Stern, Itzhak Perlman, Jacqueline du Pr\u00e9, Zubin Mehta <\/strong>and<strong> Daniel Barenboim.<\/strong> Together, they revolutionised Carnegie Hall and New York musically. Pinchas, the youngest of that generation, is the heir to the most important violin tradition in history. Today, in splendid maturity, each of his performances becomes a legacy.<\/p>\n<p>&nbsp;<\/p>\n<p>Under the baton of conductor <strong>Tatsuya Shimono,<\/strong> <strong>Penderecki&#8217;s<\/strong> <em>Chaconne in memoriam Giovanni Paolo II <\/em>completes the concert programme. Tickets can be purchased <a href=\"https:\/\/lafilarmonica.koobin.com\/index.php?action=PU_evento&amp;Ev_id=286&amp;idioma=ES&amp;_ga=2.92628317.1506676252.1677228255-585171679.1662123454&amp;utm_source=BBDD+Global&amp;utm_campaign=38c28ef93a-Pre+concierto+Chaikovsky_COPY_01&amp;utm_medium=email&amp;utm_term=0_836b5b0694-38c28ef93a-138274645\" target=\"_blank\" rel=\"noopener noreferrer\"><strong>here.<\/strong><\/a><\/p>\n<p>&nbsp;<\/p>\n<p>&nbsp;<\/p>\n","protected":false},"excerpt":{"rendered":"<p>La Filarm\u00f3nica presents violinist Pinchas Zukerman and Dvo\u0159\u00e1k&#8217;s New World Symphony at the Auditorio Nacional de M\u00fasica.<\/p>\n","protected":false},"author":1,"featured_media":51315,"comment_status":"open","ping_status":"open","sticky":false,"template":"","format":"standard","meta":{"jnews-multi-image_gallery":[],"jnews_single_post":[],"jnews_primary_category":[],"jnews_social_meta":[],"jnews_override_counter":[],"jnews_post_split":[],"footnotes":""},"categories":[179,176],"tags":[],"class_list":["post-79731","post","type-post","status-publish","format-standard","has-post-thumbnail","hentry","category-entertainment","category-leisure"],"yoast_head":"<!-- This site is optimized with the Yoast SEO plugin v27.4 - https:\/\/yoast.com\/product\/yoast-seo-wordpress\/ -->\n<title>La Filarm\u00f3nica presents Pinchas Zukerman at the Auditorio Nacional - thediplomatinspain.com<\/title>\n<meta name=\"robots\" content=\"index, follow, max-snippet:-1, max-image-preview:large, max-video-preview:-1\" \/>\n<link rel=\"canonical\" href=\"https:\/\/thediplomatinspain.com\/en\/2023\/04\/20\/la-filarmonica-presents-pinchas-zukerman-at-the-auditorio-nacional\/\" \/>\n<meta property=\"og:locale\" content=\"en_US\" \/>\n<meta property=\"og:type\" content=\"article\" \/>\n<meta property=\"og:title\" content=\"La Filarm\u00f3nica presents Pinchas Zukerman at the Auditorio Nacional - thediplomatinspain.com\" \/>\n<meta property=\"og:description\" content=\"La Filarm\u00f3nica presents violinist Pinchas Zukerman and Dvo\u0159\u00e1k&#039;s New World Symphony at the Auditorio Nacional de M\u00fasica.\" \/>\n<meta property=\"og:url\" content=\"https:\/\/thediplomatinspain.com\/en\/2023\/04\/20\/la-filarmonica-presents-pinchas-zukerman-at-the-auditorio-nacional\/\" \/>\n<meta property=\"og:site_name\" content=\"thediplomatinspain.com\" \/>\n<meta property=\"article:publisher\" content=\"https:\/\/www.facebook.com\/thediplomatinspain\" \/>\n<meta property=\"article:published_time\" content=\"2023-04-20T02:00:23+00:00\" \/>\n<meta property=\"og:image\" content=\"https:\/\/thediplomatinspain.com\/wp-content\/uploads\/2024\/05\/Pinchas-Nuevo-Mundo-ok.jpg\" \/>\n\t<meta property=\"og:image:width\" content=\"220\" \/>\n\t<meta property=\"og:image:height\" content=\"314\" \/>\n\t<meta property=\"og:image:type\" content=\"image\/jpeg\" \/>\n<meta name=\"author\" content=\"Redacci\u00f3n\" \/>\n<meta name=\"twitter:card\" content=\"summary_large_image\" \/>\n<meta name=\"twitter:creator\" content=\"@diplomatinspain\" \/>\n<meta name=\"twitter:site\" content=\"@diplomatinspain\" \/>\n<meta name=\"twitter:label1\" content=\"Written by\" \/>\n\t<meta name=\"twitter:data1\" content=\"Redacci\u00f3n\" \/>\n\t<meta name=\"twitter:label2\" content=\"Est. reading time\" \/>\n\t<meta name=\"twitter:data2\" content=\"1 minute\" \/>\n<script type=\"application\/ld+json\" class=\"yoast-schema-graph\">{\"@context\":\"https:\\\/\\\/schema.org\",\"@graph\":[{\"@type\":\"Article\",\"@id\":\"https:\\\/\\\/thediplomatinspain.com\\\/en\\\/2023\\\/04\\\/20\\\/la-filarmonica-presents-pinchas-zukerman-at-the-auditorio-nacional\\\/#article\",\"isPartOf\":{\"@id\":\"https:\\\/\\\/thediplomatinspain.com\\\/en\\\/2023\\\/04\\\/20\\\/la-filarmonica-presents-pinchas-zukerman-at-the-auditorio-nacional\\\/\"},\"author\":{\"name\":\"Redacci\u00f3n\",\"@id\":\"https:\\\/\\\/thediplomatinspain.com\\\/#\\\/schema\\\/person\\\/90d9b3004c2822bcbe64082dad885a9c\"},\"headline\":\"La Filarm\u00f3nica presents Pinchas Zukerman at the Auditorio Nacional\",\"datePublished\":\"2023-04-20T02:00:23+00:00\",\"mainEntityOfPage\":{\"@id\":\"https:\\\/\\\/thediplomatinspain.com\\\/en\\\/2023\\\/04\\\/20\\\/la-filarmonica-presents-pinchas-zukerman-at-the-auditorio-nacional\\\/\"},\"wordCount\":243,\"commentCount\":0,\"publisher\":{\"@id\":\"https:\\\/\\\/thediplomatinspain.com\\\/#organization\"},\"image\":{\"@id\":\"https:\\\/\\\/thediplomatinspain.com\\\/en\\\/2023\\\/04\\\/20\\\/la-filarmonica-presents-pinchas-zukerman-at-the-auditorio-nacional\\\/#primaryimage\"},\"thumbnailUrl\":\"https:\\\/\\\/thediplomatinspain.com\\\/wp-content\\\/uploads\\\/2024\\\/05\\\/Pinchas-Nuevo-Mundo-ok.jpg\",\"articleSection\":[\"Entertainment\",\"Leisure\"],\"inLanguage\":\"en-US\",\"potentialAction\":[{\"@type\":\"CommentAction\",\"name\":\"Comment\",\"target\":[\"https:\\\/\\\/thediplomatinspain.com\\\/en\\\/2023\\\/04\\\/20\\\/la-filarmonica-presents-pinchas-zukerman-at-the-auditorio-nacional\\\/#respond\"]}]},{\"@type\":\"WebPage\",\"@id\":\"https:\\\/\\\/thediplomatinspain.com\\\/en\\\/2023\\\/04\\\/20\\\/la-filarmonica-presents-pinchas-zukerman-at-the-auditorio-nacional\\\/\",\"url\":\"https:\\\/\\\/thediplomatinspain.com\\\/en\\\/2023\\\/04\\\/20\\\/la-filarmonica-presents-pinchas-zukerman-at-the-auditorio-nacional\\\/\",\"name\":\"La Filarm\u00f3nica presents Pinchas Zukerman at the Auditorio Nacional - thediplomatinspain.com\",\"isPartOf\":{\"@id\":\"https:\\\/\\\/thediplomatinspain.com\\\/#website\"},\"primaryImageOfPage\":{\"@id\":\"https:\\\/\\\/thediplomatinspain.com\\\/en\\\/2023\\\/04\\\/20\\\/la-filarmonica-presents-pinchas-zukerman-at-the-auditorio-nacional\\\/#primaryimage\"},\"image\":{\"@id\":\"https:\\\/\\\/thediplomatinspain.com\\\/en\\\/2023\\\/04\\\/20\\\/la-filarmonica-presents-pinchas-zukerman-at-the-auditorio-nacional\\\/#primaryimage\"},\"thumbnailUrl\":\"https:\\\/\\\/thediplomatinspain.com\\\/wp-content\\\/uploads\\\/2024\\\/05\\\/Pinchas-Nuevo-Mundo-ok.jpg\",\"datePublished\":\"2023-04-20T02:00:23+00:00\",\"breadcrumb\":{\"@id\":\"https:\\\/\\\/thediplomatinspain.com\\\/en\\\/2023\\\/04\\\/20\\\/la-filarmonica-presents-pinchas-zukerman-at-the-auditorio-nacional\\\/#breadcrumb\"},\"inLanguage\":\"en-US\",\"potentialAction\":[{\"@type\":\"ReadAction\",\"target\":[\"https:\\\/\\\/thediplomatinspain.com\\\/en\\\/2023\\\/04\\\/20\\\/la-filarmonica-presents-pinchas-zukerman-at-the-auditorio-nacional\\\/\"]}]},{\"@type\":\"ImageObject\",\"inLanguage\":\"en-US\",\"@id\":\"https:\\\/\\\/thediplomatinspain.com\\\/en\\\/2023\\\/04\\\/20\\\/la-filarmonica-presents-pinchas-zukerman-at-the-auditorio-nacional\\\/#primaryimage\",\"url\":\"https:\\\/\\\/thediplomatinspain.com\\\/wp-content\\\/uploads\\\/2024\\\/05\\\/Pinchas-Nuevo-Mundo-ok.jpg\",\"contentUrl\":\"https:\\\/\\\/thediplomatinspain.com\\\/wp-content\\\/uploads\\\/2024\\\/05\\\/Pinchas-Nuevo-Mundo-ok.jpg\",\"width\":220,\"height\":314},{\"@type\":\"BreadcrumbList\",\"@id\":\"https:\\\/\\\/thediplomatinspain.com\\\/en\\\/2023\\\/04\\\/20\\\/la-filarmonica-presents-pinchas-zukerman-at-the-auditorio-nacional\\\/#breadcrumb\",\"itemListElement\":[{\"@type\":\"ListItem\",\"position\":1,\"name\":\"Portada\",\"item\":\"https:\\\/\\\/thediplomatinspain.com\\\/en\\\/\"},{\"@type\":\"ListItem\",\"position\":2,\"name\":\"La Filarm\u00f3nica presents Pinchas Zukerman at the Auditorio Nacional\"}]},{\"@type\":\"WebSite\",\"@id\":\"https:\\\/\\\/thediplomatinspain.com\\\/#website\",\"url\":\"https:\\\/\\\/thediplomatinspain.com\\\/\",\"name\":\"thediplomatinspain.com\",\"description\":\"Diario digital de referencia para diplom\u00e1ticos y empresas\",\"publisher\":{\"@id\":\"https:\\\/\\\/thediplomatinspain.com\\\/#organization\"},\"potentialAction\":[{\"@type\":\"SearchAction\",\"target\":{\"@type\":\"EntryPoint\",\"urlTemplate\":\"https:\\\/\\\/thediplomatinspain.com\\\/?s={search_term_string}\"},\"query-input\":{\"@type\":\"PropertyValueSpecification\",\"valueRequired\":true,\"valueName\":\"search_term_string\"}}],\"inLanguage\":\"en-US\"},{\"@type\":\"Organization\",\"@id\":\"https:\\\/\\\/thediplomatinspain.com\\\/#organization\",\"name\":\"thediplomatinspain.com\",\"url\":\"https:\\\/\\\/thediplomatinspain.com\\\/\",\"logo\":{\"@type\":\"ImageObject\",\"inLanguage\":\"en-US\",\"@id\":\"https:\\\/\\\/thediplomatinspain.com\\\/#\\\/schema\\\/logo\\\/image\\\/\",\"url\":\"https:\\\/\\\/thediplomatinspain.com\\\/wp-content\\\/uploads\\\/2024\\\/06\\\/logo_the_diplomat.png\",\"contentUrl\":\"https:\\\/\\\/thediplomatinspain.com\\\/wp-content\\\/uploads\\\/2024\\\/06\\\/logo_the_diplomat.png\",\"width\":284,\"height\":77,\"caption\":\"thediplomatinspain.com\"},\"image\":{\"@id\":\"https:\\\/\\\/thediplomatinspain.com\\\/#\\\/schema\\\/logo\\\/image\\\/\"},\"sameAs\":[\"https:\\\/\\\/www.facebook.com\\\/thediplomatinspain\",\"https:\\\/\\\/x.com\\\/diplomatinspain\",\"https:\\\/\\\/www.youtube.com\\\/channel\\\/UCK0mRqeeZDKdFeiFQZLcH2A\"]},{\"@type\":\"Person\",\"@id\":\"https:\\\/\\\/thediplomatinspain.com\\\/#\\\/schema\\\/person\\\/90d9b3004c2822bcbe64082dad885a9c\",\"name\":\"Redacci\u00f3n\",\"image\":{\"@type\":\"ImageObject\",\"inLanguage\":\"en-US\",\"@id\":\"https:\\\/\\\/secure.gravatar.com\\\/avatar\\\/6be270e1c81317331dd99c1537c17b9683039795b5a956c595769bfada5e7067?s=96&d=mm&r=g\",\"url\":\"https:\\\/\\\/secure.gravatar.com\\\/avatar\\\/6be270e1c81317331dd99c1537c17b9683039795b5a956c595769bfada5e7067?s=96&d=mm&r=g\",\"contentUrl\":\"https:\\\/\\\/secure.gravatar.com\\\/avatar\\\/6be270e1c81317331dd99c1537c17b9683039795b5a956c595769bfada5e7067?s=96&d=mm&r=g\",\"caption\":\"Redacci\u00f3n\"},\"sameAs\":[\"https:\\\/\\\/thediplomatinspain.com\\\/\"],\"url\":\"https:\\\/\\\/thediplomatinspain.com\\\/en\\\/author\\\/soportecibeles\\\/\"},{\"@type\":[\"Organization\",\"NewsMediaOrganization\"],\"@id\":\"https:\\\/\\\/thediplomatinspain.com\\\/en\\\/#organization\"},{\"@type\":\"SiteNavigationElement\",\"@id\":\"https:\\\/\\\/thediplomatinspain.com\\\/en\\\/#site-navigation\",\"cssSelector\":[\".cib-main-menu\"]},{\"@type\":\"WPHeader\",\"@id\":\"https:\\\/\\\/thediplomatinspain.com\\\/en\\\/#header\",\"cssSelector\":[\".cib-header\"]},{\"@type\":\"WPFooter\",\"@id\":\"https:\\\/\\\/thediplomatinspain.com\\\/en\\\/#footer\",\"cssSelector\":[\".cib-footer\"]}]}<\/script>\n<!-- \/ Yoast SEO plugin. -->","yoast_head_json":{"title":"La Filarm\u00f3nica presents Pinchas Zukerman at the Auditorio Nacional - thediplomatinspain.com","robots":{"index":"index","follow":"follow","max-snippet":"max-snippet:-1","max-image-preview":"max-image-preview:large","max-video-preview":"max-video-preview:-1"},"canonical":"https:\/\/thediplomatinspain.com\/en\/2023\/04\/20\/la-filarmonica-presents-pinchas-zukerman-at-the-auditorio-nacional\/","og_locale":"en_US","og_type":"article","og_title":"La Filarm\u00f3nica presents Pinchas Zukerman at the Auditorio Nacional - thediplomatinspain.com","og_description":"La Filarm\u00f3nica presents violinist Pinchas Zukerman and Dvo\u0159\u00e1k's New World Symphony at the Auditorio Nacional de M\u00fasica.","og_url":"https:\/\/thediplomatinspain.com\/en\/2023\/04\/20\/la-filarmonica-presents-pinchas-zukerman-at-the-auditorio-nacional\/","og_site_name":"thediplomatinspain.com","article_publisher":"https:\/\/www.facebook.com\/thediplomatinspain","article_published_time":"2023-04-20T02:00:23+00:00","og_image":[{"width":220,"height":314,"url":"https:\/\/thediplomatinspain.com\/wp-content\/uploads\/2024\/05\/Pinchas-Nuevo-Mundo-ok.jpg","type":"image\/jpeg"}],"author":"Redacci\u00f3n","twitter_card":"summary_large_image","twitter_creator":"@diplomatinspain","twitter_site":"@diplomatinspain","twitter_misc":{"Written by":"Redacci\u00f3n","Est. reading time":"1 minute"},"schema":{"@context":"https:\/\/schema.org","@graph":[{"@type":"Article","@id":"https:\/\/thediplomatinspain.com\/en\/2023\/04\/20\/la-filarmonica-presents-pinchas-zukerman-at-the-auditorio-nacional\/#article","isPartOf":{"@id":"https:\/\/thediplomatinspain.com\/en\/2023\/04\/20\/la-filarmonica-presents-pinchas-zukerman-at-the-auditorio-nacional\/"},"author":{"name":"Redacci\u00f3n","@id":"https:\/\/thediplomatinspain.com\/#\/schema\/person\/90d9b3004c2822bcbe64082dad885a9c"},"headline":"La Filarm\u00f3nica presents Pinchas Zukerman at the Auditorio Nacional","datePublished":"2023-04-20T02:00:23+00:00","mainEntityOfPage":{"@id":"https:\/\/thediplomatinspain.com\/en\/2023\/04\/20\/la-filarmonica-presents-pinchas-zukerman-at-the-auditorio-nacional\/"},"wordCount":243,"commentCount":0,"publisher":{"@id":"https:\/\/thediplomatinspain.com\/#organization"},"image":{"@id":"https:\/\/thediplomatinspain.com\/en\/2023\/04\/20\/la-filarmonica-presents-pinchas-zukerman-at-the-auditorio-nacional\/#primaryimage"},"thumbnailUrl":"https:\/\/thediplomatinspain.com\/wp-content\/uploads\/2024\/05\/Pinchas-Nuevo-Mundo-ok.jpg","articleSection":["Entertainment","Leisure"],"inLanguage":"en-US","potentialAction":[{"@type":"CommentAction","name":"Comment","target":["https:\/\/thediplomatinspain.com\/en\/2023\/04\/20\/la-filarmonica-presents-pinchas-zukerman-at-the-auditorio-nacional\/#respond"]}]},{"@type":"WebPage","@id":"https:\/\/thediplomatinspain.com\/en\/2023\/04\/20\/la-filarmonica-presents-pinchas-zukerman-at-the-auditorio-nacional\/","url":"https:\/\/thediplomatinspain.com\/en\/2023\/04\/20\/la-filarmonica-presents-pinchas-zukerman-at-the-auditorio-nacional\/","name":"La Filarm\u00f3nica presents Pinchas Zukerman at the Auditorio Nacional - thediplomatinspain.com","isPartOf":{"@id":"https:\/\/thediplomatinspain.com\/#website"},"primaryImageOfPage":{"@id":"https:\/\/thediplomatinspain.com\/en\/2023\/04\/20\/la-filarmonica-presents-pinchas-zukerman-at-the-auditorio-nacional\/#primaryimage"},"image":{"@id":"https:\/\/thediplomatinspain.com\/en\/2023\/04\/20\/la-filarmonica-presents-pinchas-zukerman-at-the-auditorio-nacional\/#primaryimage"},"thumbnailUrl":"https:\/\/thediplomatinspain.com\/wp-content\/uploads\/2024\/05\/Pinchas-Nuevo-Mundo-ok.jpg","datePublished":"2023-04-20T02:00:23+00:00","breadcrumb":{"@id":"https:\/\/thediplomatinspain.com\/en\/2023\/04\/20\/la-filarmonica-presents-pinchas-zukerman-at-the-auditorio-nacional\/#breadcrumb"},"inLanguage":"en-US","potentialAction":[{"@type":"ReadAction","target":["https:\/\/thediplomatinspain.com\/en\/2023\/04\/20\/la-filarmonica-presents-pinchas-zukerman-at-the-auditorio-nacional\/"]}]},{"@type":"ImageObject","inLanguage":"en-US","@id":"https:\/\/thediplomatinspain.com\/en\/2023\/04\/20\/la-filarmonica-presents-pinchas-zukerman-at-the-auditorio-nacional\/#primaryimage","url":"https:\/\/thediplomatinspain.com\/wp-content\/uploads\/2024\/05\/Pinchas-Nuevo-Mundo-ok.jpg","contentUrl":"https:\/\/thediplomatinspain.com\/wp-content\/uploads\/2024\/05\/Pinchas-Nuevo-Mundo-ok.jpg","width":220,"height":314},{"@type":"BreadcrumbList","@id":"https:\/\/thediplomatinspain.com\/en\/2023\/04\/20\/la-filarmonica-presents-pinchas-zukerman-at-the-auditorio-nacional\/#breadcrumb","itemListElement":[{"@type":"ListItem","position":1,"name":"Portada","item":"https:\/\/thediplomatinspain.com\/en\/"},{"@type":"ListItem","position":2,"name":"La Filarm\u00f3nica presents Pinchas Zukerman at the Auditorio Nacional"}]},{"@type":"WebSite","@id":"https:\/\/thediplomatinspain.com\/#website","url":"https:\/\/thediplomatinspain.com\/","name":"thediplomatinspain.com","description":"Diario digital de referencia para diplom\u00e1ticos y empresas","publisher":{"@id":"https:\/\/thediplomatinspain.com\/#organization"},"potentialAction":[{"@type":"SearchAction","target":{"@type":"EntryPoint","urlTemplate":"https:\/\/thediplomatinspain.com\/?s={search_term_string}"},"query-input":{"@type":"PropertyValueSpecification","valueRequired":true,"valueName":"search_term_string"}}],"inLanguage":"en-US"},{"@type":"Organization","@id":"https:\/\/thediplomatinspain.com\/#organization","name":"thediplomatinspain.com","url":"https:\/\/thediplomatinspain.com\/","logo":{"@type":"ImageObject","inLanguage":"en-US","@id":"https:\/\/thediplomatinspain.com\/#\/schema\/logo\/image\/","url":"https:\/\/thediplomatinspain.com\/wp-content\/uploads\/2024\/06\/logo_the_diplomat.png","contentUrl":"https:\/\/thediplomatinspain.com\/wp-content\/uploads\/2024\/06\/logo_the_diplomat.png","width":284,"height":77,"caption":"thediplomatinspain.com"},"image":{"@id":"https:\/\/thediplomatinspain.com\/#\/schema\/logo\/image\/"},"sameAs":["https:\/\/www.facebook.com\/thediplomatinspain","https:\/\/x.com\/diplomatinspain","https:\/\/www.youtube.com\/channel\/UCK0mRqeeZDKdFeiFQZLcH2A"]},{"@type":"Person","@id":"https:\/\/thediplomatinspain.com\/#\/schema\/person\/90d9b3004c2822bcbe64082dad885a9c","name":"Redacci\u00f3n","image":{"@type":"ImageObject","inLanguage":"en-US","@id":"https:\/\/secure.gravatar.com\/avatar\/6be270e1c81317331dd99c1537c17b9683039795b5a956c595769bfada5e7067?s=96&d=mm&r=g","url":"https:\/\/secure.gravatar.com\/avatar\/6be270e1c81317331dd99c1537c17b9683039795b5a956c595769bfada5e7067?s=96&d=mm&r=g","contentUrl":"https:\/\/secure.gravatar.com\/avatar\/6be270e1c81317331dd99c1537c17b9683039795b5a956c595769bfada5e7067?s=96&d=mm&r=g","caption":"Redacci\u00f3n"},"sameAs":["https:\/\/thediplomatinspain.com\/"],"url":"https:\/\/thediplomatinspain.com\/en\/author\/soportecibeles\/"},{"@type":["Organization","NewsMediaOrganization"],"@id":"https:\/\/thediplomatinspain.com\/en\/#organization"},{"@type":"SiteNavigationElement","@id":"https:\/\/thediplomatinspain.com\/en\/#site-navigation","cssSelector":[".cib-main-menu"]},{"@type":"WPHeader","@id":"https:\/\/thediplomatinspain.com\/en\/#header","cssSelector":[".cib-header"]},{"@type":"WPFooter","@id":"https:\/\/thediplomatinspain.com\/en\/#footer","cssSelector":[".cib-footer"]}]}},"amp_enabled":true,"_links":{"self":[{"href":"https:\/\/thediplomatinspain.com\/en\/wp-json\/wp\/v2\/posts\/79731","targetHints":{"allow":["GET"]}}],"collection":[{"href":"https:\/\/thediplomatinspain.com\/en\/wp-json\/wp\/v2\/posts"}],"about":[{"href":"https:\/\/thediplomatinspain.com\/en\/wp-json\/wp\/v2\/types\/post"}],"author":[{"embeddable":true,"href":"https:\/\/thediplomatinspain.com\/en\/wp-json\/wp\/v2\/users\/1"}],"replies":[{"embeddable":true,"href":"https:\/\/thediplomatinspain.com\/en\/wp-json\/wp\/v2\/comments?post=79731"}],"version-history":[{"count":0,"href":"https:\/\/thediplomatinspain.com\/en\/wp-json\/wp\/v2\/posts\/79731\/revisions"}],"wp:featuredmedia":[{"embeddable":true,"href":"https:\/\/thediplomatinspain.com\/en\/wp-json\/wp\/v2\/media\/51315"}],"wp:attachment":[{"href":"https:\/\/thediplomatinspain.com\/en\/wp-json\/wp\/v2\/media?parent=79731"}],"wp:term":[{"taxonomy":"category","embeddable":true,"href":"https:\/\/thediplomatinspain.com\/en\/wp-json\/wp\/v2\/categories?post=79731"},{"taxonomy":"post_tag","embeddable":true,"href":"https:\/\/thediplomatinspain.com\/en\/wp-json\/wp\/v2\/tags?post=79731"}],"curies":[{"name":"wp","href":"https:\/\/api.w.org\/{rel}","templated":true}]}}