{"id":79723,"date":"2023-04-19T04:02:21","date_gmt":"2023-04-19T02:02:21","guid":{"rendered":"https:\/\/zen-hopper.82-223-81-17.plesk.page\/2023\/04\/19\/foreign-and-presidency-ministries-will-promote-activities-abroad-on-civil-war-victims\/"},"modified":"2023-04-19T04:02:21","modified_gmt":"2023-04-19T02:02:21","slug":"foreign-and-presidency-ministries-will-promote-activities-abroad-on-civil-war-victims","status":"publish","type":"post","link":"https:\/\/thediplomatinspain.com\/en\/2023\/04\/19\/foreign-and-presidency-ministries-will-promote-activities-abroad-on-civil-war-victims\/","title":{"rendered":"Foreign and Presidency ministries will promote activities abroad on Civil War victims"},"content":{"rendered":"<p>&nbsp;<\/p>\n<h6><strong>The Diplomat<\/strong><\/h6>\n<p>&nbsp;<\/p>\n<p><strong>The Minister of the Presidency, Relations with the Courts and Democratic Memory, F\u00e9lix Bola\u00f1os, and the Minister of Foreign Affairs, European Union and Cooperation, Jos\u00e9 Manuel Albares, have agreed to jointly promote activities abroad for the recognition and reparation of victims of the Civil War and the dictatorship.<\/strong><\/p>\n<p>&nbsp;<\/p>\n<p>Both ministers signed an i<strong>nter-ministerial collaboration agreement<\/strong> yesterday t<strong>o recover the Democratic Memory linked to the Spanish Republican exile<\/strong>, within the framework of the Democratic Memory Law.<\/p>\n<p>&nbsp;<\/p>\n<p>By virtue of the agreement, measures will be carried out to guarantee the recognition and reparation of the victims abroad of the Civil War and the dictatorship, through the coordination and financing of different activities.<\/p>\n<p>&nbsp;<\/p>\n<p>Said activities, as reported by the Ministry of the Presidency in a statement, will be carried out by <strong>Spanish embassies and consular offices in the United States, Mexico, Chile, Argentina, Puerto Rico, Morocco, Algeria, Tunisia, France, Belgium, Germany, Sweden and Austria.<\/strong><\/p>\n<p>&nbsp;<\/p>\n<p>Among them, the Presidency specified, will include acts to commemorate May 8, Day of remembrance and homage to the victims of exile; commemorative works and activities around places of memory; meetings with the exile memorialist associations and research, dissemination and digitization actions.<\/p>\n<p>&nbsp;<\/p>\n<p>&nbsp;<\/p>\n<p>&nbsp;<\/p>\n<p>&nbsp;<\/p>\n","protected":false},"excerpt":{"rendered":"<p>The Minister of the Presidency, Relations with the Courts and Democratic Memory, F\u00e9lix Bola\u00f1os, and the Minister of Foreign Affairs, European Union and Cooperation, Jos\u00e9 Manuel<\/p>\n","protected":false},"author":1,"featured_media":51309,"comment_status":"open","ping_status":"open","sticky":false,"template":"","format":"standard","meta":{"jnews-multi-image_gallery":[],"jnews_single_post":[],"jnews_primary_category":[],"jnews_social_meta":[],"jnews_override_counter":[],"jnews_post_split":[],"footnotes":""},"categories":[187],"tags":[],"class_list":["post-79723","post","type-post","status-publish","format-standard","has-post-thumbnail","hentry","category-in-brief"],"yoast_head":"<!-- This site is optimized with the Yoast SEO plugin v27.4 - https:\/\/yoast.com\/product\/yoast-seo-wordpress\/ -->\n<title>Foreign and Presidency ministries will promote activities abroad on Civil War victims - thediplomatinspain.com<\/title>\n<meta name=\"robots\" content=\"index, follow, max-snippet:-1, max-image-preview:large, max-video-preview:-1\" \/>\n<link rel=\"canonical\" href=\"https:\/\/thediplomatinspain.com\/en\/2023\/04\/19\/foreign-and-presidency-ministries-will-promote-activities-abroad-on-civil-war-victims\/\" \/>\n<meta property=\"og:locale\" content=\"en_US\" \/>\n<meta property=\"og:type\" content=\"article\" \/>\n<meta property=\"og:title\" content=\"Foreign and Presidency ministries will promote activities abroad on Civil War victims - thediplomatinspain.com\" \/>\n<meta property=\"og:description\" content=\"The Minister of the Presidency, Relations with the Courts and Democratic Memory, F\u00e9lix Bola\u00f1os, and the Minister of Foreign Affairs, European Union and Cooperation, Jos\u00e9 Manuel\" \/>\n<meta property=\"og:url\" content=\"https:\/\/thediplomatinspain.com\/en\/2023\/04\/19\/foreign-and-presidency-ministries-will-promote-activities-abroad-on-civil-war-victims\/\" \/>\n<meta property=\"og:site_name\" content=\"thediplomatinspain.com\" \/>\n<meta property=\"article:publisher\" content=\"https:\/\/www.facebook.com\/thediplomatinspain\" \/>\n<meta property=\"article:published_time\" content=\"2023-04-19T02:02:21+00:00\" \/>\n<meta property=\"og:image\" content=\"https:\/\/thediplomatinspain.com\/wp-content\/uploads\/2024\/05\/bolanos-albares-acuerdo-memoria-democratica.jpg\" \/>\n\t<meta property=\"og:image:width\" content=\"750\" \/>\n\t<meta property=\"og:image:height\" content=\"421\" \/>\n\t<meta property=\"og:image:type\" content=\"image\/jpeg\" \/>\n<meta name=\"author\" content=\"Redacci\u00f3n\" \/>\n<meta name=\"twitter:card\" content=\"summary_large_image\" \/>\n<meta name=\"twitter:creator\" content=\"@diplomatinspain\" \/>\n<meta name=\"twitter:site\" content=\"@diplomatinspain\" \/>\n<meta name=\"twitter:label1\" content=\"Written by\" \/>\n\t<meta name=\"twitter:data1\" content=\"Redacci\u00f3n\" \/>\n\t<meta name=\"twitter:label2\" content=\"Est. reading time\" \/>\n\t<meta name=\"twitter:data2\" content=\"1 minute\" \/>\n<script type=\"application\/ld+json\" class=\"yoast-schema-graph\">{\"@context\":\"https:\\\/\\\/schema.org\",\"@graph\":[{\"@type\":\"Article\",\"@id\":\"https:\\\/\\\/thediplomatinspain.com\\\/en\\\/2023\\\/04\\\/19\\\/foreign-and-presidency-ministries-will-promote-activities-abroad-on-civil-war-victims\\\/#article\",\"isPartOf\":{\"@id\":\"https:\\\/\\\/thediplomatinspain.com\\\/en\\\/2023\\\/04\\\/19\\\/foreign-and-presidency-ministries-will-promote-activities-abroad-on-civil-war-victims\\\/\"},\"author\":{\"name\":\"Redacci\u00f3n\",\"@id\":\"https:\\\/\\\/thediplomatinspain.com\\\/#\\\/schema\\\/person\\\/90d9b3004c2822bcbe64082dad885a9c\"},\"headline\":\"Foreign and Presidency ministries will promote activities abroad on Civil War victims\",\"datePublished\":\"2023-04-19T02:02:21+00:00\",\"mainEntityOfPage\":{\"@id\":\"https:\\\/\\\/thediplomatinspain.com\\\/en\\\/2023\\\/04\\\/19\\\/foreign-and-presidency-ministries-will-promote-activities-abroad-on-civil-war-victims\\\/\"},\"wordCount\":218,\"commentCount\":0,\"publisher\":{\"@id\":\"https:\\\/\\\/thediplomatinspain.com\\\/#organization\"},\"image\":{\"@id\":\"https:\\\/\\\/thediplomatinspain.com\\\/en\\\/2023\\\/04\\\/19\\\/foreign-and-presidency-ministries-will-promote-activities-abroad-on-civil-war-victims\\\/#primaryimage\"},\"thumbnailUrl\":\"https:\\\/\\\/thediplomatinspain.com\\\/wp-content\\\/uploads\\\/2024\\\/05\\\/bolanos-albares-acuerdo-memoria-democratica.jpg\",\"articleSection\":[\"In brief\"],\"inLanguage\":\"en-US\",\"potentialAction\":[{\"@type\":\"CommentAction\",\"name\":\"Comment\",\"target\":[\"https:\\\/\\\/thediplomatinspain.com\\\/en\\\/2023\\\/04\\\/19\\\/foreign-and-presidency-ministries-will-promote-activities-abroad-on-civil-war-victims\\\/#respond\"]}]},{\"@type\":\"WebPage\",\"@id\":\"https:\\\/\\\/thediplomatinspain.com\\\/en\\\/2023\\\/04\\\/19\\\/foreign-and-presidency-ministries-will-promote-activities-abroad-on-civil-war-victims\\\/\",\"url\":\"https:\\\/\\\/thediplomatinspain.com\\\/en\\\/2023\\\/04\\\/19\\\/foreign-and-presidency-ministries-will-promote-activities-abroad-on-civil-war-victims\\\/\",\"name\":\"Foreign and Presidency ministries will promote activities abroad on Civil War victims - thediplomatinspain.com\",\"isPartOf\":{\"@id\":\"https:\\\/\\\/thediplomatinspain.com\\\/#website\"},\"primaryImageOfPage\":{\"@id\":\"https:\\\/\\\/thediplomatinspain.com\\\/en\\\/2023\\\/04\\\/19\\\/foreign-and-presidency-ministries-will-promote-activities-abroad-on-civil-war-victims\\\/#primaryimage\"},\"image\":{\"@id\":\"https:\\\/\\\/thediplomatinspain.com\\\/en\\\/2023\\\/04\\\/19\\\/foreign-and-presidency-ministries-will-promote-activities-abroad-on-civil-war-victims\\\/#primaryimage\"},\"thumbnailUrl\":\"https:\\\/\\\/thediplomatinspain.com\\\/wp-content\\\/uploads\\\/2024\\\/05\\\/bolanos-albares-acuerdo-memoria-democratica.jpg\",\"datePublished\":\"2023-04-19T02:02:21+00:00\",\"breadcrumb\":{\"@id\":\"https:\\\/\\\/thediplomatinspain.com\\\/en\\\/2023\\\/04\\\/19\\\/foreign-and-presidency-ministries-will-promote-activities-abroad-on-civil-war-victims\\\/#breadcrumb\"},\"inLanguage\":\"en-US\",\"potentialAction\":[{\"@type\":\"ReadAction\",\"target\":[\"https:\\\/\\\/thediplomatinspain.com\\\/en\\\/2023\\\/04\\\/19\\\/foreign-and-presidency-ministries-will-promote-activities-abroad-on-civil-war-victims\\\/\"]}]},{\"@type\":\"ImageObject\",\"inLanguage\":\"en-US\",\"@id\":\"https:\\\/\\\/thediplomatinspain.com\\\/en\\\/2023\\\/04\\\/19\\\/foreign-and-presidency-ministries-will-promote-activities-abroad-on-civil-war-victims\\\/#primaryimage\",\"url\":\"https:\\\/\\\/thediplomatinspain.com\\\/wp-content\\\/uploads\\\/2024\\\/05\\\/bolanos-albares-acuerdo-memoria-democratica.jpg\",\"contentUrl\":\"https:\\\/\\\/thediplomatinspain.com\\\/wp-content\\\/uploads\\\/2024\\\/05\\\/bolanos-albares-acuerdo-memoria-democratica.jpg\",\"width\":750,\"height\":421,\"caption\":\"The Ministers of Foreign Affairs and the Presidency at the signing of the agreement.\\\/ Photo: Pool Moncloa\\\/Ra\u00fal Salgado\"},{\"@type\":\"BreadcrumbList\",\"@id\":\"https:\\\/\\\/thediplomatinspain.com\\\/en\\\/2023\\\/04\\\/19\\\/foreign-and-presidency-ministries-will-promote-activities-abroad-on-civil-war-victims\\\/#breadcrumb\",\"itemListElement\":[{\"@type\":\"ListItem\",\"position\":1,\"name\":\"Portada\",\"item\":\"https:\\\/\\\/thediplomatinspain.com\\\/en\\\/\"},{\"@type\":\"ListItem\",\"position\":2,\"name\":\"Foreign and Presidency ministries will promote activities abroad on Civil War victims\"}]},{\"@type\":\"WebSite\",\"@id\":\"https:\\\/\\\/thediplomatinspain.com\\\/#website\",\"url\":\"https:\\\/\\\/thediplomatinspain.com\\\/\",\"name\":\"thediplomatinspain.com\",\"description\":\"Diario digital de referencia para diplom\u00e1ticos y empresas\",\"publisher\":{\"@id\":\"https:\\\/\\\/thediplomatinspain.com\\\/#organization\"},\"potentialAction\":[{\"@type\":\"SearchAction\",\"target\":{\"@type\":\"EntryPoint\",\"urlTemplate\":\"https:\\\/\\\/thediplomatinspain.com\\\/?s={search_term_string}\"},\"query-input\":{\"@type\":\"PropertyValueSpecification\",\"valueRequired\":true,\"valueName\":\"search_term_string\"}}],\"inLanguage\":\"en-US\"},{\"@type\":\"Organization\",\"@id\":\"https:\\\/\\\/thediplomatinspain.com\\\/#organization\",\"name\":\"thediplomatinspain.com\",\"url\":\"https:\\\/\\\/thediplomatinspain.com\\\/\",\"logo\":{\"@type\":\"ImageObject\",\"inLanguage\":\"en-US\",\"@id\":\"https:\\\/\\\/thediplomatinspain.com\\\/#\\\/schema\\\/logo\\\/image\\\/\",\"url\":\"https:\\\/\\\/thediplomatinspain.com\\\/wp-content\\\/uploads\\\/2024\\\/06\\\/logo_the_diplomat.png\",\"contentUrl\":\"https:\\\/\\\/thediplomatinspain.com\\\/wp-content\\\/uploads\\\/2024\\\/06\\\/logo_the_diplomat.png\",\"width\":284,\"height\":77,\"caption\":\"thediplomatinspain.com\"},\"image\":{\"@id\":\"https:\\\/\\\/thediplomatinspain.com\\\/#\\\/schema\\\/logo\\\/image\\\/\"},\"sameAs\":[\"https:\\\/\\\/www.facebook.com\\\/thediplomatinspain\",\"https:\\\/\\\/x.com\\\/diplomatinspain\",\"https:\\\/\\\/www.youtube.com\\\/channel\\\/UCK0mRqeeZDKdFeiFQZLcH2A\"]},{\"@type\":\"Person\",\"@id\":\"https:\\\/\\\/thediplomatinspain.com\\\/#\\\/schema\\\/person\\\/90d9b3004c2822bcbe64082dad885a9c\",\"name\":\"Redacci\u00f3n\",\"image\":{\"@type\":\"ImageObject\",\"inLanguage\":\"en-US\",\"@id\":\"https:\\\/\\\/secure.gravatar.com\\\/avatar\\\/6be270e1c81317331dd99c1537c17b9683039795b5a956c595769bfada5e7067?s=96&d=mm&r=g\",\"url\":\"https:\\\/\\\/secure.gravatar.com\\\/avatar\\\/6be270e1c81317331dd99c1537c17b9683039795b5a956c595769bfada5e7067?s=96&d=mm&r=g\",\"contentUrl\":\"https:\\\/\\\/secure.gravatar.com\\\/avatar\\\/6be270e1c81317331dd99c1537c17b9683039795b5a956c595769bfada5e7067?s=96&d=mm&r=g\",\"caption\":\"Redacci\u00f3n\"},\"sameAs\":[\"https:\\\/\\\/thediplomatinspain.com\\\/\"],\"url\":\"https:\\\/\\\/thediplomatinspain.com\\\/en\\\/author\\\/soportecibeles\\\/\"},{\"@type\":[\"Organization\",\"NewsMediaOrganization\"],\"@id\":\"https:\\\/\\\/thediplomatinspain.com\\\/en\\\/#organization\"},{\"@type\":\"SiteNavigationElement\",\"@id\":\"https:\\\/\\\/thediplomatinspain.com\\\/en\\\/#site-navigation\",\"cssSelector\":[\".cib-main-menu\"]},{\"@type\":\"WPHeader\",\"@id\":\"https:\\\/\\\/thediplomatinspain.com\\\/en\\\/#header\",\"cssSelector\":[\".cib-header\"]},{\"@type\":\"WPFooter\",\"@id\":\"https:\\\/\\\/thediplomatinspain.com\\\/en\\\/#footer\",\"cssSelector\":[\".cib-footer\"]}]}<\/script>\n<!-- \/ Yoast SEO plugin. -->","yoast_head_json":{"title":"Foreign and Presidency ministries will promote activities abroad on Civil War victims - thediplomatinspain.com","robots":{"index":"index","follow":"follow","max-snippet":"max-snippet:-1","max-image-preview":"max-image-preview:large","max-video-preview":"max-video-preview:-1"},"canonical":"https:\/\/thediplomatinspain.com\/en\/2023\/04\/19\/foreign-and-presidency-ministries-will-promote-activities-abroad-on-civil-war-victims\/","og_locale":"en_US","og_type":"article","og_title":"Foreign and Presidency ministries will promote activities abroad on Civil War victims - thediplomatinspain.com","og_description":"The Minister of the Presidency, Relations with the Courts and Democratic Memory, F\u00e9lix Bola\u00f1os, and the Minister of Foreign Affairs, European Union and Cooperation, Jos\u00e9 Manuel","og_url":"https:\/\/thediplomatinspain.com\/en\/2023\/04\/19\/foreign-and-presidency-ministries-will-promote-activities-abroad-on-civil-war-victims\/","og_site_name":"thediplomatinspain.com","article_publisher":"https:\/\/www.facebook.com\/thediplomatinspain","article_published_time":"2023-04-19T02:02:21+00:00","og_image":[{"width":750,"height":421,"url":"https:\/\/thediplomatinspain.com\/wp-content\/uploads\/2024\/05\/bolanos-albares-acuerdo-memoria-democratica.jpg","type":"image\/jpeg"}],"author":"Redacci\u00f3n","twitter_card":"summary_large_image","twitter_creator":"@diplomatinspain","twitter_site":"@diplomatinspain","twitter_misc":{"Written by":"Redacci\u00f3n","Est. reading time":"1 minute"},"schema":{"@context":"https:\/\/schema.org","@graph":[{"@type":"Article","@id":"https:\/\/thediplomatinspain.com\/en\/2023\/04\/19\/foreign-and-presidency-ministries-will-promote-activities-abroad-on-civil-war-victims\/#article","isPartOf":{"@id":"https:\/\/thediplomatinspain.com\/en\/2023\/04\/19\/foreign-and-presidency-ministries-will-promote-activities-abroad-on-civil-war-victims\/"},"author":{"name":"Redacci\u00f3n","@id":"https:\/\/thediplomatinspain.com\/#\/schema\/person\/90d9b3004c2822bcbe64082dad885a9c"},"headline":"Foreign and Presidency ministries will promote activities abroad on Civil War victims","datePublished":"2023-04-19T02:02:21+00:00","mainEntityOfPage":{"@id":"https:\/\/thediplomatinspain.com\/en\/2023\/04\/19\/foreign-and-presidency-ministries-will-promote-activities-abroad-on-civil-war-victims\/"},"wordCount":218,"commentCount":0,"publisher":{"@id":"https:\/\/thediplomatinspain.com\/#organization"},"image":{"@id":"https:\/\/thediplomatinspain.com\/en\/2023\/04\/19\/foreign-and-presidency-ministries-will-promote-activities-abroad-on-civil-war-victims\/#primaryimage"},"thumbnailUrl":"https:\/\/thediplomatinspain.com\/wp-content\/uploads\/2024\/05\/bolanos-albares-acuerdo-memoria-democratica.jpg","articleSection":["In brief"],"inLanguage":"en-US","potentialAction":[{"@type":"CommentAction","name":"Comment","target":["https:\/\/thediplomatinspain.com\/en\/2023\/04\/19\/foreign-and-presidency-ministries-will-promote-activities-abroad-on-civil-war-victims\/#respond"]}]},{"@type":"WebPage","@id":"https:\/\/thediplomatinspain.com\/en\/2023\/04\/19\/foreign-and-presidency-ministries-will-promote-activities-abroad-on-civil-war-victims\/","url":"https:\/\/thediplomatinspain.com\/en\/2023\/04\/19\/foreign-and-presidency-ministries-will-promote-activities-abroad-on-civil-war-victims\/","name":"Foreign and Presidency ministries will promote activities abroad on Civil War victims - thediplomatinspain.com","isPartOf":{"@id":"https:\/\/thediplomatinspain.com\/#website"},"primaryImageOfPage":{"@id":"https:\/\/thediplomatinspain.com\/en\/2023\/04\/19\/foreign-and-presidency-ministries-will-promote-activities-abroad-on-civil-war-victims\/#primaryimage"},"image":{"@id":"https:\/\/thediplomatinspain.com\/en\/2023\/04\/19\/foreign-and-presidency-ministries-will-promote-activities-abroad-on-civil-war-victims\/#primaryimage"},"thumbnailUrl":"https:\/\/thediplomatinspain.com\/wp-content\/uploads\/2024\/05\/bolanos-albares-acuerdo-memoria-democratica.jpg","datePublished":"2023-04-19T02:02:21+00:00","breadcrumb":{"@id":"https:\/\/thediplomatinspain.com\/en\/2023\/04\/19\/foreign-and-presidency-ministries-will-promote-activities-abroad-on-civil-war-victims\/#breadcrumb"},"inLanguage":"en-US","potentialAction":[{"@type":"ReadAction","target":["https:\/\/thediplomatinspain.com\/en\/2023\/04\/19\/foreign-and-presidency-ministries-will-promote-activities-abroad-on-civil-war-victims\/"]}]},{"@type":"ImageObject","inLanguage":"en-US","@id":"https:\/\/thediplomatinspain.com\/en\/2023\/04\/19\/foreign-and-presidency-ministries-will-promote-activities-abroad-on-civil-war-victims\/#primaryimage","url":"https:\/\/thediplomatinspain.com\/wp-content\/uploads\/2024\/05\/bolanos-albares-acuerdo-memoria-democratica.jpg","contentUrl":"https:\/\/thediplomatinspain.com\/wp-content\/uploads\/2024\/05\/bolanos-albares-acuerdo-memoria-democratica.jpg","width":750,"height":421,"caption":"The Ministers of Foreign Affairs and the Presidency at the signing of the agreement.\/ Photo: Pool Moncloa\/Ra\u00fal Salgado"},{"@type":"BreadcrumbList","@id":"https:\/\/thediplomatinspain.com\/en\/2023\/04\/19\/foreign-and-presidency-ministries-will-promote-activities-abroad-on-civil-war-victims\/#breadcrumb","itemListElement":[{"@type":"ListItem","position":1,"name":"Portada","item":"https:\/\/thediplomatinspain.com\/en\/"},{"@type":"ListItem","position":2,"name":"Foreign and Presidency ministries will promote activities abroad on Civil War victims"}]},{"@type":"WebSite","@id":"https:\/\/thediplomatinspain.com\/#website","url":"https:\/\/thediplomatinspain.com\/","name":"thediplomatinspain.com","description":"Diario digital de referencia para diplom\u00e1ticos y empresas","publisher":{"@id":"https:\/\/thediplomatinspain.com\/#organization"},"potentialAction":[{"@type":"SearchAction","target":{"@type":"EntryPoint","urlTemplate":"https:\/\/thediplomatinspain.com\/?s={search_term_string}"},"query-input":{"@type":"PropertyValueSpecification","valueRequired":true,"valueName":"search_term_string"}}],"inLanguage":"en-US"},{"@type":"Organization","@id":"https:\/\/thediplomatinspain.com\/#organization","name":"thediplomatinspain.com","url":"https:\/\/thediplomatinspain.com\/","logo":{"@type":"ImageObject","inLanguage":"en-US","@id":"https:\/\/thediplomatinspain.com\/#\/schema\/logo\/image\/","url":"https:\/\/thediplomatinspain.com\/wp-content\/uploads\/2024\/06\/logo_the_diplomat.png","contentUrl":"https:\/\/thediplomatinspain.com\/wp-content\/uploads\/2024\/06\/logo_the_diplomat.png","width":284,"height":77,"caption":"thediplomatinspain.com"},"image":{"@id":"https:\/\/thediplomatinspain.com\/#\/schema\/logo\/image\/"},"sameAs":["https:\/\/www.facebook.com\/thediplomatinspain","https:\/\/x.com\/diplomatinspain","https:\/\/www.youtube.com\/channel\/UCK0mRqeeZDKdFeiFQZLcH2A"]},{"@type":"Person","@id":"https:\/\/thediplomatinspain.com\/#\/schema\/person\/90d9b3004c2822bcbe64082dad885a9c","name":"Redacci\u00f3n","image":{"@type":"ImageObject","inLanguage":"en-US","@id":"https:\/\/secure.gravatar.com\/avatar\/6be270e1c81317331dd99c1537c17b9683039795b5a956c595769bfada5e7067?s=96&d=mm&r=g","url":"https:\/\/secure.gravatar.com\/avatar\/6be270e1c81317331dd99c1537c17b9683039795b5a956c595769bfada5e7067?s=96&d=mm&r=g","contentUrl":"https:\/\/secure.gravatar.com\/avatar\/6be270e1c81317331dd99c1537c17b9683039795b5a956c595769bfada5e7067?s=96&d=mm&r=g","caption":"Redacci\u00f3n"},"sameAs":["https:\/\/thediplomatinspain.com\/"],"url":"https:\/\/thediplomatinspain.com\/en\/author\/soportecibeles\/"},{"@type":["Organization","NewsMediaOrganization"],"@id":"https:\/\/thediplomatinspain.com\/en\/#organization"},{"@type":"SiteNavigationElement","@id":"https:\/\/thediplomatinspain.com\/en\/#site-navigation","cssSelector":[".cib-main-menu"]},{"@type":"WPHeader","@id":"https:\/\/thediplomatinspain.com\/en\/#header","cssSelector":[".cib-header"]},{"@type":"WPFooter","@id":"https:\/\/thediplomatinspain.com\/en\/#footer","cssSelector":[".cib-footer"]}]}},"amp_enabled":true,"_links":{"self":[{"href":"https:\/\/thediplomatinspain.com\/en\/wp-json\/wp\/v2\/posts\/79723","targetHints":{"allow":["GET"]}}],"collection":[{"href":"https:\/\/thediplomatinspain.com\/en\/wp-json\/wp\/v2\/posts"}],"about":[{"href":"https:\/\/thediplomatinspain.com\/en\/wp-json\/wp\/v2\/types\/post"}],"author":[{"embeddable":true,"href":"https:\/\/thediplomatinspain.com\/en\/wp-json\/wp\/v2\/users\/1"}],"replies":[{"embeddable":true,"href":"https:\/\/thediplomatinspain.com\/en\/wp-json\/wp\/v2\/comments?post=79723"}],"version-history":[{"count":0,"href":"https:\/\/thediplomatinspain.com\/en\/wp-json\/wp\/v2\/posts\/79723\/revisions"}],"wp:featuredmedia":[{"embeddable":true,"href":"https:\/\/thediplomatinspain.com\/en\/wp-json\/wp\/v2\/media\/51309"}],"wp:attachment":[{"href":"https:\/\/thediplomatinspain.com\/en\/wp-json\/wp\/v2\/media?parent=79723"}],"wp:term":[{"taxonomy":"category","embeddable":true,"href":"https:\/\/thediplomatinspain.com\/en\/wp-json\/wp\/v2\/categories?post=79723"},{"taxonomy":"post_tag","embeddable":true,"href":"https:\/\/thediplomatinspain.com\/en\/wp-json\/wp\/v2\/tags?post=79723"}],"curies":[{"name":"wp","href":"https:\/\/api.w.org\/{rel}","templated":true}]}}