{"id":79708,"date":"2023-04-19T04:00:11","date_gmt":"2023-04-19T02:00:11","guid":{"rendered":"https:\/\/zen-hopper.82-223-81-17.plesk.page\/2023\/04\/19\/diplomacia-ayer-y-hoy-by-domingo-de-silos-manso-garcia\/"},"modified":"2023-04-19T04:00:11","modified_gmt":"2023-04-19T02:00:11","slug":"diplomacia-ayer-y-hoy-by-domingo-de-silos-manso-garcia","status":"publish","type":"post","link":"https:\/\/thediplomatinspain.com\/en\/2023\/04\/19\/diplomacia-ayer-y-hoy-by-domingo-de-silos-manso-garcia\/","title":{"rendered":"\u2018Diplomacia ayer y hoy\u2019, by Domingo de Silos Manso Garc\u00eda"},"content":{"rendered":"<p>&nbsp;<\/p>\n<p>Author: <strong>Domingo de Silos Manso Garc\u00eda.<\/strong><\/p>\n<p>&nbsp;<\/p>\n<p>The <strong>Escuela Diplom\u00e1tica<\/strong> (Paseo de Juan XXIII, 5) presents the book <strong><em>Diplomacia ayer y hoy, Espa\u00f1a en el mundo 1939-2022 (Diplomacy yesterday and today, Spain in the world 1939-2022), <\/em><\/strong>by <strong>Domingo de Silos Manso Garc\u00eda,<\/strong> today Wednesday at 18:30.<\/p>\n<p>&nbsp;<\/p>\n<p>Speakers at the presentation will include <strong>Marcelino Oreja,<\/strong> Spanish jurist, politician and diplomat, Minister of Foreign Affairs under Adolfo Su\u00e1rez during the Transition; <strong>Emilio Lamo de Espinosa,<\/strong> Professor Emeritus of Sociology at the Complutense University and member of the Royal Academy of Moral and Political Sciences; <strong>Jaime Olmedo,<\/strong> philologist and lecturer at the Royal Academy of History and the Complutense University of Madrid, and the author of the book. It is essential to confirm attendance at this email address: <a href=\"mailto:escuela.actividades@maec.es\">escuela.actividades@maec.es<\/a>.<\/p>\n<p>&nbsp;<\/p>\n<p>This book highlights the importance of international relations in Spain&#8217;s life. Its great evolution since 1939: a ruined and divided country at the end of a civil war, internationally isolated from 1946 to 1950, with an autarkic economy on the verge of bankruptcy in 1958, it opens up to the world from 1975, becomes a democracy, joins the European Union, NATO, participates in peace operations, is among the founding countries of the euro, and in the 2000s is among the top ten economies in the world. The reader will follow this exciting story, which will help him or her to get to know Spain better, with the challenges that it faces today.<\/p>\n<p>&nbsp;<\/p>\n<p><strong>Pages:<\/strong> 474<br \/>\n<strong>Publisher:<\/strong> SILONIA<br \/>\n<strong>Binding:<\/strong> Soft cover<br \/>\n<strong>ISBN:<\/strong> 9788419661357<br \/>\n<strong>RPP:<\/strong> 23,75 euros<\/p>\n<p>&nbsp;<\/p>\n","protected":false},"excerpt":{"rendered":"<p>Today, the Escuela Diplom\u00e1tica will present Diplomacia ayer y hoy, Espa\u00f1a en el mundo 1939-2022, by Domingo de Silos Manso Garc\u00eda.<\/p>\n","protected":false},"author":1,"featured_media":51293,"comment_status":"open","ping_status":"open","sticky":false,"template":"","format":"standard","meta":{"jnews-multi-image_gallery":[],"jnews_single_post":[],"jnews_primary_category":[],"jnews_social_meta":[],"jnews_override_counter":[],"jnews_post_split":[],"footnotes":""},"categories":[195,176],"tags":[],"class_list":["post-79708","post","type-post","status-publish","format-standard","has-post-thumbnail","hentry","category-books","category-leisure"],"yoast_head":"<!-- This site is optimized with the Yoast SEO plugin v27.4 - https:\/\/yoast.com\/product\/yoast-seo-wordpress\/ -->\n<title>\u2018Diplomacia ayer y hoy\u2019, by Domingo de Silos Manso Garc\u00eda - thediplomatinspain.com<\/title>\n<meta name=\"robots\" content=\"index, follow, max-snippet:-1, max-image-preview:large, max-video-preview:-1\" \/>\n<link rel=\"canonical\" href=\"https:\/\/thediplomatinspain.com\/en\/2023\/04\/19\/diplomacia-ayer-y-hoy-by-domingo-de-silos-manso-garcia\/\" \/>\n<meta property=\"og:locale\" content=\"en_US\" \/>\n<meta property=\"og:type\" content=\"article\" \/>\n<meta property=\"og:title\" content=\"\u2018Diplomacia ayer y hoy\u2019, by Domingo de Silos Manso Garc\u00eda - thediplomatinspain.com\" \/>\n<meta property=\"og:description\" content=\"Today, the Escuela Diplom\u00e1tica will present Diplomacia ayer y hoy, Espa\u00f1a en el mundo 1939-2022, by Domingo de Silos Manso Garc\u00eda.\" \/>\n<meta property=\"og:url\" content=\"https:\/\/thediplomatinspain.com\/en\/2023\/04\/19\/diplomacia-ayer-y-hoy-by-domingo-de-silos-manso-garcia\/\" \/>\n<meta property=\"og:site_name\" content=\"thediplomatinspain.com\" \/>\n<meta property=\"article:publisher\" content=\"https:\/\/www.facebook.com\/thediplomatinspain\" \/>\n<meta property=\"article:published_time\" content=\"2023-04-19T02:00:11+00:00\" \/>\n<meta property=\"og:image\" content=\"https:\/\/thediplomatinspain.com\/wp-content\/uploads\/2024\/05\/Diplomacia-Ayer-y-hoy-ok.jpg\" \/>\n\t<meta property=\"og:image:width\" content=\"220\" \/>\n\t<meta property=\"og:image:height\" content=\"314\" \/>\n\t<meta property=\"og:image:type\" content=\"image\/jpeg\" \/>\n<meta name=\"author\" content=\"Redacci\u00f3n\" \/>\n<meta name=\"twitter:card\" content=\"summary_large_image\" \/>\n<meta name=\"twitter:creator\" content=\"@diplomatinspain\" \/>\n<meta name=\"twitter:site\" content=\"@diplomatinspain\" \/>\n<meta name=\"twitter:label1\" content=\"Written by\" \/>\n\t<meta name=\"twitter:data1\" content=\"Redacci\u00f3n\" \/>\n\t<meta name=\"twitter:label2\" content=\"Est. reading time\" \/>\n\t<meta name=\"twitter:data2\" content=\"1 minute\" \/>\n<script type=\"application\/ld+json\" class=\"yoast-schema-graph\">{\"@context\":\"https:\\\/\\\/schema.org\",\"@graph\":[{\"@type\":\"Article\",\"@id\":\"https:\\\/\\\/thediplomatinspain.com\\\/en\\\/2023\\\/04\\\/19\\\/diplomacia-ayer-y-hoy-by-domingo-de-silos-manso-garcia\\\/#article\",\"isPartOf\":{\"@id\":\"https:\\\/\\\/thediplomatinspain.com\\\/en\\\/2023\\\/04\\\/19\\\/diplomacia-ayer-y-hoy-by-domingo-de-silos-manso-garcia\\\/\"},\"author\":{\"name\":\"Redacci\u00f3n\",\"@id\":\"https:\\\/\\\/thediplomatinspain.com\\\/#\\\/schema\\\/person\\\/90d9b3004c2822bcbe64082dad885a9c\"},\"headline\":\"\u2018Diplomacia ayer y hoy\u2019, by Domingo de Silos Manso Garc\u00eda\",\"datePublished\":\"2023-04-19T02:00:11+00:00\",\"mainEntityOfPage\":{\"@id\":\"https:\\\/\\\/thediplomatinspain.com\\\/en\\\/2023\\\/04\\\/19\\\/diplomacia-ayer-y-hoy-by-domingo-de-silos-manso-garcia\\\/\"},\"wordCount\":265,\"commentCount\":0,\"publisher\":{\"@id\":\"https:\\\/\\\/thediplomatinspain.com\\\/#organization\"},\"image\":{\"@id\":\"https:\\\/\\\/thediplomatinspain.com\\\/en\\\/2023\\\/04\\\/19\\\/diplomacia-ayer-y-hoy-by-domingo-de-silos-manso-garcia\\\/#primaryimage\"},\"thumbnailUrl\":\"https:\\\/\\\/thediplomatinspain.com\\\/wp-content\\\/uploads\\\/2024\\\/05\\\/Diplomacia-Ayer-y-hoy-ok.jpg\",\"articleSection\":[\"Books\",\"Leisure\"],\"inLanguage\":\"en-US\",\"potentialAction\":[{\"@type\":\"CommentAction\",\"name\":\"Comment\",\"target\":[\"https:\\\/\\\/thediplomatinspain.com\\\/en\\\/2023\\\/04\\\/19\\\/diplomacia-ayer-y-hoy-by-domingo-de-silos-manso-garcia\\\/#respond\"]}]},{\"@type\":\"WebPage\",\"@id\":\"https:\\\/\\\/thediplomatinspain.com\\\/en\\\/2023\\\/04\\\/19\\\/diplomacia-ayer-y-hoy-by-domingo-de-silos-manso-garcia\\\/\",\"url\":\"https:\\\/\\\/thediplomatinspain.com\\\/en\\\/2023\\\/04\\\/19\\\/diplomacia-ayer-y-hoy-by-domingo-de-silos-manso-garcia\\\/\",\"name\":\"\u2018Diplomacia ayer y hoy\u2019, by Domingo de Silos Manso Garc\u00eda - thediplomatinspain.com\",\"isPartOf\":{\"@id\":\"https:\\\/\\\/thediplomatinspain.com\\\/#website\"},\"primaryImageOfPage\":{\"@id\":\"https:\\\/\\\/thediplomatinspain.com\\\/en\\\/2023\\\/04\\\/19\\\/diplomacia-ayer-y-hoy-by-domingo-de-silos-manso-garcia\\\/#primaryimage\"},\"image\":{\"@id\":\"https:\\\/\\\/thediplomatinspain.com\\\/en\\\/2023\\\/04\\\/19\\\/diplomacia-ayer-y-hoy-by-domingo-de-silos-manso-garcia\\\/#primaryimage\"},\"thumbnailUrl\":\"https:\\\/\\\/thediplomatinspain.com\\\/wp-content\\\/uploads\\\/2024\\\/05\\\/Diplomacia-Ayer-y-hoy-ok.jpg\",\"datePublished\":\"2023-04-19T02:00:11+00:00\",\"breadcrumb\":{\"@id\":\"https:\\\/\\\/thediplomatinspain.com\\\/en\\\/2023\\\/04\\\/19\\\/diplomacia-ayer-y-hoy-by-domingo-de-silos-manso-garcia\\\/#breadcrumb\"},\"inLanguage\":\"en-US\",\"potentialAction\":[{\"@type\":\"ReadAction\",\"target\":[\"https:\\\/\\\/thediplomatinspain.com\\\/en\\\/2023\\\/04\\\/19\\\/diplomacia-ayer-y-hoy-by-domingo-de-silos-manso-garcia\\\/\"]}]},{\"@type\":\"ImageObject\",\"inLanguage\":\"en-US\",\"@id\":\"https:\\\/\\\/thediplomatinspain.com\\\/en\\\/2023\\\/04\\\/19\\\/diplomacia-ayer-y-hoy-by-domingo-de-silos-manso-garcia\\\/#primaryimage\",\"url\":\"https:\\\/\\\/thediplomatinspain.com\\\/wp-content\\\/uploads\\\/2024\\\/05\\\/Diplomacia-Ayer-y-hoy-ok.jpg\",\"contentUrl\":\"https:\\\/\\\/thediplomatinspain.com\\\/wp-content\\\/uploads\\\/2024\\\/05\\\/Diplomacia-Ayer-y-hoy-ok.jpg\",\"width\":220,\"height\":314},{\"@type\":\"BreadcrumbList\",\"@id\":\"https:\\\/\\\/thediplomatinspain.com\\\/en\\\/2023\\\/04\\\/19\\\/diplomacia-ayer-y-hoy-by-domingo-de-silos-manso-garcia\\\/#breadcrumb\",\"itemListElement\":[{\"@type\":\"ListItem\",\"position\":1,\"name\":\"Portada\",\"item\":\"https:\\\/\\\/thediplomatinspain.com\\\/en\\\/\"},{\"@type\":\"ListItem\",\"position\":2,\"name\":\"\u2018Diplomacia ayer y hoy\u2019, by Domingo de Silos Manso Garc\u00eda\"}]},{\"@type\":\"WebSite\",\"@id\":\"https:\\\/\\\/thediplomatinspain.com\\\/#website\",\"url\":\"https:\\\/\\\/thediplomatinspain.com\\\/\",\"name\":\"thediplomatinspain.com\",\"description\":\"Diario digital de referencia para diplom\u00e1ticos y empresas\",\"publisher\":{\"@id\":\"https:\\\/\\\/thediplomatinspain.com\\\/#organization\"},\"potentialAction\":[{\"@type\":\"SearchAction\",\"target\":{\"@type\":\"EntryPoint\",\"urlTemplate\":\"https:\\\/\\\/thediplomatinspain.com\\\/?s={search_term_string}\"},\"query-input\":{\"@type\":\"PropertyValueSpecification\",\"valueRequired\":true,\"valueName\":\"search_term_string\"}}],\"inLanguage\":\"en-US\"},{\"@type\":\"Organization\",\"@id\":\"https:\\\/\\\/thediplomatinspain.com\\\/#organization\",\"name\":\"thediplomatinspain.com\",\"url\":\"https:\\\/\\\/thediplomatinspain.com\\\/\",\"logo\":{\"@type\":\"ImageObject\",\"inLanguage\":\"en-US\",\"@id\":\"https:\\\/\\\/thediplomatinspain.com\\\/#\\\/schema\\\/logo\\\/image\\\/\",\"url\":\"https:\\\/\\\/thediplomatinspain.com\\\/wp-content\\\/uploads\\\/2024\\\/06\\\/logo_the_diplomat.png\",\"contentUrl\":\"https:\\\/\\\/thediplomatinspain.com\\\/wp-content\\\/uploads\\\/2024\\\/06\\\/logo_the_diplomat.png\",\"width\":284,\"height\":77,\"caption\":\"thediplomatinspain.com\"},\"image\":{\"@id\":\"https:\\\/\\\/thediplomatinspain.com\\\/#\\\/schema\\\/logo\\\/image\\\/\"},\"sameAs\":[\"https:\\\/\\\/www.facebook.com\\\/thediplomatinspain\",\"https:\\\/\\\/x.com\\\/diplomatinspain\",\"https:\\\/\\\/www.youtube.com\\\/channel\\\/UCK0mRqeeZDKdFeiFQZLcH2A\"]},{\"@type\":\"Person\",\"@id\":\"https:\\\/\\\/thediplomatinspain.com\\\/#\\\/schema\\\/person\\\/90d9b3004c2822bcbe64082dad885a9c\",\"name\":\"Redacci\u00f3n\",\"image\":{\"@type\":\"ImageObject\",\"inLanguage\":\"en-US\",\"@id\":\"https:\\\/\\\/secure.gravatar.com\\\/avatar\\\/6be270e1c81317331dd99c1537c17b9683039795b5a956c595769bfada5e7067?s=96&d=mm&r=g\",\"url\":\"https:\\\/\\\/secure.gravatar.com\\\/avatar\\\/6be270e1c81317331dd99c1537c17b9683039795b5a956c595769bfada5e7067?s=96&d=mm&r=g\",\"contentUrl\":\"https:\\\/\\\/secure.gravatar.com\\\/avatar\\\/6be270e1c81317331dd99c1537c17b9683039795b5a956c595769bfada5e7067?s=96&d=mm&r=g\",\"caption\":\"Redacci\u00f3n\"},\"sameAs\":[\"https:\\\/\\\/thediplomatinspain.com\\\/\"],\"url\":\"https:\\\/\\\/thediplomatinspain.com\\\/en\\\/author\\\/soportecibeles\\\/\"},{\"@type\":[\"Organization\",\"NewsMediaOrganization\"],\"@id\":\"https:\\\/\\\/thediplomatinspain.com\\\/en\\\/#organization\"},{\"@type\":\"SiteNavigationElement\",\"@id\":\"https:\\\/\\\/thediplomatinspain.com\\\/en\\\/#site-navigation\",\"cssSelector\":[\".cib-main-menu\"]},{\"@type\":\"WPHeader\",\"@id\":\"https:\\\/\\\/thediplomatinspain.com\\\/en\\\/#header\",\"cssSelector\":[\".cib-header\"]},{\"@type\":\"WPFooter\",\"@id\":\"https:\\\/\\\/thediplomatinspain.com\\\/en\\\/#footer\",\"cssSelector\":[\".cib-footer\"]}]}<\/script>\n<!-- \/ Yoast SEO plugin. -->","yoast_head_json":{"title":"\u2018Diplomacia ayer y hoy\u2019, by Domingo de Silos Manso Garc\u00eda - thediplomatinspain.com","robots":{"index":"index","follow":"follow","max-snippet":"max-snippet:-1","max-image-preview":"max-image-preview:large","max-video-preview":"max-video-preview:-1"},"canonical":"https:\/\/thediplomatinspain.com\/en\/2023\/04\/19\/diplomacia-ayer-y-hoy-by-domingo-de-silos-manso-garcia\/","og_locale":"en_US","og_type":"article","og_title":"\u2018Diplomacia ayer y hoy\u2019, by Domingo de Silos Manso Garc\u00eda - thediplomatinspain.com","og_description":"Today, the Escuela Diplom\u00e1tica will present Diplomacia ayer y hoy, Espa\u00f1a en el mundo 1939-2022, by Domingo de Silos Manso Garc\u00eda.","og_url":"https:\/\/thediplomatinspain.com\/en\/2023\/04\/19\/diplomacia-ayer-y-hoy-by-domingo-de-silos-manso-garcia\/","og_site_name":"thediplomatinspain.com","article_publisher":"https:\/\/www.facebook.com\/thediplomatinspain","article_published_time":"2023-04-19T02:00:11+00:00","og_image":[{"width":220,"height":314,"url":"https:\/\/thediplomatinspain.com\/wp-content\/uploads\/2024\/05\/Diplomacia-Ayer-y-hoy-ok.jpg","type":"image\/jpeg"}],"author":"Redacci\u00f3n","twitter_card":"summary_large_image","twitter_creator":"@diplomatinspain","twitter_site":"@diplomatinspain","twitter_misc":{"Written by":"Redacci\u00f3n","Est. reading time":"1 minute"},"schema":{"@context":"https:\/\/schema.org","@graph":[{"@type":"Article","@id":"https:\/\/thediplomatinspain.com\/en\/2023\/04\/19\/diplomacia-ayer-y-hoy-by-domingo-de-silos-manso-garcia\/#article","isPartOf":{"@id":"https:\/\/thediplomatinspain.com\/en\/2023\/04\/19\/diplomacia-ayer-y-hoy-by-domingo-de-silos-manso-garcia\/"},"author":{"name":"Redacci\u00f3n","@id":"https:\/\/thediplomatinspain.com\/#\/schema\/person\/90d9b3004c2822bcbe64082dad885a9c"},"headline":"\u2018Diplomacia ayer y hoy\u2019, by Domingo de Silos Manso Garc\u00eda","datePublished":"2023-04-19T02:00:11+00:00","mainEntityOfPage":{"@id":"https:\/\/thediplomatinspain.com\/en\/2023\/04\/19\/diplomacia-ayer-y-hoy-by-domingo-de-silos-manso-garcia\/"},"wordCount":265,"commentCount":0,"publisher":{"@id":"https:\/\/thediplomatinspain.com\/#organization"},"image":{"@id":"https:\/\/thediplomatinspain.com\/en\/2023\/04\/19\/diplomacia-ayer-y-hoy-by-domingo-de-silos-manso-garcia\/#primaryimage"},"thumbnailUrl":"https:\/\/thediplomatinspain.com\/wp-content\/uploads\/2024\/05\/Diplomacia-Ayer-y-hoy-ok.jpg","articleSection":["Books","Leisure"],"inLanguage":"en-US","potentialAction":[{"@type":"CommentAction","name":"Comment","target":["https:\/\/thediplomatinspain.com\/en\/2023\/04\/19\/diplomacia-ayer-y-hoy-by-domingo-de-silos-manso-garcia\/#respond"]}]},{"@type":"WebPage","@id":"https:\/\/thediplomatinspain.com\/en\/2023\/04\/19\/diplomacia-ayer-y-hoy-by-domingo-de-silos-manso-garcia\/","url":"https:\/\/thediplomatinspain.com\/en\/2023\/04\/19\/diplomacia-ayer-y-hoy-by-domingo-de-silos-manso-garcia\/","name":"\u2018Diplomacia ayer y hoy\u2019, by Domingo de Silos Manso Garc\u00eda - thediplomatinspain.com","isPartOf":{"@id":"https:\/\/thediplomatinspain.com\/#website"},"primaryImageOfPage":{"@id":"https:\/\/thediplomatinspain.com\/en\/2023\/04\/19\/diplomacia-ayer-y-hoy-by-domingo-de-silos-manso-garcia\/#primaryimage"},"image":{"@id":"https:\/\/thediplomatinspain.com\/en\/2023\/04\/19\/diplomacia-ayer-y-hoy-by-domingo-de-silos-manso-garcia\/#primaryimage"},"thumbnailUrl":"https:\/\/thediplomatinspain.com\/wp-content\/uploads\/2024\/05\/Diplomacia-Ayer-y-hoy-ok.jpg","datePublished":"2023-04-19T02:00:11+00:00","breadcrumb":{"@id":"https:\/\/thediplomatinspain.com\/en\/2023\/04\/19\/diplomacia-ayer-y-hoy-by-domingo-de-silos-manso-garcia\/#breadcrumb"},"inLanguage":"en-US","potentialAction":[{"@type":"ReadAction","target":["https:\/\/thediplomatinspain.com\/en\/2023\/04\/19\/diplomacia-ayer-y-hoy-by-domingo-de-silos-manso-garcia\/"]}]},{"@type":"ImageObject","inLanguage":"en-US","@id":"https:\/\/thediplomatinspain.com\/en\/2023\/04\/19\/diplomacia-ayer-y-hoy-by-domingo-de-silos-manso-garcia\/#primaryimage","url":"https:\/\/thediplomatinspain.com\/wp-content\/uploads\/2024\/05\/Diplomacia-Ayer-y-hoy-ok.jpg","contentUrl":"https:\/\/thediplomatinspain.com\/wp-content\/uploads\/2024\/05\/Diplomacia-Ayer-y-hoy-ok.jpg","width":220,"height":314},{"@type":"BreadcrumbList","@id":"https:\/\/thediplomatinspain.com\/en\/2023\/04\/19\/diplomacia-ayer-y-hoy-by-domingo-de-silos-manso-garcia\/#breadcrumb","itemListElement":[{"@type":"ListItem","position":1,"name":"Portada","item":"https:\/\/thediplomatinspain.com\/en\/"},{"@type":"ListItem","position":2,"name":"\u2018Diplomacia ayer y hoy\u2019, by Domingo de Silos Manso Garc\u00eda"}]},{"@type":"WebSite","@id":"https:\/\/thediplomatinspain.com\/#website","url":"https:\/\/thediplomatinspain.com\/","name":"thediplomatinspain.com","description":"Diario digital de referencia para diplom\u00e1ticos y empresas","publisher":{"@id":"https:\/\/thediplomatinspain.com\/#organization"},"potentialAction":[{"@type":"SearchAction","target":{"@type":"EntryPoint","urlTemplate":"https:\/\/thediplomatinspain.com\/?s={search_term_string}"},"query-input":{"@type":"PropertyValueSpecification","valueRequired":true,"valueName":"search_term_string"}}],"inLanguage":"en-US"},{"@type":"Organization","@id":"https:\/\/thediplomatinspain.com\/#organization","name":"thediplomatinspain.com","url":"https:\/\/thediplomatinspain.com\/","logo":{"@type":"ImageObject","inLanguage":"en-US","@id":"https:\/\/thediplomatinspain.com\/#\/schema\/logo\/image\/","url":"https:\/\/thediplomatinspain.com\/wp-content\/uploads\/2024\/06\/logo_the_diplomat.png","contentUrl":"https:\/\/thediplomatinspain.com\/wp-content\/uploads\/2024\/06\/logo_the_diplomat.png","width":284,"height":77,"caption":"thediplomatinspain.com"},"image":{"@id":"https:\/\/thediplomatinspain.com\/#\/schema\/logo\/image\/"},"sameAs":["https:\/\/www.facebook.com\/thediplomatinspain","https:\/\/x.com\/diplomatinspain","https:\/\/www.youtube.com\/channel\/UCK0mRqeeZDKdFeiFQZLcH2A"]},{"@type":"Person","@id":"https:\/\/thediplomatinspain.com\/#\/schema\/person\/90d9b3004c2822bcbe64082dad885a9c","name":"Redacci\u00f3n","image":{"@type":"ImageObject","inLanguage":"en-US","@id":"https:\/\/secure.gravatar.com\/avatar\/6be270e1c81317331dd99c1537c17b9683039795b5a956c595769bfada5e7067?s=96&d=mm&r=g","url":"https:\/\/secure.gravatar.com\/avatar\/6be270e1c81317331dd99c1537c17b9683039795b5a956c595769bfada5e7067?s=96&d=mm&r=g","contentUrl":"https:\/\/secure.gravatar.com\/avatar\/6be270e1c81317331dd99c1537c17b9683039795b5a956c595769bfada5e7067?s=96&d=mm&r=g","caption":"Redacci\u00f3n"},"sameAs":["https:\/\/thediplomatinspain.com\/"],"url":"https:\/\/thediplomatinspain.com\/en\/author\/soportecibeles\/"},{"@type":["Organization","NewsMediaOrganization"],"@id":"https:\/\/thediplomatinspain.com\/en\/#organization"},{"@type":"SiteNavigationElement","@id":"https:\/\/thediplomatinspain.com\/en\/#site-navigation","cssSelector":[".cib-main-menu"]},{"@type":"WPHeader","@id":"https:\/\/thediplomatinspain.com\/en\/#header","cssSelector":[".cib-header"]},{"@type":"WPFooter","@id":"https:\/\/thediplomatinspain.com\/en\/#footer","cssSelector":[".cib-footer"]}]}},"amp_enabled":true,"_links":{"self":[{"href":"https:\/\/thediplomatinspain.com\/en\/wp-json\/wp\/v2\/posts\/79708","targetHints":{"allow":["GET"]}}],"collection":[{"href":"https:\/\/thediplomatinspain.com\/en\/wp-json\/wp\/v2\/posts"}],"about":[{"href":"https:\/\/thediplomatinspain.com\/en\/wp-json\/wp\/v2\/types\/post"}],"author":[{"embeddable":true,"href":"https:\/\/thediplomatinspain.com\/en\/wp-json\/wp\/v2\/users\/1"}],"replies":[{"embeddable":true,"href":"https:\/\/thediplomatinspain.com\/en\/wp-json\/wp\/v2\/comments?post=79708"}],"version-history":[{"count":0,"href":"https:\/\/thediplomatinspain.com\/en\/wp-json\/wp\/v2\/posts\/79708\/revisions"}],"wp:featuredmedia":[{"embeddable":true,"href":"https:\/\/thediplomatinspain.com\/en\/wp-json\/wp\/v2\/media\/51293"}],"wp:attachment":[{"href":"https:\/\/thediplomatinspain.com\/en\/wp-json\/wp\/v2\/media?parent=79708"}],"wp:term":[{"taxonomy":"category","embeddable":true,"href":"https:\/\/thediplomatinspain.com\/en\/wp-json\/wp\/v2\/categories?post=79708"},{"taxonomy":"post_tag","embeddable":true,"href":"https:\/\/thediplomatinspain.com\/en\/wp-json\/wp\/v2\/tags?post=79708"}],"curies":[{"name":"wp","href":"https:\/\/api.w.org\/{rel}","templated":true}]}}