{"id":79618,"date":"2023-04-05T04:01:38","date_gmt":"2023-04-05T02:01:38","guid":{"rendered":"https:\/\/zen-hopper.82-223-81-17.plesk.page\/2023\/04\/05\/diplomatic-tribute-to-joaquin-antuna-on-the-third-anniversary-of-his-death\/"},"modified":"2023-04-05T04:01:38","modified_gmt":"2023-04-05T02:01:38","slug":"diplomatic-tribute-to-joaquin-antuna-on-the-third-anniversary-of-his-death","status":"publish","type":"post","link":"https:\/\/thediplomatinspain.com\/en\/2023\/04\/05\/diplomatic-tribute-to-joaquin-antuna-on-the-third-anniversary-of-his-death\/","title":{"rendered":"Diplomatic tribute to Joaqu\u00edn Antu\u00f1a on the third anniversary of his death"},"content":{"rendered":"<h6><strong>The Diplomat<\/strong><\/h6>\n<p>&nbsp;<\/p>\n<p>Ambassadors, writers, artists, intellectuals, university professors, doctors and journalists gathered on <strong>March 30 at the Basilica Nuestra Se\u00f1ora de la Concepci\u00f3n in Madrid to attend the funeral mass for Joaqu\u00edn Antu\u00f1a,<\/strong> founder and president of Paz y Cooperaci\u00f3n, on the third anniversary of his death.<\/p>\n<p>&nbsp;<\/p>\n<p>The <strong>International Foundation Paz y Cooperaci\u00f3n, chaired by Rosa Olazabal, organized the celebration<\/strong>, which was attended among others the <strong>Ambassador of Azerbaijan to Spain, Ramiz Hasanov<\/strong>, and <strong>Ambassador of Spain Arturo Perez Martinez,<\/strong> accompanied by his wife, Kayoko Takagi. The religious ceremony was also attended by friends of the deceased, including foreign diplomatic officials accredited in Spain such as Khaldun Almassri, first secretary of the State of Palestine.<\/p>\n<p>&nbsp;<\/p>\n<p><strong>Joaqu\u00edn Antu\u00f1a<\/strong>, was born on March 10, 1937 and died on March 30, 2020. &#8220;He was a tireless worker as an institutional leader; <strong>his idea was to unite the concepts of disarmament and development, that is, to oppose the culture of peace to the culture of violence<\/strong>,&#8221; recalls in a statement Paz y Cooperaci\u00f3n, the NGO of which he was president for 38 years.<\/p>\n<p>&nbsp;<\/p>\n<p>He personally met great figures such as Mother Teresa of Calcutta, Mahatma Gandhi, Indira Gandhi, Winnie and Nelson Mandela, Miguel Angel Asturias and Aurelio Peccei, founder of the Club of Rome, among others.<\/p>\n<p>&nbsp;<\/p>\n<p>&nbsp;<\/p>\n","protected":false},"excerpt":{"rendered":"<p>Ambassadors, writers, artists, intellectuals, university professors, doctors and journalists gathered on March 30 at the Basilica Nuestra Se\u00f1ora de la Concepci\u00f3n in Madrid to attend<\/p>\n","protected":false},"author":1,"featured_media":51205,"comment_status":"open","ping_status":"open","sticky":false,"template":"","format":"standard","meta":{"jnews-multi-image_gallery":[],"jnews_single_post":[],"jnews_primary_category":[],"jnews_social_meta":[],"jnews_override_counter":[],"jnews_post_split":[],"footnotes":""},"categories":[187],"tags":[],"class_list":["post-79618","post","type-post","status-publish","format-standard","has-post-thumbnail","hentry","category-in-brief"],"yoast_head":"<!-- This site is optimized with the Yoast SEO plugin v27.4 - https:\/\/yoast.com\/product\/yoast-seo-wordpress\/ -->\n<title>Diplomatic tribute to Joaqu\u00edn Antu\u00f1a on the third anniversary of his death - thediplomatinspain.com<\/title>\n<meta name=\"robots\" content=\"index, follow, max-snippet:-1, max-image-preview:large, max-video-preview:-1\" \/>\n<link rel=\"canonical\" href=\"https:\/\/thediplomatinspain.com\/en\/2023\/04\/05\/diplomatic-tribute-to-joaquin-antuna-on-the-third-anniversary-of-his-death\/\" \/>\n<meta property=\"og:locale\" content=\"en_US\" \/>\n<meta property=\"og:type\" content=\"article\" \/>\n<meta property=\"og:title\" content=\"Diplomatic tribute to Joaqu\u00edn Antu\u00f1a on the third anniversary of his death - thediplomatinspain.com\" \/>\n<meta property=\"og:description\" content=\"Ambassadors, writers, artists, intellectuals, university professors, doctors and journalists gathered on March 30 at the Basilica Nuestra Se\u00f1ora de la Concepci\u00f3n in Madrid to attend\" \/>\n<meta property=\"og:url\" content=\"https:\/\/thediplomatinspain.com\/en\/2023\/04\/05\/diplomatic-tribute-to-joaquin-antuna-on-the-third-anniversary-of-his-death\/\" \/>\n<meta property=\"og:site_name\" content=\"thediplomatinspain.com\" \/>\n<meta property=\"article:publisher\" content=\"https:\/\/www.facebook.com\/thediplomatinspain\" \/>\n<meta property=\"article:published_time\" content=\"2023-04-05T02:01:38+00:00\" \/>\n<meta property=\"og:image\" content=\"https:\/\/thediplomatinspain.com\/wp-content\/uploads\/2024\/05\/Olazabal-Hasanov-Misa-Antuna.jpg\" \/>\n\t<meta property=\"og:image:width\" content=\"750\" \/>\n\t<meta property=\"og:image:height\" content=\"422\" \/>\n\t<meta property=\"og:image:type\" content=\"image\/jpeg\" \/>\n<meta name=\"author\" content=\"Redacci\u00f3n\" \/>\n<meta name=\"twitter:card\" content=\"summary_large_image\" \/>\n<meta name=\"twitter:creator\" content=\"@diplomatinspain\" \/>\n<meta name=\"twitter:site\" content=\"@diplomatinspain\" \/>\n<meta name=\"twitter:label1\" content=\"Written by\" \/>\n\t<meta name=\"twitter:data1\" content=\"Redacci\u00f3n\" \/>\n\t<meta name=\"twitter:label2\" content=\"Est. reading time\" \/>\n\t<meta name=\"twitter:data2\" content=\"1 minute\" \/>\n<script type=\"application\/ld+json\" class=\"yoast-schema-graph\">{\"@context\":\"https:\\\/\\\/schema.org\",\"@graph\":[{\"@type\":\"Article\",\"@id\":\"https:\\\/\\\/thediplomatinspain.com\\\/en\\\/2023\\\/04\\\/05\\\/diplomatic-tribute-to-joaquin-antuna-on-the-third-anniversary-of-his-death\\\/#article\",\"isPartOf\":{\"@id\":\"https:\\\/\\\/thediplomatinspain.com\\\/en\\\/2023\\\/04\\\/05\\\/diplomatic-tribute-to-joaquin-antuna-on-the-third-anniversary-of-his-death\\\/\"},\"author\":{\"name\":\"Redacci\u00f3n\",\"@id\":\"https:\\\/\\\/thediplomatinspain.com\\\/#\\\/schema\\\/person\\\/90d9b3004c2822bcbe64082dad885a9c\"},\"headline\":\"Diplomatic tribute to Joaqu\u00edn Antu\u00f1a on the third anniversary of his death\",\"datePublished\":\"2023-04-05T02:01:38+00:00\",\"mainEntityOfPage\":{\"@id\":\"https:\\\/\\\/thediplomatinspain.com\\\/en\\\/2023\\\/04\\\/05\\\/diplomatic-tribute-to-joaquin-antuna-on-the-third-anniversary-of-his-death\\\/\"},\"wordCount\":235,\"commentCount\":0,\"publisher\":{\"@id\":\"https:\\\/\\\/thediplomatinspain.com\\\/#organization\"},\"image\":{\"@id\":\"https:\\\/\\\/thediplomatinspain.com\\\/en\\\/2023\\\/04\\\/05\\\/diplomatic-tribute-to-joaquin-antuna-on-the-third-anniversary-of-his-death\\\/#primaryimage\"},\"thumbnailUrl\":\"https:\\\/\\\/thediplomatinspain.com\\\/wp-content\\\/uploads\\\/2024\\\/05\\\/Olazabal-Hasanov-Misa-Antuna.jpg\",\"articleSection\":[\"In brief\"],\"inLanguage\":\"en-US\",\"potentialAction\":[{\"@type\":\"CommentAction\",\"name\":\"Comment\",\"target\":[\"https:\\\/\\\/thediplomatinspain.com\\\/en\\\/2023\\\/04\\\/05\\\/diplomatic-tribute-to-joaquin-antuna-on-the-third-anniversary-of-his-death\\\/#respond\"]}]},{\"@type\":\"WebPage\",\"@id\":\"https:\\\/\\\/thediplomatinspain.com\\\/en\\\/2023\\\/04\\\/05\\\/diplomatic-tribute-to-joaquin-antuna-on-the-third-anniversary-of-his-death\\\/\",\"url\":\"https:\\\/\\\/thediplomatinspain.com\\\/en\\\/2023\\\/04\\\/05\\\/diplomatic-tribute-to-joaquin-antuna-on-the-third-anniversary-of-his-death\\\/\",\"name\":\"Diplomatic tribute to Joaqu\u00edn Antu\u00f1a on the third anniversary of his death - thediplomatinspain.com\",\"isPartOf\":{\"@id\":\"https:\\\/\\\/thediplomatinspain.com\\\/#website\"},\"primaryImageOfPage\":{\"@id\":\"https:\\\/\\\/thediplomatinspain.com\\\/en\\\/2023\\\/04\\\/05\\\/diplomatic-tribute-to-joaquin-antuna-on-the-third-anniversary-of-his-death\\\/#primaryimage\"},\"image\":{\"@id\":\"https:\\\/\\\/thediplomatinspain.com\\\/en\\\/2023\\\/04\\\/05\\\/diplomatic-tribute-to-joaquin-antuna-on-the-third-anniversary-of-his-death\\\/#primaryimage\"},\"thumbnailUrl\":\"https:\\\/\\\/thediplomatinspain.com\\\/wp-content\\\/uploads\\\/2024\\\/05\\\/Olazabal-Hasanov-Misa-Antuna.jpg\",\"datePublished\":\"2023-04-05T02:01:38+00:00\",\"breadcrumb\":{\"@id\":\"https:\\\/\\\/thediplomatinspain.com\\\/en\\\/2023\\\/04\\\/05\\\/diplomatic-tribute-to-joaquin-antuna-on-the-third-anniversary-of-his-death\\\/#breadcrumb\"},\"inLanguage\":\"en-US\",\"potentialAction\":[{\"@type\":\"ReadAction\",\"target\":[\"https:\\\/\\\/thediplomatinspain.com\\\/en\\\/2023\\\/04\\\/05\\\/diplomatic-tribute-to-joaquin-antuna-on-the-third-anniversary-of-his-death\\\/\"]}]},{\"@type\":\"ImageObject\",\"inLanguage\":\"en-US\",\"@id\":\"https:\\\/\\\/thediplomatinspain.com\\\/en\\\/2023\\\/04\\\/05\\\/diplomatic-tribute-to-joaquin-antuna-on-the-third-anniversary-of-his-death\\\/#primaryimage\",\"url\":\"https:\\\/\\\/thediplomatinspain.com\\\/wp-content\\\/uploads\\\/2024\\\/05\\\/Olazabal-Hasanov-Misa-Antuna.jpg\",\"contentUrl\":\"https:\\\/\\\/thediplomatinspain.com\\\/wp-content\\\/uploads\\\/2024\\\/05\\\/Olazabal-Hasanov-Misa-Antuna.jpg\",\"width\":750,\"height\":422,\"caption\":\"From left to right, Rosa Olaz\u00e1bal, Ramiz Hasanov, Arturo P\u00e9rez Mart\u00ednez and Kayoko Takagi, during the funeral mass \\\/ Photo: Courtesy of Paz y Cooperaci\u00f3n.\"},{\"@type\":\"BreadcrumbList\",\"@id\":\"https:\\\/\\\/thediplomatinspain.com\\\/en\\\/2023\\\/04\\\/05\\\/diplomatic-tribute-to-joaquin-antuna-on-the-third-anniversary-of-his-death\\\/#breadcrumb\",\"itemListElement\":[{\"@type\":\"ListItem\",\"position\":1,\"name\":\"Portada\",\"item\":\"https:\\\/\\\/thediplomatinspain.com\\\/en\\\/\"},{\"@type\":\"ListItem\",\"position\":2,\"name\":\"Diplomatic tribute to Joaqu\u00edn Antu\u00f1a on the third anniversary of his death\"}]},{\"@type\":\"WebSite\",\"@id\":\"https:\\\/\\\/thediplomatinspain.com\\\/#website\",\"url\":\"https:\\\/\\\/thediplomatinspain.com\\\/\",\"name\":\"thediplomatinspain.com\",\"description\":\"Diario digital de referencia para diplom\u00e1ticos y empresas\",\"publisher\":{\"@id\":\"https:\\\/\\\/thediplomatinspain.com\\\/#organization\"},\"potentialAction\":[{\"@type\":\"SearchAction\",\"target\":{\"@type\":\"EntryPoint\",\"urlTemplate\":\"https:\\\/\\\/thediplomatinspain.com\\\/?s={search_term_string}\"},\"query-input\":{\"@type\":\"PropertyValueSpecification\",\"valueRequired\":true,\"valueName\":\"search_term_string\"}}],\"inLanguage\":\"en-US\"},{\"@type\":\"Organization\",\"@id\":\"https:\\\/\\\/thediplomatinspain.com\\\/#organization\",\"name\":\"thediplomatinspain.com\",\"url\":\"https:\\\/\\\/thediplomatinspain.com\\\/\",\"logo\":{\"@type\":\"ImageObject\",\"inLanguage\":\"en-US\",\"@id\":\"https:\\\/\\\/thediplomatinspain.com\\\/#\\\/schema\\\/logo\\\/image\\\/\",\"url\":\"https:\\\/\\\/thediplomatinspain.com\\\/wp-content\\\/uploads\\\/2024\\\/06\\\/logo_the_diplomat.png\",\"contentUrl\":\"https:\\\/\\\/thediplomatinspain.com\\\/wp-content\\\/uploads\\\/2024\\\/06\\\/logo_the_diplomat.png\",\"width\":284,\"height\":77,\"caption\":\"thediplomatinspain.com\"},\"image\":{\"@id\":\"https:\\\/\\\/thediplomatinspain.com\\\/#\\\/schema\\\/logo\\\/image\\\/\"},\"sameAs\":[\"https:\\\/\\\/www.facebook.com\\\/thediplomatinspain\",\"https:\\\/\\\/x.com\\\/diplomatinspain\",\"https:\\\/\\\/www.youtube.com\\\/channel\\\/UCK0mRqeeZDKdFeiFQZLcH2A\"]},{\"@type\":\"Person\",\"@id\":\"https:\\\/\\\/thediplomatinspain.com\\\/#\\\/schema\\\/person\\\/90d9b3004c2822bcbe64082dad885a9c\",\"name\":\"Redacci\u00f3n\",\"image\":{\"@type\":\"ImageObject\",\"inLanguage\":\"en-US\",\"@id\":\"https:\\\/\\\/secure.gravatar.com\\\/avatar\\\/6be270e1c81317331dd99c1537c17b9683039795b5a956c595769bfada5e7067?s=96&d=mm&r=g\",\"url\":\"https:\\\/\\\/secure.gravatar.com\\\/avatar\\\/6be270e1c81317331dd99c1537c17b9683039795b5a956c595769bfada5e7067?s=96&d=mm&r=g\",\"contentUrl\":\"https:\\\/\\\/secure.gravatar.com\\\/avatar\\\/6be270e1c81317331dd99c1537c17b9683039795b5a956c595769bfada5e7067?s=96&d=mm&r=g\",\"caption\":\"Redacci\u00f3n\"},\"sameAs\":[\"https:\\\/\\\/thediplomatinspain.com\\\/\"],\"url\":\"https:\\\/\\\/thediplomatinspain.com\\\/en\\\/author\\\/soportecibeles\\\/\"},{\"@type\":[\"Organization\",\"NewsMediaOrganization\"],\"@id\":\"https:\\\/\\\/thediplomatinspain.com\\\/en\\\/#organization\"},{\"@type\":\"SiteNavigationElement\",\"@id\":\"https:\\\/\\\/thediplomatinspain.com\\\/en\\\/#site-navigation\",\"cssSelector\":[\".cib-main-menu\"]},{\"@type\":\"WPHeader\",\"@id\":\"https:\\\/\\\/thediplomatinspain.com\\\/en\\\/#header\",\"cssSelector\":[\".cib-header\"]},{\"@type\":\"WPFooter\",\"@id\":\"https:\\\/\\\/thediplomatinspain.com\\\/en\\\/#footer\",\"cssSelector\":[\".cib-footer\"]}]}<\/script>\n<!-- \/ Yoast SEO plugin. -->","yoast_head_json":{"title":"Diplomatic tribute to Joaqu\u00edn Antu\u00f1a on the third anniversary of his death - thediplomatinspain.com","robots":{"index":"index","follow":"follow","max-snippet":"max-snippet:-1","max-image-preview":"max-image-preview:large","max-video-preview":"max-video-preview:-1"},"canonical":"https:\/\/thediplomatinspain.com\/en\/2023\/04\/05\/diplomatic-tribute-to-joaquin-antuna-on-the-third-anniversary-of-his-death\/","og_locale":"en_US","og_type":"article","og_title":"Diplomatic tribute to Joaqu\u00edn Antu\u00f1a on the third anniversary of his death - thediplomatinspain.com","og_description":"Ambassadors, writers, artists, intellectuals, university professors, doctors and journalists gathered on March 30 at the Basilica Nuestra Se\u00f1ora de la Concepci\u00f3n in Madrid to attend","og_url":"https:\/\/thediplomatinspain.com\/en\/2023\/04\/05\/diplomatic-tribute-to-joaquin-antuna-on-the-third-anniversary-of-his-death\/","og_site_name":"thediplomatinspain.com","article_publisher":"https:\/\/www.facebook.com\/thediplomatinspain","article_published_time":"2023-04-05T02:01:38+00:00","og_image":[{"width":750,"height":422,"url":"https:\/\/thediplomatinspain.com\/wp-content\/uploads\/2024\/05\/Olazabal-Hasanov-Misa-Antuna.jpg","type":"image\/jpeg"}],"author":"Redacci\u00f3n","twitter_card":"summary_large_image","twitter_creator":"@diplomatinspain","twitter_site":"@diplomatinspain","twitter_misc":{"Written by":"Redacci\u00f3n","Est. reading time":"1 minute"},"schema":{"@context":"https:\/\/schema.org","@graph":[{"@type":"Article","@id":"https:\/\/thediplomatinspain.com\/en\/2023\/04\/05\/diplomatic-tribute-to-joaquin-antuna-on-the-third-anniversary-of-his-death\/#article","isPartOf":{"@id":"https:\/\/thediplomatinspain.com\/en\/2023\/04\/05\/diplomatic-tribute-to-joaquin-antuna-on-the-third-anniversary-of-his-death\/"},"author":{"name":"Redacci\u00f3n","@id":"https:\/\/thediplomatinspain.com\/#\/schema\/person\/90d9b3004c2822bcbe64082dad885a9c"},"headline":"Diplomatic tribute to Joaqu\u00edn Antu\u00f1a on the third anniversary of his death","datePublished":"2023-04-05T02:01:38+00:00","mainEntityOfPage":{"@id":"https:\/\/thediplomatinspain.com\/en\/2023\/04\/05\/diplomatic-tribute-to-joaquin-antuna-on-the-third-anniversary-of-his-death\/"},"wordCount":235,"commentCount":0,"publisher":{"@id":"https:\/\/thediplomatinspain.com\/#organization"},"image":{"@id":"https:\/\/thediplomatinspain.com\/en\/2023\/04\/05\/diplomatic-tribute-to-joaquin-antuna-on-the-third-anniversary-of-his-death\/#primaryimage"},"thumbnailUrl":"https:\/\/thediplomatinspain.com\/wp-content\/uploads\/2024\/05\/Olazabal-Hasanov-Misa-Antuna.jpg","articleSection":["In brief"],"inLanguage":"en-US","potentialAction":[{"@type":"CommentAction","name":"Comment","target":["https:\/\/thediplomatinspain.com\/en\/2023\/04\/05\/diplomatic-tribute-to-joaquin-antuna-on-the-third-anniversary-of-his-death\/#respond"]}]},{"@type":"WebPage","@id":"https:\/\/thediplomatinspain.com\/en\/2023\/04\/05\/diplomatic-tribute-to-joaquin-antuna-on-the-third-anniversary-of-his-death\/","url":"https:\/\/thediplomatinspain.com\/en\/2023\/04\/05\/diplomatic-tribute-to-joaquin-antuna-on-the-third-anniversary-of-his-death\/","name":"Diplomatic tribute to Joaqu\u00edn Antu\u00f1a on the third anniversary of his death - thediplomatinspain.com","isPartOf":{"@id":"https:\/\/thediplomatinspain.com\/#website"},"primaryImageOfPage":{"@id":"https:\/\/thediplomatinspain.com\/en\/2023\/04\/05\/diplomatic-tribute-to-joaquin-antuna-on-the-third-anniversary-of-his-death\/#primaryimage"},"image":{"@id":"https:\/\/thediplomatinspain.com\/en\/2023\/04\/05\/diplomatic-tribute-to-joaquin-antuna-on-the-third-anniversary-of-his-death\/#primaryimage"},"thumbnailUrl":"https:\/\/thediplomatinspain.com\/wp-content\/uploads\/2024\/05\/Olazabal-Hasanov-Misa-Antuna.jpg","datePublished":"2023-04-05T02:01:38+00:00","breadcrumb":{"@id":"https:\/\/thediplomatinspain.com\/en\/2023\/04\/05\/diplomatic-tribute-to-joaquin-antuna-on-the-third-anniversary-of-his-death\/#breadcrumb"},"inLanguage":"en-US","potentialAction":[{"@type":"ReadAction","target":["https:\/\/thediplomatinspain.com\/en\/2023\/04\/05\/diplomatic-tribute-to-joaquin-antuna-on-the-third-anniversary-of-his-death\/"]}]},{"@type":"ImageObject","inLanguage":"en-US","@id":"https:\/\/thediplomatinspain.com\/en\/2023\/04\/05\/diplomatic-tribute-to-joaquin-antuna-on-the-third-anniversary-of-his-death\/#primaryimage","url":"https:\/\/thediplomatinspain.com\/wp-content\/uploads\/2024\/05\/Olazabal-Hasanov-Misa-Antuna.jpg","contentUrl":"https:\/\/thediplomatinspain.com\/wp-content\/uploads\/2024\/05\/Olazabal-Hasanov-Misa-Antuna.jpg","width":750,"height":422,"caption":"From left to right, Rosa Olaz\u00e1bal, Ramiz Hasanov, Arturo P\u00e9rez Mart\u00ednez and Kayoko Takagi, during the funeral mass \/ Photo: Courtesy of Paz y Cooperaci\u00f3n."},{"@type":"BreadcrumbList","@id":"https:\/\/thediplomatinspain.com\/en\/2023\/04\/05\/diplomatic-tribute-to-joaquin-antuna-on-the-third-anniversary-of-his-death\/#breadcrumb","itemListElement":[{"@type":"ListItem","position":1,"name":"Portada","item":"https:\/\/thediplomatinspain.com\/en\/"},{"@type":"ListItem","position":2,"name":"Diplomatic tribute to Joaqu\u00edn Antu\u00f1a on the third anniversary of his death"}]},{"@type":"WebSite","@id":"https:\/\/thediplomatinspain.com\/#website","url":"https:\/\/thediplomatinspain.com\/","name":"thediplomatinspain.com","description":"Diario digital de referencia para diplom\u00e1ticos y empresas","publisher":{"@id":"https:\/\/thediplomatinspain.com\/#organization"},"potentialAction":[{"@type":"SearchAction","target":{"@type":"EntryPoint","urlTemplate":"https:\/\/thediplomatinspain.com\/?s={search_term_string}"},"query-input":{"@type":"PropertyValueSpecification","valueRequired":true,"valueName":"search_term_string"}}],"inLanguage":"en-US"},{"@type":"Organization","@id":"https:\/\/thediplomatinspain.com\/#organization","name":"thediplomatinspain.com","url":"https:\/\/thediplomatinspain.com\/","logo":{"@type":"ImageObject","inLanguage":"en-US","@id":"https:\/\/thediplomatinspain.com\/#\/schema\/logo\/image\/","url":"https:\/\/thediplomatinspain.com\/wp-content\/uploads\/2024\/06\/logo_the_diplomat.png","contentUrl":"https:\/\/thediplomatinspain.com\/wp-content\/uploads\/2024\/06\/logo_the_diplomat.png","width":284,"height":77,"caption":"thediplomatinspain.com"},"image":{"@id":"https:\/\/thediplomatinspain.com\/#\/schema\/logo\/image\/"},"sameAs":["https:\/\/www.facebook.com\/thediplomatinspain","https:\/\/x.com\/diplomatinspain","https:\/\/www.youtube.com\/channel\/UCK0mRqeeZDKdFeiFQZLcH2A"]},{"@type":"Person","@id":"https:\/\/thediplomatinspain.com\/#\/schema\/person\/90d9b3004c2822bcbe64082dad885a9c","name":"Redacci\u00f3n","image":{"@type":"ImageObject","inLanguage":"en-US","@id":"https:\/\/secure.gravatar.com\/avatar\/6be270e1c81317331dd99c1537c17b9683039795b5a956c595769bfada5e7067?s=96&d=mm&r=g","url":"https:\/\/secure.gravatar.com\/avatar\/6be270e1c81317331dd99c1537c17b9683039795b5a956c595769bfada5e7067?s=96&d=mm&r=g","contentUrl":"https:\/\/secure.gravatar.com\/avatar\/6be270e1c81317331dd99c1537c17b9683039795b5a956c595769bfada5e7067?s=96&d=mm&r=g","caption":"Redacci\u00f3n"},"sameAs":["https:\/\/thediplomatinspain.com\/"],"url":"https:\/\/thediplomatinspain.com\/en\/author\/soportecibeles\/"},{"@type":["Organization","NewsMediaOrganization"],"@id":"https:\/\/thediplomatinspain.com\/en\/#organization"},{"@type":"SiteNavigationElement","@id":"https:\/\/thediplomatinspain.com\/en\/#site-navigation","cssSelector":[".cib-main-menu"]},{"@type":"WPHeader","@id":"https:\/\/thediplomatinspain.com\/en\/#header","cssSelector":[".cib-header"]},{"@type":"WPFooter","@id":"https:\/\/thediplomatinspain.com\/en\/#footer","cssSelector":[".cib-footer"]}]}},"amp_enabled":true,"_links":{"self":[{"href":"https:\/\/thediplomatinspain.com\/en\/wp-json\/wp\/v2\/posts\/79618","targetHints":{"allow":["GET"]}}],"collection":[{"href":"https:\/\/thediplomatinspain.com\/en\/wp-json\/wp\/v2\/posts"}],"about":[{"href":"https:\/\/thediplomatinspain.com\/en\/wp-json\/wp\/v2\/types\/post"}],"author":[{"embeddable":true,"href":"https:\/\/thediplomatinspain.com\/en\/wp-json\/wp\/v2\/users\/1"}],"replies":[{"embeddable":true,"href":"https:\/\/thediplomatinspain.com\/en\/wp-json\/wp\/v2\/comments?post=79618"}],"version-history":[{"count":0,"href":"https:\/\/thediplomatinspain.com\/en\/wp-json\/wp\/v2\/posts\/79618\/revisions"}],"wp:featuredmedia":[{"embeddable":true,"href":"https:\/\/thediplomatinspain.com\/en\/wp-json\/wp\/v2\/media\/51205"}],"wp:attachment":[{"href":"https:\/\/thediplomatinspain.com\/en\/wp-json\/wp\/v2\/media?parent=79618"}],"wp:term":[{"taxonomy":"category","embeddable":true,"href":"https:\/\/thediplomatinspain.com\/en\/wp-json\/wp\/v2\/categories?post=79618"},{"taxonomy":"post_tag","embeddable":true,"href":"https:\/\/thediplomatinspain.com\/en\/wp-json\/wp\/v2\/tags?post=79618"}],"curies":[{"name":"wp","href":"https:\/\/api.w.org\/{rel}","templated":true}]}}