{"id":79538,"date":"2023-03-28T04:00:24","date_gmt":"2023-03-28T02:00:24","guid":{"rendered":"https:\/\/zen-hopper.82-223-81-17.plesk.page\/2023\/03\/28\/screening-of-the-documentary-guernica-el-ultimo-exiliado-at-the-reina-sofia\/"},"modified":"2023-03-28T04:00:24","modified_gmt":"2023-03-28T02:00:24","slug":"screening-of-the-documentary-guernica-el-ultimo-exiliado-at-the-reina-sofia","status":"publish","type":"post","link":"https:\/\/thediplomatinspain.com\/en\/2023\/03\/28\/screening-of-the-documentary-guernica-el-ultimo-exiliado-at-the-reina-sofia\/","title":{"rendered":"Screening of the documentary \u2018Guernica: El \u00daltimo Exiliado\u2019 at the Reina Sof\u00eda"},"content":{"rendered":"<p>&nbsp;<\/p>\n<p>As part of the <strong>Picasso Celebration 1973-2023<\/strong> programme, <strong><em>Guernica: El \u00daltimo Exiliado (Guernica: The Last Exile), <\/em><\/strong>a documentary about the arrival of the iconic mural in Spain seven months after the 1981 coup d&#8217;\u00e9tat, will be screened at the <strong>Museo Nacional Centro de Arte Reina Sof\u00eda<\/strong> tomorrow at 7 pm.<\/p>\n<p>&nbsp;<\/p>\n<p>The work, which symbolises the horrors of the Civil War and the attacks by fascist aircraft against the population, landed at Barajas airport after a complex political operation devised in absolute secrecy. Witnesses and protagonists of that historic moment tell for the first time the details of that adventure that concluded the political process of the Transition and recovered for Spain one of Picasso&#8217;s most important works.<\/p>\n<p>&nbsp;<\/p>\n<p>The screening begins with a presentation by <strong>Guillermo Logar,<\/strong> director of the short film, and ends with a discussion with <strong>Manuel \u00c1lvarez-Novillo,<\/strong> the protagonist of the negotiations, and <strong>Genoveva Tusell,<\/strong> a specialist in this process; both share their testimonies and experiences of this moment, reflected in the documentary. For more information, click <a href=\"https:\/\/www.museoreinasofia.es\/actividades\/guernica-ultimo-exiliado\" target=\"_blank\" rel=\"noopener noreferrer\"><strong>here.<\/strong><\/a><\/p>\n<p>&nbsp;<\/p>\n<p>&nbsp;<\/p>\n<p>&nbsp;<\/p>\n","protected":false},"excerpt":{"rendered":"<p>The Museo Nacional Centro de Arte Reina Sof\u00eda is screening Guernica: el \u00faltimo exiliado, a documentary on the arrival of the mural in Spain.<\/p>\n","protected":false},"author":1,"featured_media":51121,"comment_status":"open","ping_status":"open","sticky":false,"template":"","format":"standard","meta":{"jnews-multi-image_gallery":[],"jnews_single_post":[],"jnews_primary_category":[],"jnews_social_meta":[],"jnews_override_counter":[],"jnews_post_split":[],"footnotes":""},"categories":[178,176],"tags":[],"class_list":["post-79538","post","type-post","status-publish","format-standard","has-post-thumbnail","hentry","category-culture-art","category-leisure"],"yoast_head":"<!-- This site is optimized with the Yoast SEO plugin v27.4 - https:\/\/yoast.com\/product\/yoast-seo-wordpress\/ -->\n<title>Screening of the documentary \u2018Guernica: El \u00daltimo Exiliado\u2019 at the Reina Sof\u00eda - thediplomatinspain.com<\/title>\n<meta name=\"robots\" content=\"index, follow, max-snippet:-1, max-image-preview:large, max-video-preview:-1\" \/>\n<link rel=\"canonical\" href=\"https:\/\/thediplomatinspain.com\/en\/2023\/03\/28\/screening-of-the-documentary-guernica-el-ultimo-exiliado-at-the-reina-sofia\/\" \/>\n<meta property=\"og:locale\" content=\"en_US\" \/>\n<meta property=\"og:type\" content=\"article\" \/>\n<meta property=\"og:title\" content=\"Screening of the documentary \u2018Guernica: El \u00daltimo Exiliado\u2019 at the Reina Sof\u00eda - thediplomatinspain.com\" \/>\n<meta property=\"og:description\" content=\"The Museo Nacional Centro de Arte Reina Sof\u00eda is screening Guernica: el \u00faltimo exiliado, a documentary on the arrival of the mural in Spain.\" \/>\n<meta property=\"og:url\" content=\"https:\/\/thediplomatinspain.com\/en\/2023\/03\/28\/screening-of-the-documentary-guernica-el-ultimo-exiliado-at-the-reina-sofia\/\" \/>\n<meta property=\"og:site_name\" content=\"thediplomatinspain.com\" \/>\n<meta property=\"article:publisher\" content=\"https:\/\/www.facebook.com\/thediplomatinspain\" \/>\n<meta property=\"article:published_time\" content=\"2023-03-28T02:00:24+00:00\" \/>\n<meta property=\"og:image\" content=\"https:\/\/thediplomatinspain.com\/wp-content\/uploads\/2024\/05\/GUERNICA-EL-ULTIMO-EXILIADO-ok.jpg\" \/>\n\t<meta property=\"og:image:width\" content=\"220\" \/>\n\t<meta property=\"og:image:height\" content=\"314\" \/>\n\t<meta property=\"og:image:type\" content=\"image\/jpeg\" \/>\n<meta name=\"author\" content=\"Redacci\u00f3n\" \/>\n<meta name=\"twitter:card\" content=\"summary_large_image\" \/>\n<meta name=\"twitter:creator\" content=\"@diplomatinspain\" \/>\n<meta name=\"twitter:site\" content=\"@diplomatinspain\" \/>\n<meta name=\"twitter:label1\" content=\"Written by\" \/>\n\t<meta name=\"twitter:data1\" content=\"Redacci\u00f3n\" \/>\n\t<meta name=\"twitter:label2\" content=\"Est. reading time\" \/>\n\t<meta name=\"twitter:data2\" content=\"1 minute\" \/>\n<script type=\"application\/ld+json\" class=\"yoast-schema-graph\">{\"@context\":\"https:\\\/\\\/schema.org\",\"@graph\":[{\"@type\":\"Article\",\"@id\":\"https:\\\/\\\/thediplomatinspain.com\\\/en\\\/2023\\\/03\\\/28\\\/screening-of-the-documentary-guernica-el-ultimo-exiliado-at-the-reina-sofia\\\/#article\",\"isPartOf\":{\"@id\":\"https:\\\/\\\/thediplomatinspain.com\\\/en\\\/2023\\\/03\\\/28\\\/screening-of-the-documentary-guernica-el-ultimo-exiliado-at-the-reina-sofia\\\/\"},\"author\":{\"name\":\"Redacci\u00f3n\",\"@id\":\"https:\\\/\\\/thediplomatinspain.com\\\/#\\\/schema\\\/person\\\/90d9b3004c2822bcbe64082dad885a9c\"},\"headline\":\"Screening of the documentary \u2018Guernica: El \u00daltimo Exiliado\u2019 at the Reina Sof\u00eda\",\"datePublished\":\"2023-03-28T02:00:24+00:00\",\"mainEntityOfPage\":{\"@id\":\"https:\\\/\\\/thediplomatinspain.com\\\/en\\\/2023\\\/03\\\/28\\\/screening-of-the-documentary-guernica-el-ultimo-exiliado-at-the-reina-sofia\\\/\"},\"wordCount\":190,\"commentCount\":0,\"publisher\":{\"@id\":\"https:\\\/\\\/thediplomatinspain.com\\\/#organization\"},\"image\":{\"@id\":\"https:\\\/\\\/thediplomatinspain.com\\\/en\\\/2023\\\/03\\\/28\\\/screening-of-the-documentary-guernica-el-ultimo-exiliado-at-the-reina-sofia\\\/#primaryimage\"},\"thumbnailUrl\":\"https:\\\/\\\/thediplomatinspain.com\\\/wp-content\\\/uploads\\\/2024\\\/05\\\/GUERNICA-EL-ULTIMO-EXILIADO-ok.jpg\",\"articleSection\":[\"Culture &amp; Art\",\"Leisure\"],\"inLanguage\":\"en-US\",\"potentialAction\":[{\"@type\":\"CommentAction\",\"name\":\"Comment\",\"target\":[\"https:\\\/\\\/thediplomatinspain.com\\\/en\\\/2023\\\/03\\\/28\\\/screening-of-the-documentary-guernica-el-ultimo-exiliado-at-the-reina-sofia\\\/#respond\"]}]},{\"@type\":\"WebPage\",\"@id\":\"https:\\\/\\\/thediplomatinspain.com\\\/en\\\/2023\\\/03\\\/28\\\/screening-of-the-documentary-guernica-el-ultimo-exiliado-at-the-reina-sofia\\\/\",\"url\":\"https:\\\/\\\/thediplomatinspain.com\\\/en\\\/2023\\\/03\\\/28\\\/screening-of-the-documentary-guernica-el-ultimo-exiliado-at-the-reina-sofia\\\/\",\"name\":\"Screening of the documentary \u2018Guernica: El \u00daltimo Exiliado\u2019 at the Reina Sof\u00eda - thediplomatinspain.com\",\"isPartOf\":{\"@id\":\"https:\\\/\\\/thediplomatinspain.com\\\/#website\"},\"primaryImageOfPage\":{\"@id\":\"https:\\\/\\\/thediplomatinspain.com\\\/en\\\/2023\\\/03\\\/28\\\/screening-of-the-documentary-guernica-el-ultimo-exiliado-at-the-reina-sofia\\\/#primaryimage\"},\"image\":{\"@id\":\"https:\\\/\\\/thediplomatinspain.com\\\/en\\\/2023\\\/03\\\/28\\\/screening-of-the-documentary-guernica-el-ultimo-exiliado-at-the-reina-sofia\\\/#primaryimage\"},\"thumbnailUrl\":\"https:\\\/\\\/thediplomatinspain.com\\\/wp-content\\\/uploads\\\/2024\\\/05\\\/GUERNICA-EL-ULTIMO-EXILIADO-ok.jpg\",\"datePublished\":\"2023-03-28T02:00:24+00:00\",\"breadcrumb\":{\"@id\":\"https:\\\/\\\/thediplomatinspain.com\\\/en\\\/2023\\\/03\\\/28\\\/screening-of-the-documentary-guernica-el-ultimo-exiliado-at-the-reina-sofia\\\/#breadcrumb\"},\"inLanguage\":\"en-US\",\"potentialAction\":[{\"@type\":\"ReadAction\",\"target\":[\"https:\\\/\\\/thediplomatinspain.com\\\/en\\\/2023\\\/03\\\/28\\\/screening-of-the-documentary-guernica-el-ultimo-exiliado-at-the-reina-sofia\\\/\"]}]},{\"@type\":\"ImageObject\",\"inLanguage\":\"en-US\",\"@id\":\"https:\\\/\\\/thediplomatinspain.com\\\/en\\\/2023\\\/03\\\/28\\\/screening-of-the-documentary-guernica-el-ultimo-exiliado-at-the-reina-sofia\\\/#primaryimage\",\"url\":\"https:\\\/\\\/thediplomatinspain.com\\\/wp-content\\\/uploads\\\/2024\\\/05\\\/GUERNICA-EL-ULTIMO-EXILIADO-ok.jpg\",\"contentUrl\":\"https:\\\/\\\/thediplomatinspain.com\\\/wp-content\\\/uploads\\\/2024\\\/05\\\/GUERNICA-EL-ULTIMO-EXILIADO-ok.jpg\",\"width\":220,\"height\":314},{\"@type\":\"BreadcrumbList\",\"@id\":\"https:\\\/\\\/thediplomatinspain.com\\\/en\\\/2023\\\/03\\\/28\\\/screening-of-the-documentary-guernica-el-ultimo-exiliado-at-the-reina-sofia\\\/#breadcrumb\",\"itemListElement\":[{\"@type\":\"ListItem\",\"position\":1,\"name\":\"Portada\",\"item\":\"https:\\\/\\\/thediplomatinspain.com\\\/en\\\/\"},{\"@type\":\"ListItem\",\"position\":2,\"name\":\"Screening of the documentary \u2018Guernica: El \u00daltimo Exiliado\u2019 at the Reina Sof\u00eda\"}]},{\"@type\":\"WebSite\",\"@id\":\"https:\\\/\\\/thediplomatinspain.com\\\/#website\",\"url\":\"https:\\\/\\\/thediplomatinspain.com\\\/\",\"name\":\"thediplomatinspain.com\",\"description\":\"Diario digital de referencia para diplom\u00e1ticos y empresas\",\"publisher\":{\"@id\":\"https:\\\/\\\/thediplomatinspain.com\\\/#organization\"},\"potentialAction\":[{\"@type\":\"SearchAction\",\"target\":{\"@type\":\"EntryPoint\",\"urlTemplate\":\"https:\\\/\\\/thediplomatinspain.com\\\/?s={search_term_string}\"},\"query-input\":{\"@type\":\"PropertyValueSpecification\",\"valueRequired\":true,\"valueName\":\"search_term_string\"}}],\"inLanguage\":\"en-US\"},{\"@type\":\"Organization\",\"@id\":\"https:\\\/\\\/thediplomatinspain.com\\\/#organization\",\"name\":\"thediplomatinspain.com\",\"url\":\"https:\\\/\\\/thediplomatinspain.com\\\/\",\"logo\":{\"@type\":\"ImageObject\",\"inLanguage\":\"en-US\",\"@id\":\"https:\\\/\\\/thediplomatinspain.com\\\/#\\\/schema\\\/logo\\\/image\\\/\",\"url\":\"https:\\\/\\\/thediplomatinspain.com\\\/wp-content\\\/uploads\\\/2024\\\/06\\\/logo_the_diplomat.png\",\"contentUrl\":\"https:\\\/\\\/thediplomatinspain.com\\\/wp-content\\\/uploads\\\/2024\\\/06\\\/logo_the_diplomat.png\",\"width\":284,\"height\":77,\"caption\":\"thediplomatinspain.com\"},\"image\":{\"@id\":\"https:\\\/\\\/thediplomatinspain.com\\\/#\\\/schema\\\/logo\\\/image\\\/\"},\"sameAs\":[\"https:\\\/\\\/www.facebook.com\\\/thediplomatinspain\",\"https:\\\/\\\/x.com\\\/diplomatinspain\",\"https:\\\/\\\/www.youtube.com\\\/channel\\\/UCK0mRqeeZDKdFeiFQZLcH2A\"]},{\"@type\":\"Person\",\"@id\":\"https:\\\/\\\/thediplomatinspain.com\\\/#\\\/schema\\\/person\\\/90d9b3004c2822bcbe64082dad885a9c\",\"name\":\"Redacci\u00f3n\",\"image\":{\"@type\":\"ImageObject\",\"inLanguage\":\"en-US\",\"@id\":\"https:\\\/\\\/secure.gravatar.com\\\/avatar\\\/6be270e1c81317331dd99c1537c17b9683039795b5a956c595769bfada5e7067?s=96&d=mm&r=g\",\"url\":\"https:\\\/\\\/secure.gravatar.com\\\/avatar\\\/6be270e1c81317331dd99c1537c17b9683039795b5a956c595769bfada5e7067?s=96&d=mm&r=g\",\"contentUrl\":\"https:\\\/\\\/secure.gravatar.com\\\/avatar\\\/6be270e1c81317331dd99c1537c17b9683039795b5a956c595769bfada5e7067?s=96&d=mm&r=g\",\"caption\":\"Redacci\u00f3n\"},\"sameAs\":[\"https:\\\/\\\/thediplomatinspain.com\\\/\"],\"url\":\"https:\\\/\\\/thediplomatinspain.com\\\/en\\\/author\\\/soportecibeles\\\/\"},{\"@type\":[\"Organization\",\"NewsMediaOrganization\"],\"@id\":\"https:\\\/\\\/thediplomatinspain.com\\\/en\\\/#organization\"},{\"@type\":\"SiteNavigationElement\",\"@id\":\"https:\\\/\\\/thediplomatinspain.com\\\/en\\\/#site-navigation\",\"cssSelector\":[\".cib-main-menu\"]},{\"@type\":\"WPHeader\",\"@id\":\"https:\\\/\\\/thediplomatinspain.com\\\/en\\\/#header\",\"cssSelector\":[\".cib-header\"]},{\"@type\":\"WPFooter\",\"@id\":\"https:\\\/\\\/thediplomatinspain.com\\\/en\\\/#footer\",\"cssSelector\":[\".cib-footer\"]}]}<\/script>\n<!-- \/ Yoast SEO plugin. -->","yoast_head_json":{"title":"Screening of the documentary \u2018Guernica: El \u00daltimo Exiliado\u2019 at the Reina Sof\u00eda - thediplomatinspain.com","robots":{"index":"index","follow":"follow","max-snippet":"max-snippet:-1","max-image-preview":"max-image-preview:large","max-video-preview":"max-video-preview:-1"},"canonical":"https:\/\/thediplomatinspain.com\/en\/2023\/03\/28\/screening-of-the-documentary-guernica-el-ultimo-exiliado-at-the-reina-sofia\/","og_locale":"en_US","og_type":"article","og_title":"Screening of the documentary \u2018Guernica: El \u00daltimo Exiliado\u2019 at the Reina Sof\u00eda - thediplomatinspain.com","og_description":"The Museo Nacional Centro de Arte Reina Sof\u00eda is screening Guernica: el \u00faltimo exiliado, a documentary on the arrival of the mural in Spain.","og_url":"https:\/\/thediplomatinspain.com\/en\/2023\/03\/28\/screening-of-the-documentary-guernica-el-ultimo-exiliado-at-the-reina-sofia\/","og_site_name":"thediplomatinspain.com","article_publisher":"https:\/\/www.facebook.com\/thediplomatinspain","article_published_time":"2023-03-28T02:00:24+00:00","og_image":[{"width":220,"height":314,"url":"https:\/\/thediplomatinspain.com\/wp-content\/uploads\/2024\/05\/GUERNICA-EL-ULTIMO-EXILIADO-ok.jpg","type":"image\/jpeg"}],"author":"Redacci\u00f3n","twitter_card":"summary_large_image","twitter_creator":"@diplomatinspain","twitter_site":"@diplomatinspain","twitter_misc":{"Written by":"Redacci\u00f3n","Est. reading time":"1 minute"},"schema":{"@context":"https:\/\/schema.org","@graph":[{"@type":"Article","@id":"https:\/\/thediplomatinspain.com\/en\/2023\/03\/28\/screening-of-the-documentary-guernica-el-ultimo-exiliado-at-the-reina-sofia\/#article","isPartOf":{"@id":"https:\/\/thediplomatinspain.com\/en\/2023\/03\/28\/screening-of-the-documentary-guernica-el-ultimo-exiliado-at-the-reina-sofia\/"},"author":{"name":"Redacci\u00f3n","@id":"https:\/\/thediplomatinspain.com\/#\/schema\/person\/90d9b3004c2822bcbe64082dad885a9c"},"headline":"Screening of the documentary \u2018Guernica: El \u00daltimo Exiliado\u2019 at the Reina Sof\u00eda","datePublished":"2023-03-28T02:00:24+00:00","mainEntityOfPage":{"@id":"https:\/\/thediplomatinspain.com\/en\/2023\/03\/28\/screening-of-the-documentary-guernica-el-ultimo-exiliado-at-the-reina-sofia\/"},"wordCount":190,"commentCount":0,"publisher":{"@id":"https:\/\/thediplomatinspain.com\/#organization"},"image":{"@id":"https:\/\/thediplomatinspain.com\/en\/2023\/03\/28\/screening-of-the-documentary-guernica-el-ultimo-exiliado-at-the-reina-sofia\/#primaryimage"},"thumbnailUrl":"https:\/\/thediplomatinspain.com\/wp-content\/uploads\/2024\/05\/GUERNICA-EL-ULTIMO-EXILIADO-ok.jpg","articleSection":["Culture &amp; Art","Leisure"],"inLanguage":"en-US","potentialAction":[{"@type":"CommentAction","name":"Comment","target":["https:\/\/thediplomatinspain.com\/en\/2023\/03\/28\/screening-of-the-documentary-guernica-el-ultimo-exiliado-at-the-reina-sofia\/#respond"]}]},{"@type":"WebPage","@id":"https:\/\/thediplomatinspain.com\/en\/2023\/03\/28\/screening-of-the-documentary-guernica-el-ultimo-exiliado-at-the-reina-sofia\/","url":"https:\/\/thediplomatinspain.com\/en\/2023\/03\/28\/screening-of-the-documentary-guernica-el-ultimo-exiliado-at-the-reina-sofia\/","name":"Screening of the documentary \u2018Guernica: El \u00daltimo Exiliado\u2019 at the Reina Sof\u00eda - thediplomatinspain.com","isPartOf":{"@id":"https:\/\/thediplomatinspain.com\/#website"},"primaryImageOfPage":{"@id":"https:\/\/thediplomatinspain.com\/en\/2023\/03\/28\/screening-of-the-documentary-guernica-el-ultimo-exiliado-at-the-reina-sofia\/#primaryimage"},"image":{"@id":"https:\/\/thediplomatinspain.com\/en\/2023\/03\/28\/screening-of-the-documentary-guernica-el-ultimo-exiliado-at-the-reina-sofia\/#primaryimage"},"thumbnailUrl":"https:\/\/thediplomatinspain.com\/wp-content\/uploads\/2024\/05\/GUERNICA-EL-ULTIMO-EXILIADO-ok.jpg","datePublished":"2023-03-28T02:00:24+00:00","breadcrumb":{"@id":"https:\/\/thediplomatinspain.com\/en\/2023\/03\/28\/screening-of-the-documentary-guernica-el-ultimo-exiliado-at-the-reina-sofia\/#breadcrumb"},"inLanguage":"en-US","potentialAction":[{"@type":"ReadAction","target":["https:\/\/thediplomatinspain.com\/en\/2023\/03\/28\/screening-of-the-documentary-guernica-el-ultimo-exiliado-at-the-reina-sofia\/"]}]},{"@type":"ImageObject","inLanguage":"en-US","@id":"https:\/\/thediplomatinspain.com\/en\/2023\/03\/28\/screening-of-the-documentary-guernica-el-ultimo-exiliado-at-the-reina-sofia\/#primaryimage","url":"https:\/\/thediplomatinspain.com\/wp-content\/uploads\/2024\/05\/GUERNICA-EL-ULTIMO-EXILIADO-ok.jpg","contentUrl":"https:\/\/thediplomatinspain.com\/wp-content\/uploads\/2024\/05\/GUERNICA-EL-ULTIMO-EXILIADO-ok.jpg","width":220,"height":314},{"@type":"BreadcrumbList","@id":"https:\/\/thediplomatinspain.com\/en\/2023\/03\/28\/screening-of-the-documentary-guernica-el-ultimo-exiliado-at-the-reina-sofia\/#breadcrumb","itemListElement":[{"@type":"ListItem","position":1,"name":"Portada","item":"https:\/\/thediplomatinspain.com\/en\/"},{"@type":"ListItem","position":2,"name":"Screening of the documentary \u2018Guernica: El \u00daltimo Exiliado\u2019 at the Reina Sof\u00eda"}]},{"@type":"WebSite","@id":"https:\/\/thediplomatinspain.com\/#website","url":"https:\/\/thediplomatinspain.com\/","name":"thediplomatinspain.com","description":"Diario digital de referencia para diplom\u00e1ticos y empresas","publisher":{"@id":"https:\/\/thediplomatinspain.com\/#organization"},"potentialAction":[{"@type":"SearchAction","target":{"@type":"EntryPoint","urlTemplate":"https:\/\/thediplomatinspain.com\/?s={search_term_string}"},"query-input":{"@type":"PropertyValueSpecification","valueRequired":true,"valueName":"search_term_string"}}],"inLanguage":"en-US"},{"@type":"Organization","@id":"https:\/\/thediplomatinspain.com\/#organization","name":"thediplomatinspain.com","url":"https:\/\/thediplomatinspain.com\/","logo":{"@type":"ImageObject","inLanguage":"en-US","@id":"https:\/\/thediplomatinspain.com\/#\/schema\/logo\/image\/","url":"https:\/\/thediplomatinspain.com\/wp-content\/uploads\/2024\/06\/logo_the_diplomat.png","contentUrl":"https:\/\/thediplomatinspain.com\/wp-content\/uploads\/2024\/06\/logo_the_diplomat.png","width":284,"height":77,"caption":"thediplomatinspain.com"},"image":{"@id":"https:\/\/thediplomatinspain.com\/#\/schema\/logo\/image\/"},"sameAs":["https:\/\/www.facebook.com\/thediplomatinspain","https:\/\/x.com\/diplomatinspain","https:\/\/www.youtube.com\/channel\/UCK0mRqeeZDKdFeiFQZLcH2A"]},{"@type":"Person","@id":"https:\/\/thediplomatinspain.com\/#\/schema\/person\/90d9b3004c2822bcbe64082dad885a9c","name":"Redacci\u00f3n","image":{"@type":"ImageObject","inLanguage":"en-US","@id":"https:\/\/secure.gravatar.com\/avatar\/6be270e1c81317331dd99c1537c17b9683039795b5a956c595769bfada5e7067?s=96&d=mm&r=g","url":"https:\/\/secure.gravatar.com\/avatar\/6be270e1c81317331dd99c1537c17b9683039795b5a956c595769bfada5e7067?s=96&d=mm&r=g","contentUrl":"https:\/\/secure.gravatar.com\/avatar\/6be270e1c81317331dd99c1537c17b9683039795b5a956c595769bfada5e7067?s=96&d=mm&r=g","caption":"Redacci\u00f3n"},"sameAs":["https:\/\/thediplomatinspain.com\/"],"url":"https:\/\/thediplomatinspain.com\/en\/author\/soportecibeles\/"},{"@type":["Organization","NewsMediaOrganization"],"@id":"https:\/\/thediplomatinspain.com\/en\/#organization"},{"@type":"SiteNavigationElement","@id":"https:\/\/thediplomatinspain.com\/en\/#site-navigation","cssSelector":[".cib-main-menu"]},{"@type":"WPHeader","@id":"https:\/\/thediplomatinspain.com\/en\/#header","cssSelector":[".cib-header"]},{"@type":"WPFooter","@id":"https:\/\/thediplomatinspain.com\/en\/#footer","cssSelector":[".cib-footer"]}]}},"amp_enabled":true,"_links":{"self":[{"href":"https:\/\/thediplomatinspain.com\/en\/wp-json\/wp\/v2\/posts\/79538","targetHints":{"allow":["GET"]}}],"collection":[{"href":"https:\/\/thediplomatinspain.com\/en\/wp-json\/wp\/v2\/posts"}],"about":[{"href":"https:\/\/thediplomatinspain.com\/en\/wp-json\/wp\/v2\/types\/post"}],"author":[{"embeddable":true,"href":"https:\/\/thediplomatinspain.com\/en\/wp-json\/wp\/v2\/users\/1"}],"replies":[{"embeddable":true,"href":"https:\/\/thediplomatinspain.com\/en\/wp-json\/wp\/v2\/comments?post=79538"}],"version-history":[{"count":0,"href":"https:\/\/thediplomatinspain.com\/en\/wp-json\/wp\/v2\/posts\/79538\/revisions"}],"wp:featuredmedia":[{"embeddable":true,"href":"https:\/\/thediplomatinspain.com\/en\/wp-json\/wp\/v2\/media\/51121"}],"wp:attachment":[{"href":"https:\/\/thediplomatinspain.com\/en\/wp-json\/wp\/v2\/media?parent=79538"}],"wp:term":[{"taxonomy":"category","embeddable":true,"href":"https:\/\/thediplomatinspain.com\/en\/wp-json\/wp\/v2\/categories?post=79538"},{"taxonomy":"post_tag","embeddable":true,"href":"https:\/\/thediplomatinspain.com\/en\/wp-json\/wp\/v2\/tags?post=79538"}],"curies":[{"name":"wp","href":"https:\/\/api.w.org\/{rel}","templated":true}]}}