{"id":78707,"date":"2022-12-27T05:09:52","date_gmt":"2022-12-27T04:09:52","guid":{"rendered":"https:\/\/zen-hopper.82-223-81-17.plesk.page\/2022\/12\/27\/main-psoe-barons-dissociate-themselves-from-sanchez-ahead-of-may-elections\/"},"modified":"2022-12-27T05:09:52","modified_gmt":"2022-12-27T04:09:52","slug":"main-psoe-barons-dissociate-themselves-from-sanchez-ahead-of-may-elections","status":"publish","type":"post","link":"https:\/\/thediplomatinspain.com\/en\/2022\/12\/27\/main-psoe-barons-dissociate-themselves-from-sanchez-ahead-of-may-elections\/","title":{"rendered":"Main PSOE barons dissociate themselves from S\u00e1nchez ahead of May elections"},"content":{"rendered":"<h6><strong>\u00c1ngel Collado<\/strong><\/h6>\n<p>&nbsp;<\/p>\n<h4><strong>Pedro S\u00e1nchez is delighted with the stability in power that the independentistas give him, but the regional leaders of the PSOE see how the polls confirm their fears of being punished in the regional elections next May for the Government&#8217;s favours to its partners.<\/strong><\/h4>\n<p>&nbsp;<\/p>\n<p>Even the Centro de Investigaciones Sociol\u00f3gicas (CIS), a public body under strict control of the Executive, points out that the Socialists are<strong> in danger of losing traditional fiefdoms such as Extremadura and that the best prospects are for the regional presidents most critical of S\u00e1nchez: Emiliano Garc\u00eda-Page in Castilla-La Mancha and Javier Lamb\u00e1n in Arag\u00f3n.<\/strong><\/p>\n<p>&nbsp;<\/p>\n<p>The head of the Executive closes the annual exercise in a hurry with the payment of outstanding bills with the Catalan separatists, such as those of repealing the crime of sedition and lowering that of embezzlement of public funds incurred by the main leaders of the Generalitat in the secessionist attempt of 1 October 2017.<\/p>\n<p>&nbsp;<\/p>\n<p><strong>S\u00e1nchez thus frees or relieves his allies from the pressure of Justice, as well as disarming the State against future coups, according to the opposition and a good part of the PSOE, at least the one represented by Garc\u00eda-Page and Lamb\u00e1n.<\/strong><\/p>\n<p>&nbsp;<\/p>\n<p>On 28 May, the two main national parties are playing for half of the power in the autonomous regions in elections held in conjunction with the municipal elections. Andalusia, Catalonia, Galicia and the Basque Country are on the sidelines because they have their own system of elections, and the same applies this time in the case of Castile and Leon because there were early elections last February. The citizens living in the rest of the regions, including Madrid, account for slightly more of Spain&#8217;s population and are called to the polls in an election that will also be the prologue to the general elections at the end of the year.<\/p>\n<p>&nbsp;<\/p>\n<p><strong>Of the ten regional governments at stake, the PSOE controls eight: two with an absolute majority (those of Castilla-La Mancha and Extremadura) and the rest thanks to pacts with the extreme left (Podemos), regionalists and pro-independence supporters, including the heirs of ETA&#8217;s political wing in the case of Navarre. For its part, the Popular Party only presides over two regional executives: Madrid and Murcia.<\/strong><\/p>\n<p>&nbsp;<\/p>\n<p>The PP assumes that it will maintain its hegemony in the two autonomous regions it already governs and hopes that Isabel D\u00edaz Ayuso will rise in Madrid to achieve an absolute majority so as not to depend on Vox. In addition, the party presided over by Alberto N\u00fa\u00f1ez Feij\u00f3o is already campaigning to capture the socialist electorate in the rest of Spain, which is dissatisfied with S\u00e1nchez&#8217;s management in favour of the Catalan and Basque independentists. The Popular Party sees room to win in most regions.<\/p>\n<p>&nbsp;<\/p>\n<p><strong>Garc\u00eda-Page, with an absolute majority in Castilla-La Mancha, and Javier Lamb\u00e1n from Arag\u00f3n have stood out in criticising S\u00e1nchez for reforming the Penal Code to suit the interests of the separatists<\/strong> condemned by the Supreme Court. The former was counting on his management of the autonomous region over the last four years to guarantee his return to office, but has seen the PSOE brand and the image of Pedro S\u00e1nchez become a liability for his campaign in the region.<\/p>\n<p>&nbsp;<\/p>\n<p>The polls were also smiling on Lamb\u00e1n, with an overall approval rating for his administration and an upward outlook that allowed him to aspire to get rid of some of his forced partners in this legislature, Podemos or some of the Aragonese regionalist groups on which his government depends. Despite these dependencies, he is the clearest in his criticism of S\u00e1nchez, even though he disavows himself every time he is called to order by the PSOE&#8217;s national leadership.<\/p>\n<p>&nbsp;<\/p>\n<p>The socialist presidents of the Valencian Community, the Balearic Islands, the Canary Islands and Navarre, who depend on their pacts with nationalists, pro-independence and far-left groups, have not objected to the president of the government&#8217;s drift. They are counting on reissuing their alliances after May to remain in power in the face of the foreseeable rise of the PP and the Uni\u00f3n del Pueblo Navarro.<\/p>\n<p>&nbsp;<\/p>\n<p>In the case of the regional government of Extremadura, a traditional PSOE fiefdom since 1983, its current president, Guillermo Fern\u00e1ndez Vara, has left his well-known disagreements with S\u00e1nchez to internal affairs. And the polls, the private ones published by the media and the governmental CIS, coincide in the same data in predicting the end of his absolute majority and in leaving the future of the regional government up in the air, dependent on the pacts of the socialists with Podemos, and even of the PP with Vox.<\/p>\n<p>&nbsp;<\/p>\n<p>Not even the PP counted on this degree of deterioration of the PSOE&#8217;s brand, which also confirms the commitment of<strong> the main socialist barons to base their future campaign on their personal management and to distance themselves from S\u00e1nchez.<\/strong><\/p>\n<p>&nbsp;<\/p>\n<p>&nbsp;<\/p>\n","protected":false},"excerpt":{"rendered":"<p>Pedro S\u00e1nchez is delighted with the stability in power that the independentistas give him, but the regional leaders of the PSOE see how the polls confirm their<\/p>\n","protected":false},"author":1,"featured_media":51566,"comment_status":"open","ping_status":"open","sticky":false,"template":"","format":"standard","meta":{"jnews-multi-image_gallery":[],"jnews_single_post":[],"jnews_primary_category":[],"jnews_social_meta":[],"jnews_override_counter":[],"jnews_post_split":[],"footnotes":""},"categories":[106,158,159,160,182],"tags":[],"class_list":["post-78707","post","type-post","status-publish","format-standard","has-post-thumbnail","hentry","category-frontpage","category-frontpage-en","category-news","category-spain-en","category-subscribers"],"yoast_head":"<!-- This site is optimized with the Yoast SEO plugin v27.4 - https:\/\/yoast.com\/product\/yoast-seo-wordpress\/ -->\n<title>Main PSOE barons dissociate themselves from S\u00e1nchez ahead of May elections - thediplomatinspain.com<\/title>\n<meta name=\"robots\" content=\"index, follow, max-snippet:-1, max-image-preview:large, max-video-preview:-1\" \/>\n<link rel=\"canonical\" href=\"https:\/\/thediplomatinspain.com\/en\/2022\/12\/27\/main-psoe-barons-dissociate-themselves-from-sanchez-ahead-of-may-elections\/\" \/>\n<meta property=\"og:locale\" content=\"en_US\" \/>\n<meta property=\"og:type\" content=\"article\" \/>\n<meta property=\"og:title\" content=\"Main PSOE barons dissociate themselves from S\u00e1nchez ahead of May elections - thediplomatinspain.com\" \/>\n<meta property=\"og:description\" content=\"Pedro S\u00e1nchez is delighted with the stability in power that the independentistas give him, but the regional leaders of the PSOE see how the polls confirm their\" \/>\n<meta property=\"og:url\" content=\"https:\/\/thediplomatinspain.com\/en\/2022\/12\/27\/main-psoe-barons-dissociate-themselves-from-sanchez-ahead-of-may-elections\/\" \/>\n<meta property=\"og:site_name\" content=\"thediplomatinspain.com\" \/>\n<meta property=\"article:publisher\" content=\"https:\/\/www.facebook.com\/thediplomatinspain\" \/>\n<meta property=\"article:published_time\" content=\"2022-12-27T04:09:52+00:00\" \/>\n<meta property=\"og:image\" content=\"https:\/\/thediplomatinspain.com\/wp-content\/uploads\/2024\/05\/Sanchez-Page-Lamban.jpg\" \/>\n\t<meta property=\"og:image:width\" content=\"750\" \/>\n\t<meta property=\"og:image:height\" content=\"423\" \/>\n\t<meta property=\"og:image:type\" content=\"image\/jpeg\" \/>\n<meta name=\"author\" content=\"Redacci\u00f3n\" \/>\n<meta name=\"twitter:card\" content=\"summary_large_image\" \/>\n<meta name=\"twitter:creator\" content=\"@diplomatinspain\" \/>\n<meta name=\"twitter:site\" content=\"@diplomatinspain\" \/>\n<meta name=\"twitter:label1\" content=\"Written by\" \/>\n\t<meta name=\"twitter:data1\" content=\"Redacci\u00f3n\" \/>\n\t<meta name=\"twitter:label2\" content=\"Est. reading time\" \/>\n\t<meta name=\"twitter:data2\" content=\"4 minutes\" \/>\n<script type=\"application\/ld+json\" class=\"yoast-schema-graph\">{\"@context\":\"https:\\\/\\\/schema.org\",\"@graph\":[{\"@type\":\"Article\",\"@id\":\"https:\\\/\\\/thediplomatinspain.com\\\/en\\\/2022\\\/12\\\/27\\\/main-psoe-barons-dissociate-themselves-from-sanchez-ahead-of-may-elections\\\/#article\",\"isPartOf\":{\"@id\":\"https:\\\/\\\/thediplomatinspain.com\\\/en\\\/2022\\\/12\\\/27\\\/main-psoe-barons-dissociate-themselves-from-sanchez-ahead-of-may-elections\\\/\"},\"author\":{\"name\":\"Redacci\u00f3n\",\"@id\":\"https:\\\/\\\/thediplomatinspain.com\\\/#\\\/schema\\\/person\\\/90d9b3004c2822bcbe64082dad885a9c\"},\"headline\":\"Main PSOE barons dissociate themselves from S\u00e1nchez ahead of May elections\",\"datePublished\":\"2022-12-27T04:09:52+00:00\",\"mainEntityOfPage\":{\"@id\":\"https:\\\/\\\/thediplomatinspain.com\\\/en\\\/2022\\\/12\\\/27\\\/main-psoe-barons-dissociate-themselves-from-sanchez-ahead-of-may-elections\\\/\"},\"wordCount\":858,\"commentCount\":0,\"publisher\":{\"@id\":\"https:\\\/\\\/thediplomatinspain.com\\\/#organization\"},\"image\":{\"@id\":\"https:\\\/\\\/thediplomatinspain.com\\\/en\\\/2022\\\/12\\\/27\\\/main-psoe-barons-dissociate-themselves-from-sanchez-ahead-of-may-elections\\\/#primaryimage\"},\"thumbnailUrl\":\"https:\\\/\\\/thediplomatinspain.com\\\/wp-content\\\/uploads\\\/2024\\\/05\\\/Sanchez-Page-Lamban.jpg\",\"articleSection\":[\"Frontpage\",\"Frontpage\",\"News\",\"Spain\",\"Subscribers\"],\"inLanguage\":\"en-US\",\"potentialAction\":[{\"@type\":\"CommentAction\",\"name\":\"Comment\",\"target\":[\"https:\\\/\\\/thediplomatinspain.com\\\/en\\\/2022\\\/12\\\/27\\\/main-psoe-barons-dissociate-themselves-from-sanchez-ahead-of-may-elections\\\/#respond\"]}]},{\"@type\":\"WebPage\",\"@id\":\"https:\\\/\\\/thediplomatinspain.com\\\/en\\\/2022\\\/12\\\/27\\\/main-psoe-barons-dissociate-themselves-from-sanchez-ahead-of-may-elections\\\/\",\"url\":\"https:\\\/\\\/thediplomatinspain.com\\\/en\\\/2022\\\/12\\\/27\\\/main-psoe-barons-dissociate-themselves-from-sanchez-ahead-of-may-elections\\\/\",\"name\":\"Main PSOE barons dissociate themselves from S\u00e1nchez ahead of May elections - thediplomatinspain.com\",\"isPartOf\":{\"@id\":\"https:\\\/\\\/thediplomatinspain.com\\\/#website\"},\"primaryImageOfPage\":{\"@id\":\"https:\\\/\\\/thediplomatinspain.com\\\/en\\\/2022\\\/12\\\/27\\\/main-psoe-barons-dissociate-themselves-from-sanchez-ahead-of-may-elections\\\/#primaryimage\"},\"image\":{\"@id\":\"https:\\\/\\\/thediplomatinspain.com\\\/en\\\/2022\\\/12\\\/27\\\/main-psoe-barons-dissociate-themselves-from-sanchez-ahead-of-may-elections\\\/#primaryimage\"},\"thumbnailUrl\":\"https:\\\/\\\/thediplomatinspain.com\\\/wp-content\\\/uploads\\\/2024\\\/05\\\/Sanchez-Page-Lamban.jpg\",\"datePublished\":\"2022-12-27T04:09:52+00:00\",\"breadcrumb\":{\"@id\":\"https:\\\/\\\/thediplomatinspain.com\\\/en\\\/2022\\\/12\\\/27\\\/main-psoe-barons-dissociate-themselves-from-sanchez-ahead-of-may-elections\\\/#breadcrumb\"},\"inLanguage\":\"en-US\",\"potentialAction\":[{\"@type\":\"ReadAction\",\"target\":[\"https:\\\/\\\/thediplomatinspain.com\\\/en\\\/2022\\\/12\\\/27\\\/main-psoe-barons-dissociate-themselves-from-sanchez-ahead-of-may-elections\\\/\"]}]},{\"@type\":\"ImageObject\",\"inLanguage\":\"en-US\",\"@id\":\"https:\\\/\\\/thediplomatinspain.com\\\/en\\\/2022\\\/12\\\/27\\\/main-psoe-barons-dissociate-themselves-from-sanchez-ahead-of-may-elections\\\/#primaryimage\",\"url\":\"https:\\\/\\\/thediplomatinspain.com\\\/wp-content\\\/uploads\\\/2024\\\/05\\\/Sanchez-Page-Lamban.jpg\",\"contentUrl\":\"https:\\\/\\\/thediplomatinspain.com\\\/wp-content\\\/uploads\\\/2024\\\/05\\\/Sanchez-Page-Lamban.jpg\",\"width\":750,\"height\":423,\"caption\":\"Pedro S\u00e1nchez, between Javier Lamb\u00e1n and Emiliano Garc\u00eda-Page.\"},{\"@type\":\"BreadcrumbList\",\"@id\":\"https:\\\/\\\/thediplomatinspain.com\\\/en\\\/2022\\\/12\\\/27\\\/main-psoe-barons-dissociate-themselves-from-sanchez-ahead-of-may-elections\\\/#breadcrumb\",\"itemListElement\":[{\"@type\":\"ListItem\",\"position\":1,\"name\":\"Portada\",\"item\":\"https:\\\/\\\/thediplomatinspain.com\\\/en\\\/\"},{\"@type\":\"ListItem\",\"position\":2,\"name\":\"Main PSOE barons dissociate themselves from S\u00e1nchez ahead of May elections\"}]},{\"@type\":\"WebSite\",\"@id\":\"https:\\\/\\\/thediplomatinspain.com\\\/#website\",\"url\":\"https:\\\/\\\/thediplomatinspain.com\\\/\",\"name\":\"thediplomatinspain.com\",\"description\":\"Diario digital de referencia para diplom\u00e1ticos y empresas\",\"publisher\":{\"@id\":\"https:\\\/\\\/thediplomatinspain.com\\\/#organization\"},\"potentialAction\":[{\"@type\":\"SearchAction\",\"target\":{\"@type\":\"EntryPoint\",\"urlTemplate\":\"https:\\\/\\\/thediplomatinspain.com\\\/?s={search_term_string}\"},\"query-input\":{\"@type\":\"PropertyValueSpecification\",\"valueRequired\":true,\"valueName\":\"search_term_string\"}}],\"inLanguage\":\"en-US\"},{\"@type\":\"Organization\",\"@id\":\"https:\\\/\\\/thediplomatinspain.com\\\/#organization\",\"name\":\"thediplomatinspain.com\",\"url\":\"https:\\\/\\\/thediplomatinspain.com\\\/\",\"logo\":{\"@type\":\"ImageObject\",\"inLanguage\":\"en-US\",\"@id\":\"https:\\\/\\\/thediplomatinspain.com\\\/#\\\/schema\\\/logo\\\/image\\\/\",\"url\":\"https:\\\/\\\/thediplomatinspain.com\\\/wp-content\\\/uploads\\\/2024\\\/06\\\/logo_the_diplomat.png\",\"contentUrl\":\"https:\\\/\\\/thediplomatinspain.com\\\/wp-content\\\/uploads\\\/2024\\\/06\\\/logo_the_diplomat.png\",\"width\":284,\"height\":77,\"caption\":\"thediplomatinspain.com\"},\"image\":{\"@id\":\"https:\\\/\\\/thediplomatinspain.com\\\/#\\\/schema\\\/logo\\\/image\\\/\"},\"sameAs\":[\"https:\\\/\\\/www.facebook.com\\\/thediplomatinspain\",\"https:\\\/\\\/x.com\\\/diplomatinspain\",\"https:\\\/\\\/www.youtube.com\\\/channel\\\/UCK0mRqeeZDKdFeiFQZLcH2A\"]},{\"@type\":\"Person\",\"@id\":\"https:\\\/\\\/thediplomatinspain.com\\\/#\\\/schema\\\/person\\\/90d9b3004c2822bcbe64082dad885a9c\",\"name\":\"Redacci\u00f3n\",\"image\":{\"@type\":\"ImageObject\",\"inLanguage\":\"en-US\",\"@id\":\"https:\\\/\\\/secure.gravatar.com\\\/avatar\\\/6be270e1c81317331dd99c1537c17b9683039795b5a956c595769bfada5e7067?s=96&d=mm&r=g\",\"url\":\"https:\\\/\\\/secure.gravatar.com\\\/avatar\\\/6be270e1c81317331dd99c1537c17b9683039795b5a956c595769bfada5e7067?s=96&d=mm&r=g\",\"contentUrl\":\"https:\\\/\\\/secure.gravatar.com\\\/avatar\\\/6be270e1c81317331dd99c1537c17b9683039795b5a956c595769bfada5e7067?s=96&d=mm&r=g\",\"caption\":\"Redacci\u00f3n\"},\"sameAs\":[\"https:\\\/\\\/thediplomatinspain.com\\\/\"],\"url\":\"https:\\\/\\\/thediplomatinspain.com\\\/en\\\/author\\\/soportecibeles\\\/\"},{\"@type\":[\"Organization\",\"NewsMediaOrganization\"],\"@id\":\"https:\\\/\\\/thediplomatinspain.com\\\/en\\\/#organization\"},{\"@type\":\"SiteNavigationElement\",\"@id\":\"https:\\\/\\\/thediplomatinspain.com\\\/en\\\/#site-navigation\",\"cssSelector\":[\".cib-main-menu\"]},{\"@type\":\"WPHeader\",\"@id\":\"https:\\\/\\\/thediplomatinspain.com\\\/en\\\/#header\",\"cssSelector\":[\".cib-header\"]},{\"@type\":\"WPFooter\",\"@id\":\"https:\\\/\\\/thediplomatinspain.com\\\/en\\\/#footer\",\"cssSelector\":[\".cib-footer\"]}]}<\/script>\n<!-- \/ Yoast SEO plugin. -->","yoast_head_json":{"title":"Main PSOE barons dissociate themselves from S\u00e1nchez ahead of May elections - thediplomatinspain.com","robots":{"index":"index","follow":"follow","max-snippet":"max-snippet:-1","max-image-preview":"max-image-preview:large","max-video-preview":"max-video-preview:-1"},"canonical":"https:\/\/thediplomatinspain.com\/en\/2022\/12\/27\/main-psoe-barons-dissociate-themselves-from-sanchez-ahead-of-may-elections\/","og_locale":"en_US","og_type":"article","og_title":"Main PSOE barons dissociate themselves from S\u00e1nchez ahead of May elections - thediplomatinspain.com","og_description":"Pedro S\u00e1nchez is delighted with the stability in power that the independentistas give him, but the regional leaders of the PSOE see how the polls confirm their","og_url":"https:\/\/thediplomatinspain.com\/en\/2022\/12\/27\/main-psoe-barons-dissociate-themselves-from-sanchez-ahead-of-may-elections\/","og_site_name":"thediplomatinspain.com","article_publisher":"https:\/\/www.facebook.com\/thediplomatinspain","article_published_time":"2022-12-27T04:09:52+00:00","og_image":[{"width":750,"height":423,"url":"https:\/\/thediplomatinspain.com\/wp-content\/uploads\/2024\/05\/Sanchez-Page-Lamban.jpg","type":"image\/jpeg"}],"author":"Redacci\u00f3n","twitter_card":"summary_large_image","twitter_creator":"@diplomatinspain","twitter_site":"@diplomatinspain","twitter_misc":{"Written by":"Redacci\u00f3n","Est. reading time":"4 minutes"},"schema":{"@context":"https:\/\/schema.org","@graph":[{"@type":"Article","@id":"https:\/\/thediplomatinspain.com\/en\/2022\/12\/27\/main-psoe-barons-dissociate-themselves-from-sanchez-ahead-of-may-elections\/#article","isPartOf":{"@id":"https:\/\/thediplomatinspain.com\/en\/2022\/12\/27\/main-psoe-barons-dissociate-themselves-from-sanchez-ahead-of-may-elections\/"},"author":{"name":"Redacci\u00f3n","@id":"https:\/\/thediplomatinspain.com\/#\/schema\/person\/90d9b3004c2822bcbe64082dad885a9c"},"headline":"Main PSOE barons dissociate themselves from S\u00e1nchez ahead of May elections","datePublished":"2022-12-27T04:09:52+00:00","mainEntityOfPage":{"@id":"https:\/\/thediplomatinspain.com\/en\/2022\/12\/27\/main-psoe-barons-dissociate-themselves-from-sanchez-ahead-of-may-elections\/"},"wordCount":858,"commentCount":0,"publisher":{"@id":"https:\/\/thediplomatinspain.com\/#organization"},"image":{"@id":"https:\/\/thediplomatinspain.com\/en\/2022\/12\/27\/main-psoe-barons-dissociate-themselves-from-sanchez-ahead-of-may-elections\/#primaryimage"},"thumbnailUrl":"https:\/\/thediplomatinspain.com\/wp-content\/uploads\/2024\/05\/Sanchez-Page-Lamban.jpg","articleSection":["Frontpage","Frontpage","News","Spain","Subscribers"],"inLanguage":"en-US","potentialAction":[{"@type":"CommentAction","name":"Comment","target":["https:\/\/thediplomatinspain.com\/en\/2022\/12\/27\/main-psoe-barons-dissociate-themselves-from-sanchez-ahead-of-may-elections\/#respond"]}]},{"@type":"WebPage","@id":"https:\/\/thediplomatinspain.com\/en\/2022\/12\/27\/main-psoe-barons-dissociate-themselves-from-sanchez-ahead-of-may-elections\/","url":"https:\/\/thediplomatinspain.com\/en\/2022\/12\/27\/main-psoe-barons-dissociate-themselves-from-sanchez-ahead-of-may-elections\/","name":"Main PSOE barons dissociate themselves from S\u00e1nchez ahead of May elections - thediplomatinspain.com","isPartOf":{"@id":"https:\/\/thediplomatinspain.com\/#website"},"primaryImageOfPage":{"@id":"https:\/\/thediplomatinspain.com\/en\/2022\/12\/27\/main-psoe-barons-dissociate-themselves-from-sanchez-ahead-of-may-elections\/#primaryimage"},"image":{"@id":"https:\/\/thediplomatinspain.com\/en\/2022\/12\/27\/main-psoe-barons-dissociate-themselves-from-sanchez-ahead-of-may-elections\/#primaryimage"},"thumbnailUrl":"https:\/\/thediplomatinspain.com\/wp-content\/uploads\/2024\/05\/Sanchez-Page-Lamban.jpg","datePublished":"2022-12-27T04:09:52+00:00","breadcrumb":{"@id":"https:\/\/thediplomatinspain.com\/en\/2022\/12\/27\/main-psoe-barons-dissociate-themselves-from-sanchez-ahead-of-may-elections\/#breadcrumb"},"inLanguage":"en-US","potentialAction":[{"@type":"ReadAction","target":["https:\/\/thediplomatinspain.com\/en\/2022\/12\/27\/main-psoe-barons-dissociate-themselves-from-sanchez-ahead-of-may-elections\/"]}]},{"@type":"ImageObject","inLanguage":"en-US","@id":"https:\/\/thediplomatinspain.com\/en\/2022\/12\/27\/main-psoe-barons-dissociate-themselves-from-sanchez-ahead-of-may-elections\/#primaryimage","url":"https:\/\/thediplomatinspain.com\/wp-content\/uploads\/2024\/05\/Sanchez-Page-Lamban.jpg","contentUrl":"https:\/\/thediplomatinspain.com\/wp-content\/uploads\/2024\/05\/Sanchez-Page-Lamban.jpg","width":750,"height":423,"caption":"Pedro S\u00e1nchez, between Javier Lamb\u00e1n and Emiliano Garc\u00eda-Page."},{"@type":"BreadcrumbList","@id":"https:\/\/thediplomatinspain.com\/en\/2022\/12\/27\/main-psoe-barons-dissociate-themselves-from-sanchez-ahead-of-may-elections\/#breadcrumb","itemListElement":[{"@type":"ListItem","position":1,"name":"Portada","item":"https:\/\/thediplomatinspain.com\/en\/"},{"@type":"ListItem","position":2,"name":"Main PSOE barons dissociate themselves from S\u00e1nchez ahead of May elections"}]},{"@type":"WebSite","@id":"https:\/\/thediplomatinspain.com\/#website","url":"https:\/\/thediplomatinspain.com\/","name":"thediplomatinspain.com","description":"Diario digital de referencia para diplom\u00e1ticos y empresas","publisher":{"@id":"https:\/\/thediplomatinspain.com\/#organization"},"potentialAction":[{"@type":"SearchAction","target":{"@type":"EntryPoint","urlTemplate":"https:\/\/thediplomatinspain.com\/?s={search_term_string}"},"query-input":{"@type":"PropertyValueSpecification","valueRequired":true,"valueName":"search_term_string"}}],"inLanguage":"en-US"},{"@type":"Organization","@id":"https:\/\/thediplomatinspain.com\/#organization","name":"thediplomatinspain.com","url":"https:\/\/thediplomatinspain.com\/","logo":{"@type":"ImageObject","inLanguage":"en-US","@id":"https:\/\/thediplomatinspain.com\/#\/schema\/logo\/image\/","url":"https:\/\/thediplomatinspain.com\/wp-content\/uploads\/2024\/06\/logo_the_diplomat.png","contentUrl":"https:\/\/thediplomatinspain.com\/wp-content\/uploads\/2024\/06\/logo_the_diplomat.png","width":284,"height":77,"caption":"thediplomatinspain.com"},"image":{"@id":"https:\/\/thediplomatinspain.com\/#\/schema\/logo\/image\/"},"sameAs":["https:\/\/www.facebook.com\/thediplomatinspain","https:\/\/x.com\/diplomatinspain","https:\/\/www.youtube.com\/channel\/UCK0mRqeeZDKdFeiFQZLcH2A"]},{"@type":"Person","@id":"https:\/\/thediplomatinspain.com\/#\/schema\/person\/90d9b3004c2822bcbe64082dad885a9c","name":"Redacci\u00f3n","image":{"@type":"ImageObject","inLanguage":"en-US","@id":"https:\/\/secure.gravatar.com\/avatar\/6be270e1c81317331dd99c1537c17b9683039795b5a956c595769bfada5e7067?s=96&d=mm&r=g","url":"https:\/\/secure.gravatar.com\/avatar\/6be270e1c81317331dd99c1537c17b9683039795b5a956c595769bfada5e7067?s=96&d=mm&r=g","contentUrl":"https:\/\/secure.gravatar.com\/avatar\/6be270e1c81317331dd99c1537c17b9683039795b5a956c595769bfada5e7067?s=96&d=mm&r=g","caption":"Redacci\u00f3n"},"sameAs":["https:\/\/thediplomatinspain.com\/"],"url":"https:\/\/thediplomatinspain.com\/en\/author\/soportecibeles\/"},{"@type":["Organization","NewsMediaOrganization"],"@id":"https:\/\/thediplomatinspain.com\/en\/#organization"},{"@type":"SiteNavigationElement","@id":"https:\/\/thediplomatinspain.com\/en\/#site-navigation","cssSelector":[".cib-main-menu"]},{"@type":"WPHeader","@id":"https:\/\/thediplomatinspain.com\/en\/#header","cssSelector":[".cib-header"]},{"@type":"WPFooter","@id":"https:\/\/thediplomatinspain.com\/en\/#footer","cssSelector":[".cib-footer"]}]}},"amp_enabled":true,"_links":{"self":[{"href":"https:\/\/thediplomatinspain.com\/en\/wp-json\/wp\/v2\/posts\/78707","targetHints":{"allow":["GET"]}}],"collection":[{"href":"https:\/\/thediplomatinspain.com\/en\/wp-json\/wp\/v2\/posts"}],"about":[{"href":"https:\/\/thediplomatinspain.com\/en\/wp-json\/wp\/v2\/types\/post"}],"author":[{"embeddable":true,"href":"https:\/\/thediplomatinspain.com\/en\/wp-json\/wp\/v2\/users\/1"}],"replies":[{"embeddable":true,"href":"https:\/\/thediplomatinspain.com\/en\/wp-json\/wp\/v2\/comments?post=78707"}],"version-history":[{"count":0,"href":"https:\/\/thediplomatinspain.com\/en\/wp-json\/wp\/v2\/posts\/78707\/revisions"}],"wp:featuredmedia":[{"embeddable":true,"href":"https:\/\/thediplomatinspain.com\/en\/wp-json\/wp\/v2\/media\/51566"}],"wp:attachment":[{"href":"https:\/\/thediplomatinspain.com\/en\/wp-json\/wp\/v2\/media?parent=78707"}],"wp:term":[{"taxonomy":"category","embeddable":true,"href":"https:\/\/thediplomatinspain.com\/en\/wp-json\/wp\/v2\/categories?post=78707"},{"taxonomy":"post_tag","embeddable":true,"href":"https:\/\/thediplomatinspain.com\/en\/wp-json\/wp\/v2\/tags?post=78707"}],"curies":[{"name":"wp","href":"https:\/\/api.w.org\/{rel}","templated":true}]}}