{"id":78624,"date":"2022-12-19T05:06:28","date_gmt":"2022-12-19T04:06:28","guid":{"rendered":"https:\/\/zen-hopper.82-223-81-17.plesk.page\/2022\/12\/19\/the-queen-opens-annual-meeting-of-cervantes-directors-in-granada\/"},"modified":"2022-12-19T05:06:28","modified_gmt":"2022-12-19T04:06:28","slug":"the-queen-opens-annual-meeting-of-cervantes-directors-in-granada","status":"publish","type":"post","link":"https:\/\/thediplomatinspain.com\/en\/2022\/12\/19\/the-queen-opens-annual-meeting-of-cervantes-directors-in-granada\/","title":{"rendered":"The Queen opens annual meeting of Cervantes directors in Granada"},"content":{"rendered":"<h6><strong>The Diplomat<\/strong><\/h6>\n<p>&nbsp;<\/p>\n<h4><strong>The Queen will inaugurate today in Granada the Annual Meeting of Directors of the Instituto Cervantes, which will bring together more than seventy directors of the institution from around the world until December 21.<\/strong><\/h4>\n<p><strong>\u00a0<\/strong><\/p>\n<p><strong>The Queen Letizia will preside over the opening ceremony, which will be attended by the director of the Instituto Cervantes, Luis Garc\u00eda Montero; the rector of the University of Granada, Pilar Aranda Ram\u00edrez; the mayor of the city, Francisco Cuenca; and the State Secretary for Ibero-America, the Caribbean and Spanish in the World, Juan Fern\u00e1ndez Trigo<\/strong>. For his part, <strong>the Minister of Foreign Affairs, Jos\u00e9 Manuel Albares<\/strong>, will intervene by videoconference in the concluding session, to be held on Wednesday in the Plenary Hall of the Granada City Hall.<\/p>\n<p><strong>\u00a0<\/strong><\/p>\n<p>On Monday, after the aforementioned institutional interventions before the Queen, a panel of directors will open with a dialogue between the heads of four centers spread over four continents: Beijing (Isabel Cervera), Rabat (Jos\u00e9 Mar\u00eda Mart\u00ednez), Sydney (Coral Mart\u00ednez \u00cdscar) and Los Angeles (Luisg\u00e9 Mart\u00edn). The colloquium will close with a brief performance by the Orchestra and Choir of the University of Granada. Afterwards, and after signing the University&#8217;s book of honor, the Queen Letizia will hold an informal meeting with the Cervantes directors and guests.<\/p>\n<p><strong>\u00a0<\/strong><\/p>\n<p><strong>Over the course of three days of work, the management team of the Instituto Cervantes in Spain and the directors of 61 centers will discuss the challenges facing the institution and strategies for the international dissemination of the Spanish language and the culture of Spanish-speaking countries<\/strong>. To this end, the conference will be organized in seven closed-door working sessions that will address topics such as the Institute&#8217;s academic and cultural activities, the Recovery, Transformation and Resilience Plan, the PERTE New Economy of the Language, the commercialization of online Spanish courses, collaborations with other institutions and artificial intelligence in Spanish.<\/p>\n<p>&nbsp;<\/p>\n<p>The working sessions will conclude with a concluding session by Luis Garc\u00eda Montero, the secretary general of the Instituto Cervantes, Carmen Noguero, and the mayor of Granada, as well as Minister Albares via videoconference. The last act will be the delivery of a legacy by the Granada singer Miguel R\u00edos to Garc\u00eda Montero to be deposited in the Instituto Cervantes&#8217; Caja de las Letras, which will close with a free concert by the artist at the Isabel La Cat\u00f3lica Theater. In addition, the Cervantes directors&#8217; program of cultural activities will include visits to emblematic sites of cultural interest, such as the Alhambra, Federico Garc\u00eda Lorca&#8217;s birthplace in Fuente Vaqueros and the Garden of the Poets at Carmen de los M\u00e1rtires.<\/p>\n<p><strong>\u00a0<\/strong><\/p>\n<p><strong>This is the third time that an Annual Meeting of Directors is held in Andalusia<\/strong>, after those developed in Cordoba (in 2007) and Malaga (2017). <strong>This type of periodic meetings have taken place every year since 2005 (except in 2020 because of the pandemic) in various cities in a total of ten autonomous communities<\/strong>: Andalusia, Castilla y Le\u00f3n, Castilla-La Mancha, Madrid, Cantabria, Extremadura, La Rioja, Galicia, the Basque Country and the Valencian Community.<\/p>\n<p>&nbsp;<\/p>\n<p>&nbsp;<\/p>\n","protected":false},"excerpt":{"rendered":"<p>The Queen will inaugurate today in Granada the Annual Meeting of Directors of the Instituto Cervantes, which will bring together more than seventy directors of the institution<\/p>\n","protected":false},"author":1,"featured_media":56631,"comment_status":"open","ping_status":"open","sticky":false,"template":"","format":"standard","meta":{"jnews-multi-image_gallery":[],"jnews_single_post":[],"jnews_primary_category":[],"jnews_social_meta":[],"jnews_override_counter":[],"jnews_post_split":[],"footnotes":""},"categories":[106,158,159,160,182],"tags":[],"class_list":["post-78624","post","type-post","status-publish","format-standard","has-post-thumbnail","hentry","category-frontpage","category-frontpage-en","category-news","category-spain-en","category-subscribers"],"yoast_head":"<!-- This site is optimized with the Yoast SEO plugin v27.4 - https:\/\/yoast.com\/product\/yoast-seo-wordpress\/ -->\n<title>The Queen opens annual meeting of Cervantes directors in Granada - thediplomatinspain.com<\/title>\n<meta name=\"robots\" content=\"index, follow, max-snippet:-1, max-image-preview:large, max-video-preview:-1\" \/>\n<link rel=\"canonical\" href=\"https:\/\/thediplomatinspain.com\/en\/2022\/12\/19\/the-queen-opens-annual-meeting-of-cervantes-directors-in-granada\/\" \/>\n<meta property=\"og:locale\" content=\"en_US\" \/>\n<meta property=\"og:type\" content=\"article\" \/>\n<meta property=\"og:title\" content=\"The Queen opens annual meeting of Cervantes directors in Granada - thediplomatinspain.com\" \/>\n<meta property=\"og:description\" content=\"The Queen will inaugurate today in Granada the Annual Meeting of Directors of the Instituto Cervantes, which will bring together more than seventy directors of the institution\" \/>\n<meta property=\"og:url\" content=\"https:\/\/thediplomatinspain.com\/en\/2022\/12\/19\/the-queen-opens-annual-meeting-of-cervantes-directors-in-granada\/\" \/>\n<meta property=\"og:site_name\" content=\"thediplomatinspain.com\" \/>\n<meta property=\"article:publisher\" content=\"https:\/\/www.facebook.com\/thediplomatinspain\" \/>\n<meta property=\"article:published_time\" content=\"2022-12-19T04:06:28+00:00\" \/>\n<meta property=\"og:image\" content=\"https:\/\/thediplomatinspain.com\/wp-content\/uploads\/2024\/05\/granada-alhambra.jpg\" \/>\n\t<meta property=\"og:image:width\" content=\"750\" \/>\n\t<meta property=\"og:image:height\" content=\"483\" \/>\n\t<meta property=\"og:image:type\" content=\"image\/jpeg\" \/>\n<meta name=\"author\" content=\"Redacci\u00f3n\" \/>\n<meta name=\"twitter:card\" content=\"summary_large_image\" \/>\n<meta name=\"twitter:creator\" content=\"@diplomatinspain\" \/>\n<meta name=\"twitter:site\" content=\"@diplomatinspain\" \/>\n<meta name=\"twitter:label1\" content=\"Written by\" \/>\n\t<meta name=\"twitter:data1\" content=\"Redacci\u00f3n\" \/>\n\t<meta name=\"twitter:label2\" content=\"Est. reading time\" \/>\n\t<meta name=\"twitter:data2\" content=\"3 minutes\" \/>\n<script type=\"application\/ld+json\" class=\"yoast-schema-graph\">{\"@context\":\"https:\\\/\\\/schema.org\",\"@graph\":[{\"@type\":\"Article\",\"@id\":\"https:\\\/\\\/thediplomatinspain.com\\\/en\\\/2022\\\/12\\\/19\\\/the-queen-opens-annual-meeting-of-cervantes-directors-in-granada\\\/#article\",\"isPartOf\":{\"@id\":\"https:\\\/\\\/thediplomatinspain.com\\\/en\\\/2022\\\/12\\\/19\\\/the-queen-opens-annual-meeting-of-cervantes-directors-in-granada\\\/\"},\"author\":{\"name\":\"Redacci\u00f3n\",\"@id\":\"https:\\\/\\\/thediplomatinspain.com\\\/#\\\/schema\\\/person\\\/90d9b3004c2822bcbe64082dad885a9c\"},\"headline\":\"The Queen opens annual meeting of Cervantes directors in Granada\",\"datePublished\":\"2022-12-19T04:06:28+00:00\",\"mainEntityOfPage\":{\"@id\":\"https:\\\/\\\/thediplomatinspain.com\\\/en\\\/2022\\\/12\\\/19\\\/the-queen-opens-annual-meeting-of-cervantes-directors-in-granada\\\/\"},\"wordCount\":528,\"commentCount\":0,\"publisher\":{\"@id\":\"https:\\\/\\\/thediplomatinspain.com\\\/#organization\"},\"image\":{\"@id\":\"https:\\\/\\\/thediplomatinspain.com\\\/en\\\/2022\\\/12\\\/19\\\/the-queen-opens-annual-meeting-of-cervantes-directors-in-granada\\\/#primaryimage\"},\"thumbnailUrl\":\"https:\\\/\\\/thediplomatinspain.com\\\/wp-content\\\/uploads\\\/2024\\\/05\\\/granada-alhambra.jpg\",\"articleSection\":[\"Frontpage\",\"Frontpage\",\"News\",\"Spain\",\"Subscribers\"],\"inLanguage\":\"en-US\",\"potentialAction\":[{\"@type\":\"CommentAction\",\"name\":\"Comment\",\"target\":[\"https:\\\/\\\/thediplomatinspain.com\\\/en\\\/2022\\\/12\\\/19\\\/the-queen-opens-annual-meeting-of-cervantes-directors-in-granada\\\/#respond\"]}]},{\"@type\":\"WebPage\",\"@id\":\"https:\\\/\\\/thediplomatinspain.com\\\/en\\\/2022\\\/12\\\/19\\\/the-queen-opens-annual-meeting-of-cervantes-directors-in-granada\\\/\",\"url\":\"https:\\\/\\\/thediplomatinspain.com\\\/en\\\/2022\\\/12\\\/19\\\/the-queen-opens-annual-meeting-of-cervantes-directors-in-granada\\\/\",\"name\":\"The Queen opens annual meeting of Cervantes directors in Granada - thediplomatinspain.com\",\"isPartOf\":{\"@id\":\"https:\\\/\\\/thediplomatinspain.com\\\/#website\"},\"primaryImageOfPage\":{\"@id\":\"https:\\\/\\\/thediplomatinspain.com\\\/en\\\/2022\\\/12\\\/19\\\/the-queen-opens-annual-meeting-of-cervantes-directors-in-granada\\\/#primaryimage\"},\"image\":{\"@id\":\"https:\\\/\\\/thediplomatinspain.com\\\/en\\\/2022\\\/12\\\/19\\\/the-queen-opens-annual-meeting-of-cervantes-directors-in-granada\\\/#primaryimage\"},\"thumbnailUrl\":\"https:\\\/\\\/thediplomatinspain.com\\\/wp-content\\\/uploads\\\/2024\\\/05\\\/granada-alhambra.jpg\",\"datePublished\":\"2022-12-19T04:06:28+00:00\",\"breadcrumb\":{\"@id\":\"https:\\\/\\\/thediplomatinspain.com\\\/en\\\/2022\\\/12\\\/19\\\/the-queen-opens-annual-meeting-of-cervantes-directors-in-granada\\\/#breadcrumb\"},\"inLanguage\":\"en-US\",\"potentialAction\":[{\"@type\":\"ReadAction\",\"target\":[\"https:\\\/\\\/thediplomatinspain.com\\\/en\\\/2022\\\/12\\\/19\\\/the-queen-opens-annual-meeting-of-cervantes-directors-in-granada\\\/\"]}]},{\"@type\":\"ImageObject\",\"inLanguage\":\"en-US\",\"@id\":\"https:\\\/\\\/thediplomatinspain.com\\\/en\\\/2022\\\/12\\\/19\\\/the-queen-opens-annual-meeting-of-cervantes-directors-in-granada\\\/#primaryimage\",\"url\":\"https:\\\/\\\/thediplomatinspain.com\\\/wp-content\\\/uploads\\\/2024\\\/05\\\/granada-alhambra.jpg\",\"contentUrl\":\"https:\\\/\\\/thediplomatinspain.com\\\/wp-content\\\/uploads\\\/2024\\\/05\\\/granada-alhambra.jpg\",\"width\":750,\"height\":483,\"caption\":\"View of the Alhambra in Granada. \\\/ Photo: Jebulon, CC0, commons.wikimedia\"},{\"@type\":\"BreadcrumbList\",\"@id\":\"https:\\\/\\\/thediplomatinspain.com\\\/en\\\/2022\\\/12\\\/19\\\/the-queen-opens-annual-meeting-of-cervantes-directors-in-granada\\\/#breadcrumb\",\"itemListElement\":[{\"@type\":\"ListItem\",\"position\":1,\"name\":\"Portada\",\"item\":\"https:\\\/\\\/thediplomatinspain.com\\\/en\\\/\"},{\"@type\":\"ListItem\",\"position\":2,\"name\":\"The Queen opens annual meeting of Cervantes directors in Granada\"}]},{\"@type\":\"WebSite\",\"@id\":\"https:\\\/\\\/thediplomatinspain.com\\\/#website\",\"url\":\"https:\\\/\\\/thediplomatinspain.com\\\/\",\"name\":\"thediplomatinspain.com\",\"description\":\"Diario digital de referencia para diplom\u00e1ticos y empresas\",\"publisher\":{\"@id\":\"https:\\\/\\\/thediplomatinspain.com\\\/#organization\"},\"potentialAction\":[{\"@type\":\"SearchAction\",\"target\":{\"@type\":\"EntryPoint\",\"urlTemplate\":\"https:\\\/\\\/thediplomatinspain.com\\\/?s={search_term_string}\"},\"query-input\":{\"@type\":\"PropertyValueSpecification\",\"valueRequired\":true,\"valueName\":\"search_term_string\"}}],\"inLanguage\":\"en-US\"},{\"@type\":\"Organization\",\"@id\":\"https:\\\/\\\/thediplomatinspain.com\\\/#organization\",\"name\":\"thediplomatinspain.com\",\"url\":\"https:\\\/\\\/thediplomatinspain.com\\\/\",\"logo\":{\"@type\":\"ImageObject\",\"inLanguage\":\"en-US\",\"@id\":\"https:\\\/\\\/thediplomatinspain.com\\\/#\\\/schema\\\/logo\\\/image\\\/\",\"url\":\"https:\\\/\\\/thediplomatinspain.com\\\/wp-content\\\/uploads\\\/2024\\\/06\\\/logo_the_diplomat.png\",\"contentUrl\":\"https:\\\/\\\/thediplomatinspain.com\\\/wp-content\\\/uploads\\\/2024\\\/06\\\/logo_the_diplomat.png\",\"width\":284,\"height\":77,\"caption\":\"thediplomatinspain.com\"},\"image\":{\"@id\":\"https:\\\/\\\/thediplomatinspain.com\\\/#\\\/schema\\\/logo\\\/image\\\/\"},\"sameAs\":[\"https:\\\/\\\/www.facebook.com\\\/thediplomatinspain\",\"https:\\\/\\\/x.com\\\/diplomatinspain\",\"https:\\\/\\\/www.youtube.com\\\/channel\\\/UCK0mRqeeZDKdFeiFQZLcH2A\"]},{\"@type\":\"Person\",\"@id\":\"https:\\\/\\\/thediplomatinspain.com\\\/#\\\/schema\\\/person\\\/90d9b3004c2822bcbe64082dad885a9c\",\"name\":\"Redacci\u00f3n\",\"image\":{\"@type\":\"ImageObject\",\"inLanguage\":\"en-US\",\"@id\":\"https:\\\/\\\/secure.gravatar.com\\\/avatar\\\/6be270e1c81317331dd99c1537c17b9683039795b5a956c595769bfada5e7067?s=96&d=mm&r=g\",\"url\":\"https:\\\/\\\/secure.gravatar.com\\\/avatar\\\/6be270e1c81317331dd99c1537c17b9683039795b5a956c595769bfada5e7067?s=96&d=mm&r=g\",\"contentUrl\":\"https:\\\/\\\/secure.gravatar.com\\\/avatar\\\/6be270e1c81317331dd99c1537c17b9683039795b5a956c595769bfada5e7067?s=96&d=mm&r=g\",\"caption\":\"Redacci\u00f3n\"},\"sameAs\":[\"https:\\\/\\\/thediplomatinspain.com\\\/\"],\"url\":\"https:\\\/\\\/thediplomatinspain.com\\\/en\\\/author\\\/soportecibeles\\\/\"},{\"@type\":[\"Organization\",\"NewsMediaOrganization\"],\"@id\":\"https:\\\/\\\/thediplomatinspain.com\\\/en\\\/#organization\"},{\"@type\":\"SiteNavigationElement\",\"@id\":\"https:\\\/\\\/thediplomatinspain.com\\\/en\\\/#site-navigation\",\"cssSelector\":[\".cib-main-menu\"]},{\"@type\":\"WPHeader\",\"@id\":\"https:\\\/\\\/thediplomatinspain.com\\\/en\\\/#header\",\"cssSelector\":[\".cib-header\"]},{\"@type\":\"WPFooter\",\"@id\":\"https:\\\/\\\/thediplomatinspain.com\\\/en\\\/#footer\",\"cssSelector\":[\".cib-footer\"]}]}<\/script>\n<!-- \/ Yoast SEO plugin. -->","yoast_head_json":{"title":"The Queen opens annual meeting of Cervantes directors in Granada - thediplomatinspain.com","robots":{"index":"index","follow":"follow","max-snippet":"max-snippet:-1","max-image-preview":"max-image-preview:large","max-video-preview":"max-video-preview:-1"},"canonical":"https:\/\/thediplomatinspain.com\/en\/2022\/12\/19\/the-queen-opens-annual-meeting-of-cervantes-directors-in-granada\/","og_locale":"en_US","og_type":"article","og_title":"The Queen opens annual meeting of Cervantes directors in Granada - thediplomatinspain.com","og_description":"The Queen will inaugurate today in Granada the Annual Meeting of Directors of the Instituto Cervantes, which will bring together more than seventy directors of the institution","og_url":"https:\/\/thediplomatinspain.com\/en\/2022\/12\/19\/the-queen-opens-annual-meeting-of-cervantes-directors-in-granada\/","og_site_name":"thediplomatinspain.com","article_publisher":"https:\/\/www.facebook.com\/thediplomatinspain","article_published_time":"2022-12-19T04:06:28+00:00","og_image":[{"width":750,"height":483,"url":"https:\/\/thediplomatinspain.com\/wp-content\/uploads\/2024\/05\/granada-alhambra.jpg","type":"image\/jpeg"}],"author":"Redacci\u00f3n","twitter_card":"summary_large_image","twitter_creator":"@diplomatinspain","twitter_site":"@diplomatinspain","twitter_misc":{"Written by":"Redacci\u00f3n","Est. reading time":"3 minutes"},"schema":{"@context":"https:\/\/schema.org","@graph":[{"@type":"Article","@id":"https:\/\/thediplomatinspain.com\/en\/2022\/12\/19\/the-queen-opens-annual-meeting-of-cervantes-directors-in-granada\/#article","isPartOf":{"@id":"https:\/\/thediplomatinspain.com\/en\/2022\/12\/19\/the-queen-opens-annual-meeting-of-cervantes-directors-in-granada\/"},"author":{"name":"Redacci\u00f3n","@id":"https:\/\/thediplomatinspain.com\/#\/schema\/person\/90d9b3004c2822bcbe64082dad885a9c"},"headline":"The Queen opens annual meeting of Cervantes directors in Granada","datePublished":"2022-12-19T04:06:28+00:00","mainEntityOfPage":{"@id":"https:\/\/thediplomatinspain.com\/en\/2022\/12\/19\/the-queen-opens-annual-meeting-of-cervantes-directors-in-granada\/"},"wordCount":528,"commentCount":0,"publisher":{"@id":"https:\/\/thediplomatinspain.com\/#organization"},"image":{"@id":"https:\/\/thediplomatinspain.com\/en\/2022\/12\/19\/the-queen-opens-annual-meeting-of-cervantes-directors-in-granada\/#primaryimage"},"thumbnailUrl":"https:\/\/thediplomatinspain.com\/wp-content\/uploads\/2024\/05\/granada-alhambra.jpg","articleSection":["Frontpage","Frontpage","News","Spain","Subscribers"],"inLanguage":"en-US","potentialAction":[{"@type":"CommentAction","name":"Comment","target":["https:\/\/thediplomatinspain.com\/en\/2022\/12\/19\/the-queen-opens-annual-meeting-of-cervantes-directors-in-granada\/#respond"]}]},{"@type":"WebPage","@id":"https:\/\/thediplomatinspain.com\/en\/2022\/12\/19\/the-queen-opens-annual-meeting-of-cervantes-directors-in-granada\/","url":"https:\/\/thediplomatinspain.com\/en\/2022\/12\/19\/the-queen-opens-annual-meeting-of-cervantes-directors-in-granada\/","name":"The Queen opens annual meeting of Cervantes directors in Granada - thediplomatinspain.com","isPartOf":{"@id":"https:\/\/thediplomatinspain.com\/#website"},"primaryImageOfPage":{"@id":"https:\/\/thediplomatinspain.com\/en\/2022\/12\/19\/the-queen-opens-annual-meeting-of-cervantes-directors-in-granada\/#primaryimage"},"image":{"@id":"https:\/\/thediplomatinspain.com\/en\/2022\/12\/19\/the-queen-opens-annual-meeting-of-cervantes-directors-in-granada\/#primaryimage"},"thumbnailUrl":"https:\/\/thediplomatinspain.com\/wp-content\/uploads\/2024\/05\/granada-alhambra.jpg","datePublished":"2022-12-19T04:06:28+00:00","breadcrumb":{"@id":"https:\/\/thediplomatinspain.com\/en\/2022\/12\/19\/the-queen-opens-annual-meeting-of-cervantes-directors-in-granada\/#breadcrumb"},"inLanguage":"en-US","potentialAction":[{"@type":"ReadAction","target":["https:\/\/thediplomatinspain.com\/en\/2022\/12\/19\/the-queen-opens-annual-meeting-of-cervantes-directors-in-granada\/"]}]},{"@type":"ImageObject","inLanguage":"en-US","@id":"https:\/\/thediplomatinspain.com\/en\/2022\/12\/19\/the-queen-opens-annual-meeting-of-cervantes-directors-in-granada\/#primaryimage","url":"https:\/\/thediplomatinspain.com\/wp-content\/uploads\/2024\/05\/granada-alhambra.jpg","contentUrl":"https:\/\/thediplomatinspain.com\/wp-content\/uploads\/2024\/05\/granada-alhambra.jpg","width":750,"height":483,"caption":"View of the Alhambra in Granada. \/ Photo: Jebulon, CC0, commons.wikimedia"},{"@type":"BreadcrumbList","@id":"https:\/\/thediplomatinspain.com\/en\/2022\/12\/19\/the-queen-opens-annual-meeting-of-cervantes-directors-in-granada\/#breadcrumb","itemListElement":[{"@type":"ListItem","position":1,"name":"Portada","item":"https:\/\/thediplomatinspain.com\/en\/"},{"@type":"ListItem","position":2,"name":"The Queen opens annual meeting of Cervantes directors in Granada"}]},{"@type":"WebSite","@id":"https:\/\/thediplomatinspain.com\/#website","url":"https:\/\/thediplomatinspain.com\/","name":"thediplomatinspain.com","description":"Diario digital de referencia para diplom\u00e1ticos y empresas","publisher":{"@id":"https:\/\/thediplomatinspain.com\/#organization"},"potentialAction":[{"@type":"SearchAction","target":{"@type":"EntryPoint","urlTemplate":"https:\/\/thediplomatinspain.com\/?s={search_term_string}"},"query-input":{"@type":"PropertyValueSpecification","valueRequired":true,"valueName":"search_term_string"}}],"inLanguage":"en-US"},{"@type":"Organization","@id":"https:\/\/thediplomatinspain.com\/#organization","name":"thediplomatinspain.com","url":"https:\/\/thediplomatinspain.com\/","logo":{"@type":"ImageObject","inLanguage":"en-US","@id":"https:\/\/thediplomatinspain.com\/#\/schema\/logo\/image\/","url":"https:\/\/thediplomatinspain.com\/wp-content\/uploads\/2024\/06\/logo_the_diplomat.png","contentUrl":"https:\/\/thediplomatinspain.com\/wp-content\/uploads\/2024\/06\/logo_the_diplomat.png","width":284,"height":77,"caption":"thediplomatinspain.com"},"image":{"@id":"https:\/\/thediplomatinspain.com\/#\/schema\/logo\/image\/"},"sameAs":["https:\/\/www.facebook.com\/thediplomatinspain","https:\/\/x.com\/diplomatinspain","https:\/\/www.youtube.com\/channel\/UCK0mRqeeZDKdFeiFQZLcH2A"]},{"@type":"Person","@id":"https:\/\/thediplomatinspain.com\/#\/schema\/person\/90d9b3004c2822bcbe64082dad885a9c","name":"Redacci\u00f3n","image":{"@type":"ImageObject","inLanguage":"en-US","@id":"https:\/\/secure.gravatar.com\/avatar\/6be270e1c81317331dd99c1537c17b9683039795b5a956c595769bfada5e7067?s=96&d=mm&r=g","url":"https:\/\/secure.gravatar.com\/avatar\/6be270e1c81317331dd99c1537c17b9683039795b5a956c595769bfada5e7067?s=96&d=mm&r=g","contentUrl":"https:\/\/secure.gravatar.com\/avatar\/6be270e1c81317331dd99c1537c17b9683039795b5a956c595769bfada5e7067?s=96&d=mm&r=g","caption":"Redacci\u00f3n"},"sameAs":["https:\/\/thediplomatinspain.com\/"],"url":"https:\/\/thediplomatinspain.com\/en\/author\/soportecibeles\/"},{"@type":["Organization","NewsMediaOrganization"],"@id":"https:\/\/thediplomatinspain.com\/en\/#organization"},{"@type":"SiteNavigationElement","@id":"https:\/\/thediplomatinspain.com\/en\/#site-navigation","cssSelector":[".cib-main-menu"]},{"@type":"WPHeader","@id":"https:\/\/thediplomatinspain.com\/en\/#header","cssSelector":[".cib-header"]},{"@type":"WPFooter","@id":"https:\/\/thediplomatinspain.com\/en\/#footer","cssSelector":[".cib-footer"]}]}},"amp_enabled":true,"_links":{"self":[{"href":"https:\/\/thediplomatinspain.com\/en\/wp-json\/wp\/v2\/posts\/78624","targetHints":{"allow":["GET"]}}],"collection":[{"href":"https:\/\/thediplomatinspain.com\/en\/wp-json\/wp\/v2\/posts"}],"about":[{"href":"https:\/\/thediplomatinspain.com\/en\/wp-json\/wp\/v2\/types\/post"}],"author":[{"embeddable":true,"href":"https:\/\/thediplomatinspain.com\/en\/wp-json\/wp\/v2\/users\/1"}],"replies":[{"embeddable":true,"href":"https:\/\/thediplomatinspain.com\/en\/wp-json\/wp\/v2\/comments?post=78624"}],"version-history":[{"count":0,"href":"https:\/\/thediplomatinspain.com\/en\/wp-json\/wp\/v2\/posts\/78624\/revisions"}],"wp:featuredmedia":[{"embeddable":true,"href":"https:\/\/thediplomatinspain.com\/en\/wp-json\/wp\/v2\/media\/56631"}],"wp:attachment":[{"href":"https:\/\/thediplomatinspain.com\/en\/wp-json\/wp\/v2\/media?parent=78624"}],"wp:term":[{"taxonomy":"category","embeddable":true,"href":"https:\/\/thediplomatinspain.com\/en\/wp-json\/wp\/v2\/categories?post=78624"},{"taxonomy":"post_tag","embeddable":true,"href":"https:\/\/thediplomatinspain.com\/en\/wp-json\/wp\/v2\/tags?post=78624"}],"curies":[{"name":"wp","href":"https:\/\/api.w.org\/{rel}","templated":true}]}}