{"id":78519,"date":"2022-12-05T05:04:03","date_gmt":"2022-12-05T04:04:03","guid":{"rendered":"https:\/\/zen-hopper.82-223-81-17.plesk.page\/2022\/12\/05\/maduro-relieves-venezuelan-charge-daffaires-in-madrid\/"},"modified":"2022-12-05T05:04:03","modified_gmt":"2022-12-05T04:04:03","slug":"maduro-relieves-venezuelan-charge-daffaires-in-madrid","status":"publish","type":"post","link":"https:\/\/thediplomatinspain.com\/en\/2022\/12\/05\/maduro-relieves-venezuelan-charge-daffaires-in-madrid\/","title":{"rendered":"Maduro relieves Venezuelan Charg\u00e9 d&#8217;Affaires in Madrid"},"content":{"rendered":"<h6><strong>The Diplomat<\/strong><\/h6>\n<p>&nbsp;<\/p>\n<p>The <strong>government of Nicol\u00e1s Maduro has relieved its Charg\u00e9 d&#8217;Affaires ad interim in Madrid, Mauricio Rodr\u00edguez Gelfenstein<\/strong>, who had been in charge of the embassy since February 2018, following the departure of Ambassador Mario Isea.<\/p>\n<p>&nbsp;<\/p>\n<p>Rodriguez Gelfenstein&#8217;s replacement is <strong>Coromoto Godoy Calderon, a diplomat who previously served as ambassador to Trinidad and Tobago and India.<\/strong><\/p>\n<p>&nbsp;<\/p>\n<p>Coromoto Godoy, who apparently has a close friendship with Maduro, is already in Madrid and one of her first acts, as she herself indicated on Twitter was to take flowers to the monument to Sim\u00f3n Bolivar, which is located in the Parque del Oeste. &#8220;<strong>I arrived in Madrid and I came to see you, Father Bolivar, as Chavez taught us, to renew strength, to swear loyalty to you<\/strong>. I came to see you as a daughter to a father. Show me the way, give me your hand and guide my steps in this new stage&#8221;, wrote Godoy. And added: &#8220;Father Bolivar, you have not plowed in the sea, your daughters and sons continue fighting for a free and sovereign homeland. What happiness to have brought him flowers and to be able to talk to him. Now my administration has begun&#8221;.<\/p>\n<p>&nbsp;<\/p>\n<p>Spain and Venezuela maintain their diplomatic representations at the level of Charg\u00e9 d&#8217;Affaires ad interim, a lower level than that of ambassadors, although recently the Minister of Foreign Affairs, <strong>Jos\u00e9 Manuel Albares, left the door open to a normalization of relations<\/strong> in that sense, in a statement to the newspaper El Pa\u00eds.<\/p>\n<p>&nbsp;<\/p>\n<p>The current Charg\u00e9 d&#8217;Affaires with Letters of Cabinet of Spain in Caracas is, since a little more than a year ago, Ram\u00f3n Santos, who filled the vacancy left by Juan Fern\u00e1ndez Trigo when he was appointed Secretary of State for Ibero-America. This, in turn, had replaced Jes\u00fas Silva at the head of the Embassy, who did have the category of ambassador.<\/p>\n<p>&nbsp;<\/p>\n<p>The change at the head of the Embassy in Madrid comes at a time when the <strong>Venezuelan Government and opposition have resumed dialogue in Mexico<\/strong> and both Spain and the EU have given unequivocal signs of their willingness to ease sanctions if progress is made.<\/p>\n<p>&nbsp;<\/p>\n<p>&nbsp;<\/p>\n","protected":false},"excerpt":{"rendered":"<p>The government of Nicol\u00e1s Maduro has relieved its Charg\u00e9 d&#8217;Affaires ad interim in Madrid, Mauricio Rodr\u00edguez Gelfenstein, who had been in charge of the embassy since<\/p>\n","protected":false},"author":1,"featured_media":56533,"comment_status":"open","ping_status":"open","sticky":false,"template":"","format":"standard","meta":{"jnews-multi-image_gallery":[],"jnews_single_post":[],"jnews_primary_category":[],"jnews_social_meta":[],"jnews_override_counter":[],"jnews_post_split":[],"footnotes":""},"categories":[159,182,165,186],"tags":[],"class_list":["post-78519","post","type-post","status-publish","format-standard","has-post-thumbnail","hentry","category-news","category-subscribers","category-the-bag-en","category-valija-diplomatica-2"],"yoast_head":"<!-- This site is optimized with the Yoast SEO plugin v27.4 - https:\/\/yoast.com\/product\/yoast-seo-wordpress\/ -->\n<title>Maduro relieves Venezuelan Charg\u00e9 d&#039;Affaires in Madrid - thediplomatinspain.com<\/title>\n<meta name=\"robots\" content=\"index, follow, max-snippet:-1, max-image-preview:large, max-video-preview:-1\" \/>\n<link rel=\"canonical\" href=\"https:\/\/thediplomatinspain.com\/en\/2022\/12\/05\/maduro-relieves-venezuelan-charge-daffaires-in-madrid\/\" \/>\n<meta property=\"og:locale\" content=\"en_US\" \/>\n<meta property=\"og:type\" content=\"article\" \/>\n<meta property=\"og:title\" content=\"Maduro relieves Venezuelan Charg\u00e9 d&#039;Affaires in Madrid - thediplomatinspain.com\" \/>\n<meta property=\"og:description\" content=\"The government of Nicol\u00e1s Maduro has relieved its Charg\u00e9 d&#039;Affaires ad interim in Madrid, Mauricio Rodr\u00edguez Gelfenstein, who had been in charge of the embassy since\" \/>\n<meta property=\"og:url\" content=\"https:\/\/thediplomatinspain.com\/en\/2022\/12\/05\/maduro-relieves-venezuelan-charge-daffaires-in-madrid\/\" \/>\n<meta property=\"og:site_name\" content=\"thediplomatinspain.com\" \/>\n<meta property=\"article:publisher\" content=\"https:\/\/www.facebook.com\/thediplomatinspain\" \/>\n<meta property=\"article:published_time\" content=\"2022-12-05T04:04:03+00:00\" \/>\n<meta property=\"og:image\" content=\"https:\/\/thediplomatinspain.com\/wp-content\/uploads\/2024\/05\/Coromoto.jpg\" \/>\n\t<meta property=\"og:image:width\" content=\"750\" \/>\n\t<meta property=\"og:image:height\" content=\"422\" \/>\n\t<meta property=\"og:image:type\" content=\"image\/jpeg\" \/>\n<meta name=\"author\" content=\"Redacci\u00f3n\" \/>\n<meta name=\"twitter:card\" content=\"summary_large_image\" \/>\n<meta name=\"twitter:creator\" content=\"@diplomatinspain\" \/>\n<meta name=\"twitter:site\" content=\"@diplomatinspain\" \/>\n<meta name=\"twitter:label1\" content=\"Written by\" \/>\n\t<meta name=\"twitter:data1\" content=\"Redacci\u00f3n\" \/>\n\t<meta name=\"twitter:label2\" content=\"Est. reading time\" \/>\n\t<meta name=\"twitter:data2\" content=\"2 minutes\" \/>\n<script type=\"application\/ld+json\" class=\"yoast-schema-graph\">{\"@context\":\"https:\\\/\\\/schema.org\",\"@graph\":[{\"@type\":\"Article\",\"@id\":\"https:\\\/\\\/thediplomatinspain.com\\\/en\\\/2022\\\/12\\\/05\\\/maduro-relieves-venezuelan-charge-daffaires-in-madrid\\\/#article\",\"isPartOf\":{\"@id\":\"https:\\\/\\\/thediplomatinspain.com\\\/en\\\/2022\\\/12\\\/05\\\/maduro-relieves-venezuelan-charge-daffaires-in-madrid\\\/\"},\"author\":{\"name\":\"Redacci\u00f3n\",\"@id\":\"https:\\\/\\\/thediplomatinspain.com\\\/#\\\/schema\\\/person\\\/90d9b3004c2822bcbe64082dad885a9c\"},\"headline\":\"Maduro relieves Venezuelan Charg\u00e9 d&#8217;Affaires in Madrid\",\"datePublished\":\"2022-12-05T04:04:03+00:00\",\"mainEntityOfPage\":{\"@id\":\"https:\\\/\\\/thediplomatinspain.com\\\/en\\\/2022\\\/12\\\/05\\\/maduro-relieves-venezuelan-charge-daffaires-in-madrid\\\/\"},\"wordCount\":381,\"commentCount\":0,\"publisher\":{\"@id\":\"https:\\\/\\\/thediplomatinspain.com\\\/#organization\"},\"image\":{\"@id\":\"https:\\\/\\\/thediplomatinspain.com\\\/en\\\/2022\\\/12\\\/05\\\/maduro-relieves-venezuelan-charge-daffaires-in-madrid\\\/#primaryimage\"},\"thumbnailUrl\":\"https:\\\/\\\/thediplomatinspain.com\\\/wp-content\\\/uploads\\\/2024\\\/05\\\/Coromoto.jpg\",\"articleSection\":[\"News\",\"Subscribers\",\"The bag\",\"Valija Diplom\u00e1tica\"],\"inLanguage\":\"en-US\",\"potentialAction\":[{\"@type\":\"CommentAction\",\"name\":\"Comment\",\"target\":[\"https:\\\/\\\/thediplomatinspain.com\\\/en\\\/2022\\\/12\\\/05\\\/maduro-relieves-venezuelan-charge-daffaires-in-madrid\\\/#respond\"]}]},{\"@type\":\"WebPage\",\"@id\":\"https:\\\/\\\/thediplomatinspain.com\\\/en\\\/2022\\\/12\\\/05\\\/maduro-relieves-venezuelan-charge-daffaires-in-madrid\\\/\",\"url\":\"https:\\\/\\\/thediplomatinspain.com\\\/en\\\/2022\\\/12\\\/05\\\/maduro-relieves-venezuelan-charge-daffaires-in-madrid\\\/\",\"name\":\"Maduro relieves Venezuelan Charg\u00e9 d'Affaires in Madrid - thediplomatinspain.com\",\"isPartOf\":{\"@id\":\"https:\\\/\\\/thediplomatinspain.com\\\/#website\"},\"primaryImageOfPage\":{\"@id\":\"https:\\\/\\\/thediplomatinspain.com\\\/en\\\/2022\\\/12\\\/05\\\/maduro-relieves-venezuelan-charge-daffaires-in-madrid\\\/#primaryimage\"},\"image\":{\"@id\":\"https:\\\/\\\/thediplomatinspain.com\\\/en\\\/2022\\\/12\\\/05\\\/maduro-relieves-venezuelan-charge-daffaires-in-madrid\\\/#primaryimage\"},\"thumbnailUrl\":\"https:\\\/\\\/thediplomatinspain.com\\\/wp-content\\\/uploads\\\/2024\\\/05\\\/Coromoto.jpg\",\"datePublished\":\"2022-12-05T04:04:03+00:00\",\"breadcrumb\":{\"@id\":\"https:\\\/\\\/thediplomatinspain.com\\\/en\\\/2022\\\/12\\\/05\\\/maduro-relieves-venezuelan-charge-daffaires-in-madrid\\\/#breadcrumb\"},\"inLanguage\":\"en-US\",\"potentialAction\":[{\"@type\":\"ReadAction\",\"target\":[\"https:\\\/\\\/thediplomatinspain.com\\\/en\\\/2022\\\/12\\\/05\\\/maduro-relieves-venezuelan-charge-daffaires-in-madrid\\\/\"]}]},{\"@type\":\"ImageObject\",\"inLanguage\":\"en-US\",\"@id\":\"https:\\\/\\\/thediplomatinspain.com\\\/en\\\/2022\\\/12\\\/05\\\/maduro-relieves-venezuelan-charge-daffaires-in-madrid\\\/#primaryimage\",\"url\":\"https:\\\/\\\/thediplomatinspain.com\\\/wp-content\\\/uploads\\\/2024\\\/05\\\/Coromoto.jpg\",\"contentUrl\":\"https:\\\/\\\/thediplomatinspain.com\\\/wp-content\\\/uploads\\\/2024\\\/05\\\/Coromoto.jpg\",\"width\":750,\"height\":422,\"caption\":\"Coromoto Godoy places an offering at the monument to Bolivar in Madrid \\\/ Image: Twitter\"},{\"@type\":\"BreadcrumbList\",\"@id\":\"https:\\\/\\\/thediplomatinspain.com\\\/en\\\/2022\\\/12\\\/05\\\/maduro-relieves-venezuelan-charge-daffaires-in-madrid\\\/#breadcrumb\",\"itemListElement\":[{\"@type\":\"ListItem\",\"position\":1,\"name\":\"Portada\",\"item\":\"https:\\\/\\\/thediplomatinspain.com\\\/en\\\/\"},{\"@type\":\"ListItem\",\"position\":2,\"name\":\"Maduro relieves Venezuelan Charg\u00e9 d&#8217;Affaires in Madrid\"}]},{\"@type\":\"WebSite\",\"@id\":\"https:\\\/\\\/thediplomatinspain.com\\\/#website\",\"url\":\"https:\\\/\\\/thediplomatinspain.com\\\/\",\"name\":\"thediplomatinspain.com\",\"description\":\"Diario digital de referencia para diplom\u00e1ticos y empresas\",\"publisher\":{\"@id\":\"https:\\\/\\\/thediplomatinspain.com\\\/#organization\"},\"potentialAction\":[{\"@type\":\"SearchAction\",\"target\":{\"@type\":\"EntryPoint\",\"urlTemplate\":\"https:\\\/\\\/thediplomatinspain.com\\\/?s={search_term_string}\"},\"query-input\":{\"@type\":\"PropertyValueSpecification\",\"valueRequired\":true,\"valueName\":\"search_term_string\"}}],\"inLanguage\":\"en-US\"},{\"@type\":\"Organization\",\"@id\":\"https:\\\/\\\/thediplomatinspain.com\\\/#organization\",\"name\":\"thediplomatinspain.com\",\"url\":\"https:\\\/\\\/thediplomatinspain.com\\\/\",\"logo\":{\"@type\":\"ImageObject\",\"inLanguage\":\"en-US\",\"@id\":\"https:\\\/\\\/thediplomatinspain.com\\\/#\\\/schema\\\/logo\\\/image\\\/\",\"url\":\"https:\\\/\\\/thediplomatinspain.com\\\/wp-content\\\/uploads\\\/2024\\\/06\\\/logo_the_diplomat.png\",\"contentUrl\":\"https:\\\/\\\/thediplomatinspain.com\\\/wp-content\\\/uploads\\\/2024\\\/06\\\/logo_the_diplomat.png\",\"width\":284,\"height\":77,\"caption\":\"thediplomatinspain.com\"},\"image\":{\"@id\":\"https:\\\/\\\/thediplomatinspain.com\\\/#\\\/schema\\\/logo\\\/image\\\/\"},\"sameAs\":[\"https:\\\/\\\/www.facebook.com\\\/thediplomatinspain\",\"https:\\\/\\\/x.com\\\/diplomatinspain\",\"https:\\\/\\\/www.youtube.com\\\/channel\\\/UCK0mRqeeZDKdFeiFQZLcH2A\"]},{\"@type\":\"Person\",\"@id\":\"https:\\\/\\\/thediplomatinspain.com\\\/#\\\/schema\\\/person\\\/90d9b3004c2822bcbe64082dad885a9c\",\"name\":\"Redacci\u00f3n\",\"image\":{\"@type\":\"ImageObject\",\"inLanguage\":\"en-US\",\"@id\":\"https:\\\/\\\/secure.gravatar.com\\\/avatar\\\/6be270e1c81317331dd99c1537c17b9683039795b5a956c595769bfada5e7067?s=96&d=mm&r=g\",\"url\":\"https:\\\/\\\/secure.gravatar.com\\\/avatar\\\/6be270e1c81317331dd99c1537c17b9683039795b5a956c595769bfada5e7067?s=96&d=mm&r=g\",\"contentUrl\":\"https:\\\/\\\/secure.gravatar.com\\\/avatar\\\/6be270e1c81317331dd99c1537c17b9683039795b5a956c595769bfada5e7067?s=96&d=mm&r=g\",\"caption\":\"Redacci\u00f3n\"},\"sameAs\":[\"https:\\\/\\\/thediplomatinspain.com\\\/\"],\"url\":\"https:\\\/\\\/thediplomatinspain.com\\\/en\\\/author\\\/soportecibeles\\\/\"},{\"@type\":[\"Organization\",\"NewsMediaOrganization\"],\"@id\":\"https:\\\/\\\/thediplomatinspain.com\\\/en\\\/#organization\"},{\"@type\":\"SiteNavigationElement\",\"@id\":\"https:\\\/\\\/thediplomatinspain.com\\\/en\\\/#site-navigation\",\"cssSelector\":[\".cib-main-menu\"]},{\"@type\":\"WPHeader\",\"@id\":\"https:\\\/\\\/thediplomatinspain.com\\\/en\\\/#header\",\"cssSelector\":[\".cib-header\"]},{\"@type\":\"WPFooter\",\"@id\":\"https:\\\/\\\/thediplomatinspain.com\\\/en\\\/#footer\",\"cssSelector\":[\".cib-footer\"]}]}<\/script>\n<!-- \/ Yoast SEO plugin. -->","yoast_head_json":{"title":"Maduro relieves Venezuelan Charg\u00e9 d'Affaires in Madrid - thediplomatinspain.com","robots":{"index":"index","follow":"follow","max-snippet":"max-snippet:-1","max-image-preview":"max-image-preview:large","max-video-preview":"max-video-preview:-1"},"canonical":"https:\/\/thediplomatinspain.com\/en\/2022\/12\/05\/maduro-relieves-venezuelan-charge-daffaires-in-madrid\/","og_locale":"en_US","og_type":"article","og_title":"Maduro relieves Venezuelan Charg\u00e9 d'Affaires in Madrid - thediplomatinspain.com","og_description":"The government of Nicol\u00e1s Maduro has relieved its Charg\u00e9 d'Affaires ad interim in Madrid, Mauricio Rodr\u00edguez Gelfenstein, who had been in charge of the embassy since","og_url":"https:\/\/thediplomatinspain.com\/en\/2022\/12\/05\/maduro-relieves-venezuelan-charge-daffaires-in-madrid\/","og_site_name":"thediplomatinspain.com","article_publisher":"https:\/\/www.facebook.com\/thediplomatinspain","article_published_time":"2022-12-05T04:04:03+00:00","og_image":[{"width":750,"height":422,"url":"https:\/\/thediplomatinspain.com\/wp-content\/uploads\/2024\/05\/Coromoto.jpg","type":"image\/jpeg"}],"author":"Redacci\u00f3n","twitter_card":"summary_large_image","twitter_creator":"@diplomatinspain","twitter_site":"@diplomatinspain","twitter_misc":{"Written by":"Redacci\u00f3n","Est. reading time":"2 minutes"},"schema":{"@context":"https:\/\/schema.org","@graph":[{"@type":"Article","@id":"https:\/\/thediplomatinspain.com\/en\/2022\/12\/05\/maduro-relieves-venezuelan-charge-daffaires-in-madrid\/#article","isPartOf":{"@id":"https:\/\/thediplomatinspain.com\/en\/2022\/12\/05\/maduro-relieves-venezuelan-charge-daffaires-in-madrid\/"},"author":{"name":"Redacci\u00f3n","@id":"https:\/\/thediplomatinspain.com\/#\/schema\/person\/90d9b3004c2822bcbe64082dad885a9c"},"headline":"Maduro relieves Venezuelan Charg\u00e9 d&#8217;Affaires in Madrid","datePublished":"2022-12-05T04:04:03+00:00","mainEntityOfPage":{"@id":"https:\/\/thediplomatinspain.com\/en\/2022\/12\/05\/maduro-relieves-venezuelan-charge-daffaires-in-madrid\/"},"wordCount":381,"commentCount":0,"publisher":{"@id":"https:\/\/thediplomatinspain.com\/#organization"},"image":{"@id":"https:\/\/thediplomatinspain.com\/en\/2022\/12\/05\/maduro-relieves-venezuelan-charge-daffaires-in-madrid\/#primaryimage"},"thumbnailUrl":"https:\/\/thediplomatinspain.com\/wp-content\/uploads\/2024\/05\/Coromoto.jpg","articleSection":["News","Subscribers","The bag","Valija Diplom\u00e1tica"],"inLanguage":"en-US","potentialAction":[{"@type":"CommentAction","name":"Comment","target":["https:\/\/thediplomatinspain.com\/en\/2022\/12\/05\/maduro-relieves-venezuelan-charge-daffaires-in-madrid\/#respond"]}]},{"@type":"WebPage","@id":"https:\/\/thediplomatinspain.com\/en\/2022\/12\/05\/maduro-relieves-venezuelan-charge-daffaires-in-madrid\/","url":"https:\/\/thediplomatinspain.com\/en\/2022\/12\/05\/maduro-relieves-venezuelan-charge-daffaires-in-madrid\/","name":"Maduro relieves Venezuelan Charg\u00e9 d'Affaires in Madrid - thediplomatinspain.com","isPartOf":{"@id":"https:\/\/thediplomatinspain.com\/#website"},"primaryImageOfPage":{"@id":"https:\/\/thediplomatinspain.com\/en\/2022\/12\/05\/maduro-relieves-venezuelan-charge-daffaires-in-madrid\/#primaryimage"},"image":{"@id":"https:\/\/thediplomatinspain.com\/en\/2022\/12\/05\/maduro-relieves-venezuelan-charge-daffaires-in-madrid\/#primaryimage"},"thumbnailUrl":"https:\/\/thediplomatinspain.com\/wp-content\/uploads\/2024\/05\/Coromoto.jpg","datePublished":"2022-12-05T04:04:03+00:00","breadcrumb":{"@id":"https:\/\/thediplomatinspain.com\/en\/2022\/12\/05\/maduro-relieves-venezuelan-charge-daffaires-in-madrid\/#breadcrumb"},"inLanguage":"en-US","potentialAction":[{"@type":"ReadAction","target":["https:\/\/thediplomatinspain.com\/en\/2022\/12\/05\/maduro-relieves-venezuelan-charge-daffaires-in-madrid\/"]}]},{"@type":"ImageObject","inLanguage":"en-US","@id":"https:\/\/thediplomatinspain.com\/en\/2022\/12\/05\/maduro-relieves-venezuelan-charge-daffaires-in-madrid\/#primaryimage","url":"https:\/\/thediplomatinspain.com\/wp-content\/uploads\/2024\/05\/Coromoto.jpg","contentUrl":"https:\/\/thediplomatinspain.com\/wp-content\/uploads\/2024\/05\/Coromoto.jpg","width":750,"height":422,"caption":"Coromoto Godoy places an offering at the monument to Bolivar in Madrid \/ Image: Twitter"},{"@type":"BreadcrumbList","@id":"https:\/\/thediplomatinspain.com\/en\/2022\/12\/05\/maduro-relieves-venezuelan-charge-daffaires-in-madrid\/#breadcrumb","itemListElement":[{"@type":"ListItem","position":1,"name":"Portada","item":"https:\/\/thediplomatinspain.com\/en\/"},{"@type":"ListItem","position":2,"name":"Maduro relieves Venezuelan Charg\u00e9 d&#8217;Affaires in Madrid"}]},{"@type":"WebSite","@id":"https:\/\/thediplomatinspain.com\/#website","url":"https:\/\/thediplomatinspain.com\/","name":"thediplomatinspain.com","description":"Diario digital de referencia para diplom\u00e1ticos y empresas","publisher":{"@id":"https:\/\/thediplomatinspain.com\/#organization"},"potentialAction":[{"@type":"SearchAction","target":{"@type":"EntryPoint","urlTemplate":"https:\/\/thediplomatinspain.com\/?s={search_term_string}"},"query-input":{"@type":"PropertyValueSpecification","valueRequired":true,"valueName":"search_term_string"}}],"inLanguage":"en-US"},{"@type":"Organization","@id":"https:\/\/thediplomatinspain.com\/#organization","name":"thediplomatinspain.com","url":"https:\/\/thediplomatinspain.com\/","logo":{"@type":"ImageObject","inLanguage":"en-US","@id":"https:\/\/thediplomatinspain.com\/#\/schema\/logo\/image\/","url":"https:\/\/thediplomatinspain.com\/wp-content\/uploads\/2024\/06\/logo_the_diplomat.png","contentUrl":"https:\/\/thediplomatinspain.com\/wp-content\/uploads\/2024\/06\/logo_the_diplomat.png","width":284,"height":77,"caption":"thediplomatinspain.com"},"image":{"@id":"https:\/\/thediplomatinspain.com\/#\/schema\/logo\/image\/"},"sameAs":["https:\/\/www.facebook.com\/thediplomatinspain","https:\/\/x.com\/diplomatinspain","https:\/\/www.youtube.com\/channel\/UCK0mRqeeZDKdFeiFQZLcH2A"]},{"@type":"Person","@id":"https:\/\/thediplomatinspain.com\/#\/schema\/person\/90d9b3004c2822bcbe64082dad885a9c","name":"Redacci\u00f3n","image":{"@type":"ImageObject","inLanguage":"en-US","@id":"https:\/\/secure.gravatar.com\/avatar\/6be270e1c81317331dd99c1537c17b9683039795b5a956c595769bfada5e7067?s=96&d=mm&r=g","url":"https:\/\/secure.gravatar.com\/avatar\/6be270e1c81317331dd99c1537c17b9683039795b5a956c595769bfada5e7067?s=96&d=mm&r=g","contentUrl":"https:\/\/secure.gravatar.com\/avatar\/6be270e1c81317331dd99c1537c17b9683039795b5a956c595769bfada5e7067?s=96&d=mm&r=g","caption":"Redacci\u00f3n"},"sameAs":["https:\/\/thediplomatinspain.com\/"],"url":"https:\/\/thediplomatinspain.com\/en\/author\/soportecibeles\/"},{"@type":["Organization","NewsMediaOrganization"],"@id":"https:\/\/thediplomatinspain.com\/en\/#organization"},{"@type":"SiteNavigationElement","@id":"https:\/\/thediplomatinspain.com\/en\/#site-navigation","cssSelector":[".cib-main-menu"]},{"@type":"WPHeader","@id":"https:\/\/thediplomatinspain.com\/en\/#header","cssSelector":[".cib-header"]},{"@type":"WPFooter","@id":"https:\/\/thediplomatinspain.com\/en\/#footer","cssSelector":[".cib-footer"]}]}},"amp_enabled":true,"_links":{"self":[{"href":"https:\/\/thediplomatinspain.com\/en\/wp-json\/wp\/v2\/posts\/78519","targetHints":{"allow":["GET"]}}],"collection":[{"href":"https:\/\/thediplomatinspain.com\/en\/wp-json\/wp\/v2\/posts"}],"about":[{"href":"https:\/\/thediplomatinspain.com\/en\/wp-json\/wp\/v2\/types\/post"}],"author":[{"embeddable":true,"href":"https:\/\/thediplomatinspain.com\/en\/wp-json\/wp\/v2\/users\/1"}],"replies":[{"embeddable":true,"href":"https:\/\/thediplomatinspain.com\/en\/wp-json\/wp\/v2\/comments?post=78519"}],"version-history":[{"count":0,"href":"https:\/\/thediplomatinspain.com\/en\/wp-json\/wp\/v2\/posts\/78519\/revisions"}],"wp:featuredmedia":[{"embeddable":true,"href":"https:\/\/thediplomatinspain.com\/en\/wp-json\/wp\/v2\/media\/56533"}],"wp:attachment":[{"href":"https:\/\/thediplomatinspain.com\/en\/wp-json\/wp\/v2\/media?parent=78519"}],"wp:term":[{"taxonomy":"category","embeddable":true,"href":"https:\/\/thediplomatinspain.com\/en\/wp-json\/wp\/v2\/categories?post=78519"},{"taxonomy":"post_tag","embeddable":true,"href":"https:\/\/thediplomatinspain.com\/en\/wp-json\/wp\/v2\/tags?post=78519"}],"curies":[{"name":"wp","href":"https:\/\/api.w.org\/{rel}","templated":true}]}}