{"id":78346,"date":"2022-11-18T05:07:54","date_gmt":"2022-11-18T04:07:54","guid":{"rendered":"https:\/\/zen-hopper.82-223-81-17.plesk.page\/2022\/11\/18\/spain-and-romania-will-hold-their-first-bilateral-summit-in-castellon-on-the-23rd\/"},"modified":"2022-11-18T05:07:54","modified_gmt":"2022-11-18T04:07:54","slug":"spain-and-romania-will-hold-their-first-bilateral-summit-in-castellon-on-the-23rd","status":"publish","type":"post","link":"https:\/\/thediplomatinspain.com\/en\/2022\/11\/18\/spain-and-romania-will-hold-their-first-bilateral-summit-in-castellon-on-the-23rd\/","title":{"rendered":"Spain and Romania will hold their first bilateral summit in Castell\u00f3n on the 23rd"},"content":{"rendered":"<h6><strong>The Diplomat<\/strong><\/h6>\n<p>&nbsp;<\/p>\n<h4><strong>Spain and Romania will hold their first bilateral summit in Castell\u00f3n de la Plana on Wednesday 23rd, with the heads of government, Pedro S\u00e1nchez and Nicolae Ciuc\u0103, and fourteen Spanish and Romanian ministers in attendance.<\/strong><\/h4>\n<p>&nbsp;<\/p>\n<p>The two countries have been trying to hold this summit for years, shortly after<strong> the bilateral Strategic Partnership Agreement was signed in 2013<\/strong>, but various circumstances, including the Covid-19 pandemic, prevented the moment from coming to fruition. In March of this year, S\u00e1nchez visited Bucharest to meet with Ciuc\u0103, and now<strong>, Romania joins the European Union countries with which Spain holds these high-level meetings, such as Germany, France, Italy, Portugal and Poland.<\/strong><\/p>\n<p>&nbsp;<\/p>\n<p>The summit will take place in Castell\u00f3n de la Plana and the heads of government will be joined by the <strong>Spanish ministers of Foreign Affairs, Interior, Defence, Labour, Agriculture, Territorial Policy and Health<\/strong>, as well as the corresponding Romanian heads of these areas. Memoranda of understanding are expected to be signed in areas such as foreign policy, culture, health, labour and social protection, agriculture and civil protection.<\/p>\n<p>&nbsp;<\/p>\n<p>The meeting will take place at a time when one of<strong> Romania&#8217;s aspirations to join the Schengen Area of free movement in the European Union appears to be close to being fulfilled<\/strong>. In fact, the EU&#8217;s Justice and Home Affairs Council is expected to give the green light to Romania, Bulgaria and Croatia to join the border-free Europe on 8 December.<\/p>\n<p>&nbsp;<\/p>\n<p>This will not, therefore, be an issue to which much time will be devoted at the summit, as Spain has already expressed its support for Schengen membership, as well as for Romania&#8217;s accession to the OECD, a process that is still underway.<\/p>\n<p>&nbsp;<\/p>\n<p>A more sensitive issue in the bilateral relationship is<strong> Romania&#8217;s desire to reach an agreement with Spain on dual nationality<\/strong>, <strong>which could benefit the one million Romanians living in our country<\/strong>. The Romanian government stresses the deep roots of Romanian citizens in Spain &#8211; where an estimated 100,000 of them were born &#8211; and wants them to be able to enjoy the advantages of Spanish nationality.<\/p>\n<p>&nbsp;<\/p>\n<p>The Spanish government has not closed its mind to the possibility, but argues that it must study the request carefully, because until now dual nationality has been reserved for Latin American countries, as well as those that have had special ties with Spain, such as Equatorial Guinea and the Philippines. Spain recently signed a dual nationality agreement with France.<\/p>\n<p>&nbsp;<\/p>\n<p>On the other hand, relations between Spain and Romania have grown considerably in various fields, including Defence, because the Spanish Armed Forces have participated or are participating in operations to reinforce the eastern flank of the Atlantic Alliance, such as the one carried out in February and March 2021, with a detachment of 130 military personnel and six Eurofighter Typhoon fighters, in joint Enhanced Air Policing missions with the Romanian Air Force, carried out under NATO command at the Mihail Kog\u0103lniceanu Air Base.<\/p>\n<p>&nbsp;<\/p>\n<p>In addition, eight F18M air force fighters are scheduled to start operating on 1 December at the Romanian Air Tactical Detachment, which will be based at the Fetesi base on the Danube, 300 kilometres from Odessa and 400 kilometres from Kherson in Ukraine. Its deployment will involve a further 130 military personnel, pilots and support staff for the F18 fighters of the 15th Wing at the Zaragoza base.<\/p>\n<p>&nbsp;<\/p>\n<p>On the economic front, trade relations between Romania and Spain have been on a steady upward trend since 1990, and, at the end of the first quarter of 2022, the volume of bilateral trade stood at \u20ac1.5 billion, an increase of 30% compared to the same period in 2021. Spanish investments in Romania reached \u20ac1.78 billion in 2021, with 6,375 companies with Spanish capital participation.<\/p>\n","protected":false},"excerpt":{"rendered":"<p>Spain and Romania will hold their first bilateral summit in Castell\u00f3n de la Plana on Wednesday 23rd, with the heads of government, Pedro S\u00e1nchez and Nicolae Ciuca, and fourteen Spanish and Romanian ministers in attendance.<\/p>\n","protected":false},"author":1,"featured_media":56356,"comment_status":"open","ping_status":"open","sticky":false,"template":"","format":"standard","meta":{"jnews-multi-image_gallery":[],"jnews_single_post":[],"jnews_primary_category":[],"jnews_social_meta":[],"jnews_override_counter":[],"jnews_post_split":[],"footnotes":""},"categories":[106,158,159,182,162],"tags":[],"class_list":["post-78346","post","type-post","status-publish","format-standard","has-post-thumbnail","hentry","category-frontpage","category-frontpage-en","category-news","category-subscribers","category-the-world-in-spain"],"yoast_head":"<!-- This site is optimized with the Yoast SEO plugin v27.4 - https:\/\/yoast.com\/product\/yoast-seo-wordpress\/ -->\n<title>Spain and Romania will hold their first bilateral summit in Castell\u00f3n on the 23rd - thediplomatinspain.com<\/title>\n<meta name=\"robots\" content=\"index, follow, max-snippet:-1, max-image-preview:large, max-video-preview:-1\" \/>\n<link rel=\"canonical\" href=\"https:\/\/thediplomatinspain.com\/en\/2022\/11\/18\/spain-and-romania-will-hold-their-first-bilateral-summit-in-castellon-on-the-23rd\/\" \/>\n<meta property=\"og:locale\" content=\"en_US\" \/>\n<meta property=\"og:type\" content=\"article\" \/>\n<meta property=\"og:title\" content=\"Spain and Romania will hold their first bilateral summit in Castell\u00f3n on the 23rd - thediplomatinspain.com\" \/>\n<meta property=\"og:description\" content=\"Spain and Romania will hold their first bilateral summit in Castell\u00f3n de la Plana on Wednesday 23rd, with the heads of government, Pedro S\u00e1nchez and Nicolae Ciuca, and fourteen Spanish and Romanian ministers in attendance.\" \/>\n<meta property=\"og:url\" content=\"https:\/\/thediplomatinspain.com\/en\/2022\/11\/18\/spain-and-romania-will-hold-their-first-bilateral-summit-in-castellon-on-the-23rd\/\" \/>\n<meta property=\"og:site_name\" content=\"thediplomatinspain.com\" \/>\n<meta property=\"article:publisher\" content=\"https:\/\/www.facebook.com\/thediplomatinspain\" \/>\n<meta property=\"article:published_time\" content=\"2022-11-18T04:07:54+00:00\" \/>\n<meta property=\"og:image\" content=\"https:\/\/thediplomatinspain.com\/wp-content\/uploads\/2024\/05\/sanchez-Ciuca-Rumania.jpg\" \/>\n\t<meta property=\"og:image:width\" content=\"750\" \/>\n\t<meta property=\"og:image:height\" content=\"422\" \/>\n\t<meta property=\"og:image:type\" content=\"image\/jpeg\" \/>\n<meta name=\"author\" content=\"Redacci\u00f3n\" \/>\n<meta name=\"twitter:card\" content=\"summary_large_image\" \/>\n<meta name=\"twitter:creator\" content=\"@diplomatinspain\" \/>\n<meta name=\"twitter:site\" content=\"@diplomatinspain\" \/>\n<meta name=\"twitter:label1\" content=\"Written by\" \/>\n\t<meta name=\"twitter:data1\" content=\"Redacci\u00f3n\" \/>\n\t<meta name=\"twitter:label2\" content=\"Est. reading time\" \/>\n\t<meta name=\"twitter:data2\" content=\"3 minutes\" \/>\n<script type=\"application\/ld+json\" class=\"yoast-schema-graph\">{\"@context\":\"https:\\\/\\\/schema.org\",\"@graph\":[{\"@type\":\"Article\",\"@id\":\"https:\\\/\\\/thediplomatinspain.com\\\/en\\\/2022\\\/11\\\/18\\\/spain-and-romania-will-hold-their-first-bilateral-summit-in-castellon-on-the-23rd\\\/#article\",\"isPartOf\":{\"@id\":\"https:\\\/\\\/thediplomatinspain.com\\\/en\\\/2022\\\/11\\\/18\\\/spain-and-romania-will-hold-their-first-bilateral-summit-in-castellon-on-the-23rd\\\/\"},\"author\":{\"name\":\"Redacci\u00f3n\",\"@id\":\"https:\\\/\\\/thediplomatinspain.com\\\/#\\\/schema\\\/person\\\/90d9b3004c2822bcbe64082dad885a9c\"},\"headline\":\"Spain and Romania will hold their first bilateral summit in Castell\u00f3n on the 23rd\",\"datePublished\":\"2022-11-18T04:07:54+00:00\",\"mainEntityOfPage\":{\"@id\":\"https:\\\/\\\/thediplomatinspain.com\\\/en\\\/2022\\\/11\\\/18\\\/spain-and-romania-will-hold-their-first-bilateral-summit-in-castellon-on-the-23rd\\\/\"},\"wordCount\":638,\"commentCount\":0,\"publisher\":{\"@id\":\"https:\\\/\\\/thediplomatinspain.com\\\/#organization\"},\"image\":{\"@id\":\"https:\\\/\\\/thediplomatinspain.com\\\/en\\\/2022\\\/11\\\/18\\\/spain-and-romania-will-hold-their-first-bilateral-summit-in-castellon-on-the-23rd\\\/#primaryimage\"},\"thumbnailUrl\":\"https:\\\/\\\/thediplomatinspain.com\\\/wp-content\\\/uploads\\\/2024\\\/05\\\/sanchez-Ciuca-Rumania.jpg\",\"articleSection\":[\"Frontpage\",\"Frontpage\",\"News\",\"Subscribers\",\"The world in Spain\"],\"inLanguage\":\"en-US\",\"potentialAction\":[{\"@type\":\"CommentAction\",\"name\":\"Comment\",\"target\":[\"https:\\\/\\\/thediplomatinspain.com\\\/en\\\/2022\\\/11\\\/18\\\/spain-and-romania-will-hold-their-first-bilateral-summit-in-castellon-on-the-23rd\\\/#respond\"]}]},{\"@type\":\"WebPage\",\"@id\":\"https:\\\/\\\/thediplomatinspain.com\\\/en\\\/2022\\\/11\\\/18\\\/spain-and-romania-will-hold-their-first-bilateral-summit-in-castellon-on-the-23rd\\\/\",\"url\":\"https:\\\/\\\/thediplomatinspain.com\\\/en\\\/2022\\\/11\\\/18\\\/spain-and-romania-will-hold-their-first-bilateral-summit-in-castellon-on-the-23rd\\\/\",\"name\":\"Spain and Romania will hold their first bilateral summit in Castell\u00f3n on the 23rd - thediplomatinspain.com\",\"isPartOf\":{\"@id\":\"https:\\\/\\\/thediplomatinspain.com\\\/#website\"},\"primaryImageOfPage\":{\"@id\":\"https:\\\/\\\/thediplomatinspain.com\\\/en\\\/2022\\\/11\\\/18\\\/spain-and-romania-will-hold-their-first-bilateral-summit-in-castellon-on-the-23rd\\\/#primaryimage\"},\"image\":{\"@id\":\"https:\\\/\\\/thediplomatinspain.com\\\/en\\\/2022\\\/11\\\/18\\\/spain-and-romania-will-hold-their-first-bilateral-summit-in-castellon-on-the-23rd\\\/#primaryimage\"},\"thumbnailUrl\":\"https:\\\/\\\/thediplomatinspain.com\\\/wp-content\\\/uploads\\\/2024\\\/05\\\/sanchez-Ciuca-Rumania.jpg\",\"datePublished\":\"2022-11-18T04:07:54+00:00\",\"breadcrumb\":{\"@id\":\"https:\\\/\\\/thediplomatinspain.com\\\/en\\\/2022\\\/11\\\/18\\\/spain-and-romania-will-hold-their-first-bilateral-summit-in-castellon-on-the-23rd\\\/#breadcrumb\"},\"inLanguage\":\"en-US\",\"potentialAction\":[{\"@type\":\"ReadAction\",\"target\":[\"https:\\\/\\\/thediplomatinspain.com\\\/en\\\/2022\\\/11\\\/18\\\/spain-and-romania-will-hold-their-first-bilateral-summit-in-castellon-on-the-23rd\\\/\"]}]},{\"@type\":\"ImageObject\",\"inLanguage\":\"en-US\",\"@id\":\"https:\\\/\\\/thediplomatinspain.com\\\/en\\\/2022\\\/11\\\/18\\\/spain-and-romania-will-hold-their-first-bilateral-summit-in-castellon-on-the-23rd\\\/#primaryimage\",\"url\":\"https:\\\/\\\/thediplomatinspain.com\\\/wp-content\\\/uploads\\\/2024\\\/05\\\/sanchez-Ciuca-Rumania.jpg\",\"contentUrl\":\"https:\\\/\\\/thediplomatinspain.com\\\/wp-content\\\/uploads\\\/2024\\\/05\\\/sanchez-Ciuca-Rumania.jpg\",\"width\":750,\"height\":422,\"caption\":\"Pedro S\u00e1nchez and Nicolae Ciuc\u0103.\"},{\"@type\":\"BreadcrumbList\",\"@id\":\"https:\\\/\\\/thediplomatinspain.com\\\/en\\\/2022\\\/11\\\/18\\\/spain-and-romania-will-hold-their-first-bilateral-summit-in-castellon-on-the-23rd\\\/#breadcrumb\",\"itemListElement\":[{\"@type\":\"ListItem\",\"position\":1,\"name\":\"Portada\",\"item\":\"https:\\\/\\\/thediplomatinspain.com\\\/en\\\/\"},{\"@type\":\"ListItem\",\"position\":2,\"name\":\"Spain and Romania will hold their first bilateral summit in Castell\u00f3n on the 23rd\"}]},{\"@type\":\"WebSite\",\"@id\":\"https:\\\/\\\/thediplomatinspain.com\\\/#website\",\"url\":\"https:\\\/\\\/thediplomatinspain.com\\\/\",\"name\":\"thediplomatinspain.com\",\"description\":\"Diario digital de referencia para diplom\u00e1ticos y empresas\",\"publisher\":{\"@id\":\"https:\\\/\\\/thediplomatinspain.com\\\/#organization\"},\"potentialAction\":[{\"@type\":\"SearchAction\",\"target\":{\"@type\":\"EntryPoint\",\"urlTemplate\":\"https:\\\/\\\/thediplomatinspain.com\\\/?s={search_term_string}\"},\"query-input\":{\"@type\":\"PropertyValueSpecification\",\"valueRequired\":true,\"valueName\":\"search_term_string\"}}],\"inLanguage\":\"en-US\"},{\"@type\":\"Organization\",\"@id\":\"https:\\\/\\\/thediplomatinspain.com\\\/#organization\",\"name\":\"thediplomatinspain.com\",\"url\":\"https:\\\/\\\/thediplomatinspain.com\\\/\",\"logo\":{\"@type\":\"ImageObject\",\"inLanguage\":\"en-US\",\"@id\":\"https:\\\/\\\/thediplomatinspain.com\\\/#\\\/schema\\\/logo\\\/image\\\/\",\"url\":\"https:\\\/\\\/thediplomatinspain.com\\\/wp-content\\\/uploads\\\/2024\\\/06\\\/logo_the_diplomat.png\",\"contentUrl\":\"https:\\\/\\\/thediplomatinspain.com\\\/wp-content\\\/uploads\\\/2024\\\/06\\\/logo_the_diplomat.png\",\"width\":284,\"height\":77,\"caption\":\"thediplomatinspain.com\"},\"image\":{\"@id\":\"https:\\\/\\\/thediplomatinspain.com\\\/#\\\/schema\\\/logo\\\/image\\\/\"},\"sameAs\":[\"https:\\\/\\\/www.facebook.com\\\/thediplomatinspain\",\"https:\\\/\\\/x.com\\\/diplomatinspain\",\"https:\\\/\\\/www.youtube.com\\\/channel\\\/UCK0mRqeeZDKdFeiFQZLcH2A\"]},{\"@type\":\"Person\",\"@id\":\"https:\\\/\\\/thediplomatinspain.com\\\/#\\\/schema\\\/person\\\/90d9b3004c2822bcbe64082dad885a9c\",\"name\":\"Redacci\u00f3n\",\"image\":{\"@type\":\"ImageObject\",\"inLanguage\":\"en-US\",\"@id\":\"https:\\\/\\\/secure.gravatar.com\\\/avatar\\\/6be270e1c81317331dd99c1537c17b9683039795b5a956c595769bfada5e7067?s=96&d=mm&r=g\",\"url\":\"https:\\\/\\\/secure.gravatar.com\\\/avatar\\\/6be270e1c81317331dd99c1537c17b9683039795b5a956c595769bfada5e7067?s=96&d=mm&r=g\",\"contentUrl\":\"https:\\\/\\\/secure.gravatar.com\\\/avatar\\\/6be270e1c81317331dd99c1537c17b9683039795b5a956c595769bfada5e7067?s=96&d=mm&r=g\",\"caption\":\"Redacci\u00f3n\"},\"sameAs\":[\"https:\\\/\\\/thediplomatinspain.com\\\/\"],\"url\":\"https:\\\/\\\/thediplomatinspain.com\\\/en\\\/author\\\/soportecibeles\\\/\"},{\"@type\":[\"Organization\",\"NewsMediaOrganization\"],\"@id\":\"https:\\\/\\\/thediplomatinspain.com\\\/en\\\/#organization\"},{\"@type\":\"SiteNavigationElement\",\"@id\":\"https:\\\/\\\/thediplomatinspain.com\\\/en\\\/#site-navigation\",\"cssSelector\":[\".cib-main-menu\"]},{\"@type\":\"WPHeader\",\"@id\":\"https:\\\/\\\/thediplomatinspain.com\\\/en\\\/#header\",\"cssSelector\":[\".cib-header\"]},{\"@type\":\"WPFooter\",\"@id\":\"https:\\\/\\\/thediplomatinspain.com\\\/en\\\/#footer\",\"cssSelector\":[\".cib-footer\"]}]}<\/script>\n<!-- \/ Yoast SEO plugin. -->","yoast_head_json":{"title":"Spain and Romania will hold their first bilateral summit in Castell\u00f3n on the 23rd - thediplomatinspain.com","robots":{"index":"index","follow":"follow","max-snippet":"max-snippet:-1","max-image-preview":"max-image-preview:large","max-video-preview":"max-video-preview:-1"},"canonical":"https:\/\/thediplomatinspain.com\/en\/2022\/11\/18\/spain-and-romania-will-hold-their-first-bilateral-summit-in-castellon-on-the-23rd\/","og_locale":"en_US","og_type":"article","og_title":"Spain and Romania will hold their first bilateral summit in Castell\u00f3n on the 23rd - thediplomatinspain.com","og_description":"Spain and Romania will hold their first bilateral summit in Castell\u00f3n de la Plana on Wednesday 23rd, with the heads of government, Pedro S\u00e1nchez and Nicolae Ciuca, and fourteen Spanish and Romanian ministers in attendance.","og_url":"https:\/\/thediplomatinspain.com\/en\/2022\/11\/18\/spain-and-romania-will-hold-their-first-bilateral-summit-in-castellon-on-the-23rd\/","og_site_name":"thediplomatinspain.com","article_publisher":"https:\/\/www.facebook.com\/thediplomatinspain","article_published_time":"2022-11-18T04:07:54+00:00","og_image":[{"width":750,"height":422,"url":"https:\/\/thediplomatinspain.com\/wp-content\/uploads\/2024\/05\/sanchez-Ciuca-Rumania.jpg","type":"image\/jpeg"}],"author":"Redacci\u00f3n","twitter_card":"summary_large_image","twitter_creator":"@diplomatinspain","twitter_site":"@diplomatinspain","twitter_misc":{"Written by":"Redacci\u00f3n","Est. reading time":"3 minutes"},"schema":{"@context":"https:\/\/schema.org","@graph":[{"@type":"Article","@id":"https:\/\/thediplomatinspain.com\/en\/2022\/11\/18\/spain-and-romania-will-hold-their-first-bilateral-summit-in-castellon-on-the-23rd\/#article","isPartOf":{"@id":"https:\/\/thediplomatinspain.com\/en\/2022\/11\/18\/spain-and-romania-will-hold-their-first-bilateral-summit-in-castellon-on-the-23rd\/"},"author":{"name":"Redacci\u00f3n","@id":"https:\/\/thediplomatinspain.com\/#\/schema\/person\/90d9b3004c2822bcbe64082dad885a9c"},"headline":"Spain and Romania will hold their first bilateral summit in Castell\u00f3n on the 23rd","datePublished":"2022-11-18T04:07:54+00:00","mainEntityOfPage":{"@id":"https:\/\/thediplomatinspain.com\/en\/2022\/11\/18\/spain-and-romania-will-hold-their-first-bilateral-summit-in-castellon-on-the-23rd\/"},"wordCount":638,"commentCount":0,"publisher":{"@id":"https:\/\/thediplomatinspain.com\/#organization"},"image":{"@id":"https:\/\/thediplomatinspain.com\/en\/2022\/11\/18\/spain-and-romania-will-hold-their-first-bilateral-summit-in-castellon-on-the-23rd\/#primaryimage"},"thumbnailUrl":"https:\/\/thediplomatinspain.com\/wp-content\/uploads\/2024\/05\/sanchez-Ciuca-Rumania.jpg","articleSection":["Frontpage","Frontpage","News","Subscribers","The world in Spain"],"inLanguage":"en-US","potentialAction":[{"@type":"CommentAction","name":"Comment","target":["https:\/\/thediplomatinspain.com\/en\/2022\/11\/18\/spain-and-romania-will-hold-their-first-bilateral-summit-in-castellon-on-the-23rd\/#respond"]}]},{"@type":"WebPage","@id":"https:\/\/thediplomatinspain.com\/en\/2022\/11\/18\/spain-and-romania-will-hold-their-first-bilateral-summit-in-castellon-on-the-23rd\/","url":"https:\/\/thediplomatinspain.com\/en\/2022\/11\/18\/spain-and-romania-will-hold-their-first-bilateral-summit-in-castellon-on-the-23rd\/","name":"Spain and Romania will hold their first bilateral summit in Castell\u00f3n on the 23rd - thediplomatinspain.com","isPartOf":{"@id":"https:\/\/thediplomatinspain.com\/#website"},"primaryImageOfPage":{"@id":"https:\/\/thediplomatinspain.com\/en\/2022\/11\/18\/spain-and-romania-will-hold-their-first-bilateral-summit-in-castellon-on-the-23rd\/#primaryimage"},"image":{"@id":"https:\/\/thediplomatinspain.com\/en\/2022\/11\/18\/spain-and-romania-will-hold-their-first-bilateral-summit-in-castellon-on-the-23rd\/#primaryimage"},"thumbnailUrl":"https:\/\/thediplomatinspain.com\/wp-content\/uploads\/2024\/05\/sanchez-Ciuca-Rumania.jpg","datePublished":"2022-11-18T04:07:54+00:00","breadcrumb":{"@id":"https:\/\/thediplomatinspain.com\/en\/2022\/11\/18\/spain-and-romania-will-hold-their-first-bilateral-summit-in-castellon-on-the-23rd\/#breadcrumb"},"inLanguage":"en-US","potentialAction":[{"@type":"ReadAction","target":["https:\/\/thediplomatinspain.com\/en\/2022\/11\/18\/spain-and-romania-will-hold-their-first-bilateral-summit-in-castellon-on-the-23rd\/"]}]},{"@type":"ImageObject","inLanguage":"en-US","@id":"https:\/\/thediplomatinspain.com\/en\/2022\/11\/18\/spain-and-romania-will-hold-their-first-bilateral-summit-in-castellon-on-the-23rd\/#primaryimage","url":"https:\/\/thediplomatinspain.com\/wp-content\/uploads\/2024\/05\/sanchez-Ciuca-Rumania.jpg","contentUrl":"https:\/\/thediplomatinspain.com\/wp-content\/uploads\/2024\/05\/sanchez-Ciuca-Rumania.jpg","width":750,"height":422,"caption":"Pedro S\u00e1nchez and Nicolae Ciuc\u0103."},{"@type":"BreadcrumbList","@id":"https:\/\/thediplomatinspain.com\/en\/2022\/11\/18\/spain-and-romania-will-hold-their-first-bilateral-summit-in-castellon-on-the-23rd\/#breadcrumb","itemListElement":[{"@type":"ListItem","position":1,"name":"Portada","item":"https:\/\/thediplomatinspain.com\/en\/"},{"@type":"ListItem","position":2,"name":"Spain and Romania will hold their first bilateral summit in Castell\u00f3n on the 23rd"}]},{"@type":"WebSite","@id":"https:\/\/thediplomatinspain.com\/#website","url":"https:\/\/thediplomatinspain.com\/","name":"thediplomatinspain.com","description":"Diario digital de referencia para diplom\u00e1ticos y empresas","publisher":{"@id":"https:\/\/thediplomatinspain.com\/#organization"},"potentialAction":[{"@type":"SearchAction","target":{"@type":"EntryPoint","urlTemplate":"https:\/\/thediplomatinspain.com\/?s={search_term_string}"},"query-input":{"@type":"PropertyValueSpecification","valueRequired":true,"valueName":"search_term_string"}}],"inLanguage":"en-US"},{"@type":"Organization","@id":"https:\/\/thediplomatinspain.com\/#organization","name":"thediplomatinspain.com","url":"https:\/\/thediplomatinspain.com\/","logo":{"@type":"ImageObject","inLanguage":"en-US","@id":"https:\/\/thediplomatinspain.com\/#\/schema\/logo\/image\/","url":"https:\/\/thediplomatinspain.com\/wp-content\/uploads\/2024\/06\/logo_the_diplomat.png","contentUrl":"https:\/\/thediplomatinspain.com\/wp-content\/uploads\/2024\/06\/logo_the_diplomat.png","width":284,"height":77,"caption":"thediplomatinspain.com"},"image":{"@id":"https:\/\/thediplomatinspain.com\/#\/schema\/logo\/image\/"},"sameAs":["https:\/\/www.facebook.com\/thediplomatinspain","https:\/\/x.com\/diplomatinspain","https:\/\/www.youtube.com\/channel\/UCK0mRqeeZDKdFeiFQZLcH2A"]},{"@type":"Person","@id":"https:\/\/thediplomatinspain.com\/#\/schema\/person\/90d9b3004c2822bcbe64082dad885a9c","name":"Redacci\u00f3n","image":{"@type":"ImageObject","inLanguage":"en-US","@id":"https:\/\/secure.gravatar.com\/avatar\/6be270e1c81317331dd99c1537c17b9683039795b5a956c595769bfada5e7067?s=96&d=mm&r=g","url":"https:\/\/secure.gravatar.com\/avatar\/6be270e1c81317331dd99c1537c17b9683039795b5a956c595769bfada5e7067?s=96&d=mm&r=g","contentUrl":"https:\/\/secure.gravatar.com\/avatar\/6be270e1c81317331dd99c1537c17b9683039795b5a956c595769bfada5e7067?s=96&d=mm&r=g","caption":"Redacci\u00f3n"},"sameAs":["https:\/\/thediplomatinspain.com\/"],"url":"https:\/\/thediplomatinspain.com\/en\/author\/soportecibeles\/"},{"@type":["Organization","NewsMediaOrganization"],"@id":"https:\/\/thediplomatinspain.com\/en\/#organization"},{"@type":"SiteNavigationElement","@id":"https:\/\/thediplomatinspain.com\/en\/#site-navigation","cssSelector":[".cib-main-menu"]},{"@type":"WPHeader","@id":"https:\/\/thediplomatinspain.com\/en\/#header","cssSelector":[".cib-header"]},{"@type":"WPFooter","@id":"https:\/\/thediplomatinspain.com\/en\/#footer","cssSelector":[".cib-footer"]}]}},"amp_enabled":true,"_links":{"self":[{"href":"https:\/\/thediplomatinspain.com\/en\/wp-json\/wp\/v2\/posts\/78346","targetHints":{"allow":["GET"]}}],"collection":[{"href":"https:\/\/thediplomatinspain.com\/en\/wp-json\/wp\/v2\/posts"}],"about":[{"href":"https:\/\/thediplomatinspain.com\/en\/wp-json\/wp\/v2\/types\/post"}],"author":[{"embeddable":true,"href":"https:\/\/thediplomatinspain.com\/en\/wp-json\/wp\/v2\/users\/1"}],"replies":[{"embeddable":true,"href":"https:\/\/thediplomatinspain.com\/en\/wp-json\/wp\/v2\/comments?post=78346"}],"version-history":[{"count":0,"href":"https:\/\/thediplomatinspain.com\/en\/wp-json\/wp\/v2\/posts\/78346\/revisions"}],"wp:featuredmedia":[{"embeddable":true,"href":"https:\/\/thediplomatinspain.com\/en\/wp-json\/wp\/v2\/media\/56356"}],"wp:attachment":[{"href":"https:\/\/thediplomatinspain.com\/en\/wp-json\/wp\/v2\/media?parent=78346"}],"wp:term":[{"taxonomy":"category","embeddable":true,"href":"https:\/\/thediplomatinspain.com\/en\/wp-json\/wp\/v2\/categories?post=78346"},{"taxonomy":"post_tag","embeddable":true,"href":"https:\/\/thediplomatinspain.com\/en\/wp-json\/wp\/v2\/tags?post=78346"}],"curies":[{"name":"wp","href":"https:\/\/api.w.org\/{rel}","templated":true}]}}