{"id":77569,"date":"2022-08-24T04:29:02","date_gmt":"2022-08-24T02:29:02","guid":{"rendered":"https:\/\/zen-hopper.82-223-81-17.plesk.page\/2022\/08\/24\/government-appoints-ambassadors-to-finland-costa-rica-egypt-the-philippines-and-luxembourg\/"},"modified":"2022-08-24T04:29:02","modified_gmt":"2022-08-24T02:29:02","slug":"government-appoints-ambassadors-to-finland-costa-rica-egypt-the-philippines-and-luxembourg","status":"publish","type":"post","link":"https:\/\/thediplomatinspain.com\/en\/2022\/08\/24\/government-appoints-ambassadors-to-finland-costa-rica-egypt-the-philippines-and-luxembourg\/","title":{"rendered":"Government appoints ambassadors to Finland, Costa Rica, Egypt, the Philippines and Luxembourg"},"content":{"rendered":"<h6>The Diplomat<\/h6>\n<p>&nbsp;<\/p>\n<h4><strong>The Council of Ministers yesterday appointed new Spanish ambassadors to Finland, Costa Rica, the Philippines, Luxembourg and Egypt.<\/strong><\/h4>\n<p>&nbsp;<\/p>\n<p>As <em>The Diplomat<\/em> already announced, <a href=\"https:\/\/thediplomatinspain.com\/en\/2022\/07\/alberto-moreno-diplomat-and-podemos-member-new-ambassador-to-czech-republic\/\" target=\"_blank\" rel=\"noopener noreferrer\">Fernando Fern\u00e1ndez-Arias will be ambassador to Helsinki; Eva Mart\u00ednez, ambassador to Costa Rica;<\/a> Miguel Utray will be in charge of the embassy in Manila and Jos\u00e9 Mar\u00eda Rodr\u00edguez Coso will be in charge of the embassy in Luxembourg.<\/p>\n<p>&nbsp;<\/p>\n<p>Both <strong>Fernando Fern\u00e1ndez-Arias and Eva Mart\u00ednez held senior posts under the previous foreign minister, Arancha Gonz\u00e1lez Laya,<\/strong> and were dismissed shortly after Jos\u00e9 Manuel&#8217;s arrival at the Palace of Santa Cruz a little over a year ago.<\/p>\n<p>&nbsp;<\/p>\n<p>Specifically, the new ambassador to Helsinki, Fernando Fern\u00e1ndez-Arias, was director general of the United Nations, International Organisations and Human Rights from the beginning of 2021 until October of the same year, after having been in charge of the Diplomatic School for the previous three years.<\/p>\n<p>&nbsp;<\/p>\n<p>A diplomat since 1990, he was the second head of the Spanish Embassy in Finland between 2002 and 2005, and was posted to Jordan and to the Consulates in Jerusalem and London. A large part of his career has been spent in positions related to the United Nations, including coordinating, from the Spanish Mission in New York, the campaign for Spain&#8217;s election as a member of the Security Council for the 2015-2016 period.<\/p>\n<p>&nbsp;<\/p>\n<p>Fern\u00e1ndez-Arias was Deputy Director General of the Human Rights Office in the Ministry of Foreign Affairs between 2005 and 2008 and a member advisor in the Sub-Directorate General for Migration Affairs in 2015. He was also director of the Office of International Relations at the Ministry of Equality between 2007 and 2008, and in 2008 and 2009 he was vice-president of the European Union Advisory Committee for Equal Opportunities for Women and Men.<\/p>\n<p>&nbsp;<\/p>\n<p>For her part, Eva Mart\u00ednez, who entered the diplomatic career in 1991, became director general for the Maghreb, Mediterranean and Middle East in March 2017, when Alfonso Dastis was minister. Upon taking over the Ministry in 2021, Gonz\u00e1lez Laya decided to keep her in the post, given her experience in the region, where she had previously held the post of Deputy Director General for the Maghreb since 2013.<\/p>\n<p>&nbsp;<\/p>\n<p>However, Albares replaced her in the post with Alberto Ucelay, and until now she was awaiting an embassy assignment. Throughout her career she has also been posted in Caracas, Mexico and Egypt and in the Permanent Representation of Spain to the EU.<\/p>\n<p>&nbsp;<\/p>\n<p><a href=\"https:\/\/thediplomatinspain.com\/en\/2022\/06\/miguel-utray-to-replace-jorge-moragas-as-ambassador-to-the-philippines\/\" target=\"_blank\" rel=\"noopener noreferrer\">In the Philippines, Miguel Utray will replace Jorge Moragas<\/a>, who was appointed Ambassador to Tanzania a few weeks ago.<\/p>\n<p>&nbsp;<\/p>\n<p>Utray, who was head of International Relations at the Cervantes Institute, entered the diplomatic service in 1990 and since then has been posted to various countries, such as Honduras and Turkey, as well as Australia, where he was consul general in Melbourne, and the United Kingdom, as consul general in Edinburgh. His last posting abroad was to Mexico, where he was cultural and scientific counsellor at the Spanish Embassy between 2017 and 2020. Between 2009 and 2012, he was head of Protocol in the Presidency of the Government, under Jos\u00e9 Luis Rodr\u00edguez Zapatero.<\/p>\n<p>&nbsp;<\/p>\n<p>For his part, <a href=\"https:\/\/thediplomatinspain.com\/en\/2022\/07\/alberto-moreno-diplomat-and-podemos-member-new-ambassador-to-czech-republic\/\" target=\"_blank\" rel=\"noopener noreferrer\"><strong>Jos\u00e9 Mar\u00eda Rodr\u00edguez Coso will take charge of the Embassy in Luxembourg<\/strong><\/a>, after having been Consul General in Perpignan for the last few years. A diplomat since 1988, he has previously been Ambassador to Ireland and Ambassador Introducer in the Ministry of Foreign Affairs, as well as having been posted to the Spanish diplomatic representations in the United Arab Emirates, India, Argentina, Cuba, Portugal and Morocco.<\/p>\n<p>&nbsp;<\/p>\n<p>Finally, the Council of Ministers approved the appointment o<strong>f \u00c1lvaro Iranzo as Ambassador to Egypt<\/strong>, shortly after<strong> he had completed his assignment as Ambassador-at-Large for the NATO Summit<\/strong> in Madrid at the end of June.<\/p>\n<p>&nbsp;<\/p>\n<p>Iranzo joined the diplomatic service in 1981 and has previously served as ambassador to Angola, Malaysia, Israel and Saudi Arabia. In addition, he has been Director General of Foreign Policy for the Mediterranean, Middle East and Africa at the Ministry of Foreign Affairs, after having held the post of Deputy Director General for North Africa.<\/p>\n<p>&nbsp;<\/p>\n<p>&nbsp;<\/p>\n","protected":false},"excerpt":{"rendered":"<p>The Council of Ministers yesterday appointed new Spanish ambassadors to Finland, Costa Rica, the Philippines, Luxembourg and Egypt.<\/p>\n","protected":false},"author":1,"featured_media":55589,"comment_status":"open","ping_status":"open","sticky":false,"template":"","format":"standard","meta":{"jnews-multi-image_gallery":[],"jnews_single_post":[],"jnews_primary_category":[],"jnews_social_meta":[],"jnews_override_counter":[],"jnews_post_split":[],"footnotes":""},"categories":[106,158,159,160,182],"tags":[],"class_list":["post-77569","post","type-post","status-publish","format-standard","has-post-thumbnail","hentry","category-frontpage","category-frontpage-en","category-news","category-spain-en","category-subscribers"],"yoast_head":"<!-- This site is optimized with the Yoast SEO plugin v27.4 - https:\/\/yoast.com\/product\/yoast-seo-wordpress\/ -->\n<title>Government appoints ambassadors to Finland, Costa Rica, Egypt, the Philippines and Luxembourg - thediplomatinspain.com<\/title>\n<meta name=\"robots\" content=\"index, follow, max-snippet:-1, max-image-preview:large, max-video-preview:-1\" \/>\n<link rel=\"canonical\" href=\"https:\/\/thediplomatinspain.com\/en\/2022\/08\/24\/government-appoints-ambassadors-to-finland-costa-rica-egypt-the-philippines-and-luxembourg\/\" \/>\n<meta property=\"og:locale\" content=\"en_US\" \/>\n<meta property=\"og:type\" content=\"article\" \/>\n<meta property=\"og:title\" content=\"Government appoints ambassadors to Finland, Costa Rica, Egypt, the Philippines and Luxembourg - thediplomatinspain.com\" \/>\n<meta property=\"og:description\" content=\"The Council of Ministers yesterday appointed new Spanish ambassadors to Finland, Costa Rica, the Philippines, Luxembourg and Egypt.\" \/>\n<meta property=\"og:url\" content=\"https:\/\/thediplomatinspain.com\/en\/2022\/08\/24\/government-appoints-ambassadors-to-finland-costa-rica-egypt-the-philippines-and-luxembourg\/\" \/>\n<meta property=\"og:site_name\" content=\"thediplomatinspain.com\" \/>\n<meta property=\"article:publisher\" content=\"https:\/\/www.facebook.com\/thediplomatinspain\" \/>\n<meta property=\"article:published_time\" content=\"2022-08-24T02:29:02+00:00\" \/>\n<meta property=\"og:image\" content=\"https:\/\/thediplomatinspain.com\/wp-content\/uploads\/2024\/05\/Martinez-Iranzo-Fernandez.jpg\" \/>\n\t<meta property=\"og:image:width\" content=\"750\" \/>\n\t<meta property=\"og:image:height\" content=\"420\" \/>\n\t<meta property=\"og:image:type\" content=\"image\/jpeg\" \/>\n<meta name=\"author\" content=\"Redacci\u00f3n\" \/>\n<meta name=\"twitter:card\" content=\"summary_large_image\" \/>\n<meta name=\"twitter:creator\" content=\"@diplomatinspain\" \/>\n<meta name=\"twitter:site\" content=\"@diplomatinspain\" \/>\n<meta name=\"twitter:label1\" content=\"Written by\" \/>\n\t<meta name=\"twitter:data1\" content=\"Redacci\u00f3n\" \/>\n\t<meta name=\"twitter:label2\" content=\"Est. reading time\" \/>\n\t<meta name=\"twitter:data2\" content=\"3 minutes\" \/>\n<script type=\"application\/ld+json\" class=\"yoast-schema-graph\">{\"@context\":\"https:\\\/\\\/schema.org\",\"@graph\":[{\"@type\":\"Article\",\"@id\":\"https:\\\/\\\/thediplomatinspain.com\\\/en\\\/2022\\\/08\\\/24\\\/government-appoints-ambassadors-to-finland-costa-rica-egypt-the-philippines-and-luxembourg\\\/#article\",\"isPartOf\":{\"@id\":\"https:\\\/\\\/thediplomatinspain.com\\\/en\\\/2022\\\/08\\\/24\\\/government-appoints-ambassadors-to-finland-costa-rica-egypt-the-philippines-and-luxembourg\\\/\"},\"author\":{\"name\":\"Redacci\u00f3n\",\"@id\":\"https:\\\/\\\/thediplomatinspain.com\\\/#\\\/schema\\\/person\\\/90d9b3004c2822bcbe64082dad885a9c\"},\"headline\":\"Government appoints ambassadors to Finland, Costa Rica, Egypt, the Philippines and Luxembourg\",\"datePublished\":\"2022-08-24T02:29:02+00:00\",\"mainEntityOfPage\":{\"@id\":\"https:\\\/\\\/thediplomatinspain.com\\\/en\\\/2022\\\/08\\\/24\\\/government-appoints-ambassadors-to-finland-costa-rica-egypt-the-philippines-and-luxembourg\\\/\"},\"wordCount\":693,\"commentCount\":0,\"publisher\":{\"@id\":\"https:\\\/\\\/thediplomatinspain.com\\\/#organization\"},\"image\":{\"@id\":\"https:\\\/\\\/thediplomatinspain.com\\\/en\\\/2022\\\/08\\\/24\\\/government-appoints-ambassadors-to-finland-costa-rica-egypt-the-philippines-and-luxembourg\\\/#primaryimage\"},\"thumbnailUrl\":\"https:\\\/\\\/thediplomatinspain.com\\\/wp-content\\\/uploads\\\/2024\\\/05\\\/Martinez-Iranzo-Fernandez.jpg\",\"articleSection\":[\"Frontpage\",\"Frontpage\",\"News\",\"Spain\",\"Subscribers\"],\"inLanguage\":\"en-US\",\"potentialAction\":[{\"@type\":\"CommentAction\",\"name\":\"Comment\",\"target\":[\"https:\\\/\\\/thediplomatinspain.com\\\/en\\\/2022\\\/08\\\/24\\\/government-appoints-ambassadors-to-finland-costa-rica-egypt-the-philippines-and-luxembourg\\\/#respond\"]}]},{\"@type\":\"WebPage\",\"@id\":\"https:\\\/\\\/thediplomatinspain.com\\\/en\\\/2022\\\/08\\\/24\\\/government-appoints-ambassadors-to-finland-costa-rica-egypt-the-philippines-and-luxembourg\\\/\",\"url\":\"https:\\\/\\\/thediplomatinspain.com\\\/en\\\/2022\\\/08\\\/24\\\/government-appoints-ambassadors-to-finland-costa-rica-egypt-the-philippines-and-luxembourg\\\/\",\"name\":\"Government appoints ambassadors to Finland, Costa Rica, Egypt, the Philippines and Luxembourg - thediplomatinspain.com\",\"isPartOf\":{\"@id\":\"https:\\\/\\\/thediplomatinspain.com\\\/#website\"},\"primaryImageOfPage\":{\"@id\":\"https:\\\/\\\/thediplomatinspain.com\\\/en\\\/2022\\\/08\\\/24\\\/government-appoints-ambassadors-to-finland-costa-rica-egypt-the-philippines-and-luxembourg\\\/#primaryimage\"},\"image\":{\"@id\":\"https:\\\/\\\/thediplomatinspain.com\\\/en\\\/2022\\\/08\\\/24\\\/government-appoints-ambassadors-to-finland-costa-rica-egypt-the-philippines-and-luxembourg\\\/#primaryimage\"},\"thumbnailUrl\":\"https:\\\/\\\/thediplomatinspain.com\\\/wp-content\\\/uploads\\\/2024\\\/05\\\/Martinez-Iranzo-Fernandez.jpg\",\"datePublished\":\"2022-08-24T02:29:02+00:00\",\"breadcrumb\":{\"@id\":\"https:\\\/\\\/thediplomatinspain.com\\\/en\\\/2022\\\/08\\\/24\\\/government-appoints-ambassadors-to-finland-costa-rica-egypt-the-philippines-and-luxembourg\\\/#breadcrumb\"},\"inLanguage\":\"en-US\",\"potentialAction\":[{\"@type\":\"ReadAction\",\"target\":[\"https:\\\/\\\/thediplomatinspain.com\\\/en\\\/2022\\\/08\\\/24\\\/government-appoints-ambassadors-to-finland-costa-rica-egypt-the-philippines-and-luxembourg\\\/\"]}]},{\"@type\":\"ImageObject\",\"inLanguage\":\"en-US\",\"@id\":\"https:\\\/\\\/thediplomatinspain.com\\\/en\\\/2022\\\/08\\\/24\\\/government-appoints-ambassadors-to-finland-costa-rica-egypt-the-philippines-and-luxembourg\\\/#primaryimage\",\"url\":\"https:\\\/\\\/thediplomatinspain.com\\\/wp-content\\\/uploads\\\/2024\\\/05\\\/Martinez-Iranzo-Fernandez.jpg\",\"contentUrl\":\"https:\\\/\\\/thediplomatinspain.com\\\/wp-content\\\/uploads\\\/2024\\\/05\\\/Martinez-Iranzo-Fernandez.jpg\",\"width\":750,\"height\":420,\"caption\":\"Eva Mart\u00ednez, \u00c1lvaro Iranzo and Fernando Fern\u00e1ndez-Arias.\"},{\"@type\":\"BreadcrumbList\",\"@id\":\"https:\\\/\\\/thediplomatinspain.com\\\/en\\\/2022\\\/08\\\/24\\\/government-appoints-ambassadors-to-finland-costa-rica-egypt-the-philippines-and-luxembourg\\\/#breadcrumb\",\"itemListElement\":[{\"@type\":\"ListItem\",\"position\":1,\"name\":\"Portada\",\"item\":\"https:\\\/\\\/thediplomatinspain.com\\\/en\\\/\"},{\"@type\":\"ListItem\",\"position\":2,\"name\":\"Government appoints ambassadors to Finland, Costa Rica, Egypt, the Philippines and Luxembourg\"}]},{\"@type\":\"WebSite\",\"@id\":\"https:\\\/\\\/thediplomatinspain.com\\\/#website\",\"url\":\"https:\\\/\\\/thediplomatinspain.com\\\/\",\"name\":\"thediplomatinspain.com\",\"description\":\"Diario digital de referencia para diplom\u00e1ticos y empresas\",\"publisher\":{\"@id\":\"https:\\\/\\\/thediplomatinspain.com\\\/#organization\"},\"potentialAction\":[{\"@type\":\"SearchAction\",\"target\":{\"@type\":\"EntryPoint\",\"urlTemplate\":\"https:\\\/\\\/thediplomatinspain.com\\\/?s={search_term_string}\"},\"query-input\":{\"@type\":\"PropertyValueSpecification\",\"valueRequired\":true,\"valueName\":\"search_term_string\"}}],\"inLanguage\":\"en-US\"},{\"@type\":\"Organization\",\"@id\":\"https:\\\/\\\/thediplomatinspain.com\\\/#organization\",\"name\":\"thediplomatinspain.com\",\"url\":\"https:\\\/\\\/thediplomatinspain.com\\\/\",\"logo\":{\"@type\":\"ImageObject\",\"inLanguage\":\"en-US\",\"@id\":\"https:\\\/\\\/thediplomatinspain.com\\\/#\\\/schema\\\/logo\\\/image\\\/\",\"url\":\"https:\\\/\\\/thediplomatinspain.com\\\/wp-content\\\/uploads\\\/2024\\\/06\\\/logo_the_diplomat.png\",\"contentUrl\":\"https:\\\/\\\/thediplomatinspain.com\\\/wp-content\\\/uploads\\\/2024\\\/06\\\/logo_the_diplomat.png\",\"width\":284,\"height\":77,\"caption\":\"thediplomatinspain.com\"},\"image\":{\"@id\":\"https:\\\/\\\/thediplomatinspain.com\\\/#\\\/schema\\\/logo\\\/image\\\/\"},\"sameAs\":[\"https:\\\/\\\/www.facebook.com\\\/thediplomatinspain\",\"https:\\\/\\\/x.com\\\/diplomatinspain\",\"https:\\\/\\\/www.youtube.com\\\/channel\\\/UCK0mRqeeZDKdFeiFQZLcH2A\"]},{\"@type\":\"Person\",\"@id\":\"https:\\\/\\\/thediplomatinspain.com\\\/#\\\/schema\\\/person\\\/90d9b3004c2822bcbe64082dad885a9c\",\"name\":\"Redacci\u00f3n\",\"image\":{\"@type\":\"ImageObject\",\"inLanguage\":\"en-US\",\"@id\":\"https:\\\/\\\/secure.gravatar.com\\\/avatar\\\/6be270e1c81317331dd99c1537c17b9683039795b5a956c595769bfada5e7067?s=96&d=mm&r=g\",\"url\":\"https:\\\/\\\/secure.gravatar.com\\\/avatar\\\/6be270e1c81317331dd99c1537c17b9683039795b5a956c595769bfada5e7067?s=96&d=mm&r=g\",\"contentUrl\":\"https:\\\/\\\/secure.gravatar.com\\\/avatar\\\/6be270e1c81317331dd99c1537c17b9683039795b5a956c595769bfada5e7067?s=96&d=mm&r=g\",\"caption\":\"Redacci\u00f3n\"},\"sameAs\":[\"https:\\\/\\\/thediplomatinspain.com\\\/\"],\"url\":\"https:\\\/\\\/thediplomatinspain.com\\\/en\\\/author\\\/soportecibeles\\\/\"},{\"@type\":[\"Organization\",\"NewsMediaOrganization\"],\"@id\":\"https:\\\/\\\/thediplomatinspain.com\\\/en\\\/#organization\"},{\"@type\":\"SiteNavigationElement\",\"@id\":\"https:\\\/\\\/thediplomatinspain.com\\\/en\\\/#site-navigation\",\"cssSelector\":[\".cib-main-menu\"]},{\"@type\":\"WPHeader\",\"@id\":\"https:\\\/\\\/thediplomatinspain.com\\\/en\\\/#header\",\"cssSelector\":[\".cib-header\"]},{\"@type\":\"WPFooter\",\"@id\":\"https:\\\/\\\/thediplomatinspain.com\\\/en\\\/#footer\",\"cssSelector\":[\".cib-footer\"]}]}<\/script>\n<!-- \/ Yoast SEO plugin. -->","yoast_head_json":{"title":"Government appoints ambassadors to Finland, Costa Rica, Egypt, the Philippines and Luxembourg - thediplomatinspain.com","robots":{"index":"index","follow":"follow","max-snippet":"max-snippet:-1","max-image-preview":"max-image-preview:large","max-video-preview":"max-video-preview:-1"},"canonical":"https:\/\/thediplomatinspain.com\/en\/2022\/08\/24\/government-appoints-ambassadors-to-finland-costa-rica-egypt-the-philippines-and-luxembourg\/","og_locale":"en_US","og_type":"article","og_title":"Government appoints ambassadors to Finland, Costa Rica, Egypt, the Philippines and Luxembourg - thediplomatinspain.com","og_description":"The Council of Ministers yesterday appointed new Spanish ambassadors to Finland, Costa Rica, the Philippines, Luxembourg and Egypt.","og_url":"https:\/\/thediplomatinspain.com\/en\/2022\/08\/24\/government-appoints-ambassadors-to-finland-costa-rica-egypt-the-philippines-and-luxembourg\/","og_site_name":"thediplomatinspain.com","article_publisher":"https:\/\/www.facebook.com\/thediplomatinspain","article_published_time":"2022-08-24T02:29:02+00:00","og_image":[{"width":750,"height":420,"url":"https:\/\/thediplomatinspain.com\/wp-content\/uploads\/2024\/05\/Martinez-Iranzo-Fernandez.jpg","type":"image\/jpeg"}],"author":"Redacci\u00f3n","twitter_card":"summary_large_image","twitter_creator":"@diplomatinspain","twitter_site":"@diplomatinspain","twitter_misc":{"Written by":"Redacci\u00f3n","Est. reading time":"3 minutes"},"schema":{"@context":"https:\/\/schema.org","@graph":[{"@type":"Article","@id":"https:\/\/thediplomatinspain.com\/en\/2022\/08\/24\/government-appoints-ambassadors-to-finland-costa-rica-egypt-the-philippines-and-luxembourg\/#article","isPartOf":{"@id":"https:\/\/thediplomatinspain.com\/en\/2022\/08\/24\/government-appoints-ambassadors-to-finland-costa-rica-egypt-the-philippines-and-luxembourg\/"},"author":{"name":"Redacci\u00f3n","@id":"https:\/\/thediplomatinspain.com\/#\/schema\/person\/90d9b3004c2822bcbe64082dad885a9c"},"headline":"Government appoints ambassadors to Finland, Costa Rica, Egypt, the Philippines and Luxembourg","datePublished":"2022-08-24T02:29:02+00:00","mainEntityOfPage":{"@id":"https:\/\/thediplomatinspain.com\/en\/2022\/08\/24\/government-appoints-ambassadors-to-finland-costa-rica-egypt-the-philippines-and-luxembourg\/"},"wordCount":693,"commentCount":0,"publisher":{"@id":"https:\/\/thediplomatinspain.com\/#organization"},"image":{"@id":"https:\/\/thediplomatinspain.com\/en\/2022\/08\/24\/government-appoints-ambassadors-to-finland-costa-rica-egypt-the-philippines-and-luxembourg\/#primaryimage"},"thumbnailUrl":"https:\/\/thediplomatinspain.com\/wp-content\/uploads\/2024\/05\/Martinez-Iranzo-Fernandez.jpg","articleSection":["Frontpage","Frontpage","News","Spain","Subscribers"],"inLanguage":"en-US","potentialAction":[{"@type":"CommentAction","name":"Comment","target":["https:\/\/thediplomatinspain.com\/en\/2022\/08\/24\/government-appoints-ambassadors-to-finland-costa-rica-egypt-the-philippines-and-luxembourg\/#respond"]}]},{"@type":"WebPage","@id":"https:\/\/thediplomatinspain.com\/en\/2022\/08\/24\/government-appoints-ambassadors-to-finland-costa-rica-egypt-the-philippines-and-luxembourg\/","url":"https:\/\/thediplomatinspain.com\/en\/2022\/08\/24\/government-appoints-ambassadors-to-finland-costa-rica-egypt-the-philippines-and-luxembourg\/","name":"Government appoints ambassadors to Finland, Costa Rica, Egypt, the Philippines and Luxembourg - thediplomatinspain.com","isPartOf":{"@id":"https:\/\/thediplomatinspain.com\/#website"},"primaryImageOfPage":{"@id":"https:\/\/thediplomatinspain.com\/en\/2022\/08\/24\/government-appoints-ambassadors-to-finland-costa-rica-egypt-the-philippines-and-luxembourg\/#primaryimage"},"image":{"@id":"https:\/\/thediplomatinspain.com\/en\/2022\/08\/24\/government-appoints-ambassadors-to-finland-costa-rica-egypt-the-philippines-and-luxembourg\/#primaryimage"},"thumbnailUrl":"https:\/\/thediplomatinspain.com\/wp-content\/uploads\/2024\/05\/Martinez-Iranzo-Fernandez.jpg","datePublished":"2022-08-24T02:29:02+00:00","breadcrumb":{"@id":"https:\/\/thediplomatinspain.com\/en\/2022\/08\/24\/government-appoints-ambassadors-to-finland-costa-rica-egypt-the-philippines-and-luxembourg\/#breadcrumb"},"inLanguage":"en-US","potentialAction":[{"@type":"ReadAction","target":["https:\/\/thediplomatinspain.com\/en\/2022\/08\/24\/government-appoints-ambassadors-to-finland-costa-rica-egypt-the-philippines-and-luxembourg\/"]}]},{"@type":"ImageObject","inLanguage":"en-US","@id":"https:\/\/thediplomatinspain.com\/en\/2022\/08\/24\/government-appoints-ambassadors-to-finland-costa-rica-egypt-the-philippines-and-luxembourg\/#primaryimage","url":"https:\/\/thediplomatinspain.com\/wp-content\/uploads\/2024\/05\/Martinez-Iranzo-Fernandez.jpg","contentUrl":"https:\/\/thediplomatinspain.com\/wp-content\/uploads\/2024\/05\/Martinez-Iranzo-Fernandez.jpg","width":750,"height":420,"caption":"Eva Mart\u00ednez, \u00c1lvaro Iranzo and Fernando Fern\u00e1ndez-Arias."},{"@type":"BreadcrumbList","@id":"https:\/\/thediplomatinspain.com\/en\/2022\/08\/24\/government-appoints-ambassadors-to-finland-costa-rica-egypt-the-philippines-and-luxembourg\/#breadcrumb","itemListElement":[{"@type":"ListItem","position":1,"name":"Portada","item":"https:\/\/thediplomatinspain.com\/en\/"},{"@type":"ListItem","position":2,"name":"Government appoints ambassadors to Finland, Costa Rica, Egypt, the Philippines and Luxembourg"}]},{"@type":"WebSite","@id":"https:\/\/thediplomatinspain.com\/#website","url":"https:\/\/thediplomatinspain.com\/","name":"thediplomatinspain.com","description":"Diario digital de referencia para diplom\u00e1ticos y empresas","publisher":{"@id":"https:\/\/thediplomatinspain.com\/#organization"},"potentialAction":[{"@type":"SearchAction","target":{"@type":"EntryPoint","urlTemplate":"https:\/\/thediplomatinspain.com\/?s={search_term_string}"},"query-input":{"@type":"PropertyValueSpecification","valueRequired":true,"valueName":"search_term_string"}}],"inLanguage":"en-US"},{"@type":"Organization","@id":"https:\/\/thediplomatinspain.com\/#organization","name":"thediplomatinspain.com","url":"https:\/\/thediplomatinspain.com\/","logo":{"@type":"ImageObject","inLanguage":"en-US","@id":"https:\/\/thediplomatinspain.com\/#\/schema\/logo\/image\/","url":"https:\/\/thediplomatinspain.com\/wp-content\/uploads\/2024\/06\/logo_the_diplomat.png","contentUrl":"https:\/\/thediplomatinspain.com\/wp-content\/uploads\/2024\/06\/logo_the_diplomat.png","width":284,"height":77,"caption":"thediplomatinspain.com"},"image":{"@id":"https:\/\/thediplomatinspain.com\/#\/schema\/logo\/image\/"},"sameAs":["https:\/\/www.facebook.com\/thediplomatinspain","https:\/\/x.com\/diplomatinspain","https:\/\/www.youtube.com\/channel\/UCK0mRqeeZDKdFeiFQZLcH2A"]},{"@type":"Person","@id":"https:\/\/thediplomatinspain.com\/#\/schema\/person\/90d9b3004c2822bcbe64082dad885a9c","name":"Redacci\u00f3n","image":{"@type":"ImageObject","inLanguage":"en-US","@id":"https:\/\/secure.gravatar.com\/avatar\/6be270e1c81317331dd99c1537c17b9683039795b5a956c595769bfada5e7067?s=96&d=mm&r=g","url":"https:\/\/secure.gravatar.com\/avatar\/6be270e1c81317331dd99c1537c17b9683039795b5a956c595769bfada5e7067?s=96&d=mm&r=g","contentUrl":"https:\/\/secure.gravatar.com\/avatar\/6be270e1c81317331dd99c1537c17b9683039795b5a956c595769bfada5e7067?s=96&d=mm&r=g","caption":"Redacci\u00f3n"},"sameAs":["https:\/\/thediplomatinspain.com\/"],"url":"https:\/\/thediplomatinspain.com\/en\/author\/soportecibeles\/"},{"@type":["Organization","NewsMediaOrganization"],"@id":"https:\/\/thediplomatinspain.com\/en\/#organization"},{"@type":"SiteNavigationElement","@id":"https:\/\/thediplomatinspain.com\/en\/#site-navigation","cssSelector":[".cib-main-menu"]},{"@type":"WPHeader","@id":"https:\/\/thediplomatinspain.com\/en\/#header","cssSelector":[".cib-header"]},{"@type":"WPFooter","@id":"https:\/\/thediplomatinspain.com\/en\/#footer","cssSelector":[".cib-footer"]}]}},"amp_enabled":true,"_links":{"self":[{"href":"https:\/\/thediplomatinspain.com\/en\/wp-json\/wp\/v2\/posts\/77569","targetHints":{"allow":["GET"]}}],"collection":[{"href":"https:\/\/thediplomatinspain.com\/en\/wp-json\/wp\/v2\/posts"}],"about":[{"href":"https:\/\/thediplomatinspain.com\/en\/wp-json\/wp\/v2\/types\/post"}],"author":[{"embeddable":true,"href":"https:\/\/thediplomatinspain.com\/en\/wp-json\/wp\/v2\/users\/1"}],"replies":[{"embeddable":true,"href":"https:\/\/thediplomatinspain.com\/en\/wp-json\/wp\/v2\/comments?post=77569"}],"version-history":[{"count":0,"href":"https:\/\/thediplomatinspain.com\/en\/wp-json\/wp\/v2\/posts\/77569\/revisions"}],"wp:featuredmedia":[{"embeddable":true,"href":"https:\/\/thediplomatinspain.com\/en\/wp-json\/wp\/v2\/media\/55589"}],"wp:attachment":[{"href":"https:\/\/thediplomatinspain.com\/en\/wp-json\/wp\/v2\/media?parent=77569"}],"wp:term":[{"taxonomy":"category","embeddable":true,"href":"https:\/\/thediplomatinspain.com\/en\/wp-json\/wp\/v2\/categories?post=77569"},{"taxonomy":"post_tag","embeddable":true,"href":"https:\/\/thediplomatinspain.com\/en\/wp-json\/wp\/v2\/tags?post=77569"}],"curies":[{"name":"wp","href":"https:\/\/api.w.org\/{rel}","templated":true}]}}