{"id":76998,"date":"2022-06-14T04:07:15","date_gmt":"2022-06-14T02:07:15","guid":{"rendered":"https:\/\/zen-hopper.82-223-81-17.plesk.page\/2022\/06\/14\/feijoo-to-offer-sanchez-a-defence-pact-for-nato-to-defend-ceuta-and-melilla\/"},"modified":"2022-06-14T04:07:15","modified_gmt":"2022-06-14T02:07:15","slug":"feijoo-to-offer-sanchez-a-defence-pact-for-nato-to-defend-ceuta-and-melilla","status":"publish","type":"post","link":"https:\/\/thediplomatinspain.com\/en\/2022\/06\/14\/feijoo-to-offer-sanchez-a-defence-pact-for-nato-to-defend-ceuta-and-melilla\/","title":{"rendered":"Feij\u00f3o to offer S\u00e1nchez a Defence Pact for NATO to defend Ceuta and Melilla"},"content":{"rendered":"<h6><strong>The Diplomat<\/strong><\/h6>\n<p>&nbsp;<\/p>\n<h4><strong>The leader of the Popular Party, Alberto N\u00fa\u00f1ez Feij\u00f3o, will offer the government of Pedro S\u00e1nchez and the other political parties a Defence Pact in which he will ask NATO for a &#8220;guarantee&#8221; of protection for the entire territory, especially for non-peninsular territories, such as the Canary Islands or the autonomous cities of Ceuta and Melilla.<\/strong><\/h4>\n<p>&nbsp;<\/p>\n<p>This was announced by the <strong>PP&#8217;s Deputy Secretary for Institutional Affairs, Esteban Gonz\u00e1lez Pons<\/strong>, who explained that this week -just a fortnight before the NATO Summit in Madrid- t<strong>he PP will send a document to the other parliamentary groups<\/strong> in which it will propose that Defence policy &#8220;should never be partisan or at the whim of whoever is governing Spain&#8221;, reports <em>Europa Press<\/em>.<\/p>\n<p>&nbsp;<\/p>\n<p>&#8220;We are going to offer a Toledo Pact on the security and defence of our country&#8221;, said Gonz\u00e1lez Pons, who said that it is a question of this policy &#8220;not depending on the partners that one party or another may have in the Spanish government&#8221;.<\/p>\n<p>&nbsp;<\/p>\n<p>The PP MEP said that, within the framework of this pact, <strong>the PP will ask NATO for a political declaration that &#8220;guarantees the protection of the entire national territory, in particular the non-peninsular territories&#8221;.<\/strong><\/p>\n<p>&nbsp;<\/p>\n<p>The idea, he continued, is that <strong>this declaration -which should be signed at the same time as the new strategic concept-<\/strong> should recognise that <strong>&#8220;NATO protects the territorial integrity of all state<\/strong>s and that this new strategic concept should take into account the EU&#8217;s southern border&#8221;. <strong>&#8220;Whatever is the southern border of the European Union must be protected by NATO&#8221;<\/strong>, he said.<\/p>\n<p>&nbsp;<\/p>\n<p>He will also propose that NATO should examine the collaboration that already exists in Asia-Pacific and that it should explore Latin America and, in particular, the Euro-Mediterranean area in order to strengthen relations with the countries of North Africa.<\/p>\n<p>&nbsp;<\/p>\n<p>According to Gonz\u00e1lez Pons, NATO should strengthen its collaboration with the countries of North Africa, and it should be Spain that &#8220;urges&#8221; the Atlantic Alliance to &#8220;reinforce the collaboration that is maintained with the countries of North Africa&#8221;.<\/p>\n<p>&nbsp;<\/p>\n<p>Gonz\u00e1lez Pons also called for a &#8220;larger&#8221; NATO and reminded the audience that it is not only a military pact but also &#8220;a political pact&#8221;, insofar as the Atlantic Alliance &#8220;does not defend countries but political principles such as democracy, the division of powers, fundamental rights and public freedoms&#8221;.<\/p>\n<p>&nbsp;<\/p>\n<p><strong>The PP leader argued that this agreement between the groups should be finalised before the NATO summit to be held in Madrid i<\/strong>n order to &#8220;send a message to the world that Spain is a reliable partner&#8221;. &#8220;We do not have a deadline, but it would be good and sensible for Spain&#8217;s prestige if we could offer this image of a country that has agreed on its national defence&#8221;, he added.<\/p>\n<p>&nbsp;<\/p>\n<p>Gonz\u00e1lez Pons indicated that the document with this defence and security pact &#8220;is almost finished&#8221; and announced that the PP will make it public when it is sent to the Government and the other political forces this week.<\/p>\n<p>&nbsp;<\/p>\n<p>Finally, the PP&#8217;s head of Institutional Affairs pointed out that the PP supports both Sweden and Finland &#8220;joining&#8221; NATO at the Madrid Summit, &#8220;overcoming the Turkish veto&#8221;.<\/p>\n<p>&nbsp;<\/p>\n<p>&nbsp;<\/p>\n","protected":false},"excerpt":{"rendered":"<p>The leader of the Popular Party, Alberto N\u00fa\u00f1ez Feij\u00f3o, will offer the government of Pedro S\u00e1nchez and the other political parties a Defence Pact in which he<\/p>\n","protected":false},"author":1,"featured_media":50423,"comment_status":"open","ping_status":"open","sticky":false,"template":"","format":"standard","meta":{"jnews-multi-image_gallery":[],"jnews_single_post":[],"jnews_primary_category":[],"jnews_social_meta":[],"jnews_override_counter":[],"jnews_post_split":[],"footnotes":""},"categories":[106,158,159,160,182],"tags":[],"class_list":["post-76998","post","type-post","status-publish","format-standard","has-post-thumbnail","hentry","category-frontpage","category-frontpage-en","category-news","category-spain-en","category-subscribers"],"yoast_head":"<!-- This site is optimized with the Yoast SEO plugin v27.4 - https:\/\/yoast.com\/product\/yoast-seo-wordpress\/ -->\n<title>Feij\u00f3o to offer S\u00e1nchez a Defence Pact for NATO to defend Ceuta and Melilla - thediplomatinspain.com<\/title>\n<meta name=\"robots\" content=\"index, follow, max-snippet:-1, max-image-preview:large, max-video-preview:-1\" \/>\n<link rel=\"canonical\" href=\"https:\/\/thediplomatinspain.com\/en\/2022\/06\/14\/feijoo-to-offer-sanchez-a-defence-pact-for-nato-to-defend-ceuta-and-melilla\/\" \/>\n<meta property=\"og:locale\" content=\"en_US\" \/>\n<meta property=\"og:type\" content=\"article\" \/>\n<meta property=\"og:title\" content=\"Feij\u00f3o to offer S\u00e1nchez a Defence Pact for NATO to defend Ceuta and Melilla - thediplomatinspain.com\" \/>\n<meta property=\"og:description\" content=\"The leader of the Popular Party, Alberto N\u00fa\u00f1ez Feij\u00f3o, will offer the government of Pedro S\u00e1nchez and the other political parties a Defence Pact in which he\" \/>\n<meta property=\"og:url\" content=\"https:\/\/thediplomatinspain.com\/en\/2022\/06\/14\/feijoo-to-offer-sanchez-a-defence-pact-for-nato-to-defend-ceuta-and-melilla\/\" \/>\n<meta property=\"og:site_name\" content=\"thediplomatinspain.com\" \/>\n<meta property=\"article:publisher\" content=\"https:\/\/www.facebook.com\/thediplomatinspain\" \/>\n<meta property=\"article:published_time\" content=\"2022-06-14T02:07:15+00:00\" \/>\n<meta property=\"og:image\" content=\"https:\/\/thediplomatinspain.com\/wp-content\/uploads\/2024\/05\/Esteban-Gonzalez-Pons.jpg\" \/>\n\t<meta property=\"og:image:width\" content=\"750\" \/>\n\t<meta property=\"og:image:height\" content=\"423\" \/>\n\t<meta property=\"og:image:type\" content=\"image\/jpeg\" \/>\n<meta name=\"author\" content=\"Redacci\u00f3n\" \/>\n<meta name=\"twitter:card\" content=\"summary_large_image\" \/>\n<meta name=\"twitter:creator\" content=\"@diplomatinspain\" \/>\n<meta name=\"twitter:site\" content=\"@diplomatinspain\" \/>\n<meta name=\"twitter:label1\" content=\"Written by\" \/>\n\t<meta name=\"twitter:data1\" content=\"Redacci\u00f3n\" \/>\n\t<meta name=\"twitter:label2\" content=\"Est. reading time\" \/>\n\t<meta name=\"twitter:data2\" content=\"3 minutes\" \/>\n<script type=\"application\/ld+json\" class=\"yoast-schema-graph\">{\"@context\":\"https:\\\/\\\/schema.org\",\"@graph\":[{\"@type\":\"Article\",\"@id\":\"https:\\\/\\\/thediplomatinspain.com\\\/en\\\/2022\\\/06\\\/14\\\/feijoo-to-offer-sanchez-a-defence-pact-for-nato-to-defend-ceuta-and-melilla\\\/#article\",\"isPartOf\":{\"@id\":\"https:\\\/\\\/thediplomatinspain.com\\\/en\\\/2022\\\/06\\\/14\\\/feijoo-to-offer-sanchez-a-defence-pact-for-nato-to-defend-ceuta-and-melilla\\\/\"},\"author\":{\"name\":\"Redacci\u00f3n\",\"@id\":\"https:\\\/\\\/thediplomatinspain.com\\\/#\\\/schema\\\/person\\\/90d9b3004c2822bcbe64082dad885a9c\"},\"headline\":\"Feij\u00f3o to offer S\u00e1nchez a Defence Pact for NATO to defend Ceuta and Melilla\",\"datePublished\":\"2022-06-14T02:07:15+00:00\",\"mainEntityOfPage\":{\"@id\":\"https:\\\/\\\/thediplomatinspain.com\\\/en\\\/2022\\\/06\\\/14\\\/feijoo-to-offer-sanchez-a-defence-pact-for-nato-to-defend-ceuta-and-melilla\\\/\"},\"wordCount\":565,\"commentCount\":0,\"publisher\":{\"@id\":\"https:\\\/\\\/thediplomatinspain.com\\\/#organization\"},\"image\":{\"@id\":\"https:\\\/\\\/thediplomatinspain.com\\\/en\\\/2022\\\/06\\\/14\\\/feijoo-to-offer-sanchez-a-defence-pact-for-nato-to-defend-ceuta-and-melilla\\\/#primaryimage\"},\"thumbnailUrl\":\"https:\\\/\\\/thediplomatinspain.com\\\/wp-content\\\/uploads\\\/2024\\\/05\\\/Esteban-Gonzalez-Pons.jpg\",\"articleSection\":[\"Frontpage\",\"Frontpage\",\"News\",\"Spain\",\"Subscribers\"],\"inLanguage\":\"en-US\",\"potentialAction\":[{\"@type\":\"CommentAction\",\"name\":\"Comment\",\"target\":[\"https:\\\/\\\/thediplomatinspain.com\\\/en\\\/2022\\\/06\\\/14\\\/feijoo-to-offer-sanchez-a-defence-pact-for-nato-to-defend-ceuta-and-melilla\\\/#respond\"]}]},{\"@type\":\"WebPage\",\"@id\":\"https:\\\/\\\/thediplomatinspain.com\\\/en\\\/2022\\\/06\\\/14\\\/feijoo-to-offer-sanchez-a-defence-pact-for-nato-to-defend-ceuta-and-melilla\\\/\",\"url\":\"https:\\\/\\\/thediplomatinspain.com\\\/en\\\/2022\\\/06\\\/14\\\/feijoo-to-offer-sanchez-a-defence-pact-for-nato-to-defend-ceuta-and-melilla\\\/\",\"name\":\"Feij\u00f3o to offer S\u00e1nchez a Defence Pact for NATO to defend Ceuta and Melilla - thediplomatinspain.com\",\"isPartOf\":{\"@id\":\"https:\\\/\\\/thediplomatinspain.com\\\/#website\"},\"primaryImageOfPage\":{\"@id\":\"https:\\\/\\\/thediplomatinspain.com\\\/en\\\/2022\\\/06\\\/14\\\/feijoo-to-offer-sanchez-a-defence-pact-for-nato-to-defend-ceuta-and-melilla\\\/#primaryimage\"},\"image\":{\"@id\":\"https:\\\/\\\/thediplomatinspain.com\\\/en\\\/2022\\\/06\\\/14\\\/feijoo-to-offer-sanchez-a-defence-pact-for-nato-to-defend-ceuta-and-melilla\\\/#primaryimage\"},\"thumbnailUrl\":\"https:\\\/\\\/thediplomatinspain.com\\\/wp-content\\\/uploads\\\/2024\\\/05\\\/Esteban-Gonzalez-Pons.jpg\",\"datePublished\":\"2022-06-14T02:07:15+00:00\",\"breadcrumb\":{\"@id\":\"https:\\\/\\\/thediplomatinspain.com\\\/en\\\/2022\\\/06\\\/14\\\/feijoo-to-offer-sanchez-a-defence-pact-for-nato-to-defend-ceuta-and-melilla\\\/#breadcrumb\"},\"inLanguage\":\"en-US\",\"potentialAction\":[{\"@type\":\"ReadAction\",\"target\":[\"https:\\\/\\\/thediplomatinspain.com\\\/en\\\/2022\\\/06\\\/14\\\/feijoo-to-offer-sanchez-a-defence-pact-for-nato-to-defend-ceuta-and-melilla\\\/\"]}]},{\"@type\":\"ImageObject\",\"inLanguage\":\"en-US\",\"@id\":\"https:\\\/\\\/thediplomatinspain.com\\\/en\\\/2022\\\/06\\\/14\\\/feijoo-to-offer-sanchez-a-defence-pact-for-nato-to-defend-ceuta-and-melilla\\\/#primaryimage\",\"url\":\"https:\\\/\\\/thediplomatinspain.com\\\/wp-content\\\/uploads\\\/2024\\\/05\\\/Esteban-Gonzalez-Pons.jpg\",\"contentUrl\":\"https:\\\/\\\/thediplomatinspain.com\\\/wp-content\\\/uploads\\\/2024\\\/05\\\/Esteban-Gonzalez-Pons.jpg\",\"width\":750,\"height\":423,\"caption\":\"Esteban Gonz\u00e1lez Pons.\"},{\"@type\":\"BreadcrumbList\",\"@id\":\"https:\\\/\\\/thediplomatinspain.com\\\/en\\\/2022\\\/06\\\/14\\\/feijoo-to-offer-sanchez-a-defence-pact-for-nato-to-defend-ceuta-and-melilla\\\/#breadcrumb\",\"itemListElement\":[{\"@type\":\"ListItem\",\"position\":1,\"name\":\"Portada\",\"item\":\"https:\\\/\\\/thediplomatinspain.com\\\/en\\\/\"},{\"@type\":\"ListItem\",\"position\":2,\"name\":\"Feij\u00f3o to offer S\u00e1nchez a Defence Pact for NATO to defend Ceuta and Melilla\"}]},{\"@type\":\"WebSite\",\"@id\":\"https:\\\/\\\/thediplomatinspain.com\\\/#website\",\"url\":\"https:\\\/\\\/thediplomatinspain.com\\\/\",\"name\":\"thediplomatinspain.com\",\"description\":\"Diario digital de referencia para diplom\u00e1ticos y empresas\",\"publisher\":{\"@id\":\"https:\\\/\\\/thediplomatinspain.com\\\/#organization\"},\"potentialAction\":[{\"@type\":\"SearchAction\",\"target\":{\"@type\":\"EntryPoint\",\"urlTemplate\":\"https:\\\/\\\/thediplomatinspain.com\\\/?s={search_term_string}\"},\"query-input\":{\"@type\":\"PropertyValueSpecification\",\"valueRequired\":true,\"valueName\":\"search_term_string\"}}],\"inLanguage\":\"en-US\"},{\"@type\":\"Organization\",\"@id\":\"https:\\\/\\\/thediplomatinspain.com\\\/#organization\",\"name\":\"thediplomatinspain.com\",\"url\":\"https:\\\/\\\/thediplomatinspain.com\\\/\",\"logo\":{\"@type\":\"ImageObject\",\"inLanguage\":\"en-US\",\"@id\":\"https:\\\/\\\/thediplomatinspain.com\\\/#\\\/schema\\\/logo\\\/image\\\/\",\"url\":\"https:\\\/\\\/thediplomatinspain.com\\\/wp-content\\\/uploads\\\/2024\\\/06\\\/logo_the_diplomat.png\",\"contentUrl\":\"https:\\\/\\\/thediplomatinspain.com\\\/wp-content\\\/uploads\\\/2024\\\/06\\\/logo_the_diplomat.png\",\"width\":284,\"height\":77,\"caption\":\"thediplomatinspain.com\"},\"image\":{\"@id\":\"https:\\\/\\\/thediplomatinspain.com\\\/#\\\/schema\\\/logo\\\/image\\\/\"},\"sameAs\":[\"https:\\\/\\\/www.facebook.com\\\/thediplomatinspain\",\"https:\\\/\\\/x.com\\\/diplomatinspain\",\"https:\\\/\\\/www.youtube.com\\\/channel\\\/UCK0mRqeeZDKdFeiFQZLcH2A\"]},{\"@type\":\"Person\",\"@id\":\"https:\\\/\\\/thediplomatinspain.com\\\/#\\\/schema\\\/person\\\/90d9b3004c2822bcbe64082dad885a9c\",\"name\":\"Redacci\u00f3n\",\"image\":{\"@type\":\"ImageObject\",\"inLanguage\":\"en-US\",\"@id\":\"https:\\\/\\\/secure.gravatar.com\\\/avatar\\\/6be270e1c81317331dd99c1537c17b9683039795b5a956c595769bfada5e7067?s=96&d=mm&r=g\",\"url\":\"https:\\\/\\\/secure.gravatar.com\\\/avatar\\\/6be270e1c81317331dd99c1537c17b9683039795b5a956c595769bfada5e7067?s=96&d=mm&r=g\",\"contentUrl\":\"https:\\\/\\\/secure.gravatar.com\\\/avatar\\\/6be270e1c81317331dd99c1537c17b9683039795b5a956c595769bfada5e7067?s=96&d=mm&r=g\",\"caption\":\"Redacci\u00f3n\"},\"sameAs\":[\"https:\\\/\\\/thediplomatinspain.com\\\/\"],\"url\":\"https:\\\/\\\/thediplomatinspain.com\\\/en\\\/author\\\/soportecibeles\\\/\"},{\"@type\":[\"Organization\",\"NewsMediaOrganization\"],\"@id\":\"https:\\\/\\\/thediplomatinspain.com\\\/en\\\/#organization\"},{\"@type\":\"SiteNavigationElement\",\"@id\":\"https:\\\/\\\/thediplomatinspain.com\\\/en\\\/#site-navigation\",\"cssSelector\":[\".cib-main-menu\"]},{\"@type\":\"WPHeader\",\"@id\":\"https:\\\/\\\/thediplomatinspain.com\\\/en\\\/#header\",\"cssSelector\":[\".cib-header\"]},{\"@type\":\"WPFooter\",\"@id\":\"https:\\\/\\\/thediplomatinspain.com\\\/en\\\/#footer\",\"cssSelector\":[\".cib-footer\"]}]}<\/script>\n<!-- \/ Yoast SEO plugin. -->","yoast_head_json":{"title":"Feij\u00f3o to offer S\u00e1nchez a Defence Pact for NATO to defend Ceuta and Melilla - thediplomatinspain.com","robots":{"index":"index","follow":"follow","max-snippet":"max-snippet:-1","max-image-preview":"max-image-preview:large","max-video-preview":"max-video-preview:-1"},"canonical":"https:\/\/thediplomatinspain.com\/en\/2022\/06\/14\/feijoo-to-offer-sanchez-a-defence-pact-for-nato-to-defend-ceuta-and-melilla\/","og_locale":"en_US","og_type":"article","og_title":"Feij\u00f3o to offer S\u00e1nchez a Defence Pact for NATO to defend Ceuta and Melilla - thediplomatinspain.com","og_description":"The leader of the Popular Party, Alberto N\u00fa\u00f1ez Feij\u00f3o, will offer the government of Pedro S\u00e1nchez and the other political parties a Defence Pact in which he","og_url":"https:\/\/thediplomatinspain.com\/en\/2022\/06\/14\/feijoo-to-offer-sanchez-a-defence-pact-for-nato-to-defend-ceuta-and-melilla\/","og_site_name":"thediplomatinspain.com","article_publisher":"https:\/\/www.facebook.com\/thediplomatinspain","article_published_time":"2022-06-14T02:07:15+00:00","og_image":[{"width":750,"height":423,"url":"https:\/\/thediplomatinspain.com\/wp-content\/uploads\/2024\/05\/Esteban-Gonzalez-Pons.jpg","type":"image\/jpeg"}],"author":"Redacci\u00f3n","twitter_card":"summary_large_image","twitter_creator":"@diplomatinspain","twitter_site":"@diplomatinspain","twitter_misc":{"Written by":"Redacci\u00f3n","Est. reading time":"3 minutes"},"schema":{"@context":"https:\/\/schema.org","@graph":[{"@type":"Article","@id":"https:\/\/thediplomatinspain.com\/en\/2022\/06\/14\/feijoo-to-offer-sanchez-a-defence-pact-for-nato-to-defend-ceuta-and-melilla\/#article","isPartOf":{"@id":"https:\/\/thediplomatinspain.com\/en\/2022\/06\/14\/feijoo-to-offer-sanchez-a-defence-pact-for-nato-to-defend-ceuta-and-melilla\/"},"author":{"name":"Redacci\u00f3n","@id":"https:\/\/thediplomatinspain.com\/#\/schema\/person\/90d9b3004c2822bcbe64082dad885a9c"},"headline":"Feij\u00f3o to offer S\u00e1nchez a Defence Pact for NATO to defend Ceuta and Melilla","datePublished":"2022-06-14T02:07:15+00:00","mainEntityOfPage":{"@id":"https:\/\/thediplomatinspain.com\/en\/2022\/06\/14\/feijoo-to-offer-sanchez-a-defence-pact-for-nato-to-defend-ceuta-and-melilla\/"},"wordCount":565,"commentCount":0,"publisher":{"@id":"https:\/\/thediplomatinspain.com\/#organization"},"image":{"@id":"https:\/\/thediplomatinspain.com\/en\/2022\/06\/14\/feijoo-to-offer-sanchez-a-defence-pact-for-nato-to-defend-ceuta-and-melilla\/#primaryimage"},"thumbnailUrl":"https:\/\/thediplomatinspain.com\/wp-content\/uploads\/2024\/05\/Esteban-Gonzalez-Pons.jpg","articleSection":["Frontpage","Frontpage","News","Spain","Subscribers"],"inLanguage":"en-US","potentialAction":[{"@type":"CommentAction","name":"Comment","target":["https:\/\/thediplomatinspain.com\/en\/2022\/06\/14\/feijoo-to-offer-sanchez-a-defence-pact-for-nato-to-defend-ceuta-and-melilla\/#respond"]}]},{"@type":"WebPage","@id":"https:\/\/thediplomatinspain.com\/en\/2022\/06\/14\/feijoo-to-offer-sanchez-a-defence-pact-for-nato-to-defend-ceuta-and-melilla\/","url":"https:\/\/thediplomatinspain.com\/en\/2022\/06\/14\/feijoo-to-offer-sanchez-a-defence-pact-for-nato-to-defend-ceuta-and-melilla\/","name":"Feij\u00f3o to offer S\u00e1nchez a Defence Pact for NATO to defend Ceuta and Melilla - thediplomatinspain.com","isPartOf":{"@id":"https:\/\/thediplomatinspain.com\/#website"},"primaryImageOfPage":{"@id":"https:\/\/thediplomatinspain.com\/en\/2022\/06\/14\/feijoo-to-offer-sanchez-a-defence-pact-for-nato-to-defend-ceuta-and-melilla\/#primaryimage"},"image":{"@id":"https:\/\/thediplomatinspain.com\/en\/2022\/06\/14\/feijoo-to-offer-sanchez-a-defence-pact-for-nato-to-defend-ceuta-and-melilla\/#primaryimage"},"thumbnailUrl":"https:\/\/thediplomatinspain.com\/wp-content\/uploads\/2024\/05\/Esteban-Gonzalez-Pons.jpg","datePublished":"2022-06-14T02:07:15+00:00","breadcrumb":{"@id":"https:\/\/thediplomatinspain.com\/en\/2022\/06\/14\/feijoo-to-offer-sanchez-a-defence-pact-for-nato-to-defend-ceuta-and-melilla\/#breadcrumb"},"inLanguage":"en-US","potentialAction":[{"@type":"ReadAction","target":["https:\/\/thediplomatinspain.com\/en\/2022\/06\/14\/feijoo-to-offer-sanchez-a-defence-pact-for-nato-to-defend-ceuta-and-melilla\/"]}]},{"@type":"ImageObject","inLanguage":"en-US","@id":"https:\/\/thediplomatinspain.com\/en\/2022\/06\/14\/feijoo-to-offer-sanchez-a-defence-pact-for-nato-to-defend-ceuta-and-melilla\/#primaryimage","url":"https:\/\/thediplomatinspain.com\/wp-content\/uploads\/2024\/05\/Esteban-Gonzalez-Pons.jpg","contentUrl":"https:\/\/thediplomatinspain.com\/wp-content\/uploads\/2024\/05\/Esteban-Gonzalez-Pons.jpg","width":750,"height":423,"caption":"Esteban Gonz\u00e1lez Pons."},{"@type":"BreadcrumbList","@id":"https:\/\/thediplomatinspain.com\/en\/2022\/06\/14\/feijoo-to-offer-sanchez-a-defence-pact-for-nato-to-defend-ceuta-and-melilla\/#breadcrumb","itemListElement":[{"@type":"ListItem","position":1,"name":"Portada","item":"https:\/\/thediplomatinspain.com\/en\/"},{"@type":"ListItem","position":2,"name":"Feij\u00f3o to offer S\u00e1nchez a Defence Pact for NATO to defend Ceuta and Melilla"}]},{"@type":"WebSite","@id":"https:\/\/thediplomatinspain.com\/#website","url":"https:\/\/thediplomatinspain.com\/","name":"thediplomatinspain.com","description":"Diario digital de referencia para diplom\u00e1ticos y empresas","publisher":{"@id":"https:\/\/thediplomatinspain.com\/#organization"},"potentialAction":[{"@type":"SearchAction","target":{"@type":"EntryPoint","urlTemplate":"https:\/\/thediplomatinspain.com\/?s={search_term_string}"},"query-input":{"@type":"PropertyValueSpecification","valueRequired":true,"valueName":"search_term_string"}}],"inLanguage":"en-US"},{"@type":"Organization","@id":"https:\/\/thediplomatinspain.com\/#organization","name":"thediplomatinspain.com","url":"https:\/\/thediplomatinspain.com\/","logo":{"@type":"ImageObject","inLanguage":"en-US","@id":"https:\/\/thediplomatinspain.com\/#\/schema\/logo\/image\/","url":"https:\/\/thediplomatinspain.com\/wp-content\/uploads\/2024\/06\/logo_the_diplomat.png","contentUrl":"https:\/\/thediplomatinspain.com\/wp-content\/uploads\/2024\/06\/logo_the_diplomat.png","width":284,"height":77,"caption":"thediplomatinspain.com"},"image":{"@id":"https:\/\/thediplomatinspain.com\/#\/schema\/logo\/image\/"},"sameAs":["https:\/\/www.facebook.com\/thediplomatinspain","https:\/\/x.com\/diplomatinspain","https:\/\/www.youtube.com\/channel\/UCK0mRqeeZDKdFeiFQZLcH2A"]},{"@type":"Person","@id":"https:\/\/thediplomatinspain.com\/#\/schema\/person\/90d9b3004c2822bcbe64082dad885a9c","name":"Redacci\u00f3n","image":{"@type":"ImageObject","inLanguage":"en-US","@id":"https:\/\/secure.gravatar.com\/avatar\/6be270e1c81317331dd99c1537c17b9683039795b5a956c595769bfada5e7067?s=96&d=mm&r=g","url":"https:\/\/secure.gravatar.com\/avatar\/6be270e1c81317331dd99c1537c17b9683039795b5a956c595769bfada5e7067?s=96&d=mm&r=g","contentUrl":"https:\/\/secure.gravatar.com\/avatar\/6be270e1c81317331dd99c1537c17b9683039795b5a956c595769bfada5e7067?s=96&d=mm&r=g","caption":"Redacci\u00f3n"},"sameAs":["https:\/\/thediplomatinspain.com\/"],"url":"https:\/\/thediplomatinspain.com\/en\/author\/soportecibeles\/"},{"@type":["Organization","NewsMediaOrganization"],"@id":"https:\/\/thediplomatinspain.com\/en\/#organization"},{"@type":"SiteNavigationElement","@id":"https:\/\/thediplomatinspain.com\/en\/#site-navigation","cssSelector":[".cib-main-menu"]},{"@type":"WPHeader","@id":"https:\/\/thediplomatinspain.com\/en\/#header","cssSelector":[".cib-header"]},{"@type":"WPFooter","@id":"https:\/\/thediplomatinspain.com\/en\/#footer","cssSelector":[".cib-footer"]}]}},"amp_enabled":true,"_links":{"self":[{"href":"https:\/\/thediplomatinspain.com\/en\/wp-json\/wp\/v2\/posts\/76998","targetHints":{"allow":["GET"]}}],"collection":[{"href":"https:\/\/thediplomatinspain.com\/en\/wp-json\/wp\/v2\/posts"}],"about":[{"href":"https:\/\/thediplomatinspain.com\/en\/wp-json\/wp\/v2\/types\/post"}],"author":[{"embeddable":true,"href":"https:\/\/thediplomatinspain.com\/en\/wp-json\/wp\/v2\/users\/1"}],"replies":[{"embeddable":true,"href":"https:\/\/thediplomatinspain.com\/en\/wp-json\/wp\/v2\/comments?post=76998"}],"version-history":[{"count":0,"href":"https:\/\/thediplomatinspain.com\/en\/wp-json\/wp\/v2\/posts\/76998\/revisions"}],"wp:featuredmedia":[{"embeddable":true,"href":"https:\/\/thediplomatinspain.com\/en\/wp-json\/wp\/v2\/media\/50423"}],"wp:attachment":[{"href":"https:\/\/thediplomatinspain.com\/en\/wp-json\/wp\/v2\/media?parent=76998"}],"wp:term":[{"taxonomy":"category","embeddable":true,"href":"https:\/\/thediplomatinspain.com\/en\/wp-json\/wp\/v2\/categories?post=76998"},{"taxonomy":"post_tag","embeddable":true,"href":"https:\/\/thediplomatinspain.com\/en\/wp-json\/wp\/v2\/tags?post=76998"}],"curies":[{"name":"wp","href":"https:\/\/api.w.org\/{rel}","templated":true}]}}