{"id":76307,"date":"2022-03-29T04:00:33","date_gmt":"2022-03-29T02:00:33","guid":{"rendered":"https:\/\/zen-hopper.82-223-81-17.plesk.page\/2022\/03\/29\/the-teatro-real-premieres-in-spain-sergei-prokofievs-the-angel-of-fire\/"},"modified":"2022-03-29T04:00:33","modified_gmt":"2022-03-29T02:00:33","slug":"the-teatro-real-premieres-in-spain-sergei-prokofievs-the-angel-of-fire","status":"publish","type":"post","link":"https:\/\/thediplomatinspain.com\/en\/2022\/03\/29\/the-teatro-real-premieres-in-spain-sergei-prokofievs-the-angel-of-fire\/","title":{"rendered":"The Teatro Real premieres in Spain Serg\u00e9i Prok\u00f3fiev&#8217;s &#8216;The Angel of Fire&#8217;"},"content":{"rendered":"<p>&nbsp;<\/p>\n<p>Until 5 April, Madrid&#8217;s <strong>Teatro Real<\/strong> is presenting the production of <strong>Serg\u00e9i Prok\u00f3fiev&#8217;s <em>The Angel of Fire,<\/em><\/strong> in collaboration with the Zurich Opera, which premiered it in 2017.<\/p>\n<p>&nbsp;<\/p>\n<p>The brutal, iconoclastic and grotesque libretto of the opera, based on the work of the same name by the symbolist writer <strong>Valeri Bri\u00fasov,<\/strong> has delayed its premiere in different countries, now arriving in Spain, 95 years after the completion of the score and 68 years after its first presentation in concert version, in 1954.<\/p>\n<p>&nbsp;<\/p>\n<p><strong>Calixto Bieito<\/strong> shifts the action from obscurantist pre-Lutheran Germany to the 1950s and 60s, transferring its satanic plot to the deranged and helpless mind of the protagonist, raped in her childhood. Its satanic, grotesque and delirious plot relates, over seven scenes (in five acts), the gruesome path of Renata, possessed by evil spirits from the supernatural appearance, in her childhood, of Madiel, the angel of fire, to her tragic end.<\/p>\n<p>&nbsp;<\/p>\n<p>Two choral casts led by sopranos <strong>Ausrine Stundyte <\/strong>and<strong> Elena Popovskaya<\/strong> (Renata) and baritones <strong>Leigh Melrose <\/strong>and<strong> Dimitris Tiliakos<\/strong> (Ruprecht) perform the opera, with <strong>Marcos Darbyshire<\/strong> leading the Teatro Real&#8217;s revival of the production. The Principal Orchestra of the Teatro Real will perform an orchestral version of the Ukrainian anthem before the start of each of the 10 performances of <em>The Angel of Fire.<\/em><\/p>\n<p>&nbsp;<\/p>\n<p>&nbsp;<\/p>\n","protected":false},"excerpt":{"rendered":"<p>Until 5 April, the Teatro Real presents Serg\u00e9i Prok\u00f3fiev&#8217;s The Angel of Fire, in collaboration with the Zurich Opera.<\/p>\n","protected":false},"author":1,"featured_media":54385,"comment_status":"open","ping_status":"open","sticky":false,"template":"","format":"standard","meta":{"jnews-multi-image_gallery":[],"jnews_single_post":[],"jnews_primary_category":[],"jnews_social_meta":[],"jnews_override_counter":[],"jnews_post_split":[],"footnotes":""},"categories":[179,188,176],"tags":[],"class_list":["post-76307","post","type-post","status-publish","format-standard","has-post-thumbnail","hentry","category-entertainment","category-espectaculos-2","category-leisure"],"yoast_head":"<!-- This site is optimized with the Yoast SEO plugin v27.4 - https:\/\/yoast.com\/product\/yoast-seo-wordpress\/ -->\n<title>The Teatro Real premieres in Spain Serg\u00e9i Prok\u00f3fiev&#039;s &#039;The Angel of Fire&#039; - thediplomatinspain.com<\/title>\n<meta name=\"robots\" content=\"index, follow, max-snippet:-1, max-image-preview:large, max-video-preview:-1\" \/>\n<link rel=\"canonical\" href=\"https:\/\/thediplomatinspain.com\/en\/2022\/03\/29\/the-teatro-real-premieres-in-spain-sergei-prokofievs-the-angel-of-fire\/\" \/>\n<meta property=\"og:locale\" content=\"en_US\" \/>\n<meta property=\"og:type\" content=\"article\" \/>\n<meta property=\"og:title\" content=\"The Teatro Real premieres in Spain Serg\u00e9i Prok\u00f3fiev&#039;s &#039;The Angel of Fire&#039; - thediplomatinspain.com\" \/>\n<meta property=\"og:description\" content=\"Until 5 April, the Teatro Real presents Serg\u00e9i Prok\u00f3fiev&#039;s The Angel of Fire, in collaboration with the Zurich Opera.\" \/>\n<meta property=\"og:url\" content=\"https:\/\/thediplomatinspain.com\/en\/2022\/03\/29\/the-teatro-real-premieres-in-spain-sergei-prokofievs-the-angel-of-fire\/\" \/>\n<meta property=\"og:site_name\" content=\"thediplomatinspain.com\" \/>\n<meta property=\"article:publisher\" content=\"https:\/\/www.facebook.com\/thediplomatinspain\" \/>\n<meta property=\"article:published_time\" content=\"2022-03-29T02:00:33+00:00\" \/>\n<meta property=\"og:image\" content=\"https:\/\/thediplomatinspain.com\/wp-content\/uploads\/2024\/05\/El-angel-de-fuego-ok.jpg\" \/>\n\t<meta property=\"og:image:width\" content=\"220\" \/>\n\t<meta property=\"og:image:height\" content=\"314\" \/>\n\t<meta property=\"og:image:type\" content=\"image\/jpeg\" \/>\n<meta name=\"author\" content=\"Redacci\u00f3n\" \/>\n<meta name=\"twitter:card\" content=\"summary_large_image\" \/>\n<meta name=\"twitter:creator\" content=\"@diplomatinspain\" \/>\n<meta name=\"twitter:site\" content=\"@diplomatinspain\" \/>\n<meta name=\"twitter:label1\" content=\"Written by\" \/>\n\t<meta name=\"twitter:data1\" content=\"Redacci\u00f3n\" \/>\n\t<meta name=\"twitter:label2\" content=\"Est. reading time\" \/>\n\t<meta name=\"twitter:data2\" content=\"1 minute\" \/>\n<script type=\"application\/ld+json\" class=\"yoast-schema-graph\">{\"@context\":\"https:\\\/\\\/schema.org\",\"@graph\":[{\"@type\":\"Article\",\"@id\":\"https:\\\/\\\/thediplomatinspain.com\\\/en\\\/2022\\\/03\\\/29\\\/the-teatro-real-premieres-in-spain-sergei-prokofievs-the-angel-of-fire\\\/#article\",\"isPartOf\":{\"@id\":\"https:\\\/\\\/thediplomatinspain.com\\\/en\\\/2022\\\/03\\\/29\\\/the-teatro-real-premieres-in-spain-sergei-prokofievs-the-angel-of-fire\\\/\"},\"author\":{\"name\":\"Redacci\u00f3n\",\"@id\":\"https:\\\/\\\/thediplomatinspain.com\\\/#\\\/schema\\\/person\\\/90d9b3004c2822bcbe64082dad885a9c\"},\"headline\":\"The Teatro Real premieres in Spain Serg\u00e9i Prok\u00f3fiev&#8217;s &#8216;The Angel of Fire&#8217;\",\"datePublished\":\"2022-03-29T02:00:33+00:00\",\"mainEntityOfPage\":{\"@id\":\"https:\\\/\\\/thediplomatinspain.com\\\/en\\\/2022\\\/03\\\/29\\\/the-teatro-real-premieres-in-spain-sergei-prokofievs-the-angel-of-fire\\\/\"},\"wordCount\":237,\"commentCount\":0,\"publisher\":{\"@id\":\"https:\\\/\\\/thediplomatinspain.com\\\/#organization\"},\"image\":{\"@id\":\"https:\\\/\\\/thediplomatinspain.com\\\/en\\\/2022\\\/03\\\/29\\\/the-teatro-real-premieres-in-spain-sergei-prokofievs-the-angel-of-fire\\\/#primaryimage\"},\"thumbnailUrl\":\"https:\\\/\\\/thediplomatinspain.com\\\/wp-content\\\/uploads\\\/2024\\\/05\\\/El-angel-de-fuego-ok.jpg\",\"articleSection\":[\"Entertainment\",\"Espect\u00e1culos\",\"Leisure\"],\"inLanguage\":\"en-US\",\"potentialAction\":[{\"@type\":\"CommentAction\",\"name\":\"Comment\",\"target\":[\"https:\\\/\\\/thediplomatinspain.com\\\/en\\\/2022\\\/03\\\/29\\\/the-teatro-real-premieres-in-spain-sergei-prokofievs-the-angel-of-fire\\\/#respond\"]}]},{\"@type\":\"WebPage\",\"@id\":\"https:\\\/\\\/thediplomatinspain.com\\\/en\\\/2022\\\/03\\\/29\\\/the-teatro-real-premieres-in-spain-sergei-prokofievs-the-angel-of-fire\\\/\",\"url\":\"https:\\\/\\\/thediplomatinspain.com\\\/en\\\/2022\\\/03\\\/29\\\/the-teatro-real-premieres-in-spain-sergei-prokofievs-the-angel-of-fire\\\/\",\"name\":\"The Teatro Real premieres in Spain Serg\u00e9i Prok\u00f3fiev's 'The Angel of Fire' - thediplomatinspain.com\",\"isPartOf\":{\"@id\":\"https:\\\/\\\/thediplomatinspain.com\\\/#website\"},\"primaryImageOfPage\":{\"@id\":\"https:\\\/\\\/thediplomatinspain.com\\\/en\\\/2022\\\/03\\\/29\\\/the-teatro-real-premieres-in-spain-sergei-prokofievs-the-angel-of-fire\\\/#primaryimage\"},\"image\":{\"@id\":\"https:\\\/\\\/thediplomatinspain.com\\\/en\\\/2022\\\/03\\\/29\\\/the-teatro-real-premieres-in-spain-sergei-prokofievs-the-angel-of-fire\\\/#primaryimage\"},\"thumbnailUrl\":\"https:\\\/\\\/thediplomatinspain.com\\\/wp-content\\\/uploads\\\/2024\\\/05\\\/El-angel-de-fuego-ok.jpg\",\"datePublished\":\"2022-03-29T02:00:33+00:00\",\"breadcrumb\":{\"@id\":\"https:\\\/\\\/thediplomatinspain.com\\\/en\\\/2022\\\/03\\\/29\\\/the-teatro-real-premieres-in-spain-sergei-prokofievs-the-angel-of-fire\\\/#breadcrumb\"},\"inLanguage\":\"en-US\",\"potentialAction\":[{\"@type\":\"ReadAction\",\"target\":[\"https:\\\/\\\/thediplomatinspain.com\\\/en\\\/2022\\\/03\\\/29\\\/the-teatro-real-premieres-in-spain-sergei-prokofievs-the-angel-of-fire\\\/\"]}]},{\"@type\":\"ImageObject\",\"inLanguage\":\"en-US\",\"@id\":\"https:\\\/\\\/thediplomatinspain.com\\\/en\\\/2022\\\/03\\\/29\\\/the-teatro-real-premieres-in-spain-sergei-prokofievs-the-angel-of-fire\\\/#primaryimage\",\"url\":\"https:\\\/\\\/thediplomatinspain.com\\\/wp-content\\\/uploads\\\/2024\\\/05\\\/El-angel-de-fuego-ok.jpg\",\"contentUrl\":\"https:\\\/\\\/thediplomatinspain.com\\\/wp-content\\\/uploads\\\/2024\\\/05\\\/El-angel-de-fuego-ok.jpg\",\"width\":220,\"height\":314},{\"@type\":\"BreadcrumbList\",\"@id\":\"https:\\\/\\\/thediplomatinspain.com\\\/en\\\/2022\\\/03\\\/29\\\/the-teatro-real-premieres-in-spain-sergei-prokofievs-the-angel-of-fire\\\/#breadcrumb\",\"itemListElement\":[{\"@type\":\"ListItem\",\"position\":1,\"name\":\"Portada\",\"item\":\"https:\\\/\\\/thediplomatinspain.com\\\/en\\\/\"},{\"@type\":\"ListItem\",\"position\":2,\"name\":\"The Teatro Real premieres in Spain Serg\u00e9i Prok\u00f3fiev&#8217;s &#8216;The Angel of Fire&#8217;\"}]},{\"@type\":\"WebSite\",\"@id\":\"https:\\\/\\\/thediplomatinspain.com\\\/#website\",\"url\":\"https:\\\/\\\/thediplomatinspain.com\\\/\",\"name\":\"thediplomatinspain.com\",\"description\":\"Diario digital de referencia para diplom\u00e1ticos y empresas\",\"publisher\":{\"@id\":\"https:\\\/\\\/thediplomatinspain.com\\\/#organization\"},\"potentialAction\":[{\"@type\":\"SearchAction\",\"target\":{\"@type\":\"EntryPoint\",\"urlTemplate\":\"https:\\\/\\\/thediplomatinspain.com\\\/?s={search_term_string}\"},\"query-input\":{\"@type\":\"PropertyValueSpecification\",\"valueRequired\":true,\"valueName\":\"search_term_string\"}}],\"inLanguage\":\"en-US\"},{\"@type\":\"Organization\",\"@id\":\"https:\\\/\\\/thediplomatinspain.com\\\/#organization\",\"name\":\"thediplomatinspain.com\",\"url\":\"https:\\\/\\\/thediplomatinspain.com\\\/\",\"logo\":{\"@type\":\"ImageObject\",\"inLanguage\":\"en-US\",\"@id\":\"https:\\\/\\\/thediplomatinspain.com\\\/#\\\/schema\\\/logo\\\/image\\\/\",\"url\":\"https:\\\/\\\/thediplomatinspain.com\\\/wp-content\\\/uploads\\\/2024\\\/06\\\/logo_the_diplomat.png\",\"contentUrl\":\"https:\\\/\\\/thediplomatinspain.com\\\/wp-content\\\/uploads\\\/2024\\\/06\\\/logo_the_diplomat.png\",\"width\":284,\"height\":77,\"caption\":\"thediplomatinspain.com\"},\"image\":{\"@id\":\"https:\\\/\\\/thediplomatinspain.com\\\/#\\\/schema\\\/logo\\\/image\\\/\"},\"sameAs\":[\"https:\\\/\\\/www.facebook.com\\\/thediplomatinspain\",\"https:\\\/\\\/x.com\\\/diplomatinspain\",\"https:\\\/\\\/www.youtube.com\\\/channel\\\/UCK0mRqeeZDKdFeiFQZLcH2A\"]},{\"@type\":\"Person\",\"@id\":\"https:\\\/\\\/thediplomatinspain.com\\\/#\\\/schema\\\/person\\\/90d9b3004c2822bcbe64082dad885a9c\",\"name\":\"Redacci\u00f3n\",\"image\":{\"@type\":\"ImageObject\",\"inLanguage\":\"en-US\",\"@id\":\"https:\\\/\\\/secure.gravatar.com\\\/avatar\\\/6be270e1c81317331dd99c1537c17b9683039795b5a956c595769bfada5e7067?s=96&d=mm&r=g\",\"url\":\"https:\\\/\\\/secure.gravatar.com\\\/avatar\\\/6be270e1c81317331dd99c1537c17b9683039795b5a956c595769bfada5e7067?s=96&d=mm&r=g\",\"contentUrl\":\"https:\\\/\\\/secure.gravatar.com\\\/avatar\\\/6be270e1c81317331dd99c1537c17b9683039795b5a956c595769bfada5e7067?s=96&d=mm&r=g\",\"caption\":\"Redacci\u00f3n\"},\"sameAs\":[\"https:\\\/\\\/thediplomatinspain.com\\\/\"],\"url\":\"https:\\\/\\\/thediplomatinspain.com\\\/en\\\/author\\\/soportecibeles\\\/\"},{\"@type\":[\"Organization\",\"NewsMediaOrganization\"],\"@id\":\"https:\\\/\\\/thediplomatinspain.com\\\/en\\\/#organization\"},{\"@type\":\"SiteNavigationElement\",\"@id\":\"https:\\\/\\\/thediplomatinspain.com\\\/en\\\/#site-navigation\",\"cssSelector\":[\".cib-main-menu\"]},{\"@type\":\"WPHeader\",\"@id\":\"https:\\\/\\\/thediplomatinspain.com\\\/en\\\/#header\",\"cssSelector\":[\".cib-header\"]},{\"@type\":\"WPFooter\",\"@id\":\"https:\\\/\\\/thediplomatinspain.com\\\/en\\\/#footer\",\"cssSelector\":[\".cib-footer\"]}]}<\/script>\n<!-- \/ Yoast SEO plugin. -->","yoast_head_json":{"title":"The Teatro Real premieres in Spain Serg\u00e9i Prok\u00f3fiev's 'The Angel of Fire' - thediplomatinspain.com","robots":{"index":"index","follow":"follow","max-snippet":"max-snippet:-1","max-image-preview":"max-image-preview:large","max-video-preview":"max-video-preview:-1"},"canonical":"https:\/\/thediplomatinspain.com\/en\/2022\/03\/29\/the-teatro-real-premieres-in-spain-sergei-prokofievs-the-angel-of-fire\/","og_locale":"en_US","og_type":"article","og_title":"The Teatro Real premieres in Spain Serg\u00e9i Prok\u00f3fiev's 'The Angel of Fire' - thediplomatinspain.com","og_description":"Until 5 April, the Teatro Real presents Serg\u00e9i Prok\u00f3fiev's The Angel of Fire, in collaboration with the Zurich Opera.","og_url":"https:\/\/thediplomatinspain.com\/en\/2022\/03\/29\/the-teatro-real-premieres-in-spain-sergei-prokofievs-the-angel-of-fire\/","og_site_name":"thediplomatinspain.com","article_publisher":"https:\/\/www.facebook.com\/thediplomatinspain","article_published_time":"2022-03-29T02:00:33+00:00","og_image":[{"width":220,"height":314,"url":"https:\/\/thediplomatinspain.com\/wp-content\/uploads\/2024\/05\/El-angel-de-fuego-ok.jpg","type":"image\/jpeg"}],"author":"Redacci\u00f3n","twitter_card":"summary_large_image","twitter_creator":"@diplomatinspain","twitter_site":"@diplomatinspain","twitter_misc":{"Written by":"Redacci\u00f3n","Est. reading time":"1 minute"},"schema":{"@context":"https:\/\/schema.org","@graph":[{"@type":"Article","@id":"https:\/\/thediplomatinspain.com\/en\/2022\/03\/29\/the-teatro-real-premieres-in-spain-sergei-prokofievs-the-angel-of-fire\/#article","isPartOf":{"@id":"https:\/\/thediplomatinspain.com\/en\/2022\/03\/29\/the-teatro-real-premieres-in-spain-sergei-prokofievs-the-angel-of-fire\/"},"author":{"name":"Redacci\u00f3n","@id":"https:\/\/thediplomatinspain.com\/#\/schema\/person\/90d9b3004c2822bcbe64082dad885a9c"},"headline":"The Teatro Real premieres in Spain Serg\u00e9i Prok\u00f3fiev&#8217;s &#8216;The Angel of Fire&#8217;","datePublished":"2022-03-29T02:00:33+00:00","mainEntityOfPage":{"@id":"https:\/\/thediplomatinspain.com\/en\/2022\/03\/29\/the-teatro-real-premieres-in-spain-sergei-prokofievs-the-angel-of-fire\/"},"wordCount":237,"commentCount":0,"publisher":{"@id":"https:\/\/thediplomatinspain.com\/#organization"},"image":{"@id":"https:\/\/thediplomatinspain.com\/en\/2022\/03\/29\/the-teatro-real-premieres-in-spain-sergei-prokofievs-the-angel-of-fire\/#primaryimage"},"thumbnailUrl":"https:\/\/thediplomatinspain.com\/wp-content\/uploads\/2024\/05\/El-angel-de-fuego-ok.jpg","articleSection":["Entertainment","Espect\u00e1culos","Leisure"],"inLanguage":"en-US","potentialAction":[{"@type":"CommentAction","name":"Comment","target":["https:\/\/thediplomatinspain.com\/en\/2022\/03\/29\/the-teatro-real-premieres-in-spain-sergei-prokofievs-the-angel-of-fire\/#respond"]}]},{"@type":"WebPage","@id":"https:\/\/thediplomatinspain.com\/en\/2022\/03\/29\/the-teatro-real-premieres-in-spain-sergei-prokofievs-the-angel-of-fire\/","url":"https:\/\/thediplomatinspain.com\/en\/2022\/03\/29\/the-teatro-real-premieres-in-spain-sergei-prokofievs-the-angel-of-fire\/","name":"The Teatro Real premieres in Spain Serg\u00e9i Prok\u00f3fiev's 'The Angel of Fire' - thediplomatinspain.com","isPartOf":{"@id":"https:\/\/thediplomatinspain.com\/#website"},"primaryImageOfPage":{"@id":"https:\/\/thediplomatinspain.com\/en\/2022\/03\/29\/the-teatro-real-premieres-in-spain-sergei-prokofievs-the-angel-of-fire\/#primaryimage"},"image":{"@id":"https:\/\/thediplomatinspain.com\/en\/2022\/03\/29\/the-teatro-real-premieres-in-spain-sergei-prokofievs-the-angel-of-fire\/#primaryimage"},"thumbnailUrl":"https:\/\/thediplomatinspain.com\/wp-content\/uploads\/2024\/05\/El-angel-de-fuego-ok.jpg","datePublished":"2022-03-29T02:00:33+00:00","breadcrumb":{"@id":"https:\/\/thediplomatinspain.com\/en\/2022\/03\/29\/the-teatro-real-premieres-in-spain-sergei-prokofievs-the-angel-of-fire\/#breadcrumb"},"inLanguage":"en-US","potentialAction":[{"@type":"ReadAction","target":["https:\/\/thediplomatinspain.com\/en\/2022\/03\/29\/the-teatro-real-premieres-in-spain-sergei-prokofievs-the-angel-of-fire\/"]}]},{"@type":"ImageObject","inLanguage":"en-US","@id":"https:\/\/thediplomatinspain.com\/en\/2022\/03\/29\/the-teatro-real-premieres-in-spain-sergei-prokofievs-the-angel-of-fire\/#primaryimage","url":"https:\/\/thediplomatinspain.com\/wp-content\/uploads\/2024\/05\/El-angel-de-fuego-ok.jpg","contentUrl":"https:\/\/thediplomatinspain.com\/wp-content\/uploads\/2024\/05\/El-angel-de-fuego-ok.jpg","width":220,"height":314},{"@type":"BreadcrumbList","@id":"https:\/\/thediplomatinspain.com\/en\/2022\/03\/29\/the-teatro-real-premieres-in-spain-sergei-prokofievs-the-angel-of-fire\/#breadcrumb","itemListElement":[{"@type":"ListItem","position":1,"name":"Portada","item":"https:\/\/thediplomatinspain.com\/en\/"},{"@type":"ListItem","position":2,"name":"The Teatro Real premieres in Spain Serg\u00e9i Prok\u00f3fiev&#8217;s &#8216;The Angel of Fire&#8217;"}]},{"@type":"WebSite","@id":"https:\/\/thediplomatinspain.com\/#website","url":"https:\/\/thediplomatinspain.com\/","name":"thediplomatinspain.com","description":"Diario digital de referencia para diplom\u00e1ticos y empresas","publisher":{"@id":"https:\/\/thediplomatinspain.com\/#organization"},"potentialAction":[{"@type":"SearchAction","target":{"@type":"EntryPoint","urlTemplate":"https:\/\/thediplomatinspain.com\/?s={search_term_string}"},"query-input":{"@type":"PropertyValueSpecification","valueRequired":true,"valueName":"search_term_string"}}],"inLanguage":"en-US"},{"@type":"Organization","@id":"https:\/\/thediplomatinspain.com\/#organization","name":"thediplomatinspain.com","url":"https:\/\/thediplomatinspain.com\/","logo":{"@type":"ImageObject","inLanguage":"en-US","@id":"https:\/\/thediplomatinspain.com\/#\/schema\/logo\/image\/","url":"https:\/\/thediplomatinspain.com\/wp-content\/uploads\/2024\/06\/logo_the_diplomat.png","contentUrl":"https:\/\/thediplomatinspain.com\/wp-content\/uploads\/2024\/06\/logo_the_diplomat.png","width":284,"height":77,"caption":"thediplomatinspain.com"},"image":{"@id":"https:\/\/thediplomatinspain.com\/#\/schema\/logo\/image\/"},"sameAs":["https:\/\/www.facebook.com\/thediplomatinspain","https:\/\/x.com\/diplomatinspain","https:\/\/www.youtube.com\/channel\/UCK0mRqeeZDKdFeiFQZLcH2A"]},{"@type":"Person","@id":"https:\/\/thediplomatinspain.com\/#\/schema\/person\/90d9b3004c2822bcbe64082dad885a9c","name":"Redacci\u00f3n","image":{"@type":"ImageObject","inLanguage":"en-US","@id":"https:\/\/secure.gravatar.com\/avatar\/6be270e1c81317331dd99c1537c17b9683039795b5a956c595769bfada5e7067?s=96&d=mm&r=g","url":"https:\/\/secure.gravatar.com\/avatar\/6be270e1c81317331dd99c1537c17b9683039795b5a956c595769bfada5e7067?s=96&d=mm&r=g","contentUrl":"https:\/\/secure.gravatar.com\/avatar\/6be270e1c81317331dd99c1537c17b9683039795b5a956c595769bfada5e7067?s=96&d=mm&r=g","caption":"Redacci\u00f3n"},"sameAs":["https:\/\/thediplomatinspain.com\/"],"url":"https:\/\/thediplomatinspain.com\/en\/author\/soportecibeles\/"},{"@type":["Organization","NewsMediaOrganization"],"@id":"https:\/\/thediplomatinspain.com\/en\/#organization"},{"@type":"SiteNavigationElement","@id":"https:\/\/thediplomatinspain.com\/en\/#site-navigation","cssSelector":[".cib-main-menu"]},{"@type":"WPHeader","@id":"https:\/\/thediplomatinspain.com\/en\/#header","cssSelector":[".cib-header"]},{"@type":"WPFooter","@id":"https:\/\/thediplomatinspain.com\/en\/#footer","cssSelector":[".cib-footer"]}]}},"amp_enabled":true,"_links":{"self":[{"href":"https:\/\/thediplomatinspain.com\/en\/wp-json\/wp\/v2\/posts\/76307","targetHints":{"allow":["GET"]}}],"collection":[{"href":"https:\/\/thediplomatinspain.com\/en\/wp-json\/wp\/v2\/posts"}],"about":[{"href":"https:\/\/thediplomatinspain.com\/en\/wp-json\/wp\/v2\/types\/post"}],"author":[{"embeddable":true,"href":"https:\/\/thediplomatinspain.com\/en\/wp-json\/wp\/v2\/users\/1"}],"replies":[{"embeddable":true,"href":"https:\/\/thediplomatinspain.com\/en\/wp-json\/wp\/v2\/comments?post=76307"}],"version-history":[{"count":0,"href":"https:\/\/thediplomatinspain.com\/en\/wp-json\/wp\/v2\/posts\/76307\/revisions"}],"wp:featuredmedia":[{"embeddable":true,"href":"https:\/\/thediplomatinspain.com\/en\/wp-json\/wp\/v2\/media\/54385"}],"wp:attachment":[{"href":"https:\/\/thediplomatinspain.com\/en\/wp-json\/wp\/v2\/media?parent=76307"}],"wp:term":[{"taxonomy":"category","embeddable":true,"href":"https:\/\/thediplomatinspain.com\/en\/wp-json\/wp\/v2\/categories?post=76307"},{"taxonomy":"post_tag","embeddable":true,"href":"https:\/\/thediplomatinspain.com\/en\/wp-json\/wp\/v2\/tags?post=76307"}],"curies":[{"name":"wp","href":"https:\/\/api.w.org\/{rel}","templated":true}]}}