{"id":76270,"date":"2022-03-24T05:06:03","date_gmt":"2022-03-24T04:06:03","guid":{"rendered":"https:\/\/zen-hopper.82-223-81-17.plesk.page\/2022\/03\/24\/lopez-obrador-urges-new-ambassador-to-work-hard-for-unity-between-mexico-and-spain\/"},"modified":"2022-03-24T05:06:03","modified_gmt":"2022-03-24T04:06:03","slug":"lopez-obrador-urges-new-ambassador-to-work-hard-for-unity-between-mexico-and-spain","status":"publish","type":"post","link":"https:\/\/thediplomatinspain.com\/en\/2022\/03\/24\/lopez-obrador-urges-new-ambassador-to-work-hard-for-unity-between-mexico-and-spain\/","title":{"rendered":"L\u00f3pez Obrador urges new ambassador to &#8220;work hard&#8221; for &#8220;unity between Mexico and Spain&#8221;"},"content":{"rendered":"<h6><strong>The Diplomat<\/strong><\/h6>\n<p>&nbsp;<\/p>\n<h4><strong>The President of Mexico, Andr\u00e9s Manuel L\u00f3pez Obrador, has received the new ambassador to Spain, Quirino Ordaz Coppel, whom he has urged to &#8220;work hard to strengthen investment promotion and unity between the two peoples of Mexico and Spain&#8221;.<\/strong><\/h4>\n<p><strong>\u00a0<\/strong><\/p>\n<p>This was announced by Ordaz through the social network Twitter. Besides, in statements to the Mexican press after the meeting (held at the National Palace on Tuesday afternoon, early Wednesday morning in Spain), the new ambassador specified that <strong>his intention is to travel to Madrid to start working &#8220;in the next few days&#8221;.<\/strong><\/p>\n<p><strong>\u00a0<\/strong><\/p>\n<p>&#8220;What is the President&#8217;s instruction, to put relations in play or in pause mode, ambassador?&#8221; a journalist asked him. &#8220;A lot of work in unity, between the Spanish people and the people of Mexico,&#8221; the ambassador replied, quoted by Excelsior newspaper. His new assignment in Madrid, he continued, <strong>&#8220;is a good opportunity to strengthen, to work very hard, to promote investment, to continue strengthening the cultural relationship; it is really a very big, very broad historical link we have with Spain, more than 500 years, and I think we have to continue working hand in hand with them&#8221;.<\/strong><\/p>\n<p><strong>\u00a0<\/strong><\/p>\n<p>Quirino Ordaz Coppel, former governor of Sinaloa, was ratified last March 8 by the full Senate of the Republic for the position of Mexican ambassador to Spain, thus putting an end to an appointment process that had been dragged out due to the delay in granting the certificate, a delay that had been attributed to Spain&#8217;s discomfort with the Mexican president&#8217;s criticisms of Spain&#8217;s colonial past.<\/p>\n<p><strong>\u00a0<\/strong><\/p>\n<p><strong>The new ambassador, who lacks diplomatic experience, will arrive in Madrid in the midst of the controversies created by L\u00f3pez Obrador<\/strong>, whose arrival as Mexican head of state in 2018 marked a turning point in relations with Spain. The Mexican president has been very critical of the Spanish colonial legacy and has demanded on several occasions that Spain apologize for it. In this sense, he sent King Felipe VI a letter demanding that &#8220;the Spanish State admits its historical responsibility&#8221; for the offenses committed during the conquest and &#8220;offers apologies or political reparations as appropriate&#8221;.<\/p>\n<p><strong>\u00a0<\/strong><\/p>\n<p><strong>On February 9, the Mexican president proposed a &#8220;pause&#8221; in relations with Spain<\/strong> to analyze the behavior of its companies, which he accused of &#8220;plundering&#8221; and &#8220;corruption&#8221;. More than 200,000 Spaniards live in Mexico and 7,000 Spanish companies operate in the country, employing 300,000 Mexicans. L\u00f3pez Obrador&#8217;s statements were rejected by the Spanish government, which has attributed these criticisms to &#8220;internal debates&#8221; in Mexico.<\/p>\n<p><strong>\u00a0<\/strong><\/p>\n<p>On March 9, <strong>the Minister of Foreign Affairs, Jos\u00e9 Manuel Albares, traveled to Mexico<\/strong>, where he assured that the two countries maintain a &#8220;privileged relationship&#8221; and affirmed that he is unaware of the meaning of the &#8220;pause&#8221; in relations announced by L\u00f3pez Obrador and that the objective of his official visit is precisely to &#8220;accelerate the relationship&#8221;. Hours before the visit, Andr\u00e9s Manuel L\u00f3pez Obrador declared in his daily press conference that Jos\u00e9 Manuel Albares was &#8220;welcome&#8221; in Mexico, but reiterated that the diplomatic &#8220;pause&#8221; he announced a month ago was still in effect. &#8220;Our foreign policy cannot forget what our history has been,&#8221; he declared, referring to the colonial past.<\/p>\n<p>&nbsp;<\/p>\n<p>&nbsp;<\/p>\n","protected":false},"excerpt":{"rendered":"<p>The President of Mexico, Andr\u00e9s Manuel L\u00f3pez Obrador, has received the new ambassador to Spain, Quirino Ordaz Coppel, whom he has urged to &#8220;work hard to strengthen<\/p>\n","protected":false},"author":1,"featured_media":54346,"comment_status":"open","ping_status":"open","sticky":false,"template":"","format":"standard","meta":{"jnews-multi-image_gallery":[],"jnews_single_post":[],"jnews_primary_category":[],"jnews_social_meta":[],"jnews_override_counter":[],"jnews_post_split":[],"footnotes":""},"categories":[158,106,159,182,162],"tags":[],"class_list":["post-76270","post","type-post","status-publish","format-standard","has-post-thumbnail","hentry","category-frontpage-en","category-frontpage","category-news","category-subscribers","category-the-world-in-spain"],"yoast_head":"<!-- This site is optimized with the Yoast SEO plugin v27.4 - https:\/\/yoast.com\/product\/yoast-seo-wordpress\/ -->\n<title>L\u00f3pez Obrador urges new ambassador to &quot;work hard&quot; for &quot;unity between Mexico and Spain&quot; - thediplomatinspain.com<\/title>\n<meta name=\"robots\" content=\"index, follow, max-snippet:-1, max-image-preview:large, max-video-preview:-1\" \/>\n<link rel=\"canonical\" href=\"https:\/\/thediplomatinspain.com\/en\/2022\/03\/24\/lopez-obrador-urges-new-ambassador-to-work-hard-for-unity-between-mexico-and-spain\/\" \/>\n<meta property=\"og:locale\" content=\"en_US\" \/>\n<meta property=\"og:type\" content=\"article\" \/>\n<meta property=\"og:title\" content=\"L\u00f3pez Obrador urges new ambassador to &quot;work hard&quot; for &quot;unity between Mexico and Spain&quot; - thediplomatinspain.com\" \/>\n<meta property=\"og:description\" content=\"The President of Mexico, Andr\u00e9s Manuel L\u00f3pez Obrador, has received the new ambassador to Spain, Quirino Ordaz Coppel, whom he has urged to &quot;work hard to strengthen\" \/>\n<meta property=\"og:url\" content=\"https:\/\/thediplomatinspain.com\/en\/2022\/03\/24\/lopez-obrador-urges-new-ambassador-to-work-hard-for-unity-between-mexico-and-spain\/\" \/>\n<meta property=\"og:site_name\" content=\"thediplomatinspain.com\" \/>\n<meta property=\"article:publisher\" content=\"https:\/\/www.facebook.com\/thediplomatinspain\" \/>\n<meta property=\"article:published_time\" content=\"2022-03-24T04:06:03+00:00\" \/>\n<meta property=\"og:image\" content=\"https:\/\/thediplomatinspain.com\/wp-content\/uploads\/2024\/05\/amlo-quirino.jpg\" \/>\n\t<meta property=\"og:image:width\" content=\"750\" \/>\n\t<meta property=\"og:image:height\" content=\"483\" \/>\n\t<meta property=\"og:image:type\" content=\"image\/jpeg\" \/>\n<meta name=\"author\" content=\"Redacci\u00f3n\" \/>\n<meta name=\"twitter:card\" content=\"summary_large_image\" \/>\n<meta name=\"twitter:creator\" content=\"@diplomatinspain\" \/>\n<meta name=\"twitter:site\" content=\"@diplomatinspain\" \/>\n<meta name=\"twitter:label1\" content=\"Written by\" \/>\n\t<meta name=\"twitter:data1\" content=\"Redacci\u00f3n\" \/>\n\t<meta name=\"twitter:label2\" content=\"Est. reading time\" \/>\n\t<meta name=\"twitter:data2\" content=\"3 minutes\" \/>\n<script type=\"application\/ld+json\" class=\"yoast-schema-graph\">{\"@context\":\"https:\\\/\\\/schema.org\",\"@graph\":[{\"@type\":\"Article\",\"@id\":\"https:\\\/\\\/thediplomatinspain.com\\\/en\\\/2022\\\/03\\\/24\\\/lopez-obrador-urges-new-ambassador-to-work-hard-for-unity-between-mexico-and-spain\\\/#article\",\"isPartOf\":{\"@id\":\"https:\\\/\\\/thediplomatinspain.com\\\/en\\\/2022\\\/03\\\/24\\\/lopez-obrador-urges-new-ambassador-to-work-hard-for-unity-between-mexico-and-spain\\\/\"},\"author\":{\"name\":\"Redacci\u00f3n\",\"@id\":\"https:\\\/\\\/thediplomatinspain.com\\\/#\\\/schema\\\/person\\\/90d9b3004c2822bcbe64082dad885a9c\"},\"headline\":\"L\u00f3pez Obrador urges new ambassador to &#8220;work hard&#8221; for &#8220;unity between Mexico and Spain&#8221;\",\"datePublished\":\"2022-03-24T04:06:03+00:00\",\"mainEntityOfPage\":{\"@id\":\"https:\\\/\\\/thediplomatinspain.com\\\/en\\\/2022\\\/03\\\/24\\\/lopez-obrador-urges-new-ambassador-to-work-hard-for-unity-between-mexico-and-spain\\\/\"},\"wordCount\":550,\"commentCount\":0,\"publisher\":{\"@id\":\"https:\\\/\\\/thediplomatinspain.com\\\/#organization\"},\"image\":{\"@id\":\"https:\\\/\\\/thediplomatinspain.com\\\/en\\\/2022\\\/03\\\/24\\\/lopez-obrador-urges-new-ambassador-to-work-hard-for-unity-between-mexico-and-spain\\\/#primaryimage\"},\"thumbnailUrl\":\"https:\\\/\\\/thediplomatinspain.com\\\/wp-content\\\/uploads\\\/2024\\\/05\\\/amlo-quirino.jpg\",\"articleSection\":[\"Frontpage\",\"Frontpage\",\"News\",\"Subscribers\",\"The world in Spain\"],\"inLanguage\":\"en-US\",\"potentialAction\":[{\"@type\":\"CommentAction\",\"name\":\"Comment\",\"target\":[\"https:\\\/\\\/thediplomatinspain.com\\\/en\\\/2022\\\/03\\\/24\\\/lopez-obrador-urges-new-ambassador-to-work-hard-for-unity-between-mexico-and-spain\\\/#respond\"]}]},{\"@type\":\"WebPage\",\"@id\":\"https:\\\/\\\/thediplomatinspain.com\\\/en\\\/2022\\\/03\\\/24\\\/lopez-obrador-urges-new-ambassador-to-work-hard-for-unity-between-mexico-and-spain\\\/\",\"url\":\"https:\\\/\\\/thediplomatinspain.com\\\/en\\\/2022\\\/03\\\/24\\\/lopez-obrador-urges-new-ambassador-to-work-hard-for-unity-between-mexico-and-spain\\\/\",\"name\":\"L\u00f3pez Obrador urges new ambassador to \\\"work hard\\\" for \\\"unity between Mexico and Spain\\\" - thediplomatinspain.com\",\"isPartOf\":{\"@id\":\"https:\\\/\\\/thediplomatinspain.com\\\/#website\"},\"primaryImageOfPage\":{\"@id\":\"https:\\\/\\\/thediplomatinspain.com\\\/en\\\/2022\\\/03\\\/24\\\/lopez-obrador-urges-new-ambassador-to-work-hard-for-unity-between-mexico-and-spain\\\/#primaryimage\"},\"image\":{\"@id\":\"https:\\\/\\\/thediplomatinspain.com\\\/en\\\/2022\\\/03\\\/24\\\/lopez-obrador-urges-new-ambassador-to-work-hard-for-unity-between-mexico-and-spain\\\/#primaryimage\"},\"thumbnailUrl\":\"https:\\\/\\\/thediplomatinspain.com\\\/wp-content\\\/uploads\\\/2024\\\/05\\\/amlo-quirino.jpg\",\"datePublished\":\"2022-03-24T04:06:03+00:00\",\"breadcrumb\":{\"@id\":\"https:\\\/\\\/thediplomatinspain.com\\\/en\\\/2022\\\/03\\\/24\\\/lopez-obrador-urges-new-ambassador-to-work-hard-for-unity-between-mexico-and-spain\\\/#breadcrumb\"},\"inLanguage\":\"en-US\",\"potentialAction\":[{\"@type\":\"ReadAction\",\"target\":[\"https:\\\/\\\/thediplomatinspain.com\\\/en\\\/2022\\\/03\\\/24\\\/lopez-obrador-urges-new-ambassador-to-work-hard-for-unity-between-mexico-and-spain\\\/\"]}]},{\"@type\":\"ImageObject\",\"inLanguage\":\"en-US\",\"@id\":\"https:\\\/\\\/thediplomatinspain.com\\\/en\\\/2022\\\/03\\\/24\\\/lopez-obrador-urges-new-ambassador-to-work-hard-for-unity-between-mexico-and-spain\\\/#primaryimage\",\"url\":\"https:\\\/\\\/thediplomatinspain.com\\\/wp-content\\\/uploads\\\/2024\\\/05\\\/amlo-quirino.jpg\",\"contentUrl\":\"https:\\\/\\\/thediplomatinspain.com\\\/wp-content\\\/uploads\\\/2024\\\/05\\\/amlo-quirino.jpg\",\"width\":750,\"height\":483,\"caption\":\"L\u00f3pez Obrador with the new ambassador to Spain \\\/ Photo: @QuirinoOC\"},{\"@type\":\"BreadcrumbList\",\"@id\":\"https:\\\/\\\/thediplomatinspain.com\\\/en\\\/2022\\\/03\\\/24\\\/lopez-obrador-urges-new-ambassador-to-work-hard-for-unity-between-mexico-and-spain\\\/#breadcrumb\",\"itemListElement\":[{\"@type\":\"ListItem\",\"position\":1,\"name\":\"Portada\",\"item\":\"https:\\\/\\\/thediplomatinspain.com\\\/en\\\/\"},{\"@type\":\"ListItem\",\"position\":2,\"name\":\"L\u00f3pez Obrador urges new ambassador to &#8220;work hard&#8221; for &#8220;unity between Mexico and Spain&#8221;\"}]},{\"@type\":\"WebSite\",\"@id\":\"https:\\\/\\\/thediplomatinspain.com\\\/#website\",\"url\":\"https:\\\/\\\/thediplomatinspain.com\\\/\",\"name\":\"thediplomatinspain.com\",\"description\":\"Diario digital de referencia para diplom\u00e1ticos y empresas\",\"publisher\":{\"@id\":\"https:\\\/\\\/thediplomatinspain.com\\\/#organization\"},\"potentialAction\":[{\"@type\":\"SearchAction\",\"target\":{\"@type\":\"EntryPoint\",\"urlTemplate\":\"https:\\\/\\\/thediplomatinspain.com\\\/?s={search_term_string}\"},\"query-input\":{\"@type\":\"PropertyValueSpecification\",\"valueRequired\":true,\"valueName\":\"search_term_string\"}}],\"inLanguage\":\"en-US\"},{\"@type\":\"Organization\",\"@id\":\"https:\\\/\\\/thediplomatinspain.com\\\/#organization\",\"name\":\"thediplomatinspain.com\",\"url\":\"https:\\\/\\\/thediplomatinspain.com\\\/\",\"logo\":{\"@type\":\"ImageObject\",\"inLanguage\":\"en-US\",\"@id\":\"https:\\\/\\\/thediplomatinspain.com\\\/#\\\/schema\\\/logo\\\/image\\\/\",\"url\":\"https:\\\/\\\/thediplomatinspain.com\\\/wp-content\\\/uploads\\\/2024\\\/06\\\/logo_the_diplomat.png\",\"contentUrl\":\"https:\\\/\\\/thediplomatinspain.com\\\/wp-content\\\/uploads\\\/2024\\\/06\\\/logo_the_diplomat.png\",\"width\":284,\"height\":77,\"caption\":\"thediplomatinspain.com\"},\"image\":{\"@id\":\"https:\\\/\\\/thediplomatinspain.com\\\/#\\\/schema\\\/logo\\\/image\\\/\"},\"sameAs\":[\"https:\\\/\\\/www.facebook.com\\\/thediplomatinspain\",\"https:\\\/\\\/x.com\\\/diplomatinspain\",\"https:\\\/\\\/www.youtube.com\\\/channel\\\/UCK0mRqeeZDKdFeiFQZLcH2A\"]},{\"@type\":\"Person\",\"@id\":\"https:\\\/\\\/thediplomatinspain.com\\\/#\\\/schema\\\/person\\\/90d9b3004c2822bcbe64082dad885a9c\",\"name\":\"Redacci\u00f3n\",\"image\":{\"@type\":\"ImageObject\",\"inLanguage\":\"en-US\",\"@id\":\"https:\\\/\\\/secure.gravatar.com\\\/avatar\\\/6be270e1c81317331dd99c1537c17b9683039795b5a956c595769bfada5e7067?s=96&d=mm&r=g\",\"url\":\"https:\\\/\\\/secure.gravatar.com\\\/avatar\\\/6be270e1c81317331dd99c1537c17b9683039795b5a956c595769bfada5e7067?s=96&d=mm&r=g\",\"contentUrl\":\"https:\\\/\\\/secure.gravatar.com\\\/avatar\\\/6be270e1c81317331dd99c1537c17b9683039795b5a956c595769bfada5e7067?s=96&d=mm&r=g\",\"caption\":\"Redacci\u00f3n\"},\"sameAs\":[\"https:\\\/\\\/thediplomatinspain.com\\\/\"],\"url\":\"https:\\\/\\\/thediplomatinspain.com\\\/en\\\/author\\\/soportecibeles\\\/\"},{\"@type\":[\"Organization\",\"NewsMediaOrganization\"],\"@id\":\"https:\\\/\\\/thediplomatinspain.com\\\/en\\\/#organization\"},{\"@type\":\"SiteNavigationElement\",\"@id\":\"https:\\\/\\\/thediplomatinspain.com\\\/en\\\/#site-navigation\",\"cssSelector\":[\".cib-main-menu\"]},{\"@type\":\"WPHeader\",\"@id\":\"https:\\\/\\\/thediplomatinspain.com\\\/en\\\/#header\",\"cssSelector\":[\".cib-header\"]},{\"@type\":\"WPFooter\",\"@id\":\"https:\\\/\\\/thediplomatinspain.com\\\/en\\\/#footer\",\"cssSelector\":[\".cib-footer\"]}]}<\/script>\n<!-- \/ Yoast SEO plugin. -->","yoast_head_json":{"title":"L\u00f3pez Obrador urges new ambassador to \"work hard\" for \"unity between Mexico and Spain\" - thediplomatinspain.com","robots":{"index":"index","follow":"follow","max-snippet":"max-snippet:-1","max-image-preview":"max-image-preview:large","max-video-preview":"max-video-preview:-1"},"canonical":"https:\/\/thediplomatinspain.com\/en\/2022\/03\/24\/lopez-obrador-urges-new-ambassador-to-work-hard-for-unity-between-mexico-and-spain\/","og_locale":"en_US","og_type":"article","og_title":"L\u00f3pez Obrador urges new ambassador to \"work hard\" for \"unity between Mexico and Spain\" - thediplomatinspain.com","og_description":"The President of Mexico, Andr\u00e9s Manuel L\u00f3pez Obrador, has received the new ambassador to Spain, Quirino Ordaz Coppel, whom he has urged to \"work hard to strengthen","og_url":"https:\/\/thediplomatinspain.com\/en\/2022\/03\/24\/lopez-obrador-urges-new-ambassador-to-work-hard-for-unity-between-mexico-and-spain\/","og_site_name":"thediplomatinspain.com","article_publisher":"https:\/\/www.facebook.com\/thediplomatinspain","article_published_time":"2022-03-24T04:06:03+00:00","og_image":[{"width":750,"height":483,"url":"https:\/\/thediplomatinspain.com\/wp-content\/uploads\/2024\/05\/amlo-quirino.jpg","type":"image\/jpeg"}],"author":"Redacci\u00f3n","twitter_card":"summary_large_image","twitter_creator":"@diplomatinspain","twitter_site":"@diplomatinspain","twitter_misc":{"Written by":"Redacci\u00f3n","Est. reading time":"3 minutes"},"schema":{"@context":"https:\/\/schema.org","@graph":[{"@type":"Article","@id":"https:\/\/thediplomatinspain.com\/en\/2022\/03\/24\/lopez-obrador-urges-new-ambassador-to-work-hard-for-unity-between-mexico-and-spain\/#article","isPartOf":{"@id":"https:\/\/thediplomatinspain.com\/en\/2022\/03\/24\/lopez-obrador-urges-new-ambassador-to-work-hard-for-unity-between-mexico-and-spain\/"},"author":{"name":"Redacci\u00f3n","@id":"https:\/\/thediplomatinspain.com\/#\/schema\/person\/90d9b3004c2822bcbe64082dad885a9c"},"headline":"L\u00f3pez Obrador urges new ambassador to &#8220;work hard&#8221; for &#8220;unity between Mexico and Spain&#8221;","datePublished":"2022-03-24T04:06:03+00:00","mainEntityOfPage":{"@id":"https:\/\/thediplomatinspain.com\/en\/2022\/03\/24\/lopez-obrador-urges-new-ambassador-to-work-hard-for-unity-between-mexico-and-spain\/"},"wordCount":550,"commentCount":0,"publisher":{"@id":"https:\/\/thediplomatinspain.com\/#organization"},"image":{"@id":"https:\/\/thediplomatinspain.com\/en\/2022\/03\/24\/lopez-obrador-urges-new-ambassador-to-work-hard-for-unity-between-mexico-and-spain\/#primaryimage"},"thumbnailUrl":"https:\/\/thediplomatinspain.com\/wp-content\/uploads\/2024\/05\/amlo-quirino.jpg","articleSection":["Frontpage","Frontpage","News","Subscribers","The world in Spain"],"inLanguage":"en-US","potentialAction":[{"@type":"CommentAction","name":"Comment","target":["https:\/\/thediplomatinspain.com\/en\/2022\/03\/24\/lopez-obrador-urges-new-ambassador-to-work-hard-for-unity-between-mexico-and-spain\/#respond"]}]},{"@type":"WebPage","@id":"https:\/\/thediplomatinspain.com\/en\/2022\/03\/24\/lopez-obrador-urges-new-ambassador-to-work-hard-for-unity-between-mexico-and-spain\/","url":"https:\/\/thediplomatinspain.com\/en\/2022\/03\/24\/lopez-obrador-urges-new-ambassador-to-work-hard-for-unity-between-mexico-and-spain\/","name":"L\u00f3pez Obrador urges new ambassador to \"work hard\" for \"unity between Mexico and Spain\" - thediplomatinspain.com","isPartOf":{"@id":"https:\/\/thediplomatinspain.com\/#website"},"primaryImageOfPage":{"@id":"https:\/\/thediplomatinspain.com\/en\/2022\/03\/24\/lopez-obrador-urges-new-ambassador-to-work-hard-for-unity-between-mexico-and-spain\/#primaryimage"},"image":{"@id":"https:\/\/thediplomatinspain.com\/en\/2022\/03\/24\/lopez-obrador-urges-new-ambassador-to-work-hard-for-unity-between-mexico-and-spain\/#primaryimage"},"thumbnailUrl":"https:\/\/thediplomatinspain.com\/wp-content\/uploads\/2024\/05\/amlo-quirino.jpg","datePublished":"2022-03-24T04:06:03+00:00","breadcrumb":{"@id":"https:\/\/thediplomatinspain.com\/en\/2022\/03\/24\/lopez-obrador-urges-new-ambassador-to-work-hard-for-unity-between-mexico-and-spain\/#breadcrumb"},"inLanguage":"en-US","potentialAction":[{"@type":"ReadAction","target":["https:\/\/thediplomatinspain.com\/en\/2022\/03\/24\/lopez-obrador-urges-new-ambassador-to-work-hard-for-unity-between-mexico-and-spain\/"]}]},{"@type":"ImageObject","inLanguage":"en-US","@id":"https:\/\/thediplomatinspain.com\/en\/2022\/03\/24\/lopez-obrador-urges-new-ambassador-to-work-hard-for-unity-between-mexico-and-spain\/#primaryimage","url":"https:\/\/thediplomatinspain.com\/wp-content\/uploads\/2024\/05\/amlo-quirino.jpg","contentUrl":"https:\/\/thediplomatinspain.com\/wp-content\/uploads\/2024\/05\/amlo-quirino.jpg","width":750,"height":483,"caption":"L\u00f3pez Obrador with the new ambassador to Spain \/ Photo: @QuirinoOC"},{"@type":"BreadcrumbList","@id":"https:\/\/thediplomatinspain.com\/en\/2022\/03\/24\/lopez-obrador-urges-new-ambassador-to-work-hard-for-unity-between-mexico-and-spain\/#breadcrumb","itemListElement":[{"@type":"ListItem","position":1,"name":"Portada","item":"https:\/\/thediplomatinspain.com\/en\/"},{"@type":"ListItem","position":2,"name":"L\u00f3pez Obrador urges new ambassador to &#8220;work hard&#8221; for &#8220;unity between Mexico and Spain&#8221;"}]},{"@type":"WebSite","@id":"https:\/\/thediplomatinspain.com\/#website","url":"https:\/\/thediplomatinspain.com\/","name":"thediplomatinspain.com","description":"Diario digital de referencia para diplom\u00e1ticos y empresas","publisher":{"@id":"https:\/\/thediplomatinspain.com\/#organization"},"potentialAction":[{"@type":"SearchAction","target":{"@type":"EntryPoint","urlTemplate":"https:\/\/thediplomatinspain.com\/?s={search_term_string}"},"query-input":{"@type":"PropertyValueSpecification","valueRequired":true,"valueName":"search_term_string"}}],"inLanguage":"en-US"},{"@type":"Organization","@id":"https:\/\/thediplomatinspain.com\/#organization","name":"thediplomatinspain.com","url":"https:\/\/thediplomatinspain.com\/","logo":{"@type":"ImageObject","inLanguage":"en-US","@id":"https:\/\/thediplomatinspain.com\/#\/schema\/logo\/image\/","url":"https:\/\/thediplomatinspain.com\/wp-content\/uploads\/2024\/06\/logo_the_diplomat.png","contentUrl":"https:\/\/thediplomatinspain.com\/wp-content\/uploads\/2024\/06\/logo_the_diplomat.png","width":284,"height":77,"caption":"thediplomatinspain.com"},"image":{"@id":"https:\/\/thediplomatinspain.com\/#\/schema\/logo\/image\/"},"sameAs":["https:\/\/www.facebook.com\/thediplomatinspain","https:\/\/x.com\/diplomatinspain","https:\/\/www.youtube.com\/channel\/UCK0mRqeeZDKdFeiFQZLcH2A"]},{"@type":"Person","@id":"https:\/\/thediplomatinspain.com\/#\/schema\/person\/90d9b3004c2822bcbe64082dad885a9c","name":"Redacci\u00f3n","image":{"@type":"ImageObject","inLanguage":"en-US","@id":"https:\/\/secure.gravatar.com\/avatar\/6be270e1c81317331dd99c1537c17b9683039795b5a956c595769bfada5e7067?s=96&d=mm&r=g","url":"https:\/\/secure.gravatar.com\/avatar\/6be270e1c81317331dd99c1537c17b9683039795b5a956c595769bfada5e7067?s=96&d=mm&r=g","contentUrl":"https:\/\/secure.gravatar.com\/avatar\/6be270e1c81317331dd99c1537c17b9683039795b5a956c595769bfada5e7067?s=96&d=mm&r=g","caption":"Redacci\u00f3n"},"sameAs":["https:\/\/thediplomatinspain.com\/"],"url":"https:\/\/thediplomatinspain.com\/en\/author\/soportecibeles\/"},{"@type":["Organization","NewsMediaOrganization"],"@id":"https:\/\/thediplomatinspain.com\/en\/#organization"},{"@type":"SiteNavigationElement","@id":"https:\/\/thediplomatinspain.com\/en\/#site-navigation","cssSelector":[".cib-main-menu"]},{"@type":"WPHeader","@id":"https:\/\/thediplomatinspain.com\/en\/#header","cssSelector":[".cib-header"]},{"@type":"WPFooter","@id":"https:\/\/thediplomatinspain.com\/en\/#footer","cssSelector":[".cib-footer"]}]}},"amp_enabled":true,"_links":{"self":[{"href":"https:\/\/thediplomatinspain.com\/en\/wp-json\/wp\/v2\/posts\/76270","targetHints":{"allow":["GET"]}}],"collection":[{"href":"https:\/\/thediplomatinspain.com\/en\/wp-json\/wp\/v2\/posts"}],"about":[{"href":"https:\/\/thediplomatinspain.com\/en\/wp-json\/wp\/v2\/types\/post"}],"author":[{"embeddable":true,"href":"https:\/\/thediplomatinspain.com\/en\/wp-json\/wp\/v2\/users\/1"}],"replies":[{"embeddable":true,"href":"https:\/\/thediplomatinspain.com\/en\/wp-json\/wp\/v2\/comments?post=76270"}],"version-history":[{"count":0,"href":"https:\/\/thediplomatinspain.com\/en\/wp-json\/wp\/v2\/posts\/76270\/revisions"}],"wp:featuredmedia":[{"embeddable":true,"href":"https:\/\/thediplomatinspain.com\/en\/wp-json\/wp\/v2\/media\/54346"}],"wp:attachment":[{"href":"https:\/\/thediplomatinspain.com\/en\/wp-json\/wp\/v2\/media?parent=76270"}],"wp:term":[{"taxonomy":"category","embeddable":true,"href":"https:\/\/thediplomatinspain.com\/en\/wp-json\/wp\/v2\/categories?post=76270"},{"taxonomy":"post_tag","embeddable":true,"href":"https:\/\/thediplomatinspain.com\/en\/wp-json\/wp\/v2\/tags?post=76270"}],"curies":[{"name":"wp","href":"https:\/\/api.w.org\/{rel}","templated":true}]}}