{"id":75940,"date":"2022-02-16T05:00:02","date_gmt":"2022-02-16T04:00:02","guid":{"rendered":"https:\/\/zen-hopper.82-223-81-17.plesk.page\/2022\/02\/16\/solidarity-in-from-silence-to-explosion-at-the-instituto-frances\/"},"modified":"2022-02-16T05:00:02","modified_gmt":"2022-02-16T04:00:02","slug":"solidarity-in-from-silence-to-explosion-at-the-instituto-frances","status":"publish","type":"post","link":"https:\/\/thediplomatinspain.com\/en\/2022\/02\/16\/solidarity-in-from-silence-to-explosion-at-the-instituto-frances\/","title":{"rendered":"Solidarity in &#8216;From Silence to Explosion&#8217;, at the Instituto Franc\u00e9s"},"content":{"rendered":"<p>&nbsp;<\/p>\n<p>As part of the closing ceremony of the 5th edition of the Festival &#8220;Oui!, Festival de T(h)eatre en fran\u00e7ais de Barcelona&#8221;, the <strong>Instituto Franc\u00e9s<\/strong> of Madrid presents <strong><em>Du silence \u00e0 l&#8217;explosion \/ From silence to explosion, <\/em><\/strong>a play written by <strong>C\u00e9line Brunelle,<\/strong> tomorrow Thursday at 8pm.<\/p>\n<p>&nbsp;<\/p>\n<p>This play explains how French people in solidarity and exile fight together every day, hand in hand, for a dignified life together. The word is distilled throughout the three acts in an inexorable crescendo and uses rap as a radical discourse. Sometimes mixing several languages (French, English, Portuguese, Arabic), the texts explode as a vital necessity. <em>Du silence \u00e0 l&#8217;explosion\/ From silence to explosion <\/em>is a hymn to solidarity and a tribute to the heroes and heroines of our time who have defied all dangers to reach us. A total, multicultural and multimedia show, it tells us how French people in solidarity and exile fight daily, hand in hand, for a dignified life together. C\u00e9line Brunelle continues her work as a witness. Engaged since 2014 in the voluntary accompaniment of exiles on French territory, she tells of the daily struggles, those that unite French citizens and exiles from all over the world. Tickets can be purchased at this <a href=\"https:\/\/madrid.extranet-aec.com\/events\/detail\/1538?_gl=1*17kr3kq*_ga*MjA0ODYzMDE3NC4xNjAwNzczNDA0*_ga_ZCRPPVRRZ5*MTY0NDg1NTc5MS4zNi4wLjE2NDQ4NTU3OTEuMA..&amp;_ga=2.112243972.1873182417.1644855792-2048630174.1600773404#\/\" target=\"_blank\" rel=\"noopener noreferrer\"><strong>link.<\/strong><\/a><\/p>\n<p>&nbsp;<\/p>\n<p>&nbsp;<\/p>\n","protected":false},"excerpt":{"rendered":"<p>Tomorrow, Thursday, the Instituto Franc\u00e9s presents Du silence \u00e0 l&#8217;explosion \/ From silence to explosion, a play written by C\u00e9line Brunelle.<\/p>\n","protected":false},"author":1,"featured_media":54034,"comment_status":"open","ping_status":"open","sticky":false,"template":"","format":"standard","meta":{"jnews-multi-image_gallery":[],"jnews_single_post":[],"jnews_primary_category":[],"jnews_social_meta":[],"jnews_override_counter":[],"jnews_post_split":[],"footnotes":""},"categories":[176],"tags":[],"class_list":["post-75940","post","type-post","status-publish","format-standard","has-post-thumbnail","hentry","category-leisure"],"yoast_head":"<!-- This site is optimized with the Yoast SEO plugin v27.4 - https:\/\/yoast.com\/product\/yoast-seo-wordpress\/ -->\n<title>Solidarity in &#039;From Silence to Explosion&#039;, at the Instituto Franc\u00e9s - thediplomatinspain.com<\/title>\n<meta name=\"robots\" content=\"index, follow, max-snippet:-1, max-image-preview:large, max-video-preview:-1\" \/>\n<link rel=\"canonical\" href=\"https:\/\/thediplomatinspain.com\/en\/2022\/02\/16\/solidarity-in-from-silence-to-explosion-at-the-instituto-frances\/\" \/>\n<meta property=\"og:locale\" content=\"en_US\" \/>\n<meta property=\"og:type\" content=\"article\" \/>\n<meta property=\"og:title\" content=\"Solidarity in &#039;From Silence to Explosion&#039;, at the Instituto Franc\u00e9s - thediplomatinspain.com\" \/>\n<meta property=\"og:description\" content=\"Tomorrow, Thursday, the Instituto Franc\u00e9s presents Du silence \u00e0 l&#039;explosion \/ From silence to explosion, a play written by C\u00e9line Brunelle.\" \/>\n<meta property=\"og:url\" content=\"https:\/\/thediplomatinspain.com\/en\/2022\/02\/16\/solidarity-in-from-silence-to-explosion-at-the-instituto-frances\/\" \/>\n<meta property=\"og:site_name\" content=\"thediplomatinspain.com\" \/>\n<meta property=\"article:publisher\" content=\"https:\/\/www.facebook.com\/thediplomatinspain\" \/>\n<meta property=\"article:published_time\" content=\"2022-02-16T04:00:02+00:00\" \/>\n<meta property=\"og:image\" content=\"https:\/\/thediplomatinspain.com\/wp-content\/uploads\/2024\/05\/Du-silence-a-lexplosion-ok.jpg\" \/>\n\t<meta property=\"og:image:width\" content=\"220\" \/>\n\t<meta property=\"og:image:height\" content=\"314\" \/>\n\t<meta property=\"og:image:type\" content=\"image\/jpeg\" \/>\n<meta name=\"author\" content=\"Redacci\u00f3n\" \/>\n<meta name=\"twitter:card\" content=\"summary_large_image\" \/>\n<meta name=\"twitter:creator\" content=\"@diplomatinspain\" \/>\n<meta name=\"twitter:site\" content=\"@diplomatinspain\" \/>\n<meta name=\"twitter:label1\" content=\"Written by\" \/>\n\t<meta name=\"twitter:data1\" content=\"Redacci\u00f3n\" \/>\n\t<meta name=\"twitter:label2\" content=\"Est. reading time\" \/>\n\t<meta name=\"twitter:data2\" content=\"1 minute\" \/>\n<script type=\"application\/ld+json\" class=\"yoast-schema-graph\">{\"@context\":\"https:\\\/\\\/schema.org\",\"@graph\":[{\"@type\":\"Article\",\"@id\":\"https:\\\/\\\/thediplomatinspain.com\\\/en\\\/2022\\\/02\\\/16\\\/solidarity-in-from-silence-to-explosion-at-the-instituto-frances\\\/#article\",\"isPartOf\":{\"@id\":\"https:\\\/\\\/thediplomatinspain.com\\\/en\\\/2022\\\/02\\\/16\\\/solidarity-in-from-silence-to-explosion-at-the-instituto-frances\\\/\"},\"author\":{\"name\":\"Redacci\u00f3n\",\"@id\":\"https:\\\/\\\/thediplomatinspain.com\\\/#\\\/schema\\\/person\\\/90d9b3004c2822bcbe64082dad885a9c\"},\"headline\":\"Solidarity in &#8216;From Silence to Explosion&#8217;, at the Instituto Franc\u00e9s\",\"datePublished\":\"2022-02-16T04:00:02+00:00\",\"mainEntityOfPage\":{\"@id\":\"https:\\\/\\\/thediplomatinspain.com\\\/en\\\/2022\\\/02\\\/16\\\/solidarity-in-from-silence-to-explosion-at-the-instituto-frances\\\/\"},\"wordCount\":224,\"commentCount\":0,\"publisher\":{\"@id\":\"https:\\\/\\\/thediplomatinspain.com\\\/#organization\"},\"image\":{\"@id\":\"https:\\\/\\\/thediplomatinspain.com\\\/en\\\/2022\\\/02\\\/16\\\/solidarity-in-from-silence-to-explosion-at-the-instituto-frances\\\/#primaryimage\"},\"thumbnailUrl\":\"https:\\\/\\\/thediplomatinspain.com\\\/wp-content\\\/uploads\\\/2024\\\/05\\\/Du-silence-a-lexplosion-ok.jpg\",\"articleSection\":[\"Leisure\"],\"inLanguage\":\"en-US\",\"potentialAction\":[{\"@type\":\"CommentAction\",\"name\":\"Comment\",\"target\":[\"https:\\\/\\\/thediplomatinspain.com\\\/en\\\/2022\\\/02\\\/16\\\/solidarity-in-from-silence-to-explosion-at-the-instituto-frances\\\/#respond\"]}]},{\"@type\":\"WebPage\",\"@id\":\"https:\\\/\\\/thediplomatinspain.com\\\/en\\\/2022\\\/02\\\/16\\\/solidarity-in-from-silence-to-explosion-at-the-instituto-frances\\\/\",\"url\":\"https:\\\/\\\/thediplomatinspain.com\\\/en\\\/2022\\\/02\\\/16\\\/solidarity-in-from-silence-to-explosion-at-the-instituto-frances\\\/\",\"name\":\"Solidarity in 'From Silence to Explosion', at the Instituto Franc\u00e9s - thediplomatinspain.com\",\"isPartOf\":{\"@id\":\"https:\\\/\\\/thediplomatinspain.com\\\/#website\"},\"primaryImageOfPage\":{\"@id\":\"https:\\\/\\\/thediplomatinspain.com\\\/en\\\/2022\\\/02\\\/16\\\/solidarity-in-from-silence-to-explosion-at-the-instituto-frances\\\/#primaryimage\"},\"image\":{\"@id\":\"https:\\\/\\\/thediplomatinspain.com\\\/en\\\/2022\\\/02\\\/16\\\/solidarity-in-from-silence-to-explosion-at-the-instituto-frances\\\/#primaryimage\"},\"thumbnailUrl\":\"https:\\\/\\\/thediplomatinspain.com\\\/wp-content\\\/uploads\\\/2024\\\/05\\\/Du-silence-a-lexplosion-ok.jpg\",\"datePublished\":\"2022-02-16T04:00:02+00:00\",\"breadcrumb\":{\"@id\":\"https:\\\/\\\/thediplomatinspain.com\\\/en\\\/2022\\\/02\\\/16\\\/solidarity-in-from-silence-to-explosion-at-the-instituto-frances\\\/#breadcrumb\"},\"inLanguage\":\"en-US\",\"potentialAction\":[{\"@type\":\"ReadAction\",\"target\":[\"https:\\\/\\\/thediplomatinspain.com\\\/en\\\/2022\\\/02\\\/16\\\/solidarity-in-from-silence-to-explosion-at-the-instituto-frances\\\/\"]}]},{\"@type\":\"ImageObject\",\"inLanguage\":\"en-US\",\"@id\":\"https:\\\/\\\/thediplomatinspain.com\\\/en\\\/2022\\\/02\\\/16\\\/solidarity-in-from-silence-to-explosion-at-the-instituto-frances\\\/#primaryimage\",\"url\":\"https:\\\/\\\/thediplomatinspain.com\\\/wp-content\\\/uploads\\\/2024\\\/05\\\/Du-silence-a-lexplosion-ok.jpg\",\"contentUrl\":\"https:\\\/\\\/thediplomatinspain.com\\\/wp-content\\\/uploads\\\/2024\\\/05\\\/Du-silence-a-lexplosion-ok.jpg\",\"width\":220,\"height\":314},{\"@type\":\"BreadcrumbList\",\"@id\":\"https:\\\/\\\/thediplomatinspain.com\\\/en\\\/2022\\\/02\\\/16\\\/solidarity-in-from-silence-to-explosion-at-the-instituto-frances\\\/#breadcrumb\",\"itemListElement\":[{\"@type\":\"ListItem\",\"position\":1,\"name\":\"Portada\",\"item\":\"https:\\\/\\\/thediplomatinspain.com\\\/en\\\/\"},{\"@type\":\"ListItem\",\"position\":2,\"name\":\"Solidarity in &#8216;From Silence to Explosion&#8217;, at the Instituto Franc\u00e9s\"}]},{\"@type\":\"WebSite\",\"@id\":\"https:\\\/\\\/thediplomatinspain.com\\\/#website\",\"url\":\"https:\\\/\\\/thediplomatinspain.com\\\/\",\"name\":\"thediplomatinspain.com\",\"description\":\"Diario digital de referencia para diplom\u00e1ticos y empresas\",\"publisher\":{\"@id\":\"https:\\\/\\\/thediplomatinspain.com\\\/#organization\"},\"potentialAction\":[{\"@type\":\"SearchAction\",\"target\":{\"@type\":\"EntryPoint\",\"urlTemplate\":\"https:\\\/\\\/thediplomatinspain.com\\\/?s={search_term_string}\"},\"query-input\":{\"@type\":\"PropertyValueSpecification\",\"valueRequired\":true,\"valueName\":\"search_term_string\"}}],\"inLanguage\":\"en-US\"},{\"@type\":\"Organization\",\"@id\":\"https:\\\/\\\/thediplomatinspain.com\\\/#organization\",\"name\":\"thediplomatinspain.com\",\"url\":\"https:\\\/\\\/thediplomatinspain.com\\\/\",\"logo\":{\"@type\":\"ImageObject\",\"inLanguage\":\"en-US\",\"@id\":\"https:\\\/\\\/thediplomatinspain.com\\\/#\\\/schema\\\/logo\\\/image\\\/\",\"url\":\"https:\\\/\\\/thediplomatinspain.com\\\/wp-content\\\/uploads\\\/2024\\\/06\\\/logo_the_diplomat.png\",\"contentUrl\":\"https:\\\/\\\/thediplomatinspain.com\\\/wp-content\\\/uploads\\\/2024\\\/06\\\/logo_the_diplomat.png\",\"width\":284,\"height\":77,\"caption\":\"thediplomatinspain.com\"},\"image\":{\"@id\":\"https:\\\/\\\/thediplomatinspain.com\\\/#\\\/schema\\\/logo\\\/image\\\/\"},\"sameAs\":[\"https:\\\/\\\/www.facebook.com\\\/thediplomatinspain\",\"https:\\\/\\\/x.com\\\/diplomatinspain\",\"https:\\\/\\\/www.youtube.com\\\/channel\\\/UCK0mRqeeZDKdFeiFQZLcH2A\"]},{\"@type\":\"Person\",\"@id\":\"https:\\\/\\\/thediplomatinspain.com\\\/#\\\/schema\\\/person\\\/90d9b3004c2822bcbe64082dad885a9c\",\"name\":\"Redacci\u00f3n\",\"image\":{\"@type\":\"ImageObject\",\"inLanguage\":\"en-US\",\"@id\":\"https:\\\/\\\/secure.gravatar.com\\\/avatar\\\/6be270e1c81317331dd99c1537c17b9683039795b5a956c595769bfada5e7067?s=96&d=mm&r=g\",\"url\":\"https:\\\/\\\/secure.gravatar.com\\\/avatar\\\/6be270e1c81317331dd99c1537c17b9683039795b5a956c595769bfada5e7067?s=96&d=mm&r=g\",\"contentUrl\":\"https:\\\/\\\/secure.gravatar.com\\\/avatar\\\/6be270e1c81317331dd99c1537c17b9683039795b5a956c595769bfada5e7067?s=96&d=mm&r=g\",\"caption\":\"Redacci\u00f3n\"},\"sameAs\":[\"https:\\\/\\\/thediplomatinspain.com\\\/\"],\"url\":\"https:\\\/\\\/thediplomatinspain.com\\\/en\\\/author\\\/soportecibeles\\\/\"},{\"@type\":[\"Organization\",\"NewsMediaOrganization\"],\"@id\":\"https:\\\/\\\/thediplomatinspain.com\\\/en\\\/#organization\"},{\"@type\":\"SiteNavigationElement\",\"@id\":\"https:\\\/\\\/thediplomatinspain.com\\\/en\\\/#site-navigation\",\"cssSelector\":[\".cib-main-menu\"]},{\"@type\":\"WPHeader\",\"@id\":\"https:\\\/\\\/thediplomatinspain.com\\\/en\\\/#header\",\"cssSelector\":[\".cib-header\"]},{\"@type\":\"WPFooter\",\"@id\":\"https:\\\/\\\/thediplomatinspain.com\\\/en\\\/#footer\",\"cssSelector\":[\".cib-footer\"]}]}<\/script>\n<!-- \/ Yoast SEO plugin. -->","yoast_head_json":{"title":"Solidarity in 'From Silence to Explosion', at the Instituto Franc\u00e9s - thediplomatinspain.com","robots":{"index":"index","follow":"follow","max-snippet":"max-snippet:-1","max-image-preview":"max-image-preview:large","max-video-preview":"max-video-preview:-1"},"canonical":"https:\/\/thediplomatinspain.com\/en\/2022\/02\/16\/solidarity-in-from-silence-to-explosion-at-the-instituto-frances\/","og_locale":"en_US","og_type":"article","og_title":"Solidarity in 'From Silence to Explosion', at the Instituto Franc\u00e9s - thediplomatinspain.com","og_description":"Tomorrow, Thursday, the Instituto Franc\u00e9s presents Du silence \u00e0 l'explosion \/ From silence to explosion, a play written by C\u00e9line Brunelle.","og_url":"https:\/\/thediplomatinspain.com\/en\/2022\/02\/16\/solidarity-in-from-silence-to-explosion-at-the-instituto-frances\/","og_site_name":"thediplomatinspain.com","article_publisher":"https:\/\/www.facebook.com\/thediplomatinspain","article_published_time":"2022-02-16T04:00:02+00:00","og_image":[{"width":220,"height":314,"url":"https:\/\/thediplomatinspain.com\/wp-content\/uploads\/2024\/05\/Du-silence-a-lexplosion-ok.jpg","type":"image\/jpeg"}],"author":"Redacci\u00f3n","twitter_card":"summary_large_image","twitter_creator":"@diplomatinspain","twitter_site":"@diplomatinspain","twitter_misc":{"Written by":"Redacci\u00f3n","Est. reading time":"1 minute"},"schema":{"@context":"https:\/\/schema.org","@graph":[{"@type":"Article","@id":"https:\/\/thediplomatinspain.com\/en\/2022\/02\/16\/solidarity-in-from-silence-to-explosion-at-the-instituto-frances\/#article","isPartOf":{"@id":"https:\/\/thediplomatinspain.com\/en\/2022\/02\/16\/solidarity-in-from-silence-to-explosion-at-the-instituto-frances\/"},"author":{"name":"Redacci\u00f3n","@id":"https:\/\/thediplomatinspain.com\/#\/schema\/person\/90d9b3004c2822bcbe64082dad885a9c"},"headline":"Solidarity in &#8216;From Silence to Explosion&#8217;, at the Instituto Franc\u00e9s","datePublished":"2022-02-16T04:00:02+00:00","mainEntityOfPage":{"@id":"https:\/\/thediplomatinspain.com\/en\/2022\/02\/16\/solidarity-in-from-silence-to-explosion-at-the-instituto-frances\/"},"wordCount":224,"commentCount":0,"publisher":{"@id":"https:\/\/thediplomatinspain.com\/#organization"},"image":{"@id":"https:\/\/thediplomatinspain.com\/en\/2022\/02\/16\/solidarity-in-from-silence-to-explosion-at-the-instituto-frances\/#primaryimage"},"thumbnailUrl":"https:\/\/thediplomatinspain.com\/wp-content\/uploads\/2024\/05\/Du-silence-a-lexplosion-ok.jpg","articleSection":["Leisure"],"inLanguage":"en-US","potentialAction":[{"@type":"CommentAction","name":"Comment","target":["https:\/\/thediplomatinspain.com\/en\/2022\/02\/16\/solidarity-in-from-silence-to-explosion-at-the-instituto-frances\/#respond"]}]},{"@type":"WebPage","@id":"https:\/\/thediplomatinspain.com\/en\/2022\/02\/16\/solidarity-in-from-silence-to-explosion-at-the-instituto-frances\/","url":"https:\/\/thediplomatinspain.com\/en\/2022\/02\/16\/solidarity-in-from-silence-to-explosion-at-the-instituto-frances\/","name":"Solidarity in 'From Silence to Explosion', at the Instituto Franc\u00e9s - thediplomatinspain.com","isPartOf":{"@id":"https:\/\/thediplomatinspain.com\/#website"},"primaryImageOfPage":{"@id":"https:\/\/thediplomatinspain.com\/en\/2022\/02\/16\/solidarity-in-from-silence-to-explosion-at-the-instituto-frances\/#primaryimage"},"image":{"@id":"https:\/\/thediplomatinspain.com\/en\/2022\/02\/16\/solidarity-in-from-silence-to-explosion-at-the-instituto-frances\/#primaryimage"},"thumbnailUrl":"https:\/\/thediplomatinspain.com\/wp-content\/uploads\/2024\/05\/Du-silence-a-lexplosion-ok.jpg","datePublished":"2022-02-16T04:00:02+00:00","breadcrumb":{"@id":"https:\/\/thediplomatinspain.com\/en\/2022\/02\/16\/solidarity-in-from-silence-to-explosion-at-the-instituto-frances\/#breadcrumb"},"inLanguage":"en-US","potentialAction":[{"@type":"ReadAction","target":["https:\/\/thediplomatinspain.com\/en\/2022\/02\/16\/solidarity-in-from-silence-to-explosion-at-the-instituto-frances\/"]}]},{"@type":"ImageObject","inLanguage":"en-US","@id":"https:\/\/thediplomatinspain.com\/en\/2022\/02\/16\/solidarity-in-from-silence-to-explosion-at-the-instituto-frances\/#primaryimage","url":"https:\/\/thediplomatinspain.com\/wp-content\/uploads\/2024\/05\/Du-silence-a-lexplosion-ok.jpg","contentUrl":"https:\/\/thediplomatinspain.com\/wp-content\/uploads\/2024\/05\/Du-silence-a-lexplosion-ok.jpg","width":220,"height":314},{"@type":"BreadcrumbList","@id":"https:\/\/thediplomatinspain.com\/en\/2022\/02\/16\/solidarity-in-from-silence-to-explosion-at-the-instituto-frances\/#breadcrumb","itemListElement":[{"@type":"ListItem","position":1,"name":"Portada","item":"https:\/\/thediplomatinspain.com\/en\/"},{"@type":"ListItem","position":2,"name":"Solidarity in &#8216;From Silence to Explosion&#8217;, at the Instituto Franc\u00e9s"}]},{"@type":"WebSite","@id":"https:\/\/thediplomatinspain.com\/#website","url":"https:\/\/thediplomatinspain.com\/","name":"thediplomatinspain.com","description":"Diario digital de referencia para diplom\u00e1ticos y empresas","publisher":{"@id":"https:\/\/thediplomatinspain.com\/#organization"},"potentialAction":[{"@type":"SearchAction","target":{"@type":"EntryPoint","urlTemplate":"https:\/\/thediplomatinspain.com\/?s={search_term_string}"},"query-input":{"@type":"PropertyValueSpecification","valueRequired":true,"valueName":"search_term_string"}}],"inLanguage":"en-US"},{"@type":"Organization","@id":"https:\/\/thediplomatinspain.com\/#organization","name":"thediplomatinspain.com","url":"https:\/\/thediplomatinspain.com\/","logo":{"@type":"ImageObject","inLanguage":"en-US","@id":"https:\/\/thediplomatinspain.com\/#\/schema\/logo\/image\/","url":"https:\/\/thediplomatinspain.com\/wp-content\/uploads\/2024\/06\/logo_the_diplomat.png","contentUrl":"https:\/\/thediplomatinspain.com\/wp-content\/uploads\/2024\/06\/logo_the_diplomat.png","width":284,"height":77,"caption":"thediplomatinspain.com"},"image":{"@id":"https:\/\/thediplomatinspain.com\/#\/schema\/logo\/image\/"},"sameAs":["https:\/\/www.facebook.com\/thediplomatinspain","https:\/\/x.com\/diplomatinspain","https:\/\/www.youtube.com\/channel\/UCK0mRqeeZDKdFeiFQZLcH2A"]},{"@type":"Person","@id":"https:\/\/thediplomatinspain.com\/#\/schema\/person\/90d9b3004c2822bcbe64082dad885a9c","name":"Redacci\u00f3n","image":{"@type":"ImageObject","inLanguage":"en-US","@id":"https:\/\/secure.gravatar.com\/avatar\/6be270e1c81317331dd99c1537c17b9683039795b5a956c595769bfada5e7067?s=96&d=mm&r=g","url":"https:\/\/secure.gravatar.com\/avatar\/6be270e1c81317331dd99c1537c17b9683039795b5a956c595769bfada5e7067?s=96&d=mm&r=g","contentUrl":"https:\/\/secure.gravatar.com\/avatar\/6be270e1c81317331dd99c1537c17b9683039795b5a956c595769bfada5e7067?s=96&d=mm&r=g","caption":"Redacci\u00f3n"},"sameAs":["https:\/\/thediplomatinspain.com\/"],"url":"https:\/\/thediplomatinspain.com\/en\/author\/soportecibeles\/"},{"@type":["Organization","NewsMediaOrganization"],"@id":"https:\/\/thediplomatinspain.com\/en\/#organization"},{"@type":"SiteNavigationElement","@id":"https:\/\/thediplomatinspain.com\/en\/#site-navigation","cssSelector":[".cib-main-menu"]},{"@type":"WPHeader","@id":"https:\/\/thediplomatinspain.com\/en\/#header","cssSelector":[".cib-header"]},{"@type":"WPFooter","@id":"https:\/\/thediplomatinspain.com\/en\/#footer","cssSelector":[".cib-footer"]}]}},"amp_enabled":true,"_links":{"self":[{"href":"https:\/\/thediplomatinspain.com\/en\/wp-json\/wp\/v2\/posts\/75940","targetHints":{"allow":["GET"]}}],"collection":[{"href":"https:\/\/thediplomatinspain.com\/en\/wp-json\/wp\/v2\/posts"}],"about":[{"href":"https:\/\/thediplomatinspain.com\/en\/wp-json\/wp\/v2\/types\/post"}],"author":[{"embeddable":true,"href":"https:\/\/thediplomatinspain.com\/en\/wp-json\/wp\/v2\/users\/1"}],"replies":[{"embeddable":true,"href":"https:\/\/thediplomatinspain.com\/en\/wp-json\/wp\/v2\/comments?post=75940"}],"version-history":[{"count":0,"href":"https:\/\/thediplomatinspain.com\/en\/wp-json\/wp\/v2\/posts\/75940\/revisions"}],"wp:featuredmedia":[{"embeddable":true,"href":"https:\/\/thediplomatinspain.com\/en\/wp-json\/wp\/v2\/media\/54034"}],"wp:attachment":[{"href":"https:\/\/thediplomatinspain.com\/en\/wp-json\/wp\/v2\/media?parent=75940"}],"wp:term":[{"taxonomy":"category","embeddable":true,"href":"https:\/\/thediplomatinspain.com\/en\/wp-json\/wp\/v2\/categories?post=75940"},{"taxonomy":"post_tag","embeddable":true,"href":"https:\/\/thediplomatinspain.com\/en\/wp-json\/wp\/v2\/tags?post=75940"}],"curies":[{"name":"wp","href":"https:\/\/api.w.org\/{rel}","templated":true}]}}