{"id":75869,"date":"2022-02-08T05:00:00","date_gmt":"2022-02-08T04:00:00","guid":{"rendered":"https:\/\/zen-hopper.82-223-81-17.plesk.page\/2022\/02\/08\/casa-de-america-premieres-the-documentary-solidarity-is-not-cancelled\/"},"modified":"2022-02-08T05:00:00","modified_gmt":"2022-02-08T04:00:00","slug":"casa-de-america-premieres-the-documentary-solidarity-is-not-cancelled","status":"publish","type":"post","link":"https:\/\/thediplomatinspain.com\/en\/2022\/02\/08\/casa-de-america-premieres-the-documentary-solidarity-is-not-cancelled\/","title":{"rendered":"Casa de Am\u00e9rica premieres the documentary &#8216;Solidarity is not cancelled&#8217;"},"content":{"rendered":"<p>&nbsp;<\/p>\n<p>Next Thursday at 7pm, <strong>Casa Am\u00e9rica<\/strong> premieres the documentary short film <strong><em>Solidarity is not cancelled (La solidaridad no se cancela),<\/em><\/strong> after which there will be a debate between members of the team that has worked on the project.<\/p>\n<p>&nbsp;<\/p>\n<p>The idea is to highlight the idea that, in times of extreme crisis, such as the pandemic caused by COVID19, solidarity and a cooperative attitude play a fundamental role in social articulation. Solidarity is not cancelled explains very well how mutual support between anonymous people writes the intrahistory of a possible and real recovery.<\/p>\n<p>&nbsp;<\/p>\n<p><strong>Richard Zubelzu,<\/strong> director and producer; <strong>Martha Cura<\/strong> (Venezuela), from Refugiados sin Fronteras and <strong>Carlos Foliaco<\/strong> (Colombia), from Acci\u00f3n Tri\u00e1ngulo will be present in the colloquium after the screening. Human Rights journalist <strong>Patricia Sim\u00f3n,<\/strong> who has extensive experience in humanitarian crises, will moderate this debate on how collective work allows us to better overcome individual obstacles. Free admission until full capacity is reached. Tickets will be distributed at the Information Point one hour before the start of the activities.<\/p>\n<p>&nbsp;<\/p>\n<p>&nbsp;<\/p>\n","protected":false},"excerpt":{"rendered":"<p>Next Thursday, Casa Am\u00e9rica premieres the documentary short film Solidarity is not cancelled, which will be followed by a debate.<\/p>\n","protected":false},"author":1,"featured_media":53971,"comment_status":"open","ping_status":"open","sticky":false,"template":"","format":"standard","meta":{"jnews-multi-image_gallery":[],"jnews_single_post":[],"jnews_primary_category":[],"jnews_social_meta":[],"jnews_override_counter":[],"jnews_post_split":[],"footnotes":""},"categories":[178,176],"tags":[],"class_list":["post-75869","post","type-post","status-publish","format-standard","has-post-thumbnail","hentry","category-culture-art","category-leisure"],"yoast_head":"<!-- This site is optimized with the Yoast SEO plugin v27.4 - https:\/\/yoast.com\/product\/yoast-seo-wordpress\/ -->\n<title>Casa de Am\u00e9rica premieres the documentary &#039;Solidarity is not cancelled&#039; - thediplomatinspain.com<\/title>\n<meta name=\"robots\" content=\"index, follow, max-snippet:-1, max-image-preview:large, max-video-preview:-1\" \/>\n<link rel=\"canonical\" href=\"https:\/\/thediplomatinspain.com\/en\/2022\/02\/08\/casa-de-america-premieres-the-documentary-solidarity-is-not-cancelled\/\" \/>\n<meta property=\"og:locale\" content=\"en_US\" \/>\n<meta property=\"og:type\" content=\"article\" \/>\n<meta property=\"og:title\" content=\"Casa de Am\u00e9rica premieres the documentary &#039;Solidarity is not cancelled&#039; - thediplomatinspain.com\" \/>\n<meta property=\"og:description\" content=\"Next Thursday, Casa Am\u00e9rica premieres the documentary short film Solidarity is not cancelled, which will be followed by a debate.\" \/>\n<meta property=\"og:url\" content=\"https:\/\/thediplomatinspain.com\/en\/2022\/02\/08\/casa-de-america-premieres-the-documentary-solidarity-is-not-cancelled\/\" \/>\n<meta property=\"og:site_name\" content=\"thediplomatinspain.com\" \/>\n<meta property=\"article:publisher\" content=\"https:\/\/www.facebook.com\/thediplomatinspain\" \/>\n<meta property=\"article:published_time\" content=\"2022-02-08T04:00:00+00:00\" \/>\n<meta property=\"og:image\" content=\"https:\/\/thediplomatinspain.com\/wp-content\/uploads\/2024\/05\/La-solidaridad-no-se-cancela-ok.jpg\" \/>\n\t<meta property=\"og:image:width\" content=\"220\" \/>\n\t<meta property=\"og:image:height\" content=\"314\" \/>\n\t<meta property=\"og:image:type\" content=\"image\/jpeg\" \/>\n<meta name=\"author\" content=\"Redacci\u00f3n\" \/>\n<meta name=\"twitter:card\" content=\"summary_large_image\" \/>\n<meta name=\"twitter:creator\" content=\"@diplomatinspain\" \/>\n<meta name=\"twitter:site\" content=\"@diplomatinspain\" \/>\n<meta name=\"twitter:label1\" content=\"Written by\" \/>\n\t<meta name=\"twitter:data1\" content=\"Redacci\u00f3n\" \/>\n\t<meta name=\"twitter:label2\" content=\"Est. reading time\" \/>\n\t<meta name=\"twitter:data2\" content=\"1 minute\" \/>\n<script type=\"application\/ld+json\" class=\"yoast-schema-graph\">{\"@context\":\"https:\\\/\\\/schema.org\",\"@graph\":[{\"@type\":\"Article\",\"@id\":\"https:\\\/\\\/thediplomatinspain.com\\\/en\\\/2022\\\/02\\\/08\\\/casa-de-america-premieres-the-documentary-solidarity-is-not-cancelled\\\/#article\",\"isPartOf\":{\"@id\":\"https:\\\/\\\/thediplomatinspain.com\\\/en\\\/2022\\\/02\\\/08\\\/casa-de-america-premieres-the-documentary-solidarity-is-not-cancelled\\\/\"},\"author\":{\"name\":\"Redacci\u00f3n\",\"@id\":\"https:\\\/\\\/thediplomatinspain.com\\\/#\\\/schema\\\/person\\\/90d9b3004c2822bcbe64082dad885a9c\"},\"headline\":\"Casa de Am\u00e9rica premieres the documentary &#8216;Solidarity is not cancelled&#8217;\",\"datePublished\":\"2022-02-08T04:00:00+00:00\",\"mainEntityOfPage\":{\"@id\":\"https:\\\/\\\/thediplomatinspain.com\\\/en\\\/2022\\\/02\\\/08\\\/casa-de-america-premieres-the-documentary-solidarity-is-not-cancelled\\\/\"},\"wordCount\":190,\"commentCount\":0,\"publisher\":{\"@id\":\"https:\\\/\\\/thediplomatinspain.com\\\/#organization\"},\"image\":{\"@id\":\"https:\\\/\\\/thediplomatinspain.com\\\/en\\\/2022\\\/02\\\/08\\\/casa-de-america-premieres-the-documentary-solidarity-is-not-cancelled\\\/#primaryimage\"},\"thumbnailUrl\":\"https:\\\/\\\/thediplomatinspain.com\\\/wp-content\\\/uploads\\\/2024\\\/05\\\/La-solidaridad-no-se-cancela-ok.jpg\",\"articleSection\":[\"Culture &amp; Art\",\"Leisure\"],\"inLanguage\":\"en-US\",\"potentialAction\":[{\"@type\":\"CommentAction\",\"name\":\"Comment\",\"target\":[\"https:\\\/\\\/thediplomatinspain.com\\\/en\\\/2022\\\/02\\\/08\\\/casa-de-america-premieres-the-documentary-solidarity-is-not-cancelled\\\/#respond\"]}]},{\"@type\":\"WebPage\",\"@id\":\"https:\\\/\\\/thediplomatinspain.com\\\/en\\\/2022\\\/02\\\/08\\\/casa-de-america-premieres-the-documentary-solidarity-is-not-cancelled\\\/\",\"url\":\"https:\\\/\\\/thediplomatinspain.com\\\/en\\\/2022\\\/02\\\/08\\\/casa-de-america-premieres-the-documentary-solidarity-is-not-cancelled\\\/\",\"name\":\"Casa de Am\u00e9rica premieres the documentary 'Solidarity is not cancelled' - thediplomatinspain.com\",\"isPartOf\":{\"@id\":\"https:\\\/\\\/thediplomatinspain.com\\\/#website\"},\"primaryImageOfPage\":{\"@id\":\"https:\\\/\\\/thediplomatinspain.com\\\/en\\\/2022\\\/02\\\/08\\\/casa-de-america-premieres-the-documentary-solidarity-is-not-cancelled\\\/#primaryimage\"},\"image\":{\"@id\":\"https:\\\/\\\/thediplomatinspain.com\\\/en\\\/2022\\\/02\\\/08\\\/casa-de-america-premieres-the-documentary-solidarity-is-not-cancelled\\\/#primaryimage\"},\"thumbnailUrl\":\"https:\\\/\\\/thediplomatinspain.com\\\/wp-content\\\/uploads\\\/2024\\\/05\\\/La-solidaridad-no-se-cancela-ok.jpg\",\"datePublished\":\"2022-02-08T04:00:00+00:00\",\"breadcrumb\":{\"@id\":\"https:\\\/\\\/thediplomatinspain.com\\\/en\\\/2022\\\/02\\\/08\\\/casa-de-america-premieres-the-documentary-solidarity-is-not-cancelled\\\/#breadcrumb\"},\"inLanguage\":\"en-US\",\"potentialAction\":[{\"@type\":\"ReadAction\",\"target\":[\"https:\\\/\\\/thediplomatinspain.com\\\/en\\\/2022\\\/02\\\/08\\\/casa-de-america-premieres-the-documentary-solidarity-is-not-cancelled\\\/\"]}]},{\"@type\":\"ImageObject\",\"inLanguage\":\"en-US\",\"@id\":\"https:\\\/\\\/thediplomatinspain.com\\\/en\\\/2022\\\/02\\\/08\\\/casa-de-america-premieres-the-documentary-solidarity-is-not-cancelled\\\/#primaryimage\",\"url\":\"https:\\\/\\\/thediplomatinspain.com\\\/wp-content\\\/uploads\\\/2024\\\/05\\\/La-solidaridad-no-se-cancela-ok.jpg\",\"contentUrl\":\"https:\\\/\\\/thediplomatinspain.com\\\/wp-content\\\/uploads\\\/2024\\\/05\\\/La-solidaridad-no-se-cancela-ok.jpg\",\"width\":220,\"height\":314},{\"@type\":\"BreadcrumbList\",\"@id\":\"https:\\\/\\\/thediplomatinspain.com\\\/en\\\/2022\\\/02\\\/08\\\/casa-de-america-premieres-the-documentary-solidarity-is-not-cancelled\\\/#breadcrumb\",\"itemListElement\":[{\"@type\":\"ListItem\",\"position\":1,\"name\":\"Portada\",\"item\":\"https:\\\/\\\/thediplomatinspain.com\\\/en\\\/\"},{\"@type\":\"ListItem\",\"position\":2,\"name\":\"Casa de Am\u00e9rica premieres the documentary &#8216;Solidarity is not cancelled&#8217;\"}]},{\"@type\":\"WebSite\",\"@id\":\"https:\\\/\\\/thediplomatinspain.com\\\/#website\",\"url\":\"https:\\\/\\\/thediplomatinspain.com\\\/\",\"name\":\"thediplomatinspain.com\",\"description\":\"Diario digital de referencia para diplom\u00e1ticos y empresas\",\"publisher\":{\"@id\":\"https:\\\/\\\/thediplomatinspain.com\\\/#organization\"},\"potentialAction\":[{\"@type\":\"SearchAction\",\"target\":{\"@type\":\"EntryPoint\",\"urlTemplate\":\"https:\\\/\\\/thediplomatinspain.com\\\/?s={search_term_string}\"},\"query-input\":{\"@type\":\"PropertyValueSpecification\",\"valueRequired\":true,\"valueName\":\"search_term_string\"}}],\"inLanguage\":\"en-US\"},{\"@type\":\"Organization\",\"@id\":\"https:\\\/\\\/thediplomatinspain.com\\\/#organization\",\"name\":\"thediplomatinspain.com\",\"url\":\"https:\\\/\\\/thediplomatinspain.com\\\/\",\"logo\":{\"@type\":\"ImageObject\",\"inLanguage\":\"en-US\",\"@id\":\"https:\\\/\\\/thediplomatinspain.com\\\/#\\\/schema\\\/logo\\\/image\\\/\",\"url\":\"https:\\\/\\\/thediplomatinspain.com\\\/wp-content\\\/uploads\\\/2024\\\/06\\\/logo_the_diplomat.png\",\"contentUrl\":\"https:\\\/\\\/thediplomatinspain.com\\\/wp-content\\\/uploads\\\/2024\\\/06\\\/logo_the_diplomat.png\",\"width\":284,\"height\":77,\"caption\":\"thediplomatinspain.com\"},\"image\":{\"@id\":\"https:\\\/\\\/thediplomatinspain.com\\\/#\\\/schema\\\/logo\\\/image\\\/\"},\"sameAs\":[\"https:\\\/\\\/www.facebook.com\\\/thediplomatinspain\",\"https:\\\/\\\/x.com\\\/diplomatinspain\",\"https:\\\/\\\/www.youtube.com\\\/channel\\\/UCK0mRqeeZDKdFeiFQZLcH2A\"]},{\"@type\":\"Person\",\"@id\":\"https:\\\/\\\/thediplomatinspain.com\\\/#\\\/schema\\\/person\\\/90d9b3004c2822bcbe64082dad885a9c\",\"name\":\"Redacci\u00f3n\",\"image\":{\"@type\":\"ImageObject\",\"inLanguage\":\"en-US\",\"@id\":\"https:\\\/\\\/secure.gravatar.com\\\/avatar\\\/6be270e1c81317331dd99c1537c17b9683039795b5a956c595769bfada5e7067?s=96&d=mm&r=g\",\"url\":\"https:\\\/\\\/secure.gravatar.com\\\/avatar\\\/6be270e1c81317331dd99c1537c17b9683039795b5a956c595769bfada5e7067?s=96&d=mm&r=g\",\"contentUrl\":\"https:\\\/\\\/secure.gravatar.com\\\/avatar\\\/6be270e1c81317331dd99c1537c17b9683039795b5a956c595769bfada5e7067?s=96&d=mm&r=g\",\"caption\":\"Redacci\u00f3n\"},\"sameAs\":[\"https:\\\/\\\/thediplomatinspain.com\\\/\"],\"url\":\"https:\\\/\\\/thediplomatinspain.com\\\/en\\\/author\\\/soportecibeles\\\/\"},{\"@type\":[\"Organization\",\"NewsMediaOrganization\"],\"@id\":\"https:\\\/\\\/thediplomatinspain.com\\\/en\\\/#organization\"},{\"@type\":\"SiteNavigationElement\",\"@id\":\"https:\\\/\\\/thediplomatinspain.com\\\/en\\\/#site-navigation\",\"cssSelector\":[\".cib-main-menu\"]},{\"@type\":\"WPHeader\",\"@id\":\"https:\\\/\\\/thediplomatinspain.com\\\/en\\\/#header\",\"cssSelector\":[\".cib-header\"]},{\"@type\":\"WPFooter\",\"@id\":\"https:\\\/\\\/thediplomatinspain.com\\\/en\\\/#footer\",\"cssSelector\":[\".cib-footer\"]}]}<\/script>\n<!-- \/ Yoast SEO plugin. -->","yoast_head_json":{"title":"Casa de Am\u00e9rica premieres the documentary 'Solidarity is not cancelled' - thediplomatinspain.com","robots":{"index":"index","follow":"follow","max-snippet":"max-snippet:-1","max-image-preview":"max-image-preview:large","max-video-preview":"max-video-preview:-1"},"canonical":"https:\/\/thediplomatinspain.com\/en\/2022\/02\/08\/casa-de-america-premieres-the-documentary-solidarity-is-not-cancelled\/","og_locale":"en_US","og_type":"article","og_title":"Casa de Am\u00e9rica premieres the documentary 'Solidarity is not cancelled' - thediplomatinspain.com","og_description":"Next Thursday, Casa Am\u00e9rica premieres the documentary short film Solidarity is not cancelled, which will be followed by a debate.","og_url":"https:\/\/thediplomatinspain.com\/en\/2022\/02\/08\/casa-de-america-premieres-the-documentary-solidarity-is-not-cancelled\/","og_site_name":"thediplomatinspain.com","article_publisher":"https:\/\/www.facebook.com\/thediplomatinspain","article_published_time":"2022-02-08T04:00:00+00:00","og_image":[{"width":220,"height":314,"url":"https:\/\/thediplomatinspain.com\/wp-content\/uploads\/2024\/05\/La-solidaridad-no-se-cancela-ok.jpg","type":"image\/jpeg"}],"author":"Redacci\u00f3n","twitter_card":"summary_large_image","twitter_creator":"@diplomatinspain","twitter_site":"@diplomatinspain","twitter_misc":{"Written by":"Redacci\u00f3n","Est. reading time":"1 minute"},"schema":{"@context":"https:\/\/schema.org","@graph":[{"@type":"Article","@id":"https:\/\/thediplomatinspain.com\/en\/2022\/02\/08\/casa-de-america-premieres-the-documentary-solidarity-is-not-cancelled\/#article","isPartOf":{"@id":"https:\/\/thediplomatinspain.com\/en\/2022\/02\/08\/casa-de-america-premieres-the-documentary-solidarity-is-not-cancelled\/"},"author":{"name":"Redacci\u00f3n","@id":"https:\/\/thediplomatinspain.com\/#\/schema\/person\/90d9b3004c2822bcbe64082dad885a9c"},"headline":"Casa de Am\u00e9rica premieres the documentary &#8216;Solidarity is not cancelled&#8217;","datePublished":"2022-02-08T04:00:00+00:00","mainEntityOfPage":{"@id":"https:\/\/thediplomatinspain.com\/en\/2022\/02\/08\/casa-de-america-premieres-the-documentary-solidarity-is-not-cancelled\/"},"wordCount":190,"commentCount":0,"publisher":{"@id":"https:\/\/thediplomatinspain.com\/#organization"},"image":{"@id":"https:\/\/thediplomatinspain.com\/en\/2022\/02\/08\/casa-de-america-premieres-the-documentary-solidarity-is-not-cancelled\/#primaryimage"},"thumbnailUrl":"https:\/\/thediplomatinspain.com\/wp-content\/uploads\/2024\/05\/La-solidaridad-no-se-cancela-ok.jpg","articleSection":["Culture &amp; Art","Leisure"],"inLanguage":"en-US","potentialAction":[{"@type":"CommentAction","name":"Comment","target":["https:\/\/thediplomatinspain.com\/en\/2022\/02\/08\/casa-de-america-premieres-the-documentary-solidarity-is-not-cancelled\/#respond"]}]},{"@type":"WebPage","@id":"https:\/\/thediplomatinspain.com\/en\/2022\/02\/08\/casa-de-america-premieres-the-documentary-solidarity-is-not-cancelled\/","url":"https:\/\/thediplomatinspain.com\/en\/2022\/02\/08\/casa-de-america-premieres-the-documentary-solidarity-is-not-cancelled\/","name":"Casa de Am\u00e9rica premieres the documentary 'Solidarity is not cancelled' - thediplomatinspain.com","isPartOf":{"@id":"https:\/\/thediplomatinspain.com\/#website"},"primaryImageOfPage":{"@id":"https:\/\/thediplomatinspain.com\/en\/2022\/02\/08\/casa-de-america-premieres-the-documentary-solidarity-is-not-cancelled\/#primaryimage"},"image":{"@id":"https:\/\/thediplomatinspain.com\/en\/2022\/02\/08\/casa-de-america-premieres-the-documentary-solidarity-is-not-cancelled\/#primaryimage"},"thumbnailUrl":"https:\/\/thediplomatinspain.com\/wp-content\/uploads\/2024\/05\/La-solidaridad-no-se-cancela-ok.jpg","datePublished":"2022-02-08T04:00:00+00:00","breadcrumb":{"@id":"https:\/\/thediplomatinspain.com\/en\/2022\/02\/08\/casa-de-america-premieres-the-documentary-solidarity-is-not-cancelled\/#breadcrumb"},"inLanguage":"en-US","potentialAction":[{"@type":"ReadAction","target":["https:\/\/thediplomatinspain.com\/en\/2022\/02\/08\/casa-de-america-premieres-the-documentary-solidarity-is-not-cancelled\/"]}]},{"@type":"ImageObject","inLanguage":"en-US","@id":"https:\/\/thediplomatinspain.com\/en\/2022\/02\/08\/casa-de-america-premieres-the-documentary-solidarity-is-not-cancelled\/#primaryimage","url":"https:\/\/thediplomatinspain.com\/wp-content\/uploads\/2024\/05\/La-solidaridad-no-se-cancela-ok.jpg","contentUrl":"https:\/\/thediplomatinspain.com\/wp-content\/uploads\/2024\/05\/La-solidaridad-no-se-cancela-ok.jpg","width":220,"height":314},{"@type":"BreadcrumbList","@id":"https:\/\/thediplomatinspain.com\/en\/2022\/02\/08\/casa-de-america-premieres-the-documentary-solidarity-is-not-cancelled\/#breadcrumb","itemListElement":[{"@type":"ListItem","position":1,"name":"Portada","item":"https:\/\/thediplomatinspain.com\/en\/"},{"@type":"ListItem","position":2,"name":"Casa de Am\u00e9rica premieres the documentary &#8216;Solidarity is not cancelled&#8217;"}]},{"@type":"WebSite","@id":"https:\/\/thediplomatinspain.com\/#website","url":"https:\/\/thediplomatinspain.com\/","name":"thediplomatinspain.com","description":"Diario digital de referencia para diplom\u00e1ticos y empresas","publisher":{"@id":"https:\/\/thediplomatinspain.com\/#organization"},"potentialAction":[{"@type":"SearchAction","target":{"@type":"EntryPoint","urlTemplate":"https:\/\/thediplomatinspain.com\/?s={search_term_string}"},"query-input":{"@type":"PropertyValueSpecification","valueRequired":true,"valueName":"search_term_string"}}],"inLanguage":"en-US"},{"@type":"Organization","@id":"https:\/\/thediplomatinspain.com\/#organization","name":"thediplomatinspain.com","url":"https:\/\/thediplomatinspain.com\/","logo":{"@type":"ImageObject","inLanguage":"en-US","@id":"https:\/\/thediplomatinspain.com\/#\/schema\/logo\/image\/","url":"https:\/\/thediplomatinspain.com\/wp-content\/uploads\/2024\/06\/logo_the_diplomat.png","contentUrl":"https:\/\/thediplomatinspain.com\/wp-content\/uploads\/2024\/06\/logo_the_diplomat.png","width":284,"height":77,"caption":"thediplomatinspain.com"},"image":{"@id":"https:\/\/thediplomatinspain.com\/#\/schema\/logo\/image\/"},"sameAs":["https:\/\/www.facebook.com\/thediplomatinspain","https:\/\/x.com\/diplomatinspain","https:\/\/www.youtube.com\/channel\/UCK0mRqeeZDKdFeiFQZLcH2A"]},{"@type":"Person","@id":"https:\/\/thediplomatinspain.com\/#\/schema\/person\/90d9b3004c2822bcbe64082dad885a9c","name":"Redacci\u00f3n","image":{"@type":"ImageObject","inLanguage":"en-US","@id":"https:\/\/secure.gravatar.com\/avatar\/6be270e1c81317331dd99c1537c17b9683039795b5a956c595769bfada5e7067?s=96&d=mm&r=g","url":"https:\/\/secure.gravatar.com\/avatar\/6be270e1c81317331dd99c1537c17b9683039795b5a956c595769bfada5e7067?s=96&d=mm&r=g","contentUrl":"https:\/\/secure.gravatar.com\/avatar\/6be270e1c81317331dd99c1537c17b9683039795b5a956c595769bfada5e7067?s=96&d=mm&r=g","caption":"Redacci\u00f3n"},"sameAs":["https:\/\/thediplomatinspain.com\/"],"url":"https:\/\/thediplomatinspain.com\/en\/author\/soportecibeles\/"},{"@type":["Organization","NewsMediaOrganization"],"@id":"https:\/\/thediplomatinspain.com\/en\/#organization"},{"@type":"SiteNavigationElement","@id":"https:\/\/thediplomatinspain.com\/en\/#site-navigation","cssSelector":[".cib-main-menu"]},{"@type":"WPHeader","@id":"https:\/\/thediplomatinspain.com\/en\/#header","cssSelector":[".cib-header"]},{"@type":"WPFooter","@id":"https:\/\/thediplomatinspain.com\/en\/#footer","cssSelector":[".cib-footer"]}]}},"amp_enabled":true,"_links":{"self":[{"href":"https:\/\/thediplomatinspain.com\/en\/wp-json\/wp\/v2\/posts\/75869","targetHints":{"allow":["GET"]}}],"collection":[{"href":"https:\/\/thediplomatinspain.com\/en\/wp-json\/wp\/v2\/posts"}],"about":[{"href":"https:\/\/thediplomatinspain.com\/en\/wp-json\/wp\/v2\/types\/post"}],"author":[{"embeddable":true,"href":"https:\/\/thediplomatinspain.com\/en\/wp-json\/wp\/v2\/users\/1"}],"replies":[{"embeddable":true,"href":"https:\/\/thediplomatinspain.com\/en\/wp-json\/wp\/v2\/comments?post=75869"}],"version-history":[{"count":0,"href":"https:\/\/thediplomatinspain.com\/en\/wp-json\/wp\/v2\/posts\/75869\/revisions"}],"wp:featuredmedia":[{"embeddable":true,"href":"https:\/\/thediplomatinspain.com\/en\/wp-json\/wp\/v2\/media\/53971"}],"wp:attachment":[{"href":"https:\/\/thediplomatinspain.com\/en\/wp-json\/wp\/v2\/media?parent=75869"}],"wp:term":[{"taxonomy":"category","embeddable":true,"href":"https:\/\/thediplomatinspain.com\/en\/wp-json\/wp\/v2\/categories?post=75869"},{"taxonomy":"post_tag","embeddable":true,"href":"https:\/\/thediplomatinspain.com\/en\/wp-json\/wp\/v2\/tags?post=75869"}],"curies":[{"name":"wp","href":"https:\/\/api.w.org\/{rel}","templated":true}]}}