{"id":75754,"date":"2022-01-26T05:07:06","date_gmt":"2022-01-26T04:07:06","guid":{"rendered":"https:\/\/zen-hopper.82-223-81-17.plesk.page\/2022\/01\/26\/former-minister-isabel-celaa-appointed-ambassador-to-the-vatican\/"},"modified":"2022-01-26T05:07:06","modified_gmt":"2022-01-26T04:07:06","slug":"former-minister-isabel-celaa-appointed-ambassador-to-the-vatican","status":"publish","type":"post","link":"https:\/\/thediplomatinspain.com\/en\/2022\/01\/26\/former-minister-isabel-celaa-appointed-ambassador-to-the-vatican\/","title":{"rendered":"Former minister Isabel Cela\u00e1 appointed ambassador to the Vatican"},"content":{"rendered":"<h6><strong>The Diplomat<\/strong><\/h6>\n<p>&nbsp;<\/p>\n<h4><strong>The Council of Ministers yesterday approved the appointment of former Education Minister and former government spokesperson Isabel Cela\u00e1 as Spain&#8217;s ambassador to the Holy See, replacing Carmen de la Pe\u00f1a.<\/strong><\/h4>\n<p>&nbsp;<\/p>\n<p><a href=\"https:\/\/thediplomatinspain.com\/en\/2021\/12\/sanchez-wants-to-send-isabel-celaa-as-ambassador-to-the-vatican\/\" target=\"_blank\" rel=\"noopener noreferrer\">As <em>The Diplomat<\/em> reported, Cela\u00e1&#8217;s will be the seventh appointment of a &#8216;political&#8217; ambassador (who is not a member of the Diplomatic Career)<\/a> by the government of Pedro S\u00e1nchez, something that has caused unease among most diplomats.<\/p>\n<p>&nbsp;<\/p>\n<p>From now on, three of the &#8216;political ambassadors&#8217; appointed by S\u00e1nchez are former ministers of his government, as Cel\u00e1a is joined by <strong>the former Minister of Health Carmen Mont\u00f3n, at the OAS (Washington); and the former Minister of Culture Jos\u00e9 Manuel Rodr\u00edguez Uribes, at UNESCO (Paris).<\/strong> The latter replaced<strong> Andr\u00e9s Perell\u00f3<\/strong>, former PSOE member of parliament and former leader of the Valencian Socialist Party, who has been the director of Casa Mediterr\u00e1neo for the past few months.<\/p>\n<p>&nbsp;<\/p>\n<p>In addition, three other ambassadors are not diplomats: <strong>former PSOE Secretary for Economic Policy and Employment Manuel Escudero, at the OECD (Paris); former Director of the Regional Office in Bogot\u00e1 of the Organisation of Ibero-American States \u00c1ngel Mart\u00edn Peccis, in Cuba; and former Socialist mayor of L\u00e9rida \u00c1ngel Ros, in Andorra.<\/strong><\/p>\n<p>&nbsp;<\/p>\n<p>All governments, both PP and PSOE, have made appointments of &#8216;political ambassadors&#8217;, although the record holder is <strong>Jos\u00e9 Luis Rodr\u00edguez Zapatero, who had nine at the same time.<\/strong><\/p>\n<p>&nbsp;<\/p>\n<p>It will not be the first time since the restoration of democracy in Spain that the Embassy to the Holy See has been occupied by a person who does not belong to the diplomatic career, as <strong>the Socialist and former mayor of La Coru\u00f1a Francisco V\u00e1zquez was ambassador between 2006 and 2011,<\/strong> precisely under the government of Rodr\u00edguez Zapatero.<\/p>\n<p>&nbsp;<\/p>\n<p>Isabel Cela\u00e1, 72 years old, was Minister of Education and spokesperson of the Executive, until S\u00e1nchez carried out the reshuffle of his government last July. She is a secondary school teacher and, before being appointed minister, she was Minister of Education, Universities and Research in the PSE-EE government, chaired by Patxi L\u00f3pez, from 2009 to 2012.<\/p>\n<p>&nbsp;<\/p>\n<p>The announcement that she was going to be appointed ambassador to the Vatican caused surprise in the educational sphere, especially in state-subsidised education, which, to a large extent, has Catholic ideals and which rejected many of the postulates of the so-called &#8216;Cela\u00e1 law&#8217; on education.<\/p>\n<p>&nbsp;<\/p>\n<p>The Council of Ministers yesterday appointed <strong>Victoria Gonz\u00e1lez Rom\u00e1n as the new ambassador to Denmark,<\/strong> replacing Rom\u00e1n Oyarzun, <a href=\"https:\/\/thediplomatinspain.com\/en\/2021\/12\/maria-jesus-alonso-will-be-spains-first-female-ambassador-to-argentina\/\" target=\"_blank\" rel=\"noopener noreferrer\">as reported by The Diplomat.<\/a><\/p>\n<p>&nbsp;<\/p>\n<p>Gonz\u00e1lez Rom\u00e1n has been a diplomat since 1991 and<strong> until a few months ago was director general for Western, Central and Southeast Europe.<\/strong> Previously, she was Spain&#8217;s permanent representative ambassador to the Organisation for Security and Cooperation in Europe (OSCE), based in Vienna, and ambassador-at-large for the Alliance of Civilisations.<\/p>\n<p>&nbsp;<\/p>\n<p>The Council of Ministers also appointed <strong>Marcelino Cabanas as Ambassador-at-Large for Preventive Diplomacy,<\/strong> whose last post was that of Ambassador to Nigeria and who has been, among other things, Deputy Director General for International Security Affairs and Deputy Director General for the United Nations and Global Affairs.<\/p>\n<p>&nbsp;<\/p>\n<p><strong>Emilio de Miguel has also been appointed Ambassador-at-Large for the Indo-Pacific.<\/strong> Until December last year he was ambassador to Thailand, and before that he was deputy director for the Pacific, Southeast Asia and the Philippines.<\/p>\n<p>&nbsp;<\/p>\n<p>The Council of Ministers also approved t<strong>he appointment of the current Spanish ambassador to Moscow, Marcos G\u00f3mez, as ambassador to Turkmenistan<\/strong>, with multiple accreditation.<\/p>\n<p>&nbsp;<\/p>\n<p>Finally, the Executive agreed to t<strong>he promotion to the professional category of ambassador of Agust\u00edn N\u00fa\u00f1ez,<\/strong> who is currently second in command at the Spanish embassy in Russia, and who during his career has been ambassador to Poland and Honduras and deputy permanent representative to the OSCE in Vienna.<\/p>\n<p>&nbsp;<\/p>\n<p>&nbsp;<\/p>\n","protected":false},"excerpt":{"rendered":"<p>The Council of Ministers appointed the former Minister of Education and former government spokesperson, Isabel Cela\u00e1, as ambassador to the Holy See.<\/p>\n","protected":false},"author":1,"featured_media":53852,"comment_status":"open","ping_status":"open","sticky":false,"template":"","format":"standard","meta":{"jnews-multi-image_gallery":[],"jnews_single_post":[],"jnews_primary_category":[],"jnews_social_meta":[],"jnews_override_counter":[],"jnews_post_split":[],"footnotes":""},"categories":[158,106,182],"tags":[],"class_list":["post-75754","post","type-post","status-publish","format-standard","has-post-thumbnail","hentry","category-frontpage-en","category-frontpage","category-subscribers"],"yoast_head":"<!-- This site is optimized with the Yoast SEO plugin v27.4 - https:\/\/yoast.com\/product\/yoast-seo-wordpress\/ -->\n<title>Former minister Isabel Cela\u00e1 appointed ambassador to the Vatican - thediplomatinspain.com<\/title>\n<meta name=\"robots\" content=\"index, follow, max-snippet:-1, max-image-preview:large, max-video-preview:-1\" \/>\n<link rel=\"canonical\" href=\"https:\/\/thediplomatinspain.com\/en\/2022\/01\/26\/former-minister-isabel-celaa-appointed-ambassador-to-the-vatican\/\" \/>\n<meta property=\"og:locale\" content=\"en_US\" \/>\n<meta property=\"og:type\" content=\"article\" \/>\n<meta property=\"og:title\" content=\"Former minister Isabel Cela\u00e1 appointed ambassador to the Vatican - thediplomatinspain.com\" \/>\n<meta property=\"og:description\" content=\"The Council of Ministers appointed the former Minister of Education and former government spokesperson, Isabel Cela\u00e1, as ambassador to the Holy See.\" \/>\n<meta property=\"og:url\" content=\"https:\/\/thediplomatinspain.com\/en\/2022\/01\/26\/former-minister-isabel-celaa-appointed-ambassador-to-the-vatican\/\" \/>\n<meta property=\"og:site_name\" content=\"thediplomatinspain.com\" \/>\n<meta property=\"article:publisher\" content=\"https:\/\/www.facebook.com\/thediplomatinspain\" \/>\n<meta property=\"article:published_time\" content=\"2022-01-26T04:07:06+00:00\" \/>\n<meta property=\"og:image\" content=\"https:\/\/thediplomatinspain.com\/wp-content\/uploads\/2024\/05\/Victoria-Gonzalez-Isabel-Celaa.jpg\" \/>\n\t<meta property=\"og:image:width\" content=\"750\" \/>\n\t<meta property=\"og:image:height\" content=\"422\" \/>\n\t<meta property=\"og:image:type\" content=\"image\/jpeg\" \/>\n<meta name=\"author\" content=\"Redacci\u00f3n\" \/>\n<meta name=\"twitter:card\" content=\"summary_large_image\" \/>\n<meta name=\"twitter:creator\" content=\"@diplomatinspain\" \/>\n<meta name=\"twitter:site\" content=\"@diplomatinspain\" \/>\n<meta name=\"twitter:label1\" content=\"Written by\" \/>\n\t<meta name=\"twitter:data1\" content=\"Redacci\u00f3n\" \/>\n\t<meta name=\"twitter:label2\" content=\"Est. reading time\" \/>\n\t<meta name=\"twitter:data2\" content=\"3 minutes\" \/>\n<script type=\"application\/ld+json\" class=\"yoast-schema-graph\">{\"@context\":\"https:\\\/\\\/schema.org\",\"@graph\":[{\"@type\":\"Article\",\"@id\":\"https:\\\/\\\/thediplomatinspain.com\\\/en\\\/2022\\\/01\\\/26\\\/former-minister-isabel-celaa-appointed-ambassador-to-the-vatican\\\/#article\",\"isPartOf\":{\"@id\":\"https:\\\/\\\/thediplomatinspain.com\\\/en\\\/2022\\\/01\\\/26\\\/former-minister-isabel-celaa-appointed-ambassador-to-the-vatican\\\/\"},\"author\":{\"name\":\"Redacci\u00f3n\",\"@id\":\"https:\\\/\\\/thediplomatinspain.com\\\/#\\\/schema\\\/person\\\/90d9b3004c2822bcbe64082dad885a9c\"},\"headline\":\"Former minister Isabel Cela\u00e1 appointed ambassador to the Vatican\",\"datePublished\":\"2022-01-26T04:07:06+00:00\",\"mainEntityOfPage\":{\"@id\":\"https:\\\/\\\/thediplomatinspain.com\\\/en\\\/2022\\\/01\\\/26\\\/former-minister-isabel-celaa-appointed-ambassador-to-the-vatican\\\/\"},\"wordCount\":659,\"commentCount\":0,\"publisher\":{\"@id\":\"https:\\\/\\\/thediplomatinspain.com\\\/#organization\"},\"image\":{\"@id\":\"https:\\\/\\\/thediplomatinspain.com\\\/en\\\/2022\\\/01\\\/26\\\/former-minister-isabel-celaa-appointed-ambassador-to-the-vatican\\\/#primaryimage\"},\"thumbnailUrl\":\"https:\\\/\\\/thediplomatinspain.com\\\/wp-content\\\/uploads\\\/2024\\\/05\\\/Victoria-Gonzalez-Isabel-Celaa.jpg\",\"articleSection\":[\"Frontpage\",\"Frontpage\",\"Subscribers\"],\"inLanguage\":\"en-US\",\"potentialAction\":[{\"@type\":\"CommentAction\",\"name\":\"Comment\",\"target\":[\"https:\\\/\\\/thediplomatinspain.com\\\/en\\\/2022\\\/01\\\/26\\\/former-minister-isabel-celaa-appointed-ambassador-to-the-vatican\\\/#respond\"]}]},{\"@type\":\"WebPage\",\"@id\":\"https:\\\/\\\/thediplomatinspain.com\\\/en\\\/2022\\\/01\\\/26\\\/former-minister-isabel-celaa-appointed-ambassador-to-the-vatican\\\/\",\"url\":\"https:\\\/\\\/thediplomatinspain.com\\\/en\\\/2022\\\/01\\\/26\\\/former-minister-isabel-celaa-appointed-ambassador-to-the-vatican\\\/\",\"name\":\"Former minister Isabel Cela\u00e1 appointed ambassador to the Vatican - thediplomatinspain.com\",\"isPartOf\":{\"@id\":\"https:\\\/\\\/thediplomatinspain.com\\\/#website\"},\"primaryImageOfPage\":{\"@id\":\"https:\\\/\\\/thediplomatinspain.com\\\/en\\\/2022\\\/01\\\/26\\\/former-minister-isabel-celaa-appointed-ambassador-to-the-vatican\\\/#primaryimage\"},\"image\":{\"@id\":\"https:\\\/\\\/thediplomatinspain.com\\\/en\\\/2022\\\/01\\\/26\\\/former-minister-isabel-celaa-appointed-ambassador-to-the-vatican\\\/#primaryimage\"},\"thumbnailUrl\":\"https:\\\/\\\/thediplomatinspain.com\\\/wp-content\\\/uploads\\\/2024\\\/05\\\/Victoria-Gonzalez-Isabel-Celaa.jpg\",\"datePublished\":\"2022-01-26T04:07:06+00:00\",\"breadcrumb\":{\"@id\":\"https:\\\/\\\/thediplomatinspain.com\\\/en\\\/2022\\\/01\\\/26\\\/former-minister-isabel-celaa-appointed-ambassador-to-the-vatican\\\/#breadcrumb\"},\"inLanguage\":\"en-US\",\"potentialAction\":[{\"@type\":\"ReadAction\",\"target\":[\"https:\\\/\\\/thediplomatinspain.com\\\/en\\\/2022\\\/01\\\/26\\\/former-minister-isabel-celaa-appointed-ambassador-to-the-vatican\\\/\"]}]},{\"@type\":\"ImageObject\",\"inLanguage\":\"en-US\",\"@id\":\"https:\\\/\\\/thediplomatinspain.com\\\/en\\\/2022\\\/01\\\/26\\\/former-minister-isabel-celaa-appointed-ambassador-to-the-vatican\\\/#primaryimage\",\"url\":\"https:\\\/\\\/thediplomatinspain.com\\\/wp-content\\\/uploads\\\/2024\\\/05\\\/Victoria-Gonzalez-Isabel-Celaa.jpg\",\"contentUrl\":\"https:\\\/\\\/thediplomatinspain.com\\\/wp-content\\\/uploads\\\/2024\\\/05\\\/Victoria-Gonzalez-Isabel-Celaa.jpg\",\"width\":750,\"height\":422,\"caption\":\"Victoria Gonz\u00e1lez \\\/ Isabel Cela\u00e1.\"},{\"@type\":\"BreadcrumbList\",\"@id\":\"https:\\\/\\\/thediplomatinspain.com\\\/en\\\/2022\\\/01\\\/26\\\/former-minister-isabel-celaa-appointed-ambassador-to-the-vatican\\\/#breadcrumb\",\"itemListElement\":[{\"@type\":\"ListItem\",\"position\":1,\"name\":\"Portada\",\"item\":\"https:\\\/\\\/thediplomatinspain.com\\\/en\\\/\"},{\"@type\":\"ListItem\",\"position\":2,\"name\":\"Former minister Isabel Cela\u00e1 appointed ambassador to the Vatican\"}]},{\"@type\":\"WebSite\",\"@id\":\"https:\\\/\\\/thediplomatinspain.com\\\/#website\",\"url\":\"https:\\\/\\\/thediplomatinspain.com\\\/\",\"name\":\"thediplomatinspain.com\",\"description\":\"Diario digital de referencia para diplom\u00e1ticos y empresas\",\"publisher\":{\"@id\":\"https:\\\/\\\/thediplomatinspain.com\\\/#organization\"},\"potentialAction\":[{\"@type\":\"SearchAction\",\"target\":{\"@type\":\"EntryPoint\",\"urlTemplate\":\"https:\\\/\\\/thediplomatinspain.com\\\/?s={search_term_string}\"},\"query-input\":{\"@type\":\"PropertyValueSpecification\",\"valueRequired\":true,\"valueName\":\"search_term_string\"}}],\"inLanguage\":\"en-US\"},{\"@type\":\"Organization\",\"@id\":\"https:\\\/\\\/thediplomatinspain.com\\\/#organization\",\"name\":\"thediplomatinspain.com\",\"url\":\"https:\\\/\\\/thediplomatinspain.com\\\/\",\"logo\":{\"@type\":\"ImageObject\",\"inLanguage\":\"en-US\",\"@id\":\"https:\\\/\\\/thediplomatinspain.com\\\/#\\\/schema\\\/logo\\\/image\\\/\",\"url\":\"https:\\\/\\\/thediplomatinspain.com\\\/wp-content\\\/uploads\\\/2024\\\/06\\\/logo_the_diplomat.png\",\"contentUrl\":\"https:\\\/\\\/thediplomatinspain.com\\\/wp-content\\\/uploads\\\/2024\\\/06\\\/logo_the_diplomat.png\",\"width\":284,\"height\":77,\"caption\":\"thediplomatinspain.com\"},\"image\":{\"@id\":\"https:\\\/\\\/thediplomatinspain.com\\\/#\\\/schema\\\/logo\\\/image\\\/\"},\"sameAs\":[\"https:\\\/\\\/www.facebook.com\\\/thediplomatinspain\",\"https:\\\/\\\/x.com\\\/diplomatinspain\",\"https:\\\/\\\/www.youtube.com\\\/channel\\\/UCK0mRqeeZDKdFeiFQZLcH2A\"]},{\"@type\":\"Person\",\"@id\":\"https:\\\/\\\/thediplomatinspain.com\\\/#\\\/schema\\\/person\\\/90d9b3004c2822bcbe64082dad885a9c\",\"name\":\"Redacci\u00f3n\",\"image\":{\"@type\":\"ImageObject\",\"inLanguage\":\"en-US\",\"@id\":\"https:\\\/\\\/secure.gravatar.com\\\/avatar\\\/6be270e1c81317331dd99c1537c17b9683039795b5a956c595769bfada5e7067?s=96&d=mm&r=g\",\"url\":\"https:\\\/\\\/secure.gravatar.com\\\/avatar\\\/6be270e1c81317331dd99c1537c17b9683039795b5a956c595769bfada5e7067?s=96&d=mm&r=g\",\"contentUrl\":\"https:\\\/\\\/secure.gravatar.com\\\/avatar\\\/6be270e1c81317331dd99c1537c17b9683039795b5a956c595769bfada5e7067?s=96&d=mm&r=g\",\"caption\":\"Redacci\u00f3n\"},\"sameAs\":[\"https:\\\/\\\/thediplomatinspain.com\\\/\"],\"url\":\"https:\\\/\\\/thediplomatinspain.com\\\/en\\\/author\\\/soportecibeles\\\/\"},{\"@type\":[\"Organization\",\"NewsMediaOrganization\"],\"@id\":\"https:\\\/\\\/thediplomatinspain.com\\\/en\\\/#organization\"},{\"@type\":\"SiteNavigationElement\",\"@id\":\"https:\\\/\\\/thediplomatinspain.com\\\/en\\\/#site-navigation\",\"cssSelector\":[\".cib-main-menu\"]},{\"@type\":\"WPHeader\",\"@id\":\"https:\\\/\\\/thediplomatinspain.com\\\/en\\\/#header\",\"cssSelector\":[\".cib-header\"]},{\"@type\":\"WPFooter\",\"@id\":\"https:\\\/\\\/thediplomatinspain.com\\\/en\\\/#footer\",\"cssSelector\":[\".cib-footer\"]}]}<\/script>\n<!-- \/ Yoast SEO plugin. -->","yoast_head_json":{"title":"Former minister Isabel Cela\u00e1 appointed ambassador to the Vatican - thediplomatinspain.com","robots":{"index":"index","follow":"follow","max-snippet":"max-snippet:-1","max-image-preview":"max-image-preview:large","max-video-preview":"max-video-preview:-1"},"canonical":"https:\/\/thediplomatinspain.com\/en\/2022\/01\/26\/former-minister-isabel-celaa-appointed-ambassador-to-the-vatican\/","og_locale":"en_US","og_type":"article","og_title":"Former minister Isabel Cela\u00e1 appointed ambassador to the Vatican - thediplomatinspain.com","og_description":"The Council of Ministers appointed the former Minister of Education and former government spokesperson, Isabel Cela\u00e1, as ambassador to the Holy See.","og_url":"https:\/\/thediplomatinspain.com\/en\/2022\/01\/26\/former-minister-isabel-celaa-appointed-ambassador-to-the-vatican\/","og_site_name":"thediplomatinspain.com","article_publisher":"https:\/\/www.facebook.com\/thediplomatinspain","article_published_time":"2022-01-26T04:07:06+00:00","og_image":[{"width":750,"height":422,"url":"https:\/\/thediplomatinspain.com\/wp-content\/uploads\/2024\/05\/Victoria-Gonzalez-Isabel-Celaa.jpg","type":"image\/jpeg"}],"author":"Redacci\u00f3n","twitter_card":"summary_large_image","twitter_creator":"@diplomatinspain","twitter_site":"@diplomatinspain","twitter_misc":{"Written by":"Redacci\u00f3n","Est. reading time":"3 minutes"},"schema":{"@context":"https:\/\/schema.org","@graph":[{"@type":"Article","@id":"https:\/\/thediplomatinspain.com\/en\/2022\/01\/26\/former-minister-isabel-celaa-appointed-ambassador-to-the-vatican\/#article","isPartOf":{"@id":"https:\/\/thediplomatinspain.com\/en\/2022\/01\/26\/former-minister-isabel-celaa-appointed-ambassador-to-the-vatican\/"},"author":{"name":"Redacci\u00f3n","@id":"https:\/\/thediplomatinspain.com\/#\/schema\/person\/90d9b3004c2822bcbe64082dad885a9c"},"headline":"Former minister Isabel Cela\u00e1 appointed ambassador to the Vatican","datePublished":"2022-01-26T04:07:06+00:00","mainEntityOfPage":{"@id":"https:\/\/thediplomatinspain.com\/en\/2022\/01\/26\/former-minister-isabel-celaa-appointed-ambassador-to-the-vatican\/"},"wordCount":659,"commentCount":0,"publisher":{"@id":"https:\/\/thediplomatinspain.com\/#organization"},"image":{"@id":"https:\/\/thediplomatinspain.com\/en\/2022\/01\/26\/former-minister-isabel-celaa-appointed-ambassador-to-the-vatican\/#primaryimage"},"thumbnailUrl":"https:\/\/thediplomatinspain.com\/wp-content\/uploads\/2024\/05\/Victoria-Gonzalez-Isabel-Celaa.jpg","articleSection":["Frontpage","Frontpage","Subscribers"],"inLanguage":"en-US","potentialAction":[{"@type":"CommentAction","name":"Comment","target":["https:\/\/thediplomatinspain.com\/en\/2022\/01\/26\/former-minister-isabel-celaa-appointed-ambassador-to-the-vatican\/#respond"]}]},{"@type":"WebPage","@id":"https:\/\/thediplomatinspain.com\/en\/2022\/01\/26\/former-minister-isabel-celaa-appointed-ambassador-to-the-vatican\/","url":"https:\/\/thediplomatinspain.com\/en\/2022\/01\/26\/former-minister-isabel-celaa-appointed-ambassador-to-the-vatican\/","name":"Former minister Isabel Cela\u00e1 appointed ambassador to the Vatican - thediplomatinspain.com","isPartOf":{"@id":"https:\/\/thediplomatinspain.com\/#website"},"primaryImageOfPage":{"@id":"https:\/\/thediplomatinspain.com\/en\/2022\/01\/26\/former-minister-isabel-celaa-appointed-ambassador-to-the-vatican\/#primaryimage"},"image":{"@id":"https:\/\/thediplomatinspain.com\/en\/2022\/01\/26\/former-minister-isabel-celaa-appointed-ambassador-to-the-vatican\/#primaryimage"},"thumbnailUrl":"https:\/\/thediplomatinspain.com\/wp-content\/uploads\/2024\/05\/Victoria-Gonzalez-Isabel-Celaa.jpg","datePublished":"2022-01-26T04:07:06+00:00","breadcrumb":{"@id":"https:\/\/thediplomatinspain.com\/en\/2022\/01\/26\/former-minister-isabel-celaa-appointed-ambassador-to-the-vatican\/#breadcrumb"},"inLanguage":"en-US","potentialAction":[{"@type":"ReadAction","target":["https:\/\/thediplomatinspain.com\/en\/2022\/01\/26\/former-minister-isabel-celaa-appointed-ambassador-to-the-vatican\/"]}]},{"@type":"ImageObject","inLanguage":"en-US","@id":"https:\/\/thediplomatinspain.com\/en\/2022\/01\/26\/former-minister-isabel-celaa-appointed-ambassador-to-the-vatican\/#primaryimage","url":"https:\/\/thediplomatinspain.com\/wp-content\/uploads\/2024\/05\/Victoria-Gonzalez-Isabel-Celaa.jpg","contentUrl":"https:\/\/thediplomatinspain.com\/wp-content\/uploads\/2024\/05\/Victoria-Gonzalez-Isabel-Celaa.jpg","width":750,"height":422,"caption":"Victoria Gonz\u00e1lez \/ Isabel Cela\u00e1."},{"@type":"BreadcrumbList","@id":"https:\/\/thediplomatinspain.com\/en\/2022\/01\/26\/former-minister-isabel-celaa-appointed-ambassador-to-the-vatican\/#breadcrumb","itemListElement":[{"@type":"ListItem","position":1,"name":"Portada","item":"https:\/\/thediplomatinspain.com\/en\/"},{"@type":"ListItem","position":2,"name":"Former minister Isabel Cela\u00e1 appointed ambassador to the Vatican"}]},{"@type":"WebSite","@id":"https:\/\/thediplomatinspain.com\/#website","url":"https:\/\/thediplomatinspain.com\/","name":"thediplomatinspain.com","description":"Diario digital de referencia para diplom\u00e1ticos y empresas","publisher":{"@id":"https:\/\/thediplomatinspain.com\/#organization"},"potentialAction":[{"@type":"SearchAction","target":{"@type":"EntryPoint","urlTemplate":"https:\/\/thediplomatinspain.com\/?s={search_term_string}"},"query-input":{"@type":"PropertyValueSpecification","valueRequired":true,"valueName":"search_term_string"}}],"inLanguage":"en-US"},{"@type":"Organization","@id":"https:\/\/thediplomatinspain.com\/#organization","name":"thediplomatinspain.com","url":"https:\/\/thediplomatinspain.com\/","logo":{"@type":"ImageObject","inLanguage":"en-US","@id":"https:\/\/thediplomatinspain.com\/#\/schema\/logo\/image\/","url":"https:\/\/thediplomatinspain.com\/wp-content\/uploads\/2024\/06\/logo_the_diplomat.png","contentUrl":"https:\/\/thediplomatinspain.com\/wp-content\/uploads\/2024\/06\/logo_the_diplomat.png","width":284,"height":77,"caption":"thediplomatinspain.com"},"image":{"@id":"https:\/\/thediplomatinspain.com\/#\/schema\/logo\/image\/"},"sameAs":["https:\/\/www.facebook.com\/thediplomatinspain","https:\/\/x.com\/diplomatinspain","https:\/\/www.youtube.com\/channel\/UCK0mRqeeZDKdFeiFQZLcH2A"]},{"@type":"Person","@id":"https:\/\/thediplomatinspain.com\/#\/schema\/person\/90d9b3004c2822bcbe64082dad885a9c","name":"Redacci\u00f3n","image":{"@type":"ImageObject","inLanguage":"en-US","@id":"https:\/\/secure.gravatar.com\/avatar\/6be270e1c81317331dd99c1537c17b9683039795b5a956c595769bfada5e7067?s=96&d=mm&r=g","url":"https:\/\/secure.gravatar.com\/avatar\/6be270e1c81317331dd99c1537c17b9683039795b5a956c595769bfada5e7067?s=96&d=mm&r=g","contentUrl":"https:\/\/secure.gravatar.com\/avatar\/6be270e1c81317331dd99c1537c17b9683039795b5a956c595769bfada5e7067?s=96&d=mm&r=g","caption":"Redacci\u00f3n"},"sameAs":["https:\/\/thediplomatinspain.com\/"],"url":"https:\/\/thediplomatinspain.com\/en\/author\/soportecibeles\/"},{"@type":["Organization","NewsMediaOrganization"],"@id":"https:\/\/thediplomatinspain.com\/en\/#organization"},{"@type":"SiteNavigationElement","@id":"https:\/\/thediplomatinspain.com\/en\/#site-navigation","cssSelector":[".cib-main-menu"]},{"@type":"WPHeader","@id":"https:\/\/thediplomatinspain.com\/en\/#header","cssSelector":[".cib-header"]},{"@type":"WPFooter","@id":"https:\/\/thediplomatinspain.com\/en\/#footer","cssSelector":[".cib-footer"]}]}},"amp_enabled":true,"_links":{"self":[{"href":"https:\/\/thediplomatinspain.com\/en\/wp-json\/wp\/v2\/posts\/75754","targetHints":{"allow":["GET"]}}],"collection":[{"href":"https:\/\/thediplomatinspain.com\/en\/wp-json\/wp\/v2\/posts"}],"about":[{"href":"https:\/\/thediplomatinspain.com\/en\/wp-json\/wp\/v2\/types\/post"}],"author":[{"embeddable":true,"href":"https:\/\/thediplomatinspain.com\/en\/wp-json\/wp\/v2\/users\/1"}],"replies":[{"embeddable":true,"href":"https:\/\/thediplomatinspain.com\/en\/wp-json\/wp\/v2\/comments?post=75754"}],"version-history":[{"count":0,"href":"https:\/\/thediplomatinspain.com\/en\/wp-json\/wp\/v2\/posts\/75754\/revisions"}],"wp:featuredmedia":[{"embeddable":true,"href":"https:\/\/thediplomatinspain.com\/en\/wp-json\/wp\/v2\/media\/53852"}],"wp:attachment":[{"href":"https:\/\/thediplomatinspain.com\/en\/wp-json\/wp\/v2\/media?parent=75754"}],"wp:term":[{"taxonomy":"category","embeddable":true,"href":"https:\/\/thediplomatinspain.com\/en\/wp-json\/wp\/v2\/categories?post=75754"},{"taxonomy":"post_tag","embeddable":true,"href":"https:\/\/thediplomatinspain.com\/en\/wp-json\/wp\/v2\/tags?post=75754"}],"curies":[{"name":"wp","href":"https:\/\/api.w.org\/{rel}","templated":true}]}}