{"id":75006,"date":"2021-11-03T05:07:57","date_gmt":"2021-11-03T04:07:57","guid":{"rendered":"https:\/\/zen-hopper.82-223-81-17.plesk.page\/2021\/11\/03\/portugal-prepares-to-commemorate-together-with-spain-saramagos-centenary\/"},"modified":"2024-06-10T08:41:34","modified_gmt":"2024-06-10T06:41:34","slug":"portugal-prepares-to-commemorate-together-with-spain-saramagos-centenary","status":"publish","type":"post","link":"https:\/\/thediplomatinspain.com\/en\/2021\/11\/03\/portugal-prepares-to-commemorate-together-with-spain-saramagos-centenary\/","title":{"rendered":"Portugal prepares to commemorate, together with Spain, Saramago&#8217;s centenary"},"content":{"rendered":"<h6><strong>Luis Ayll\u00f3n<\/strong><\/h6>\n<p>&nbsp;<\/p>\n<h4><strong>The Portuguese ambassador in Madrid, Jo\u00e3o Mira-Gomes, yesterday highlighted the events to be held to mark the centenary of the birth of the Portuguese Nobel Prize winner for Literature, Jos\u00e9 Saramago, who maintained close ties with Spain until his death.<\/strong><\/h4>\n<p>&nbsp;<\/p>\n<p>At a lunch with journalists at his residence, the ambassador, accompanied by the <strong>Embassy&#8217;s Cultural Counsellor, Patricia Severino<\/strong>, and other members of his team, reviewed the activities carried out by the organisation <strong><em>&#8216;Cultura Portugal&#8217;<\/em> in its 19th edition<\/strong>, and those still to be held.<\/p>\n<p>&nbsp;<\/p>\n<p>Under the slogan <strong>&#8220;It&#8217;s Time for Culture&#8221;<\/strong>, the neighbouring country has offered Spain, throughout the year, a sample of its best Portuguese representatives in the disciplines of music, literature, cinema, theatre, circus and plastic arts, among others. Furthermore, as the ambassador pointed out, <strong>Portugal has been the guest country<\/strong> at the Irudika Festival, an international professional illustration meeting held in Vitoria, and is also the guest country <strong>at FIG Bilbao, the International Festival of Engraving and Art on Paper, which will take place from 25 to 28 November.<\/strong><\/p>\n<p>&nbsp;<\/p>\n<p>&#8216;Cultura Portugal&#8217; is an initiative that, since 2003, has been fostering ties and cultural exchange between the two countries, promoted by the Portuguese Embassy, in collaboration with<strong> the Cam\u00f5es Institute and Turismo de Portugal,<\/strong> and supported by various public and private institutions.<\/p>\n<p>&nbsp;<\/p>\n<p>In the remaining months of the year, &#8216;Cultura Portugal&#8217; still has a very full agenda and, in addition, the desire to ensure that the celebrations of the centenary of Saramago&#8217;s birth in Spain, including Lanzarote, which was his home for years and the place where he died, <strong>serve to cross the paths of thought and bring together the Spanish and Portuguese peoples<\/strong>, as the writer dreamed.<\/p>\n<p>&nbsp;<\/p>\n<p>The centenary events, which have just got under way, will include readings, debates, talks, concerts and exhibitions, which will tour Spain and Portugal in a compendium of culture derived from Saramago&#8217;s work.<\/p>\n<p>&nbsp;<\/p>\n<p>The centenary celebrations are taking place at a time when, as highlighted at the lunch, <strong>interest in learning Portuguese in Spain has grown exponentially, rising from 8,000 students at different educational levels in 2010 to 53,000 in 2021.<\/strong><\/p>\n<p>&nbsp;<\/p>\n<p>Similarly,<strong> there is a growing interest among Spaniards in tourism, to the point that, during 2019, the number of those who travelled to the neighbouring country reached seven million,<\/strong> consolidating a trend that has only grown since 2015.<\/p>\n<p>&nbsp;<\/p>\n<figure id=\"attachment_263024\" aria-describedby=\"caption-attachment-263024\" style=\"width: 750px\" class=\"wp-caption alignnone\"><img decoding=\"async\" class=\"size-full wp-image-263024\" src=\"https:\/\/zen-hopper.82-223-81-17.plesk.page\/wp-content\/uploads\/2024\/05\/Portugal-IMG_3033.jpg\" alt=\"The Embassy's Cultural Counsellor, Patricia Severino, and the Portuguese Director of Tourism, Maria de Lurdes Vale, on the left, talk to several journalists.\" width=\"750\" height=\"422\" \/><figcaption id=\"caption-attachment-263024\" class=\"wp-caption-text\">The Embassy&#8217;s Cultural Counsellor, Patricia Severino, and the Portuguese Director of Tourism, Maria de Lurdes Vale, on the left, talk to several journalists.<\/figcaption><\/figure>\n<p>&nbsp;<\/p>\n<p>The ambassador referred, in his speech, to <strong>the recent Portuguese-Spanish summit held in Trujillo<\/strong>, and indicated that there was agreement between the representatives of the two countries: <strong>&#8220;We want to have more Portuguese culture in Spain and more Spanish culture in Portugal&#8221;.<\/strong><\/p>\n<p>&nbsp;<\/p>\n<p><strong>Literary Residence Scholarship in Madrid<\/strong><\/p>\n<p>Another of the objectives of &#8220;Cultura Portugal&#8221; is the launch of the<strong> 1st Literary Residence Scholarship in Madrid<\/strong>, a project that was announced at the last Book Fair.<\/p>\n<p>&nbsp;<\/p>\n<p>Likewise, during 2022, <strong>the 450th anniversary of &#8216;Os Lusiadas&#8217;<\/strong>, the great epic in verse written by Luis de Cam\u00f5es in 1572, will be celebrated.<\/p>\n<p>&nbsp;<\/p>\n<p>Portugal will also be present in the coming weeks at the Seville European Film Festival, which will be held from 5 to 13 of this month; at the Fado Festival, also in Seville, on 30 November and 1 December, with Lisbon as the central theme; and at a new edition of the Portugal Alive music festival in Madrid and Barcelona, on 10 and 11 December.<\/p>\n<p>&nbsp;<\/p>\n<p>From 29 November to 19 December, Portuguese dance artists will also take their place in Africa Moment. Artes esc\u00e9nicas del Africa contempor\u00e1nea, also in Madrid and Barcelona. And the Companhia Do Chapit\u00f3, will bring the production<strong> Hamlet, at the Teatro de la Abad\u00eda<\/strong>, from 15 to 19 December.<\/p>\n<p>&nbsp;<\/p>\n<figure id=\"attachment_263026\" aria-describedby=\"caption-attachment-263026\" style=\"width: 498px\" class=\"wp-caption alignright\"><img decoding=\"async\" class=\"wp-image-263026\" src=\"https:\/\/zen-hopper.82-223-81-17.plesk.page\/wp-content\/uploads\/2024\/05\/Cultura-Portugal.jpg\" alt=\"Logo of the 19th edition of Cultura Portugal.\" width=\"498\" height=\"184\" \/><figcaption id=\"caption-attachment-263026\" class=\"wp-caption-text\">Logo of the 19th edition of Cultura Portugal.<\/figcaption><\/figure>\n<p><strong>Literature, Music, Film and Decorative Arts<\/strong><\/p>\n<p>These events will complete what has been the most extensive edition of &#8216;Cultura Portugal&#8217; and which, in the field of literature, was attended by Ana Luisa Amaral, recently awarded the Queen Sofia Prize for Ibero-American Poetry. Amaral took part in a colloquium with the director of the Cervantes Institute, the poet Luis Garc\u00eda Montero, on the theme &#8220;What&#8217;s in a name? Words cannot fix anything beyond the ephemerality of things&#8221;, on Portuguese and Spanish literature and their common elements.<\/p>\n<p>&nbsp;<\/p>\n<p>Portugal was also at the Hay Festival and the writer L\u00eddia Jorge, winner of the FIL Literature Prize in 2020, took part in a conversation at the Casa de M\u00e9xico on Mexican literature.<\/p>\n<p>&nbsp;<\/p>\n<p>In the area of visual arts, the Heinrich Ehrhardt Gallery hosted the exhibition Circular Spaces by the Portuguese artist Gon\u00e7alo Sena, who won the first Apertura Comunidad de Madrid 2021 Prize for his piece To Intrude On Nature&#8217;s Way, acquired and to form part of the Collection of the CA2M Centro de Arte Dos de Mayo in M\u00f3stoles.<\/p>\n<p>&nbsp;<\/p>\n<p>In &#8216;Cultura Portugal&#8217;, the best Portuguese music, traditional and contemporary, was provided, as in previous years, by the Fado Festival, which, in addition to the Servilla event, has been held in Barcelona, Madrid, and this year, also in Andorra, with Carminho, Caman\u00e9, M\u00e1rio Laginha and Teresinha Landeiro as representatives of Portuguese Fado. J\u00falio Resende, one of the most international Portuguese musicians for his original Fado-Jazz fusion, was also at Caixa Forum.<\/p>\n<p>&nbsp;<\/p>\n<p>In addition, from 23 September until 14 September, a new edition of Peninsulars. Second Iberian Encounters of Contemporary Textile Art, which brings together, at the National Museum of Decorative Arts, a group of Portuguese and Spanish textile artists, with the best creations on the peninsular level.<\/p>\n<p>&nbsp;<\/p>\n<p>&nbsp;<\/p>\n","protected":false},"excerpt":{"rendered":"<p>The Portuguese ambassador in Madrid, Jo\u00e3o Mira-Gomes, yesterday highlighted the events to be held to mark the centenary of the birth<\/p>\n","protected":false},"author":1,"featured_media":58963,"comment_status":"open","ping_status":"open","sticky":false,"template":"","format":"standard","meta":{"jnews-multi-image_gallery":[],"jnews_single_post":[],"jnews_primary_category":[],"jnews_social_meta":[],"jnews_override_counter":[],"jnews_post_split":[],"footnotes":""},"categories":[106,158,159,162],"tags":[],"class_list":["post-75006","post","type-post","status-publish","format-standard","has-post-thumbnail","hentry","category-frontpage","category-frontpage-en","category-news","category-the-world-in-spain"],"yoast_head":"<!-- This site is optimized with the Yoast SEO plugin v27.4 - https:\/\/yoast.com\/product\/yoast-seo-wordpress\/ -->\n<title>Portugal prepares to commemorate, together with Spain, Saramago&#039;s centenary - thediplomatinspain.com<\/title>\n<meta name=\"robots\" content=\"index, follow, max-snippet:-1, max-image-preview:large, max-video-preview:-1\" \/>\n<link rel=\"canonical\" href=\"https:\/\/thediplomatinspain.com\/en\/2021\/11\/03\/portugal-prepares-to-commemorate-together-with-spain-saramagos-centenary\/\" \/>\n<meta property=\"og:locale\" content=\"en_US\" \/>\n<meta property=\"og:type\" content=\"article\" \/>\n<meta property=\"og:title\" content=\"Portugal prepares to commemorate, together with Spain, Saramago&#039;s centenary - thediplomatinspain.com\" \/>\n<meta property=\"og:description\" content=\"The Portuguese ambassador in Madrid, Jo\u00e3o Mira-Gomes, yesterday highlighted the events to be held to mark the centenary of the birth\" \/>\n<meta property=\"og:url\" content=\"https:\/\/thediplomatinspain.com\/en\/2021\/11\/03\/portugal-prepares-to-commemorate-together-with-spain-saramagos-centenary\/\" \/>\n<meta property=\"og:site_name\" content=\"thediplomatinspain.com\" \/>\n<meta property=\"article:publisher\" content=\"https:\/\/www.facebook.com\/thediplomatinspain\" \/>\n<meta property=\"article:published_time\" content=\"2021-11-03T04:07:57+00:00\" \/>\n<meta property=\"article:modified_time\" content=\"2024-06-10T06:41:34+00:00\" \/>\n<meta property=\"og:image\" content=\"https:\/\/thediplomatinspain.com\/wp-content\/uploads\/2024\/05\/Portugal-IMG_3031.jpg\" \/>\n\t<meta property=\"og:image:width\" content=\"750\" \/>\n\t<meta property=\"og:image:height\" content=\"422\" \/>\n\t<meta property=\"og:image:type\" content=\"image\/jpeg\" \/>\n<meta name=\"author\" content=\"Redacci\u00f3n\" \/>\n<meta name=\"twitter:card\" content=\"summary_large_image\" \/>\n<meta name=\"twitter:creator\" content=\"@diplomatinspain\" \/>\n<meta name=\"twitter:site\" content=\"@diplomatinspain\" \/>\n<meta name=\"twitter:label1\" content=\"Written by\" \/>\n\t<meta name=\"twitter:data1\" content=\"Redacci\u00f3n\" \/>\n\t<meta name=\"twitter:label2\" content=\"Est. reading time\" \/>\n\t<meta name=\"twitter:data2\" content=\"5 minutes\" \/>\n<script type=\"application\/ld+json\" class=\"yoast-schema-graph\">{\"@context\":\"https:\\\/\\\/schema.org\",\"@graph\":[{\"@type\":\"Article\",\"@id\":\"https:\\\/\\\/thediplomatinspain.com\\\/en\\\/2021\\\/11\\\/03\\\/portugal-prepares-to-commemorate-together-with-spain-saramagos-centenary\\\/#article\",\"isPartOf\":{\"@id\":\"https:\\\/\\\/thediplomatinspain.com\\\/en\\\/2021\\\/11\\\/03\\\/portugal-prepares-to-commemorate-together-with-spain-saramagos-centenary\\\/\"},\"author\":{\"name\":\"Redacci\u00f3n\",\"@id\":\"https:\\\/\\\/thediplomatinspain.com\\\/#\\\/schema\\\/person\\\/90d9b3004c2822bcbe64082dad885a9c\"},\"headline\":\"Portugal prepares to commemorate, together with Spain, Saramago&#8217;s centenary\",\"datePublished\":\"2021-11-03T04:07:57+00:00\",\"dateModified\":\"2024-06-10T06:41:34+00:00\",\"mainEntityOfPage\":{\"@id\":\"https:\\\/\\\/thediplomatinspain.com\\\/en\\\/2021\\\/11\\\/03\\\/portugal-prepares-to-commemorate-together-with-spain-saramagos-centenary\\\/\"},\"wordCount\":968,\"commentCount\":0,\"publisher\":{\"@id\":\"https:\\\/\\\/thediplomatinspain.com\\\/#organization\"},\"image\":{\"@id\":\"https:\\\/\\\/thediplomatinspain.com\\\/en\\\/2021\\\/11\\\/03\\\/portugal-prepares-to-commemorate-together-with-spain-saramagos-centenary\\\/#primaryimage\"},\"thumbnailUrl\":\"https:\\\/\\\/thediplomatinspain.com\\\/wp-content\\\/uploads\\\/2024\\\/05\\\/Portugal-IMG_3031.jpg\",\"articleSection\":[\"Frontpage\",\"Frontpage\",\"News\",\"The world in Spain\"],\"inLanguage\":\"en-US\",\"potentialAction\":[{\"@type\":\"CommentAction\",\"name\":\"Comment\",\"target\":[\"https:\\\/\\\/thediplomatinspain.com\\\/en\\\/2021\\\/11\\\/03\\\/portugal-prepares-to-commemorate-together-with-spain-saramagos-centenary\\\/#respond\"]}]},{\"@type\":\"WebPage\",\"@id\":\"https:\\\/\\\/thediplomatinspain.com\\\/en\\\/2021\\\/11\\\/03\\\/portugal-prepares-to-commemorate-together-with-spain-saramagos-centenary\\\/\",\"url\":\"https:\\\/\\\/thediplomatinspain.com\\\/en\\\/2021\\\/11\\\/03\\\/portugal-prepares-to-commemorate-together-with-spain-saramagos-centenary\\\/\",\"name\":\"Portugal prepares to commemorate, together with Spain, Saramago's centenary - thediplomatinspain.com\",\"isPartOf\":{\"@id\":\"https:\\\/\\\/thediplomatinspain.com\\\/#website\"},\"primaryImageOfPage\":{\"@id\":\"https:\\\/\\\/thediplomatinspain.com\\\/en\\\/2021\\\/11\\\/03\\\/portugal-prepares-to-commemorate-together-with-spain-saramagos-centenary\\\/#primaryimage\"},\"image\":{\"@id\":\"https:\\\/\\\/thediplomatinspain.com\\\/en\\\/2021\\\/11\\\/03\\\/portugal-prepares-to-commemorate-together-with-spain-saramagos-centenary\\\/#primaryimage\"},\"thumbnailUrl\":\"https:\\\/\\\/thediplomatinspain.com\\\/wp-content\\\/uploads\\\/2024\\\/05\\\/Portugal-IMG_3031.jpg\",\"datePublished\":\"2021-11-03T04:07:57+00:00\",\"dateModified\":\"2024-06-10T06:41:34+00:00\",\"breadcrumb\":{\"@id\":\"https:\\\/\\\/thediplomatinspain.com\\\/en\\\/2021\\\/11\\\/03\\\/portugal-prepares-to-commemorate-together-with-spain-saramagos-centenary\\\/#breadcrumb\"},\"inLanguage\":\"en-US\",\"potentialAction\":[{\"@type\":\"ReadAction\",\"target\":[\"https:\\\/\\\/thediplomatinspain.com\\\/en\\\/2021\\\/11\\\/03\\\/portugal-prepares-to-commemorate-together-with-spain-saramagos-centenary\\\/\"]}]},{\"@type\":\"ImageObject\",\"inLanguage\":\"en-US\",\"@id\":\"https:\\\/\\\/thediplomatinspain.com\\\/en\\\/2021\\\/11\\\/03\\\/portugal-prepares-to-commemorate-together-with-spain-saramagos-centenary\\\/#primaryimage\",\"url\":\"https:\\\/\\\/thediplomatinspain.com\\\/wp-content\\\/uploads\\\/2024\\\/05\\\/Portugal-IMG_3031.jpg\",\"contentUrl\":\"https:\\\/\\\/thediplomatinspain.com\\\/wp-content\\\/uploads\\\/2024\\\/05\\\/Portugal-IMG_3031.jpg\",\"width\":750,\"height\":422,\"caption\":\"Ambassador Jo\u00e3o Mira-Gomes, in the centre, with journalists and members of the Embassy.\"},{\"@type\":\"BreadcrumbList\",\"@id\":\"https:\\\/\\\/thediplomatinspain.com\\\/en\\\/2021\\\/11\\\/03\\\/portugal-prepares-to-commemorate-together-with-spain-saramagos-centenary\\\/#breadcrumb\",\"itemListElement\":[{\"@type\":\"ListItem\",\"position\":1,\"name\":\"Portada\",\"item\":\"https:\\\/\\\/thediplomatinspain.com\\\/en\\\/\"},{\"@type\":\"ListItem\",\"position\":2,\"name\":\"Portugal prepares to commemorate, together with Spain, Saramago&#8217;s centenary\"}]},{\"@type\":\"WebSite\",\"@id\":\"https:\\\/\\\/thediplomatinspain.com\\\/#website\",\"url\":\"https:\\\/\\\/thediplomatinspain.com\\\/\",\"name\":\"thediplomatinspain.com\",\"description\":\"Diario digital de referencia para diplom\u00e1ticos y empresas\",\"publisher\":{\"@id\":\"https:\\\/\\\/thediplomatinspain.com\\\/#organization\"},\"potentialAction\":[{\"@type\":\"SearchAction\",\"target\":{\"@type\":\"EntryPoint\",\"urlTemplate\":\"https:\\\/\\\/thediplomatinspain.com\\\/?s={search_term_string}\"},\"query-input\":{\"@type\":\"PropertyValueSpecification\",\"valueRequired\":true,\"valueName\":\"search_term_string\"}}],\"inLanguage\":\"en-US\"},{\"@type\":\"Organization\",\"@id\":\"https:\\\/\\\/thediplomatinspain.com\\\/#organization\",\"name\":\"thediplomatinspain.com\",\"url\":\"https:\\\/\\\/thediplomatinspain.com\\\/\",\"logo\":{\"@type\":\"ImageObject\",\"inLanguage\":\"en-US\",\"@id\":\"https:\\\/\\\/thediplomatinspain.com\\\/#\\\/schema\\\/logo\\\/image\\\/\",\"url\":\"https:\\\/\\\/thediplomatinspain.com\\\/wp-content\\\/uploads\\\/2024\\\/06\\\/logo_the_diplomat.png\",\"contentUrl\":\"https:\\\/\\\/thediplomatinspain.com\\\/wp-content\\\/uploads\\\/2024\\\/06\\\/logo_the_diplomat.png\",\"width\":284,\"height\":77,\"caption\":\"thediplomatinspain.com\"},\"image\":{\"@id\":\"https:\\\/\\\/thediplomatinspain.com\\\/#\\\/schema\\\/logo\\\/image\\\/\"},\"sameAs\":[\"https:\\\/\\\/www.facebook.com\\\/thediplomatinspain\",\"https:\\\/\\\/x.com\\\/diplomatinspain\",\"https:\\\/\\\/www.youtube.com\\\/channel\\\/UCK0mRqeeZDKdFeiFQZLcH2A\"]},{\"@type\":\"Person\",\"@id\":\"https:\\\/\\\/thediplomatinspain.com\\\/#\\\/schema\\\/person\\\/90d9b3004c2822bcbe64082dad885a9c\",\"name\":\"Redacci\u00f3n\",\"image\":{\"@type\":\"ImageObject\",\"inLanguage\":\"en-US\",\"@id\":\"https:\\\/\\\/secure.gravatar.com\\\/avatar\\\/6be270e1c81317331dd99c1537c17b9683039795b5a956c595769bfada5e7067?s=96&d=mm&r=g\",\"url\":\"https:\\\/\\\/secure.gravatar.com\\\/avatar\\\/6be270e1c81317331dd99c1537c17b9683039795b5a956c595769bfada5e7067?s=96&d=mm&r=g\",\"contentUrl\":\"https:\\\/\\\/secure.gravatar.com\\\/avatar\\\/6be270e1c81317331dd99c1537c17b9683039795b5a956c595769bfada5e7067?s=96&d=mm&r=g\",\"caption\":\"Redacci\u00f3n\"},\"sameAs\":[\"https:\\\/\\\/thediplomatinspain.com\\\/\"],\"url\":\"https:\\\/\\\/thediplomatinspain.com\\\/en\\\/author\\\/soportecibeles\\\/\"},{\"@type\":[\"Organization\",\"NewsMediaOrganization\"],\"@id\":\"https:\\\/\\\/thediplomatinspain.com\\\/en\\\/#organization\"},{\"@type\":\"SiteNavigationElement\",\"@id\":\"https:\\\/\\\/thediplomatinspain.com\\\/en\\\/#site-navigation\",\"cssSelector\":[\".cib-main-menu\"]},{\"@type\":\"WPHeader\",\"@id\":\"https:\\\/\\\/thediplomatinspain.com\\\/en\\\/#header\",\"cssSelector\":[\".cib-header\"]},{\"@type\":\"WPFooter\",\"@id\":\"https:\\\/\\\/thediplomatinspain.com\\\/en\\\/#footer\",\"cssSelector\":[\".cib-footer\"]}]}<\/script>\n<!-- \/ Yoast SEO plugin. -->","yoast_head_json":{"title":"Portugal prepares to commemorate, together with Spain, Saramago's centenary - thediplomatinspain.com","robots":{"index":"index","follow":"follow","max-snippet":"max-snippet:-1","max-image-preview":"max-image-preview:large","max-video-preview":"max-video-preview:-1"},"canonical":"https:\/\/thediplomatinspain.com\/en\/2021\/11\/03\/portugal-prepares-to-commemorate-together-with-spain-saramagos-centenary\/","og_locale":"en_US","og_type":"article","og_title":"Portugal prepares to commemorate, together with Spain, Saramago's centenary - thediplomatinspain.com","og_description":"The Portuguese ambassador in Madrid, Jo\u00e3o Mira-Gomes, yesterday highlighted the events to be held to mark the centenary of the birth","og_url":"https:\/\/thediplomatinspain.com\/en\/2021\/11\/03\/portugal-prepares-to-commemorate-together-with-spain-saramagos-centenary\/","og_site_name":"thediplomatinspain.com","article_publisher":"https:\/\/www.facebook.com\/thediplomatinspain","article_published_time":"2021-11-03T04:07:57+00:00","article_modified_time":"2024-06-10T06:41:34+00:00","og_image":[{"width":750,"height":422,"url":"https:\/\/thediplomatinspain.com\/wp-content\/uploads\/2024\/05\/Portugal-IMG_3031.jpg","type":"image\/jpeg"}],"author":"Redacci\u00f3n","twitter_card":"summary_large_image","twitter_creator":"@diplomatinspain","twitter_site":"@diplomatinspain","twitter_misc":{"Written by":"Redacci\u00f3n","Est. reading time":"5 minutes"},"schema":{"@context":"https:\/\/schema.org","@graph":[{"@type":"Article","@id":"https:\/\/thediplomatinspain.com\/en\/2021\/11\/03\/portugal-prepares-to-commemorate-together-with-spain-saramagos-centenary\/#article","isPartOf":{"@id":"https:\/\/thediplomatinspain.com\/en\/2021\/11\/03\/portugal-prepares-to-commemorate-together-with-spain-saramagos-centenary\/"},"author":{"name":"Redacci\u00f3n","@id":"https:\/\/thediplomatinspain.com\/#\/schema\/person\/90d9b3004c2822bcbe64082dad885a9c"},"headline":"Portugal prepares to commemorate, together with Spain, Saramago&#8217;s centenary","datePublished":"2021-11-03T04:07:57+00:00","dateModified":"2024-06-10T06:41:34+00:00","mainEntityOfPage":{"@id":"https:\/\/thediplomatinspain.com\/en\/2021\/11\/03\/portugal-prepares-to-commemorate-together-with-spain-saramagos-centenary\/"},"wordCount":968,"commentCount":0,"publisher":{"@id":"https:\/\/thediplomatinspain.com\/#organization"},"image":{"@id":"https:\/\/thediplomatinspain.com\/en\/2021\/11\/03\/portugal-prepares-to-commemorate-together-with-spain-saramagos-centenary\/#primaryimage"},"thumbnailUrl":"https:\/\/thediplomatinspain.com\/wp-content\/uploads\/2024\/05\/Portugal-IMG_3031.jpg","articleSection":["Frontpage","Frontpage","News","The world in Spain"],"inLanguage":"en-US","potentialAction":[{"@type":"CommentAction","name":"Comment","target":["https:\/\/thediplomatinspain.com\/en\/2021\/11\/03\/portugal-prepares-to-commemorate-together-with-spain-saramagos-centenary\/#respond"]}]},{"@type":"WebPage","@id":"https:\/\/thediplomatinspain.com\/en\/2021\/11\/03\/portugal-prepares-to-commemorate-together-with-spain-saramagos-centenary\/","url":"https:\/\/thediplomatinspain.com\/en\/2021\/11\/03\/portugal-prepares-to-commemorate-together-with-spain-saramagos-centenary\/","name":"Portugal prepares to commemorate, together with Spain, Saramago's centenary - thediplomatinspain.com","isPartOf":{"@id":"https:\/\/thediplomatinspain.com\/#website"},"primaryImageOfPage":{"@id":"https:\/\/thediplomatinspain.com\/en\/2021\/11\/03\/portugal-prepares-to-commemorate-together-with-spain-saramagos-centenary\/#primaryimage"},"image":{"@id":"https:\/\/thediplomatinspain.com\/en\/2021\/11\/03\/portugal-prepares-to-commemorate-together-with-spain-saramagos-centenary\/#primaryimage"},"thumbnailUrl":"https:\/\/thediplomatinspain.com\/wp-content\/uploads\/2024\/05\/Portugal-IMG_3031.jpg","datePublished":"2021-11-03T04:07:57+00:00","dateModified":"2024-06-10T06:41:34+00:00","breadcrumb":{"@id":"https:\/\/thediplomatinspain.com\/en\/2021\/11\/03\/portugal-prepares-to-commemorate-together-with-spain-saramagos-centenary\/#breadcrumb"},"inLanguage":"en-US","potentialAction":[{"@type":"ReadAction","target":["https:\/\/thediplomatinspain.com\/en\/2021\/11\/03\/portugal-prepares-to-commemorate-together-with-spain-saramagos-centenary\/"]}]},{"@type":"ImageObject","inLanguage":"en-US","@id":"https:\/\/thediplomatinspain.com\/en\/2021\/11\/03\/portugal-prepares-to-commemorate-together-with-spain-saramagos-centenary\/#primaryimage","url":"https:\/\/thediplomatinspain.com\/wp-content\/uploads\/2024\/05\/Portugal-IMG_3031.jpg","contentUrl":"https:\/\/thediplomatinspain.com\/wp-content\/uploads\/2024\/05\/Portugal-IMG_3031.jpg","width":750,"height":422,"caption":"Ambassador Jo\u00e3o Mira-Gomes, in the centre, with journalists and members of the Embassy."},{"@type":"BreadcrumbList","@id":"https:\/\/thediplomatinspain.com\/en\/2021\/11\/03\/portugal-prepares-to-commemorate-together-with-spain-saramagos-centenary\/#breadcrumb","itemListElement":[{"@type":"ListItem","position":1,"name":"Portada","item":"https:\/\/thediplomatinspain.com\/en\/"},{"@type":"ListItem","position":2,"name":"Portugal prepares to commemorate, together with Spain, Saramago&#8217;s centenary"}]},{"@type":"WebSite","@id":"https:\/\/thediplomatinspain.com\/#website","url":"https:\/\/thediplomatinspain.com\/","name":"thediplomatinspain.com","description":"Diario digital de referencia para diplom\u00e1ticos y empresas","publisher":{"@id":"https:\/\/thediplomatinspain.com\/#organization"},"potentialAction":[{"@type":"SearchAction","target":{"@type":"EntryPoint","urlTemplate":"https:\/\/thediplomatinspain.com\/?s={search_term_string}"},"query-input":{"@type":"PropertyValueSpecification","valueRequired":true,"valueName":"search_term_string"}}],"inLanguage":"en-US"},{"@type":"Organization","@id":"https:\/\/thediplomatinspain.com\/#organization","name":"thediplomatinspain.com","url":"https:\/\/thediplomatinspain.com\/","logo":{"@type":"ImageObject","inLanguage":"en-US","@id":"https:\/\/thediplomatinspain.com\/#\/schema\/logo\/image\/","url":"https:\/\/thediplomatinspain.com\/wp-content\/uploads\/2024\/06\/logo_the_diplomat.png","contentUrl":"https:\/\/thediplomatinspain.com\/wp-content\/uploads\/2024\/06\/logo_the_diplomat.png","width":284,"height":77,"caption":"thediplomatinspain.com"},"image":{"@id":"https:\/\/thediplomatinspain.com\/#\/schema\/logo\/image\/"},"sameAs":["https:\/\/www.facebook.com\/thediplomatinspain","https:\/\/x.com\/diplomatinspain","https:\/\/www.youtube.com\/channel\/UCK0mRqeeZDKdFeiFQZLcH2A"]},{"@type":"Person","@id":"https:\/\/thediplomatinspain.com\/#\/schema\/person\/90d9b3004c2822bcbe64082dad885a9c","name":"Redacci\u00f3n","image":{"@type":"ImageObject","inLanguage":"en-US","@id":"https:\/\/secure.gravatar.com\/avatar\/6be270e1c81317331dd99c1537c17b9683039795b5a956c595769bfada5e7067?s=96&d=mm&r=g","url":"https:\/\/secure.gravatar.com\/avatar\/6be270e1c81317331dd99c1537c17b9683039795b5a956c595769bfada5e7067?s=96&d=mm&r=g","contentUrl":"https:\/\/secure.gravatar.com\/avatar\/6be270e1c81317331dd99c1537c17b9683039795b5a956c595769bfada5e7067?s=96&d=mm&r=g","caption":"Redacci\u00f3n"},"sameAs":["https:\/\/thediplomatinspain.com\/"],"url":"https:\/\/thediplomatinspain.com\/en\/author\/soportecibeles\/"},{"@type":["Organization","NewsMediaOrganization"],"@id":"https:\/\/thediplomatinspain.com\/en\/#organization"},{"@type":"SiteNavigationElement","@id":"https:\/\/thediplomatinspain.com\/en\/#site-navigation","cssSelector":[".cib-main-menu"]},{"@type":"WPHeader","@id":"https:\/\/thediplomatinspain.com\/en\/#header","cssSelector":[".cib-header"]},{"@type":"WPFooter","@id":"https:\/\/thediplomatinspain.com\/en\/#footer","cssSelector":[".cib-footer"]}]}},"amp_enabled":true,"_links":{"self":[{"href":"https:\/\/thediplomatinspain.com\/en\/wp-json\/wp\/v2\/posts\/75006","targetHints":{"allow":["GET"]}}],"collection":[{"href":"https:\/\/thediplomatinspain.com\/en\/wp-json\/wp\/v2\/posts"}],"about":[{"href":"https:\/\/thediplomatinspain.com\/en\/wp-json\/wp\/v2\/types\/post"}],"author":[{"embeddable":true,"href":"https:\/\/thediplomatinspain.com\/en\/wp-json\/wp\/v2\/users\/1"}],"replies":[{"embeddable":true,"href":"https:\/\/thediplomatinspain.com\/en\/wp-json\/wp\/v2\/comments?post=75006"}],"version-history":[{"count":0,"href":"https:\/\/thediplomatinspain.com\/en\/wp-json\/wp\/v2\/posts\/75006\/revisions"}],"wp:featuredmedia":[{"embeddable":true,"href":"https:\/\/thediplomatinspain.com\/en\/wp-json\/wp\/v2\/media\/58963"}],"wp:attachment":[{"href":"https:\/\/thediplomatinspain.com\/en\/wp-json\/wp\/v2\/media?parent=75006"}],"wp:term":[{"taxonomy":"category","embeddable":true,"href":"https:\/\/thediplomatinspain.com\/en\/wp-json\/wp\/v2\/categories?post=75006"},{"taxonomy":"post_tag","embeddable":true,"href":"https:\/\/thediplomatinspain.com\/en\/wp-json\/wp\/v2\/tags?post=75006"}],"curies":[{"name":"wp","href":"https:\/\/api.w.org\/{rel}","templated":true}]}}