{"id":74288,"date":"2021-08-05T04:08:22","date_gmt":"2021-08-05T02:08:22","guid":{"rendered":"https:\/\/zen-hopper.82-223-81-17.plesk.page\/2021\/08\/05\/sanchez-leaves-main-issues-for-september-pensions-labour-reform-and-housing\/"},"modified":"2021-08-05T04:08:22","modified_gmt":"2021-08-05T02:08:22","slug":"sanchez-leaves-main-issues-for-september-pensions-labour-reform-and-housing","status":"publish","type":"post","link":"https:\/\/thediplomatinspain.com\/en\/2021\/08\/05\/sanchez-leaves-main-issues-for-september-pensions-labour-reform-and-housing\/","title":{"rendered":"S\u00e1nchez leaves main issues for September: pensions, labour reform and housing"},"content":{"rendered":"<p>&nbsp;<\/p>\n<h6><strong>\u00c1ngel Collado<\/strong><\/h6>\n<p>&nbsp;<\/p>\n<h4><strong>The President of the Government, Pedro S\u00e1nchez, is going on holiday after another image offensive, between the Cabinet crisis and the subsequent self-promotion, but without approving any of the main reforms and laws announced for this year.<\/strong><\/h4>\n<p>&nbsp;<\/p>\n<p>The <strong>lack of support in Parliament and of agreements with the social partners<\/strong> have led S\u00e1nchez to postpone until September the setting of the new sustainability factor for the pension system, changes in labour legislation and the law on intervention in the housing market.<\/p>\n<p>&nbsp;<\/p>\n<p>After the failure in the regional elections in Madrid and the pardoning of the pro-independence leaders convicted of sedition and embezzlement, Pedro S\u00e1nchez tried to regain the initiative with the changes of face in the Executive and the advance of good news on the progress of the vaccines that did not serve to prevent the fifth wave of the coronavirus.<\/p>\n<p>&nbsp;<\/p>\n<p>The attacks on the opposition for blocking the renewal of the constitutional bodies go hand in hand with the <strong>lack of agreement within the coalition government itself<\/strong> on its pending issues, all of which are economic.<\/p>\n<p>&nbsp;<\/p>\n<p><strong>The Minister of Social Security, Jos\u00e9 Luis Escriv\u00e1<\/strong>, was left alone in the attempts to achieve a real reform of the pension system, and as soon as July began he limited himself to presenting a text with minor adjustments endorsed by the business organisations and trade unions, which was used by Pedro S\u00e1nchez to organise a signing ceremony and pose at the Palacio de la Moncloa.<\/p>\n<p>&nbsp;<\/p>\n<p>Escriv\u00e1 acknowledged that<strong> the basic problem and the commitment made with Brussels had not been touched<\/strong>: the formula for guaranteeing pensions for Spaniards beyond the next elections. He even came clean when he explained that citizens born between the late 1950s and the mid-1970s have to think about working more or receiving less money. The study and agreement on this new &#8220;sustainability factor&#8221; has already been postponed until the last quarter of the year.<\/p>\n<p>&nbsp;<\/p>\n<p><strong>The labour reform has been almost equally stuck since the beginning of the legislature<\/strong>, with an <strong>open confrontation<\/strong> between the vice-president and minister of Economy, <strong>Nadia Calvi\u00f1o<\/strong>, and the minister of Labour,<strong> Yolanda D\u00edaz<\/strong>. While waiting for S\u00e1nchez to opt for the positions of one or the other, the pacts with Podemos force him to modify legislation that has been approved by Brussels since 2012 and contributed to the recovery of employment after the previous economic crisis.<\/p>\n<p>&nbsp;<\/p>\n<p><strong>Employers are also refusing to agree to any measure that would mean a reversal in the flexibility<\/strong> of hiring or an increase in wage costs. The employers&#8217; association CEOE describes the measures proposed by D\u00edaz as &#8220;Marxist&#8221;.<\/p>\n<p>&nbsp;<\/p>\n<p>The far-left formation demands that the commitment to repeal the law be fulfilled before the end of the year, which also includes the classic demand of the trade unions to regain power by means of the prevalence of sectoral agreements over those of the companies.<strong> The two sectors of the government have left the internal discussions<\/strong> until after the summer, as well as the attempts at rapprochement with the employers and the unions.<\/p>\n<p>&nbsp;<\/p>\n<p>The changes in S\u00e1nchez&#8217;s Cabinet have not even served to push forward the housing law, another point of the pact between the PSOE and the podemites. The replacement of <strong>Jos\u00e9 Luis \u00c1balos<\/strong> in the Ministry of Transport by <strong>Raquel S\u00e1nchez<\/strong> has left things as they were. The socialist minister defends that the administrations can freeze rental prices in &#8220;stressed&#8221; areas, but admitting increases of 10 percent in new contracts; while Podemos, represented in the matter by the minister<strong> Ione Belarra<\/strong>, insists on intervening directly in the setting of prices in order to lower them.<\/p>\n<p>&nbsp;<\/p>\n<p>The two parties in the coalition government have been locked in their respective positions for five months now, with no agreement for the moment other than to continue negotiating the housing law after the summer. S\u00e1nchez has changed ministers, but has yet to decide anything concrete when he has to settle internal confrontations over economic policy. He gave in to Podemos and overruled Carmen Calvo in her clash with Irene Montero over the leading role in the feminist laws, and now <strong>he has left the rest of the fights, those of Calvi\u00f1o, D\u00edaz, Belarra and Escriv\u00e1, until September.<\/strong><\/p>\n<p>&nbsp;<\/p>\n<p>&nbsp;<\/p>\n","protected":false},"excerpt":{"rendered":"<p>The President of the Government, Pedro S\u00e1nchez, is going on holiday after another image offensive, between the Cabinet crisis and the subsequent self-promotion<\/p>\n","protected":false},"author":1,"featured_media":55574,"comment_status":"open","ping_status":"open","sticky":false,"template":"","format":"standard","meta":{"jnews-multi-image_gallery":[],"jnews_single_post":[],"jnews_primary_category":[],"jnews_social_meta":[],"jnews_override_counter":[],"jnews_post_split":[],"footnotes":""},"categories":[106,158,182],"tags":[],"class_list":["post-74288","post","type-post","status-publish","format-standard","has-post-thumbnail","hentry","category-frontpage","category-frontpage-en","category-subscribers"],"yoast_head":"<!-- This site is optimized with the Yoast SEO plugin v27.4 - https:\/\/yoast.com\/product\/yoast-seo-wordpress\/ -->\n<title>S\u00e1nchez leaves main issues for September: pensions, labour reform and housing - thediplomatinspain.com<\/title>\n<meta name=\"robots\" content=\"index, follow, max-snippet:-1, max-image-preview:large, max-video-preview:-1\" \/>\n<link rel=\"canonical\" href=\"https:\/\/thediplomatinspain.com\/en\/2021\/08\/05\/sanchez-leaves-main-issues-for-september-pensions-labour-reform-and-housing\/\" \/>\n<meta property=\"og:locale\" content=\"en_US\" \/>\n<meta property=\"og:type\" content=\"article\" \/>\n<meta property=\"og:title\" content=\"S\u00e1nchez leaves main issues for September: pensions, labour reform and housing - thediplomatinspain.com\" \/>\n<meta property=\"og:description\" content=\"The President of the Government, Pedro S\u00e1nchez, is going on holiday after another image offensive, between the Cabinet crisis and the subsequent self-promotion\" \/>\n<meta property=\"og:url\" content=\"https:\/\/thediplomatinspain.com\/en\/2021\/08\/05\/sanchez-leaves-main-issues-for-september-pensions-labour-reform-and-housing\/\" \/>\n<meta property=\"og:site_name\" content=\"thediplomatinspain.com\" \/>\n<meta property=\"article:publisher\" content=\"https:\/\/www.facebook.com\/thediplomatinspain\" \/>\n<meta property=\"article:published_time\" content=\"2021-08-05T02:08:22+00:00\" \/>\n<meta property=\"og:image\" content=\"https:\/\/thediplomatinspain.com\/wp-content\/uploads\/2024\/05\/sanchez-michel.jpg\" \/>\n\t<meta property=\"og:image:width\" content=\"750\" \/>\n\t<meta property=\"og:image:height\" content=\"483\" \/>\n\t<meta property=\"og:image:type\" content=\"image\/jpeg\" \/>\n<meta name=\"author\" content=\"Redacci\u00f3n\" \/>\n<meta name=\"twitter:card\" content=\"summary_large_image\" \/>\n<meta name=\"twitter:creator\" content=\"@diplomatinspain\" \/>\n<meta name=\"twitter:site\" content=\"@diplomatinspain\" \/>\n<meta name=\"twitter:label1\" content=\"Written by\" \/>\n\t<meta name=\"twitter:data1\" content=\"Redacci\u00f3n\" \/>\n\t<meta name=\"twitter:label2\" content=\"Est. reading time\" \/>\n\t<meta name=\"twitter:data2\" content=\"4 minutes\" \/>\n<script type=\"application\/ld+json\" class=\"yoast-schema-graph\">{\"@context\":\"https:\\\/\\\/schema.org\",\"@graph\":[{\"@type\":\"Article\",\"@id\":\"https:\\\/\\\/thediplomatinspain.com\\\/en\\\/2021\\\/08\\\/05\\\/sanchez-leaves-main-issues-for-september-pensions-labour-reform-and-housing\\\/#article\",\"isPartOf\":{\"@id\":\"https:\\\/\\\/thediplomatinspain.com\\\/en\\\/2021\\\/08\\\/05\\\/sanchez-leaves-main-issues-for-september-pensions-labour-reform-and-housing\\\/\"},\"author\":{\"name\":\"Redacci\u00f3n\",\"@id\":\"https:\\\/\\\/thediplomatinspain.com\\\/#\\\/schema\\\/person\\\/90d9b3004c2822bcbe64082dad885a9c\"},\"headline\":\"S\u00e1nchez leaves main issues for September: pensions, labour reform and housing\",\"datePublished\":\"2021-08-05T02:08:22+00:00\",\"mainEntityOfPage\":{\"@id\":\"https:\\\/\\\/thediplomatinspain.com\\\/en\\\/2021\\\/08\\\/05\\\/sanchez-leaves-main-issues-for-september-pensions-labour-reform-and-housing\\\/\"},\"wordCount\":737,\"commentCount\":0,\"publisher\":{\"@id\":\"https:\\\/\\\/thediplomatinspain.com\\\/#organization\"},\"image\":{\"@id\":\"https:\\\/\\\/thediplomatinspain.com\\\/en\\\/2021\\\/08\\\/05\\\/sanchez-leaves-main-issues-for-september-pensions-labour-reform-and-housing\\\/#primaryimage\"},\"thumbnailUrl\":\"https:\\\/\\\/thediplomatinspain.com\\\/wp-content\\\/uploads\\\/2024\\\/05\\\/sanchez-michel.jpg\",\"articleSection\":[\"Frontpage\",\"Frontpage\",\"Subscribers\"],\"inLanguage\":\"en-US\",\"potentialAction\":[{\"@type\":\"CommentAction\",\"name\":\"Comment\",\"target\":[\"https:\\\/\\\/thediplomatinspain.com\\\/en\\\/2021\\\/08\\\/05\\\/sanchez-leaves-main-issues-for-september-pensions-labour-reform-and-housing\\\/#respond\"]}]},{\"@type\":\"WebPage\",\"@id\":\"https:\\\/\\\/thediplomatinspain.com\\\/en\\\/2021\\\/08\\\/05\\\/sanchez-leaves-main-issues-for-september-pensions-labour-reform-and-housing\\\/\",\"url\":\"https:\\\/\\\/thediplomatinspain.com\\\/en\\\/2021\\\/08\\\/05\\\/sanchez-leaves-main-issues-for-september-pensions-labour-reform-and-housing\\\/\",\"name\":\"S\u00e1nchez leaves main issues for September: pensions, labour reform and housing - thediplomatinspain.com\",\"isPartOf\":{\"@id\":\"https:\\\/\\\/thediplomatinspain.com\\\/#website\"},\"primaryImageOfPage\":{\"@id\":\"https:\\\/\\\/thediplomatinspain.com\\\/en\\\/2021\\\/08\\\/05\\\/sanchez-leaves-main-issues-for-september-pensions-labour-reform-and-housing\\\/#primaryimage\"},\"image\":{\"@id\":\"https:\\\/\\\/thediplomatinspain.com\\\/en\\\/2021\\\/08\\\/05\\\/sanchez-leaves-main-issues-for-september-pensions-labour-reform-and-housing\\\/#primaryimage\"},\"thumbnailUrl\":\"https:\\\/\\\/thediplomatinspain.com\\\/wp-content\\\/uploads\\\/2024\\\/05\\\/sanchez-michel.jpg\",\"datePublished\":\"2021-08-05T02:08:22+00:00\",\"breadcrumb\":{\"@id\":\"https:\\\/\\\/thediplomatinspain.com\\\/en\\\/2021\\\/08\\\/05\\\/sanchez-leaves-main-issues-for-september-pensions-labour-reform-and-housing\\\/#breadcrumb\"},\"inLanguage\":\"en-US\",\"potentialAction\":[{\"@type\":\"ReadAction\",\"target\":[\"https:\\\/\\\/thediplomatinspain.com\\\/en\\\/2021\\\/08\\\/05\\\/sanchez-leaves-main-issues-for-september-pensions-labour-reform-and-housing\\\/\"]}]},{\"@type\":\"ImageObject\",\"inLanguage\":\"en-US\",\"@id\":\"https:\\\/\\\/thediplomatinspain.com\\\/en\\\/2021\\\/08\\\/05\\\/sanchez-leaves-main-issues-for-september-pensions-labour-reform-and-housing\\\/#primaryimage\",\"url\":\"https:\\\/\\\/thediplomatinspain.com\\\/wp-content\\\/uploads\\\/2024\\\/05\\\/sanchez-michel.jpg\",\"contentUrl\":\"https:\\\/\\\/thediplomatinspain.com\\\/wp-content\\\/uploads\\\/2024\\\/05\\\/sanchez-michel.jpg\",\"width\":750,\"height\":483,\"caption\":\"Pedro S\u00e1nchez. \\\/ Photo: Pool Moncloa\\\/Fernando Calvo\"},{\"@type\":\"BreadcrumbList\",\"@id\":\"https:\\\/\\\/thediplomatinspain.com\\\/en\\\/2021\\\/08\\\/05\\\/sanchez-leaves-main-issues-for-september-pensions-labour-reform-and-housing\\\/#breadcrumb\",\"itemListElement\":[{\"@type\":\"ListItem\",\"position\":1,\"name\":\"Portada\",\"item\":\"https:\\\/\\\/thediplomatinspain.com\\\/en\\\/\"},{\"@type\":\"ListItem\",\"position\":2,\"name\":\"S\u00e1nchez leaves main issues for September: pensions, labour reform and housing\"}]},{\"@type\":\"WebSite\",\"@id\":\"https:\\\/\\\/thediplomatinspain.com\\\/#website\",\"url\":\"https:\\\/\\\/thediplomatinspain.com\\\/\",\"name\":\"thediplomatinspain.com\",\"description\":\"Diario digital de referencia para diplom\u00e1ticos y empresas\",\"publisher\":{\"@id\":\"https:\\\/\\\/thediplomatinspain.com\\\/#organization\"},\"potentialAction\":[{\"@type\":\"SearchAction\",\"target\":{\"@type\":\"EntryPoint\",\"urlTemplate\":\"https:\\\/\\\/thediplomatinspain.com\\\/?s={search_term_string}\"},\"query-input\":{\"@type\":\"PropertyValueSpecification\",\"valueRequired\":true,\"valueName\":\"search_term_string\"}}],\"inLanguage\":\"en-US\"},{\"@type\":\"Organization\",\"@id\":\"https:\\\/\\\/thediplomatinspain.com\\\/#organization\",\"name\":\"thediplomatinspain.com\",\"url\":\"https:\\\/\\\/thediplomatinspain.com\\\/\",\"logo\":{\"@type\":\"ImageObject\",\"inLanguage\":\"en-US\",\"@id\":\"https:\\\/\\\/thediplomatinspain.com\\\/#\\\/schema\\\/logo\\\/image\\\/\",\"url\":\"https:\\\/\\\/thediplomatinspain.com\\\/wp-content\\\/uploads\\\/2024\\\/06\\\/logo_the_diplomat.png\",\"contentUrl\":\"https:\\\/\\\/thediplomatinspain.com\\\/wp-content\\\/uploads\\\/2024\\\/06\\\/logo_the_diplomat.png\",\"width\":284,\"height\":77,\"caption\":\"thediplomatinspain.com\"},\"image\":{\"@id\":\"https:\\\/\\\/thediplomatinspain.com\\\/#\\\/schema\\\/logo\\\/image\\\/\"},\"sameAs\":[\"https:\\\/\\\/www.facebook.com\\\/thediplomatinspain\",\"https:\\\/\\\/x.com\\\/diplomatinspain\",\"https:\\\/\\\/www.youtube.com\\\/channel\\\/UCK0mRqeeZDKdFeiFQZLcH2A\"]},{\"@type\":\"Person\",\"@id\":\"https:\\\/\\\/thediplomatinspain.com\\\/#\\\/schema\\\/person\\\/90d9b3004c2822bcbe64082dad885a9c\",\"name\":\"Redacci\u00f3n\",\"image\":{\"@type\":\"ImageObject\",\"inLanguage\":\"en-US\",\"@id\":\"https:\\\/\\\/secure.gravatar.com\\\/avatar\\\/6be270e1c81317331dd99c1537c17b9683039795b5a956c595769bfada5e7067?s=96&d=mm&r=g\",\"url\":\"https:\\\/\\\/secure.gravatar.com\\\/avatar\\\/6be270e1c81317331dd99c1537c17b9683039795b5a956c595769bfada5e7067?s=96&d=mm&r=g\",\"contentUrl\":\"https:\\\/\\\/secure.gravatar.com\\\/avatar\\\/6be270e1c81317331dd99c1537c17b9683039795b5a956c595769bfada5e7067?s=96&d=mm&r=g\",\"caption\":\"Redacci\u00f3n\"},\"sameAs\":[\"https:\\\/\\\/thediplomatinspain.com\\\/\"],\"url\":\"https:\\\/\\\/thediplomatinspain.com\\\/en\\\/author\\\/soportecibeles\\\/\"},{\"@type\":[\"Organization\",\"NewsMediaOrganization\"],\"@id\":\"https:\\\/\\\/thediplomatinspain.com\\\/en\\\/#organization\"},{\"@type\":\"SiteNavigationElement\",\"@id\":\"https:\\\/\\\/thediplomatinspain.com\\\/en\\\/#site-navigation\",\"cssSelector\":[\".cib-main-menu\"]},{\"@type\":\"WPHeader\",\"@id\":\"https:\\\/\\\/thediplomatinspain.com\\\/en\\\/#header\",\"cssSelector\":[\".cib-header\"]},{\"@type\":\"WPFooter\",\"@id\":\"https:\\\/\\\/thediplomatinspain.com\\\/en\\\/#footer\",\"cssSelector\":[\".cib-footer\"]}]}<\/script>\n<!-- \/ Yoast SEO plugin. -->","yoast_head_json":{"title":"S\u00e1nchez leaves main issues for September: pensions, labour reform and housing - thediplomatinspain.com","robots":{"index":"index","follow":"follow","max-snippet":"max-snippet:-1","max-image-preview":"max-image-preview:large","max-video-preview":"max-video-preview:-1"},"canonical":"https:\/\/thediplomatinspain.com\/en\/2021\/08\/05\/sanchez-leaves-main-issues-for-september-pensions-labour-reform-and-housing\/","og_locale":"en_US","og_type":"article","og_title":"S\u00e1nchez leaves main issues for September: pensions, labour reform and housing - thediplomatinspain.com","og_description":"The President of the Government, Pedro S\u00e1nchez, is going on holiday after another image offensive, between the Cabinet crisis and the subsequent self-promotion","og_url":"https:\/\/thediplomatinspain.com\/en\/2021\/08\/05\/sanchez-leaves-main-issues-for-september-pensions-labour-reform-and-housing\/","og_site_name":"thediplomatinspain.com","article_publisher":"https:\/\/www.facebook.com\/thediplomatinspain","article_published_time":"2021-08-05T02:08:22+00:00","og_image":[{"width":750,"height":483,"url":"https:\/\/thediplomatinspain.com\/wp-content\/uploads\/2024\/05\/sanchez-michel.jpg","type":"image\/jpeg"}],"author":"Redacci\u00f3n","twitter_card":"summary_large_image","twitter_creator":"@diplomatinspain","twitter_site":"@diplomatinspain","twitter_misc":{"Written by":"Redacci\u00f3n","Est. reading time":"4 minutes"},"schema":{"@context":"https:\/\/schema.org","@graph":[{"@type":"Article","@id":"https:\/\/thediplomatinspain.com\/en\/2021\/08\/05\/sanchez-leaves-main-issues-for-september-pensions-labour-reform-and-housing\/#article","isPartOf":{"@id":"https:\/\/thediplomatinspain.com\/en\/2021\/08\/05\/sanchez-leaves-main-issues-for-september-pensions-labour-reform-and-housing\/"},"author":{"name":"Redacci\u00f3n","@id":"https:\/\/thediplomatinspain.com\/#\/schema\/person\/90d9b3004c2822bcbe64082dad885a9c"},"headline":"S\u00e1nchez leaves main issues for September: pensions, labour reform and housing","datePublished":"2021-08-05T02:08:22+00:00","mainEntityOfPage":{"@id":"https:\/\/thediplomatinspain.com\/en\/2021\/08\/05\/sanchez-leaves-main-issues-for-september-pensions-labour-reform-and-housing\/"},"wordCount":737,"commentCount":0,"publisher":{"@id":"https:\/\/thediplomatinspain.com\/#organization"},"image":{"@id":"https:\/\/thediplomatinspain.com\/en\/2021\/08\/05\/sanchez-leaves-main-issues-for-september-pensions-labour-reform-and-housing\/#primaryimage"},"thumbnailUrl":"https:\/\/thediplomatinspain.com\/wp-content\/uploads\/2024\/05\/sanchez-michel.jpg","articleSection":["Frontpage","Frontpage","Subscribers"],"inLanguage":"en-US","potentialAction":[{"@type":"CommentAction","name":"Comment","target":["https:\/\/thediplomatinspain.com\/en\/2021\/08\/05\/sanchez-leaves-main-issues-for-september-pensions-labour-reform-and-housing\/#respond"]}]},{"@type":"WebPage","@id":"https:\/\/thediplomatinspain.com\/en\/2021\/08\/05\/sanchez-leaves-main-issues-for-september-pensions-labour-reform-and-housing\/","url":"https:\/\/thediplomatinspain.com\/en\/2021\/08\/05\/sanchez-leaves-main-issues-for-september-pensions-labour-reform-and-housing\/","name":"S\u00e1nchez leaves main issues for September: pensions, labour reform and housing - thediplomatinspain.com","isPartOf":{"@id":"https:\/\/thediplomatinspain.com\/#website"},"primaryImageOfPage":{"@id":"https:\/\/thediplomatinspain.com\/en\/2021\/08\/05\/sanchez-leaves-main-issues-for-september-pensions-labour-reform-and-housing\/#primaryimage"},"image":{"@id":"https:\/\/thediplomatinspain.com\/en\/2021\/08\/05\/sanchez-leaves-main-issues-for-september-pensions-labour-reform-and-housing\/#primaryimage"},"thumbnailUrl":"https:\/\/thediplomatinspain.com\/wp-content\/uploads\/2024\/05\/sanchez-michel.jpg","datePublished":"2021-08-05T02:08:22+00:00","breadcrumb":{"@id":"https:\/\/thediplomatinspain.com\/en\/2021\/08\/05\/sanchez-leaves-main-issues-for-september-pensions-labour-reform-and-housing\/#breadcrumb"},"inLanguage":"en-US","potentialAction":[{"@type":"ReadAction","target":["https:\/\/thediplomatinspain.com\/en\/2021\/08\/05\/sanchez-leaves-main-issues-for-september-pensions-labour-reform-and-housing\/"]}]},{"@type":"ImageObject","inLanguage":"en-US","@id":"https:\/\/thediplomatinspain.com\/en\/2021\/08\/05\/sanchez-leaves-main-issues-for-september-pensions-labour-reform-and-housing\/#primaryimage","url":"https:\/\/thediplomatinspain.com\/wp-content\/uploads\/2024\/05\/sanchez-michel.jpg","contentUrl":"https:\/\/thediplomatinspain.com\/wp-content\/uploads\/2024\/05\/sanchez-michel.jpg","width":750,"height":483,"caption":"Pedro S\u00e1nchez. \/ Photo: Pool Moncloa\/Fernando Calvo"},{"@type":"BreadcrumbList","@id":"https:\/\/thediplomatinspain.com\/en\/2021\/08\/05\/sanchez-leaves-main-issues-for-september-pensions-labour-reform-and-housing\/#breadcrumb","itemListElement":[{"@type":"ListItem","position":1,"name":"Portada","item":"https:\/\/thediplomatinspain.com\/en\/"},{"@type":"ListItem","position":2,"name":"S\u00e1nchez leaves main issues for September: pensions, labour reform and housing"}]},{"@type":"WebSite","@id":"https:\/\/thediplomatinspain.com\/#website","url":"https:\/\/thediplomatinspain.com\/","name":"thediplomatinspain.com","description":"Diario digital de referencia para diplom\u00e1ticos y empresas","publisher":{"@id":"https:\/\/thediplomatinspain.com\/#organization"},"potentialAction":[{"@type":"SearchAction","target":{"@type":"EntryPoint","urlTemplate":"https:\/\/thediplomatinspain.com\/?s={search_term_string}"},"query-input":{"@type":"PropertyValueSpecification","valueRequired":true,"valueName":"search_term_string"}}],"inLanguage":"en-US"},{"@type":"Organization","@id":"https:\/\/thediplomatinspain.com\/#organization","name":"thediplomatinspain.com","url":"https:\/\/thediplomatinspain.com\/","logo":{"@type":"ImageObject","inLanguage":"en-US","@id":"https:\/\/thediplomatinspain.com\/#\/schema\/logo\/image\/","url":"https:\/\/thediplomatinspain.com\/wp-content\/uploads\/2024\/06\/logo_the_diplomat.png","contentUrl":"https:\/\/thediplomatinspain.com\/wp-content\/uploads\/2024\/06\/logo_the_diplomat.png","width":284,"height":77,"caption":"thediplomatinspain.com"},"image":{"@id":"https:\/\/thediplomatinspain.com\/#\/schema\/logo\/image\/"},"sameAs":["https:\/\/www.facebook.com\/thediplomatinspain","https:\/\/x.com\/diplomatinspain","https:\/\/www.youtube.com\/channel\/UCK0mRqeeZDKdFeiFQZLcH2A"]},{"@type":"Person","@id":"https:\/\/thediplomatinspain.com\/#\/schema\/person\/90d9b3004c2822bcbe64082dad885a9c","name":"Redacci\u00f3n","image":{"@type":"ImageObject","inLanguage":"en-US","@id":"https:\/\/secure.gravatar.com\/avatar\/6be270e1c81317331dd99c1537c17b9683039795b5a956c595769bfada5e7067?s=96&d=mm&r=g","url":"https:\/\/secure.gravatar.com\/avatar\/6be270e1c81317331dd99c1537c17b9683039795b5a956c595769bfada5e7067?s=96&d=mm&r=g","contentUrl":"https:\/\/secure.gravatar.com\/avatar\/6be270e1c81317331dd99c1537c17b9683039795b5a956c595769bfada5e7067?s=96&d=mm&r=g","caption":"Redacci\u00f3n"},"sameAs":["https:\/\/thediplomatinspain.com\/"],"url":"https:\/\/thediplomatinspain.com\/en\/author\/soportecibeles\/"},{"@type":["Organization","NewsMediaOrganization"],"@id":"https:\/\/thediplomatinspain.com\/en\/#organization"},{"@type":"SiteNavigationElement","@id":"https:\/\/thediplomatinspain.com\/en\/#site-navigation","cssSelector":[".cib-main-menu"]},{"@type":"WPHeader","@id":"https:\/\/thediplomatinspain.com\/en\/#header","cssSelector":[".cib-header"]},{"@type":"WPFooter","@id":"https:\/\/thediplomatinspain.com\/en\/#footer","cssSelector":[".cib-footer"]}]}},"amp_enabled":true,"_links":{"self":[{"href":"https:\/\/thediplomatinspain.com\/en\/wp-json\/wp\/v2\/posts\/74288","targetHints":{"allow":["GET"]}}],"collection":[{"href":"https:\/\/thediplomatinspain.com\/en\/wp-json\/wp\/v2\/posts"}],"about":[{"href":"https:\/\/thediplomatinspain.com\/en\/wp-json\/wp\/v2\/types\/post"}],"author":[{"embeddable":true,"href":"https:\/\/thediplomatinspain.com\/en\/wp-json\/wp\/v2\/users\/1"}],"replies":[{"embeddable":true,"href":"https:\/\/thediplomatinspain.com\/en\/wp-json\/wp\/v2\/comments?post=74288"}],"version-history":[{"count":0,"href":"https:\/\/thediplomatinspain.com\/en\/wp-json\/wp\/v2\/posts\/74288\/revisions"}],"wp:featuredmedia":[{"embeddable":true,"href":"https:\/\/thediplomatinspain.com\/en\/wp-json\/wp\/v2\/media\/55574"}],"wp:attachment":[{"href":"https:\/\/thediplomatinspain.com\/en\/wp-json\/wp\/v2\/media?parent=74288"}],"wp:term":[{"taxonomy":"category","embeddable":true,"href":"https:\/\/thediplomatinspain.com\/en\/wp-json\/wp\/v2\/categories?post=74288"},{"taxonomy":"post_tag","embeddable":true,"href":"https:\/\/thediplomatinspain.com\/en\/wp-json\/wp\/v2\/tags?post=74288"}],"curies":[{"name":"wp","href":"https:\/\/api.w.org\/{rel}","templated":true}]}}