{"id":74284,"date":"2021-08-02T04:05:02","date_gmt":"2021-08-02T02:05:02","guid":{"rendered":"https:\/\/zen-hopper.82-223-81-17.plesk.page\/2021\/08\/02\/the-president-of-the-council-foundation-meets-with-the-new-ambassador-to-india\/"},"modified":"2021-08-02T04:05:02","modified_gmt":"2021-08-02T02:05:02","slug":"the-president-of-the-council-foundation-meets-with-the-new-ambassador-to-india","status":"publish","type":"post","link":"https:\/\/thediplomatinspain.com\/en\/2021\/08\/02\/the-president-of-the-council-foundation-meets-with-the-new-ambassador-to-india\/","title":{"rendered":"The President of the Council Foundation meets with the new Ambassador to India"},"content":{"rendered":"<h6><strong>The Diplomat<\/strong><\/h6>\n<p>&nbsp;<\/p>\n<h4><strong>Acciona&#8217;s Vice Chairman and President of the Spain-India Council Foundation (SICF), Juan Ignacio Entrecanales, met last week with Spain&#8217;s newly appointed Ambassador to New Delhi, Jos\u00e9 Mar\u00eda Ridao.<\/strong><\/h4>\n<p><strong>\u00a0<\/strong><\/p>\n<p>During the working lunch, <strong>Entrecanales explained to the ambassador the interests of the Spanish private sector in the Asian country and how the Foundation works in this regard<\/strong>. Ridao was appointed Spain&#8217;s ambassador to India on July 20 by the Council of Ministers. The post had been vacant for almost nine months, following the retirement of the previous incumbent, Jos\u00e9 Ram\u00f3n Bara\u00f1ano, at the end of October.<\/p>\n<p><strong>\u00a0<\/strong><\/p>\n<p>&#8220;Jos\u00e9 Mar\u00eda Ridao is a diplomat with an extensive and recognized career,&#8221; the Council Foundation said in a press release. &#8220;His appointment as Spain&#8217;s ambassador to India responds to the importance of the country for the Government of Spain as an emerging power on a global scale and also as a preferential partner in an economically and politically strategic region,&#8221; it added.<\/p>\n<p><strong>\u00a0<\/strong><\/p>\n<p>In addition to the specific functions of his position, Jos\u00e9 Mar\u00eda Ridao will assume in his new assignment <strong>the direct interlocution with the management team of the Spain-India Council Foundation<\/strong>, headed by the president of the Foundation and complemented by Ambassador Jos\u00e9 Leandro Consarnau, secretary general of the SICF; Berta Fuertes, director of the Council Foundation; and Vega Yubero, deputy director.<\/p>\n<p><strong>\u00a0<\/strong><\/p>\n<p>&#8220;Public-private collaboration is an indisputable tool for the economic strengthening of Spain,&#8221; said the SICF. &#8220;Also decisive for the country is the successful internationalization of its large companies, which concentrate a large part of their business in the foreign sector. Both concepts are not new, but especially the first has been demonstrated and reinforced after the economic and health crisis caused by the pandemic,&#8221; it continued. &#8220;The Spain-India Council Foundation has been working along these lines for more than ten years,&#8221; it added.<\/p>\n<p>&nbsp;<\/p>\n<p>&nbsp;<\/p>\n","protected":false},"excerpt":{"rendered":"<p>Acciona&#8217;s Vice Chairman and President of the Spain-India Council Foundation (SICF), Juan Ignacio Entrecanales, met last week with Spain&#8217;s newly appointed Ambassador to New Delhi, Jos\u00e9 Mar\u00eda Ridao.<\/p>\n","protected":false},"author":1,"featured_media":58364,"comment_status":"open","ping_status":"open","sticky":false,"template":"","format":"standard","meta":{"jnews-multi-image_gallery":[],"jnews_single_post":[],"jnews_primary_category":[],"jnews_social_meta":[],"jnews_override_counter":[],"jnews_post_split":[],"footnotes":""},"categories":[158,106,182],"tags":[],"class_list":["post-74284","post","type-post","status-publish","format-standard","has-post-thumbnail","hentry","category-frontpage-en","category-frontpage","category-subscribers"],"yoast_head":"<!-- This site is optimized with the Yoast SEO plugin v27.4 - https:\/\/yoast.com\/product\/yoast-seo-wordpress\/ -->\n<title>The President of the Council Foundation meets with the new Ambassador to India - thediplomatinspain.com<\/title>\n<meta name=\"robots\" content=\"index, follow, max-snippet:-1, max-image-preview:large, max-video-preview:-1\" \/>\n<link rel=\"canonical\" href=\"https:\/\/thediplomatinspain.com\/en\/2021\/08\/02\/the-president-of-the-council-foundation-meets-with-the-new-ambassador-to-india\/\" \/>\n<meta property=\"og:locale\" content=\"en_US\" \/>\n<meta property=\"og:type\" content=\"article\" \/>\n<meta property=\"og:title\" content=\"The President of the Council Foundation meets with the new Ambassador to India - thediplomatinspain.com\" \/>\n<meta property=\"og:description\" content=\"Acciona&#039;s Vice Chairman and President of the Spain-India Council Foundation (SICF), Juan Ignacio Entrecanales, met last week with Spain&#039;s newly appointed Ambassador to New Delhi, Jos\u00e9 Mar\u00eda Ridao.\" \/>\n<meta property=\"og:url\" content=\"https:\/\/thediplomatinspain.com\/en\/2021\/08\/02\/the-president-of-the-council-foundation-meets-with-the-new-ambassador-to-india\/\" \/>\n<meta property=\"og:site_name\" content=\"thediplomatinspain.com\" \/>\n<meta property=\"article:publisher\" content=\"https:\/\/www.facebook.com\/thediplomatinspain\" \/>\n<meta property=\"article:published_time\" content=\"2021-08-02T02:05:02+00:00\" \/>\n<meta property=\"og:image\" content=\"https:\/\/thediplomatinspain.com\/wp-content\/uploads\/2024\/05\/ridao-entrecanales.jpg\" \/>\n\t<meta property=\"og:image:width\" content=\"750\" \/>\n\t<meta property=\"og:image:height\" content=\"483\" \/>\n\t<meta property=\"og:image:type\" content=\"image\/jpeg\" \/>\n<meta name=\"author\" content=\"Redacci\u00f3n\" \/>\n<meta name=\"twitter:card\" content=\"summary_large_image\" \/>\n<meta name=\"twitter:creator\" content=\"@diplomatinspain\" \/>\n<meta name=\"twitter:site\" content=\"@diplomatinspain\" \/>\n<meta name=\"twitter:label1\" content=\"Written by\" \/>\n\t<meta name=\"twitter:data1\" content=\"Redacci\u00f3n\" \/>\n\t<meta name=\"twitter:label2\" content=\"Est. reading time\" \/>\n\t<meta name=\"twitter:data2\" content=\"2 minutes\" \/>\n<script type=\"application\/ld+json\" class=\"yoast-schema-graph\">{\"@context\":\"https:\\\/\\\/schema.org\",\"@graph\":[{\"@type\":\"Article\",\"@id\":\"https:\\\/\\\/thediplomatinspain.com\\\/en\\\/2021\\\/08\\\/02\\\/the-president-of-the-council-foundation-meets-with-the-new-ambassador-to-india\\\/#article\",\"isPartOf\":{\"@id\":\"https:\\\/\\\/thediplomatinspain.com\\\/en\\\/2021\\\/08\\\/02\\\/the-president-of-the-council-foundation-meets-with-the-new-ambassador-to-india\\\/\"},\"author\":{\"name\":\"Redacci\u00f3n\",\"@id\":\"https:\\\/\\\/thediplomatinspain.com\\\/#\\\/schema\\\/person\\\/90d9b3004c2822bcbe64082dad885a9c\"},\"headline\":\"The President of the Council Foundation meets with the new Ambassador to India\",\"datePublished\":\"2021-08-02T02:05:02+00:00\",\"mainEntityOfPage\":{\"@id\":\"https:\\\/\\\/thediplomatinspain.com\\\/en\\\/2021\\\/08\\\/02\\\/the-president-of-the-council-foundation-meets-with-the-new-ambassador-to-india\\\/\"},\"wordCount\":327,\"commentCount\":0,\"publisher\":{\"@id\":\"https:\\\/\\\/thediplomatinspain.com\\\/#organization\"},\"image\":{\"@id\":\"https:\\\/\\\/thediplomatinspain.com\\\/en\\\/2021\\\/08\\\/02\\\/the-president-of-the-council-foundation-meets-with-the-new-ambassador-to-india\\\/#primaryimage\"},\"thumbnailUrl\":\"https:\\\/\\\/thediplomatinspain.com\\\/wp-content\\\/uploads\\\/2024\\\/05\\\/ridao-entrecanales.jpg\",\"articleSection\":[\"Frontpage\",\"Frontpage\",\"Subscribers\"],\"inLanguage\":\"en-US\",\"potentialAction\":[{\"@type\":\"CommentAction\",\"name\":\"Comment\",\"target\":[\"https:\\\/\\\/thediplomatinspain.com\\\/en\\\/2021\\\/08\\\/02\\\/the-president-of-the-council-foundation-meets-with-the-new-ambassador-to-india\\\/#respond\"]}]},{\"@type\":\"WebPage\",\"@id\":\"https:\\\/\\\/thediplomatinspain.com\\\/en\\\/2021\\\/08\\\/02\\\/the-president-of-the-council-foundation-meets-with-the-new-ambassador-to-india\\\/\",\"url\":\"https:\\\/\\\/thediplomatinspain.com\\\/en\\\/2021\\\/08\\\/02\\\/the-president-of-the-council-foundation-meets-with-the-new-ambassador-to-india\\\/\",\"name\":\"The President of the Council Foundation meets with the new Ambassador to India - thediplomatinspain.com\",\"isPartOf\":{\"@id\":\"https:\\\/\\\/thediplomatinspain.com\\\/#website\"},\"primaryImageOfPage\":{\"@id\":\"https:\\\/\\\/thediplomatinspain.com\\\/en\\\/2021\\\/08\\\/02\\\/the-president-of-the-council-foundation-meets-with-the-new-ambassador-to-india\\\/#primaryimage\"},\"image\":{\"@id\":\"https:\\\/\\\/thediplomatinspain.com\\\/en\\\/2021\\\/08\\\/02\\\/the-president-of-the-council-foundation-meets-with-the-new-ambassador-to-india\\\/#primaryimage\"},\"thumbnailUrl\":\"https:\\\/\\\/thediplomatinspain.com\\\/wp-content\\\/uploads\\\/2024\\\/05\\\/ridao-entrecanales.jpg\",\"datePublished\":\"2021-08-02T02:05:02+00:00\",\"breadcrumb\":{\"@id\":\"https:\\\/\\\/thediplomatinspain.com\\\/en\\\/2021\\\/08\\\/02\\\/the-president-of-the-council-foundation-meets-with-the-new-ambassador-to-india\\\/#breadcrumb\"},\"inLanguage\":\"en-US\",\"potentialAction\":[{\"@type\":\"ReadAction\",\"target\":[\"https:\\\/\\\/thediplomatinspain.com\\\/en\\\/2021\\\/08\\\/02\\\/the-president-of-the-council-foundation-meets-with-the-new-ambassador-to-india\\\/\"]}]},{\"@type\":\"ImageObject\",\"inLanguage\":\"en-US\",\"@id\":\"https:\\\/\\\/thediplomatinspain.com\\\/en\\\/2021\\\/08\\\/02\\\/the-president-of-the-council-foundation-meets-with-the-new-ambassador-to-india\\\/#primaryimage\",\"url\":\"https:\\\/\\\/thediplomatinspain.com\\\/wp-content\\\/uploads\\\/2024\\\/05\\\/ridao-entrecanales.jpg\",\"contentUrl\":\"https:\\\/\\\/thediplomatinspain.com\\\/wp-content\\\/uploads\\\/2024\\\/05\\\/ridao-entrecanales.jpg\",\"width\":750,\"height\":483,\"caption\":\"Ridao and Entrecanales. \\\/ Photo: FCEI\"},{\"@type\":\"BreadcrumbList\",\"@id\":\"https:\\\/\\\/thediplomatinspain.com\\\/en\\\/2021\\\/08\\\/02\\\/the-president-of-the-council-foundation-meets-with-the-new-ambassador-to-india\\\/#breadcrumb\",\"itemListElement\":[{\"@type\":\"ListItem\",\"position\":1,\"name\":\"Portada\",\"item\":\"https:\\\/\\\/thediplomatinspain.com\\\/en\\\/\"},{\"@type\":\"ListItem\",\"position\":2,\"name\":\"The President of the Council Foundation meets with the new Ambassador to India\"}]},{\"@type\":\"WebSite\",\"@id\":\"https:\\\/\\\/thediplomatinspain.com\\\/#website\",\"url\":\"https:\\\/\\\/thediplomatinspain.com\\\/\",\"name\":\"thediplomatinspain.com\",\"description\":\"Diario digital de referencia para diplom\u00e1ticos y empresas\",\"publisher\":{\"@id\":\"https:\\\/\\\/thediplomatinspain.com\\\/#organization\"},\"potentialAction\":[{\"@type\":\"SearchAction\",\"target\":{\"@type\":\"EntryPoint\",\"urlTemplate\":\"https:\\\/\\\/thediplomatinspain.com\\\/?s={search_term_string}\"},\"query-input\":{\"@type\":\"PropertyValueSpecification\",\"valueRequired\":true,\"valueName\":\"search_term_string\"}}],\"inLanguage\":\"en-US\"},{\"@type\":\"Organization\",\"@id\":\"https:\\\/\\\/thediplomatinspain.com\\\/#organization\",\"name\":\"thediplomatinspain.com\",\"url\":\"https:\\\/\\\/thediplomatinspain.com\\\/\",\"logo\":{\"@type\":\"ImageObject\",\"inLanguage\":\"en-US\",\"@id\":\"https:\\\/\\\/thediplomatinspain.com\\\/#\\\/schema\\\/logo\\\/image\\\/\",\"url\":\"https:\\\/\\\/thediplomatinspain.com\\\/wp-content\\\/uploads\\\/2024\\\/06\\\/logo_the_diplomat.png\",\"contentUrl\":\"https:\\\/\\\/thediplomatinspain.com\\\/wp-content\\\/uploads\\\/2024\\\/06\\\/logo_the_diplomat.png\",\"width\":284,\"height\":77,\"caption\":\"thediplomatinspain.com\"},\"image\":{\"@id\":\"https:\\\/\\\/thediplomatinspain.com\\\/#\\\/schema\\\/logo\\\/image\\\/\"},\"sameAs\":[\"https:\\\/\\\/www.facebook.com\\\/thediplomatinspain\",\"https:\\\/\\\/x.com\\\/diplomatinspain\",\"https:\\\/\\\/www.youtube.com\\\/channel\\\/UCK0mRqeeZDKdFeiFQZLcH2A\"]},{\"@type\":\"Person\",\"@id\":\"https:\\\/\\\/thediplomatinspain.com\\\/#\\\/schema\\\/person\\\/90d9b3004c2822bcbe64082dad885a9c\",\"name\":\"Redacci\u00f3n\",\"image\":{\"@type\":\"ImageObject\",\"inLanguage\":\"en-US\",\"@id\":\"https:\\\/\\\/secure.gravatar.com\\\/avatar\\\/6be270e1c81317331dd99c1537c17b9683039795b5a956c595769bfada5e7067?s=96&d=mm&r=g\",\"url\":\"https:\\\/\\\/secure.gravatar.com\\\/avatar\\\/6be270e1c81317331dd99c1537c17b9683039795b5a956c595769bfada5e7067?s=96&d=mm&r=g\",\"contentUrl\":\"https:\\\/\\\/secure.gravatar.com\\\/avatar\\\/6be270e1c81317331dd99c1537c17b9683039795b5a956c595769bfada5e7067?s=96&d=mm&r=g\",\"caption\":\"Redacci\u00f3n\"},\"sameAs\":[\"https:\\\/\\\/thediplomatinspain.com\\\/\"],\"url\":\"https:\\\/\\\/thediplomatinspain.com\\\/en\\\/author\\\/soportecibeles\\\/\"},{\"@type\":[\"Organization\",\"NewsMediaOrganization\"],\"@id\":\"https:\\\/\\\/thediplomatinspain.com\\\/en\\\/#organization\"},{\"@type\":\"SiteNavigationElement\",\"@id\":\"https:\\\/\\\/thediplomatinspain.com\\\/en\\\/#site-navigation\",\"cssSelector\":[\".cib-main-menu\"]},{\"@type\":\"WPHeader\",\"@id\":\"https:\\\/\\\/thediplomatinspain.com\\\/en\\\/#header\",\"cssSelector\":[\".cib-header\"]},{\"@type\":\"WPFooter\",\"@id\":\"https:\\\/\\\/thediplomatinspain.com\\\/en\\\/#footer\",\"cssSelector\":[\".cib-footer\"]}]}<\/script>\n<!-- \/ Yoast SEO plugin. -->","yoast_head_json":{"title":"The President of the Council Foundation meets with the new Ambassador to India - thediplomatinspain.com","robots":{"index":"index","follow":"follow","max-snippet":"max-snippet:-1","max-image-preview":"max-image-preview:large","max-video-preview":"max-video-preview:-1"},"canonical":"https:\/\/thediplomatinspain.com\/en\/2021\/08\/02\/the-president-of-the-council-foundation-meets-with-the-new-ambassador-to-india\/","og_locale":"en_US","og_type":"article","og_title":"The President of the Council Foundation meets with the new Ambassador to India - thediplomatinspain.com","og_description":"Acciona's Vice Chairman and President of the Spain-India Council Foundation (SICF), Juan Ignacio Entrecanales, met last week with Spain's newly appointed Ambassador to New Delhi, Jos\u00e9 Mar\u00eda Ridao.","og_url":"https:\/\/thediplomatinspain.com\/en\/2021\/08\/02\/the-president-of-the-council-foundation-meets-with-the-new-ambassador-to-india\/","og_site_name":"thediplomatinspain.com","article_publisher":"https:\/\/www.facebook.com\/thediplomatinspain","article_published_time":"2021-08-02T02:05:02+00:00","og_image":[{"width":750,"height":483,"url":"https:\/\/thediplomatinspain.com\/wp-content\/uploads\/2024\/05\/ridao-entrecanales.jpg","type":"image\/jpeg"}],"author":"Redacci\u00f3n","twitter_card":"summary_large_image","twitter_creator":"@diplomatinspain","twitter_site":"@diplomatinspain","twitter_misc":{"Written by":"Redacci\u00f3n","Est. reading time":"2 minutes"},"schema":{"@context":"https:\/\/schema.org","@graph":[{"@type":"Article","@id":"https:\/\/thediplomatinspain.com\/en\/2021\/08\/02\/the-president-of-the-council-foundation-meets-with-the-new-ambassador-to-india\/#article","isPartOf":{"@id":"https:\/\/thediplomatinspain.com\/en\/2021\/08\/02\/the-president-of-the-council-foundation-meets-with-the-new-ambassador-to-india\/"},"author":{"name":"Redacci\u00f3n","@id":"https:\/\/thediplomatinspain.com\/#\/schema\/person\/90d9b3004c2822bcbe64082dad885a9c"},"headline":"The President of the Council Foundation meets with the new Ambassador to India","datePublished":"2021-08-02T02:05:02+00:00","mainEntityOfPage":{"@id":"https:\/\/thediplomatinspain.com\/en\/2021\/08\/02\/the-president-of-the-council-foundation-meets-with-the-new-ambassador-to-india\/"},"wordCount":327,"commentCount":0,"publisher":{"@id":"https:\/\/thediplomatinspain.com\/#organization"},"image":{"@id":"https:\/\/thediplomatinspain.com\/en\/2021\/08\/02\/the-president-of-the-council-foundation-meets-with-the-new-ambassador-to-india\/#primaryimage"},"thumbnailUrl":"https:\/\/thediplomatinspain.com\/wp-content\/uploads\/2024\/05\/ridao-entrecanales.jpg","articleSection":["Frontpage","Frontpage","Subscribers"],"inLanguage":"en-US","potentialAction":[{"@type":"CommentAction","name":"Comment","target":["https:\/\/thediplomatinspain.com\/en\/2021\/08\/02\/the-president-of-the-council-foundation-meets-with-the-new-ambassador-to-india\/#respond"]}]},{"@type":"WebPage","@id":"https:\/\/thediplomatinspain.com\/en\/2021\/08\/02\/the-president-of-the-council-foundation-meets-with-the-new-ambassador-to-india\/","url":"https:\/\/thediplomatinspain.com\/en\/2021\/08\/02\/the-president-of-the-council-foundation-meets-with-the-new-ambassador-to-india\/","name":"The President of the Council Foundation meets with the new Ambassador to India - thediplomatinspain.com","isPartOf":{"@id":"https:\/\/thediplomatinspain.com\/#website"},"primaryImageOfPage":{"@id":"https:\/\/thediplomatinspain.com\/en\/2021\/08\/02\/the-president-of-the-council-foundation-meets-with-the-new-ambassador-to-india\/#primaryimage"},"image":{"@id":"https:\/\/thediplomatinspain.com\/en\/2021\/08\/02\/the-president-of-the-council-foundation-meets-with-the-new-ambassador-to-india\/#primaryimage"},"thumbnailUrl":"https:\/\/thediplomatinspain.com\/wp-content\/uploads\/2024\/05\/ridao-entrecanales.jpg","datePublished":"2021-08-02T02:05:02+00:00","breadcrumb":{"@id":"https:\/\/thediplomatinspain.com\/en\/2021\/08\/02\/the-president-of-the-council-foundation-meets-with-the-new-ambassador-to-india\/#breadcrumb"},"inLanguage":"en-US","potentialAction":[{"@type":"ReadAction","target":["https:\/\/thediplomatinspain.com\/en\/2021\/08\/02\/the-president-of-the-council-foundation-meets-with-the-new-ambassador-to-india\/"]}]},{"@type":"ImageObject","inLanguage":"en-US","@id":"https:\/\/thediplomatinspain.com\/en\/2021\/08\/02\/the-president-of-the-council-foundation-meets-with-the-new-ambassador-to-india\/#primaryimage","url":"https:\/\/thediplomatinspain.com\/wp-content\/uploads\/2024\/05\/ridao-entrecanales.jpg","contentUrl":"https:\/\/thediplomatinspain.com\/wp-content\/uploads\/2024\/05\/ridao-entrecanales.jpg","width":750,"height":483,"caption":"Ridao and Entrecanales. \/ Photo: FCEI"},{"@type":"BreadcrumbList","@id":"https:\/\/thediplomatinspain.com\/en\/2021\/08\/02\/the-president-of-the-council-foundation-meets-with-the-new-ambassador-to-india\/#breadcrumb","itemListElement":[{"@type":"ListItem","position":1,"name":"Portada","item":"https:\/\/thediplomatinspain.com\/en\/"},{"@type":"ListItem","position":2,"name":"The President of the Council Foundation meets with the new Ambassador to India"}]},{"@type":"WebSite","@id":"https:\/\/thediplomatinspain.com\/#website","url":"https:\/\/thediplomatinspain.com\/","name":"thediplomatinspain.com","description":"Diario digital de referencia para diplom\u00e1ticos y empresas","publisher":{"@id":"https:\/\/thediplomatinspain.com\/#organization"},"potentialAction":[{"@type":"SearchAction","target":{"@type":"EntryPoint","urlTemplate":"https:\/\/thediplomatinspain.com\/?s={search_term_string}"},"query-input":{"@type":"PropertyValueSpecification","valueRequired":true,"valueName":"search_term_string"}}],"inLanguage":"en-US"},{"@type":"Organization","@id":"https:\/\/thediplomatinspain.com\/#organization","name":"thediplomatinspain.com","url":"https:\/\/thediplomatinspain.com\/","logo":{"@type":"ImageObject","inLanguage":"en-US","@id":"https:\/\/thediplomatinspain.com\/#\/schema\/logo\/image\/","url":"https:\/\/thediplomatinspain.com\/wp-content\/uploads\/2024\/06\/logo_the_diplomat.png","contentUrl":"https:\/\/thediplomatinspain.com\/wp-content\/uploads\/2024\/06\/logo_the_diplomat.png","width":284,"height":77,"caption":"thediplomatinspain.com"},"image":{"@id":"https:\/\/thediplomatinspain.com\/#\/schema\/logo\/image\/"},"sameAs":["https:\/\/www.facebook.com\/thediplomatinspain","https:\/\/x.com\/diplomatinspain","https:\/\/www.youtube.com\/channel\/UCK0mRqeeZDKdFeiFQZLcH2A"]},{"@type":"Person","@id":"https:\/\/thediplomatinspain.com\/#\/schema\/person\/90d9b3004c2822bcbe64082dad885a9c","name":"Redacci\u00f3n","image":{"@type":"ImageObject","inLanguage":"en-US","@id":"https:\/\/secure.gravatar.com\/avatar\/6be270e1c81317331dd99c1537c17b9683039795b5a956c595769bfada5e7067?s=96&d=mm&r=g","url":"https:\/\/secure.gravatar.com\/avatar\/6be270e1c81317331dd99c1537c17b9683039795b5a956c595769bfada5e7067?s=96&d=mm&r=g","contentUrl":"https:\/\/secure.gravatar.com\/avatar\/6be270e1c81317331dd99c1537c17b9683039795b5a956c595769bfada5e7067?s=96&d=mm&r=g","caption":"Redacci\u00f3n"},"sameAs":["https:\/\/thediplomatinspain.com\/"],"url":"https:\/\/thediplomatinspain.com\/en\/author\/soportecibeles\/"},{"@type":["Organization","NewsMediaOrganization"],"@id":"https:\/\/thediplomatinspain.com\/en\/#organization"},{"@type":"SiteNavigationElement","@id":"https:\/\/thediplomatinspain.com\/en\/#site-navigation","cssSelector":[".cib-main-menu"]},{"@type":"WPHeader","@id":"https:\/\/thediplomatinspain.com\/en\/#header","cssSelector":[".cib-header"]},{"@type":"WPFooter","@id":"https:\/\/thediplomatinspain.com\/en\/#footer","cssSelector":[".cib-footer"]}]}},"amp_enabled":true,"_links":{"self":[{"href":"https:\/\/thediplomatinspain.com\/en\/wp-json\/wp\/v2\/posts\/74284","targetHints":{"allow":["GET"]}}],"collection":[{"href":"https:\/\/thediplomatinspain.com\/en\/wp-json\/wp\/v2\/posts"}],"about":[{"href":"https:\/\/thediplomatinspain.com\/en\/wp-json\/wp\/v2\/types\/post"}],"author":[{"embeddable":true,"href":"https:\/\/thediplomatinspain.com\/en\/wp-json\/wp\/v2\/users\/1"}],"replies":[{"embeddable":true,"href":"https:\/\/thediplomatinspain.com\/en\/wp-json\/wp\/v2\/comments?post=74284"}],"version-history":[{"count":0,"href":"https:\/\/thediplomatinspain.com\/en\/wp-json\/wp\/v2\/posts\/74284\/revisions"}],"wp:featuredmedia":[{"embeddable":true,"href":"https:\/\/thediplomatinspain.com\/en\/wp-json\/wp\/v2\/media\/58364"}],"wp:attachment":[{"href":"https:\/\/thediplomatinspain.com\/en\/wp-json\/wp\/v2\/media?parent=74284"}],"wp:term":[{"taxonomy":"category","embeddable":true,"href":"https:\/\/thediplomatinspain.com\/en\/wp-json\/wp\/v2\/categories?post=74284"},{"taxonomy":"post_tag","embeddable":true,"href":"https:\/\/thediplomatinspain.com\/en\/wp-json\/wp\/v2\/tags?post=74284"}],"curies":[{"name":"wp","href":"https:\/\/api.w.org\/{rel}","templated":true}]}}