{"id":73518,"date":"2021-05-12T04:00:01","date_gmt":"2021-05-12T02:00:01","guid":{"rendered":"https:\/\/zen-hopper.82-223-81-17.plesk.page\/2021\/05\/12\/la-filarmonica-brings-a-midsummer-nights-dream-by-mendelssohn\/"},"modified":"2021-05-12T04:00:01","modified_gmt":"2021-05-12T02:00:01","slug":"la-filarmonica-brings-a-midsummer-nights-dream-by-mendelssohn","status":"publish","type":"post","link":"https:\/\/thediplomatinspain.com\/en\/2021\/05\/12\/la-filarmonica-brings-a-midsummer-nights-dream-by-mendelssohn\/","title":{"rendered":"La Filarm\u00f3nica brings &#8216;A Midsummer Night&#8217;s Dream&#8217; by Mendelssohn"},"content":{"rendered":"<p>&nbsp;<\/p>\n<p>On Monday 24 May at 19.30, the <strong>Sociedad de Conciertos La Filarm\u00f3nica<\/strong> presents the suite <strong><em>A Midsummer Night&#8217;s Dream,<\/em><\/strong> composed by <strong>Felix Mendelssohn,<\/strong> at the <strong>Auditorio Nacional de M\u00fasica<\/strong> in Madrid.<\/p>\n<p>&nbsp;<\/p>\n<p>The well-known and captivating melody of this piece has remained one of the icons of romantic music. Conductor <strong>Alexander Liebreich<\/strong> (in the photo) has always demonstrated in his concerts an enormous affinity with Mendelssohn, and this time he is accompanied by the <strong>Sinfonia Varsovia,<\/strong> an orchestra of great tradition, and violinist <strong>Viviane Hagner,<\/strong> a violinist of great prestige in the classical world. <strong>Lutoslawski&#8217;s<\/strong> <em>Funeral Music<\/em> and <strong>Brahms&#8217;s<\/strong> <em>Violin Concerto in D major, op. 77<\/em> complete the programme. Tickets can be purchased at this <a href=\"https:\/\/www.lafilarmonica.es\/es\/concierto\/el-sueno-de-una-noche-de-verano?utm_source=BBDD+Global&amp;utm_campaign=300e2ec971-Pre+concierto+Chaikovsky_COPY_01&amp;utm_medium=email&amp;utm_term=0_836b5b0694-300e2ec971-138274645\" target=\"_blank\" rel=\"noopener noreferrer\"><strong>link.<\/strong><\/a><\/p>\n<p>&nbsp;<\/p>\n<p>&nbsp;<\/p>\n","protected":false},"excerpt":{"rendered":"<p>La Filarm\u00f3nica presents the suite A Midsummer Night&#8217;s Dream, composed by Felix Mendelshonn, at the Auditorio Nacional de M\u00fasica.<\/p>\n","protected":false},"author":1,"featured_media":57687,"comment_status":"open","ping_status":"open","sticky":false,"template":"","format":"standard","meta":{"jnews-multi-image_gallery":[],"jnews_single_post":[],"jnews_primary_category":[],"jnews_social_meta":[],"jnews_override_counter":[],"jnews_post_split":[],"footnotes":""},"categories":[176],"tags":[],"class_list":["post-73518","post","type-post","status-publish","format-standard","has-post-thumbnail","hentry","category-leisure"],"yoast_head":"<!-- This site is optimized with the Yoast SEO plugin v27.4 - https:\/\/yoast.com\/product\/yoast-seo-wordpress\/ -->\n<title>La Filarm\u00f3nica brings &#039;A Midsummer Night&#039;s Dream&#039; by Mendelssohn - thediplomatinspain.com<\/title>\n<meta name=\"robots\" content=\"index, follow, max-snippet:-1, max-image-preview:large, max-video-preview:-1\" \/>\n<link rel=\"canonical\" href=\"https:\/\/thediplomatinspain.com\/en\/2021\/05\/12\/la-filarmonica-brings-a-midsummer-nights-dream-by-mendelssohn\/\" \/>\n<meta property=\"og:locale\" content=\"en_US\" \/>\n<meta property=\"og:type\" content=\"article\" \/>\n<meta property=\"og:title\" content=\"La Filarm\u00f3nica brings &#039;A Midsummer Night&#039;s Dream&#039; by Mendelssohn - thediplomatinspain.com\" \/>\n<meta property=\"og:description\" content=\"La Filarm\u00f3nica presents the suite A Midsummer Night&#039;s Dream, composed by Felix Mendelshonn, at the Auditorio Nacional de M\u00fasica.\" \/>\n<meta property=\"og:url\" content=\"https:\/\/thediplomatinspain.com\/en\/2021\/05\/12\/la-filarmonica-brings-a-midsummer-nights-dream-by-mendelssohn\/\" \/>\n<meta property=\"og:site_name\" content=\"thediplomatinspain.com\" \/>\n<meta property=\"article:publisher\" content=\"https:\/\/www.facebook.com\/thediplomatinspain\" \/>\n<meta property=\"article:published_time\" content=\"2021-05-12T02:00:01+00:00\" \/>\n<meta property=\"og:image\" content=\"https:\/\/thediplomatinspain.com\/wp-content\/uploads\/2024\/05\/Filarmonica-ok-1.jpg\" \/>\n\t<meta property=\"og:image:width\" content=\"220\" \/>\n\t<meta property=\"og:image:height\" content=\"314\" \/>\n\t<meta property=\"og:image:type\" content=\"image\/jpeg\" \/>\n<meta name=\"author\" content=\"Redacci\u00f3n\" \/>\n<meta name=\"twitter:card\" content=\"summary_large_image\" \/>\n<meta name=\"twitter:creator\" content=\"@diplomatinspain\" \/>\n<meta name=\"twitter:site\" content=\"@diplomatinspain\" \/>\n<meta name=\"twitter:label1\" content=\"Written by\" \/>\n\t<meta name=\"twitter:data1\" content=\"Redacci\u00f3n\" \/>\n\t<meta name=\"twitter:label2\" content=\"Est. reading time\" \/>\n\t<meta name=\"twitter:data2\" content=\"1 minute\" \/>\n<script type=\"application\/ld+json\" class=\"yoast-schema-graph\">{\"@context\":\"https:\\\/\\\/schema.org\",\"@graph\":[{\"@type\":\"Article\",\"@id\":\"https:\\\/\\\/thediplomatinspain.com\\\/en\\\/2021\\\/05\\\/12\\\/la-filarmonica-brings-a-midsummer-nights-dream-by-mendelssohn\\\/#article\",\"isPartOf\":{\"@id\":\"https:\\\/\\\/thediplomatinspain.com\\\/en\\\/2021\\\/05\\\/12\\\/la-filarmonica-brings-a-midsummer-nights-dream-by-mendelssohn\\\/\"},\"author\":{\"name\":\"Redacci\u00f3n\",\"@id\":\"https:\\\/\\\/thediplomatinspain.com\\\/#\\\/schema\\\/person\\\/90d9b3004c2822bcbe64082dad885a9c\"},\"headline\":\"La Filarm\u00f3nica brings &#8216;A Midsummer Night&#8217;s Dream&#8217; by Mendelssohn\",\"datePublished\":\"2021-05-12T02:00:01+00:00\",\"mainEntityOfPage\":{\"@id\":\"https:\\\/\\\/thediplomatinspain.com\\\/en\\\/2021\\\/05\\\/12\\\/la-filarmonica-brings-a-midsummer-nights-dream-by-mendelssohn\\\/\"},\"wordCount\":132,\"commentCount\":0,\"publisher\":{\"@id\":\"https:\\\/\\\/thediplomatinspain.com\\\/#organization\"},\"image\":{\"@id\":\"https:\\\/\\\/thediplomatinspain.com\\\/en\\\/2021\\\/05\\\/12\\\/la-filarmonica-brings-a-midsummer-nights-dream-by-mendelssohn\\\/#primaryimage\"},\"thumbnailUrl\":\"https:\\\/\\\/thediplomatinspain.com\\\/wp-content\\\/uploads\\\/2024\\\/05\\\/Filarmonica-ok-1.jpg\",\"articleSection\":[\"Leisure\"],\"inLanguage\":\"en-US\",\"potentialAction\":[{\"@type\":\"CommentAction\",\"name\":\"Comment\",\"target\":[\"https:\\\/\\\/thediplomatinspain.com\\\/en\\\/2021\\\/05\\\/12\\\/la-filarmonica-brings-a-midsummer-nights-dream-by-mendelssohn\\\/#respond\"]}]},{\"@type\":\"WebPage\",\"@id\":\"https:\\\/\\\/thediplomatinspain.com\\\/en\\\/2021\\\/05\\\/12\\\/la-filarmonica-brings-a-midsummer-nights-dream-by-mendelssohn\\\/\",\"url\":\"https:\\\/\\\/thediplomatinspain.com\\\/en\\\/2021\\\/05\\\/12\\\/la-filarmonica-brings-a-midsummer-nights-dream-by-mendelssohn\\\/\",\"name\":\"La Filarm\u00f3nica brings 'A Midsummer Night's Dream' by Mendelssohn - thediplomatinspain.com\",\"isPartOf\":{\"@id\":\"https:\\\/\\\/thediplomatinspain.com\\\/#website\"},\"primaryImageOfPage\":{\"@id\":\"https:\\\/\\\/thediplomatinspain.com\\\/en\\\/2021\\\/05\\\/12\\\/la-filarmonica-brings-a-midsummer-nights-dream-by-mendelssohn\\\/#primaryimage\"},\"image\":{\"@id\":\"https:\\\/\\\/thediplomatinspain.com\\\/en\\\/2021\\\/05\\\/12\\\/la-filarmonica-brings-a-midsummer-nights-dream-by-mendelssohn\\\/#primaryimage\"},\"thumbnailUrl\":\"https:\\\/\\\/thediplomatinspain.com\\\/wp-content\\\/uploads\\\/2024\\\/05\\\/Filarmonica-ok-1.jpg\",\"datePublished\":\"2021-05-12T02:00:01+00:00\",\"breadcrumb\":{\"@id\":\"https:\\\/\\\/thediplomatinspain.com\\\/en\\\/2021\\\/05\\\/12\\\/la-filarmonica-brings-a-midsummer-nights-dream-by-mendelssohn\\\/#breadcrumb\"},\"inLanguage\":\"en-US\",\"potentialAction\":[{\"@type\":\"ReadAction\",\"target\":[\"https:\\\/\\\/thediplomatinspain.com\\\/en\\\/2021\\\/05\\\/12\\\/la-filarmonica-brings-a-midsummer-nights-dream-by-mendelssohn\\\/\"]}]},{\"@type\":\"ImageObject\",\"inLanguage\":\"en-US\",\"@id\":\"https:\\\/\\\/thediplomatinspain.com\\\/en\\\/2021\\\/05\\\/12\\\/la-filarmonica-brings-a-midsummer-nights-dream-by-mendelssohn\\\/#primaryimage\",\"url\":\"https:\\\/\\\/thediplomatinspain.com\\\/wp-content\\\/uploads\\\/2024\\\/05\\\/Filarmonica-ok-1.jpg\",\"contentUrl\":\"https:\\\/\\\/thediplomatinspain.com\\\/wp-content\\\/uploads\\\/2024\\\/05\\\/Filarmonica-ok-1.jpg\",\"width\":220,\"height\":314},{\"@type\":\"BreadcrumbList\",\"@id\":\"https:\\\/\\\/thediplomatinspain.com\\\/en\\\/2021\\\/05\\\/12\\\/la-filarmonica-brings-a-midsummer-nights-dream-by-mendelssohn\\\/#breadcrumb\",\"itemListElement\":[{\"@type\":\"ListItem\",\"position\":1,\"name\":\"Portada\",\"item\":\"https:\\\/\\\/thediplomatinspain.com\\\/en\\\/\"},{\"@type\":\"ListItem\",\"position\":2,\"name\":\"La Filarm\u00f3nica brings &#8216;A Midsummer Night&#8217;s Dream&#8217; by Mendelssohn\"}]},{\"@type\":\"WebSite\",\"@id\":\"https:\\\/\\\/thediplomatinspain.com\\\/#website\",\"url\":\"https:\\\/\\\/thediplomatinspain.com\\\/\",\"name\":\"thediplomatinspain.com\",\"description\":\"Diario digital de referencia para diplom\u00e1ticos y empresas\",\"publisher\":{\"@id\":\"https:\\\/\\\/thediplomatinspain.com\\\/#organization\"},\"potentialAction\":[{\"@type\":\"SearchAction\",\"target\":{\"@type\":\"EntryPoint\",\"urlTemplate\":\"https:\\\/\\\/thediplomatinspain.com\\\/?s={search_term_string}\"},\"query-input\":{\"@type\":\"PropertyValueSpecification\",\"valueRequired\":true,\"valueName\":\"search_term_string\"}}],\"inLanguage\":\"en-US\"},{\"@type\":\"Organization\",\"@id\":\"https:\\\/\\\/thediplomatinspain.com\\\/#organization\",\"name\":\"thediplomatinspain.com\",\"url\":\"https:\\\/\\\/thediplomatinspain.com\\\/\",\"logo\":{\"@type\":\"ImageObject\",\"inLanguage\":\"en-US\",\"@id\":\"https:\\\/\\\/thediplomatinspain.com\\\/#\\\/schema\\\/logo\\\/image\\\/\",\"url\":\"https:\\\/\\\/thediplomatinspain.com\\\/wp-content\\\/uploads\\\/2024\\\/06\\\/logo_the_diplomat.png\",\"contentUrl\":\"https:\\\/\\\/thediplomatinspain.com\\\/wp-content\\\/uploads\\\/2024\\\/06\\\/logo_the_diplomat.png\",\"width\":284,\"height\":77,\"caption\":\"thediplomatinspain.com\"},\"image\":{\"@id\":\"https:\\\/\\\/thediplomatinspain.com\\\/#\\\/schema\\\/logo\\\/image\\\/\"},\"sameAs\":[\"https:\\\/\\\/www.facebook.com\\\/thediplomatinspain\",\"https:\\\/\\\/x.com\\\/diplomatinspain\",\"https:\\\/\\\/www.youtube.com\\\/channel\\\/UCK0mRqeeZDKdFeiFQZLcH2A\"]},{\"@type\":\"Person\",\"@id\":\"https:\\\/\\\/thediplomatinspain.com\\\/#\\\/schema\\\/person\\\/90d9b3004c2822bcbe64082dad885a9c\",\"name\":\"Redacci\u00f3n\",\"image\":{\"@type\":\"ImageObject\",\"inLanguage\":\"en-US\",\"@id\":\"https:\\\/\\\/secure.gravatar.com\\\/avatar\\\/6be270e1c81317331dd99c1537c17b9683039795b5a956c595769bfada5e7067?s=96&d=mm&r=g\",\"url\":\"https:\\\/\\\/secure.gravatar.com\\\/avatar\\\/6be270e1c81317331dd99c1537c17b9683039795b5a956c595769bfada5e7067?s=96&d=mm&r=g\",\"contentUrl\":\"https:\\\/\\\/secure.gravatar.com\\\/avatar\\\/6be270e1c81317331dd99c1537c17b9683039795b5a956c595769bfada5e7067?s=96&d=mm&r=g\",\"caption\":\"Redacci\u00f3n\"},\"sameAs\":[\"https:\\\/\\\/thediplomatinspain.com\\\/\"],\"url\":\"https:\\\/\\\/thediplomatinspain.com\\\/en\\\/author\\\/soportecibeles\\\/\"},{\"@type\":[\"Organization\",\"NewsMediaOrganization\"],\"@id\":\"https:\\\/\\\/thediplomatinspain.com\\\/en\\\/#organization\"},{\"@type\":\"SiteNavigationElement\",\"@id\":\"https:\\\/\\\/thediplomatinspain.com\\\/en\\\/#site-navigation\",\"cssSelector\":[\".cib-main-menu\"]},{\"@type\":\"WPHeader\",\"@id\":\"https:\\\/\\\/thediplomatinspain.com\\\/en\\\/#header\",\"cssSelector\":[\".cib-header\"]},{\"@type\":\"WPFooter\",\"@id\":\"https:\\\/\\\/thediplomatinspain.com\\\/en\\\/#footer\",\"cssSelector\":[\".cib-footer\"]}]}<\/script>\n<!-- \/ Yoast SEO plugin. -->","yoast_head_json":{"title":"La Filarm\u00f3nica brings 'A Midsummer Night's Dream' by Mendelssohn - thediplomatinspain.com","robots":{"index":"index","follow":"follow","max-snippet":"max-snippet:-1","max-image-preview":"max-image-preview:large","max-video-preview":"max-video-preview:-1"},"canonical":"https:\/\/thediplomatinspain.com\/en\/2021\/05\/12\/la-filarmonica-brings-a-midsummer-nights-dream-by-mendelssohn\/","og_locale":"en_US","og_type":"article","og_title":"La Filarm\u00f3nica brings 'A Midsummer Night's Dream' by Mendelssohn - thediplomatinspain.com","og_description":"La Filarm\u00f3nica presents the suite A Midsummer Night's Dream, composed by Felix Mendelshonn, at the Auditorio Nacional de M\u00fasica.","og_url":"https:\/\/thediplomatinspain.com\/en\/2021\/05\/12\/la-filarmonica-brings-a-midsummer-nights-dream-by-mendelssohn\/","og_site_name":"thediplomatinspain.com","article_publisher":"https:\/\/www.facebook.com\/thediplomatinspain","article_published_time":"2021-05-12T02:00:01+00:00","og_image":[{"width":220,"height":314,"url":"https:\/\/thediplomatinspain.com\/wp-content\/uploads\/2024\/05\/Filarmonica-ok-1.jpg","type":"image\/jpeg"}],"author":"Redacci\u00f3n","twitter_card":"summary_large_image","twitter_creator":"@diplomatinspain","twitter_site":"@diplomatinspain","twitter_misc":{"Written by":"Redacci\u00f3n","Est. reading time":"1 minute"},"schema":{"@context":"https:\/\/schema.org","@graph":[{"@type":"Article","@id":"https:\/\/thediplomatinspain.com\/en\/2021\/05\/12\/la-filarmonica-brings-a-midsummer-nights-dream-by-mendelssohn\/#article","isPartOf":{"@id":"https:\/\/thediplomatinspain.com\/en\/2021\/05\/12\/la-filarmonica-brings-a-midsummer-nights-dream-by-mendelssohn\/"},"author":{"name":"Redacci\u00f3n","@id":"https:\/\/thediplomatinspain.com\/#\/schema\/person\/90d9b3004c2822bcbe64082dad885a9c"},"headline":"La Filarm\u00f3nica brings &#8216;A Midsummer Night&#8217;s Dream&#8217; by Mendelssohn","datePublished":"2021-05-12T02:00:01+00:00","mainEntityOfPage":{"@id":"https:\/\/thediplomatinspain.com\/en\/2021\/05\/12\/la-filarmonica-brings-a-midsummer-nights-dream-by-mendelssohn\/"},"wordCount":132,"commentCount":0,"publisher":{"@id":"https:\/\/thediplomatinspain.com\/#organization"},"image":{"@id":"https:\/\/thediplomatinspain.com\/en\/2021\/05\/12\/la-filarmonica-brings-a-midsummer-nights-dream-by-mendelssohn\/#primaryimage"},"thumbnailUrl":"https:\/\/thediplomatinspain.com\/wp-content\/uploads\/2024\/05\/Filarmonica-ok-1.jpg","articleSection":["Leisure"],"inLanguage":"en-US","potentialAction":[{"@type":"CommentAction","name":"Comment","target":["https:\/\/thediplomatinspain.com\/en\/2021\/05\/12\/la-filarmonica-brings-a-midsummer-nights-dream-by-mendelssohn\/#respond"]}]},{"@type":"WebPage","@id":"https:\/\/thediplomatinspain.com\/en\/2021\/05\/12\/la-filarmonica-brings-a-midsummer-nights-dream-by-mendelssohn\/","url":"https:\/\/thediplomatinspain.com\/en\/2021\/05\/12\/la-filarmonica-brings-a-midsummer-nights-dream-by-mendelssohn\/","name":"La Filarm\u00f3nica brings 'A Midsummer Night's Dream' by Mendelssohn - thediplomatinspain.com","isPartOf":{"@id":"https:\/\/thediplomatinspain.com\/#website"},"primaryImageOfPage":{"@id":"https:\/\/thediplomatinspain.com\/en\/2021\/05\/12\/la-filarmonica-brings-a-midsummer-nights-dream-by-mendelssohn\/#primaryimage"},"image":{"@id":"https:\/\/thediplomatinspain.com\/en\/2021\/05\/12\/la-filarmonica-brings-a-midsummer-nights-dream-by-mendelssohn\/#primaryimage"},"thumbnailUrl":"https:\/\/thediplomatinspain.com\/wp-content\/uploads\/2024\/05\/Filarmonica-ok-1.jpg","datePublished":"2021-05-12T02:00:01+00:00","breadcrumb":{"@id":"https:\/\/thediplomatinspain.com\/en\/2021\/05\/12\/la-filarmonica-brings-a-midsummer-nights-dream-by-mendelssohn\/#breadcrumb"},"inLanguage":"en-US","potentialAction":[{"@type":"ReadAction","target":["https:\/\/thediplomatinspain.com\/en\/2021\/05\/12\/la-filarmonica-brings-a-midsummer-nights-dream-by-mendelssohn\/"]}]},{"@type":"ImageObject","inLanguage":"en-US","@id":"https:\/\/thediplomatinspain.com\/en\/2021\/05\/12\/la-filarmonica-brings-a-midsummer-nights-dream-by-mendelssohn\/#primaryimage","url":"https:\/\/thediplomatinspain.com\/wp-content\/uploads\/2024\/05\/Filarmonica-ok-1.jpg","contentUrl":"https:\/\/thediplomatinspain.com\/wp-content\/uploads\/2024\/05\/Filarmonica-ok-1.jpg","width":220,"height":314},{"@type":"BreadcrumbList","@id":"https:\/\/thediplomatinspain.com\/en\/2021\/05\/12\/la-filarmonica-brings-a-midsummer-nights-dream-by-mendelssohn\/#breadcrumb","itemListElement":[{"@type":"ListItem","position":1,"name":"Portada","item":"https:\/\/thediplomatinspain.com\/en\/"},{"@type":"ListItem","position":2,"name":"La Filarm\u00f3nica brings &#8216;A Midsummer Night&#8217;s Dream&#8217; by Mendelssohn"}]},{"@type":"WebSite","@id":"https:\/\/thediplomatinspain.com\/#website","url":"https:\/\/thediplomatinspain.com\/","name":"thediplomatinspain.com","description":"Diario digital de referencia para diplom\u00e1ticos y empresas","publisher":{"@id":"https:\/\/thediplomatinspain.com\/#organization"},"potentialAction":[{"@type":"SearchAction","target":{"@type":"EntryPoint","urlTemplate":"https:\/\/thediplomatinspain.com\/?s={search_term_string}"},"query-input":{"@type":"PropertyValueSpecification","valueRequired":true,"valueName":"search_term_string"}}],"inLanguage":"en-US"},{"@type":"Organization","@id":"https:\/\/thediplomatinspain.com\/#organization","name":"thediplomatinspain.com","url":"https:\/\/thediplomatinspain.com\/","logo":{"@type":"ImageObject","inLanguage":"en-US","@id":"https:\/\/thediplomatinspain.com\/#\/schema\/logo\/image\/","url":"https:\/\/thediplomatinspain.com\/wp-content\/uploads\/2024\/06\/logo_the_diplomat.png","contentUrl":"https:\/\/thediplomatinspain.com\/wp-content\/uploads\/2024\/06\/logo_the_diplomat.png","width":284,"height":77,"caption":"thediplomatinspain.com"},"image":{"@id":"https:\/\/thediplomatinspain.com\/#\/schema\/logo\/image\/"},"sameAs":["https:\/\/www.facebook.com\/thediplomatinspain","https:\/\/x.com\/diplomatinspain","https:\/\/www.youtube.com\/channel\/UCK0mRqeeZDKdFeiFQZLcH2A"]},{"@type":"Person","@id":"https:\/\/thediplomatinspain.com\/#\/schema\/person\/90d9b3004c2822bcbe64082dad885a9c","name":"Redacci\u00f3n","image":{"@type":"ImageObject","inLanguage":"en-US","@id":"https:\/\/secure.gravatar.com\/avatar\/6be270e1c81317331dd99c1537c17b9683039795b5a956c595769bfada5e7067?s=96&d=mm&r=g","url":"https:\/\/secure.gravatar.com\/avatar\/6be270e1c81317331dd99c1537c17b9683039795b5a956c595769bfada5e7067?s=96&d=mm&r=g","contentUrl":"https:\/\/secure.gravatar.com\/avatar\/6be270e1c81317331dd99c1537c17b9683039795b5a956c595769bfada5e7067?s=96&d=mm&r=g","caption":"Redacci\u00f3n"},"sameAs":["https:\/\/thediplomatinspain.com\/"],"url":"https:\/\/thediplomatinspain.com\/en\/author\/soportecibeles\/"},{"@type":["Organization","NewsMediaOrganization"],"@id":"https:\/\/thediplomatinspain.com\/en\/#organization"},{"@type":"SiteNavigationElement","@id":"https:\/\/thediplomatinspain.com\/en\/#site-navigation","cssSelector":[".cib-main-menu"]},{"@type":"WPHeader","@id":"https:\/\/thediplomatinspain.com\/en\/#header","cssSelector":[".cib-header"]},{"@type":"WPFooter","@id":"https:\/\/thediplomatinspain.com\/en\/#footer","cssSelector":[".cib-footer"]}]}},"amp_enabled":true,"_links":{"self":[{"href":"https:\/\/thediplomatinspain.com\/en\/wp-json\/wp\/v2\/posts\/73518","targetHints":{"allow":["GET"]}}],"collection":[{"href":"https:\/\/thediplomatinspain.com\/en\/wp-json\/wp\/v2\/posts"}],"about":[{"href":"https:\/\/thediplomatinspain.com\/en\/wp-json\/wp\/v2\/types\/post"}],"author":[{"embeddable":true,"href":"https:\/\/thediplomatinspain.com\/en\/wp-json\/wp\/v2\/users\/1"}],"replies":[{"embeddable":true,"href":"https:\/\/thediplomatinspain.com\/en\/wp-json\/wp\/v2\/comments?post=73518"}],"version-history":[{"count":0,"href":"https:\/\/thediplomatinspain.com\/en\/wp-json\/wp\/v2\/posts\/73518\/revisions"}],"wp:featuredmedia":[{"embeddable":true,"href":"https:\/\/thediplomatinspain.com\/en\/wp-json\/wp\/v2\/media\/57687"}],"wp:attachment":[{"href":"https:\/\/thediplomatinspain.com\/en\/wp-json\/wp\/v2\/media?parent=73518"}],"wp:term":[{"taxonomy":"category","embeddable":true,"href":"https:\/\/thediplomatinspain.com\/en\/wp-json\/wp\/v2\/categories?post=73518"},{"taxonomy":"post_tag","embeddable":true,"href":"https:\/\/thediplomatinspain.com\/en\/wp-json\/wp\/v2\/tags?post=73518"}],"curies":[{"name":"wp","href":"https:\/\/api.w.org\/{rel}","templated":true}]}}