{"id":73462,"date":"2021-05-06T07:52:42","date_gmt":"2021-05-06T05:52:42","guid":{"rendered":"https:\/\/zen-hopper.82-223-81-17.plesk.page\/2021\/05\/06\/grande-marlaska-appreciates-the-work-of-the-security-attaches-in-the-embassies-during-the-covid\/"},"modified":"2021-05-06T07:52:42","modified_gmt":"2021-05-06T05:52:42","slug":"grande-marlaska-appreciates-the-work-of-the-security-attaches-in-the-embassies-during-the-covid","status":"publish","type":"post","link":"https:\/\/thediplomatinspain.com\/en\/2021\/05\/06\/grande-marlaska-appreciates-the-work-of-the-security-attaches-in-the-embassies-during-the-covid\/","title":{"rendered":"Grande-Marlaska appreciates the work of the security attach\u00e9s in the Embassies during the COVID"},"content":{"rendered":"<h6><strong>The Diplomat<\/strong><\/h6>\n<p>&nbsp;<\/p>\n<h4><strong>The Minister of the Interior, Fernando Grande-Marlaska, yesterday thanked the work carried out by the counselors and attach\u00e9s of the Ministry in the Spanish Embassies abroad to protect the rights of Spanish expatriates during the pandemic and to apply the restrictive measures against COVID-19.<\/strong><\/h4>\n<p><strong>\u00a0<\/strong><\/p>\n<p>Grande-Marlaska held yesterday a telematic meeting with <strong>the counselors and attach\u00e9s that his department has deployed in the Spanish diplomatic missions accredited in 136 countries<\/strong>, to whom he reminded that &#8220;it is vital to strengthen international cooperation because, also in security, there is a close link between the internal and external dimensions&#8221;.<\/p>\n<p><strong>\u00a0<\/strong><\/p>\n<p><strong>The counselors and attach\u00e9s of Interior in the Spanish Embassies are members of the National Police and Civil Guard who report to the Directorate General of International Relations and Foreign Affairs of the Ministry<\/strong> and have as functions, among others, the collaboration with the members of the Security Forces and Corps of other countries, the relations with the Security and Interior authorities of the receiving State and the promotion of bilateral cooperation in matters of the Ministry of Interior, to which they also provide information and support in its external action.<\/p>\n<p><strong>\u00a0<\/strong><\/p>\n<p>During the meeting, Grande-Marlaska thanked them for their daily efforts to fulfill these missions as well as <strong>to protect the rights of Spaniards abroad, particularly those made during the pandemic<\/strong>, a work that has required them to make an additional effort <strong>to efficiently apply the restrictive measures agreed worldwide to curb COVID-19 infections<\/strong>, as reported by the Ministry in a press release.<\/p>\n<p><strong>\u00a0<\/strong><\/p>\n<p>He also recalled that <strong>&#8220;it is necessary to have all the necessary information to carry out our functions, including that which comes from other States&#8221; <\/strong>in the fight against terrorism and organized crime and warned that <strong>&#8220;civil protection, road safety, support for victims of terrorism and international protection also require collaboration between countries for a better and more effective response&#8221;.<\/strong><\/p>\n<p><strong>\u00a0<\/strong><\/p>\n<p>The virtual day was attended by, among other officials of the department, Elena Garz\u00f3n, director general of International Relations and Foreigners; Jos\u00e9 Antonio Rodr\u00edguez, director general of Coordination and Studies; Manuel Navarrete, director of the Intelligence Center against Terrorism and Organized Crime (CITCO); and Guillermo Fern\u00e1ndez, head of the Cybersecurity Coordination Office (OCC).<\/p>\n<p><strong>\u00a0<\/strong><\/p>\n<p>These interventions also served to inform advisors and attach\u00e9s of the new structure of the Ministry, modified after the recent creation of the General Directorate of Coordination and Studies in the Secretariat of State for Security, as well as the changes introduced in these management centers.<\/p>\n<p>&nbsp;<\/p>\n<p><strong>This is the first time that the Ministry of the Interior has organized such a day of information exchange, although the intention is to repeat it periodically.<\/strong> &#8220;We are driven by the permanent improvement to anticipate and gain in efficiency and, at the same time, to maintain high security standards in a broad sense&#8221;, concluded Grande-Marlaska.<\/p>\n<p>&nbsp;<\/p>\n<p>&nbsp;<\/p>\n","protected":false},"excerpt":{"rendered":"<p>The Minister of the Interior, Fernando Grande-Marlaska, yesterday thanked the work carried out by the counselors and attach\u00e9s of the Ministry in the Spanish Embassies<\/p>\n","protected":false},"author":1,"featured_media":57643,"comment_status":"open","ping_status":"open","sticky":false,"template":"","format":"standard","meta":{"jnews-multi-image_gallery":[],"jnews_single_post":[],"jnews_primary_category":[],"jnews_social_meta":[],"jnews_override_counter":[],"jnews_post_split":[],"footnotes":""},"categories":[106],"tags":[],"class_list":["post-73462","post","type-post","status-publish","format-standard","has-post-thumbnail","hentry","category-frontpage"],"yoast_head":"<!-- This site is optimized with the Yoast SEO plugin v27.4 - https:\/\/yoast.com\/product\/yoast-seo-wordpress\/ -->\n<title>Grande-Marlaska appreciates the work of the security attach\u00e9s in the Embassies during the COVID - thediplomatinspain.com<\/title>\n<meta name=\"robots\" content=\"index, follow, max-snippet:-1, max-image-preview:large, max-video-preview:-1\" \/>\n<link rel=\"canonical\" href=\"https:\/\/thediplomatinspain.com\/en\/2021\/05\/06\/grande-marlaska-appreciates-the-work-of-the-security-attaches-in-the-embassies-during-the-covid\/\" \/>\n<meta property=\"og:locale\" content=\"en_US\" \/>\n<meta property=\"og:type\" content=\"article\" \/>\n<meta property=\"og:title\" content=\"Grande-Marlaska appreciates the work of the security attach\u00e9s in the Embassies during the COVID - thediplomatinspain.com\" \/>\n<meta property=\"og:description\" content=\"The Minister of the Interior, Fernando Grande-Marlaska, yesterday thanked the work carried out by the counselors and attach\u00e9s of the Ministry in the Spanish Embassies\" \/>\n<meta property=\"og:url\" content=\"https:\/\/thediplomatinspain.com\/en\/2021\/05\/06\/grande-marlaska-appreciates-the-work-of-the-security-attaches-in-the-embassies-during-the-covid\/\" \/>\n<meta property=\"og:site_name\" content=\"thediplomatinspain.com\" \/>\n<meta property=\"article:publisher\" content=\"https:\/\/www.facebook.com\/thediplomatinspain\" \/>\n<meta property=\"article:published_time\" content=\"2021-05-06T05:52:42+00:00\" \/>\n<meta property=\"og:image\" content=\"https:\/\/thediplomatinspain.com\/wp-content\/uploads\/2024\/05\/grande-marlaska-agregados.jpg\" \/>\n\t<meta property=\"og:image:width\" content=\"750\" \/>\n\t<meta property=\"og:image:height\" content=\"483\" \/>\n\t<meta property=\"og:image:type\" content=\"image\/jpeg\" \/>\n<meta name=\"author\" content=\"Redacci\u00f3n\" \/>\n<meta name=\"twitter:card\" content=\"summary_large_image\" \/>\n<meta name=\"twitter:creator\" content=\"@diplomatinspain\" \/>\n<meta name=\"twitter:site\" content=\"@diplomatinspain\" \/>\n<meta name=\"twitter:label1\" content=\"Written by\" \/>\n\t<meta name=\"twitter:data1\" content=\"Redacci\u00f3n\" \/>\n\t<meta name=\"twitter:label2\" content=\"Est. reading time\" \/>\n\t<meta name=\"twitter:data2\" content=\"2 minutes\" \/>\n<script type=\"application\/ld+json\" class=\"yoast-schema-graph\">{\"@context\":\"https:\\\/\\\/schema.org\",\"@graph\":[{\"@type\":\"Article\",\"@id\":\"https:\\\/\\\/thediplomatinspain.com\\\/en\\\/2021\\\/05\\\/06\\\/grande-marlaska-appreciates-the-work-of-the-security-attaches-in-the-embassies-during-the-covid\\\/#article\",\"isPartOf\":{\"@id\":\"https:\\\/\\\/thediplomatinspain.com\\\/en\\\/2021\\\/05\\\/06\\\/grande-marlaska-appreciates-the-work-of-the-security-attaches-in-the-embassies-during-the-covid\\\/\"},\"author\":{\"name\":\"Redacci\u00f3n\",\"@id\":\"https:\\\/\\\/thediplomatinspain.com\\\/#\\\/schema\\\/person\\\/90d9b3004c2822bcbe64082dad885a9c\"},\"headline\":\"Grande-Marlaska appreciates the work of the security attach\u00e9s in the Embassies during the COVID\",\"datePublished\":\"2021-05-06T05:52:42+00:00\",\"mainEntityOfPage\":{\"@id\":\"https:\\\/\\\/thediplomatinspain.com\\\/en\\\/2021\\\/05\\\/06\\\/grande-marlaska-appreciates-the-work-of-the-security-attaches-in-the-embassies-during-the-covid\\\/\"},\"wordCount\":491,\"commentCount\":0,\"publisher\":{\"@id\":\"https:\\\/\\\/thediplomatinspain.com\\\/#organization\"},\"image\":{\"@id\":\"https:\\\/\\\/thediplomatinspain.com\\\/en\\\/2021\\\/05\\\/06\\\/grande-marlaska-appreciates-the-work-of-the-security-attaches-in-the-embassies-during-the-covid\\\/#primaryimage\"},\"thumbnailUrl\":\"https:\\\/\\\/thediplomatinspain.com\\\/wp-content\\\/uploads\\\/2024\\\/05\\\/grande-marlaska-agregados.jpg\",\"articleSection\":[\"Frontpage\"],\"inLanguage\":\"en-US\",\"potentialAction\":[{\"@type\":\"CommentAction\",\"name\":\"Comment\",\"target\":[\"https:\\\/\\\/thediplomatinspain.com\\\/en\\\/2021\\\/05\\\/06\\\/grande-marlaska-appreciates-the-work-of-the-security-attaches-in-the-embassies-during-the-covid\\\/#respond\"]}]},{\"@type\":\"WebPage\",\"@id\":\"https:\\\/\\\/thediplomatinspain.com\\\/en\\\/2021\\\/05\\\/06\\\/grande-marlaska-appreciates-the-work-of-the-security-attaches-in-the-embassies-during-the-covid\\\/\",\"url\":\"https:\\\/\\\/thediplomatinspain.com\\\/en\\\/2021\\\/05\\\/06\\\/grande-marlaska-appreciates-the-work-of-the-security-attaches-in-the-embassies-during-the-covid\\\/\",\"name\":\"Grande-Marlaska appreciates the work of the security attach\u00e9s in the Embassies during the COVID - thediplomatinspain.com\",\"isPartOf\":{\"@id\":\"https:\\\/\\\/thediplomatinspain.com\\\/#website\"},\"primaryImageOfPage\":{\"@id\":\"https:\\\/\\\/thediplomatinspain.com\\\/en\\\/2021\\\/05\\\/06\\\/grande-marlaska-appreciates-the-work-of-the-security-attaches-in-the-embassies-during-the-covid\\\/#primaryimage\"},\"image\":{\"@id\":\"https:\\\/\\\/thediplomatinspain.com\\\/en\\\/2021\\\/05\\\/06\\\/grande-marlaska-appreciates-the-work-of-the-security-attaches-in-the-embassies-during-the-covid\\\/#primaryimage\"},\"thumbnailUrl\":\"https:\\\/\\\/thediplomatinspain.com\\\/wp-content\\\/uploads\\\/2024\\\/05\\\/grande-marlaska-agregados.jpg\",\"datePublished\":\"2021-05-06T05:52:42+00:00\",\"breadcrumb\":{\"@id\":\"https:\\\/\\\/thediplomatinspain.com\\\/en\\\/2021\\\/05\\\/06\\\/grande-marlaska-appreciates-the-work-of-the-security-attaches-in-the-embassies-during-the-covid\\\/#breadcrumb\"},\"inLanguage\":\"en-US\",\"potentialAction\":[{\"@type\":\"ReadAction\",\"target\":[\"https:\\\/\\\/thediplomatinspain.com\\\/en\\\/2021\\\/05\\\/06\\\/grande-marlaska-appreciates-the-work-of-the-security-attaches-in-the-embassies-during-the-covid\\\/\"]}]},{\"@type\":\"ImageObject\",\"inLanguage\":\"en-US\",\"@id\":\"https:\\\/\\\/thediplomatinspain.com\\\/en\\\/2021\\\/05\\\/06\\\/grande-marlaska-appreciates-the-work-of-the-security-attaches-in-the-embassies-during-the-covid\\\/#primaryimage\",\"url\":\"https:\\\/\\\/thediplomatinspain.com\\\/wp-content\\\/uploads\\\/2024\\\/05\\\/grande-marlaska-agregados.jpg\",\"contentUrl\":\"https:\\\/\\\/thediplomatinspain.com\\\/wp-content\\\/uploads\\\/2024\\\/05\\\/grande-marlaska-agregados.jpg\",\"width\":750,\"height\":483,\"caption\":\"The Minister during the meeting \\\/ Photo: \u00a9MIGUEL BERROCAL-Interior\"},{\"@type\":\"BreadcrumbList\",\"@id\":\"https:\\\/\\\/thediplomatinspain.com\\\/en\\\/2021\\\/05\\\/06\\\/grande-marlaska-appreciates-the-work-of-the-security-attaches-in-the-embassies-during-the-covid\\\/#breadcrumb\",\"itemListElement\":[{\"@type\":\"ListItem\",\"position\":1,\"name\":\"Portada\",\"item\":\"https:\\\/\\\/thediplomatinspain.com\\\/en\\\/\"},{\"@type\":\"ListItem\",\"position\":2,\"name\":\"Grande-Marlaska appreciates the work of the security attach\u00e9s in the Embassies during the COVID\"}]},{\"@type\":\"WebSite\",\"@id\":\"https:\\\/\\\/thediplomatinspain.com\\\/#website\",\"url\":\"https:\\\/\\\/thediplomatinspain.com\\\/\",\"name\":\"thediplomatinspain.com\",\"description\":\"Diario digital de referencia para diplom\u00e1ticos y empresas\",\"publisher\":{\"@id\":\"https:\\\/\\\/thediplomatinspain.com\\\/#organization\"},\"potentialAction\":[{\"@type\":\"SearchAction\",\"target\":{\"@type\":\"EntryPoint\",\"urlTemplate\":\"https:\\\/\\\/thediplomatinspain.com\\\/?s={search_term_string}\"},\"query-input\":{\"@type\":\"PropertyValueSpecification\",\"valueRequired\":true,\"valueName\":\"search_term_string\"}}],\"inLanguage\":\"en-US\"},{\"@type\":\"Organization\",\"@id\":\"https:\\\/\\\/thediplomatinspain.com\\\/#organization\",\"name\":\"thediplomatinspain.com\",\"url\":\"https:\\\/\\\/thediplomatinspain.com\\\/\",\"logo\":{\"@type\":\"ImageObject\",\"inLanguage\":\"en-US\",\"@id\":\"https:\\\/\\\/thediplomatinspain.com\\\/#\\\/schema\\\/logo\\\/image\\\/\",\"url\":\"https:\\\/\\\/thediplomatinspain.com\\\/wp-content\\\/uploads\\\/2024\\\/06\\\/logo_the_diplomat.png\",\"contentUrl\":\"https:\\\/\\\/thediplomatinspain.com\\\/wp-content\\\/uploads\\\/2024\\\/06\\\/logo_the_diplomat.png\",\"width\":284,\"height\":77,\"caption\":\"thediplomatinspain.com\"},\"image\":{\"@id\":\"https:\\\/\\\/thediplomatinspain.com\\\/#\\\/schema\\\/logo\\\/image\\\/\"},\"sameAs\":[\"https:\\\/\\\/www.facebook.com\\\/thediplomatinspain\",\"https:\\\/\\\/x.com\\\/diplomatinspain\",\"https:\\\/\\\/www.youtube.com\\\/channel\\\/UCK0mRqeeZDKdFeiFQZLcH2A\"]},{\"@type\":\"Person\",\"@id\":\"https:\\\/\\\/thediplomatinspain.com\\\/#\\\/schema\\\/person\\\/90d9b3004c2822bcbe64082dad885a9c\",\"name\":\"Redacci\u00f3n\",\"image\":{\"@type\":\"ImageObject\",\"inLanguage\":\"en-US\",\"@id\":\"https:\\\/\\\/secure.gravatar.com\\\/avatar\\\/6be270e1c81317331dd99c1537c17b9683039795b5a956c595769bfada5e7067?s=96&d=mm&r=g\",\"url\":\"https:\\\/\\\/secure.gravatar.com\\\/avatar\\\/6be270e1c81317331dd99c1537c17b9683039795b5a956c595769bfada5e7067?s=96&d=mm&r=g\",\"contentUrl\":\"https:\\\/\\\/secure.gravatar.com\\\/avatar\\\/6be270e1c81317331dd99c1537c17b9683039795b5a956c595769bfada5e7067?s=96&d=mm&r=g\",\"caption\":\"Redacci\u00f3n\"},\"sameAs\":[\"https:\\\/\\\/thediplomatinspain.com\\\/\"],\"url\":\"https:\\\/\\\/thediplomatinspain.com\\\/en\\\/author\\\/soportecibeles\\\/\"},{\"@type\":[\"Organization\",\"NewsMediaOrganization\"],\"@id\":\"https:\\\/\\\/thediplomatinspain.com\\\/en\\\/#organization\"},{\"@type\":\"SiteNavigationElement\",\"@id\":\"https:\\\/\\\/thediplomatinspain.com\\\/en\\\/#site-navigation\",\"cssSelector\":[\".cib-main-menu\"]},{\"@type\":\"WPHeader\",\"@id\":\"https:\\\/\\\/thediplomatinspain.com\\\/en\\\/#header\",\"cssSelector\":[\".cib-header\"]},{\"@type\":\"WPFooter\",\"@id\":\"https:\\\/\\\/thediplomatinspain.com\\\/en\\\/#footer\",\"cssSelector\":[\".cib-footer\"]}]}<\/script>\n<!-- \/ Yoast SEO plugin. -->","yoast_head_json":{"title":"Grande-Marlaska appreciates the work of the security attach\u00e9s in the Embassies during the COVID - thediplomatinspain.com","robots":{"index":"index","follow":"follow","max-snippet":"max-snippet:-1","max-image-preview":"max-image-preview:large","max-video-preview":"max-video-preview:-1"},"canonical":"https:\/\/thediplomatinspain.com\/en\/2021\/05\/06\/grande-marlaska-appreciates-the-work-of-the-security-attaches-in-the-embassies-during-the-covid\/","og_locale":"en_US","og_type":"article","og_title":"Grande-Marlaska appreciates the work of the security attach\u00e9s in the Embassies during the COVID - thediplomatinspain.com","og_description":"The Minister of the Interior, Fernando Grande-Marlaska, yesterday thanked the work carried out by the counselors and attach\u00e9s of the Ministry in the Spanish Embassies","og_url":"https:\/\/thediplomatinspain.com\/en\/2021\/05\/06\/grande-marlaska-appreciates-the-work-of-the-security-attaches-in-the-embassies-during-the-covid\/","og_site_name":"thediplomatinspain.com","article_publisher":"https:\/\/www.facebook.com\/thediplomatinspain","article_published_time":"2021-05-06T05:52:42+00:00","og_image":[{"width":750,"height":483,"url":"https:\/\/thediplomatinspain.com\/wp-content\/uploads\/2024\/05\/grande-marlaska-agregados.jpg","type":"image\/jpeg"}],"author":"Redacci\u00f3n","twitter_card":"summary_large_image","twitter_creator":"@diplomatinspain","twitter_site":"@diplomatinspain","twitter_misc":{"Written by":"Redacci\u00f3n","Est. reading time":"2 minutes"},"schema":{"@context":"https:\/\/schema.org","@graph":[{"@type":"Article","@id":"https:\/\/thediplomatinspain.com\/en\/2021\/05\/06\/grande-marlaska-appreciates-the-work-of-the-security-attaches-in-the-embassies-during-the-covid\/#article","isPartOf":{"@id":"https:\/\/thediplomatinspain.com\/en\/2021\/05\/06\/grande-marlaska-appreciates-the-work-of-the-security-attaches-in-the-embassies-during-the-covid\/"},"author":{"name":"Redacci\u00f3n","@id":"https:\/\/thediplomatinspain.com\/#\/schema\/person\/90d9b3004c2822bcbe64082dad885a9c"},"headline":"Grande-Marlaska appreciates the work of the security attach\u00e9s in the Embassies during the COVID","datePublished":"2021-05-06T05:52:42+00:00","mainEntityOfPage":{"@id":"https:\/\/thediplomatinspain.com\/en\/2021\/05\/06\/grande-marlaska-appreciates-the-work-of-the-security-attaches-in-the-embassies-during-the-covid\/"},"wordCount":491,"commentCount":0,"publisher":{"@id":"https:\/\/thediplomatinspain.com\/#organization"},"image":{"@id":"https:\/\/thediplomatinspain.com\/en\/2021\/05\/06\/grande-marlaska-appreciates-the-work-of-the-security-attaches-in-the-embassies-during-the-covid\/#primaryimage"},"thumbnailUrl":"https:\/\/thediplomatinspain.com\/wp-content\/uploads\/2024\/05\/grande-marlaska-agregados.jpg","articleSection":["Frontpage"],"inLanguage":"en-US","potentialAction":[{"@type":"CommentAction","name":"Comment","target":["https:\/\/thediplomatinspain.com\/en\/2021\/05\/06\/grande-marlaska-appreciates-the-work-of-the-security-attaches-in-the-embassies-during-the-covid\/#respond"]}]},{"@type":"WebPage","@id":"https:\/\/thediplomatinspain.com\/en\/2021\/05\/06\/grande-marlaska-appreciates-the-work-of-the-security-attaches-in-the-embassies-during-the-covid\/","url":"https:\/\/thediplomatinspain.com\/en\/2021\/05\/06\/grande-marlaska-appreciates-the-work-of-the-security-attaches-in-the-embassies-during-the-covid\/","name":"Grande-Marlaska appreciates the work of the security attach\u00e9s in the Embassies during the COVID - thediplomatinspain.com","isPartOf":{"@id":"https:\/\/thediplomatinspain.com\/#website"},"primaryImageOfPage":{"@id":"https:\/\/thediplomatinspain.com\/en\/2021\/05\/06\/grande-marlaska-appreciates-the-work-of-the-security-attaches-in-the-embassies-during-the-covid\/#primaryimage"},"image":{"@id":"https:\/\/thediplomatinspain.com\/en\/2021\/05\/06\/grande-marlaska-appreciates-the-work-of-the-security-attaches-in-the-embassies-during-the-covid\/#primaryimage"},"thumbnailUrl":"https:\/\/thediplomatinspain.com\/wp-content\/uploads\/2024\/05\/grande-marlaska-agregados.jpg","datePublished":"2021-05-06T05:52:42+00:00","breadcrumb":{"@id":"https:\/\/thediplomatinspain.com\/en\/2021\/05\/06\/grande-marlaska-appreciates-the-work-of-the-security-attaches-in-the-embassies-during-the-covid\/#breadcrumb"},"inLanguage":"en-US","potentialAction":[{"@type":"ReadAction","target":["https:\/\/thediplomatinspain.com\/en\/2021\/05\/06\/grande-marlaska-appreciates-the-work-of-the-security-attaches-in-the-embassies-during-the-covid\/"]}]},{"@type":"ImageObject","inLanguage":"en-US","@id":"https:\/\/thediplomatinspain.com\/en\/2021\/05\/06\/grande-marlaska-appreciates-the-work-of-the-security-attaches-in-the-embassies-during-the-covid\/#primaryimage","url":"https:\/\/thediplomatinspain.com\/wp-content\/uploads\/2024\/05\/grande-marlaska-agregados.jpg","contentUrl":"https:\/\/thediplomatinspain.com\/wp-content\/uploads\/2024\/05\/grande-marlaska-agregados.jpg","width":750,"height":483,"caption":"The Minister during the meeting \/ Photo: \u00a9MIGUEL BERROCAL-Interior"},{"@type":"BreadcrumbList","@id":"https:\/\/thediplomatinspain.com\/en\/2021\/05\/06\/grande-marlaska-appreciates-the-work-of-the-security-attaches-in-the-embassies-during-the-covid\/#breadcrumb","itemListElement":[{"@type":"ListItem","position":1,"name":"Portada","item":"https:\/\/thediplomatinspain.com\/en\/"},{"@type":"ListItem","position":2,"name":"Grande-Marlaska appreciates the work of the security attach\u00e9s in the Embassies during the COVID"}]},{"@type":"WebSite","@id":"https:\/\/thediplomatinspain.com\/#website","url":"https:\/\/thediplomatinspain.com\/","name":"thediplomatinspain.com","description":"Diario digital de referencia para diplom\u00e1ticos y empresas","publisher":{"@id":"https:\/\/thediplomatinspain.com\/#organization"},"potentialAction":[{"@type":"SearchAction","target":{"@type":"EntryPoint","urlTemplate":"https:\/\/thediplomatinspain.com\/?s={search_term_string}"},"query-input":{"@type":"PropertyValueSpecification","valueRequired":true,"valueName":"search_term_string"}}],"inLanguage":"en-US"},{"@type":"Organization","@id":"https:\/\/thediplomatinspain.com\/#organization","name":"thediplomatinspain.com","url":"https:\/\/thediplomatinspain.com\/","logo":{"@type":"ImageObject","inLanguage":"en-US","@id":"https:\/\/thediplomatinspain.com\/#\/schema\/logo\/image\/","url":"https:\/\/thediplomatinspain.com\/wp-content\/uploads\/2024\/06\/logo_the_diplomat.png","contentUrl":"https:\/\/thediplomatinspain.com\/wp-content\/uploads\/2024\/06\/logo_the_diplomat.png","width":284,"height":77,"caption":"thediplomatinspain.com"},"image":{"@id":"https:\/\/thediplomatinspain.com\/#\/schema\/logo\/image\/"},"sameAs":["https:\/\/www.facebook.com\/thediplomatinspain","https:\/\/x.com\/diplomatinspain","https:\/\/www.youtube.com\/channel\/UCK0mRqeeZDKdFeiFQZLcH2A"]},{"@type":"Person","@id":"https:\/\/thediplomatinspain.com\/#\/schema\/person\/90d9b3004c2822bcbe64082dad885a9c","name":"Redacci\u00f3n","image":{"@type":"ImageObject","inLanguage":"en-US","@id":"https:\/\/secure.gravatar.com\/avatar\/6be270e1c81317331dd99c1537c17b9683039795b5a956c595769bfada5e7067?s=96&d=mm&r=g","url":"https:\/\/secure.gravatar.com\/avatar\/6be270e1c81317331dd99c1537c17b9683039795b5a956c595769bfada5e7067?s=96&d=mm&r=g","contentUrl":"https:\/\/secure.gravatar.com\/avatar\/6be270e1c81317331dd99c1537c17b9683039795b5a956c595769bfada5e7067?s=96&d=mm&r=g","caption":"Redacci\u00f3n"},"sameAs":["https:\/\/thediplomatinspain.com\/"],"url":"https:\/\/thediplomatinspain.com\/en\/author\/soportecibeles\/"},{"@type":["Organization","NewsMediaOrganization"],"@id":"https:\/\/thediplomatinspain.com\/en\/#organization"},{"@type":"SiteNavigationElement","@id":"https:\/\/thediplomatinspain.com\/en\/#site-navigation","cssSelector":[".cib-main-menu"]},{"@type":"WPHeader","@id":"https:\/\/thediplomatinspain.com\/en\/#header","cssSelector":[".cib-header"]},{"@type":"WPFooter","@id":"https:\/\/thediplomatinspain.com\/en\/#footer","cssSelector":[".cib-footer"]}]}},"amp_enabled":true,"_links":{"self":[{"href":"https:\/\/thediplomatinspain.com\/en\/wp-json\/wp\/v2\/posts\/73462","targetHints":{"allow":["GET"]}}],"collection":[{"href":"https:\/\/thediplomatinspain.com\/en\/wp-json\/wp\/v2\/posts"}],"about":[{"href":"https:\/\/thediplomatinspain.com\/en\/wp-json\/wp\/v2\/types\/post"}],"author":[{"embeddable":true,"href":"https:\/\/thediplomatinspain.com\/en\/wp-json\/wp\/v2\/users\/1"}],"replies":[{"embeddable":true,"href":"https:\/\/thediplomatinspain.com\/en\/wp-json\/wp\/v2\/comments?post=73462"}],"version-history":[{"count":0,"href":"https:\/\/thediplomatinspain.com\/en\/wp-json\/wp\/v2\/posts\/73462\/revisions"}],"wp:featuredmedia":[{"embeddable":true,"href":"https:\/\/thediplomatinspain.com\/en\/wp-json\/wp\/v2\/media\/57643"}],"wp:attachment":[{"href":"https:\/\/thediplomatinspain.com\/en\/wp-json\/wp\/v2\/media?parent=73462"}],"wp:term":[{"taxonomy":"category","embeddable":true,"href":"https:\/\/thediplomatinspain.com\/en\/wp-json\/wp\/v2\/categories?post=73462"},{"taxonomy":"post_tag","embeddable":true,"href":"https:\/\/thediplomatinspain.com\/en\/wp-json\/wp\/v2\/tags?post=73462"}],"curies":[{"name":"wp","href":"https:\/\/api.w.org\/{rel}","templated":true}]}}