{"id":72643,"date":"2021-02-03T05:00:36","date_gmt":"2021-02-03T04:00:36","guid":{"rendered":"https:\/\/zen-hopper.82-223-81-17.plesk.page\/2021\/02\/03\/presentation-of-two-books-on-libya-at-casa-arabe-of-madrid\/"},"modified":"2021-02-03T05:00:36","modified_gmt":"2021-02-03T04:00:36","slug":"presentation-of-two-books-on-libya-at-casa-arabe-of-madrid","status":"publish","type":"post","link":"https:\/\/thediplomatinspain.com\/en\/2021\/02\/03\/presentation-of-two-books-on-libya-at-casa-arabe-of-madrid\/","title":{"rendered":"Presentation of two books on Libya at Casa \u00c1rabe of Madrid"},"content":{"rendered":"<p>&nbsp;<\/p>\n<p><strong>Casa \u00c1rabe<\/strong> and the <strong>Blume publishing<\/strong> house will be presenting two new books on Libya this afternoon at 6:00 p.m.: <strong><em>No sacred land for the vanquished,<\/em><\/strong> by Javier Mart\u00edn (pictured), and <strong><em>The Libyan Crossroads, Pasaje mortal a Europa 2011-2020,<\/em><\/strong> by Ricardo Garc\u00eda Vilanova, in an event spoken in Spanish, which will be broadcast on the cultural centre&#8217;s <a href=\"https:\/\/www.youtube.com\/watch?v=IbZFvy5Mj9U&amp;feature=youtu.be\" target=\"_blank\" rel=\"noopener noreferrer\"><strong>YouTube<\/strong> <\/a>channel.<\/p>\n<p>&nbsp;<\/p>\n<p><strong><em>No sacred land for the vanquished<\/em><\/strong> addresses the causes and reasons for the migratory crisis that is shaking the Mediterranean and the Sahel, and is the result of ten years of work in both regions by the Salamanca reporter Javier Mart\u00edn (Cirilo Rodr\u00edguez Prize (2019). This work is complemented by the incisive eye of his travelling companion Ricardo Garc\u00eda Vilanova with <strong><em>The Libyan Crossroads (2011-2020), <\/em><\/strong>an extraordinary essay in photojournalism that immerses us in the lives of men, women and children trapped in the maelstrom of uprooting. The event will feature the participation of the two authors and will be presented and moderated by <strong>Karim Hauser,<\/strong> Casa \u00c1rabe&#8217;s International Relations Coordinator. In addition, <strong>Beatriz M. Ballesteros,<\/strong> from Casa \u00c1rabe&#8217;s Balq\u00eds Bookshop, will give a brief speech.<\/p>\n<p>&nbsp;<\/p>\n<p>&nbsp;<\/p>\n","protected":false},"excerpt":{"rendered":"<p>Casa \u00c1rabe presents two new publications on Libya: No sacred land for the vanquished and The Libyan Crossroads, 2011-2020.<\/p>\n","protected":false},"author":1,"featured_media":56961,"comment_status":"open","ping_status":"open","sticky":false,"template":"","format":"standard","meta":{"jnews-multi-image_gallery":[],"jnews_single_post":[],"jnews_primary_category":[],"jnews_social_meta":[],"jnews_override_counter":[],"jnews_post_split":[],"footnotes":""},"categories":[176],"tags":[],"class_list":["post-72643","post","type-post","status-publish","format-standard","has-post-thumbnail","hentry","category-leisure"],"yoast_head":"<!-- This site is optimized with the Yoast SEO plugin v27.4 - https:\/\/yoast.com\/product\/yoast-seo-wordpress\/ -->\n<title>Presentation of two books on Libya at Casa \u00c1rabe of Madrid - thediplomatinspain.com<\/title>\n<meta name=\"robots\" content=\"index, follow, max-snippet:-1, max-image-preview:large, max-video-preview:-1\" \/>\n<link rel=\"canonical\" href=\"https:\/\/thediplomatinspain.com\/en\/2021\/02\/03\/presentation-of-two-books-on-libya-at-casa-arabe-of-madrid\/\" \/>\n<meta property=\"og:locale\" content=\"en_US\" \/>\n<meta property=\"og:type\" content=\"article\" \/>\n<meta property=\"og:title\" content=\"Presentation of two books on Libya at Casa \u00c1rabe of Madrid - thediplomatinspain.com\" \/>\n<meta property=\"og:description\" content=\"Casa \u00c1rabe presents two new publications on Libya: No sacred land for the vanquished and The Libyan Crossroads, 2011-2020.\" \/>\n<meta property=\"og:url\" content=\"https:\/\/thediplomatinspain.com\/en\/2021\/02\/03\/presentation-of-two-books-on-libya-at-casa-arabe-of-madrid\/\" \/>\n<meta property=\"og:site_name\" content=\"thediplomatinspain.com\" \/>\n<meta property=\"article:publisher\" content=\"https:\/\/www.facebook.com\/thediplomatinspain\" \/>\n<meta property=\"article:published_time\" content=\"2021-02-03T04:00:36+00:00\" \/>\n<meta property=\"og:image\" content=\"https:\/\/thediplomatinspain.com\/wp-content\/uploads\/2024\/05\/Libia-No-hay-tierra-sagrada-para-los-vencidos-de-Javier-Martin-ok.jpg\" \/>\n\t<meta property=\"og:image:width\" content=\"220\" \/>\n\t<meta property=\"og:image:height\" content=\"314\" \/>\n\t<meta property=\"og:image:type\" content=\"image\/jpeg\" \/>\n<meta name=\"author\" content=\"Redacci\u00f3n\" \/>\n<meta name=\"twitter:card\" content=\"summary_large_image\" \/>\n<meta name=\"twitter:creator\" content=\"@diplomatinspain\" \/>\n<meta name=\"twitter:site\" content=\"@diplomatinspain\" \/>\n<meta name=\"twitter:label1\" content=\"Written by\" \/>\n\t<meta name=\"twitter:data1\" content=\"Redacci\u00f3n\" \/>\n\t<meta name=\"twitter:label2\" content=\"Est. reading time\" \/>\n\t<meta name=\"twitter:data2\" content=\"1 minute\" \/>\n<script type=\"application\/ld+json\" class=\"yoast-schema-graph\">{\"@context\":\"https:\\\/\\\/schema.org\",\"@graph\":[{\"@type\":\"Article\",\"@id\":\"https:\\\/\\\/thediplomatinspain.com\\\/en\\\/2021\\\/02\\\/03\\\/presentation-of-two-books-on-libya-at-casa-arabe-of-madrid\\\/#article\",\"isPartOf\":{\"@id\":\"https:\\\/\\\/thediplomatinspain.com\\\/en\\\/2021\\\/02\\\/03\\\/presentation-of-two-books-on-libya-at-casa-arabe-of-madrid\\\/\"},\"author\":{\"name\":\"Redacci\u00f3n\",\"@id\":\"https:\\\/\\\/thediplomatinspain.com\\\/#\\\/schema\\\/person\\\/90d9b3004c2822bcbe64082dad885a9c\"},\"headline\":\"Presentation of two books on Libya at Casa \u00c1rabe of Madrid\",\"datePublished\":\"2021-02-03T04:00:36+00:00\",\"mainEntityOfPage\":{\"@id\":\"https:\\\/\\\/thediplomatinspain.com\\\/en\\\/2021\\\/02\\\/03\\\/presentation-of-two-books-on-libya-at-casa-arabe-of-madrid\\\/\"},\"wordCount\":208,\"commentCount\":0,\"publisher\":{\"@id\":\"https:\\\/\\\/thediplomatinspain.com\\\/#organization\"},\"image\":{\"@id\":\"https:\\\/\\\/thediplomatinspain.com\\\/en\\\/2021\\\/02\\\/03\\\/presentation-of-two-books-on-libya-at-casa-arabe-of-madrid\\\/#primaryimage\"},\"thumbnailUrl\":\"https:\\\/\\\/thediplomatinspain.com\\\/wp-content\\\/uploads\\\/2024\\\/05\\\/Libia-No-hay-tierra-sagrada-para-los-vencidos-de-Javier-Martin-ok.jpg\",\"articleSection\":[\"Leisure\"],\"inLanguage\":\"en-US\",\"potentialAction\":[{\"@type\":\"CommentAction\",\"name\":\"Comment\",\"target\":[\"https:\\\/\\\/thediplomatinspain.com\\\/en\\\/2021\\\/02\\\/03\\\/presentation-of-two-books-on-libya-at-casa-arabe-of-madrid\\\/#respond\"]}]},{\"@type\":\"WebPage\",\"@id\":\"https:\\\/\\\/thediplomatinspain.com\\\/en\\\/2021\\\/02\\\/03\\\/presentation-of-two-books-on-libya-at-casa-arabe-of-madrid\\\/\",\"url\":\"https:\\\/\\\/thediplomatinspain.com\\\/en\\\/2021\\\/02\\\/03\\\/presentation-of-two-books-on-libya-at-casa-arabe-of-madrid\\\/\",\"name\":\"Presentation of two books on Libya at Casa \u00c1rabe of Madrid - thediplomatinspain.com\",\"isPartOf\":{\"@id\":\"https:\\\/\\\/thediplomatinspain.com\\\/#website\"},\"primaryImageOfPage\":{\"@id\":\"https:\\\/\\\/thediplomatinspain.com\\\/en\\\/2021\\\/02\\\/03\\\/presentation-of-two-books-on-libya-at-casa-arabe-of-madrid\\\/#primaryimage\"},\"image\":{\"@id\":\"https:\\\/\\\/thediplomatinspain.com\\\/en\\\/2021\\\/02\\\/03\\\/presentation-of-two-books-on-libya-at-casa-arabe-of-madrid\\\/#primaryimage\"},\"thumbnailUrl\":\"https:\\\/\\\/thediplomatinspain.com\\\/wp-content\\\/uploads\\\/2024\\\/05\\\/Libia-No-hay-tierra-sagrada-para-los-vencidos-de-Javier-Martin-ok.jpg\",\"datePublished\":\"2021-02-03T04:00:36+00:00\",\"breadcrumb\":{\"@id\":\"https:\\\/\\\/thediplomatinspain.com\\\/en\\\/2021\\\/02\\\/03\\\/presentation-of-two-books-on-libya-at-casa-arabe-of-madrid\\\/#breadcrumb\"},\"inLanguage\":\"en-US\",\"potentialAction\":[{\"@type\":\"ReadAction\",\"target\":[\"https:\\\/\\\/thediplomatinspain.com\\\/en\\\/2021\\\/02\\\/03\\\/presentation-of-two-books-on-libya-at-casa-arabe-of-madrid\\\/\"]}]},{\"@type\":\"ImageObject\",\"inLanguage\":\"en-US\",\"@id\":\"https:\\\/\\\/thediplomatinspain.com\\\/en\\\/2021\\\/02\\\/03\\\/presentation-of-two-books-on-libya-at-casa-arabe-of-madrid\\\/#primaryimage\",\"url\":\"https:\\\/\\\/thediplomatinspain.com\\\/wp-content\\\/uploads\\\/2024\\\/05\\\/Libia-No-hay-tierra-sagrada-para-los-vencidos-de-Javier-Martin-ok.jpg\",\"contentUrl\":\"https:\\\/\\\/thediplomatinspain.com\\\/wp-content\\\/uploads\\\/2024\\\/05\\\/Libia-No-hay-tierra-sagrada-para-los-vencidos-de-Javier-Martin-ok.jpg\",\"width\":220,\"height\":314},{\"@type\":\"BreadcrumbList\",\"@id\":\"https:\\\/\\\/thediplomatinspain.com\\\/en\\\/2021\\\/02\\\/03\\\/presentation-of-two-books-on-libya-at-casa-arabe-of-madrid\\\/#breadcrumb\",\"itemListElement\":[{\"@type\":\"ListItem\",\"position\":1,\"name\":\"Portada\",\"item\":\"https:\\\/\\\/thediplomatinspain.com\\\/en\\\/\"},{\"@type\":\"ListItem\",\"position\":2,\"name\":\"Presentation of two books on Libya at Casa \u00c1rabe of Madrid\"}]},{\"@type\":\"WebSite\",\"@id\":\"https:\\\/\\\/thediplomatinspain.com\\\/#website\",\"url\":\"https:\\\/\\\/thediplomatinspain.com\\\/\",\"name\":\"thediplomatinspain.com\",\"description\":\"Diario digital de referencia para diplom\u00e1ticos y empresas\",\"publisher\":{\"@id\":\"https:\\\/\\\/thediplomatinspain.com\\\/#organization\"},\"potentialAction\":[{\"@type\":\"SearchAction\",\"target\":{\"@type\":\"EntryPoint\",\"urlTemplate\":\"https:\\\/\\\/thediplomatinspain.com\\\/?s={search_term_string}\"},\"query-input\":{\"@type\":\"PropertyValueSpecification\",\"valueRequired\":true,\"valueName\":\"search_term_string\"}}],\"inLanguage\":\"en-US\"},{\"@type\":\"Organization\",\"@id\":\"https:\\\/\\\/thediplomatinspain.com\\\/#organization\",\"name\":\"thediplomatinspain.com\",\"url\":\"https:\\\/\\\/thediplomatinspain.com\\\/\",\"logo\":{\"@type\":\"ImageObject\",\"inLanguage\":\"en-US\",\"@id\":\"https:\\\/\\\/thediplomatinspain.com\\\/#\\\/schema\\\/logo\\\/image\\\/\",\"url\":\"https:\\\/\\\/thediplomatinspain.com\\\/wp-content\\\/uploads\\\/2024\\\/06\\\/logo_the_diplomat.png\",\"contentUrl\":\"https:\\\/\\\/thediplomatinspain.com\\\/wp-content\\\/uploads\\\/2024\\\/06\\\/logo_the_diplomat.png\",\"width\":284,\"height\":77,\"caption\":\"thediplomatinspain.com\"},\"image\":{\"@id\":\"https:\\\/\\\/thediplomatinspain.com\\\/#\\\/schema\\\/logo\\\/image\\\/\"},\"sameAs\":[\"https:\\\/\\\/www.facebook.com\\\/thediplomatinspain\",\"https:\\\/\\\/x.com\\\/diplomatinspain\",\"https:\\\/\\\/www.youtube.com\\\/channel\\\/UCK0mRqeeZDKdFeiFQZLcH2A\"]},{\"@type\":\"Person\",\"@id\":\"https:\\\/\\\/thediplomatinspain.com\\\/#\\\/schema\\\/person\\\/90d9b3004c2822bcbe64082dad885a9c\",\"name\":\"Redacci\u00f3n\",\"image\":{\"@type\":\"ImageObject\",\"inLanguage\":\"en-US\",\"@id\":\"https:\\\/\\\/secure.gravatar.com\\\/avatar\\\/6be270e1c81317331dd99c1537c17b9683039795b5a956c595769bfada5e7067?s=96&d=mm&r=g\",\"url\":\"https:\\\/\\\/secure.gravatar.com\\\/avatar\\\/6be270e1c81317331dd99c1537c17b9683039795b5a956c595769bfada5e7067?s=96&d=mm&r=g\",\"contentUrl\":\"https:\\\/\\\/secure.gravatar.com\\\/avatar\\\/6be270e1c81317331dd99c1537c17b9683039795b5a956c595769bfada5e7067?s=96&d=mm&r=g\",\"caption\":\"Redacci\u00f3n\"},\"sameAs\":[\"https:\\\/\\\/thediplomatinspain.com\\\/\"],\"url\":\"https:\\\/\\\/thediplomatinspain.com\\\/en\\\/author\\\/soportecibeles\\\/\"},{\"@type\":[\"Organization\",\"NewsMediaOrganization\"],\"@id\":\"https:\\\/\\\/thediplomatinspain.com\\\/en\\\/#organization\"},{\"@type\":\"SiteNavigationElement\",\"@id\":\"https:\\\/\\\/thediplomatinspain.com\\\/en\\\/#site-navigation\",\"cssSelector\":[\".cib-main-menu\"]},{\"@type\":\"WPHeader\",\"@id\":\"https:\\\/\\\/thediplomatinspain.com\\\/en\\\/#header\",\"cssSelector\":[\".cib-header\"]},{\"@type\":\"WPFooter\",\"@id\":\"https:\\\/\\\/thediplomatinspain.com\\\/en\\\/#footer\",\"cssSelector\":[\".cib-footer\"]}]}<\/script>\n<!-- \/ Yoast SEO plugin. -->","yoast_head_json":{"title":"Presentation of two books on Libya at Casa \u00c1rabe of Madrid - thediplomatinspain.com","robots":{"index":"index","follow":"follow","max-snippet":"max-snippet:-1","max-image-preview":"max-image-preview:large","max-video-preview":"max-video-preview:-1"},"canonical":"https:\/\/thediplomatinspain.com\/en\/2021\/02\/03\/presentation-of-two-books-on-libya-at-casa-arabe-of-madrid\/","og_locale":"en_US","og_type":"article","og_title":"Presentation of two books on Libya at Casa \u00c1rabe of Madrid - thediplomatinspain.com","og_description":"Casa \u00c1rabe presents two new publications on Libya: No sacred land for the vanquished and The Libyan Crossroads, 2011-2020.","og_url":"https:\/\/thediplomatinspain.com\/en\/2021\/02\/03\/presentation-of-two-books-on-libya-at-casa-arabe-of-madrid\/","og_site_name":"thediplomatinspain.com","article_publisher":"https:\/\/www.facebook.com\/thediplomatinspain","article_published_time":"2021-02-03T04:00:36+00:00","og_image":[{"width":220,"height":314,"url":"https:\/\/thediplomatinspain.com\/wp-content\/uploads\/2024\/05\/Libia-No-hay-tierra-sagrada-para-los-vencidos-de-Javier-Martin-ok.jpg","type":"image\/jpeg"}],"author":"Redacci\u00f3n","twitter_card":"summary_large_image","twitter_creator":"@diplomatinspain","twitter_site":"@diplomatinspain","twitter_misc":{"Written by":"Redacci\u00f3n","Est. reading time":"1 minute"},"schema":{"@context":"https:\/\/schema.org","@graph":[{"@type":"Article","@id":"https:\/\/thediplomatinspain.com\/en\/2021\/02\/03\/presentation-of-two-books-on-libya-at-casa-arabe-of-madrid\/#article","isPartOf":{"@id":"https:\/\/thediplomatinspain.com\/en\/2021\/02\/03\/presentation-of-two-books-on-libya-at-casa-arabe-of-madrid\/"},"author":{"name":"Redacci\u00f3n","@id":"https:\/\/thediplomatinspain.com\/#\/schema\/person\/90d9b3004c2822bcbe64082dad885a9c"},"headline":"Presentation of two books on Libya at Casa \u00c1rabe of Madrid","datePublished":"2021-02-03T04:00:36+00:00","mainEntityOfPage":{"@id":"https:\/\/thediplomatinspain.com\/en\/2021\/02\/03\/presentation-of-two-books-on-libya-at-casa-arabe-of-madrid\/"},"wordCount":208,"commentCount":0,"publisher":{"@id":"https:\/\/thediplomatinspain.com\/#organization"},"image":{"@id":"https:\/\/thediplomatinspain.com\/en\/2021\/02\/03\/presentation-of-two-books-on-libya-at-casa-arabe-of-madrid\/#primaryimage"},"thumbnailUrl":"https:\/\/thediplomatinspain.com\/wp-content\/uploads\/2024\/05\/Libia-No-hay-tierra-sagrada-para-los-vencidos-de-Javier-Martin-ok.jpg","articleSection":["Leisure"],"inLanguage":"en-US","potentialAction":[{"@type":"CommentAction","name":"Comment","target":["https:\/\/thediplomatinspain.com\/en\/2021\/02\/03\/presentation-of-two-books-on-libya-at-casa-arabe-of-madrid\/#respond"]}]},{"@type":"WebPage","@id":"https:\/\/thediplomatinspain.com\/en\/2021\/02\/03\/presentation-of-two-books-on-libya-at-casa-arabe-of-madrid\/","url":"https:\/\/thediplomatinspain.com\/en\/2021\/02\/03\/presentation-of-two-books-on-libya-at-casa-arabe-of-madrid\/","name":"Presentation of two books on Libya at Casa \u00c1rabe of Madrid - thediplomatinspain.com","isPartOf":{"@id":"https:\/\/thediplomatinspain.com\/#website"},"primaryImageOfPage":{"@id":"https:\/\/thediplomatinspain.com\/en\/2021\/02\/03\/presentation-of-two-books-on-libya-at-casa-arabe-of-madrid\/#primaryimage"},"image":{"@id":"https:\/\/thediplomatinspain.com\/en\/2021\/02\/03\/presentation-of-two-books-on-libya-at-casa-arabe-of-madrid\/#primaryimage"},"thumbnailUrl":"https:\/\/thediplomatinspain.com\/wp-content\/uploads\/2024\/05\/Libia-No-hay-tierra-sagrada-para-los-vencidos-de-Javier-Martin-ok.jpg","datePublished":"2021-02-03T04:00:36+00:00","breadcrumb":{"@id":"https:\/\/thediplomatinspain.com\/en\/2021\/02\/03\/presentation-of-two-books-on-libya-at-casa-arabe-of-madrid\/#breadcrumb"},"inLanguage":"en-US","potentialAction":[{"@type":"ReadAction","target":["https:\/\/thediplomatinspain.com\/en\/2021\/02\/03\/presentation-of-two-books-on-libya-at-casa-arabe-of-madrid\/"]}]},{"@type":"ImageObject","inLanguage":"en-US","@id":"https:\/\/thediplomatinspain.com\/en\/2021\/02\/03\/presentation-of-two-books-on-libya-at-casa-arabe-of-madrid\/#primaryimage","url":"https:\/\/thediplomatinspain.com\/wp-content\/uploads\/2024\/05\/Libia-No-hay-tierra-sagrada-para-los-vencidos-de-Javier-Martin-ok.jpg","contentUrl":"https:\/\/thediplomatinspain.com\/wp-content\/uploads\/2024\/05\/Libia-No-hay-tierra-sagrada-para-los-vencidos-de-Javier-Martin-ok.jpg","width":220,"height":314},{"@type":"BreadcrumbList","@id":"https:\/\/thediplomatinspain.com\/en\/2021\/02\/03\/presentation-of-two-books-on-libya-at-casa-arabe-of-madrid\/#breadcrumb","itemListElement":[{"@type":"ListItem","position":1,"name":"Portada","item":"https:\/\/thediplomatinspain.com\/en\/"},{"@type":"ListItem","position":2,"name":"Presentation of two books on Libya at Casa \u00c1rabe of Madrid"}]},{"@type":"WebSite","@id":"https:\/\/thediplomatinspain.com\/#website","url":"https:\/\/thediplomatinspain.com\/","name":"thediplomatinspain.com","description":"Diario digital de referencia para diplom\u00e1ticos y empresas","publisher":{"@id":"https:\/\/thediplomatinspain.com\/#organization"},"potentialAction":[{"@type":"SearchAction","target":{"@type":"EntryPoint","urlTemplate":"https:\/\/thediplomatinspain.com\/?s={search_term_string}"},"query-input":{"@type":"PropertyValueSpecification","valueRequired":true,"valueName":"search_term_string"}}],"inLanguage":"en-US"},{"@type":"Organization","@id":"https:\/\/thediplomatinspain.com\/#organization","name":"thediplomatinspain.com","url":"https:\/\/thediplomatinspain.com\/","logo":{"@type":"ImageObject","inLanguage":"en-US","@id":"https:\/\/thediplomatinspain.com\/#\/schema\/logo\/image\/","url":"https:\/\/thediplomatinspain.com\/wp-content\/uploads\/2024\/06\/logo_the_diplomat.png","contentUrl":"https:\/\/thediplomatinspain.com\/wp-content\/uploads\/2024\/06\/logo_the_diplomat.png","width":284,"height":77,"caption":"thediplomatinspain.com"},"image":{"@id":"https:\/\/thediplomatinspain.com\/#\/schema\/logo\/image\/"},"sameAs":["https:\/\/www.facebook.com\/thediplomatinspain","https:\/\/x.com\/diplomatinspain","https:\/\/www.youtube.com\/channel\/UCK0mRqeeZDKdFeiFQZLcH2A"]},{"@type":"Person","@id":"https:\/\/thediplomatinspain.com\/#\/schema\/person\/90d9b3004c2822bcbe64082dad885a9c","name":"Redacci\u00f3n","image":{"@type":"ImageObject","inLanguage":"en-US","@id":"https:\/\/secure.gravatar.com\/avatar\/6be270e1c81317331dd99c1537c17b9683039795b5a956c595769bfada5e7067?s=96&d=mm&r=g","url":"https:\/\/secure.gravatar.com\/avatar\/6be270e1c81317331dd99c1537c17b9683039795b5a956c595769bfada5e7067?s=96&d=mm&r=g","contentUrl":"https:\/\/secure.gravatar.com\/avatar\/6be270e1c81317331dd99c1537c17b9683039795b5a956c595769bfada5e7067?s=96&d=mm&r=g","caption":"Redacci\u00f3n"},"sameAs":["https:\/\/thediplomatinspain.com\/"],"url":"https:\/\/thediplomatinspain.com\/en\/author\/soportecibeles\/"},{"@type":["Organization","NewsMediaOrganization"],"@id":"https:\/\/thediplomatinspain.com\/en\/#organization"},{"@type":"SiteNavigationElement","@id":"https:\/\/thediplomatinspain.com\/en\/#site-navigation","cssSelector":[".cib-main-menu"]},{"@type":"WPHeader","@id":"https:\/\/thediplomatinspain.com\/en\/#header","cssSelector":[".cib-header"]},{"@type":"WPFooter","@id":"https:\/\/thediplomatinspain.com\/en\/#footer","cssSelector":[".cib-footer"]}]}},"amp_enabled":true,"_links":{"self":[{"href":"https:\/\/thediplomatinspain.com\/en\/wp-json\/wp\/v2\/posts\/72643","targetHints":{"allow":["GET"]}}],"collection":[{"href":"https:\/\/thediplomatinspain.com\/en\/wp-json\/wp\/v2\/posts"}],"about":[{"href":"https:\/\/thediplomatinspain.com\/en\/wp-json\/wp\/v2\/types\/post"}],"author":[{"embeddable":true,"href":"https:\/\/thediplomatinspain.com\/en\/wp-json\/wp\/v2\/users\/1"}],"replies":[{"embeddable":true,"href":"https:\/\/thediplomatinspain.com\/en\/wp-json\/wp\/v2\/comments?post=72643"}],"version-history":[{"count":0,"href":"https:\/\/thediplomatinspain.com\/en\/wp-json\/wp\/v2\/posts\/72643\/revisions"}],"wp:featuredmedia":[{"embeddable":true,"href":"https:\/\/thediplomatinspain.com\/en\/wp-json\/wp\/v2\/media\/56961"}],"wp:attachment":[{"href":"https:\/\/thediplomatinspain.com\/en\/wp-json\/wp\/v2\/media?parent=72643"}],"wp:term":[{"taxonomy":"category","embeddable":true,"href":"https:\/\/thediplomatinspain.com\/en\/wp-json\/wp\/v2\/categories?post=72643"},{"taxonomy":"post_tag","embeddable":true,"href":"https:\/\/thediplomatinspain.com\/en\/wp-json\/wp\/v2\/tags?post=72643"}],"curies":[{"name":"wp","href":"https:\/\/api.w.org\/{rel}","templated":true}]}}