{"id":72619,"date":"2021-01-31T05:07:48","date_gmt":"2021-01-31T04:07:48","guid":{"rendered":"https:\/\/zen-hopper.82-223-81-17.plesk.page\/2021\/01\/31\/the-teide-observatory-will-host-a-cutting-edge-telescope-project-funded-by-italy\/"},"modified":"2021-01-31T05:07:48","modified_gmt":"2021-01-31T04:07:48","slug":"the-teide-observatory-will-host-a-cutting-edge-telescope-project-funded-by-italy","status":"publish","type":"post","link":"https:\/\/thediplomatinspain.com\/en\/2021\/01\/31\/the-teide-observatory-will-host-a-cutting-edge-telescope-project-funded-by-italy\/","title":{"rendered":"The Teide Observatory will host a cutting-edge telescope project funded by Italy"},"content":{"rendered":"<h6><strong>The Diplomat<\/strong><\/h6>\n<p>&nbsp;<\/p>\n<h4><strong>The Instituto de Astrof\u00edsica de Canarias (IAC) has reached an agreement with its Italian counterpart, the Istituto Nazionale di Astrofisica (INAF), for the location at the Teide Observatory of a telescope project that will be entirely financed by Italy and which will represent the most advanced astrophysical installation at this Canary Islands centre in the last thirty years.<\/strong><\/h4>\n<p><strong>\u00a0<\/strong><\/p>\n<p>The agreement, which was signed on 22 December last in San Crist\u00f3bal de la Laguna (Santa Cruz de Tenerife) by the scientific heads of both institutes (Giovanni Pareschi, for INAF, and Ram\u00f3n Garc\u00eda L\u00f3pez, for the IAC), came into force on 7 January and was published last Friday in the Official State Gazette (BOE).<\/p>\n<p><strong>\u00a0<\/strong><\/p>\n<p>The purpose of the <strong>ASTRI project<\/strong> is to set up a network of between nine and twelve Cherenkov-type telescopes to study the universe in gamma rays using a technique for capturing atmospheric images with an energy range that has been practically unexplored to date.\u00a0 In addition, this facility will make it possible to observe the internal structure of the Teide volcano, which could provide new clues to its future evolution, according to the astrophysical centre.<\/p>\n<p><strong>\u00a0<\/strong><\/p>\n<p><strong>Spain opened the Canary Islands Observatories to the international scientific community in 1979<\/strong> with the signing of the international treaty Agreement on Cooperation in Astrophysics and its Protocol, to which Italy acceded in 1992. Under this treaty, Italy requested the IAC in 2019 to install the ASTRI telescopes at the Teide Observatory, which is considered an ideal site for this type of facility due to its internationally recognised quality, its low precipitable water vapour, the number of clear nights and its geographical location with respect to the northern hemisphere sky.<\/p>\n<p><strong>\u00a0<\/strong><\/p>\n<p>The operation of the ASTRIs is expected to start in early 2021 and continue for an initial period of four years, which could be extended by mutual agreement for a further four years. After the second period, any further extension will require the signature of a new agreement.<\/p>\n<p><strong>\u00a0<\/strong><\/p>\n<p>According to the IAC, <strong>the project will be &#8220;fully funded by Italy&#8221;.<\/strong> Specifically, for the duration of the agreement and its possible extensions, INAF will make a financial contribution to the IAC of 50,000 euros per year to finance the salary cost of each postdoctoral position and a further 27,000 euros per year for the salary cost of each PhD student. This includes the payment of 7,700 euros per year for the first telescope and a further 7,700 euros per year for each subsequent telescope, bringing the total financial obligation for this item to 69,300 euros per year once all nine telescopes have been installed. As for electricity consumption, INAF will have to pay an amount of approximately another 7,500 euros per year for each telescope.<\/p>\n<p>&nbsp;<\/p>\n<p>&nbsp;<\/p>\n","protected":false},"excerpt":{"rendered":"<p>The Instituto de Astrof\u00edsica de Canarias (IAC) has reached an agreement with its Italian counterpart, the Istituto Nazionale di Astrofisica (INAF), for the location at the Teide Observatory of a telescope project that will be entirely financed by Italy and which will represent the most advanced astrophysical installation at this Canary Islands centre in the last thirty years.<\/p>\n","protected":false},"author":1,"featured_media":56937,"comment_status":"open","ping_status":"open","sticky":false,"template":"","format":"standard","meta":{"jnews-multi-image_gallery":[],"jnews_single_post":[],"jnews_primary_category":[],"jnews_social_meta":[],"jnews_override_counter":[],"jnews_post_split":[],"footnotes":""},"categories":[106,158,159,162],"tags":[],"class_list":["post-72619","post","type-post","status-publish","format-standard","has-post-thumbnail","hentry","category-frontpage","category-frontpage-en","category-news","category-the-world-in-spain"],"yoast_head":"<!-- This site is optimized with the Yoast SEO plugin v27.4 - https:\/\/yoast.com\/product\/yoast-seo-wordpress\/ -->\n<title>The Teide Observatory will host a cutting-edge telescope project funded by Italy - thediplomatinspain.com<\/title>\n<meta name=\"robots\" content=\"index, follow, max-snippet:-1, max-image-preview:large, max-video-preview:-1\" \/>\n<link rel=\"canonical\" href=\"https:\/\/thediplomatinspain.com\/en\/2021\/01\/31\/the-teide-observatory-will-host-a-cutting-edge-telescope-project-funded-by-italy\/\" \/>\n<meta property=\"og:locale\" content=\"en_US\" \/>\n<meta property=\"og:type\" content=\"article\" \/>\n<meta property=\"og:title\" content=\"The Teide Observatory will host a cutting-edge telescope project funded by Italy - thediplomatinspain.com\" \/>\n<meta property=\"og:description\" content=\"The Instituto de Astrof\u00edsica de Canarias (IAC) has reached an agreement with its Italian counterpart, the Istituto Nazionale di Astrofisica (INAF), for the location at the Teide Observatory of a telescope project that will be entirely financed by Italy and which will represent the most advanced astrophysical installation at this Canary Islands centre in the last thirty years.\" \/>\n<meta property=\"og:url\" content=\"https:\/\/thediplomatinspain.com\/en\/2021\/01\/31\/the-teide-observatory-will-host-a-cutting-edge-telescope-project-funded-by-italy\/\" \/>\n<meta property=\"og:site_name\" content=\"thediplomatinspain.com\" \/>\n<meta property=\"article:publisher\" content=\"https:\/\/www.facebook.com\/thediplomatinspain\" \/>\n<meta property=\"article:published_time\" content=\"2021-01-31T04:07:48+00:00\" \/>\n<meta property=\"og:image\" content=\"https:\/\/thediplomatinspain.com\/wp-content\/uploads\/2024\/05\/Observatorio-del-Teide.jpg\" \/>\n\t<meta property=\"og:image:width\" content=\"750\" \/>\n\t<meta property=\"og:image:height\" content=\"483\" \/>\n\t<meta property=\"og:image:type\" content=\"image\/jpeg\" \/>\n<meta name=\"author\" content=\"Redacci\u00f3n\" \/>\n<meta name=\"twitter:card\" content=\"summary_large_image\" \/>\n<meta name=\"twitter:creator\" content=\"@diplomatinspain\" \/>\n<meta name=\"twitter:site\" content=\"@diplomatinspain\" \/>\n<meta name=\"twitter:label1\" content=\"Written by\" \/>\n\t<meta name=\"twitter:data1\" content=\"Redacci\u00f3n\" \/>\n\t<meta name=\"twitter:label2\" content=\"Est. reading time\" \/>\n\t<meta name=\"twitter:data2\" content=\"2 minutes\" \/>\n<script type=\"application\/ld+json\" class=\"yoast-schema-graph\">{\"@context\":\"https:\\\/\\\/schema.org\",\"@graph\":[{\"@type\":\"Article\",\"@id\":\"https:\\\/\\\/thediplomatinspain.com\\\/en\\\/2021\\\/01\\\/31\\\/the-teide-observatory-will-host-a-cutting-edge-telescope-project-funded-by-italy\\\/#article\",\"isPartOf\":{\"@id\":\"https:\\\/\\\/thediplomatinspain.com\\\/en\\\/2021\\\/01\\\/31\\\/the-teide-observatory-will-host-a-cutting-edge-telescope-project-funded-by-italy\\\/\"},\"author\":{\"name\":\"Redacci\u00f3n\",\"@id\":\"https:\\\/\\\/thediplomatinspain.com\\\/#\\\/schema\\\/person\\\/90d9b3004c2822bcbe64082dad885a9c\"},\"headline\":\"The Teide Observatory will host a cutting-edge telescope project funded by Italy\",\"datePublished\":\"2021-01-31T04:07:48+00:00\",\"mainEntityOfPage\":{\"@id\":\"https:\\\/\\\/thediplomatinspain.com\\\/en\\\/2021\\\/01\\\/31\\\/the-teide-observatory-will-host-a-cutting-edge-telescope-project-funded-by-italy\\\/\"},\"wordCount\":461,\"commentCount\":0,\"publisher\":{\"@id\":\"https:\\\/\\\/thediplomatinspain.com\\\/#organization\"},\"image\":{\"@id\":\"https:\\\/\\\/thediplomatinspain.com\\\/en\\\/2021\\\/01\\\/31\\\/the-teide-observatory-will-host-a-cutting-edge-telescope-project-funded-by-italy\\\/#primaryimage\"},\"thumbnailUrl\":\"https:\\\/\\\/thediplomatinspain.com\\\/wp-content\\\/uploads\\\/2024\\\/05\\\/Observatorio-del-Teide.jpg\",\"articleSection\":[\"Frontpage\",\"Frontpage\",\"News\",\"The world in Spain\"],\"inLanguage\":\"en-US\",\"potentialAction\":[{\"@type\":\"CommentAction\",\"name\":\"Comment\",\"target\":[\"https:\\\/\\\/thediplomatinspain.com\\\/en\\\/2021\\\/01\\\/31\\\/the-teide-observatory-will-host-a-cutting-edge-telescope-project-funded-by-italy\\\/#respond\"]}]},{\"@type\":\"WebPage\",\"@id\":\"https:\\\/\\\/thediplomatinspain.com\\\/en\\\/2021\\\/01\\\/31\\\/the-teide-observatory-will-host-a-cutting-edge-telescope-project-funded-by-italy\\\/\",\"url\":\"https:\\\/\\\/thediplomatinspain.com\\\/en\\\/2021\\\/01\\\/31\\\/the-teide-observatory-will-host-a-cutting-edge-telescope-project-funded-by-italy\\\/\",\"name\":\"The Teide Observatory will host a cutting-edge telescope project funded by Italy - thediplomatinspain.com\",\"isPartOf\":{\"@id\":\"https:\\\/\\\/thediplomatinspain.com\\\/#website\"},\"primaryImageOfPage\":{\"@id\":\"https:\\\/\\\/thediplomatinspain.com\\\/en\\\/2021\\\/01\\\/31\\\/the-teide-observatory-will-host-a-cutting-edge-telescope-project-funded-by-italy\\\/#primaryimage\"},\"image\":{\"@id\":\"https:\\\/\\\/thediplomatinspain.com\\\/en\\\/2021\\\/01\\\/31\\\/the-teide-observatory-will-host-a-cutting-edge-telescope-project-funded-by-italy\\\/#primaryimage\"},\"thumbnailUrl\":\"https:\\\/\\\/thediplomatinspain.com\\\/wp-content\\\/uploads\\\/2024\\\/05\\\/Observatorio-del-Teide.jpg\",\"datePublished\":\"2021-01-31T04:07:48+00:00\",\"breadcrumb\":{\"@id\":\"https:\\\/\\\/thediplomatinspain.com\\\/en\\\/2021\\\/01\\\/31\\\/the-teide-observatory-will-host-a-cutting-edge-telescope-project-funded-by-italy\\\/#breadcrumb\"},\"inLanguage\":\"en-US\",\"potentialAction\":[{\"@type\":\"ReadAction\",\"target\":[\"https:\\\/\\\/thediplomatinspain.com\\\/en\\\/2021\\\/01\\\/31\\\/the-teide-observatory-will-host-a-cutting-edge-telescope-project-funded-by-italy\\\/\"]}]},{\"@type\":\"ImageObject\",\"inLanguage\":\"en-US\",\"@id\":\"https:\\\/\\\/thediplomatinspain.com\\\/en\\\/2021\\\/01\\\/31\\\/the-teide-observatory-will-host-a-cutting-edge-telescope-project-funded-by-italy\\\/#primaryimage\",\"url\":\"https:\\\/\\\/thediplomatinspain.com\\\/wp-content\\\/uploads\\\/2024\\\/05\\\/Observatorio-del-Teide.jpg\",\"contentUrl\":\"https:\\\/\\\/thediplomatinspain.com\\\/wp-content\\\/uploads\\\/2024\\\/05\\\/Observatorio-del-Teide.jpg\",\"width\":750,\"height\":483,\"caption\":\"Teide Observatory. \\\/ Photo: IAC\"},{\"@type\":\"BreadcrumbList\",\"@id\":\"https:\\\/\\\/thediplomatinspain.com\\\/en\\\/2021\\\/01\\\/31\\\/the-teide-observatory-will-host-a-cutting-edge-telescope-project-funded-by-italy\\\/#breadcrumb\",\"itemListElement\":[{\"@type\":\"ListItem\",\"position\":1,\"name\":\"Portada\",\"item\":\"https:\\\/\\\/thediplomatinspain.com\\\/en\\\/\"},{\"@type\":\"ListItem\",\"position\":2,\"name\":\"The Teide Observatory will host a cutting-edge telescope project funded by Italy\"}]},{\"@type\":\"WebSite\",\"@id\":\"https:\\\/\\\/thediplomatinspain.com\\\/#website\",\"url\":\"https:\\\/\\\/thediplomatinspain.com\\\/\",\"name\":\"thediplomatinspain.com\",\"description\":\"Diario digital de referencia para diplom\u00e1ticos y empresas\",\"publisher\":{\"@id\":\"https:\\\/\\\/thediplomatinspain.com\\\/#organization\"},\"potentialAction\":[{\"@type\":\"SearchAction\",\"target\":{\"@type\":\"EntryPoint\",\"urlTemplate\":\"https:\\\/\\\/thediplomatinspain.com\\\/?s={search_term_string}\"},\"query-input\":{\"@type\":\"PropertyValueSpecification\",\"valueRequired\":true,\"valueName\":\"search_term_string\"}}],\"inLanguage\":\"en-US\"},{\"@type\":\"Organization\",\"@id\":\"https:\\\/\\\/thediplomatinspain.com\\\/#organization\",\"name\":\"thediplomatinspain.com\",\"url\":\"https:\\\/\\\/thediplomatinspain.com\\\/\",\"logo\":{\"@type\":\"ImageObject\",\"inLanguage\":\"en-US\",\"@id\":\"https:\\\/\\\/thediplomatinspain.com\\\/#\\\/schema\\\/logo\\\/image\\\/\",\"url\":\"https:\\\/\\\/thediplomatinspain.com\\\/wp-content\\\/uploads\\\/2024\\\/06\\\/logo_the_diplomat.png\",\"contentUrl\":\"https:\\\/\\\/thediplomatinspain.com\\\/wp-content\\\/uploads\\\/2024\\\/06\\\/logo_the_diplomat.png\",\"width\":284,\"height\":77,\"caption\":\"thediplomatinspain.com\"},\"image\":{\"@id\":\"https:\\\/\\\/thediplomatinspain.com\\\/#\\\/schema\\\/logo\\\/image\\\/\"},\"sameAs\":[\"https:\\\/\\\/www.facebook.com\\\/thediplomatinspain\",\"https:\\\/\\\/x.com\\\/diplomatinspain\",\"https:\\\/\\\/www.youtube.com\\\/channel\\\/UCK0mRqeeZDKdFeiFQZLcH2A\"]},{\"@type\":\"Person\",\"@id\":\"https:\\\/\\\/thediplomatinspain.com\\\/#\\\/schema\\\/person\\\/90d9b3004c2822bcbe64082dad885a9c\",\"name\":\"Redacci\u00f3n\",\"image\":{\"@type\":\"ImageObject\",\"inLanguage\":\"en-US\",\"@id\":\"https:\\\/\\\/secure.gravatar.com\\\/avatar\\\/6be270e1c81317331dd99c1537c17b9683039795b5a956c595769bfada5e7067?s=96&d=mm&r=g\",\"url\":\"https:\\\/\\\/secure.gravatar.com\\\/avatar\\\/6be270e1c81317331dd99c1537c17b9683039795b5a956c595769bfada5e7067?s=96&d=mm&r=g\",\"contentUrl\":\"https:\\\/\\\/secure.gravatar.com\\\/avatar\\\/6be270e1c81317331dd99c1537c17b9683039795b5a956c595769bfada5e7067?s=96&d=mm&r=g\",\"caption\":\"Redacci\u00f3n\"},\"sameAs\":[\"https:\\\/\\\/thediplomatinspain.com\\\/\"],\"url\":\"https:\\\/\\\/thediplomatinspain.com\\\/en\\\/author\\\/soportecibeles\\\/\"},{\"@type\":[\"Organization\",\"NewsMediaOrganization\"],\"@id\":\"https:\\\/\\\/thediplomatinspain.com\\\/en\\\/#organization\"},{\"@type\":\"SiteNavigationElement\",\"@id\":\"https:\\\/\\\/thediplomatinspain.com\\\/en\\\/#site-navigation\",\"cssSelector\":[\".cib-main-menu\"]},{\"@type\":\"WPHeader\",\"@id\":\"https:\\\/\\\/thediplomatinspain.com\\\/en\\\/#header\",\"cssSelector\":[\".cib-header\"]},{\"@type\":\"WPFooter\",\"@id\":\"https:\\\/\\\/thediplomatinspain.com\\\/en\\\/#footer\",\"cssSelector\":[\".cib-footer\"]}]}<\/script>\n<!-- \/ Yoast SEO plugin. -->","yoast_head_json":{"title":"The Teide Observatory will host a cutting-edge telescope project funded by Italy - thediplomatinspain.com","robots":{"index":"index","follow":"follow","max-snippet":"max-snippet:-1","max-image-preview":"max-image-preview:large","max-video-preview":"max-video-preview:-1"},"canonical":"https:\/\/thediplomatinspain.com\/en\/2021\/01\/31\/the-teide-observatory-will-host-a-cutting-edge-telescope-project-funded-by-italy\/","og_locale":"en_US","og_type":"article","og_title":"The Teide Observatory will host a cutting-edge telescope project funded by Italy - thediplomatinspain.com","og_description":"The Instituto de Astrof\u00edsica de Canarias (IAC) has reached an agreement with its Italian counterpart, the Istituto Nazionale di Astrofisica (INAF), for the location at the Teide Observatory of a telescope project that will be entirely financed by Italy and which will represent the most advanced astrophysical installation at this Canary Islands centre in the last thirty years.","og_url":"https:\/\/thediplomatinspain.com\/en\/2021\/01\/31\/the-teide-observatory-will-host-a-cutting-edge-telescope-project-funded-by-italy\/","og_site_name":"thediplomatinspain.com","article_publisher":"https:\/\/www.facebook.com\/thediplomatinspain","article_published_time":"2021-01-31T04:07:48+00:00","og_image":[{"width":750,"height":483,"url":"https:\/\/thediplomatinspain.com\/wp-content\/uploads\/2024\/05\/Observatorio-del-Teide.jpg","type":"image\/jpeg"}],"author":"Redacci\u00f3n","twitter_card":"summary_large_image","twitter_creator":"@diplomatinspain","twitter_site":"@diplomatinspain","twitter_misc":{"Written by":"Redacci\u00f3n","Est. reading time":"2 minutes"},"schema":{"@context":"https:\/\/schema.org","@graph":[{"@type":"Article","@id":"https:\/\/thediplomatinspain.com\/en\/2021\/01\/31\/the-teide-observatory-will-host-a-cutting-edge-telescope-project-funded-by-italy\/#article","isPartOf":{"@id":"https:\/\/thediplomatinspain.com\/en\/2021\/01\/31\/the-teide-observatory-will-host-a-cutting-edge-telescope-project-funded-by-italy\/"},"author":{"name":"Redacci\u00f3n","@id":"https:\/\/thediplomatinspain.com\/#\/schema\/person\/90d9b3004c2822bcbe64082dad885a9c"},"headline":"The Teide Observatory will host a cutting-edge telescope project funded by Italy","datePublished":"2021-01-31T04:07:48+00:00","mainEntityOfPage":{"@id":"https:\/\/thediplomatinspain.com\/en\/2021\/01\/31\/the-teide-observatory-will-host-a-cutting-edge-telescope-project-funded-by-italy\/"},"wordCount":461,"commentCount":0,"publisher":{"@id":"https:\/\/thediplomatinspain.com\/#organization"},"image":{"@id":"https:\/\/thediplomatinspain.com\/en\/2021\/01\/31\/the-teide-observatory-will-host-a-cutting-edge-telescope-project-funded-by-italy\/#primaryimage"},"thumbnailUrl":"https:\/\/thediplomatinspain.com\/wp-content\/uploads\/2024\/05\/Observatorio-del-Teide.jpg","articleSection":["Frontpage","Frontpage","News","The world in Spain"],"inLanguage":"en-US","potentialAction":[{"@type":"CommentAction","name":"Comment","target":["https:\/\/thediplomatinspain.com\/en\/2021\/01\/31\/the-teide-observatory-will-host-a-cutting-edge-telescope-project-funded-by-italy\/#respond"]}]},{"@type":"WebPage","@id":"https:\/\/thediplomatinspain.com\/en\/2021\/01\/31\/the-teide-observatory-will-host-a-cutting-edge-telescope-project-funded-by-italy\/","url":"https:\/\/thediplomatinspain.com\/en\/2021\/01\/31\/the-teide-observatory-will-host-a-cutting-edge-telescope-project-funded-by-italy\/","name":"The Teide Observatory will host a cutting-edge telescope project funded by Italy - thediplomatinspain.com","isPartOf":{"@id":"https:\/\/thediplomatinspain.com\/#website"},"primaryImageOfPage":{"@id":"https:\/\/thediplomatinspain.com\/en\/2021\/01\/31\/the-teide-observatory-will-host-a-cutting-edge-telescope-project-funded-by-italy\/#primaryimage"},"image":{"@id":"https:\/\/thediplomatinspain.com\/en\/2021\/01\/31\/the-teide-observatory-will-host-a-cutting-edge-telescope-project-funded-by-italy\/#primaryimage"},"thumbnailUrl":"https:\/\/thediplomatinspain.com\/wp-content\/uploads\/2024\/05\/Observatorio-del-Teide.jpg","datePublished":"2021-01-31T04:07:48+00:00","breadcrumb":{"@id":"https:\/\/thediplomatinspain.com\/en\/2021\/01\/31\/the-teide-observatory-will-host-a-cutting-edge-telescope-project-funded-by-italy\/#breadcrumb"},"inLanguage":"en-US","potentialAction":[{"@type":"ReadAction","target":["https:\/\/thediplomatinspain.com\/en\/2021\/01\/31\/the-teide-observatory-will-host-a-cutting-edge-telescope-project-funded-by-italy\/"]}]},{"@type":"ImageObject","inLanguage":"en-US","@id":"https:\/\/thediplomatinspain.com\/en\/2021\/01\/31\/the-teide-observatory-will-host-a-cutting-edge-telescope-project-funded-by-italy\/#primaryimage","url":"https:\/\/thediplomatinspain.com\/wp-content\/uploads\/2024\/05\/Observatorio-del-Teide.jpg","contentUrl":"https:\/\/thediplomatinspain.com\/wp-content\/uploads\/2024\/05\/Observatorio-del-Teide.jpg","width":750,"height":483,"caption":"Teide Observatory. \/ Photo: IAC"},{"@type":"BreadcrumbList","@id":"https:\/\/thediplomatinspain.com\/en\/2021\/01\/31\/the-teide-observatory-will-host-a-cutting-edge-telescope-project-funded-by-italy\/#breadcrumb","itemListElement":[{"@type":"ListItem","position":1,"name":"Portada","item":"https:\/\/thediplomatinspain.com\/en\/"},{"@type":"ListItem","position":2,"name":"The Teide Observatory will host a cutting-edge telescope project funded by Italy"}]},{"@type":"WebSite","@id":"https:\/\/thediplomatinspain.com\/#website","url":"https:\/\/thediplomatinspain.com\/","name":"thediplomatinspain.com","description":"Diario digital de referencia para diplom\u00e1ticos y empresas","publisher":{"@id":"https:\/\/thediplomatinspain.com\/#organization"},"potentialAction":[{"@type":"SearchAction","target":{"@type":"EntryPoint","urlTemplate":"https:\/\/thediplomatinspain.com\/?s={search_term_string}"},"query-input":{"@type":"PropertyValueSpecification","valueRequired":true,"valueName":"search_term_string"}}],"inLanguage":"en-US"},{"@type":"Organization","@id":"https:\/\/thediplomatinspain.com\/#organization","name":"thediplomatinspain.com","url":"https:\/\/thediplomatinspain.com\/","logo":{"@type":"ImageObject","inLanguage":"en-US","@id":"https:\/\/thediplomatinspain.com\/#\/schema\/logo\/image\/","url":"https:\/\/thediplomatinspain.com\/wp-content\/uploads\/2024\/06\/logo_the_diplomat.png","contentUrl":"https:\/\/thediplomatinspain.com\/wp-content\/uploads\/2024\/06\/logo_the_diplomat.png","width":284,"height":77,"caption":"thediplomatinspain.com"},"image":{"@id":"https:\/\/thediplomatinspain.com\/#\/schema\/logo\/image\/"},"sameAs":["https:\/\/www.facebook.com\/thediplomatinspain","https:\/\/x.com\/diplomatinspain","https:\/\/www.youtube.com\/channel\/UCK0mRqeeZDKdFeiFQZLcH2A"]},{"@type":"Person","@id":"https:\/\/thediplomatinspain.com\/#\/schema\/person\/90d9b3004c2822bcbe64082dad885a9c","name":"Redacci\u00f3n","image":{"@type":"ImageObject","inLanguage":"en-US","@id":"https:\/\/secure.gravatar.com\/avatar\/6be270e1c81317331dd99c1537c17b9683039795b5a956c595769bfada5e7067?s=96&d=mm&r=g","url":"https:\/\/secure.gravatar.com\/avatar\/6be270e1c81317331dd99c1537c17b9683039795b5a956c595769bfada5e7067?s=96&d=mm&r=g","contentUrl":"https:\/\/secure.gravatar.com\/avatar\/6be270e1c81317331dd99c1537c17b9683039795b5a956c595769bfada5e7067?s=96&d=mm&r=g","caption":"Redacci\u00f3n"},"sameAs":["https:\/\/thediplomatinspain.com\/"],"url":"https:\/\/thediplomatinspain.com\/en\/author\/soportecibeles\/"},{"@type":["Organization","NewsMediaOrganization"],"@id":"https:\/\/thediplomatinspain.com\/en\/#organization"},{"@type":"SiteNavigationElement","@id":"https:\/\/thediplomatinspain.com\/en\/#site-navigation","cssSelector":[".cib-main-menu"]},{"@type":"WPHeader","@id":"https:\/\/thediplomatinspain.com\/en\/#header","cssSelector":[".cib-header"]},{"@type":"WPFooter","@id":"https:\/\/thediplomatinspain.com\/en\/#footer","cssSelector":[".cib-footer"]}]}},"amp_enabled":true,"_links":{"self":[{"href":"https:\/\/thediplomatinspain.com\/en\/wp-json\/wp\/v2\/posts\/72619","targetHints":{"allow":["GET"]}}],"collection":[{"href":"https:\/\/thediplomatinspain.com\/en\/wp-json\/wp\/v2\/posts"}],"about":[{"href":"https:\/\/thediplomatinspain.com\/en\/wp-json\/wp\/v2\/types\/post"}],"author":[{"embeddable":true,"href":"https:\/\/thediplomatinspain.com\/en\/wp-json\/wp\/v2\/users\/1"}],"replies":[{"embeddable":true,"href":"https:\/\/thediplomatinspain.com\/en\/wp-json\/wp\/v2\/comments?post=72619"}],"version-history":[{"count":0,"href":"https:\/\/thediplomatinspain.com\/en\/wp-json\/wp\/v2\/posts\/72619\/revisions"}],"wp:featuredmedia":[{"embeddable":true,"href":"https:\/\/thediplomatinspain.com\/en\/wp-json\/wp\/v2\/media\/56937"}],"wp:attachment":[{"href":"https:\/\/thediplomatinspain.com\/en\/wp-json\/wp\/v2\/media?parent=72619"}],"wp:term":[{"taxonomy":"category","embeddable":true,"href":"https:\/\/thediplomatinspain.com\/en\/wp-json\/wp\/v2\/categories?post=72619"},{"taxonomy":"post_tag","embeddable":true,"href":"https:\/\/thediplomatinspain.com\/en\/wp-json\/wp\/v2\/tags?post=72619"}],"curies":[{"name":"wp","href":"https:\/\/api.w.org\/{rel}","templated":true}]}}