{"id":72614,"date":"2021-01-29T05:04:10","date_gmt":"2021-01-29T04:04:10","guid":{"rendered":"https:\/\/zen-hopper.82-223-81-17.plesk.page\/2021\/01\/29\/economist-jose-juan-ruiz-new-president-of-the-elcano-royal-institute\/"},"modified":"2021-01-29T05:04:10","modified_gmt":"2021-01-29T04:04:10","slug":"economist-jose-juan-ruiz-new-president-of-the-elcano-royal-institute","status":"publish","type":"post","link":"https:\/\/thediplomatinspain.com\/en\/2021\/01\/29\/economist-jose-juan-ruiz-new-president-of-the-elcano-royal-institute\/","title":{"rendered":"Economist Jos\u00e9 Juan Ruiz, new president of the Elcano Royal Institute"},"content":{"rendered":"<h6><strong>The Diplomat<\/strong><\/h6>\n<p>&nbsp;<\/p>\n<p>The economist <strong>Jos\u00e9 Juan Ruiz G\u00f3mez<\/strong> will be the <strong>new president of the Elcano Royal Institute<\/strong>, following <strong>Jaime Lamo de Espinosa&#8217;s decision to resign<\/strong> from the post at the end of last December.<\/p>\n<p>&nbsp;<\/p>\n<p>Jos\u00e9 Juan Ruiz holds a degree in Economics from the Universidad Aut\u00f3noma and is a member of the Corps of Commercial Technicians and Economists of the State.<\/p>\n<p>&nbsp;<\/p>\n<p>A consultant on macroeconomic issues and Latin American markets and a regular columnist for the newspaper &#8220;El Pa\u00eds&#8221;, Jos\u00e9 Juan Ruiz has been a member, in his personal capacity, of the Scientific Committee of the Real Instituto Elcano since 2012. Until that date, he had spent several years on the Board of Directors of the &#8220;think tank&#8221;, representing Banco de Santander, for which he worked in its Latin America division.<\/p>\n<p>&nbsp;<\/p>\n<p>Between 2012 and 2018, Jos\u00e9 Juan Ruiz <strong>was chief economist and head of the Research Department of the Inter-American Development Bank (IDB)<\/strong>, a department from which new ideas are generated to support the public policies of the institution and its member countries.<\/p>\n<p>&nbsp;<\/p>\n<p>Ruiz G\u00f3mez also held various government positions in the Ministries of Economy, Finance and Trade. He was Secretary General for International Economy and Competition and Chairman of the Economic Policy Committee of the European Union from 1991 to 1993. He was also responsible for Spain&#8217;s relations with the OECD, the IMF and the World Bank, where he acted as a consultant.<\/p>\n<p>&nbsp;<\/p>\n<p>&nbsp;<\/p>\n","protected":false},"excerpt":{"rendered":"<p>The economist Jos\u00e9 Juan Ruiz G\u00f3mez will be the new president of the Elcano Royal Institute, following Jaime Lamo de Espinosa&#8217;s decision to resign from the post at the<\/p>\n","protected":false},"author":1,"featured_media":56930,"comment_status":"open","ping_status":"open","sticky":false,"template":"","format":"standard","meta":{"jnews-multi-image_gallery":[],"jnews_single_post":[],"jnews_primary_category":[],"jnews_social_meta":[],"jnews_override_counter":[],"jnews_post_split":[],"footnotes":""},"categories":[159,182,165,186],"tags":[],"class_list":["post-72614","post","type-post","status-publish","format-standard","has-post-thumbnail","hentry","category-news","category-subscribers","category-the-bag-en","category-valija-diplomatica-2"],"yoast_head":"<!-- This site is optimized with the Yoast SEO plugin v27.4 - https:\/\/yoast.com\/product\/yoast-seo-wordpress\/ -->\n<title>Economist Jos\u00e9 Juan Ruiz, new president of the Elcano Royal Institute - thediplomatinspain.com<\/title>\n<meta name=\"robots\" content=\"index, follow, max-snippet:-1, max-image-preview:large, max-video-preview:-1\" \/>\n<link rel=\"canonical\" href=\"https:\/\/thediplomatinspain.com\/en\/2021\/01\/29\/economist-jose-juan-ruiz-new-president-of-the-elcano-royal-institute\/\" \/>\n<meta property=\"og:locale\" content=\"en_US\" \/>\n<meta property=\"og:type\" content=\"article\" \/>\n<meta property=\"og:title\" content=\"Economist Jos\u00e9 Juan Ruiz, new president of the Elcano Royal Institute - thediplomatinspain.com\" \/>\n<meta property=\"og:description\" content=\"The economist Jos\u00e9 Juan Ruiz G\u00f3mez will be the new president of the Elcano Royal Institute, following Jaime Lamo de Espinosa&#039;s decision to resign from the post at the\" \/>\n<meta property=\"og:url\" content=\"https:\/\/thediplomatinspain.com\/en\/2021\/01\/29\/economist-jose-juan-ruiz-new-president-of-the-elcano-royal-institute\/\" \/>\n<meta property=\"og:site_name\" content=\"thediplomatinspain.com\" \/>\n<meta property=\"article:publisher\" content=\"https:\/\/www.facebook.com\/thediplomatinspain\" \/>\n<meta property=\"article:published_time\" content=\"2021-01-29T04:04:10+00:00\" \/>\n<meta property=\"og:image\" content=\"https:\/\/thediplomatinspain.com\/wp-content\/uploads\/2024\/05\/Jose-Juan-Ruiz.jpg\" \/>\n\t<meta property=\"og:image:width\" content=\"750\" \/>\n\t<meta property=\"og:image:height\" content=\"429\" \/>\n\t<meta property=\"og:image:type\" content=\"image\/jpeg\" \/>\n<meta name=\"author\" content=\"Redacci\u00f3n\" \/>\n<meta name=\"twitter:card\" content=\"summary_large_image\" \/>\n<meta name=\"twitter:creator\" content=\"@diplomatinspain\" \/>\n<meta name=\"twitter:site\" content=\"@diplomatinspain\" \/>\n<meta name=\"twitter:label1\" content=\"Written by\" \/>\n\t<meta name=\"twitter:data1\" content=\"Redacci\u00f3n\" \/>\n\t<meta name=\"twitter:label2\" content=\"Est. reading time\" \/>\n\t<meta name=\"twitter:data2\" content=\"1 minute\" \/>\n<script type=\"application\/ld+json\" class=\"yoast-schema-graph\">{\"@context\":\"https:\\\/\\\/schema.org\",\"@graph\":[{\"@type\":\"Article\",\"@id\":\"https:\\\/\\\/thediplomatinspain.com\\\/en\\\/2021\\\/01\\\/29\\\/economist-jose-juan-ruiz-new-president-of-the-elcano-royal-institute\\\/#article\",\"isPartOf\":{\"@id\":\"https:\\\/\\\/thediplomatinspain.com\\\/en\\\/2021\\\/01\\\/29\\\/economist-jose-juan-ruiz-new-president-of-the-elcano-royal-institute\\\/\"},\"author\":{\"name\":\"Redacci\u00f3n\",\"@id\":\"https:\\\/\\\/thediplomatinspain.com\\\/#\\\/schema\\\/person\\\/90d9b3004c2822bcbe64082dad885a9c\"},\"headline\":\"Economist Jos\u00e9 Juan Ruiz, new president of the Elcano Royal Institute\",\"datePublished\":\"2021-01-29T04:04:10+00:00\",\"mainEntityOfPage\":{\"@id\":\"https:\\\/\\\/thediplomatinspain.com\\\/en\\\/2021\\\/01\\\/29\\\/economist-jose-juan-ruiz-new-president-of-the-elcano-royal-institute\\\/\"},\"wordCount\":254,\"commentCount\":0,\"publisher\":{\"@id\":\"https:\\\/\\\/thediplomatinspain.com\\\/#organization\"},\"image\":{\"@id\":\"https:\\\/\\\/thediplomatinspain.com\\\/en\\\/2021\\\/01\\\/29\\\/economist-jose-juan-ruiz-new-president-of-the-elcano-royal-institute\\\/#primaryimage\"},\"thumbnailUrl\":\"https:\\\/\\\/thediplomatinspain.com\\\/wp-content\\\/uploads\\\/2024\\\/05\\\/Jose-Juan-Ruiz.jpg\",\"articleSection\":[\"News\",\"Subscribers\",\"The bag\",\"Valija Diplom\u00e1tica\"],\"inLanguage\":\"en-US\",\"potentialAction\":[{\"@type\":\"CommentAction\",\"name\":\"Comment\",\"target\":[\"https:\\\/\\\/thediplomatinspain.com\\\/en\\\/2021\\\/01\\\/29\\\/economist-jose-juan-ruiz-new-president-of-the-elcano-royal-institute\\\/#respond\"]}]},{\"@type\":\"WebPage\",\"@id\":\"https:\\\/\\\/thediplomatinspain.com\\\/en\\\/2021\\\/01\\\/29\\\/economist-jose-juan-ruiz-new-president-of-the-elcano-royal-institute\\\/\",\"url\":\"https:\\\/\\\/thediplomatinspain.com\\\/en\\\/2021\\\/01\\\/29\\\/economist-jose-juan-ruiz-new-president-of-the-elcano-royal-institute\\\/\",\"name\":\"Economist Jos\u00e9 Juan Ruiz, new president of the Elcano Royal Institute - thediplomatinspain.com\",\"isPartOf\":{\"@id\":\"https:\\\/\\\/thediplomatinspain.com\\\/#website\"},\"primaryImageOfPage\":{\"@id\":\"https:\\\/\\\/thediplomatinspain.com\\\/en\\\/2021\\\/01\\\/29\\\/economist-jose-juan-ruiz-new-president-of-the-elcano-royal-institute\\\/#primaryimage\"},\"image\":{\"@id\":\"https:\\\/\\\/thediplomatinspain.com\\\/en\\\/2021\\\/01\\\/29\\\/economist-jose-juan-ruiz-new-president-of-the-elcano-royal-institute\\\/#primaryimage\"},\"thumbnailUrl\":\"https:\\\/\\\/thediplomatinspain.com\\\/wp-content\\\/uploads\\\/2024\\\/05\\\/Jose-Juan-Ruiz.jpg\",\"datePublished\":\"2021-01-29T04:04:10+00:00\",\"breadcrumb\":{\"@id\":\"https:\\\/\\\/thediplomatinspain.com\\\/en\\\/2021\\\/01\\\/29\\\/economist-jose-juan-ruiz-new-president-of-the-elcano-royal-institute\\\/#breadcrumb\"},\"inLanguage\":\"en-US\",\"potentialAction\":[{\"@type\":\"ReadAction\",\"target\":[\"https:\\\/\\\/thediplomatinspain.com\\\/en\\\/2021\\\/01\\\/29\\\/economist-jose-juan-ruiz-new-president-of-the-elcano-royal-institute\\\/\"]}]},{\"@type\":\"ImageObject\",\"inLanguage\":\"en-US\",\"@id\":\"https:\\\/\\\/thediplomatinspain.com\\\/en\\\/2021\\\/01\\\/29\\\/economist-jose-juan-ruiz-new-president-of-the-elcano-royal-institute\\\/#primaryimage\",\"url\":\"https:\\\/\\\/thediplomatinspain.com\\\/wp-content\\\/uploads\\\/2024\\\/05\\\/Jose-Juan-Ruiz.jpg\",\"contentUrl\":\"https:\\\/\\\/thediplomatinspain.com\\\/wp-content\\\/uploads\\\/2024\\\/05\\\/Jose-Juan-Ruiz.jpg\",\"width\":750,\"height\":429,\"caption\":\"Jos\u00e9 Juan Ruiz.\"},{\"@type\":\"BreadcrumbList\",\"@id\":\"https:\\\/\\\/thediplomatinspain.com\\\/en\\\/2021\\\/01\\\/29\\\/economist-jose-juan-ruiz-new-president-of-the-elcano-royal-institute\\\/#breadcrumb\",\"itemListElement\":[{\"@type\":\"ListItem\",\"position\":1,\"name\":\"Portada\",\"item\":\"https:\\\/\\\/thediplomatinspain.com\\\/en\\\/\"},{\"@type\":\"ListItem\",\"position\":2,\"name\":\"Economist Jos\u00e9 Juan Ruiz, new president of the Elcano Royal Institute\"}]},{\"@type\":\"WebSite\",\"@id\":\"https:\\\/\\\/thediplomatinspain.com\\\/#website\",\"url\":\"https:\\\/\\\/thediplomatinspain.com\\\/\",\"name\":\"thediplomatinspain.com\",\"description\":\"Diario digital de referencia para diplom\u00e1ticos y empresas\",\"publisher\":{\"@id\":\"https:\\\/\\\/thediplomatinspain.com\\\/#organization\"},\"potentialAction\":[{\"@type\":\"SearchAction\",\"target\":{\"@type\":\"EntryPoint\",\"urlTemplate\":\"https:\\\/\\\/thediplomatinspain.com\\\/?s={search_term_string}\"},\"query-input\":{\"@type\":\"PropertyValueSpecification\",\"valueRequired\":true,\"valueName\":\"search_term_string\"}}],\"inLanguage\":\"en-US\"},{\"@type\":\"Organization\",\"@id\":\"https:\\\/\\\/thediplomatinspain.com\\\/#organization\",\"name\":\"thediplomatinspain.com\",\"url\":\"https:\\\/\\\/thediplomatinspain.com\\\/\",\"logo\":{\"@type\":\"ImageObject\",\"inLanguage\":\"en-US\",\"@id\":\"https:\\\/\\\/thediplomatinspain.com\\\/#\\\/schema\\\/logo\\\/image\\\/\",\"url\":\"https:\\\/\\\/thediplomatinspain.com\\\/wp-content\\\/uploads\\\/2024\\\/06\\\/logo_the_diplomat.png\",\"contentUrl\":\"https:\\\/\\\/thediplomatinspain.com\\\/wp-content\\\/uploads\\\/2024\\\/06\\\/logo_the_diplomat.png\",\"width\":284,\"height\":77,\"caption\":\"thediplomatinspain.com\"},\"image\":{\"@id\":\"https:\\\/\\\/thediplomatinspain.com\\\/#\\\/schema\\\/logo\\\/image\\\/\"},\"sameAs\":[\"https:\\\/\\\/www.facebook.com\\\/thediplomatinspain\",\"https:\\\/\\\/x.com\\\/diplomatinspain\",\"https:\\\/\\\/www.youtube.com\\\/channel\\\/UCK0mRqeeZDKdFeiFQZLcH2A\"]},{\"@type\":\"Person\",\"@id\":\"https:\\\/\\\/thediplomatinspain.com\\\/#\\\/schema\\\/person\\\/90d9b3004c2822bcbe64082dad885a9c\",\"name\":\"Redacci\u00f3n\",\"image\":{\"@type\":\"ImageObject\",\"inLanguage\":\"en-US\",\"@id\":\"https:\\\/\\\/secure.gravatar.com\\\/avatar\\\/6be270e1c81317331dd99c1537c17b9683039795b5a956c595769bfada5e7067?s=96&d=mm&r=g\",\"url\":\"https:\\\/\\\/secure.gravatar.com\\\/avatar\\\/6be270e1c81317331dd99c1537c17b9683039795b5a956c595769bfada5e7067?s=96&d=mm&r=g\",\"contentUrl\":\"https:\\\/\\\/secure.gravatar.com\\\/avatar\\\/6be270e1c81317331dd99c1537c17b9683039795b5a956c595769bfada5e7067?s=96&d=mm&r=g\",\"caption\":\"Redacci\u00f3n\"},\"sameAs\":[\"https:\\\/\\\/thediplomatinspain.com\\\/\"],\"url\":\"https:\\\/\\\/thediplomatinspain.com\\\/en\\\/author\\\/soportecibeles\\\/\"},{\"@type\":[\"Organization\",\"NewsMediaOrganization\"],\"@id\":\"https:\\\/\\\/thediplomatinspain.com\\\/en\\\/#organization\"},{\"@type\":\"SiteNavigationElement\",\"@id\":\"https:\\\/\\\/thediplomatinspain.com\\\/en\\\/#site-navigation\",\"cssSelector\":[\".cib-main-menu\"]},{\"@type\":\"WPHeader\",\"@id\":\"https:\\\/\\\/thediplomatinspain.com\\\/en\\\/#header\",\"cssSelector\":[\".cib-header\"]},{\"@type\":\"WPFooter\",\"@id\":\"https:\\\/\\\/thediplomatinspain.com\\\/en\\\/#footer\",\"cssSelector\":[\".cib-footer\"]}]}<\/script>\n<!-- \/ Yoast SEO plugin. -->","yoast_head_json":{"title":"Economist Jos\u00e9 Juan Ruiz, new president of the Elcano Royal Institute - thediplomatinspain.com","robots":{"index":"index","follow":"follow","max-snippet":"max-snippet:-1","max-image-preview":"max-image-preview:large","max-video-preview":"max-video-preview:-1"},"canonical":"https:\/\/thediplomatinspain.com\/en\/2021\/01\/29\/economist-jose-juan-ruiz-new-president-of-the-elcano-royal-institute\/","og_locale":"en_US","og_type":"article","og_title":"Economist Jos\u00e9 Juan Ruiz, new president of the Elcano Royal Institute - thediplomatinspain.com","og_description":"The economist Jos\u00e9 Juan Ruiz G\u00f3mez will be the new president of the Elcano Royal Institute, following Jaime Lamo de Espinosa's decision to resign from the post at the","og_url":"https:\/\/thediplomatinspain.com\/en\/2021\/01\/29\/economist-jose-juan-ruiz-new-president-of-the-elcano-royal-institute\/","og_site_name":"thediplomatinspain.com","article_publisher":"https:\/\/www.facebook.com\/thediplomatinspain","article_published_time":"2021-01-29T04:04:10+00:00","og_image":[{"width":750,"height":429,"url":"https:\/\/thediplomatinspain.com\/wp-content\/uploads\/2024\/05\/Jose-Juan-Ruiz.jpg","type":"image\/jpeg"}],"author":"Redacci\u00f3n","twitter_card":"summary_large_image","twitter_creator":"@diplomatinspain","twitter_site":"@diplomatinspain","twitter_misc":{"Written by":"Redacci\u00f3n","Est. reading time":"1 minute"},"schema":{"@context":"https:\/\/schema.org","@graph":[{"@type":"Article","@id":"https:\/\/thediplomatinspain.com\/en\/2021\/01\/29\/economist-jose-juan-ruiz-new-president-of-the-elcano-royal-institute\/#article","isPartOf":{"@id":"https:\/\/thediplomatinspain.com\/en\/2021\/01\/29\/economist-jose-juan-ruiz-new-president-of-the-elcano-royal-institute\/"},"author":{"name":"Redacci\u00f3n","@id":"https:\/\/thediplomatinspain.com\/#\/schema\/person\/90d9b3004c2822bcbe64082dad885a9c"},"headline":"Economist Jos\u00e9 Juan Ruiz, new president of the Elcano Royal Institute","datePublished":"2021-01-29T04:04:10+00:00","mainEntityOfPage":{"@id":"https:\/\/thediplomatinspain.com\/en\/2021\/01\/29\/economist-jose-juan-ruiz-new-president-of-the-elcano-royal-institute\/"},"wordCount":254,"commentCount":0,"publisher":{"@id":"https:\/\/thediplomatinspain.com\/#organization"},"image":{"@id":"https:\/\/thediplomatinspain.com\/en\/2021\/01\/29\/economist-jose-juan-ruiz-new-president-of-the-elcano-royal-institute\/#primaryimage"},"thumbnailUrl":"https:\/\/thediplomatinspain.com\/wp-content\/uploads\/2024\/05\/Jose-Juan-Ruiz.jpg","articleSection":["News","Subscribers","The bag","Valija Diplom\u00e1tica"],"inLanguage":"en-US","potentialAction":[{"@type":"CommentAction","name":"Comment","target":["https:\/\/thediplomatinspain.com\/en\/2021\/01\/29\/economist-jose-juan-ruiz-new-president-of-the-elcano-royal-institute\/#respond"]}]},{"@type":"WebPage","@id":"https:\/\/thediplomatinspain.com\/en\/2021\/01\/29\/economist-jose-juan-ruiz-new-president-of-the-elcano-royal-institute\/","url":"https:\/\/thediplomatinspain.com\/en\/2021\/01\/29\/economist-jose-juan-ruiz-new-president-of-the-elcano-royal-institute\/","name":"Economist Jos\u00e9 Juan Ruiz, new president of the Elcano Royal Institute - thediplomatinspain.com","isPartOf":{"@id":"https:\/\/thediplomatinspain.com\/#website"},"primaryImageOfPage":{"@id":"https:\/\/thediplomatinspain.com\/en\/2021\/01\/29\/economist-jose-juan-ruiz-new-president-of-the-elcano-royal-institute\/#primaryimage"},"image":{"@id":"https:\/\/thediplomatinspain.com\/en\/2021\/01\/29\/economist-jose-juan-ruiz-new-president-of-the-elcano-royal-institute\/#primaryimage"},"thumbnailUrl":"https:\/\/thediplomatinspain.com\/wp-content\/uploads\/2024\/05\/Jose-Juan-Ruiz.jpg","datePublished":"2021-01-29T04:04:10+00:00","breadcrumb":{"@id":"https:\/\/thediplomatinspain.com\/en\/2021\/01\/29\/economist-jose-juan-ruiz-new-president-of-the-elcano-royal-institute\/#breadcrumb"},"inLanguage":"en-US","potentialAction":[{"@type":"ReadAction","target":["https:\/\/thediplomatinspain.com\/en\/2021\/01\/29\/economist-jose-juan-ruiz-new-president-of-the-elcano-royal-institute\/"]}]},{"@type":"ImageObject","inLanguage":"en-US","@id":"https:\/\/thediplomatinspain.com\/en\/2021\/01\/29\/economist-jose-juan-ruiz-new-president-of-the-elcano-royal-institute\/#primaryimage","url":"https:\/\/thediplomatinspain.com\/wp-content\/uploads\/2024\/05\/Jose-Juan-Ruiz.jpg","contentUrl":"https:\/\/thediplomatinspain.com\/wp-content\/uploads\/2024\/05\/Jose-Juan-Ruiz.jpg","width":750,"height":429,"caption":"Jos\u00e9 Juan Ruiz."},{"@type":"BreadcrumbList","@id":"https:\/\/thediplomatinspain.com\/en\/2021\/01\/29\/economist-jose-juan-ruiz-new-president-of-the-elcano-royal-institute\/#breadcrumb","itemListElement":[{"@type":"ListItem","position":1,"name":"Portada","item":"https:\/\/thediplomatinspain.com\/en\/"},{"@type":"ListItem","position":2,"name":"Economist Jos\u00e9 Juan Ruiz, new president of the Elcano Royal Institute"}]},{"@type":"WebSite","@id":"https:\/\/thediplomatinspain.com\/#website","url":"https:\/\/thediplomatinspain.com\/","name":"thediplomatinspain.com","description":"Diario digital de referencia para diplom\u00e1ticos y empresas","publisher":{"@id":"https:\/\/thediplomatinspain.com\/#organization"},"potentialAction":[{"@type":"SearchAction","target":{"@type":"EntryPoint","urlTemplate":"https:\/\/thediplomatinspain.com\/?s={search_term_string}"},"query-input":{"@type":"PropertyValueSpecification","valueRequired":true,"valueName":"search_term_string"}}],"inLanguage":"en-US"},{"@type":"Organization","@id":"https:\/\/thediplomatinspain.com\/#organization","name":"thediplomatinspain.com","url":"https:\/\/thediplomatinspain.com\/","logo":{"@type":"ImageObject","inLanguage":"en-US","@id":"https:\/\/thediplomatinspain.com\/#\/schema\/logo\/image\/","url":"https:\/\/thediplomatinspain.com\/wp-content\/uploads\/2024\/06\/logo_the_diplomat.png","contentUrl":"https:\/\/thediplomatinspain.com\/wp-content\/uploads\/2024\/06\/logo_the_diplomat.png","width":284,"height":77,"caption":"thediplomatinspain.com"},"image":{"@id":"https:\/\/thediplomatinspain.com\/#\/schema\/logo\/image\/"},"sameAs":["https:\/\/www.facebook.com\/thediplomatinspain","https:\/\/x.com\/diplomatinspain","https:\/\/www.youtube.com\/channel\/UCK0mRqeeZDKdFeiFQZLcH2A"]},{"@type":"Person","@id":"https:\/\/thediplomatinspain.com\/#\/schema\/person\/90d9b3004c2822bcbe64082dad885a9c","name":"Redacci\u00f3n","image":{"@type":"ImageObject","inLanguage":"en-US","@id":"https:\/\/secure.gravatar.com\/avatar\/6be270e1c81317331dd99c1537c17b9683039795b5a956c595769bfada5e7067?s=96&d=mm&r=g","url":"https:\/\/secure.gravatar.com\/avatar\/6be270e1c81317331dd99c1537c17b9683039795b5a956c595769bfada5e7067?s=96&d=mm&r=g","contentUrl":"https:\/\/secure.gravatar.com\/avatar\/6be270e1c81317331dd99c1537c17b9683039795b5a956c595769bfada5e7067?s=96&d=mm&r=g","caption":"Redacci\u00f3n"},"sameAs":["https:\/\/thediplomatinspain.com\/"],"url":"https:\/\/thediplomatinspain.com\/en\/author\/soportecibeles\/"},{"@type":["Organization","NewsMediaOrganization"],"@id":"https:\/\/thediplomatinspain.com\/en\/#organization"},{"@type":"SiteNavigationElement","@id":"https:\/\/thediplomatinspain.com\/en\/#site-navigation","cssSelector":[".cib-main-menu"]},{"@type":"WPHeader","@id":"https:\/\/thediplomatinspain.com\/en\/#header","cssSelector":[".cib-header"]},{"@type":"WPFooter","@id":"https:\/\/thediplomatinspain.com\/en\/#footer","cssSelector":[".cib-footer"]}]}},"amp_enabled":true,"_links":{"self":[{"href":"https:\/\/thediplomatinspain.com\/en\/wp-json\/wp\/v2\/posts\/72614","targetHints":{"allow":["GET"]}}],"collection":[{"href":"https:\/\/thediplomatinspain.com\/en\/wp-json\/wp\/v2\/posts"}],"about":[{"href":"https:\/\/thediplomatinspain.com\/en\/wp-json\/wp\/v2\/types\/post"}],"author":[{"embeddable":true,"href":"https:\/\/thediplomatinspain.com\/en\/wp-json\/wp\/v2\/users\/1"}],"replies":[{"embeddable":true,"href":"https:\/\/thediplomatinspain.com\/en\/wp-json\/wp\/v2\/comments?post=72614"}],"version-history":[{"count":0,"href":"https:\/\/thediplomatinspain.com\/en\/wp-json\/wp\/v2\/posts\/72614\/revisions"}],"wp:featuredmedia":[{"embeddable":true,"href":"https:\/\/thediplomatinspain.com\/en\/wp-json\/wp\/v2\/media\/56930"}],"wp:attachment":[{"href":"https:\/\/thediplomatinspain.com\/en\/wp-json\/wp\/v2\/media?parent=72614"}],"wp:term":[{"taxonomy":"category","embeddable":true,"href":"https:\/\/thediplomatinspain.com\/en\/wp-json\/wp\/v2\/categories?post=72614"},{"taxonomy":"post_tag","embeddable":true,"href":"https:\/\/thediplomatinspain.com\/en\/wp-json\/wp\/v2\/tags?post=72614"}],"curies":[{"name":"wp","href":"https:\/\/api.w.org\/{rel}","templated":true}]}}