{"id":72603,"date":"2021-01-29T05:08:13","date_gmt":"2021-01-29T04:08:13","guid":{"rendered":"https:\/\/zen-hopper.82-223-81-17.plesk.page\/2021\/01\/29\/opposition-accepts-reproachfully-approval-of-decree-to-adjust-to-brexit\/"},"modified":"2021-01-29T05:08:13","modified_gmt":"2021-01-29T04:08:13","slug":"opposition-accepts-reproachfully-approval-of-decree-to-adjust-to-brexit","status":"publish","type":"post","link":"https:\/\/thediplomatinspain.com\/en\/2021\/01\/29\/opposition-accepts-reproachfully-approval-of-decree-to-adjust-to-brexit\/","title":{"rendered":"Opposition accepts, reproachfully, approval of decree to adjust to Brexit"},"content":{"rendered":"<h6><strong>The Diplomat<\/strong><\/h6>\n<p>&nbsp;<\/p>\n<h4><strong>The Congress yesterday unanimously validated, with the critical support of the opposition, the Royal Decree Law that establishes measures for the &#8220;adaptation&#8221; of the Spanish legal system to the new situation generated by the definitive withdrawal of the United Kingdom from the European Union.<\/strong><\/h4>\n<p><strong>\u00a0<\/strong><\/p>\n<p>The <a href=\"https:\/\/www.congreso.es\/constitucion\/ficheros\/leyes_espa\/rdl_038_2020.pdf\" target=\"_blank\" rel=\"noopener noreferrer\"><strong>Royal Decree Law<\/strong><\/a>, which was <a href=\"https:\/\/thediplomatinspain.com\/en\/2020\/12\/council-of-ministers-approves-adaptation-measures-following-brexit-completion\/\" target=\"_blank\" rel=\"noopener noreferrer\"><strong>approved on 29 December by the Council of Ministers<\/strong><\/a>, regulates, on a temporary basis and in accordance with the principle of reciprocity, aspects such as professional practice, Social Security, unemployment benefits, health benefits, university studies, recognition of documents and qualifications, financial, commercial and business activities, public contracts and airport services.<\/p>\n<p><strong>\u00a0<\/strong><\/p>\n<p>These are <strong>&#8220;essential adaptation measures to facilitate the transition and counteract the undesired effects&#8221;<\/strong> of Brexit, explained the <strong>Minister of Foreign Affairs, Arancha Gonz\u00e1lez Laya<\/strong>, during her appearance before the plenary session of the Lower House yesterday.\u00a0 The majority of the measures in this decree, she added, <strong>&#8220;are temporary and subject to the principle of reciprocity&#8221;<\/strong> and will allow the United Kingdom to continue to be &#8220;a relevant partner with whom we will have close relations&#8221;.<\/p>\n<p><strong>\u00a0<\/strong><\/p>\n<p>The UK&#8217;s exit from the EU &#8220;is not the ideal situation that we would have wished for&#8221;, but once it has become a reality, it is necessary to face it <strong>&#8220;with the highest degree of legal certainty for our citizens&#8221;<\/strong>, continued the head of diplomacy, who asked the parliamentary groups to approve the Royal Decree-Law, bearing in mind &#8220;the exceptional situation&#8221; generated by Brexit.<\/p>\n<p><strong>\u00a0<\/strong><\/p>\n<p>During the subsequent debate, the parliamentary groups to the right of the Government <strong>voted in favour of the Royal Decree &#8220;out of responsibility&#8221; and as a &#8220;lesser evil&#8221;<\/strong>, but not without launching strong criticism of the Executive for the way it has handled this matter and for not having known how to take advantage of this &#8220;opportunity&#8221; to move towards Spanish sovereignty in Gibraltar.<\/p>\n<p><strong>\u00a0<\/strong><\/p>\n<p>This was the case of <strong>the PP spokeswoman for the Foreign Affairs Committee, Valentina Mart\u00ednez Ferro,<\/strong> who announced her support for the Royal Decree because of the &#8220;urgency&#8221; of the moment and because it is &#8220;a procedure that provides us with a temporary legislative framework until the agreements on the future relationship are ratified&#8221;. However, she described as a <strong>&#8220;failure&#8221; the direct bilateral negotiations with the United Kingdom, which could have been a &#8220;historic negotiation&#8221; with regard to the future of Gibraltar<\/strong> and which in the end remained &#8220;a simple note on the sidelines of an agreement that only benefits those who work for it&#8221;.<\/p>\n<p><strong>\u00a0<\/strong><\/p>\n<p>For his part, <strong>the spokesman for Vox, Jos\u00e9 Mar\u00eda S\u00e1nchez Garc\u00eda<\/strong>, also accused the government of not having known how to take advantage of this opportunity to <strong>&#8220;negotiate more firmly and demand a bilaterally agreed agreement on Gibraltar&#8221;<\/strong>, which is why everything has remained in an agreement in principle that &#8220;only favours the interests&#8221; of the United Kingdom and the Gibraltarian government, something &#8220;unacceptable&#8221; for Spain.<\/p>\n<p><strong>\u00a0<\/strong><\/p>\n<p>Likewise, <strong>the spokesperson for Ciudadanos before the Foreign Affairs Committee, Marta Mart\u00edn<\/strong>, admitted that the Royal Decree is <strong>&#8220;a lesser evil that had to be done&#8221;<\/strong>, but warned that there are still &#8220;issues to be discussed&#8221; regarding Gibraltar, which require more &#8220;transparency&#8221; and more consensus with all the political forces, because the issue of Brexit is &#8220;a question of State&#8221;. She also regretted that there is no &#8220;plan B&#8221; foreseen in the event that the United Kingdom does not comply with the principle of reciprocity.<\/p>\n<p>&nbsp;<\/p>\n<p>&nbsp;<\/p>\n","protected":false},"excerpt":{"rendered":"<p>The Congress yesterday unanimously validated, with the critical support of the opposition, the Royal Decree Law that establishes measures for the &#8220;adaptation&#8221; of the<\/p>\n","protected":false},"author":1,"featured_media":56923,"comment_status":"open","ping_status":"open","sticky":false,"template":"","format":"standard","meta":{"jnews-multi-image_gallery":[],"jnews_single_post":[],"jnews_primary_category":[],"jnews_social_meta":[],"jnews_override_counter":[],"jnews_post_split":[],"footnotes":""},"categories":[106,158,182],"tags":[],"class_list":["post-72603","post","type-post","status-publish","format-standard","has-post-thumbnail","hentry","category-frontpage","category-frontpage-en","category-subscribers"],"yoast_head":"<!-- This site is optimized with the Yoast SEO plugin v27.4 - https:\/\/yoast.com\/product\/yoast-seo-wordpress\/ -->\n<title>Opposition accepts, reproachfully, approval of decree to adjust to Brexit - thediplomatinspain.com<\/title>\n<meta name=\"robots\" content=\"index, follow, max-snippet:-1, max-image-preview:large, max-video-preview:-1\" \/>\n<link rel=\"canonical\" href=\"https:\/\/thediplomatinspain.com\/en\/2021\/01\/29\/opposition-accepts-reproachfully-approval-of-decree-to-adjust-to-brexit\/\" \/>\n<meta property=\"og:locale\" content=\"en_US\" \/>\n<meta property=\"og:type\" content=\"article\" \/>\n<meta property=\"og:title\" content=\"Opposition accepts, reproachfully, approval of decree to adjust to Brexit - thediplomatinspain.com\" \/>\n<meta property=\"og:description\" content=\"The Congress yesterday unanimously validated, with the critical support of the opposition, the Royal Decree Law that establishes measures for the &quot;adaptation&quot; of the\" \/>\n<meta property=\"og:url\" content=\"https:\/\/thediplomatinspain.com\/en\/2021\/01\/29\/opposition-accepts-reproachfully-approval-of-decree-to-adjust-to-brexit\/\" \/>\n<meta property=\"og:site_name\" content=\"thediplomatinspain.com\" \/>\n<meta property=\"article:publisher\" content=\"https:\/\/www.facebook.com\/thediplomatinspain\" \/>\n<meta property=\"article:published_time\" content=\"2021-01-29T04:08:13+00:00\" \/>\n<meta property=\"og:image\" content=\"https:\/\/thediplomatinspain.com\/wp-content\/uploads\/2024\/05\/glez-laya-brexit-congreso.jpg\" \/>\n\t<meta property=\"og:image:width\" content=\"750\" \/>\n\t<meta property=\"og:image:height\" content=\"483\" \/>\n\t<meta property=\"og:image:type\" content=\"image\/jpeg\" \/>\n<meta name=\"author\" content=\"Redacci\u00f3n\" \/>\n<meta name=\"twitter:card\" content=\"summary_large_image\" \/>\n<meta name=\"twitter:creator\" content=\"@diplomatinspain\" \/>\n<meta name=\"twitter:site\" content=\"@diplomatinspain\" \/>\n<meta name=\"twitter:label1\" content=\"Written by\" \/>\n\t<meta name=\"twitter:data1\" content=\"Redacci\u00f3n\" \/>\n\t<meta name=\"twitter:label2\" content=\"Est. reading time\" \/>\n\t<meta name=\"twitter:data2\" content=\"3 minutes\" \/>\n<script type=\"application\/ld+json\" class=\"yoast-schema-graph\">{\"@context\":\"https:\\\/\\\/schema.org\",\"@graph\":[{\"@type\":\"Article\",\"@id\":\"https:\\\/\\\/thediplomatinspain.com\\\/en\\\/2021\\\/01\\\/29\\\/opposition-accepts-reproachfully-approval-of-decree-to-adjust-to-brexit\\\/#article\",\"isPartOf\":{\"@id\":\"https:\\\/\\\/thediplomatinspain.com\\\/en\\\/2021\\\/01\\\/29\\\/opposition-accepts-reproachfully-approval-of-decree-to-adjust-to-brexit\\\/\"},\"author\":{\"name\":\"Redacci\u00f3n\",\"@id\":\"https:\\\/\\\/thediplomatinspain.com\\\/#\\\/schema\\\/person\\\/90d9b3004c2822bcbe64082dad885a9c\"},\"headline\":\"Opposition accepts, reproachfully, approval of decree to adjust to Brexit\",\"datePublished\":\"2021-01-29T04:08:13+00:00\",\"mainEntityOfPage\":{\"@id\":\"https:\\\/\\\/thediplomatinspain.com\\\/en\\\/2021\\\/01\\\/29\\\/opposition-accepts-reproachfully-approval-of-decree-to-adjust-to-brexit\\\/\"},\"wordCount\":581,\"commentCount\":0,\"publisher\":{\"@id\":\"https:\\\/\\\/thediplomatinspain.com\\\/#organization\"},\"image\":{\"@id\":\"https:\\\/\\\/thediplomatinspain.com\\\/en\\\/2021\\\/01\\\/29\\\/opposition-accepts-reproachfully-approval-of-decree-to-adjust-to-brexit\\\/#primaryimage\"},\"thumbnailUrl\":\"https:\\\/\\\/thediplomatinspain.com\\\/wp-content\\\/uploads\\\/2024\\\/05\\\/glez-laya-brexit-congreso.jpg\",\"articleSection\":[\"Frontpage\",\"Frontpage\",\"Subscribers\"],\"inLanguage\":\"en-US\",\"potentialAction\":[{\"@type\":\"CommentAction\",\"name\":\"Comment\",\"target\":[\"https:\\\/\\\/thediplomatinspain.com\\\/en\\\/2021\\\/01\\\/29\\\/opposition-accepts-reproachfully-approval-of-decree-to-adjust-to-brexit\\\/#respond\"]}]},{\"@type\":\"WebPage\",\"@id\":\"https:\\\/\\\/thediplomatinspain.com\\\/en\\\/2021\\\/01\\\/29\\\/opposition-accepts-reproachfully-approval-of-decree-to-adjust-to-brexit\\\/\",\"url\":\"https:\\\/\\\/thediplomatinspain.com\\\/en\\\/2021\\\/01\\\/29\\\/opposition-accepts-reproachfully-approval-of-decree-to-adjust-to-brexit\\\/\",\"name\":\"Opposition accepts, reproachfully, approval of decree to adjust to Brexit - thediplomatinspain.com\",\"isPartOf\":{\"@id\":\"https:\\\/\\\/thediplomatinspain.com\\\/#website\"},\"primaryImageOfPage\":{\"@id\":\"https:\\\/\\\/thediplomatinspain.com\\\/en\\\/2021\\\/01\\\/29\\\/opposition-accepts-reproachfully-approval-of-decree-to-adjust-to-brexit\\\/#primaryimage\"},\"image\":{\"@id\":\"https:\\\/\\\/thediplomatinspain.com\\\/en\\\/2021\\\/01\\\/29\\\/opposition-accepts-reproachfully-approval-of-decree-to-adjust-to-brexit\\\/#primaryimage\"},\"thumbnailUrl\":\"https:\\\/\\\/thediplomatinspain.com\\\/wp-content\\\/uploads\\\/2024\\\/05\\\/glez-laya-brexit-congreso.jpg\",\"datePublished\":\"2021-01-29T04:08:13+00:00\",\"breadcrumb\":{\"@id\":\"https:\\\/\\\/thediplomatinspain.com\\\/en\\\/2021\\\/01\\\/29\\\/opposition-accepts-reproachfully-approval-of-decree-to-adjust-to-brexit\\\/#breadcrumb\"},\"inLanguage\":\"en-US\",\"potentialAction\":[{\"@type\":\"ReadAction\",\"target\":[\"https:\\\/\\\/thediplomatinspain.com\\\/en\\\/2021\\\/01\\\/29\\\/opposition-accepts-reproachfully-approval-of-decree-to-adjust-to-brexit\\\/\"]}]},{\"@type\":\"ImageObject\",\"inLanguage\":\"en-US\",\"@id\":\"https:\\\/\\\/thediplomatinspain.com\\\/en\\\/2021\\\/01\\\/29\\\/opposition-accepts-reproachfully-approval-of-decree-to-adjust-to-brexit\\\/#primaryimage\",\"url\":\"https:\\\/\\\/thediplomatinspain.com\\\/wp-content\\\/uploads\\\/2024\\\/05\\\/glez-laya-brexit-congreso.jpg\",\"contentUrl\":\"https:\\\/\\\/thediplomatinspain.com\\\/wp-content\\\/uploads\\\/2024\\\/05\\\/glez-laya-brexit-congreso.jpg\",\"width\":750,\"height\":483,\"caption\":\"Gonz\u00e1lez Laya during the hearing \\\/ Photo: Congreso\"},{\"@type\":\"BreadcrumbList\",\"@id\":\"https:\\\/\\\/thediplomatinspain.com\\\/en\\\/2021\\\/01\\\/29\\\/opposition-accepts-reproachfully-approval-of-decree-to-adjust-to-brexit\\\/#breadcrumb\",\"itemListElement\":[{\"@type\":\"ListItem\",\"position\":1,\"name\":\"Portada\",\"item\":\"https:\\\/\\\/thediplomatinspain.com\\\/en\\\/\"},{\"@type\":\"ListItem\",\"position\":2,\"name\":\"Opposition accepts, reproachfully, approval of decree to adjust to Brexit\"}]},{\"@type\":\"WebSite\",\"@id\":\"https:\\\/\\\/thediplomatinspain.com\\\/#website\",\"url\":\"https:\\\/\\\/thediplomatinspain.com\\\/\",\"name\":\"thediplomatinspain.com\",\"description\":\"Diario digital de referencia para diplom\u00e1ticos y empresas\",\"publisher\":{\"@id\":\"https:\\\/\\\/thediplomatinspain.com\\\/#organization\"},\"potentialAction\":[{\"@type\":\"SearchAction\",\"target\":{\"@type\":\"EntryPoint\",\"urlTemplate\":\"https:\\\/\\\/thediplomatinspain.com\\\/?s={search_term_string}\"},\"query-input\":{\"@type\":\"PropertyValueSpecification\",\"valueRequired\":true,\"valueName\":\"search_term_string\"}}],\"inLanguage\":\"en-US\"},{\"@type\":\"Organization\",\"@id\":\"https:\\\/\\\/thediplomatinspain.com\\\/#organization\",\"name\":\"thediplomatinspain.com\",\"url\":\"https:\\\/\\\/thediplomatinspain.com\\\/\",\"logo\":{\"@type\":\"ImageObject\",\"inLanguage\":\"en-US\",\"@id\":\"https:\\\/\\\/thediplomatinspain.com\\\/#\\\/schema\\\/logo\\\/image\\\/\",\"url\":\"https:\\\/\\\/thediplomatinspain.com\\\/wp-content\\\/uploads\\\/2024\\\/06\\\/logo_the_diplomat.png\",\"contentUrl\":\"https:\\\/\\\/thediplomatinspain.com\\\/wp-content\\\/uploads\\\/2024\\\/06\\\/logo_the_diplomat.png\",\"width\":284,\"height\":77,\"caption\":\"thediplomatinspain.com\"},\"image\":{\"@id\":\"https:\\\/\\\/thediplomatinspain.com\\\/#\\\/schema\\\/logo\\\/image\\\/\"},\"sameAs\":[\"https:\\\/\\\/www.facebook.com\\\/thediplomatinspain\",\"https:\\\/\\\/x.com\\\/diplomatinspain\",\"https:\\\/\\\/www.youtube.com\\\/channel\\\/UCK0mRqeeZDKdFeiFQZLcH2A\"]},{\"@type\":\"Person\",\"@id\":\"https:\\\/\\\/thediplomatinspain.com\\\/#\\\/schema\\\/person\\\/90d9b3004c2822bcbe64082dad885a9c\",\"name\":\"Redacci\u00f3n\",\"image\":{\"@type\":\"ImageObject\",\"inLanguage\":\"en-US\",\"@id\":\"https:\\\/\\\/secure.gravatar.com\\\/avatar\\\/6be270e1c81317331dd99c1537c17b9683039795b5a956c595769bfada5e7067?s=96&d=mm&r=g\",\"url\":\"https:\\\/\\\/secure.gravatar.com\\\/avatar\\\/6be270e1c81317331dd99c1537c17b9683039795b5a956c595769bfada5e7067?s=96&d=mm&r=g\",\"contentUrl\":\"https:\\\/\\\/secure.gravatar.com\\\/avatar\\\/6be270e1c81317331dd99c1537c17b9683039795b5a956c595769bfada5e7067?s=96&d=mm&r=g\",\"caption\":\"Redacci\u00f3n\"},\"sameAs\":[\"https:\\\/\\\/thediplomatinspain.com\\\/\"],\"url\":\"https:\\\/\\\/thediplomatinspain.com\\\/en\\\/author\\\/soportecibeles\\\/\"},{\"@type\":[\"Organization\",\"NewsMediaOrganization\"],\"@id\":\"https:\\\/\\\/thediplomatinspain.com\\\/en\\\/#organization\"},{\"@type\":\"SiteNavigationElement\",\"@id\":\"https:\\\/\\\/thediplomatinspain.com\\\/en\\\/#site-navigation\",\"cssSelector\":[\".cib-main-menu\"]},{\"@type\":\"WPHeader\",\"@id\":\"https:\\\/\\\/thediplomatinspain.com\\\/en\\\/#header\",\"cssSelector\":[\".cib-header\"]},{\"@type\":\"WPFooter\",\"@id\":\"https:\\\/\\\/thediplomatinspain.com\\\/en\\\/#footer\",\"cssSelector\":[\".cib-footer\"]}]}<\/script>\n<!-- \/ Yoast SEO plugin. -->","yoast_head_json":{"title":"Opposition accepts, reproachfully, approval of decree to adjust to Brexit - thediplomatinspain.com","robots":{"index":"index","follow":"follow","max-snippet":"max-snippet:-1","max-image-preview":"max-image-preview:large","max-video-preview":"max-video-preview:-1"},"canonical":"https:\/\/thediplomatinspain.com\/en\/2021\/01\/29\/opposition-accepts-reproachfully-approval-of-decree-to-adjust-to-brexit\/","og_locale":"en_US","og_type":"article","og_title":"Opposition accepts, reproachfully, approval of decree to adjust to Brexit - thediplomatinspain.com","og_description":"The Congress yesterday unanimously validated, with the critical support of the opposition, the Royal Decree Law that establishes measures for the \"adaptation\" of the","og_url":"https:\/\/thediplomatinspain.com\/en\/2021\/01\/29\/opposition-accepts-reproachfully-approval-of-decree-to-adjust-to-brexit\/","og_site_name":"thediplomatinspain.com","article_publisher":"https:\/\/www.facebook.com\/thediplomatinspain","article_published_time":"2021-01-29T04:08:13+00:00","og_image":[{"width":750,"height":483,"url":"https:\/\/thediplomatinspain.com\/wp-content\/uploads\/2024\/05\/glez-laya-brexit-congreso.jpg","type":"image\/jpeg"}],"author":"Redacci\u00f3n","twitter_card":"summary_large_image","twitter_creator":"@diplomatinspain","twitter_site":"@diplomatinspain","twitter_misc":{"Written by":"Redacci\u00f3n","Est. reading time":"3 minutes"},"schema":{"@context":"https:\/\/schema.org","@graph":[{"@type":"Article","@id":"https:\/\/thediplomatinspain.com\/en\/2021\/01\/29\/opposition-accepts-reproachfully-approval-of-decree-to-adjust-to-brexit\/#article","isPartOf":{"@id":"https:\/\/thediplomatinspain.com\/en\/2021\/01\/29\/opposition-accepts-reproachfully-approval-of-decree-to-adjust-to-brexit\/"},"author":{"name":"Redacci\u00f3n","@id":"https:\/\/thediplomatinspain.com\/#\/schema\/person\/90d9b3004c2822bcbe64082dad885a9c"},"headline":"Opposition accepts, reproachfully, approval of decree to adjust to Brexit","datePublished":"2021-01-29T04:08:13+00:00","mainEntityOfPage":{"@id":"https:\/\/thediplomatinspain.com\/en\/2021\/01\/29\/opposition-accepts-reproachfully-approval-of-decree-to-adjust-to-brexit\/"},"wordCount":581,"commentCount":0,"publisher":{"@id":"https:\/\/thediplomatinspain.com\/#organization"},"image":{"@id":"https:\/\/thediplomatinspain.com\/en\/2021\/01\/29\/opposition-accepts-reproachfully-approval-of-decree-to-adjust-to-brexit\/#primaryimage"},"thumbnailUrl":"https:\/\/thediplomatinspain.com\/wp-content\/uploads\/2024\/05\/glez-laya-brexit-congreso.jpg","articleSection":["Frontpage","Frontpage","Subscribers"],"inLanguage":"en-US","potentialAction":[{"@type":"CommentAction","name":"Comment","target":["https:\/\/thediplomatinspain.com\/en\/2021\/01\/29\/opposition-accepts-reproachfully-approval-of-decree-to-adjust-to-brexit\/#respond"]}]},{"@type":"WebPage","@id":"https:\/\/thediplomatinspain.com\/en\/2021\/01\/29\/opposition-accepts-reproachfully-approval-of-decree-to-adjust-to-brexit\/","url":"https:\/\/thediplomatinspain.com\/en\/2021\/01\/29\/opposition-accepts-reproachfully-approval-of-decree-to-adjust-to-brexit\/","name":"Opposition accepts, reproachfully, approval of decree to adjust to Brexit - thediplomatinspain.com","isPartOf":{"@id":"https:\/\/thediplomatinspain.com\/#website"},"primaryImageOfPage":{"@id":"https:\/\/thediplomatinspain.com\/en\/2021\/01\/29\/opposition-accepts-reproachfully-approval-of-decree-to-adjust-to-brexit\/#primaryimage"},"image":{"@id":"https:\/\/thediplomatinspain.com\/en\/2021\/01\/29\/opposition-accepts-reproachfully-approval-of-decree-to-adjust-to-brexit\/#primaryimage"},"thumbnailUrl":"https:\/\/thediplomatinspain.com\/wp-content\/uploads\/2024\/05\/glez-laya-brexit-congreso.jpg","datePublished":"2021-01-29T04:08:13+00:00","breadcrumb":{"@id":"https:\/\/thediplomatinspain.com\/en\/2021\/01\/29\/opposition-accepts-reproachfully-approval-of-decree-to-adjust-to-brexit\/#breadcrumb"},"inLanguage":"en-US","potentialAction":[{"@type":"ReadAction","target":["https:\/\/thediplomatinspain.com\/en\/2021\/01\/29\/opposition-accepts-reproachfully-approval-of-decree-to-adjust-to-brexit\/"]}]},{"@type":"ImageObject","inLanguage":"en-US","@id":"https:\/\/thediplomatinspain.com\/en\/2021\/01\/29\/opposition-accepts-reproachfully-approval-of-decree-to-adjust-to-brexit\/#primaryimage","url":"https:\/\/thediplomatinspain.com\/wp-content\/uploads\/2024\/05\/glez-laya-brexit-congreso.jpg","contentUrl":"https:\/\/thediplomatinspain.com\/wp-content\/uploads\/2024\/05\/glez-laya-brexit-congreso.jpg","width":750,"height":483,"caption":"Gonz\u00e1lez Laya during the hearing \/ Photo: Congreso"},{"@type":"BreadcrumbList","@id":"https:\/\/thediplomatinspain.com\/en\/2021\/01\/29\/opposition-accepts-reproachfully-approval-of-decree-to-adjust-to-brexit\/#breadcrumb","itemListElement":[{"@type":"ListItem","position":1,"name":"Portada","item":"https:\/\/thediplomatinspain.com\/en\/"},{"@type":"ListItem","position":2,"name":"Opposition accepts, reproachfully, approval of decree to adjust to Brexit"}]},{"@type":"WebSite","@id":"https:\/\/thediplomatinspain.com\/#website","url":"https:\/\/thediplomatinspain.com\/","name":"thediplomatinspain.com","description":"Diario digital de referencia para diplom\u00e1ticos y empresas","publisher":{"@id":"https:\/\/thediplomatinspain.com\/#organization"},"potentialAction":[{"@type":"SearchAction","target":{"@type":"EntryPoint","urlTemplate":"https:\/\/thediplomatinspain.com\/?s={search_term_string}"},"query-input":{"@type":"PropertyValueSpecification","valueRequired":true,"valueName":"search_term_string"}}],"inLanguage":"en-US"},{"@type":"Organization","@id":"https:\/\/thediplomatinspain.com\/#organization","name":"thediplomatinspain.com","url":"https:\/\/thediplomatinspain.com\/","logo":{"@type":"ImageObject","inLanguage":"en-US","@id":"https:\/\/thediplomatinspain.com\/#\/schema\/logo\/image\/","url":"https:\/\/thediplomatinspain.com\/wp-content\/uploads\/2024\/06\/logo_the_diplomat.png","contentUrl":"https:\/\/thediplomatinspain.com\/wp-content\/uploads\/2024\/06\/logo_the_diplomat.png","width":284,"height":77,"caption":"thediplomatinspain.com"},"image":{"@id":"https:\/\/thediplomatinspain.com\/#\/schema\/logo\/image\/"},"sameAs":["https:\/\/www.facebook.com\/thediplomatinspain","https:\/\/x.com\/diplomatinspain","https:\/\/www.youtube.com\/channel\/UCK0mRqeeZDKdFeiFQZLcH2A"]},{"@type":"Person","@id":"https:\/\/thediplomatinspain.com\/#\/schema\/person\/90d9b3004c2822bcbe64082dad885a9c","name":"Redacci\u00f3n","image":{"@type":"ImageObject","inLanguage":"en-US","@id":"https:\/\/secure.gravatar.com\/avatar\/6be270e1c81317331dd99c1537c17b9683039795b5a956c595769bfada5e7067?s=96&d=mm&r=g","url":"https:\/\/secure.gravatar.com\/avatar\/6be270e1c81317331dd99c1537c17b9683039795b5a956c595769bfada5e7067?s=96&d=mm&r=g","contentUrl":"https:\/\/secure.gravatar.com\/avatar\/6be270e1c81317331dd99c1537c17b9683039795b5a956c595769bfada5e7067?s=96&d=mm&r=g","caption":"Redacci\u00f3n"},"sameAs":["https:\/\/thediplomatinspain.com\/"],"url":"https:\/\/thediplomatinspain.com\/en\/author\/soportecibeles\/"},{"@type":["Organization","NewsMediaOrganization"],"@id":"https:\/\/thediplomatinspain.com\/en\/#organization"},{"@type":"SiteNavigationElement","@id":"https:\/\/thediplomatinspain.com\/en\/#site-navigation","cssSelector":[".cib-main-menu"]},{"@type":"WPHeader","@id":"https:\/\/thediplomatinspain.com\/en\/#header","cssSelector":[".cib-header"]},{"@type":"WPFooter","@id":"https:\/\/thediplomatinspain.com\/en\/#footer","cssSelector":[".cib-footer"]}]}},"amp_enabled":true,"_links":{"self":[{"href":"https:\/\/thediplomatinspain.com\/en\/wp-json\/wp\/v2\/posts\/72603","targetHints":{"allow":["GET"]}}],"collection":[{"href":"https:\/\/thediplomatinspain.com\/en\/wp-json\/wp\/v2\/posts"}],"about":[{"href":"https:\/\/thediplomatinspain.com\/en\/wp-json\/wp\/v2\/types\/post"}],"author":[{"embeddable":true,"href":"https:\/\/thediplomatinspain.com\/en\/wp-json\/wp\/v2\/users\/1"}],"replies":[{"embeddable":true,"href":"https:\/\/thediplomatinspain.com\/en\/wp-json\/wp\/v2\/comments?post=72603"}],"version-history":[{"count":0,"href":"https:\/\/thediplomatinspain.com\/en\/wp-json\/wp\/v2\/posts\/72603\/revisions"}],"wp:featuredmedia":[{"embeddable":true,"href":"https:\/\/thediplomatinspain.com\/en\/wp-json\/wp\/v2\/media\/56923"}],"wp:attachment":[{"href":"https:\/\/thediplomatinspain.com\/en\/wp-json\/wp\/v2\/media?parent=72603"}],"wp:term":[{"taxonomy":"category","embeddable":true,"href":"https:\/\/thediplomatinspain.com\/en\/wp-json\/wp\/v2\/categories?post=72603"},{"taxonomy":"post_tag","embeddable":true,"href":"https:\/\/thediplomatinspain.com\/en\/wp-json\/wp\/v2\/tags?post=72603"}],"curies":[{"name":"wp","href":"https:\/\/api.w.org\/{rel}","templated":true}]}}