{"id":72445,"date":"2021-01-12T05:06:08","date_gmt":"2021-01-12T04:06:08","guid":{"rendered":"https:\/\/zen-hopper.82-223-81-17.plesk.page\/2021\/01\/12\/the-king-opens-tomorrow-spain-investors-day-2021-despite-snowstorm\/"},"modified":"2021-01-12T05:06:08","modified_gmt":"2021-01-12T04:06:08","slug":"the-king-opens-tomorrow-spain-investors-day-2021-despite-snowstorm","status":"publish","type":"post","link":"https:\/\/thediplomatinspain.com\/en\/2021\/01\/12\/the-king-opens-tomorrow-spain-investors-day-2021-despite-snowstorm\/","title":{"rendered":"The King opens tomorrow Spain Investors Day 2021, despite snowstorm"},"content":{"rendered":"<h6><strong>The Diplomat<\/strong><\/h6>\n<p>&nbsp;<\/p>\n<h4><strong>King Philip VI will preside over the inauguration of the 11th edition of the Spain Investors Day (SID) Forum, which will be held in Madrid on 13 and 14 January despite the passage of the <em>Filomena<\/em> storm and amidst strong security measures against the COVID-19 pandemic.<\/strong><\/h4>\n<p><strong>\u00a0<\/strong><\/p>\n<p>The meeting will bring together, for two days, <strong>more than 200 international investors from Australia, Belgium, Canada, France, Germany, Ireland, Italy, Malaysia, Spain, Sweden, Switzerland, the United Kingdom and the United States<\/strong> with the main executives of 46 Spanish listed companies (mostly from the Ibex-35 and representatives from all the activity sectors in our country), who will explain the situation of their companies and the plans for the exercise that is now beginning.<\/p>\n<p><strong>\u00a0<\/strong><\/p>\n<p>The inauguration, which <strong>will be presided over by the King<\/strong> &#8211; who has chaired the forum&#8217;s Committee of Honour since its first edition &#8211; will be attended by <strong>the Ministers of Industry, Trade and Tourism, Reyes Maroto, and Inclusion, Social Security and Migration, Jos\u00e9 Luis Escriv\u00e1. The Mayor of Madrid, Jos\u00e9 Luis Mart\u00ednez-Almeida, and the Secretary of State for Trade and President of ICEX, Xiana M\u00e9ndez, will also speak at the event.<\/strong><\/p>\n<p><strong>\u00a0<\/strong><\/p>\n<p><strong>The Fourth Vice-president and Minister for Ecological Transition, Teresa Ribera, and the Third Vice-president and Minister of Economic Affairs and Digital Transformation, Nadia Calvi\u00f1o<\/strong>, will also participate in the SID, and will each give a talk to explain the Government&#8217;s plans for this year to international investors. The Government will be represented at the closing ceremony by <strong>the Minister of Foreign Affairs, Arancha Gonz\u00e1lez Laya, who will be accompanied by the Governor of the Bank of Spain, Pablo Hern\u00e1ndez de Cos, and the President of the CNMV, Rodrigo Buenaventura.<\/strong><\/p>\n<p><strong>\u00a0<\/strong><\/p>\n<p>Sources from the organisation told <em>The Diplomat<\/em> yesterday that <strong>the event will go ahead despite the <em>Filomena<\/em> storm<\/strong>. Both the King and the rest of the authorities will be the only people present at the event and the rest of the participants (investors and companies) will do so by videoconference. These restrictions, as well as the suspension of the usual lunch and dinner at this forum and the change of venue (initially it was going to be the Palacio de la Bolsa in Madrid, but in the end the venue was chosen to be the Pavilion in the Cecilio Rodr\u00edguez Garden, in the Retiro Park in Madrid), form part of <strong>the security measures related to the COVID-19 and, at the same time, will facilitate the holding of the forum despite the storm.<\/strong><\/p>\n<p><strong>\u00a0<\/strong><\/p>\n<p>Spain Investors Day is a company of the Estudio de Comunicaci\u00f3n group, which has BNP Paribas, Europe&#8217;s leading financial services company, and Exane BNP Paribas, one of Europe&#8217;s leading equity intermediaries, as strategic partners. The Forum is sponsored by international firms such as Grant Thornton and Endesa, which joined as a sponsor on 10 December. &#8220;The SID takes on a special role on this occasion, given the crisis situation and the significant fall in the Spanish stock market in 2020. It will therefore be a unique opportunity to strengthen confidence in the Spanish economy in a scenario of uncertainty and generate more activity and employment&#8221;, said the organisers.<\/p>\n<p>&nbsp;<\/p>\n<p>&nbsp;<\/p>\n","protected":false},"excerpt":{"rendered":"<p>King Philip VI will preside over the inauguration of the 11th edition of the Spain Investors Day (SID) Forum, which will be held in Madrid on 13 and 14 January despite the passage<\/p>\n","protected":false},"author":1,"featured_media":56800,"comment_status":"open","ping_status":"open","sticky":false,"template":"","format":"standard","meta":{"jnews-multi-image_gallery":[],"jnews_single_post":[],"jnews_primary_category":[],"jnews_social_meta":[],"jnews_override_counter":[],"jnews_post_split":[],"footnotes":""},"categories":[106,158,159,182,162],"tags":[],"class_list":["post-72445","post","type-post","status-publish","format-standard","has-post-thumbnail","hentry","category-frontpage","category-frontpage-en","category-news","category-subscribers","category-the-world-in-spain"],"yoast_head":"<!-- This site is optimized with the Yoast SEO plugin v27.4 - https:\/\/yoast.com\/product\/yoast-seo-wordpress\/ -->\n<title>The King opens tomorrow Spain Investors Day 2021, despite snowstorm - thediplomatinspain.com<\/title>\n<meta name=\"robots\" content=\"index, follow, max-snippet:-1, max-image-preview:large, max-video-preview:-1\" \/>\n<link rel=\"canonical\" href=\"https:\/\/thediplomatinspain.com\/en\/2021\/01\/12\/the-king-opens-tomorrow-spain-investors-day-2021-despite-snowstorm\/\" \/>\n<meta property=\"og:locale\" content=\"en_US\" \/>\n<meta property=\"og:type\" content=\"article\" \/>\n<meta property=\"og:title\" content=\"The King opens tomorrow Spain Investors Day 2021, despite snowstorm - thediplomatinspain.com\" \/>\n<meta property=\"og:description\" content=\"King Philip VI will preside over the inauguration of the 11th edition of the Spain Investors Day (SID) Forum, which will be held in Madrid on 13 and 14 January despite the passage\" \/>\n<meta property=\"og:url\" content=\"https:\/\/thediplomatinspain.com\/en\/2021\/01\/12\/the-king-opens-tomorrow-spain-investors-day-2021-despite-snowstorm\/\" \/>\n<meta property=\"og:site_name\" content=\"thediplomatinspain.com\" \/>\n<meta property=\"article:publisher\" content=\"https:\/\/www.facebook.com\/thediplomatinspain\" \/>\n<meta property=\"article:published_time\" content=\"2021-01-12T04:06:08+00:00\" \/>\n<meta property=\"og:image\" content=\"https:\/\/thediplomatinspain.com\/wp-content\/uploads\/2024\/05\/FVI-SID.jpg\" \/>\n\t<meta property=\"og:image:width\" content=\"750\" \/>\n\t<meta property=\"og:image:height\" content=\"483\" \/>\n\t<meta property=\"og:image:type\" content=\"image\/jpeg\" \/>\n<meta name=\"author\" content=\"Redacci\u00f3n\" \/>\n<meta name=\"twitter:card\" content=\"summary_large_image\" \/>\n<meta name=\"twitter:creator\" content=\"@diplomatinspain\" \/>\n<meta name=\"twitter:site\" content=\"@diplomatinspain\" \/>\n<meta name=\"twitter:label1\" content=\"Written by\" \/>\n\t<meta name=\"twitter:data1\" content=\"Redacci\u00f3n\" \/>\n\t<meta name=\"twitter:label2\" content=\"Est. reading time\" \/>\n\t<meta name=\"twitter:data2\" content=\"3 minutes\" \/>\n<script type=\"application\/ld+json\" class=\"yoast-schema-graph\">{\"@context\":\"https:\\\/\\\/schema.org\",\"@graph\":[{\"@type\":\"Article\",\"@id\":\"https:\\\/\\\/thediplomatinspain.com\\\/en\\\/2021\\\/01\\\/12\\\/the-king-opens-tomorrow-spain-investors-day-2021-despite-snowstorm\\\/#article\",\"isPartOf\":{\"@id\":\"https:\\\/\\\/thediplomatinspain.com\\\/en\\\/2021\\\/01\\\/12\\\/the-king-opens-tomorrow-spain-investors-day-2021-despite-snowstorm\\\/\"},\"author\":{\"name\":\"Redacci\u00f3n\",\"@id\":\"https:\\\/\\\/thediplomatinspain.com\\\/#\\\/schema\\\/person\\\/90d9b3004c2822bcbe64082dad885a9c\"},\"headline\":\"The King opens tomorrow Spain Investors Day 2021, despite snowstorm\",\"datePublished\":\"2021-01-12T04:06:08+00:00\",\"mainEntityOfPage\":{\"@id\":\"https:\\\/\\\/thediplomatinspain.com\\\/en\\\/2021\\\/01\\\/12\\\/the-king-opens-tomorrow-spain-investors-day-2021-despite-snowstorm\\\/\"},\"wordCount\":539,\"commentCount\":0,\"publisher\":{\"@id\":\"https:\\\/\\\/thediplomatinspain.com\\\/#organization\"},\"image\":{\"@id\":\"https:\\\/\\\/thediplomatinspain.com\\\/en\\\/2021\\\/01\\\/12\\\/the-king-opens-tomorrow-spain-investors-day-2021-despite-snowstorm\\\/#primaryimage\"},\"thumbnailUrl\":\"https:\\\/\\\/thediplomatinspain.com\\\/wp-content\\\/uploads\\\/2024\\\/05\\\/FVI-SID.jpg\",\"articleSection\":[\"Frontpage\",\"Frontpage\",\"News\",\"Subscribers\",\"The world in Spain\"],\"inLanguage\":\"en-US\",\"potentialAction\":[{\"@type\":\"CommentAction\",\"name\":\"Comment\",\"target\":[\"https:\\\/\\\/thediplomatinspain.com\\\/en\\\/2021\\\/01\\\/12\\\/the-king-opens-tomorrow-spain-investors-day-2021-despite-snowstorm\\\/#respond\"]}]},{\"@type\":\"WebPage\",\"@id\":\"https:\\\/\\\/thediplomatinspain.com\\\/en\\\/2021\\\/01\\\/12\\\/the-king-opens-tomorrow-spain-investors-day-2021-despite-snowstorm\\\/\",\"url\":\"https:\\\/\\\/thediplomatinspain.com\\\/en\\\/2021\\\/01\\\/12\\\/the-king-opens-tomorrow-spain-investors-day-2021-despite-snowstorm\\\/\",\"name\":\"The King opens tomorrow Spain Investors Day 2021, despite snowstorm - thediplomatinspain.com\",\"isPartOf\":{\"@id\":\"https:\\\/\\\/thediplomatinspain.com\\\/#website\"},\"primaryImageOfPage\":{\"@id\":\"https:\\\/\\\/thediplomatinspain.com\\\/en\\\/2021\\\/01\\\/12\\\/the-king-opens-tomorrow-spain-investors-day-2021-despite-snowstorm\\\/#primaryimage\"},\"image\":{\"@id\":\"https:\\\/\\\/thediplomatinspain.com\\\/en\\\/2021\\\/01\\\/12\\\/the-king-opens-tomorrow-spain-investors-day-2021-despite-snowstorm\\\/#primaryimage\"},\"thumbnailUrl\":\"https:\\\/\\\/thediplomatinspain.com\\\/wp-content\\\/uploads\\\/2024\\\/05\\\/FVI-SID.jpg\",\"datePublished\":\"2021-01-12T04:06:08+00:00\",\"breadcrumb\":{\"@id\":\"https:\\\/\\\/thediplomatinspain.com\\\/en\\\/2021\\\/01\\\/12\\\/the-king-opens-tomorrow-spain-investors-day-2021-despite-snowstorm\\\/#breadcrumb\"},\"inLanguage\":\"en-US\",\"potentialAction\":[{\"@type\":\"ReadAction\",\"target\":[\"https:\\\/\\\/thediplomatinspain.com\\\/en\\\/2021\\\/01\\\/12\\\/the-king-opens-tomorrow-spain-investors-day-2021-despite-snowstorm\\\/\"]}]},{\"@type\":\"ImageObject\",\"inLanguage\":\"en-US\",\"@id\":\"https:\\\/\\\/thediplomatinspain.com\\\/en\\\/2021\\\/01\\\/12\\\/the-king-opens-tomorrow-spain-investors-day-2021-despite-snowstorm\\\/#primaryimage\",\"url\":\"https:\\\/\\\/thediplomatinspain.com\\\/wp-content\\\/uploads\\\/2024\\\/05\\\/FVI-SID.jpg\",\"contentUrl\":\"https:\\\/\\\/thediplomatinspain.com\\\/wp-content\\\/uploads\\\/2024\\\/05\\\/FVI-SID.jpg\",\"width\":750,\"height\":483,\"caption\":\"Photo: ESTUDIO DE COMUNICACI\u00d3N\"},{\"@type\":\"BreadcrumbList\",\"@id\":\"https:\\\/\\\/thediplomatinspain.com\\\/en\\\/2021\\\/01\\\/12\\\/the-king-opens-tomorrow-spain-investors-day-2021-despite-snowstorm\\\/#breadcrumb\",\"itemListElement\":[{\"@type\":\"ListItem\",\"position\":1,\"name\":\"Portada\",\"item\":\"https:\\\/\\\/thediplomatinspain.com\\\/en\\\/\"},{\"@type\":\"ListItem\",\"position\":2,\"name\":\"The King opens tomorrow Spain Investors Day 2021, despite snowstorm\"}]},{\"@type\":\"WebSite\",\"@id\":\"https:\\\/\\\/thediplomatinspain.com\\\/#website\",\"url\":\"https:\\\/\\\/thediplomatinspain.com\\\/\",\"name\":\"thediplomatinspain.com\",\"description\":\"Diario digital de referencia para diplom\u00e1ticos y empresas\",\"publisher\":{\"@id\":\"https:\\\/\\\/thediplomatinspain.com\\\/#organization\"},\"potentialAction\":[{\"@type\":\"SearchAction\",\"target\":{\"@type\":\"EntryPoint\",\"urlTemplate\":\"https:\\\/\\\/thediplomatinspain.com\\\/?s={search_term_string}\"},\"query-input\":{\"@type\":\"PropertyValueSpecification\",\"valueRequired\":true,\"valueName\":\"search_term_string\"}}],\"inLanguage\":\"en-US\"},{\"@type\":\"Organization\",\"@id\":\"https:\\\/\\\/thediplomatinspain.com\\\/#organization\",\"name\":\"thediplomatinspain.com\",\"url\":\"https:\\\/\\\/thediplomatinspain.com\\\/\",\"logo\":{\"@type\":\"ImageObject\",\"inLanguage\":\"en-US\",\"@id\":\"https:\\\/\\\/thediplomatinspain.com\\\/#\\\/schema\\\/logo\\\/image\\\/\",\"url\":\"https:\\\/\\\/thediplomatinspain.com\\\/wp-content\\\/uploads\\\/2024\\\/06\\\/logo_the_diplomat.png\",\"contentUrl\":\"https:\\\/\\\/thediplomatinspain.com\\\/wp-content\\\/uploads\\\/2024\\\/06\\\/logo_the_diplomat.png\",\"width\":284,\"height\":77,\"caption\":\"thediplomatinspain.com\"},\"image\":{\"@id\":\"https:\\\/\\\/thediplomatinspain.com\\\/#\\\/schema\\\/logo\\\/image\\\/\"},\"sameAs\":[\"https:\\\/\\\/www.facebook.com\\\/thediplomatinspain\",\"https:\\\/\\\/x.com\\\/diplomatinspain\",\"https:\\\/\\\/www.youtube.com\\\/channel\\\/UCK0mRqeeZDKdFeiFQZLcH2A\"]},{\"@type\":\"Person\",\"@id\":\"https:\\\/\\\/thediplomatinspain.com\\\/#\\\/schema\\\/person\\\/90d9b3004c2822bcbe64082dad885a9c\",\"name\":\"Redacci\u00f3n\",\"image\":{\"@type\":\"ImageObject\",\"inLanguage\":\"en-US\",\"@id\":\"https:\\\/\\\/secure.gravatar.com\\\/avatar\\\/6be270e1c81317331dd99c1537c17b9683039795b5a956c595769bfada5e7067?s=96&d=mm&r=g\",\"url\":\"https:\\\/\\\/secure.gravatar.com\\\/avatar\\\/6be270e1c81317331dd99c1537c17b9683039795b5a956c595769bfada5e7067?s=96&d=mm&r=g\",\"contentUrl\":\"https:\\\/\\\/secure.gravatar.com\\\/avatar\\\/6be270e1c81317331dd99c1537c17b9683039795b5a956c595769bfada5e7067?s=96&d=mm&r=g\",\"caption\":\"Redacci\u00f3n\"},\"sameAs\":[\"https:\\\/\\\/thediplomatinspain.com\\\/\"],\"url\":\"https:\\\/\\\/thediplomatinspain.com\\\/en\\\/author\\\/soportecibeles\\\/\"},{\"@type\":[\"Organization\",\"NewsMediaOrganization\"],\"@id\":\"https:\\\/\\\/thediplomatinspain.com\\\/en\\\/#organization\"},{\"@type\":\"SiteNavigationElement\",\"@id\":\"https:\\\/\\\/thediplomatinspain.com\\\/en\\\/#site-navigation\",\"cssSelector\":[\".cib-main-menu\"]},{\"@type\":\"WPHeader\",\"@id\":\"https:\\\/\\\/thediplomatinspain.com\\\/en\\\/#header\",\"cssSelector\":[\".cib-header\"]},{\"@type\":\"WPFooter\",\"@id\":\"https:\\\/\\\/thediplomatinspain.com\\\/en\\\/#footer\",\"cssSelector\":[\".cib-footer\"]}]}<\/script>\n<!-- \/ Yoast SEO plugin. -->","yoast_head_json":{"title":"The King opens tomorrow Spain Investors Day 2021, despite snowstorm - thediplomatinspain.com","robots":{"index":"index","follow":"follow","max-snippet":"max-snippet:-1","max-image-preview":"max-image-preview:large","max-video-preview":"max-video-preview:-1"},"canonical":"https:\/\/thediplomatinspain.com\/en\/2021\/01\/12\/the-king-opens-tomorrow-spain-investors-day-2021-despite-snowstorm\/","og_locale":"en_US","og_type":"article","og_title":"The King opens tomorrow Spain Investors Day 2021, despite snowstorm - thediplomatinspain.com","og_description":"King Philip VI will preside over the inauguration of the 11th edition of the Spain Investors Day (SID) Forum, which will be held in Madrid on 13 and 14 January despite the passage","og_url":"https:\/\/thediplomatinspain.com\/en\/2021\/01\/12\/the-king-opens-tomorrow-spain-investors-day-2021-despite-snowstorm\/","og_site_name":"thediplomatinspain.com","article_publisher":"https:\/\/www.facebook.com\/thediplomatinspain","article_published_time":"2021-01-12T04:06:08+00:00","og_image":[{"width":750,"height":483,"url":"https:\/\/thediplomatinspain.com\/wp-content\/uploads\/2024\/05\/FVI-SID.jpg","type":"image\/jpeg"}],"author":"Redacci\u00f3n","twitter_card":"summary_large_image","twitter_creator":"@diplomatinspain","twitter_site":"@diplomatinspain","twitter_misc":{"Written by":"Redacci\u00f3n","Est. reading time":"3 minutes"},"schema":{"@context":"https:\/\/schema.org","@graph":[{"@type":"Article","@id":"https:\/\/thediplomatinspain.com\/en\/2021\/01\/12\/the-king-opens-tomorrow-spain-investors-day-2021-despite-snowstorm\/#article","isPartOf":{"@id":"https:\/\/thediplomatinspain.com\/en\/2021\/01\/12\/the-king-opens-tomorrow-spain-investors-day-2021-despite-snowstorm\/"},"author":{"name":"Redacci\u00f3n","@id":"https:\/\/thediplomatinspain.com\/#\/schema\/person\/90d9b3004c2822bcbe64082dad885a9c"},"headline":"The King opens tomorrow Spain Investors Day 2021, despite snowstorm","datePublished":"2021-01-12T04:06:08+00:00","mainEntityOfPage":{"@id":"https:\/\/thediplomatinspain.com\/en\/2021\/01\/12\/the-king-opens-tomorrow-spain-investors-day-2021-despite-snowstorm\/"},"wordCount":539,"commentCount":0,"publisher":{"@id":"https:\/\/thediplomatinspain.com\/#organization"},"image":{"@id":"https:\/\/thediplomatinspain.com\/en\/2021\/01\/12\/the-king-opens-tomorrow-spain-investors-day-2021-despite-snowstorm\/#primaryimage"},"thumbnailUrl":"https:\/\/thediplomatinspain.com\/wp-content\/uploads\/2024\/05\/FVI-SID.jpg","articleSection":["Frontpage","Frontpage","News","Subscribers","The world in Spain"],"inLanguage":"en-US","potentialAction":[{"@type":"CommentAction","name":"Comment","target":["https:\/\/thediplomatinspain.com\/en\/2021\/01\/12\/the-king-opens-tomorrow-spain-investors-day-2021-despite-snowstorm\/#respond"]}]},{"@type":"WebPage","@id":"https:\/\/thediplomatinspain.com\/en\/2021\/01\/12\/the-king-opens-tomorrow-spain-investors-day-2021-despite-snowstorm\/","url":"https:\/\/thediplomatinspain.com\/en\/2021\/01\/12\/the-king-opens-tomorrow-spain-investors-day-2021-despite-snowstorm\/","name":"The King opens tomorrow Spain Investors Day 2021, despite snowstorm - thediplomatinspain.com","isPartOf":{"@id":"https:\/\/thediplomatinspain.com\/#website"},"primaryImageOfPage":{"@id":"https:\/\/thediplomatinspain.com\/en\/2021\/01\/12\/the-king-opens-tomorrow-spain-investors-day-2021-despite-snowstorm\/#primaryimage"},"image":{"@id":"https:\/\/thediplomatinspain.com\/en\/2021\/01\/12\/the-king-opens-tomorrow-spain-investors-day-2021-despite-snowstorm\/#primaryimage"},"thumbnailUrl":"https:\/\/thediplomatinspain.com\/wp-content\/uploads\/2024\/05\/FVI-SID.jpg","datePublished":"2021-01-12T04:06:08+00:00","breadcrumb":{"@id":"https:\/\/thediplomatinspain.com\/en\/2021\/01\/12\/the-king-opens-tomorrow-spain-investors-day-2021-despite-snowstorm\/#breadcrumb"},"inLanguage":"en-US","potentialAction":[{"@type":"ReadAction","target":["https:\/\/thediplomatinspain.com\/en\/2021\/01\/12\/the-king-opens-tomorrow-spain-investors-day-2021-despite-snowstorm\/"]}]},{"@type":"ImageObject","inLanguage":"en-US","@id":"https:\/\/thediplomatinspain.com\/en\/2021\/01\/12\/the-king-opens-tomorrow-spain-investors-day-2021-despite-snowstorm\/#primaryimage","url":"https:\/\/thediplomatinspain.com\/wp-content\/uploads\/2024\/05\/FVI-SID.jpg","contentUrl":"https:\/\/thediplomatinspain.com\/wp-content\/uploads\/2024\/05\/FVI-SID.jpg","width":750,"height":483,"caption":"Photo: ESTUDIO DE COMUNICACI\u00d3N"},{"@type":"BreadcrumbList","@id":"https:\/\/thediplomatinspain.com\/en\/2021\/01\/12\/the-king-opens-tomorrow-spain-investors-day-2021-despite-snowstorm\/#breadcrumb","itemListElement":[{"@type":"ListItem","position":1,"name":"Portada","item":"https:\/\/thediplomatinspain.com\/en\/"},{"@type":"ListItem","position":2,"name":"The King opens tomorrow Spain Investors Day 2021, despite snowstorm"}]},{"@type":"WebSite","@id":"https:\/\/thediplomatinspain.com\/#website","url":"https:\/\/thediplomatinspain.com\/","name":"thediplomatinspain.com","description":"Diario digital de referencia para diplom\u00e1ticos y empresas","publisher":{"@id":"https:\/\/thediplomatinspain.com\/#organization"},"potentialAction":[{"@type":"SearchAction","target":{"@type":"EntryPoint","urlTemplate":"https:\/\/thediplomatinspain.com\/?s={search_term_string}"},"query-input":{"@type":"PropertyValueSpecification","valueRequired":true,"valueName":"search_term_string"}}],"inLanguage":"en-US"},{"@type":"Organization","@id":"https:\/\/thediplomatinspain.com\/#organization","name":"thediplomatinspain.com","url":"https:\/\/thediplomatinspain.com\/","logo":{"@type":"ImageObject","inLanguage":"en-US","@id":"https:\/\/thediplomatinspain.com\/#\/schema\/logo\/image\/","url":"https:\/\/thediplomatinspain.com\/wp-content\/uploads\/2024\/06\/logo_the_diplomat.png","contentUrl":"https:\/\/thediplomatinspain.com\/wp-content\/uploads\/2024\/06\/logo_the_diplomat.png","width":284,"height":77,"caption":"thediplomatinspain.com"},"image":{"@id":"https:\/\/thediplomatinspain.com\/#\/schema\/logo\/image\/"},"sameAs":["https:\/\/www.facebook.com\/thediplomatinspain","https:\/\/x.com\/diplomatinspain","https:\/\/www.youtube.com\/channel\/UCK0mRqeeZDKdFeiFQZLcH2A"]},{"@type":"Person","@id":"https:\/\/thediplomatinspain.com\/#\/schema\/person\/90d9b3004c2822bcbe64082dad885a9c","name":"Redacci\u00f3n","image":{"@type":"ImageObject","inLanguage":"en-US","@id":"https:\/\/secure.gravatar.com\/avatar\/6be270e1c81317331dd99c1537c17b9683039795b5a956c595769bfada5e7067?s=96&d=mm&r=g","url":"https:\/\/secure.gravatar.com\/avatar\/6be270e1c81317331dd99c1537c17b9683039795b5a956c595769bfada5e7067?s=96&d=mm&r=g","contentUrl":"https:\/\/secure.gravatar.com\/avatar\/6be270e1c81317331dd99c1537c17b9683039795b5a956c595769bfada5e7067?s=96&d=mm&r=g","caption":"Redacci\u00f3n"},"sameAs":["https:\/\/thediplomatinspain.com\/"],"url":"https:\/\/thediplomatinspain.com\/en\/author\/soportecibeles\/"},{"@type":["Organization","NewsMediaOrganization"],"@id":"https:\/\/thediplomatinspain.com\/en\/#organization"},{"@type":"SiteNavigationElement","@id":"https:\/\/thediplomatinspain.com\/en\/#site-navigation","cssSelector":[".cib-main-menu"]},{"@type":"WPHeader","@id":"https:\/\/thediplomatinspain.com\/en\/#header","cssSelector":[".cib-header"]},{"@type":"WPFooter","@id":"https:\/\/thediplomatinspain.com\/en\/#footer","cssSelector":[".cib-footer"]}]}},"amp_enabled":true,"_links":{"self":[{"href":"https:\/\/thediplomatinspain.com\/en\/wp-json\/wp\/v2\/posts\/72445","targetHints":{"allow":["GET"]}}],"collection":[{"href":"https:\/\/thediplomatinspain.com\/en\/wp-json\/wp\/v2\/posts"}],"about":[{"href":"https:\/\/thediplomatinspain.com\/en\/wp-json\/wp\/v2\/types\/post"}],"author":[{"embeddable":true,"href":"https:\/\/thediplomatinspain.com\/en\/wp-json\/wp\/v2\/users\/1"}],"replies":[{"embeddable":true,"href":"https:\/\/thediplomatinspain.com\/en\/wp-json\/wp\/v2\/comments?post=72445"}],"version-history":[{"count":0,"href":"https:\/\/thediplomatinspain.com\/en\/wp-json\/wp\/v2\/posts\/72445\/revisions"}],"wp:featuredmedia":[{"embeddable":true,"href":"https:\/\/thediplomatinspain.com\/en\/wp-json\/wp\/v2\/media\/56800"}],"wp:attachment":[{"href":"https:\/\/thediplomatinspain.com\/en\/wp-json\/wp\/v2\/media?parent=72445"}],"wp:term":[{"taxonomy":"category","embeddable":true,"href":"https:\/\/thediplomatinspain.com\/en\/wp-json\/wp\/v2\/categories?post=72445"},{"taxonomy":"post_tag","embeddable":true,"href":"https:\/\/thediplomatinspain.com\/en\/wp-json\/wp\/v2\/tags?post=72445"}],"curies":[{"name":"wp","href":"https:\/\/api.w.org\/{rel}","templated":true}]}}