{"id":72312,"date":"2025-08-18T06:07:17","date_gmt":"2025-08-18T04:07:17","guid":{"rendered":"https:\/\/zen-hopper.82-223-81-17.plesk.page\/2023\/08\/18\/mediation-by-spanish-diplomat-to-bring-an-end-to-the-great-war\/"},"modified":"2025-07-29T16:26:18","modified_gmt":"2025-07-29T14:26:18","slug":"mediation-by-spanish-diplomat-to-bring-an-end-to-the-great-war","status":"publish","type":"post","link":"https:\/\/thediplomatinspain.com\/en\/2025\/08\/18\/mediation-by-spanish-diplomat-to-bring-an-end-to-the-great-war\/","title":{"rendered":"Mediation by Spanish diplomat to bring an end to the Great War"},"content":{"rendered":"<p><span style=\"font-size: small;\"><strong>The Diplomat<\/strong><\/span><\/p>\n<p>&nbsp;<\/p>\n<p><strong><span style=\"font-size: medium;\"><strong>In the books on the First World War two prominent Spaniards stand out: the King, Alfonso XIII for his humanitarian efforts and the ambassador to Belgium, Rodrigo Saavedra y Vinent, though the diplomat went down in history under the title he held; Marquis of Villalobar, (Madrid, 1866 \u2013 Brussels, 1926)<\/strong>.<\/span><\/strong><\/p>\n<p>&nbsp;<\/p>\n<p>4 August 1914; the day Germany entered Belgium, neutral at the time, the centenary of which is being celebrated today across Europe. From that date the Spanish monarch contrived to keep Spain on the margins of the dispute. When, in 1915, the world realised the war would be prolonged, he set in motion a humanitarian effort, trying to locate prisoners of war, through the so called Pro-Captives Office, based within the Royal Palace. In addition he also participated in a number of diplomatic actions, alongside the United States, until the latter entered the war in 1917, and with the Vatican, so that the allies and the central empires would put an end to the barbarity.<\/p>\n<p>&nbsp;<\/p>\n<p>The Marquis of Villalobar participated in each of these negotiations from his strategic position as Spanish ambassador to Brussels. Before being posted there he\u2019d held positions in Paris, Washington, London and Lisbon. He would pass away in the Belgian capital, in 1926, still as Spanish ambassador. Thousands of people took to the street to say their last farewells, and a bust of him can be found in the Belgian senate.<\/p>\n<p>&nbsp;<\/p>\n<p>The Spanish diplomatic corps was made up of exceptional ambassadors during the First World War, according to \u00c1lvaro Lozano in a study on the Marquis of Villalobar for the National University of Distance Learning (UNED in Spanish). \u00a0Some of the most important and noteworthy were Ram\u00edrez de Villaurrutia, in Paris from 1913, a Francophile and Alfonso Merry del Val y Zulueta in London, who was an Anglophile. Polo de Bernab\u00e9 y Pil\u00f3n was posted to Berlin from 1906, while Ram\u00f3n Pina y Millet had been representing Spain in Rome since 1911, at the head of a complicated embassy, due mostly to the fact that relations between the Savoys and the Bourbons had been strained since the Italian reunification and the end of the Papal States. An\u00edbal Morillo y P\u00e9rez, Count of Cartagena, was at the head of\u00a0St Petersburg diplomatic mission from 1914 whereas the post at Bern was filled by Francisco de Reynoso and Lisbon, from a year earlier, by Luis Valora y Delavat, Marquis of Villasinda. Finally, within the cohort of diplomats that would play a particularly important role in the war was Cipriano Mu\u00f1oz y Manzano, Count of la Vi\u00f1aza, ambassador to the Vatican.<\/p>\n<p>&nbsp;<\/p>\n<p>When German troops invaded Belgium, violating the country\u2019s neutrality, all the diplomatic representatives decided to follow the Belgian Government into exile, to Le Havre (France), except the three representing neutral countries; Spain, the United States and the Netherlands (though the latter left only a charg\u00e9 d&#8217;affaires). Villalobar soon established a friendship with his US counterpart, Brand Whitlock, and together they carried out extraordinary efforts on many fronts as \u201cprotector\u201d ministers for Belgium.<\/p>\n<p>&nbsp;<\/p>\n<p>In the days following the German invasion, Villalobar took charge of the diplomatic interests of a long list of belligerent nations, which would lengthen progressively as other countries entered into the war. This was especially so in 1917, when Whitlock abandoned Brussels for Le Havre due to the US entry into the conflict with Germany.<\/p>\n<p>&nbsp;<\/p>\n<p>At first he worked closely with the local authorities, with the aim of ensuring that Brussels was not bombed, a process he would repeat only weeks later, this time for Antwerp, on the request of the German authorities. From the outset he established a long lasting relationship with the German occupation government, which, according to Lozano \u201cwould always be operational, though at times the tensions reached breaking point\u201d.<\/p>\n<p>&nbsp;<\/p>\n<p>Villalobar also met with the German occupiers to better the situation of the Spaniards resident in Brussels, especially those that became embroiled in German atrocities such as the destruction of Leuven, but also to help the Belgians. He attempted to stop civilian deportations, and interceded for certain Belgian personalities like Adolphe Max, Mayor of Brussels, or on behalf of renowned academic Henri Pirenne and Paul Fr\u00e9d\u00e9ricq.<\/p>\n<p>&nbsp;<\/p>\n<p>One of the most dramatic acts performed by the Marquis of Villalobar was his desperate efforts, on the night of 12 to 13August 1915 to try to postpone the execution of Edith Cavell, a British nurse condemned to death after a very brief trial before a German military tribunal. She stood accused of sheltering 200 Belgian, French and British soldiers (escaped prisoners and shot down pilots) in her hospital in Brussels before helping them escape from Belgium.<\/p>\n<p>&nbsp;<\/p>\n<p>His attempts failed, though not before he had spent most of that fateful night harassing his German contacts, well into the early hours, going so far as to exceed his diplomatic prerogatives, and raising his voice to them over and over again, demanding, even, that they phone Kaiser Wilhelm himself and wake him up.<\/p>\n<p>&nbsp;<\/p>\n<p>Another incident for which Villalobar is remembered is that of Mrs. Cart\u00f3n de Wiart, wife of the Belgian Justice Minister, who chose to stay in Brussels with her six children rather than go into exile. From the get go, Mrs. Cart\u00f3n de Wiart refused to obey the Martial Law imposed by the invaders. On 20 May 1925 she was arrested and brought before a tribunal set up in the Belgian Senate. She was condemned to three months in prison and sent to Berlin, to go into Moabit Prison.<\/p>\n<p>&nbsp;<\/p>\n<p>All efforts made to secure her release failed; from requests from the Pope to the President of the United States, Woodrow Wilson. Finally, the intervention of the Marquis of Villalobar, alongside Alfonso XIII, had better results and Berlin agreed to leave her in the charge of the Spanish ambassador on the condition that she did not return to Belgium. Mrs. Cart\u00f3n de Ward abandoned Germany under Spanish safe-conduct and entered Switzerland, where she reunited with all her children.<\/p>\n<p>&nbsp;<\/p>\n<p>In the final months of the war, Villalobar mediated between the two sides, under the bases of the 14 Point Plan, which Washington had offered the belligerent nations in order to put an end to the war without there being any winners or losers. His intervention did not produce any results; the end to the war would come only a few months later with Germany\u2019s armistice.<\/p>\n<p>&nbsp;<\/p>\n<p>&nbsp;<\/p>\n","protected":false},"excerpt":{"rendered":"<p>En los libros sobre la Primera Guerra Mundial aparecen dos espa\u00f1oles como figuras destacadas: el rey Alfonso XIII por su labor humanitaria y el embajador de nuestro pa\u00eds en B\u00e9lgica, Rodrigo Saavedra y Vinent (Madrid, 1866-Bruselas, 1926), aunque este diplom\u00e1tico pas\u00f3 a la historia por el t\u00edtulo nobiliario que ostent\u00f3: el marqu\u00e9s de Villalobar.<\/p>\n","protected":false},"author":1,"featured_media":50282,"comment_status":"open","ping_status":"open","sticky":false,"template":"","format":"standard","meta":{"jnews-multi-image_gallery":[],"jnews_single_post":[],"jnews_primary_category":[],"jnews_social_meta":[],"jnews_override_counter":[],"jnews_post_split":[],"footnotes":""},"categories":[181,158,159],"tags":[],"class_list":["post-72312","post","type-post","status-publish","format-standard","has-post-thumbnail","hentry","category-diplomacy-with-a-story","category-frontpage-en","category-news"],"yoast_head":"<!-- This site is optimized with the Yoast SEO plugin v27.4 - https:\/\/yoast.com\/product\/yoast-seo-wordpress\/ -->\n<title>Mediation by Spanish diplomat to bring an end to the Great War - thediplomatinspain.com<\/title>\n<meta name=\"robots\" content=\"index, follow, max-snippet:-1, max-image-preview:large, max-video-preview:-1\" \/>\n<link rel=\"canonical\" href=\"https:\/\/thediplomatinspain.com\/en\/2025\/08\/18\/mediation-by-spanish-diplomat-to-bring-an-end-to-the-great-war\/\" \/>\n<meta property=\"og:locale\" content=\"en_US\" \/>\n<meta property=\"og:type\" content=\"article\" \/>\n<meta property=\"og:title\" content=\"Mediation by Spanish diplomat to bring an end to the Great War - thediplomatinspain.com\" \/>\n<meta property=\"og:description\" content=\"En los libros sobre la Primera Guerra Mundial aparecen dos espa\u00f1oles como figuras destacadas: el rey Alfonso XIII por su labor humanitaria y el embajador de nuestro pa\u00eds en B\u00e9lgica, Rodrigo Saavedra y Vinent (Madrid, 1866-Bruselas, 1926), aunque este diplom\u00e1tico pas\u00f3 a la historia por el t\u00edtulo nobiliario que ostent\u00f3: el marqu\u00e9s de Villalobar.\" \/>\n<meta property=\"og:url\" content=\"https:\/\/thediplomatinspain.com\/en\/2025\/08\/18\/mediation-by-spanish-diplomat-to-bring-an-end-to-the-great-war\/\" \/>\n<meta property=\"og:site_name\" content=\"thediplomatinspain.com\" \/>\n<meta property=\"article:publisher\" content=\"https:\/\/www.facebook.com\/thediplomatinspain\" \/>\n<meta property=\"article:published_time\" content=\"2025-08-18T04:07:17+00:00\" \/>\n<meta property=\"og:image\" content=\"https:\/\/thediplomatinspain.com\/wp-content\/uploads\/2024\/05\/Saavedra-montaje-web.jpg\" \/>\n\t<meta property=\"og:image:width\" content=\"500\" \/>\n\t<meta property=\"og:image:height\" content=\"321\" \/>\n\t<meta property=\"og:image:type\" content=\"image\/jpeg\" \/>\n<meta name=\"author\" content=\"Redacci\u00f3n\" \/>\n<meta name=\"twitter:card\" content=\"summary_large_image\" \/>\n<meta name=\"twitter:creator\" content=\"@diplomatinspain\" \/>\n<meta name=\"twitter:site\" content=\"@diplomatinspain\" \/>\n<meta name=\"twitter:label1\" content=\"Written by\" \/>\n\t<meta name=\"twitter:data1\" content=\"Redacci\u00f3n\" \/>\n\t<meta name=\"twitter:label2\" content=\"Est. reading time\" \/>\n\t<meta name=\"twitter:data2\" content=\"5 minutes\" \/>\n<script type=\"application\/ld+json\" class=\"yoast-schema-graph\">{\"@context\":\"https:\\\/\\\/schema.org\",\"@graph\":[{\"@type\":\"Article\",\"@id\":\"https:\\\/\\\/thediplomatinspain.com\\\/en\\\/2025\\\/08\\\/18\\\/mediation-by-spanish-diplomat-to-bring-an-end-to-the-great-war\\\/#article\",\"isPartOf\":{\"@id\":\"https:\\\/\\\/thediplomatinspain.com\\\/en\\\/2025\\\/08\\\/18\\\/mediation-by-spanish-diplomat-to-bring-an-end-to-the-great-war\\\/\"},\"author\":{\"name\":\"Redacci\u00f3n\",\"@id\":\"https:\\\/\\\/thediplomatinspain.com\\\/#\\\/schema\\\/person\\\/90d9b3004c2822bcbe64082dad885a9c\"},\"headline\":\"Mediation by Spanish diplomat to bring an end to the Great War\",\"datePublished\":\"2025-08-18T04:07:17+00:00\",\"mainEntityOfPage\":{\"@id\":\"https:\\\/\\\/thediplomatinspain.com\\\/en\\\/2025\\\/08\\\/18\\\/mediation-by-spanish-diplomat-to-bring-an-end-to-the-great-war\\\/\"},\"wordCount\":1082,\"commentCount\":0,\"publisher\":{\"@id\":\"https:\\\/\\\/thediplomatinspain.com\\\/#organization\"},\"image\":{\"@id\":\"https:\\\/\\\/thediplomatinspain.com\\\/en\\\/2025\\\/08\\\/18\\\/mediation-by-spanish-diplomat-to-bring-an-end-to-the-great-war\\\/#primaryimage\"},\"thumbnailUrl\":\"https:\\\/\\\/thediplomatinspain.com\\\/wp-content\\\/uploads\\\/2024\\\/05\\\/Saavedra-montaje-web.jpg\",\"articleSection\":[\"Diplomacy with a story\",\"Frontpage\",\"News\"],\"inLanguage\":\"en-US\",\"potentialAction\":[{\"@type\":\"CommentAction\",\"name\":\"Comment\",\"target\":[\"https:\\\/\\\/thediplomatinspain.com\\\/en\\\/2025\\\/08\\\/18\\\/mediation-by-spanish-diplomat-to-bring-an-end-to-the-great-war\\\/#respond\"]}]},{\"@type\":\"WebPage\",\"@id\":\"https:\\\/\\\/thediplomatinspain.com\\\/en\\\/2025\\\/08\\\/18\\\/mediation-by-spanish-diplomat-to-bring-an-end-to-the-great-war\\\/\",\"url\":\"https:\\\/\\\/thediplomatinspain.com\\\/en\\\/2025\\\/08\\\/18\\\/mediation-by-spanish-diplomat-to-bring-an-end-to-the-great-war\\\/\",\"name\":\"Mediation by Spanish diplomat to bring an end to the Great War - thediplomatinspain.com\",\"isPartOf\":{\"@id\":\"https:\\\/\\\/thediplomatinspain.com\\\/#website\"},\"primaryImageOfPage\":{\"@id\":\"https:\\\/\\\/thediplomatinspain.com\\\/en\\\/2025\\\/08\\\/18\\\/mediation-by-spanish-diplomat-to-bring-an-end-to-the-great-war\\\/#primaryimage\"},\"image\":{\"@id\":\"https:\\\/\\\/thediplomatinspain.com\\\/en\\\/2025\\\/08\\\/18\\\/mediation-by-spanish-diplomat-to-bring-an-end-to-the-great-war\\\/#primaryimage\"},\"thumbnailUrl\":\"https:\\\/\\\/thediplomatinspain.com\\\/wp-content\\\/uploads\\\/2024\\\/05\\\/Saavedra-montaje-web.jpg\",\"datePublished\":\"2025-08-18T04:07:17+00:00\",\"breadcrumb\":{\"@id\":\"https:\\\/\\\/thediplomatinspain.com\\\/en\\\/2025\\\/08\\\/18\\\/mediation-by-spanish-diplomat-to-bring-an-end-to-the-great-war\\\/#breadcrumb\"},\"inLanguage\":\"en-US\",\"potentialAction\":[{\"@type\":\"ReadAction\",\"target\":[\"https:\\\/\\\/thediplomatinspain.com\\\/en\\\/2025\\\/08\\\/18\\\/mediation-by-spanish-diplomat-to-bring-an-end-to-the-great-war\\\/\"]}]},{\"@type\":\"ImageObject\",\"inLanguage\":\"en-US\",\"@id\":\"https:\\\/\\\/thediplomatinspain.com\\\/en\\\/2025\\\/08\\\/18\\\/mediation-by-spanish-diplomat-to-bring-an-end-to-the-great-war\\\/#primaryimage\",\"url\":\"https:\\\/\\\/thediplomatinspain.com\\\/wp-content\\\/uploads\\\/2024\\\/05\\\/Saavedra-montaje-web.jpg\",\"contentUrl\":\"https:\\\/\\\/thediplomatinspain.com\\\/wp-content\\\/uploads\\\/2024\\\/05\\\/Saavedra-montaje-web.jpg\",\"width\":500,\"height\":321,\"caption\":\"Busto de Rodrigo Saavedra (en la foto) en Bruselas.\\\/ Foto:\u00a0Alfonso,Canal Bruselas.\u00a0\"},{\"@type\":\"BreadcrumbList\",\"@id\":\"https:\\\/\\\/thediplomatinspain.com\\\/en\\\/2025\\\/08\\\/18\\\/mediation-by-spanish-diplomat-to-bring-an-end-to-the-great-war\\\/#breadcrumb\",\"itemListElement\":[{\"@type\":\"ListItem\",\"position\":1,\"name\":\"Portada\",\"item\":\"https:\\\/\\\/thediplomatinspain.com\\\/en\\\/\"},{\"@type\":\"ListItem\",\"position\":2,\"name\":\"Mediation by Spanish diplomat to bring an end to the Great War\"}]},{\"@type\":\"WebSite\",\"@id\":\"https:\\\/\\\/thediplomatinspain.com\\\/#website\",\"url\":\"https:\\\/\\\/thediplomatinspain.com\\\/\",\"name\":\"thediplomatinspain.com\",\"description\":\"Diario digital de referencia para diplom\u00e1ticos y empresas\",\"publisher\":{\"@id\":\"https:\\\/\\\/thediplomatinspain.com\\\/#organization\"},\"potentialAction\":[{\"@type\":\"SearchAction\",\"target\":{\"@type\":\"EntryPoint\",\"urlTemplate\":\"https:\\\/\\\/thediplomatinspain.com\\\/?s={search_term_string}\"},\"query-input\":{\"@type\":\"PropertyValueSpecification\",\"valueRequired\":true,\"valueName\":\"search_term_string\"}}],\"inLanguage\":\"en-US\"},{\"@type\":\"Organization\",\"@id\":\"https:\\\/\\\/thediplomatinspain.com\\\/#organization\",\"name\":\"thediplomatinspain.com\",\"url\":\"https:\\\/\\\/thediplomatinspain.com\\\/\",\"logo\":{\"@type\":\"ImageObject\",\"inLanguage\":\"en-US\",\"@id\":\"https:\\\/\\\/thediplomatinspain.com\\\/#\\\/schema\\\/logo\\\/image\\\/\",\"url\":\"https:\\\/\\\/thediplomatinspain.com\\\/wp-content\\\/uploads\\\/2024\\\/06\\\/logo_the_diplomat.png\",\"contentUrl\":\"https:\\\/\\\/thediplomatinspain.com\\\/wp-content\\\/uploads\\\/2024\\\/06\\\/logo_the_diplomat.png\",\"width\":284,\"height\":77,\"caption\":\"thediplomatinspain.com\"},\"image\":{\"@id\":\"https:\\\/\\\/thediplomatinspain.com\\\/#\\\/schema\\\/logo\\\/image\\\/\"},\"sameAs\":[\"https:\\\/\\\/www.facebook.com\\\/thediplomatinspain\",\"https:\\\/\\\/x.com\\\/diplomatinspain\",\"https:\\\/\\\/www.youtube.com\\\/channel\\\/UCK0mRqeeZDKdFeiFQZLcH2A\"]},{\"@type\":\"Person\",\"@id\":\"https:\\\/\\\/thediplomatinspain.com\\\/#\\\/schema\\\/person\\\/90d9b3004c2822bcbe64082dad885a9c\",\"name\":\"Redacci\u00f3n\",\"image\":{\"@type\":\"ImageObject\",\"inLanguage\":\"en-US\",\"@id\":\"https:\\\/\\\/secure.gravatar.com\\\/avatar\\\/6be270e1c81317331dd99c1537c17b9683039795b5a956c595769bfada5e7067?s=96&d=mm&r=g\",\"url\":\"https:\\\/\\\/secure.gravatar.com\\\/avatar\\\/6be270e1c81317331dd99c1537c17b9683039795b5a956c595769bfada5e7067?s=96&d=mm&r=g\",\"contentUrl\":\"https:\\\/\\\/secure.gravatar.com\\\/avatar\\\/6be270e1c81317331dd99c1537c17b9683039795b5a956c595769bfada5e7067?s=96&d=mm&r=g\",\"caption\":\"Redacci\u00f3n\"},\"sameAs\":[\"https:\\\/\\\/thediplomatinspain.com\\\/\"],\"url\":\"https:\\\/\\\/thediplomatinspain.com\\\/en\\\/author\\\/soportecibeles\\\/\"},{\"@type\":[\"Organization\",\"NewsMediaOrganization\"],\"@id\":\"https:\\\/\\\/thediplomatinspain.com\\\/en\\\/#organization\"},{\"@type\":\"SiteNavigationElement\",\"@id\":\"https:\\\/\\\/thediplomatinspain.com\\\/en\\\/#site-navigation\",\"cssSelector\":[\".cib-main-menu\"]},{\"@type\":\"WPHeader\",\"@id\":\"https:\\\/\\\/thediplomatinspain.com\\\/en\\\/#header\",\"cssSelector\":[\".cib-header\"]},{\"@type\":\"WPFooter\",\"@id\":\"https:\\\/\\\/thediplomatinspain.com\\\/en\\\/#footer\",\"cssSelector\":[\".cib-footer\"]}]}<\/script>\n<!-- \/ Yoast SEO plugin. -->","yoast_head_json":{"title":"Mediation by Spanish diplomat to bring an end to the Great War - thediplomatinspain.com","robots":{"index":"index","follow":"follow","max-snippet":"max-snippet:-1","max-image-preview":"max-image-preview:large","max-video-preview":"max-video-preview:-1"},"canonical":"https:\/\/thediplomatinspain.com\/en\/2025\/08\/18\/mediation-by-spanish-diplomat-to-bring-an-end-to-the-great-war\/","og_locale":"en_US","og_type":"article","og_title":"Mediation by Spanish diplomat to bring an end to the Great War - thediplomatinspain.com","og_description":"En los libros sobre la Primera Guerra Mundial aparecen dos espa\u00f1oles como figuras destacadas: el rey Alfonso XIII por su labor humanitaria y el embajador de nuestro pa\u00eds en B\u00e9lgica, Rodrigo Saavedra y Vinent (Madrid, 1866-Bruselas, 1926), aunque este diplom\u00e1tico pas\u00f3 a la historia por el t\u00edtulo nobiliario que ostent\u00f3: el marqu\u00e9s de Villalobar.","og_url":"https:\/\/thediplomatinspain.com\/en\/2025\/08\/18\/mediation-by-spanish-diplomat-to-bring-an-end-to-the-great-war\/","og_site_name":"thediplomatinspain.com","article_publisher":"https:\/\/www.facebook.com\/thediplomatinspain","article_published_time":"2025-08-18T04:07:17+00:00","og_image":[{"width":500,"height":321,"url":"https:\/\/thediplomatinspain.com\/wp-content\/uploads\/2024\/05\/Saavedra-montaje-web.jpg","type":"image\/jpeg"}],"author":"Redacci\u00f3n","twitter_card":"summary_large_image","twitter_creator":"@diplomatinspain","twitter_site":"@diplomatinspain","twitter_misc":{"Written by":"Redacci\u00f3n","Est. reading time":"5 minutes"},"schema":{"@context":"https:\/\/schema.org","@graph":[{"@type":"Article","@id":"https:\/\/thediplomatinspain.com\/en\/2025\/08\/18\/mediation-by-spanish-diplomat-to-bring-an-end-to-the-great-war\/#article","isPartOf":{"@id":"https:\/\/thediplomatinspain.com\/en\/2025\/08\/18\/mediation-by-spanish-diplomat-to-bring-an-end-to-the-great-war\/"},"author":{"name":"Redacci\u00f3n","@id":"https:\/\/thediplomatinspain.com\/#\/schema\/person\/90d9b3004c2822bcbe64082dad885a9c"},"headline":"Mediation by Spanish diplomat to bring an end to the Great War","datePublished":"2025-08-18T04:07:17+00:00","mainEntityOfPage":{"@id":"https:\/\/thediplomatinspain.com\/en\/2025\/08\/18\/mediation-by-spanish-diplomat-to-bring-an-end-to-the-great-war\/"},"wordCount":1082,"commentCount":0,"publisher":{"@id":"https:\/\/thediplomatinspain.com\/#organization"},"image":{"@id":"https:\/\/thediplomatinspain.com\/en\/2025\/08\/18\/mediation-by-spanish-diplomat-to-bring-an-end-to-the-great-war\/#primaryimage"},"thumbnailUrl":"https:\/\/thediplomatinspain.com\/wp-content\/uploads\/2024\/05\/Saavedra-montaje-web.jpg","articleSection":["Diplomacy with a story","Frontpage","News"],"inLanguage":"en-US","potentialAction":[{"@type":"CommentAction","name":"Comment","target":["https:\/\/thediplomatinspain.com\/en\/2025\/08\/18\/mediation-by-spanish-diplomat-to-bring-an-end-to-the-great-war\/#respond"]}]},{"@type":"WebPage","@id":"https:\/\/thediplomatinspain.com\/en\/2025\/08\/18\/mediation-by-spanish-diplomat-to-bring-an-end-to-the-great-war\/","url":"https:\/\/thediplomatinspain.com\/en\/2025\/08\/18\/mediation-by-spanish-diplomat-to-bring-an-end-to-the-great-war\/","name":"Mediation by Spanish diplomat to bring an end to the Great War - thediplomatinspain.com","isPartOf":{"@id":"https:\/\/thediplomatinspain.com\/#website"},"primaryImageOfPage":{"@id":"https:\/\/thediplomatinspain.com\/en\/2025\/08\/18\/mediation-by-spanish-diplomat-to-bring-an-end-to-the-great-war\/#primaryimage"},"image":{"@id":"https:\/\/thediplomatinspain.com\/en\/2025\/08\/18\/mediation-by-spanish-diplomat-to-bring-an-end-to-the-great-war\/#primaryimage"},"thumbnailUrl":"https:\/\/thediplomatinspain.com\/wp-content\/uploads\/2024\/05\/Saavedra-montaje-web.jpg","datePublished":"2025-08-18T04:07:17+00:00","breadcrumb":{"@id":"https:\/\/thediplomatinspain.com\/en\/2025\/08\/18\/mediation-by-spanish-diplomat-to-bring-an-end-to-the-great-war\/#breadcrumb"},"inLanguage":"en-US","potentialAction":[{"@type":"ReadAction","target":["https:\/\/thediplomatinspain.com\/en\/2025\/08\/18\/mediation-by-spanish-diplomat-to-bring-an-end-to-the-great-war\/"]}]},{"@type":"ImageObject","inLanguage":"en-US","@id":"https:\/\/thediplomatinspain.com\/en\/2025\/08\/18\/mediation-by-spanish-diplomat-to-bring-an-end-to-the-great-war\/#primaryimage","url":"https:\/\/thediplomatinspain.com\/wp-content\/uploads\/2024\/05\/Saavedra-montaje-web.jpg","contentUrl":"https:\/\/thediplomatinspain.com\/wp-content\/uploads\/2024\/05\/Saavedra-montaje-web.jpg","width":500,"height":321,"caption":"Busto de Rodrigo Saavedra (en la foto) en Bruselas.\/ Foto:\u00a0Alfonso,Canal Bruselas.\u00a0"},{"@type":"BreadcrumbList","@id":"https:\/\/thediplomatinspain.com\/en\/2025\/08\/18\/mediation-by-spanish-diplomat-to-bring-an-end-to-the-great-war\/#breadcrumb","itemListElement":[{"@type":"ListItem","position":1,"name":"Portada","item":"https:\/\/thediplomatinspain.com\/en\/"},{"@type":"ListItem","position":2,"name":"Mediation by Spanish diplomat to bring an end to the Great War"}]},{"@type":"WebSite","@id":"https:\/\/thediplomatinspain.com\/#website","url":"https:\/\/thediplomatinspain.com\/","name":"thediplomatinspain.com","description":"Diario digital de referencia para diplom\u00e1ticos y empresas","publisher":{"@id":"https:\/\/thediplomatinspain.com\/#organization"},"potentialAction":[{"@type":"SearchAction","target":{"@type":"EntryPoint","urlTemplate":"https:\/\/thediplomatinspain.com\/?s={search_term_string}"},"query-input":{"@type":"PropertyValueSpecification","valueRequired":true,"valueName":"search_term_string"}}],"inLanguage":"en-US"},{"@type":"Organization","@id":"https:\/\/thediplomatinspain.com\/#organization","name":"thediplomatinspain.com","url":"https:\/\/thediplomatinspain.com\/","logo":{"@type":"ImageObject","inLanguage":"en-US","@id":"https:\/\/thediplomatinspain.com\/#\/schema\/logo\/image\/","url":"https:\/\/thediplomatinspain.com\/wp-content\/uploads\/2024\/06\/logo_the_diplomat.png","contentUrl":"https:\/\/thediplomatinspain.com\/wp-content\/uploads\/2024\/06\/logo_the_diplomat.png","width":284,"height":77,"caption":"thediplomatinspain.com"},"image":{"@id":"https:\/\/thediplomatinspain.com\/#\/schema\/logo\/image\/"},"sameAs":["https:\/\/www.facebook.com\/thediplomatinspain","https:\/\/x.com\/diplomatinspain","https:\/\/www.youtube.com\/channel\/UCK0mRqeeZDKdFeiFQZLcH2A"]},{"@type":"Person","@id":"https:\/\/thediplomatinspain.com\/#\/schema\/person\/90d9b3004c2822bcbe64082dad885a9c","name":"Redacci\u00f3n","image":{"@type":"ImageObject","inLanguage":"en-US","@id":"https:\/\/secure.gravatar.com\/avatar\/6be270e1c81317331dd99c1537c17b9683039795b5a956c595769bfada5e7067?s=96&d=mm&r=g","url":"https:\/\/secure.gravatar.com\/avatar\/6be270e1c81317331dd99c1537c17b9683039795b5a956c595769bfada5e7067?s=96&d=mm&r=g","contentUrl":"https:\/\/secure.gravatar.com\/avatar\/6be270e1c81317331dd99c1537c17b9683039795b5a956c595769bfada5e7067?s=96&d=mm&r=g","caption":"Redacci\u00f3n"},"sameAs":["https:\/\/thediplomatinspain.com\/"],"url":"https:\/\/thediplomatinspain.com\/en\/author\/soportecibeles\/"},{"@type":["Organization","NewsMediaOrganization"],"@id":"https:\/\/thediplomatinspain.com\/en\/#organization"},{"@type":"SiteNavigationElement","@id":"https:\/\/thediplomatinspain.com\/en\/#site-navigation","cssSelector":[".cib-main-menu"]},{"@type":"WPHeader","@id":"https:\/\/thediplomatinspain.com\/en\/#header","cssSelector":[".cib-header"]},{"@type":"WPFooter","@id":"https:\/\/thediplomatinspain.com\/en\/#footer","cssSelector":[".cib-footer"]}]}},"amp_enabled":true,"_links":{"self":[{"href":"https:\/\/thediplomatinspain.com\/en\/wp-json\/wp\/v2\/posts\/72312","targetHints":{"allow":["GET"]}}],"collection":[{"href":"https:\/\/thediplomatinspain.com\/en\/wp-json\/wp\/v2\/posts"}],"about":[{"href":"https:\/\/thediplomatinspain.com\/en\/wp-json\/wp\/v2\/types\/post"}],"author":[{"embeddable":true,"href":"https:\/\/thediplomatinspain.com\/en\/wp-json\/wp\/v2\/users\/1"}],"replies":[{"embeddable":true,"href":"https:\/\/thediplomatinspain.com\/en\/wp-json\/wp\/v2\/comments?post=72312"}],"version-history":[{"count":0,"href":"https:\/\/thediplomatinspain.com\/en\/wp-json\/wp\/v2\/posts\/72312\/revisions"}],"wp:featuredmedia":[{"embeddable":true,"href":"https:\/\/thediplomatinspain.com\/en\/wp-json\/wp\/v2\/media\/50282"}],"wp:attachment":[{"href":"https:\/\/thediplomatinspain.com\/en\/wp-json\/wp\/v2\/media?parent=72312"}],"wp:term":[{"taxonomy":"category","embeddable":true,"href":"https:\/\/thediplomatinspain.com\/en\/wp-json\/wp\/v2\/categories?post=72312"},{"taxonomy":"post_tag","embeddable":true,"href":"https:\/\/thediplomatinspain.com\/en\/wp-json\/wp\/v2\/tags?post=72312"}],"curies":[{"name":"wp","href":"https:\/\/api.w.org\/{rel}","templated":true}]}}