{"id":137359,"date":"2026-02-18T17:11:38","date_gmt":"2026-02-18T16:11:38","guid":{"rendered":"https:\/\/thediplomatinspain.com\/?p=137359"},"modified":"2026-02-18T17:11:38","modified_gmt":"2026-02-18T16:11:38","slug":"serbia-honors-spanish-senator-antonio-gutierrez-limones-for-his-role-at-the-council-of-europe","status":"publish","type":"post","link":"https:\/\/thediplomatinspain.com\/en\/2026\/02\/18\/serbia-honors-spanish-senator-antonio-gutierrez-limones-for-his-role-at-the-council-of-europe\/","title":{"rendered":"Serbia Honors Spanish Senator Antonio Guti\u00e9rrez Limones for His Role at the Council of Europe"},"content":{"rendered":"<p data-start=\"196\" data-end=\"504\">Serbian President Aleksandar Vu\u010di\u0107 has awarded the Order of the Flag of the Republic of Serbia to Spanish Senator Antonio Guti\u00e9rrez Limones, in recognition of his contribution to strengthening relations between the two countries and his work within the Parliamentary Assembly of the Council of Europe (PACE).<\/p>\n<p data-start=\"506\" data-end=\"991\">The decoration was granted on the occasion of Serbia\u2019s National Day, when the state traditionally honours national and international figures for their contribution to the country or to the development of its foreign relations. According to Serbian authorities, the recognition reflects the Spanish parliamentarian\u2019s engagement in fostering institutional cooperation and his support for the principles of sovereignty and territorial integrity upheld by Belgrade in international forums.<\/p>\n<p data-start=\"993\" data-end=\"1466\">Guti\u00e9rrez Limones, a member of the Spanish Socialist Workers\u2019 Party (PSOE), chairs the Spanish delegation to the Parliamentary Assembly of the Council of Europe, one of the continent\u2019s key pan-European bodies dedicated to overseeing the rule of law, democracy, and human rights. The Assembly brings together parliamentarians from the Council of Europe\u2019s 46 member states and serves as an important platform for political dialogue beyond the framework of the European Union.<\/p>\n<p data-start=\"1468\" data-end=\"1880\">The award comes at a time when Serbia continues its gradual alignment with European institutions while maintaining an active diplomatic strategy aimed at strengthening bilateral ties across the continent. Spain and Serbia maintain stable political relations, supported in part by converging positions on sensitive issues such as the principle of territorial integrity, a central pillar of Serbian foreign policy.<\/p>\n<p data-start=\"1882\" data-end=\"2229\">Decorations granted on National Day form part of Serbia\u2019s established diplomatic practice and reflect the importance Belgrade attaches to institutional and parliamentary engagement across Europe. In this case, the recognition underscores the role of parliamentary channels as a vehicle for political dialogue within the broader European framework.<\/p>\n","protected":false},"excerpt":{"rendered":"<p>Serbian President Aleksandar Vu\u010di\u0107 has awarded the Order of the Flag of the Republic of Serbia to Spanish Senator Antonio Guti\u00e9rrez Limones, in recognition of his contribution to strengthening relations between the two countries and his work within the Parliamentary Assembly of the Council of Europe (PACE). The decoration was granted on the occasion of [&hellip;]<\/p>\n","protected":false},"author":365,"featured_media":137360,"comment_status":"closed","ping_status":"open","sticky":false,"template":"","format":"standard","meta":{"jnews-multi-image_gallery":[],"jnews_single_post":{"subtitle":"","format":"standard","override":[{"template":"2","parallax":"1","fullscreen":"1","layout":"right-sidebar","sidebar":"default-sidebar","second_sidebar":"default-sidebar","sticky_sidebar":"1","share_position":"top","share_float_style":"share-monocrhome","show_featured":"1","show_post_meta":"1","show_post_author":"1","show_post_date":"1","post_date_format":"default","post_date_format_custom":"Y\/m\/d","show_post_category":"1","show_post_reading_time":"0","post_reading_time_wpm":"300","post_calculate_word_method":"str_word_count","show_zoom_button":"0","zoom_button_out_step":"2","zoom_button_in_step":"3","show_post_tag":"1","show_prev_next_post":"1","show_popup_post":"1","show_comment_section":"1","number_popup_post":"1","show_author_box":"1","show_post_related":"0","show_inline_post_related":"0"}],"image_override":[{"single_post_thumbnail_size":"crop-500","single_post_gallery_size":"crop-500"}],"trending_post_position":"meta","trending_post_label":"Trending","sponsored_post_label":"Sponsored by","disable_ad":"0"},"jnews_primary_category":[],"jnews_social_meta":[],"jnews_override_counter":{"view_counter_number":"0","share_counter_number":"0","like_counter_number":"0","dislike_counter_number":"0"},"jnews_post_split":{"post_split":[{"template":"1","tag":"h2","numbering":"asc","mode":"normal","first":"0","enable_toc":"0","toc_type":"normal"}]},"footnotes":""},"categories":[170,159],"tags":[],"class_list":["post-137359","post","type-post","status-publish","format-standard","has-post-thumbnail","hentry","category-embassies","category-news"],"yoast_head":"<!-- This site is optimized with the Yoast SEO plugin v27.4 - https:\/\/yoast.com\/product\/yoast-seo-wordpress\/ -->\n<title>Serbia Honors Spanish Senator Antonio Guti\u00e9rrez Limones for His Role at the Council of Europe - thediplomatinspain.com<\/title>\n<meta name=\"robots\" content=\"index, follow, max-snippet:-1, max-image-preview:large, max-video-preview:-1\" \/>\n<link rel=\"canonical\" href=\"https:\/\/thediplomatinspain.com\/en\/2026\/02\/18\/serbia-honors-spanish-senator-antonio-gutierrez-limones-for-his-role-at-the-council-of-europe\/\" \/>\n<meta property=\"og:locale\" content=\"en_US\" \/>\n<meta property=\"og:type\" content=\"article\" \/>\n<meta property=\"og:title\" content=\"Serbia Honors Spanish Senator Antonio Guti\u00e9rrez Limones for His Role at the Council of Europe - thediplomatinspain.com\" \/>\n<meta property=\"og:description\" content=\"Serbian President Aleksandar Vu\u010di\u0107 has awarded the Order of the Flag of the Republic of Serbia to Spanish Senator Antonio Guti\u00e9rrez Limones, in recognition of his contribution to strengthening relations between the two countries and his work within the Parliamentary Assembly of the Council of Europe (PACE). The decoration was granted on the occasion of [&hellip;]\" \/>\n<meta property=\"og:url\" content=\"https:\/\/thediplomatinspain.com\/en\/2026\/02\/18\/serbia-honors-spanish-senator-antonio-gutierrez-limones-for-his-role-at-the-council-of-europe\/\" \/>\n<meta property=\"og:site_name\" content=\"thediplomatinspain.com\" \/>\n<meta property=\"article:publisher\" content=\"https:\/\/www.facebook.com\/thediplomatinspain\" \/>\n<meta property=\"article:published_time\" content=\"2026-02-18T16:11:38+00:00\" \/>\n<meta property=\"og:image\" content=\"https:\/\/thediplomatinspain.com\/wp-content\/uploads\/2026\/02\/f8c172a5-b5fa-4764-a550-7e35d738368e-e1771431081389.jpg\" \/>\n\t<meta property=\"og:image:width\" content=\"592\" \/>\n\t<meta property=\"og:image:height\" content=\"470\" \/>\n\t<meta property=\"og:image:type\" content=\"image\/jpeg\" \/>\n<meta name=\"author\" content=\"gonzalezbarcos\" \/>\n<meta name=\"twitter:card\" content=\"summary_large_image\" \/>\n<meta name=\"twitter:creator\" content=\"@diplomatinspain\" \/>\n<meta name=\"twitter:site\" content=\"@diplomatinspain\" \/>\n<meta name=\"twitter:label1\" content=\"Written by\" \/>\n\t<meta name=\"twitter:data1\" content=\"gonzalezbarcos\" \/>\n\t<meta name=\"twitter:label2\" content=\"Est. reading time\" \/>\n\t<meta name=\"twitter:data2\" content=\"2 minutes\" \/>\n<script type=\"application\/ld+json\" class=\"yoast-schema-graph\">{\"@context\":\"https:\\\/\\\/schema.org\",\"@graph\":[{\"@type\":\"Article\",\"@id\":\"https:\\\/\\\/thediplomatinspain.com\\\/en\\\/2026\\\/02\\\/18\\\/serbia-honors-spanish-senator-antonio-gutierrez-limones-for-his-role-at-the-council-of-europe\\\/#article\",\"isPartOf\":{\"@id\":\"https:\\\/\\\/thediplomatinspain.com\\\/en\\\/2026\\\/02\\\/18\\\/serbia-honors-spanish-senator-antonio-gutierrez-limones-for-his-role-at-the-council-of-europe\\\/\"},\"author\":{\"name\":\"gonzalezbarcos\",\"@id\":\"https:\\\/\\\/thediplomatinspain.com\\\/#\\\/schema\\\/person\\\/0354586a9259bb458a86a424f65bb784\"},\"headline\":\"Serbia Honors Spanish Senator Antonio Guti\u00e9rrez Limones for His Role at the Council of Europe\",\"datePublished\":\"2026-02-18T16:11:38+00:00\",\"mainEntityOfPage\":{\"@id\":\"https:\\\/\\\/thediplomatinspain.com\\\/en\\\/2026\\\/02\\\/18\\\/serbia-honors-spanish-senator-antonio-gutierrez-limones-for-his-role-at-the-council-of-europe\\\/\"},\"wordCount\":313,\"publisher\":{\"@id\":\"https:\\\/\\\/thediplomatinspain.com\\\/#organization\"},\"image\":{\"@id\":\"https:\\\/\\\/thediplomatinspain.com\\\/en\\\/2026\\\/02\\\/18\\\/serbia-honors-spanish-senator-antonio-gutierrez-limones-for-his-role-at-the-council-of-europe\\\/#primaryimage\"},\"thumbnailUrl\":\"https:\\\/\\\/thediplomatinspain.com\\\/wp-content\\\/uploads\\\/2026\\\/02\\\/f8c172a5-b5fa-4764-a550-7e35d738368e-e1771431081389.jpg\",\"articleSection\":[\"Embassies\",\"News\"],\"inLanguage\":\"en-US\"},{\"@type\":\"WebPage\",\"@id\":\"https:\\\/\\\/thediplomatinspain.com\\\/en\\\/2026\\\/02\\\/18\\\/serbia-honors-spanish-senator-antonio-gutierrez-limones-for-his-role-at-the-council-of-europe\\\/\",\"url\":\"https:\\\/\\\/thediplomatinspain.com\\\/en\\\/2026\\\/02\\\/18\\\/serbia-honors-spanish-senator-antonio-gutierrez-limones-for-his-role-at-the-council-of-europe\\\/\",\"name\":\"Serbia Honors Spanish Senator Antonio Guti\u00e9rrez Limones for His Role at the Council of Europe - thediplomatinspain.com\",\"isPartOf\":{\"@id\":\"https:\\\/\\\/thediplomatinspain.com\\\/#website\"},\"primaryImageOfPage\":{\"@id\":\"https:\\\/\\\/thediplomatinspain.com\\\/en\\\/2026\\\/02\\\/18\\\/serbia-honors-spanish-senator-antonio-gutierrez-limones-for-his-role-at-the-council-of-europe\\\/#primaryimage\"},\"image\":{\"@id\":\"https:\\\/\\\/thediplomatinspain.com\\\/en\\\/2026\\\/02\\\/18\\\/serbia-honors-spanish-senator-antonio-gutierrez-limones-for-his-role-at-the-council-of-europe\\\/#primaryimage\"},\"thumbnailUrl\":\"https:\\\/\\\/thediplomatinspain.com\\\/wp-content\\\/uploads\\\/2026\\\/02\\\/f8c172a5-b5fa-4764-a550-7e35d738368e-e1771431081389.jpg\",\"datePublished\":\"2026-02-18T16:11:38+00:00\",\"breadcrumb\":{\"@id\":\"https:\\\/\\\/thediplomatinspain.com\\\/en\\\/2026\\\/02\\\/18\\\/serbia-honors-spanish-senator-antonio-gutierrez-limones-for-his-role-at-the-council-of-europe\\\/#breadcrumb\"},\"inLanguage\":\"en-US\",\"potentialAction\":[{\"@type\":\"ReadAction\",\"target\":[\"https:\\\/\\\/thediplomatinspain.com\\\/en\\\/2026\\\/02\\\/18\\\/serbia-honors-spanish-senator-antonio-gutierrez-limones-for-his-role-at-the-council-of-europe\\\/\"]}]},{\"@type\":\"ImageObject\",\"inLanguage\":\"en-US\",\"@id\":\"https:\\\/\\\/thediplomatinspain.com\\\/en\\\/2026\\\/02\\\/18\\\/serbia-honors-spanish-senator-antonio-gutierrez-limones-for-his-role-at-the-council-of-europe\\\/#primaryimage\",\"url\":\"https:\\\/\\\/thediplomatinspain.com\\\/wp-content\\\/uploads\\\/2026\\\/02\\\/f8c172a5-b5fa-4764-a550-7e35d738368e-e1771431081389.jpg\",\"contentUrl\":\"https:\\\/\\\/thediplomatinspain.com\\\/wp-content\\\/uploads\\\/2026\\\/02\\\/f8c172a5-b5fa-4764-a550-7e35d738368e-e1771431081389.jpg\",\"width\":592,\"height\":470},{\"@type\":\"BreadcrumbList\",\"@id\":\"https:\\\/\\\/thediplomatinspain.com\\\/en\\\/2026\\\/02\\\/18\\\/serbia-honors-spanish-senator-antonio-gutierrez-limones-for-his-role-at-the-council-of-europe\\\/#breadcrumb\",\"itemListElement\":[{\"@type\":\"ListItem\",\"position\":1,\"name\":\"Portada\",\"item\":\"https:\\\/\\\/thediplomatinspain.com\\\/en\\\/\"},{\"@type\":\"ListItem\",\"position\":2,\"name\":\"Serbia Honors Spanish Senator Antonio Guti\u00e9rrez Limones for His Role at the Council of Europe\"}]},{\"@type\":\"WebSite\",\"@id\":\"https:\\\/\\\/thediplomatinspain.com\\\/#website\",\"url\":\"https:\\\/\\\/thediplomatinspain.com\\\/\",\"name\":\"thediplomatinspain.com\",\"description\":\"Diario digital de referencia para diplom\u00e1ticos y empresas\",\"publisher\":{\"@id\":\"https:\\\/\\\/thediplomatinspain.com\\\/#organization\"},\"potentialAction\":[{\"@type\":\"SearchAction\",\"target\":{\"@type\":\"EntryPoint\",\"urlTemplate\":\"https:\\\/\\\/thediplomatinspain.com\\\/?s={search_term_string}\"},\"query-input\":{\"@type\":\"PropertyValueSpecification\",\"valueRequired\":true,\"valueName\":\"search_term_string\"}}],\"inLanguage\":\"en-US\"},{\"@type\":\"Organization\",\"@id\":\"https:\\\/\\\/thediplomatinspain.com\\\/#organization\",\"name\":\"thediplomatinspain.com\",\"url\":\"https:\\\/\\\/thediplomatinspain.com\\\/\",\"logo\":{\"@type\":\"ImageObject\",\"inLanguage\":\"en-US\",\"@id\":\"https:\\\/\\\/thediplomatinspain.com\\\/#\\\/schema\\\/logo\\\/image\\\/\",\"url\":\"https:\\\/\\\/thediplomatinspain.com\\\/wp-content\\\/uploads\\\/2024\\\/06\\\/logo_the_diplomat.png\",\"contentUrl\":\"https:\\\/\\\/thediplomatinspain.com\\\/wp-content\\\/uploads\\\/2024\\\/06\\\/logo_the_diplomat.png\",\"width\":284,\"height\":77,\"caption\":\"thediplomatinspain.com\"},\"image\":{\"@id\":\"https:\\\/\\\/thediplomatinspain.com\\\/#\\\/schema\\\/logo\\\/image\\\/\"},\"sameAs\":[\"https:\\\/\\\/www.facebook.com\\\/thediplomatinspain\",\"https:\\\/\\\/x.com\\\/diplomatinspain\",\"https:\\\/\\\/www.youtube.com\\\/channel\\\/UCK0mRqeeZDKdFeiFQZLcH2A\"]},{\"@type\":\"Person\",\"@id\":\"https:\\\/\\\/thediplomatinspain.com\\\/#\\\/schema\\\/person\\\/0354586a9259bb458a86a424f65bb784\",\"name\":\"gonzalezbarcos\",\"image\":{\"@type\":\"ImageObject\",\"inLanguage\":\"en-US\",\"@id\":\"https:\\\/\\\/secure.gravatar.com\\\/avatar\\\/3c06bf4b7b596f8ac9cce84658e839d4aa231d6a29ba8a9db2a44ef5e9082118?s=96&d=mm&r=g\",\"url\":\"https:\\\/\\\/secure.gravatar.com\\\/avatar\\\/3c06bf4b7b596f8ac9cce84658e839d4aa231d6a29ba8a9db2a44ef5e9082118?s=96&d=mm&r=g\",\"contentUrl\":\"https:\\\/\\\/secure.gravatar.com\\\/avatar\\\/3c06bf4b7b596f8ac9cce84658e839d4aa231d6a29ba8a9db2a44ef5e9082118?s=96&d=mm&r=g\",\"caption\":\"gonzalezbarcos\"},\"url\":\"https:\\\/\\\/thediplomatinspain.com\\\/en\\\/author\\\/gonzalezbarcos\\\/\"},{\"@type\":[\"Organization\",\"NewsMediaOrganization\"],\"@id\":\"https:\\\/\\\/thediplomatinspain.com\\\/en\\\/#organization\"},{\"@type\":\"SiteNavigationElement\",\"@id\":\"https:\\\/\\\/thediplomatinspain.com\\\/en\\\/#site-navigation\",\"cssSelector\":[\".cib-main-menu\"]},{\"@type\":\"WPHeader\",\"@id\":\"https:\\\/\\\/thediplomatinspain.com\\\/en\\\/#header\",\"cssSelector\":[\".cib-header\"]},{\"@type\":\"WPFooter\",\"@id\":\"https:\\\/\\\/thediplomatinspain.com\\\/en\\\/#footer\",\"cssSelector\":[\".cib-footer\"]}]}<\/script>\n<!-- \/ Yoast SEO plugin. -->","yoast_head_json":{"title":"Serbia Honors Spanish Senator Antonio Guti\u00e9rrez Limones for His Role at the Council of Europe - thediplomatinspain.com","robots":{"index":"index","follow":"follow","max-snippet":"max-snippet:-1","max-image-preview":"max-image-preview:large","max-video-preview":"max-video-preview:-1"},"canonical":"https:\/\/thediplomatinspain.com\/en\/2026\/02\/18\/serbia-honors-spanish-senator-antonio-gutierrez-limones-for-his-role-at-the-council-of-europe\/","og_locale":"en_US","og_type":"article","og_title":"Serbia Honors Spanish Senator Antonio Guti\u00e9rrez Limones for His Role at the Council of Europe - thediplomatinspain.com","og_description":"Serbian President Aleksandar Vu\u010di\u0107 has awarded the Order of the Flag of the Republic of Serbia to Spanish Senator Antonio Guti\u00e9rrez Limones, in recognition of his contribution to strengthening relations between the two countries and his work within the Parliamentary Assembly of the Council of Europe (PACE). The decoration was granted on the occasion of [&hellip;]","og_url":"https:\/\/thediplomatinspain.com\/en\/2026\/02\/18\/serbia-honors-spanish-senator-antonio-gutierrez-limones-for-his-role-at-the-council-of-europe\/","og_site_name":"thediplomatinspain.com","article_publisher":"https:\/\/www.facebook.com\/thediplomatinspain","article_published_time":"2026-02-18T16:11:38+00:00","og_image":[{"width":592,"height":470,"url":"https:\/\/thediplomatinspain.com\/wp-content\/uploads\/2026\/02\/f8c172a5-b5fa-4764-a550-7e35d738368e-e1771431081389.jpg","type":"image\/jpeg"}],"author":"gonzalezbarcos","twitter_card":"summary_large_image","twitter_creator":"@diplomatinspain","twitter_site":"@diplomatinspain","twitter_misc":{"Written by":"gonzalezbarcos","Est. reading time":"2 minutes"},"schema":{"@context":"https:\/\/schema.org","@graph":[{"@type":"Article","@id":"https:\/\/thediplomatinspain.com\/en\/2026\/02\/18\/serbia-honors-spanish-senator-antonio-gutierrez-limones-for-his-role-at-the-council-of-europe\/#article","isPartOf":{"@id":"https:\/\/thediplomatinspain.com\/en\/2026\/02\/18\/serbia-honors-spanish-senator-antonio-gutierrez-limones-for-his-role-at-the-council-of-europe\/"},"author":{"name":"gonzalezbarcos","@id":"https:\/\/thediplomatinspain.com\/#\/schema\/person\/0354586a9259bb458a86a424f65bb784"},"headline":"Serbia Honors Spanish Senator Antonio Guti\u00e9rrez Limones for His Role at the Council of Europe","datePublished":"2026-02-18T16:11:38+00:00","mainEntityOfPage":{"@id":"https:\/\/thediplomatinspain.com\/en\/2026\/02\/18\/serbia-honors-spanish-senator-antonio-gutierrez-limones-for-his-role-at-the-council-of-europe\/"},"wordCount":313,"publisher":{"@id":"https:\/\/thediplomatinspain.com\/#organization"},"image":{"@id":"https:\/\/thediplomatinspain.com\/en\/2026\/02\/18\/serbia-honors-spanish-senator-antonio-gutierrez-limones-for-his-role-at-the-council-of-europe\/#primaryimage"},"thumbnailUrl":"https:\/\/thediplomatinspain.com\/wp-content\/uploads\/2026\/02\/f8c172a5-b5fa-4764-a550-7e35d738368e-e1771431081389.jpg","articleSection":["Embassies","News"],"inLanguage":"en-US"},{"@type":"WebPage","@id":"https:\/\/thediplomatinspain.com\/en\/2026\/02\/18\/serbia-honors-spanish-senator-antonio-gutierrez-limones-for-his-role-at-the-council-of-europe\/","url":"https:\/\/thediplomatinspain.com\/en\/2026\/02\/18\/serbia-honors-spanish-senator-antonio-gutierrez-limones-for-his-role-at-the-council-of-europe\/","name":"Serbia Honors Spanish Senator Antonio Guti\u00e9rrez Limones for His Role at the Council of Europe - thediplomatinspain.com","isPartOf":{"@id":"https:\/\/thediplomatinspain.com\/#website"},"primaryImageOfPage":{"@id":"https:\/\/thediplomatinspain.com\/en\/2026\/02\/18\/serbia-honors-spanish-senator-antonio-gutierrez-limones-for-his-role-at-the-council-of-europe\/#primaryimage"},"image":{"@id":"https:\/\/thediplomatinspain.com\/en\/2026\/02\/18\/serbia-honors-spanish-senator-antonio-gutierrez-limones-for-his-role-at-the-council-of-europe\/#primaryimage"},"thumbnailUrl":"https:\/\/thediplomatinspain.com\/wp-content\/uploads\/2026\/02\/f8c172a5-b5fa-4764-a550-7e35d738368e-e1771431081389.jpg","datePublished":"2026-02-18T16:11:38+00:00","breadcrumb":{"@id":"https:\/\/thediplomatinspain.com\/en\/2026\/02\/18\/serbia-honors-spanish-senator-antonio-gutierrez-limones-for-his-role-at-the-council-of-europe\/#breadcrumb"},"inLanguage":"en-US","potentialAction":[{"@type":"ReadAction","target":["https:\/\/thediplomatinspain.com\/en\/2026\/02\/18\/serbia-honors-spanish-senator-antonio-gutierrez-limones-for-his-role-at-the-council-of-europe\/"]}]},{"@type":"ImageObject","inLanguage":"en-US","@id":"https:\/\/thediplomatinspain.com\/en\/2026\/02\/18\/serbia-honors-spanish-senator-antonio-gutierrez-limones-for-his-role-at-the-council-of-europe\/#primaryimage","url":"https:\/\/thediplomatinspain.com\/wp-content\/uploads\/2026\/02\/f8c172a5-b5fa-4764-a550-7e35d738368e-e1771431081389.jpg","contentUrl":"https:\/\/thediplomatinspain.com\/wp-content\/uploads\/2026\/02\/f8c172a5-b5fa-4764-a550-7e35d738368e-e1771431081389.jpg","width":592,"height":470},{"@type":"BreadcrumbList","@id":"https:\/\/thediplomatinspain.com\/en\/2026\/02\/18\/serbia-honors-spanish-senator-antonio-gutierrez-limones-for-his-role-at-the-council-of-europe\/#breadcrumb","itemListElement":[{"@type":"ListItem","position":1,"name":"Portada","item":"https:\/\/thediplomatinspain.com\/en\/"},{"@type":"ListItem","position":2,"name":"Serbia Honors Spanish Senator Antonio Guti\u00e9rrez Limones for His Role at the Council of Europe"}]},{"@type":"WebSite","@id":"https:\/\/thediplomatinspain.com\/#website","url":"https:\/\/thediplomatinspain.com\/","name":"thediplomatinspain.com","description":"Diario digital de referencia para diplom\u00e1ticos y empresas","publisher":{"@id":"https:\/\/thediplomatinspain.com\/#organization"},"potentialAction":[{"@type":"SearchAction","target":{"@type":"EntryPoint","urlTemplate":"https:\/\/thediplomatinspain.com\/?s={search_term_string}"},"query-input":{"@type":"PropertyValueSpecification","valueRequired":true,"valueName":"search_term_string"}}],"inLanguage":"en-US"},{"@type":"Organization","@id":"https:\/\/thediplomatinspain.com\/#organization","name":"thediplomatinspain.com","url":"https:\/\/thediplomatinspain.com\/","logo":{"@type":"ImageObject","inLanguage":"en-US","@id":"https:\/\/thediplomatinspain.com\/#\/schema\/logo\/image\/","url":"https:\/\/thediplomatinspain.com\/wp-content\/uploads\/2024\/06\/logo_the_diplomat.png","contentUrl":"https:\/\/thediplomatinspain.com\/wp-content\/uploads\/2024\/06\/logo_the_diplomat.png","width":284,"height":77,"caption":"thediplomatinspain.com"},"image":{"@id":"https:\/\/thediplomatinspain.com\/#\/schema\/logo\/image\/"},"sameAs":["https:\/\/www.facebook.com\/thediplomatinspain","https:\/\/x.com\/diplomatinspain","https:\/\/www.youtube.com\/channel\/UCK0mRqeeZDKdFeiFQZLcH2A"]},{"@type":"Person","@id":"https:\/\/thediplomatinspain.com\/#\/schema\/person\/0354586a9259bb458a86a424f65bb784","name":"gonzalezbarcos","image":{"@type":"ImageObject","inLanguage":"en-US","@id":"https:\/\/secure.gravatar.com\/avatar\/3c06bf4b7b596f8ac9cce84658e839d4aa231d6a29ba8a9db2a44ef5e9082118?s=96&d=mm&r=g","url":"https:\/\/secure.gravatar.com\/avatar\/3c06bf4b7b596f8ac9cce84658e839d4aa231d6a29ba8a9db2a44ef5e9082118?s=96&d=mm&r=g","contentUrl":"https:\/\/secure.gravatar.com\/avatar\/3c06bf4b7b596f8ac9cce84658e839d4aa231d6a29ba8a9db2a44ef5e9082118?s=96&d=mm&r=g","caption":"gonzalezbarcos"},"url":"https:\/\/thediplomatinspain.com\/en\/author\/gonzalezbarcos\/"},{"@type":["Organization","NewsMediaOrganization"],"@id":"https:\/\/thediplomatinspain.com\/en\/#organization"},{"@type":"SiteNavigationElement","@id":"https:\/\/thediplomatinspain.com\/en\/#site-navigation","cssSelector":[".cib-main-menu"]},{"@type":"WPHeader","@id":"https:\/\/thediplomatinspain.com\/en\/#header","cssSelector":[".cib-header"]},{"@type":"WPFooter","@id":"https:\/\/thediplomatinspain.com\/en\/#footer","cssSelector":[".cib-footer"]}]}},"amp_enabled":true,"_links":{"self":[{"href":"https:\/\/thediplomatinspain.com\/en\/wp-json\/wp\/v2\/posts\/137359","targetHints":{"allow":["GET"]}}],"collection":[{"href":"https:\/\/thediplomatinspain.com\/en\/wp-json\/wp\/v2\/posts"}],"about":[{"href":"https:\/\/thediplomatinspain.com\/en\/wp-json\/wp\/v2\/types\/post"}],"author":[{"embeddable":true,"href":"https:\/\/thediplomatinspain.com\/en\/wp-json\/wp\/v2\/users\/365"}],"replies":[{"embeddable":true,"href":"https:\/\/thediplomatinspain.com\/en\/wp-json\/wp\/v2\/comments?post=137359"}],"version-history":[{"count":0,"href":"https:\/\/thediplomatinspain.com\/en\/wp-json\/wp\/v2\/posts\/137359\/revisions"}],"wp:featuredmedia":[{"embeddable":true,"href":"https:\/\/thediplomatinspain.com\/en\/wp-json\/wp\/v2\/media\/137360"}],"wp:attachment":[{"href":"https:\/\/thediplomatinspain.com\/en\/wp-json\/wp\/v2\/media?parent=137359"}],"wp:term":[{"taxonomy":"category","embeddable":true,"href":"https:\/\/thediplomatinspain.com\/en\/wp-json\/wp\/v2\/categories?post=137359"},{"taxonomy":"post_tag","embeddable":true,"href":"https:\/\/thediplomatinspain.com\/en\/wp-json\/wp\/v2\/tags?post=137359"}],"curies":[{"name":"wp","href":"https:\/\/api.w.org\/{rel}","templated":true}]}}