{"id":137149,"date":"2026-02-17T08:22:49","date_gmt":"2026-02-17T07:22:49","guid":{"rendered":"https:\/\/thediplomatinspain.com\/2026\/02\/17\/albares-se-reserva-el-asterisco-para-las-segundas-jefaturas-en-alemania-argentina-china-cuba-y-ante-la-otan\/"},"modified":"2026-02-17T08:31:13","modified_gmt":"2026-02-17T07:31:13","slug":"albares-reserves-the-asterisk-for-deputy-heads-of-mission-in-germany-argentina-china-cuba-and-nato","status":"publish","type":"post","link":"https:\/\/thediplomatinspain.com\/en\/2026\/02\/17\/albares-reserves-the-asterisk-for-deputy-heads-of-mission-in-germany-argentina-china-cuba-and-nato\/","title":{"rendered":"Albares reserves the \u201casterisk\u201d for deputy heads of mission in Germany, Argentina, China, Cuba, and NATO"},"content":{"rendered":"<h6><strong>Eduardo Gonz\u00e1lez<\/strong><\/h6>\n<h4><strong>The Ministry of Foreign Affairs has opened the process for appointing more than one hundred positions abroad, including 29 Consulates General (one of them marked with an \u201casterisk,\u201d the one in Puerto Rico) and more than 30 deputy heads of mission in Embassies and Permanent Missions.<\/strong><\/h4>\n<p>According to the resolution of February 11, published on February 14 in the <a href=\"https:\/\/boe.es\/boe\/dias\/2026\/02\/14\/pdfs\/BOE-A-2026-3396.pdf\">Official State Gazette (BOE)<\/a>, the Undersecretary of Foreign Affairs, European Union and Cooperation, Xavier Mart\u00ed Mart\u00ed, has announced the process for filling 118 positions for members of the Diplomatic Corps.<\/p>\n<p>The list includes the procedure for appointing new consuls general in 29 consular districts: San Juan, Puerto Rico; Bordeaux; Chicago; Boston; Istanbul; Hong Kong; D\u00fcsseldorf; Frankfurt; Beijing; Casablanca; Montreal; S\u00e3o Paulo; Shanghai; Tetouan; Mendoza; Toronto; St. Petersburg; Sydney; Bah\u00eda Blanca; Melbourne; Guadalajara; Bangalore; Quito; Bata; Santa Cruz de la Sierra; Oran; Agadir; Lagos; and Manila.<\/p>\n<p>In addition, the call for applications includes two consuls in Havana, two deputy consuls in Jerusalem, and one deputy consul each in Havana, Casablanca, Santo Domingo, Caracas, and Mexico City. The remaining positions are filled by 34 deputy heads of mission, 21 counselors, 17 secretaries, and two charg\u00e9s d&#8217;affaires ad interim at Spanish embassies abroad, as well as six positions in international organizations (NATO, OECD, and the European Union).<\/p>\n<p>The positions included in this call for applications will be filled through a discretionary appointment process, following a non-binding proposal from the Diplomatic Service Board. However, this proposal from the Diplomatic Service Board will not be required for the positions marked with an asterisk (asterisk). This procedure is used to mark the posts that the Government considers most sensitive, and for which the Minister of Foreign Affairs, Jos\u00e9 Manuel Albares, does not need to consult the Diplomatic Service Board to decide on the appointments.<\/p>\n<p>The positions marked with an asterisk are the Consul General in Puerto Rico, the Deputy Heads of Mission at the Embassies in Germany (Minister-Counselor), Argentina (Minister-Counselor), China, and Cuba, the Cultural Affairs Office at the Spanish Embassy in Italy, and the Deputy Permanent Representative to NATO.<\/p>\n","protected":false},"excerpt":{"rendered":"<p>The Ministry of Foreign Affairs has opened the process for appointing more than one hundred positions abroad, including 29 Consulates <\/p>\n","protected":false},"author":91,"featured_media":135266,"comment_status":"closed","ping_status":"open","sticky":false,"template":"","format":"standard","meta":{"jnews-multi-image_gallery":[],"jnews_single_post":{"subtitle":"","format":"standard","override":[{"template":"2","parallax":"1","fullscreen":"1","layout":"right-sidebar","sidebar":"default-sidebar","second_sidebar":"default-sidebar","sticky_sidebar":"1","share_position":"top","share_float_style":"share-monocrhome","show_featured":"1","show_post_meta":"1","show_post_author":"1","show_post_date":"1","post_date_format":"default","post_date_format_custom":"Y\/m\/d","show_post_category":"1","show_post_reading_time":"0","post_reading_time_wpm":"300","post_calculate_word_method":"str_word_count","show_zoom_button":"0","zoom_button_out_step":"2","zoom_button_in_step":"3","show_post_tag":"1","show_prev_next_post":"1","show_popup_post":"1","show_comment_section":"1","number_popup_post":"1","show_author_box":"1","show_post_related":"0","show_inline_post_related":"0"}],"image_override":[{"single_post_thumbnail_size":"crop-500","single_post_gallery_size":"crop-500"}],"trending_post_position":"meta","trending_post_label":"Trending","sponsored_post_label":"Sponsored by","disable_ad":"0"},"jnews_primary_category":[],"jnews_social_meta":[],"jnews_override_counter":{"view_counter_number":"0","share_counter_number":"0","like_counter_number":"0","dislike_counter_number":"0"},"jnews_post_split":{"post_split":[{"template":"1","tag":"h2","numbering":"asc","mode":"normal","first":"0","enable_toc":"0","toc_type":"normal"}]},"footnotes":""},"categories":[182,165],"tags":[],"class_list":["post-137149","post","type-post","status-publish","format-standard","has-post-thumbnail","hentry","category-subscribers","category-the-bag-en"],"yoast_head":"<!-- This site is optimized with the Yoast SEO plugin v27.4 - https:\/\/yoast.com\/product\/yoast-seo-wordpress\/ -->\n<title>Albares reserves the \u201casterisk\u201d for deputy heads of mission<\/title>\n<meta name=\"description\" content=\"The Ministry of Foreign Affairs has opened the process for the appointment of more than one hundred positions abroad.\" \/>\n<meta name=\"robots\" content=\"index, follow, max-snippet:-1, max-image-preview:large, max-video-preview:-1\" \/>\n<link rel=\"canonical\" href=\"https:\/\/thediplomatinspain.com\/en\/2026\/02\/17\/albares-reserves-the-asterisk-for-deputy-heads-of-mission-in-germany-argentina-china-cuba-and-nato\/\" \/>\n<meta property=\"og:locale\" content=\"en_US\" \/>\n<meta property=\"og:type\" content=\"article\" \/>\n<meta property=\"og:title\" content=\"Albares reserves the \u201casterisk\u201d for deputy heads of mission\" \/>\n<meta property=\"og:description\" content=\"The Ministry of Foreign Affairs has opened the process for the appointment of more than one hundred positions abroad.\" \/>\n<meta property=\"og:url\" content=\"https:\/\/thediplomatinspain.com\/en\/2026\/02\/17\/albares-reserves-the-asterisk-for-deputy-heads-of-mission-in-germany-argentina-china-cuba-and-nato\/\" \/>\n<meta property=\"og:site_name\" content=\"thediplomatinspain.com\" \/>\n<meta property=\"article:publisher\" content=\"https:\/\/www.facebook.com\/thediplomatinspain\" \/>\n<meta property=\"article:published_time\" content=\"2026-02-17T07:22:49+00:00\" \/>\n<meta property=\"article:modified_time\" content=\"2026-02-17T07:31:13+00:00\" \/>\n<meta property=\"og:image\" content=\"https:\/\/thediplomatinspain.com\/wp-content\/uploads\/2026\/01\/MARTI-XAVIER_Portal-de-transparencia-1.jpg\" \/>\n\t<meta property=\"og:image:width\" content=\"750\" \/>\n\t<meta property=\"og:image:height\" content=\"422\" \/>\n\t<meta property=\"og:image:type\" content=\"image\/jpeg\" \/>\n<meta name=\"author\" content=\"Eduardo Gonz\u00e1lez\" \/>\n<meta name=\"twitter:card\" content=\"summary_large_image\" \/>\n<meta name=\"twitter:creator\" content=\"@diplomatinspain\" \/>\n<meta name=\"twitter:site\" content=\"@diplomatinspain\" \/>\n<meta name=\"twitter:label1\" content=\"Written by\" \/>\n\t<meta name=\"twitter:data1\" content=\"Eduardo Gonz\u00e1lez\" \/>\n\t<meta name=\"twitter:label2\" content=\"Est. reading time\" \/>\n\t<meta name=\"twitter:data2\" content=\"2 minutes\" \/>\n<script type=\"application\/ld+json\" class=\"yoast-schema-graph\">{\"@context\":\"https:\\\/\\\/schema.org\",\"@graph\":[{\"@type\":\"Article\",\"@id\":\"https:\\\/\\\/thediplomatinspain.com\\\/en\\\/2026\\\/02\\\/17\\\/albares-reserves-the-asterisk-for-deputy-heads-of-mission-in-germany-argentina-china-cuba-and-nato\\\/#article\",\"isPartOf\":{\"@id\":\"https:\\\/\\\/thediplomatinspain.com\\\/en\\\/2026\\\/02\\\/17\\\/albares-reserves-the-asterisk-for-deputy-heads-of-mission-in-germany-argentina-china-cuba-and-nato\\\/\"},\"author\":{\"name\":\"Eduardo Gonz\u00e1lez\",\"@id\":\"https:\\\/\\\/thediplomatinspain.com\\\/#\\\/schema\\\/person\\\/3486da7260c1ed500a030f75a625d6ba\"},\"headline\":\"Albares reserves the \u201casterisk\u201d for deputy heads of mission in Germany, Argentina, China, Cuba, and NATO\",\"datePublished\":\"2026-02-17T07:22:49+00:00\",\"dateModified\":\"2026-02-17T07:31:13+00:00\",\"mainEntityOfPage\":{\"@id\":\"https:\\\/\\\/thediplomatinspain.com\\\/en\\\/2026\\\/02\\\/17\\\/albares-reserves-the-asterisk-for-deputy-heads-of-mission-in-germany-argentina-china-cuba-and-nato\\\/\"},\"wordCount\":358,\"publisher\":{\"@id\":\"https:\\\/\\\/thediplomatinspain.com\\\/#organization\"},\"image\":{\"@id\":\"https:\\\/\\\/thediplomatinspain.com\\\/en\\\/2026\\\/02\\\/17\\\/albares-reserves-the-asterisk-for-deputy-heads-of-mission-in-germany-argentina-china-cuba-and-nato\\\/#primaryimage\"},\"thumbnailUrl\":\"https:\\\/\\\/thediplomatinspain.com\\\/wp-content\\\/uploads\\\/2026\\\/01\\\/MARTI-XAVIER_Portal-de-transparencia-1.jpg\",\"articleSection\":[\"Subscribers\",\"The bag\"],\"inLanguage\":\"en-US\"},{\"@type\":\"WebPage\",\"@id\":\"https:\\\/\\\/thediplomatinspain.com\\\/en\\\/2026\\\/02\\\/17\\\/albares-reserves-the-asterisk-for-deputy-heads-of-mission-in-germany-argentina-china-cuba-and-nato\\\/\",\"url\":\"https:\\\/\\\/thediplomatinspain.com\\\/en\\\/2026\\\/02\\\/17\\\/albares-reserves-the-asterisk-for-deputy-heads-of-mission-in-germany-argentina-china-cuba-and-nato\\\/\",\"name\":\"Albares reserves the \u201casterisk\u201d for deputy heads of mission\",\"isPartOf\":{\"@id\":\"https:\\\/\\\/thediplomatinspain.com\\\/#website\"},\"primaryImageOfPage\":{\"@id\":\"https:\\\/\\\/thediplomatinspain.com\\\/en\\\/2026\\\/02\\\/17\\\/albares-reserves-the-asterisk-for-deputy-heads-of-mission-in-germany-argentina-china-cuba-and-nato\\\/#primaryimage\"},\"image\":{\"@id\":\"https:\\\/\\\/thediplomatinspain.com\\\/en\\\/2026\\\/02\\\/17\\\/albares-reserves-the-asterisk-for-deputy-heads-of-mission-in-germany-argentina-china-cuba-and-nato\\\/#primaryimage\"},\"thumbnailUrl\":\"https:\\\/\\\/thediplomatinspain.com\\\/wp-content\\\/uploads\\\/2026\\\/01\\\/MARTI-XAVIER_Portal-de-transparencia-1.jpg\",\"datePublished\":\"2026-02-17T07:22:49+00:00\",\"dateModified\":\"2026-02-17T07:31:13+00:00\",\"description\":\"The Ministry of Foreign Affairs has opened the process for the appointment of more than one hundred positions abroad.\",\"breadcrumb\":{\"@id\":\"https:\\\/\\\/thediplomatinspain.com\\\/en\\\/2026\\\/02\\\/17\\\/albares-reserves-the-asterisk-for-deputy-heads-of-mission-in-germany-argentina-china-cuba-and-nato\\\/#breadcrumb\"},\"inLanguage\":\"en-US\",\"potentialAction\":[{\"@type\":\"ReadAction\",\"target\":[\"https:\\\/\\\/thediplomatinspain.com\\\/en\\\/2026\\\/02\\\/17\\\/albares-reserves-the-asterisk-for-deputy-heads-of-mission-in-germany-argentina-china-cuba-and-nato\\\/\"]}]},{\"@type\":\"ImageObject\",\"inLanguage\":\"en-US\",\"@id\":\"https:\\\/\\\/thediplomatinspain.com\\\/en\\\/2026\\\/02\\\/17\\\/albares-reserves-the-asterisk-for-deputy-heads-of-mission-in-germany-argentina-china-cuba-and-nato\\\/#primaryimage\",\"url\":\"https:\\\/\\\/thediplomatinspain.com\\\/wp-content\\\/uploads\\\/2026\\\/01\\\/MARTI-XAVIER_Portal-de-transparencia-1.jpg\",\"contentUrl\":\"https:\\\/\\\/thediplomatinspain.com\\\/wp-content\\\/uploads\\\/2026\\\/01\\\/MARTI-XAVIER_Portal-de-transparencia-1.jpg\",\"width\":750,\"height\":422,\"caption\":\"Xavier Mart\u00ed. \\\/ Photo: MAUC\"},{\"@type\":\"BreadcrumbList\",\"@id\":\"https:\\\/\\\/thediplomatinspain.com\\\/en\\\/2026\\\/02\\\/17\\\/albares-reserves-the-asterisk-for-deputy-heads-of-mission-in-germany-argentina-china-cuba-and-nato\\\/#breadcrumb\",\"itemListElement\":[{\"@type\":\"ListItem\",\"position\":1,\"name\":\"Portada\",\"item\":\"https:\\\/\\\/thediplomatinspain.com\\\/en\\\/\"},{\"@type\":\"ListItem\",\"position\":2,\"name\":\"Albares reserves the \u201casterisk\u201d for deputy heads of mission in Germany, Argentina, China, Cuba, and NATO\"}]},{\"@type\":\"WebSite\",\"@id\":\"https:\\\/\\\/thediplomatinspain.com\\\/#website\",\"url\":\"https:\\\/\\\/thediplomatinspain.com\\\/\",\"name\":\"thediplomatinspain.com\",\"description\":\"Diario digital de referencia para diplom\u00e1ticos y empresas\",\"publisher\":{\"@id\":\"https:\\\/\\\/thediplomatinspain.com\\\/#organization\"},\"potentialAction\":[{\"@type\":\"SearchAction\",\"target\":{\"@type\":\"EntryPoint\",\"urlTemplate\":\"https:\\\/\\\/thediplomatinspain.com\\\/?s={search_term_string}\"},\"query-input\":{\"@type\":\"PropertyValueSpecification\",\"valueRequired\":true,\"valueName\":\"search_term_string\"}}],\"inLanguage\":\"en-US\"},{\"@type\":\"Organization\",\"@id\":\"https:\\\/\\\/thediplomatinspain.com\\\/#organization\",\"name\":\"thediplomatinspain.com\",\"url\":\"https:\\\/\\\/thediplomatinspain.com\\\/\",\"logo\":{\"@type\":\"ImageObject\",\"inLanguage\":\"en-US\",\"@id\":\"https:\\\/\\\/thediplomatinspain.com\\\/#\\\/schema\\\/logo\\\/image\\\/\",\"url\":\"https:\\\/\\\/thediplomatinspain.com\\\/wp-content\\\/uploads\\\/2024\\\/06\\\/logo_the_diplomat.png\",\"contentUrl\":\"https:\\\/\\\/thediplomatinspain.com\\\/wp-content\\\/uploads\\\/2024\\\/06\\\/logo_the_diplomat.png\",\"width\":284,\"height\":77,\"caption\":\"thediplomatinspain.com\"},\"image\":{\"@id\":\"https:\\\/\\\/thediplomatinspain.com\\\/#\\\/schema\\\/logo\\\/image\\\/\"},\"sameAs\":[\"https:\\\/\\\/www.facebook.com\\\/thediplomatinspain\",\"https:\\\/\\\/x.com\\\/diplomatinspain\",\"https:\\\/\\\/www.youtube.com\\\/channel\\\/UCK0mRqeeZDKdFeiFQZLcH2A\"]},{\"@type\":\"Person\",\"@id\":\"https:\\\/\\\/thediplomatinspain.com\\\/#\\\/schema\\\/person\\\/3486da7260c1ed500a030f75a625d6ba\",\"name\":\"Eduardo Gonz\u00e1lez\",\"image\":{\"@type\":\"ImageObject\",\"inLanguage\":\"en-US\",\"@id\":\"https:\\\/\\\/secure.gravatar.com\\\/avatar\\\/41aa213a3496a9a5a774a70b1b4ba9e94809b2de60529fc9e3ad010c61022c9f?s=96&d=mm&r=g\",\"url\":\"https:\\\/\\\/secure.gravatar.com\\\/avatar\\\/41aa213a3496a9a5a774a70b1b4ba9e94809b2de60529fc9e3ad010c61022c9f?s=96&d=mm&r=g\",\"contentUrl\":\"https:\\\/\\\/secure.gravatar.com\\\/avatar\\\/41aa213a3496a9a5a774a70b1b4ba9e94809b2de60529fc9e3ad010c61022c9f?s=96&d=mm&r=g\",\"caption\":\"Eduardo Gonz\u00e1lez\"},\"url\":\"https:\\\/\\\/thediplomatinspain.com\\\/en\\\/author\\\/egonzalez\\\/\"},{\"@type\":[\"Organization\",\"NewsMediaOrganization\"],\"@id\":\"https:\\\/\\\/thediplomatinspain.com\\\/en\\\/#organization\"},{\"@type\":\"SiteNavigationElement\",\"@id\":\"https:\\\/\\\/thediplomatinspain.com\\\/en\\\/#site-navigation\",\"cssSelector\":[\".cib-main-menu\"]},{\"@type\":\"WPHeader\",\"@id\":\"https:\\\/\\\/thediplomatinspain.com\\\/en\\\/#header\",\"cssSelector\":[\".cib-header\"]},{\"@type\":\"WPFooter\",\"@id\":\"https:\\\/\\\/thediplomatinspain.com\\\/en\\\/#footer\",\"cssSelector\":[\".cib-footer\"]}]}<\/script>\n<!-- \/ Yoast SEO plugin. -->","yoast_head_json":{"title":"Albares reserves the \u201casterisk\u201d for deputy heads of mission","description":"The Ministry of Foreign Affairs has opened the process for the appointment of more than one hundred positions abroad.","robots":{"index":"index","follow":"follow","max-snippet":"max-snippet:-1","max-image-preview":"max-image-preview:large","max-video-preview":"max-video-preview:-1"},"canonical":"https:\/\/thediplomatinspain.com\/en\/2026\/02\/17\/albares-reserves-the-asterisk-for-deputy-heads-of-mission-in-germany-argentina-china-cuba-and-nato\/","og_locale":"en_US","og_type":"article","og_title":"Albares reserves the \u201casterisk\u201d for deputy heads of mission","og_description":"The Ministry of Foreign Affairs has opened the process for the appointment of more than one hundred positions abroad.","og_url":"https:\/\/thediplomatinspain.com\/en\/2026\/02\/17\/albares-reserves-the-asterisk-for-deputy-heads-of-mission-in-germany-argentina-china-cuba-and-nato\/","og_site_name":"thediplomatinspain.com","article_publisher":"https:\/\/www.facebook.com\/thediplomatinspain","article_published_time":"2026-02-17T07:22:49+00:00","article_modified_time":"2026-02-17T07:31:13+00:00","og_image":[{"width":750,"height":422,"url":"https:\/\/thediplomatinspain.com\/wp-content\/uploads\/2026\/01\/MARTI-XAVIER_Portal-de-transparencia-1.jpg","type":"image\/jpeg"}],"author":"Eduardo Gonz\u00e1lez","twitter_card":"summary_large_image","twitter_creator":"@diplomatinspain","twitter_site":"@diplomatinspain","twitter_misc":{"Written by":"Eduardo Gonz\u00e1lez","Est. reading time":"2 minutes"},"schema":{"@context":"https:\/\/schema.org","@graph":[{"@type":"Article","@id":"https:\/\/thediplomatinspain.com\/en\/2026\/02\/17\/albares-reserves-the-asterisk-for-deputy-heads-of-mission-in-germany-argentina-china-cuba-and-nato\/#article","isPartOf":{"@id":"https:\/\/thediplomatinspain.com\/en\/2026\/02\/17\/albares-reserves-the-asterisk-for-deputy-heads-of-mission-in-germany-argentina-china-cuba-and-nato\/"},"author":{"name":"Eduardo Gonz\u00e1lez","@id":"https:\/\/thediplomatinspain.com\/#\/schema\/person\/3486da7260c1ed500a030f75a625d6ba"},"headline":"Albares reserves the \u201casterisk\u201d for deputy heads of mission in Germany, Argentina, China, Cuba, and NATO","datePublished":"2026-02-17T07:22:49+00:00","dateModified":"2026-02-17T07:31:13+00:00","mainEntityOfPage":{"@id":"https:\/\/thediplomatinspain.com\/en\/2026\/02\/17\/albares-reserves-the-asterisk-for-deputy-heads-of-mission-in-germany-argentina-china-cuba-and-nato\/"},"wordCount":358,"publisher":{"@id":"https:\/\/thediplomatinspain.com\/#organization"},"image":{"@id":"https:\/\/thediplomatinspain.com\/en\/2026\/02\/17\/albares-reserves-the-asterisk-for-deputy-heads-of-mission-in-germany-argentina-china-cuba-and-nato\/#primaryimage"},"thumbnailUrl":"https:\/\/thediplomatinspain.com\/wp-content\/uploads\/2026\/01\/MARTI-XAVIER_Portal-de-transparencia-1.jpg","articleSection":["Subscribers","The bag"],"inLanguage":"en-US"},{"@type":"WebPage","@id":"https:\/\/thediplomatinspain.com\/en\/2026\/02\/17\/albares-reserves-the-asterisk-for-deputy-heads-of-mission-in-germany-argentina-china-cuba-and-nato\/","url":"https:\/\/thediplomatinspain.com\/en\/2026\/02\/17\/albares-reserves-the-asterisk-for-deputy-heads-of-mission-in-germany-argentina-china-cuba-and-nato\/","name":"Albares reserves the \u201casterisk\u201d for deputy heads of mission","isPartOf":{"@id":"https:\/\/thediplomatinspain.com\/#website"},"primaryImageOfPage":{"@id":"https:\/\/thediplomatinspain.com\/en\/2026\/02\/17\/albares-reserves-the-asterisk-for-deputy-heads-of-mission-in-germany-argentina-china-cuba-and-nato\/#primaryimage"},"image":{"@id":"https:\/\/thediplomatinspain.com\/en\/2026\/02\/17\/albares-reserves-the-asterisk-for-deputy-heads-of-mission-in-germany-argentina-china-cuba-and-nato\/#primaryimage"},"thumbnailUrl":"https:\/\/thediplomatinspain.com\/wp-content\/uploads\/2026\/01\/MARTI-XAVIER_Portal-de-transparencia-1.jpg","datePublished":"2026-02-17T07:22:49+00:00","dateModified":"2026-02-17T07:31:13+00:00","description":"The Ministry of Foreign Affairs has opened the process for the appointment of more than one hundred positions abroad.","breadcrumb":{"@id":"https:\/\/thediplomatinspain.com\/en\/2026\/02\/17\/albares-reserves-the-asterisk-for-deputy-heads-of-mission-in-germany-argentina-china-cuba-and-nato\/#breadcrumb"},"inLanguage":"en-US","potentialAction":[{"@type":"ReadAction","target":["https:\/\/thediplomatinspain.com\/en\/2026\/02\/17\/albares-reserves-the-asterisk-for-deputy-heads-of-mission-in-germany-argentina-china-cuba-and-nato\/"]}]},{"@type":"ImageObject","inLanguage":"en-US","@id":"https:\/\/thediplomatinspain.com\/en\/2026\/02\/17\/albares-reserves-the-asterisk-for-deputy-heads-of-mission-in-germany-argentina-china-cuba-and-nato\/#primaryimage","url":"https:\/\/thediplomatinspain.com\/wp-content\/uploads\/2026\/01\/MARTI-XAVIER_Portal-de-transparencia-1.jpg","contentUrl":"https:\/\/thediplomatinspain.com\/wp-content\/uploads\/2026\/01\/MARTI-XAVIER_Portal-de-transparencia-1.jpg","width":750,"height":422,"caption":"Xavier Mart\u00ed. \/ Photo: MAUC"},{"@type":"BreadcrumbList","@id":"https:\/\/thediplomatinspain.com\/en\/2026\/02\/17\/albares-reserves-the-asterisk-for-deputy-heads-of-mission-in-germany-argentina-china-cuba-and-nato\/#breadcrumb","itemListElement":[{"@type":"ListItem","position":1,"name":"Portada","item":"https:\/\/thediplomatinspain.com\/en\/"},{"@type":"ListItem","position":2,"name":"Albares reserves the \u201casterisk\u201d for deputy heads of mission in Germany, Argentina, China, Cuba, and NATO"}]},{"@type":"WebSite","@id":"https:\/\/thediplomatinspain.com\/#website","url":"https:\/\/thediplomatinspain.com\/","name":"thediplomatinspain.com","description":"Diario digital de referencia para diplom\u00e1ticos y empresas","publisher":{"@id":"https:\/\/thediplomatinspain.com\/#organization"},"potentialAction":[{"@type":"SearchAction","target":{"@type":"EntryPoint","urlTemplate":"https:\/\/thediplomatinspain.com\/?s={search_term_string}"},"query-input":{"@type":"PropertyValueSpecification","valueRequired":true,"valueName":"search_term_string"}}],"inLanguage":"en-US"},{"@type":"Organization","@id":"https:\/\/thediplomatinspain.com\/#organization","name":"thediplomatinspain.com","url":"https:\/\/thediplomatinspain.com\/","logo":{"@type":"ImageObject","inLanguage":"en-US","@id":"https:\/\/thediplomatinspain.com\/#\/schema\/logo\/image\/","url":"https:\/\/thediplomatinspain.com\/wp-content\/uploads\/2024\/06\/logo_the_diplomat.png","contentUrl":"https:\/\/thediplomatinspain.com\/wp-content\/uploads\/2024\/06\/logo_the_diplomat.png","width":284,"height":77,"caption":"thediplomatinspain.com"},"image":{"@id":"https:\/\/thediplomatinspain.com\/#\/schema\/logo\/image\/"},"sameAs":["https:\/\/www.facebook.com\/thediplomatinspain","https:\/\/x.com\/diplomatinspain","https:\/\/www.youtube.com\/channel\/UCK0mRqeeZDKdFeiFQZLcH2A"]},{"@type":"Person","@id":"https:\/\/thediplomatinspain.com\/#\/schema\/person\/3486da7260c1ed500a030f75a625d6ba","name":"Eduardo Gonz\u00e1lez","image":{"@type":"ImageObject","inLanguage":"en-US","@id":"https:\/\/secure.gravatar.com\/avatar\/41aa213a3496a9a5a774a70b1b4ba9e94809b2de60529fc9e3ad010c61022c9f?s=96&d=mm&r=g","url":"https:\/\/secure.gravatar.com\/avatar\/41aa213a3496a9a5a774a70b1b4ba9e94809b2de60529fc9e3ad010c61022c9f?s=96&d=mm&r=g","contentUrl":"https:\/\/secure.gravatar.com\/avatar\/41aa213a3496a9a5a774a70b1b4ba9e94809b2de60529fc9e3ad010c61022c9f?s=96&d=mm&r=g","caption":"Eduardo Gonz\u00e1lez"},"url":"https:\/\/thediplomatinspain.com\/en\/author\/egonzalez\/"},{"@type":["Organization","NewsMediaOrganization"],"@id":"https:\/\/thediplomatinspain.com\/en\/#organization"},{"@type":"SiteNavigationElement","@id":"https:\/\/thediplomatinspain.com\/en\/#site-navigation","cssSelector":[".cib-main-menu"]},{"@type":"WPHeader","@id":"https:\/\/thediplomatinspain.com\/en\/#header","cssSelector":[".cib-header"]},{"@type":"WPFooter","@id":"https:\/\/thediplomatinspain.com\/en\/#footer","cssSelector":[".cib-footer"]}]}},"amp_enabled":true,"_links":{"self":[{"href":"https:\/\/thediplomatinspain.com\/en\/wp-json\/wp\/v2\/posts\/137149","targetHints":{"allow":["GET"]}}],"collection":[{"href":"https:\/\/thediplomatinspain.com\/en\/wp-json\/wp\/v2\/posts"}],"about":[{"href":"https:\/\/thediplomatinspain.com\/en\/wp-json\/wp\/v2\/types\/post"}],"author":[{"embeddable":true,"href":"https:\/\/thediplomatinspain.com\/en\/wp-json\/wp\/v2\/users\/91"}],"replies":[{"embeddable":true,"href":"https:\/\/thediplomatinspain.com\/en\/wp-json\/wp\/v2\/comments?post=137149"}],"version-history":[{"count":0,"href":"https:\/\/thediplomatinspain.com\/en\/wp-json\/wp\/v2\/posts\/137149\/revisions"}],"wp:featuredmedia":[{"embeddable":true,"href":"https:\/\/thediplomatinspain.com\/en\/wp-json\/wp\/v2\/media\/135266"}],"wp:attachment":[{"href":"https:\/\/thediplomatinspain.com\/en\/wp-json\/wp\/v2\/media?parent=137149"}],"wp:term":[{"taxonomy":"category","embeddable":true,"href":"https:\/\/thediplomatinspain.com\/en\/wp-json\/wp\/v2\/categories?post=137149"},{"taxonomy":"post_tag","embeddable":true,"href":"https:\/\/thediplomatinspain.com\/en\/wp-json\/wp\/v2\/tags?post=137149"}],"curies":[{"name":"wp","href":"https:\/\/api.w.org\/{rel}","templated":true}]}}