{"id":136890,"date":"2026-02-12T06:09:01","date_gmt":"2026-02-12T05:09:01","guid":{"rendered":"https:\/\/thediplomatinspain.com\/?p=136890"},"modified":"2026-02-11T11:08:26","modified_gmt":"2026-02-11T10:08:26","slug":"el-embajador-de-kuwait-resalta-la-gran-importancia-que-su-pais-concede-a-sus-relaciones-con-espana","status":"publish","type":"post","link":"https:\/\/thediplomatinspain.com\/en\/2026\/02\/12\/el-embajador-de-kuwait-resalta-la-gran-importancia-que-su-pais-concede-a-sus-relaciones-con-espana\/","title":{"rendered":"The ambassador of Kuwait highlights the &#8220;great importance&#8221; that his country attaches to its relations with Spain"},"content":{"rendered":"<p>&nbsp;<\/p>\n<h6><strong>Text and photos: Juan David Latorre<\/strong><\/h6>\n<p>&nbsp;<\/p>\n<h4><strong>The Embassy of Kuwait held last Tuesday a reception on the occasion of its 65th National Day and the 35th anniversary of its liberation, at which Ambassador Zeiad Alanbaie highlighted the &#8220;great importance&#8221; that his country attaches to its relations with Spain.<\/strong><\/h4>\n<p>&nbsp;<\/p>\n<p>&#8220;Bilateral relations between our two friendly countries, said the Kuwaiti ambassador, were established for more than sixty years, continued to grow over the years and culminated with the opening of the Embassy of the State of Kuwait in Madrid in 1972.&#8221;<\/p>\n<p>&nbsp;<\/p>\n<p>These relations, according to the ambassador, &#8220;are strengthened by bonds of friendship and cooperation at all levels, thanks to the aspirations and guidelines of the leaders of both countries to strengthen and develop them. These relations experienced significant political, economic and commercial growth and development, helping to bridge the gap and bring the two closer together. Kuwait Airways currently operates nine weekly flights to three different Spanish cities, and <strong>the number of Kuwaiti tourists visiting Spain is experiencing a marked increase&#8221;.<\/strong><\/p>\n<p>&nbsp;<\/p>\n<p>Ambassador Zeiad Alanbaie continued by describing the current state of relations between the two countries, underlining that &#8220;the State of Kuwait and the Kingdom of Spain are also bound by various agreements and memoranda of understanding which have contributed to the development of relations in a number of areas, taking firm steps towards the future in accordance with the <strong>\u00abKuwait 2035 Vision\u00bb,<\/strong> which aims to make Kuwait a leading financial, commercial and cultural centre in the region. At the same time, we work to achieve the<strong> Sustainable Development Goals of the 2030 Agenda, <\/strong>inspired by the values of hard work, dedication and generosity that our ancestors instilled in succeeding generations, to build a safe and prosperous nation&#8221;.<\/p>\n<p>&nbsp;<\/p>\n<p>&#8220;In this regard, we continue to emphasize <strong>the crucial role of Kuwaiti women and youth in various fields. <\/strong>We commend their valuable contributions to the development process and to the advancement and prosperity of society. With only four years to go before the 2030 Sustainable Development Goals are reached, we insist on the need for further work to ensure that countries can achieve these lofty goals and avoid being left behind.&#8221;<\/p>\n<p>&nbsp;<\/p>\n<p>Ambassador Alanbaie noted that <strong>&#8220;the State of Kuwait is committed to supporting international development efforts. <\/strong>Since its establishment in 1961, the Kuwait Fund for Arab Economic Development has financed development projects in 107 countries. Kuwait reaffirms its commitment to support global development and the continued delivery of humanitarian aid worldwide without discrimination, politicization or conditionalities&#8221;.<\/p>\n<p>&nbsp;<\/p>\n<p>The Kuwaiti ambassador concluded by referring to <strong>the &#8220;harmony and convergence of views&#8221; between Kuwait and Spain, <\/strong>&#8220;two friendly countries, in most regional and international affairs, within the framework of our shared commitment to the principles of international law. In this context, we recall the <strong>High-level International Conference on the Settlement of<\/strong> <strong>the Palestinian Question and the Implementation of the Two-State Solution, <\/strong>co-chaired by the Kingdom of Saudi Arabia and the French Republic. We hope to be able to build on the political momentum generated by the conference, commending the initiative of several friendly countries to officially recognize the independent State of Palestine and underlining the need for other countries to take similar steps&#8221;.<\/p>\n<p>&nbsp;<\/p>\n<figure id=\"attachment_136873\" aria-describedby=\"caption-attachment-136873\" style=\"width: 750px\" class=\"wp-caption alignnone\"><img decoding=\"async\" class=\"wp-image-136873 size-full\" src=\"https:\/\/thediplomatinspain.com\/wp-content\/uploads\/2026\/02\/Egipto-ok.jpg\" alt=\"\" width=\"750\" height=\"429\" srcset=\"https:\/\/thediplomatinspain.com\/wp-content\/uploads\/2026\/02\/Egipto-ok.jpg 750w, https:\/\/thediplomatinspain.com\/wp-content\/uploads\/2026\/02\/Egipto-ok-300x172.jpg 300w\" sizes=\"(max-width: 750px) 100vw, 750px\" \/><figcaption id=\"caption-attachment-136873\" class=\"wp-caption-text\">Welcome to the Ambassador of Egypt, Ehab Ahmed Badawy.<\/figcaption><\/figure>\n<p>&nbsp;<\/p>\n<figure id=\"attachment_136875\" aria-describedby=\"caption-attachment-136875\" style=\"width: 750px\" class=\"wp-caption alignnone\"><img decoding=\"async\" class=\"wp-image-136875 size-full\" src=\"https:\/\/thediplomatinspain.com\/wp-content\/uploads\/2026\/02\/Azerbaiyan-ok.jpg\" alt=\"\" width=\"750\" height=\"428\" srcset=\"https:\/\/thediplomatinspain.com\/wp-content\/uploads\/2026\/02\/Azerbaiyan-ok.jpg 750w, https:\/\/thediplomatinspain.com\/wp-content\/uploads\/2026\/02\/Azerbaiyan-ok-300x171.jpg 300w\" sizes=\"(max-width: 750px) 100vw, 750px\" \/><figcaption id=\"caption-attachment-136875\" class=\"wp-caption-text\">Arrival of the Ambassador of Azerbaijan, Ramiz Hasanov.<\/figcaption><\/figure>\n<p>&nbsp;<\/p>\n<figure id=\"attachment_136881\" aria-describedby=\"caption-attachment-136881\" style=\"width: 750px\" class=\"wp-caption alignnone\"><img decoding=\"async\" class=\"wp-image-136881 size-full\" src=\"https:\/\/thediplomatinspain.com\/wp-content\/uploads\/2026\/02\/Suaidia-y-Turquia-ok.jpg\" alt=\"\" width=\"750\" height=\"429\" srcset=\"https:\/\/thediplomatinspain.com\/wp-content\/uploads\/2026\/02\/Suaidia-y-Turquia-ok.jpg 750w, https:\/\/thediplomatinspain.com\/wp-content\/uploads\/2026\/02\/Suaidia-y-Turquia-ok-300x172.jpg 300w\" sizes=\"(max-width: 750px) 100vw, 750px\" \/><figcaption id=\"caption-attachment-136881\" class=\"wp-caption-text\">On the left, the ambassador of Saudi Arabia, Princess Haifa al Mogrin, together with the ambassador of Turkey, N\u00fcket K\u00fc\u00e7\u00fckel Ezberci.<\/figcaption><\/figure>\n<p>&nbsp;<\/p>\n<figure id=\"attachment_136877\" aria-describedby=\"caption-attachment-136877\" style=\"width: 750px\" class=\"wp-caption alignnone\"><img decoding=\"async\" class=\"wp-image-136877 size-full\" src=\"https:\/\/thediplomatinspain.com\/wp-content\/uploads\/2026\/02\/Libia-y-Marruecos-ok.jpg\" alt=\"\" width=\"750\" height=\"429\" srcset=\"https:\/\/thediplomatinspain.com\/wp-content\/uploads\/2026\/02\/Libia-y-Marruecos-ok.jpg 750w, https:\/\/thediplomatinspain.com\/wp-content\/uploads\/2026\/02\/Libia-y-Marruecos-ok-300x172.jpg 300w\" sizes=\"(max-width: 750px) 100vw, 750px\" \/><figcaption id=\"caption-attachment-136877\" class=\"wp-caption-text\">The Ambassador of Morocco, Karima Benyaich, together with her Libyan counterpart, Walid B D Abuabdalla.<\/figcaption><\/figure>\n<p>&nbsp;<\/p>\n<figure id=\"attachment_136879\" aria-describedby=\"caption-attachment-136879\" style=\"width: 750px\" class=\"wp-caption alignnone\"><img decoding=\"async\" class=\"wp-image-136879 size-full\" src=\"https:\/\/thediplomatinspain.com\/wp-content\/uploads\/2026\/02\/Palestina-y-Argelia-ok-.jpg\" alt=\"\" width=\"750\" height=\"429\" srcset=\"https:\/\/thediplomatinspain.com\/wp-content\/uploads\/2026\/02\/Palestina-y-Argelia-ok-.jpg 750w, https:\/\/thediplomatinspain.com\/wp-content\/uploads\/2026\/02\/Palestina-y-Argelia-ok--300x172.jpg 300w\" sizes=\"(max-width: 750px) 100vw, 750px\" \/><figcaption id=\"caption-attachment-136879\" class=\"wp-caption-text\">The ambassadors of Palestine, Husni Abdel Wahed (left), together with his Algerian colleague, Abdelfet\u00e1 Daghmun.<\/figcaption><\/figure>\n<p>&nbsp;<\/p>\n<figure id=\"attachment_136883\" aria-describedby=\"caption-attachment-136883\" style=\"width: 750px\" class=\"wp-caption alignnone\"><img decoding=\"async\" class=\"wp-image-136883 size-full\" src=\"https:\/\/thediplomatinspain.com\/wp-content\/uploads\/2026\/02\/Nuncio-Albania-Hungria-Alemania-y-Bosnia-ok.jpg\" alt=\"\" width=\"750\" height=\"429\" srcset=\"https:\/\/thediplomatinspain.com\/wp-content\/uploads\/2026\/02\/Nuncio-Albania-Hungria-Alemania-y-Bosnia-ok.jpg 750w, https:\/\/thediplomatinspain.com\/wp-content\/uploads\/2026\/02\/Nuncio-Albania-Hungria-Alemania-y-Bosnia-ok-300x172.jpg 300w\" sizes=\"(max-width: 750px) 100vw, 750px\" \/><figcaption id=\"caption-attachment-136883\" class=\"wp-caption-text\">From left to right, the Nuncio of His Holiness and the ambassadors of Albania, Hungary, Germany and Bosnia and Herzegovina.<\/figcaption><\/figure>\n<p>&nbsp;<\/p>\n<figure id=\"attachment_136885\" aria-describedby=\"caption-attachment-136885\" style=\"width: 750px\" class=\"wp-caption alignnone\"><img decoding=\"async\" class=\"wp-image-136885 size-full\" src=\"https:\/\/thediplomatinspain.com\/wp-content\/uploads\/2026\/02\/Suiza-y-Hungria-ok.jpg\" alt=\"\" width=\"750\" height=\"429\" srcset=\"https:\/\/thediplomatinspain.com\/wp-content\/uploads\/2026\/02\/Suiza-y-Hungria-ok.jpg 750w, https:\/\/thediplomatinspain.com\/wp-content\/uploads\/2026\/02\/Suiza-y-Hungria-ok-300x172.jpg 300w\" sizes=\"(max-width: 750px) 100vw, 750px\" \/><figcaption id=\"caption-attachment-136885\" class=\"wp-caption-text\">The ambassadors of Switzerland, Heinrich Schellenberg (left), and Hungary, George Habsburg-Lothringen.<\/figcaption><\/figure>\n<p>&nbsp;<\/p>\n<figure id=\"attachment_136887\" aria-describedby=\"caption-attachment-136887\" style=\"width: 750px\" class=\"wp-caption alignnone\"><img decoding=\"async\" class=\"wp-image-136887 size-full\" src=\"https:\/\/thediplomatinspain.com\/wp-content\/uploads\/2026\/02\/Ricardo-y-Rocio-ok.jpg\" alt=\"\" width=\"750\" height=\"429\" srcset=\"https:\/\/thediplomatinspain.com\/wp-content\/uploads\/2026\/02\/Ricardo-y-Rocio-ok.jpg 750w, https:\/\/thediplomatinspain.com\/wp-content\/uploads\/2026\/02\/Ricardo-y-Rocio-ok-300x172.jpg 300w\" sizes=\"(max-width: 750px) 100vw, 750px\" \/><figcaption id=\"caption-attachment-136887\" class=\"wp-caption-text\">On the left, Roc\u00edo Pic\u00f3n, Deputy Director-General of Coordination of the International Institutional Representation of the Mayor of Madrid, together with Ricardo Iglesias, head of the External Relations Service of the City Council of Madrid.<\/figcaption><\/figure>\n<p>&nbsp;<\/p>\n","protected":false},"excerpt":{"rendered":"<p>The Embassy of Kuwait held a reception last Tuesday on the occasion of its 65th National Day and the 35th anniversary of its liberation.<\/p>\n","protected":false},"author":204,"featured_media":136872,"comment_status":"closed","ping_status":"open","sticky":false,"template":"","format":"standard","meta":{"jnews-multi-image_gallery":[],"jnews_single_post":{"format":"standard","override":[{"template":"2","parallax":"1","fullscreen":"1","layout":"right-sidebar","sidebar":"default-sidebar","second_sidebar":"default-sidebar","sticky_sidebar":"1","share_position":"top","share_float_style":"share-monocrhome","show_featured":"1","show_post_meta":"1","show_post_author":"1","show_post_date":"1","post_date_format":"default","post_date_format_custom":"Y\/m\/d","show_post_category":"1","show_post_reading_time":"0","post_reading_time_wpm":"300","post_calculate_word_method":"str_word_count","show_zoom_button":"0","zoom_button_out_step":"2","zoom_button_in_step":"3","show_post_tag":"1","show_prev_next_post":"1","show_popup_post":"1","show_comment_section":"1","number_popup_post":"1","show_author_box":"1","show_post_related":"0","show_inline_post_related":"0"}],"image_override":[{"single_post_thumbnail_size":"crop-500","single_post_gallery_size":"crop-500"}],"trending_post_position":"meta","trending_post_label":"Trending","sponsored_post_label":"Sponsored by","disable_ad":"0","subtitle":"Zeiad Alanbaie noted that \"Kuwait reaffirms its commitment to support global development and the continued delivery of humanitarian aid to everyone without discrimination, politicization or conditionalities\"."},"jnews_primary_category":[],"jnews_social_meta":[],"jnews_override_counter":{"view_counter_number":"0","share_counter_number":"0","like_counter_number":"0","dislike_counter_number":"0"},"jnews_post_split":{"post_split":[{"template":"1","tag":"h2","numbering":"asc","mode":"normal","first":"0","enable_toc":"0","toc_type":"normal"}]},"footnotes":""},"categories":[170,158,159,166],"tags":[],"class_list":["post-136890","post","type-post","status-publish","format-standard","has-post-thumbnail","hentry","category-embassies","category-frontpage-en","category-news","category-social-life"],"yoast_head":"<!-- This site is optimized with the Yoast SEO plugin v27.4 - https:\/\/yoast.com\/product\/yoast-seo-wordpress\/ -->\n<title>The ambassador of Kuwait highlights the &quot;great importance&quot; that his country attaches to its relations with Spain<\/title>\n<meta name=\"description\" content=\"The Embassy of Kuwait held a reception last Tuesday on the occasion of its 65th National Day and the 35th anniversary of its liberation.\" \/>\n<meta name=\"robots\" content=\"index, follow, max-snippet:-1, max-image-preview:large, max-video-preview:-1\" \/>\n<link rel=\"canonical\" href=\"https:\/\/thediplomatinspain.com\/en\/2026\/02\/12\/el-embajador-de-kuwait-resalta-la-gran-importancia-que-su-pais-concede-a-sus-relaciones-con-espana\/\" \/>\n<meta property=\"og:locale\" content=\"en_US\" \/>\n<meta property=\"og:type\" content=\"article\" \/>\n<meta property=\"og:title\" content=\"The ambassador of Kuwait highlights the &quot;great importance&quot; that his country attaches to its relations with Spain\" \/>\n<meta property=\"og:description\" content=\"The Embassy of Kuwait held a reception last Tuesday on the occasion of its 65th National Day and the 35th anniversary of its liberation.\" \/>\n<meta property=\"og:url\" content=\"https:\/\/thediplomatinspain.com\/en\/2026\/02\/12\/el-embajador-de-kuwait-resalta-la-gran-importancia-que-su-pais-concede-a-sus-relaciones-con-espana\/\" \/>\n<meta property=\"og:site_name\" content=\"thediplomatinspain.com\" \/>\n<meta property=\"article:publisher\" content=\"https:\/\/www.facebook.com\/thediplomatinspain\" \/>\n<meta property=\"article:published_time\" content=\"2026-02-12T05:09:01+00:00\" \/>\n<meta property=\"og:image\" content=\"https:\/\/thediplomatinspain.com\/wp-content\/uploads\/2026\/02\/Embajador-hablando-ok.jpg\" \/>\n\t<meta property=\"og:image:width\" content=\"750\" \/>\n\t<meta property=\"og:image:height\" content=\"429\" \/>\n\t<meta property=\"og:image:type\" content=\"image\/jpeg\" \/>\n<meta name=\"author\" content=\"Juan David Latorre\" \/>\n<meta name=\"twitter:card\" content=\"summary_large_image\" \/>\n<meta name=\"twitter:creator\" content=\"@diplomatinspain\" \/>\n<meta name=\"twitter:site\" content=\"@diplomatinspain\" \/>\n<meta name=\"twitter:label1\" content=\"Written by\" \/>\n\t<meta name=\"twitter:data1\" content=\"Juan David Latorre\" \/>\n\t<meta name=\"twitter:label2\" content=\"Est. reading time\" \/>\n\t<meta name=\"twitter:data2\" content=\"5 minutes\" \/>\n<script type=\"application\/ld+json\" class=\"yoast-schema-graph\">{\"@context\":\"https:\\\/\\\/schema.org\",\"@graph\":[{\"@type\":\"Article\",\"@id\":\"https:\\\/\\\/thediplomatinspain.com\\\/en\\\/2026\\\/02\\\/12\\\/el-embajador-de-kuwait-resalta-la-gran-importancia-que-su-pais-concede-a-sus-relaciones-con-espana\\\/#article\",\"isPartOf\":{\"@id\":\"https:\\\/\\\/thediplomatinspain.com\\\/en\\\/2026\\\/02\\\/12\\\/el-embajador-de-kuwait-resalta-la-gran-importancia-que-su-pais-concede-a-sus-relaciones-con-espana\\\/\"},\"author\":{\"name\":\"Juan David Latorre\",\"@id\":\"https:\\\/\\\/thediplomatinspain.com\\\/#\\\/schema\\\/person\\\/bc23729a451553cbb28c59ed696ced53\"},\"headline\":\"The ambassador of Kuwait highlights the &#8220;great importance&#8221; that his country attaches to its relations with Spain\",\"datePublished\":\"2026-02-12T05:09:01+00:00\",\"mainEntityOfPage\":{\"@id\":\"https:\\\/\\\/thediplomatinspain.com\\\/en\\\/2026\\\/02\\\/12\\\/el-embajador-de-kuwait-resalta-la-gran-importancia-que-su-pais-concede-a-sus-relaciones-con-espana\\\/\"},\"wordCount\":749,\"publisher\":{\"@id\":\"https:\\\/\\\/thediplomatinspain.com\\\/#organization\"},\"image\":{\"@id\":\"https:\\\/\\\/thediplomatinspain.com\\\/en\\\/2026\\\/02\\\/12\\\/el-embajador-de-kuwait-resalta-la-gran-importancia-que-su-pais-concede-a-sus-relaciones-con-espana\\\/#primaryimage\"},\"thumbnailUrl\":\"https:\\\/\\\/thediplomatinspain.com\\\/wp-content\\\/uploads\\\/2026\\\/02\\\/Embajador-hablando-ok.jpg\",\"articleSection\":[\"Embassies\",\"Frontpage\",\"News\",\"Social life\"],\"inLanguage\":\"en-US\"},{\"@type\":\"WebPage\",\"@id\":\"https:\\\/\\\/thediplomatinspain.com\\\/en\\\/2026\\\/02\\\/12\\\/el-embajador-de-kuwait-resalta-la-gran-importancia-que-su-pais-concede-a-sus-relaciones-con-espana\\\/\",\"url\":\"https:\\\/\\\/thediplomatinspain.com\\\/en\\\/2026\\\/02\\\/12\\\/el-embajador-de-kuwait-resalta-la-gran-importancia-que-su-pais-concede-a-sus-relaciones-con-espana\\\/\",\"name\":\"The ambassador of Kuwait highlights the \\\"great importance\\\" that his country attaches to its relations with Spain\",\"isPartOf\":{\"@id\":\"https:\\\/\\\/thediplomatinspain.com\\\/#website\"},\"primaryImageOfPage\":{\"@id\":\"https:\\\/\\\/thediplomatinspain.com\\\/en\\\/2026\\\/02\\\/12\\\/el-embajador-de-kuwait-resalta-la-gran-importancia-que-su-pais-concede-a-sus-relaciones-con-espana\\\/#primaryimage\"},\"image\":{\"@id\":\"https:\\\/\\\/thediplomatinspain.com\\\/en\\\/2026\\\/02\\\/12\\\/el-embajador-de-kuwait-resalta-la-gran-importancia-que-su-pais-concede-a-sus-relaciones-con-espana\\\/#primaryimage\"},\"thumbnailUrl\":\"https:\\\/\\\/thediplomatinspain.com\\\/wp-content\\\/uploads\\\/2026\\\/02\\\/Embajador-hablando-ok.jpg\",\"datePublished\":\"2026-02-12T05:09:01+00:00\",\"description\":\"The Embassy of Kuwait held a reception last Tuesday on the occasion of its 65th National Day and the 35th anniversary of its liberation.\",\"breadcrumb\":{\"@id\":\"https:\\\/\\\/thediplomatinspain.com\\\/en\\\/2026\\\/02\\\/12\\\/el-embajador-de-kuwait-resalta-la-gran-importancia-que-su-pais-concede-a-sus-relaciones-con-espana\\\/#breadcrumb\"},\"inLanguage\":\"en-US\",\"potentialAction\":[{\"@type\":\"ReadAction\",\"target\":[\"https:\\\/\\\/thediplomatinspain.com\\\/en\\\/2026\\\/02\\\/12\\\/el-embajador-de-kuwait-resalta-la-gran-importancia-que-su-pais-concede-a-sus-relaciones-con-espana\\\/\"]}]},{\"@type\":\"ImageObject\",\"inLanguage\":\"en-US\",\"@id\":\"https:\\\/\\\/thediplomatinspain.com\\\/en\\\/2026\\\/02\\\/12\\\/el-embajador-de-kuwait-resalta-la-gran-importancia-que-su-pais-concede-a-sus-relaciones-con-espana\\\/#primaryimage\",\"url\":\"https:\\\/\\\/thediplomatinspain.com\\\/wp-content\\\/uploads\\\/2026\\\/02\\\/Embajador-hablando-ok.jpg\",\"contentUrl\":\"https:\\\/\\\/thediplomatinspain.com\\\/wp-content\\\/uploads\\\/2026\\\/02\\\/Embajador-hablando-ok.jpg\",\"width\":750,\"height\":429,\"caption\":\"Kuwait\u2019s ambassador, Zeiad Alanbaie, stressed the \\\"harmony and convergence of views\\\" between Kuwait and Spain in his welcome speech during the reception.\"},{\"@type\":\"BreadcrumbList\",\"@id\":\"https:\\\/\\\/thediplomatinspain.com\\\/en\\\/2026\\\/02\\\/12\\\/el-embajador-de-kuwait-resalta-la-gran-importancia-que-su-pais-concede-a-sus-relaciones-con-espana\\\/#breadcrumb\",\"itemListElement\":[{\"@type\":\"ListItem\",\"position\":1,\"name\":\"Portada\",\"item\":\"https:\\\/\\\/thediplomatinspain.com\\\/en\\\/\"},{\"@type\":\"ListItem\",\"position\":2,\"name\":\"The ambassador of Kuwait highlights the &#8220;great importance&#8221; that his country attaches to its relations with Spain\"}]},{\"@type\":\"WebSite\",\"@id\":\"https:\\\/\\\/thediplomatinspain.com\\\/#website\",\"url\":\"https:\\\/\\\/thediplomatinspain.com\\\/\",\"name\":\"thediplomatinspain.com\",\"description\":\"Diario digital de referencia para diplom\u00e1ticos y empresas\",\"publisher\":{\"@id\":\"https:\\\/\\\/thediplomatinspain.com\\\/#organization\"},\"potentialAction\":[{\"@type\":\"SearchAction\",\"target\":{\"@type\":\"EntryPoint\",\"urlTemplate\":\"https:\\\/\\\/thediplomatinspain.com\\\/?s={search_term_string}\"},\"query-input\":{\"@type\":\"PropertyValueSpecification\",\"valueRequired\":true,\"valueName\":\"search_term_string\"}}],\"inLanguage\":\"en-US\"},{\"@type\":\"Organization\",\"@id\":\"https:\\\/\\\/thediplomatinspain.com\\\/#organization\",\"name\":\"thediplomatinspain.com\",\"url\":\"https:\\\/\\\/thediplomatinspain.com\\\/\",\"logo\":{\"@type\":\"ImageObject\",\"inLanguage\":\"en-US\",\"@id\":\"https:\\\/\\\/thediplomatinspain.com\\\/#\\\/schema\\\/logo\\\/image\\\/\",\"url\":\"https:\\\/\\\/thediplomatinspain.com\\\/wp-content\\\/uploads\\\/2024\\\/06\\\/logo_the_diplomat.png\",\"contentUrl\":\"https:\\\/\\\/thediplomatinspain.com\\\/wp-content\\\/uploads\\\/2024\\\/06\\\/logo_the_diplomat.png\",\"width\":284,\"height\":77,\"caption\":\"thediplomatinspain.com\"},\"image\":{\"@id\":\"https:\\\/\\\/thediplomatinspain.com\\\/#\\\/schema\\\/logo\\\/image\\\/\"},\"sameAs\":[\"https:\\\/\\\/www.facebook.com\\\/thediplomatinspain\",\"https:\\\/\\\/x.com\\\/diplomatinspain\",\"https:\\\/\\\/www.youtube.com\\\/channel\\\/UCK0mRqeeZDKdFeiFQZLcH2A\"]},{\"@type\":\"Person\",\"@id\":\"https:\\\/\\\/thediplomatinspain.com\\\/#\\\/schema\\\/person\\\/bc23729a451553cbb28c59ed696ced53\",\"name\":\"Juan David Latorre\",\"image\":{\"@type\":\"ImageObject\",\"inLanguage\":\"en-US\",\"@id\":\"https:\\\/\\\/secure.gravatar.com\\\/avatar\\\/2d39dcb59d17733b9ee745ca1ab1eeff6f72ef14623e21bb10f63bfb965c847a?s=96&d=mm&r=g\",\"url\":\"https:\\\/\\\/secure.gravatar.com\\\/avatar\\\/2d39dcb59d17733b9ee745ca1ab1eeff6f72ef14623e21bb10f63bfb965c847a?s=96&d=mm&r=g\",\"contentUrl\":\"https:\\\/\\\/secure.gravatar.com\\\/avatar\\\/2d39dcb59d17733b9ee745ca1ab1eeff6f72ef14623e21bb10f63bfb965c847a?s=96&d=mm&r=g\",\"caption\":\"Juan David Latorre\"},\"url\":\"https:\\\/\\\/thediplomatinspain.com\\\/en\\\/author\\\/jdlatorre\\\/\"},{\"@type\":[\"Organization\",\"NewsMediaOrganization\"],\"@id\":\"https:\\\/\\\/thediplomatinspain.com\\\/en\\\/#organization\"},{\"@type\":\"SiteNavigationElement\",\"@id\":\"https:\\\/\\\/thediplomatinspain.com\\\/en\\\/#site-navigation\",\"cssSelector\":[\".cib-main-menu\"]},{\"@type\":\"WPHeader\",\"@id\":\"https:\\\/\\\/thediplomatinspain.com\\\/en\\\/#header\",\"cssSelector\":[\".cib-header\"]},{\"@type\":\"WPFooter\",\"@id\":\"https:\\\/\\\/thediplomatinspain.com\\\/en\\\/#footer\",\"cssSelector\":[\".cib-footer\"]}]}<\/script>\n<!-- \/ Yoast SEO plugin. -->","yoast_head_json":{"title":"The ambassador of Kuwait highlights the \"great importance\" that his country attaches to its relations with Spain","description":"The Embassy of Kuwait held a reception last Tuesday on the occasion of its 65th National Day and the 35th anniversary of its liberation.","robots":{"index":"index","follow":"follow","max-snippet":"max-snippet:-1","max-image-preview":"max-image-preview:large","max-video-preview":"max-video-preview:-1"},"canonical":"https:\/\/thediplomatinspain.com\/en\/2026\/02\/12\/el-embajador-de-kuwait-resalta-la-gran-importancia-que-su-pais-concede-a-sus-relaciones-con-espana\/","og_locale":"en_US","og_type":"article","og_title":"The ambassador of Kuwait highlights the \"great importance\" that his country attaches to its relations with Spain","og_description":"The Embassy of Kuwait held a reception last Tuesday on the occasion of its 65th National Day and the 35th anniversary of its liberation.","og_url":"https:\/\/thediplomatinspain.com\/en\/2026\/02\/12\/el-embajador-de-kuwait-resalta-la-gran-importancia-que-su-pais-concede-a-sus-relaciones-con-espana\/","og_site_name":"thediplomatinspain.com","article_publisher":"https:\/\/www.facebook.com\/thediplomatinspain","article_published_time":"2026-02-12T05:09:01+00:00","og_image":[{"width":750,"height":429,"url":"https:\/\/thediplomatinspain.com\/wp-content\/uploads\/2026\/02\/Embajador-hablando-ok.jpg","type":"image\/jpeg"}],"author":"Juan David Latorre","twitter_card":"summary_large_image","twitter_creator":"@diplomatinspain","twitter_site":"@diplomatinspain","twitter_misc":{"Written by":"Juan David Latorre","Est. reading time":"5 minutes"},"schema":{"@context":"https:\/\/schema.org","@graph":[{"@type":"Article","@id":"https:\/\/thediplomatinspain.com\/en\/2026\/02\/12\/el-embajador-de-kuwait-resalta-la-gran-importancia-que-su-pais-concede-a-sus-relaciones-con-espana\/#article","isPartOf":{"@id":"https:\/\/thediplomatinspain.com\/en\/2026\/02\/12\/el-embajador-de-kuwait-resalta-la-gran-importancia-que-su-pais-concede-a-sus-relaciones-con-espana\/"},"author":{"name":"Juan David Latorre","@id":"https:\/\/thediplomatinspain.com\/#\/schema\/person\/bc23729a451553cbb28c59ed696ced53"},"headline":"The ambassador of Kuwait highlights the &#8220;great importance&#8221; that his country attaches to its relations with Spain","datePublished":"2026-02-12T05:09:01+00:00","mainEntityOfPage":{"@id":"https:\/\/thediplomatinspain.com\/en\/2026\/02\/12\/el-embajador-de-kuwait-resalta-la-gran-importancia-que-su-pais-concede-a-sus-relaciones-con-espana\/"},"wordCount":749,"publisher":{"@id":"https:\/\/thediplomatinspain.com\/#organization"},"image":{"@id":"https:\/\/thediplomatinspain.com\/en\/2026\/02\/12\/el-embajador-de-kuwait-resalta-la-gran-importancia-que-su-pais-concede-a-sus-relaciones-con-espana\/#primaryimage"},"thumbnailUrl":"https:\/\/thediplomatinspain.com\/wp-content\/uploads\/2026\/02\/Embajador-hablando-ok.jpg","articleSection":["Embassies","Frontpage","News","Social life"],"inLanguage":"en-US"},{"@type":"WebPage","@id":"https:\/\/thediplomatinspain.com\/en\/2026\/02\/12\/el-embajador-de-kuwait-resalta-la-gran-importancia-que-su-pais-concede-a-sus-relaciones-con-espana\/","url":"https:\/\/thediplomatinspain.com\/en\/2026\/02\/12\/el-embajador-de-kuwait-resalta-la-gran-importancia-que-su-pais-concede-a-sus-relaciones-con-espana\/","name":"The ambassador of Kuwait highlights the \"great importance\" that his country attaches to its relations with Spain","isPartOf":{"@id":"https:\/\/thediplomatinspain.com\/#website"},"primaryImageOfPage":{"@id":"https:\/\/thediplomatinspain.com\/en\/2026\/02\/12\/el-embajador-de-kuwait-resalta-la-gran-importancia-que-su-pais-concede-a-sus-relaciones-con-espana\/#primaryimage"},"image":{"@id":"https:\/\/thediplomatinspain.com\/en\/2026\/02\/12\/el-embajador-de-kuwait-resalta-la-gran-importancia-que-su-pais-concede-a-sus-relaciones-con-espana\/#primaryimage"},"thumbnailUrl":"https:\/\/thediplomatinspain.com\/wp-content\/uploads\/2026\/02\/Embajador-hablando-ok.jpg","datePublished":"2026-02-12T05:09:01+00:00","description":"The Embassy of Kuwait held a reception last Tuesday on the occasion of its 65th National Day and the 35th anniversary of its liberation.","breadcrumb":{"@id":"https:\/\/thediplomatinspain.com\/en\/2026\/02\/12\/el-embajador-de-kuwait-resalta-la-gran-importancia-que-su-pais-concede-a-sus-relaciones-con-espana\/#breadcrumb"},"inLanguage":"en-US","potentialAction":[{"@type":"ReadAction","target":["https:\/\/thediplomatinspain.com\/en\/2026\/02\/12\/el-embajador-de-kuwait-resalta-la-gran-importancia-que-su-pais-concede-a-sus-relaciones-con-espana\/"]}]},{"@type":"ImageObject","inLanguage":"en-US","@id":"https:\/\/thediplomatinspain.com\/en\/2026\/02\/12\/el-embajador-de-kuwait-resalta-la-gran-importancia-que-su-pais-concede-a-sus-relaciones-con-espana\/#primaryimage","url":"https:\/\/thediplomatinspain.com\/wp-content\/uploads\/2026\/02\/Embajador-hablando-ok.jpg","contentUrl":"https:\/\/thediplomatinspain.com\/wp-content\/uploads\/2026\/02\/Embajador-hablando-ok.jpg","width":750,"height":429,"caption":"Kuwait\u2019s ambassador, Zeiad Alanbaie, stressed the \"harmony and convergence of views\" between Kuwait and Spain in his welcome speech during the reception."},{"@type":"BreadcrumbList","@id":"https:\/\/thediplomatinspain.com\/en\/2026\/02\/12\/el-embajador-de-kuwait-resalta-la-gran-importancia-que-su-pais-concede-a-sus-relaciones-con-espana\/#breadcrumb","itemListElement":[{"@type":"ListItem","position":1,"name":"Portada","item":"https:\/\/thediplomatinspain.com\/en\/"},{"@type":"ListItem","position":2,"name":"The ambassador of Kuwait highlights the &#8220;great importance&#8221; that his country attaches to its relations with Spain"}]},{"@type":"WebSite","@id":"https:\/\/thediplomatinspain.com\/#website","url":"https:\/\/thediplomatinspain.com\/","name":"thediplomatinspain.com","description":"Diario digital de referencia para diplom\u00e1ticos y empresas","publisher":{"@id":"https:\/\/thediplomatinspain.com\/#organization"},"potentialAction":[{"@type":"SearchAction","target":{"@type":"EntryPoint","urlTemplate":"https:\/\/thediplomatinspain.com\/?s={search_term_string}"},"query-input":{"@type":"PropertyValueSpecification","valueRequired":true,"valueName":"search_term_string"}}],"inLanguage":"en-US"},{"@type":"Organization","@id":"https:\/\/thediplomatinspain.com\/#organization","name":"thediplomatinspain.com","url":"https:\/\/thediplomatinspain.com\/","logo":{"@type":"ImageObject","inLanguage":"en-US","@id":"https:\/\/thediplomatinspain.com\/#\/schema\/logo\/image\/","url":"https:\/\/thediplomatinspain.com\/wp-content\/uploads\/2024\/06\/logo_the_diplomat.png","contentUrl":"https:\/\/thediplomatinspain.com\/wp-content\/uploads\/2024\/06\/logo_the_diplomat.png","width":284,"height":77,"caption":"thediplomatinspain.com"},"image":{"@id":"https:\/\/thediplomatinspain.com\/#\/schema\/logo\/image\/"},"sameAs":["https:\/\/www.facebook.com\/thediplomatinspain","https:\/\/x.com\/diplomatinspain","https:\/\/www.youtube.com\/channel\/UCK0mRqeeZDKdFeiFQZLcH2A"]},{"@type":"Person","@id":"https:\/\/thediplomatinspain.com\/#\/schema\/person\/bc23729a451553cbb28c59ed696ced53","name":"Juan David Latorre","image":{"@type":"ImageObject","inLanguage":"en-US","@id":"https:\/\/secure.gravatar.com\/avatar\/2d39dcb59d17733b9ee745ca1ab1eeff6f72ef14623e21bb10f63bfb965c847a?s=96&d=mm&r=g","url":"https:\/\/secure.gravatar.com\/avatar\/2d39dcb59d17733b9ee745ca1ab1eeff6f72ef14623e21bb10f63bfb965c847a?s=96&d=mm&r=g","contentUrl":"https:\/\/secure.gravatar.com\/avatar\/2d39dcb59d17733b9ee745ca1ab1eeff6f72ef14623e21bb10f63bfb965c847a?s=96&d=mm&r=g","caption":"Juan David Latorre"},"url":"https:\/\/thediplomatinspain.com\/en\/author\/jdlatorre\/"},{"@type":["Organization","NewsMediaOrganization"],"@id":"https:\/\/thediplomatinspain.com\/en\/#organization"},{"@type":"SiteNavigationElement","@id":"https:\/\/thediplomatinspain.com\/en\/#site-navigation","cssSelector":[".cib-main-menu"]},{"@type":"WPHeader","@id":"https:\/\/thediplomatinspain.com\/en\/#header","cssSelector":[".cib-header"]},{"@type":"WPFooter","@id":"https:\/\/thediplomatinspain.com\/en\/#footer","cssSelector":[".cib-footer"]}]}},"amp_enabled":true,"_links":{"self":[{"href":"https:\/\/thediplomatinspain.com\/en\/wp-json\/wp\/v2\/posts\/136890","targetHints":{"allow":["GET"]}}],"collection":[{"href":"https:\/\/thediplomatinspain.com\/en\/wp-json\/wp\/v2\/posts"}],"about":[{"href":"https:\/\/thediplomatinspain.com\/en\/wp-json\/wp\/v2\/types\/post"}],"author":[{"embeddable":true,"href":"https:\/\/thediplomatinspain.com\/en\/wp-json\/wp\/v2\/users\/204"}],"replies":[{"embeddable":true,"href":"https:\/\/thediplomatinspain.com\/en\/wp-json\/wp\/v2\/comments?post=136890"}],"version-history":[{"count":0,"href":"https:\/\/thediplomatinspain.com\/en\/wp-json\/wp\/v2\/posts\/136890\/revisions"}],"wp:featuredmedia":[{"embeddable":true,"href":"https:\/\/thediplomatinspain.com\/en\/wp-json\/wp\/v2\/media\/136872"}],"wp:attachment":[{"href":"https:\/\/thediplomatinspain.com\/en\/wp-json\/wp\/v2\/media?parent=136890"}],"wp:term":[{"taxonomy":"category","embeddable":true,"href":"https:\/\/thediplomatinspain.com\/en\/wp-json\/wp\/v2\/categories?post=136890"},{"taxonomy":"post_tag","embeddable":true,"href":"https:\/\/thediplomatinspain.com\/en\/wp-json\/wp\/v2\/tags?post=136890"}],"curies":[{"name":"wp","href":"https:\/\/api.w.org\/{rel}","templated":true}]}}