{"id":133976,"date":"2026-01-05T11:22:59","date_gmt":"2026-01-05T10:22:59","guid":{"rendered":"https:\/\/thediplomatinspain.com\/2026\/01\/05\/feijoo-califica-de-historica-la-intervencion-de-eeuu-en-venezuela\/"},"modified":"2026-01-05T11:28:02","modified_gmt":"2026-01-05T10:28:02","slug":"feijoo-calls-us-intervention-in-venezuela-historic","status":"publish","type":"post","link":"https:\/\/thediplomatinspain.com\/en\/2026\/01\/05\/feijoo-calls-us-intervention-in-venezuela-historic\/","title":{"rendered":"Feij\u00f3o calls US intervention in Venezuela \u201chistoric\u201d"},"content":{"rendered":"<h6><strong>Eduardo Gonz\u00e1lez<\/strong><\/h6>\n<h4><strong>The president of the People&#8217;s Party, Alberto N\u00fa\u00f1ez Feij\u00f3o, has called the US intervention in Venezuela \u201chistoric\u201d and accused the Spanish government of having \u201cabandoned its diplomatic resources and moral leadership to confront the tyranny of Maduro,\u201d whom, \u201con the contrary, it has given time and excuses.\u201d<\/strong><\/h4>\n<p>\u201cWhat happened in the early hours of January 3, 2026, in Venezuela, with the intervention of the United States and the arrest of Nicol\u00e1s Maduro, defies any other description,\u201d Feij\u00f3o declared in a statement released this Sunday. \u201cHere, the speculation and conjecture end, and the time begins to take a realistic and responsible stance, yes, but also, and above all, a courageous one,\u201d he stated.<\/p>\n<p>\u201cThe first thing is to recognize that an evil has been defeated: the capture of Maduro is unequivocally good news. A dictatorial, repressive regime that has caused the ruin of a rich country, the destruction of its institutions, and the largest exodus in Latin America, has been decapitated,\u201d he wrote.<\/p>\n<p>\u201cBased on this undeniable reality, it is imperative to reaffirm the commitments and values \u200b\u200bthat Spain defends in the international arena and, in particular, toward the Hispanic American sphere and the Hispanic world,\u201d he continued.<\/p>\n<p>According to Feij\u00f3o, the transition in Venezuela \u201cmust be based on a democratic electoral process.\u201d \u201cThe leadership of the legitimate president, Edmundo Gonz\u00e1lez, and Mar\u00eda Corina Machado represents the democratic, peaceful, and constitutional path for Venezuela,\u201d the PP leader stated. \u201cThe Venezuelan people, under heroic circumstances, supported them with almost 70% of the vote in 2024,\u201d he recalled. \u201cDictatorships are not overthrown halfway, and the dawn of a new era demands that Venezuelans have a voice and the ability to decide on the future of their country,\u201d he added.<\/p>\n<p>According to Feij\u00f3o, Mar\u00eda Corina Machado \u201cis the person who has brought Venezuela to the brink of freedom,\u201d and therefore, \u201cleaving her out of this process is worse than a personal injustice: it perpetuates abuse and arbitrariness.\u201d \u201cLegitimacy only arises from free elections, the rule of law, and respect for individual freedoms,\u201d he warned. In the press conference following the attack on Venezuela, US President Donald Trump responded that \u201cit would be very difficult\u201d for Machado to be the next president of Venezuela because \u201cshe doesn\u2019t have the support or respect within the country.\u201d<\/p>\n<p>Furthermore, the leader of the People\u2019s Party (PP) warned that \u201cthe future of Venezuela cannot be led by someone who has been Maduro\u2019s right-hand woman for the last few years.\u201d \u201c(Vice President) Delcy Rodr\u00edguez, an accomplice and key player in the dictatorship, corruption, and plundering of Venezuela, represents its darkest past,\u201d and therefore, \u201cpresenting as a solution or a transitional figure someone sanctioned by the EU and the US for human rights violations would be nothing more than a continuation of the regime,\u201d he declared.<\/p>\n<p>Feij\u00f3o also denounced that Pedro S\u00e1nchez\u2019s government \u201chas abandoned its diplomatic resources and moral leadership to confront Maduro\u2019s tyranny.\u201d \u201cOn the contrary, it has given him time and excuses.\u201d \u201cThe influence and respect that Spain has lost in this process will be difficult to recover, but all of us who believe in our country are called upon to demonstrate the exemplary conduct that the government has failed to provide,\u201d he added. Finally, the People\u2019s Party (PP) remembered \u201cthe twenty or so Spanish citizens\u201d who remain imprisoned in Venezuelan jails for \u201cdesiring freedom and fighting for it democratically.\u201d<\/p>\n","protected":false},"excerpt":{"rendered":"<p>The president of the People&#8217;s Party, Alberto N\u00fa\u00f1ez Feij\u00f3o, has called the US intervention in Venezuela \u201chistoric\u201d and accused the Spanish government of <\/p>\n","protected":false},"author":91,"featured_media":133973,"comment_status":"closed","ping_status":"open","sticky":false,"template":"","format":"standard","meta":{"jnews-multi-image_gallery":[],"jnews_single_post":null,"jnews_primary_category":[],"jnews_social_meta":[],"jnews_override_counter":{"view_counter_number":"0","share_counter_number":"0","like_counter_number":"0","dislike_counter_number":"0"},"jnews_post_split":{"post_split":[{"template":"1","tag":"h2","numbering":"asc","mode":"normal","first":"0","enable_toc":"0","toc_type":"normal"}]},"footnotes":""},"categories":[182,162],"tags":[],"class_list":["post-133976","post","type-post","status-publish","format-standard","has-post-thumbnail","hentry","category-subscribers","category-the-world-in-spain"],"yoast_head":"<!-- This site is optimized with the Yoast SEO plugin v27.4 - https:\/\/yoast.com\/product\/yoast-seo-wordpress\/ -->\n<title>Feij\u00f3o calls US intervention in Venezuela \u201chistoric\u201d<\/title>\n<meta name=\"description\" content=\"The president of the People&#039;s Party, Alberto N\u00fa\u00f1ez Feij\u00f3o, has called the US intervention in Venezuela \u201chistoric\u201d.\" \/>\n<meta name=\"robots\" content=\"index, follow, max-snippet:-1, max-image-preview:large, max-video-preview:-1\" \/>\n<link rel=\"canonical\" href=\"https:\/\/thediplomatinspain.com\/en\/2026\/01\/05\/feijoo-calls-us-intervention-in-venezuela-historic\/\" \/>\n<meta property=\"og:locale\" content=\"en_US\" \/>\n<meta property=\"og:type\" content=\"article\" \/>\n<meta property=\"og:title\" content=\"Feij\u00f3o calls US intervention in Venezuela \u201chistoric\u201d\" \/>\n<meta property=\"og:description\" content=\"The president of the People&#039;s Party, Alberto N\u00fa\u00f1ez Feij\u00f3o, has called the US intervention in Venezuela \u201chistoric\u201d.\" \/>\n<meta property=\"og:url\" content=\"https:\/\/thediplomatinspain.com\/en\/2026\/01\/05\/feijoo-calls-us-intervention-in-venezuela-historic\/\" \/>\n<meta property=\"og:site_name\" content=\"thediplomatinspain.com\" \/>\n<meta property=\"article:publisher\" content=\"https:\/\/www.facebook.com\/thediplomatinspain\" \/>\n<meta property=\"article:published_time\" content=\"2026-01-05T10:22:59+00:00\" \/>\n<meta property=\"article:modified_time\" content=\"2026-01-05T10:28:02+00:00\" \/>\n<meta property=\"og:image\" content=\"https:\/\/thediplomatinspain.com\/wp-content\/uploads\/2026\/01\/Feijoo-1.jpeg\" \/>\n\t<meta property=\"og:image:width\" content=\"1514\" \/>\n\t<meta property=\"og:image:height\" content=\"855\" \/>\n\t<meta property=\"og:image:type\" content=\"image\/jpeg\" \/>\n<meta name=\"author\" content=\"Eduardo Gonz\u00e1lez\" \/>\n<meta name=\"twitter:card\" content=\"summary_large_image\" \/>\n<meta name=\"twitter:creator\" content=\"@diplomatinspain\" \/>\n<meta name=\"twitter:site\" content=\"@diplomatinspain\" \/>\n<meta name=\"twitter:label1\" content=\"Written by\" \/>\n\t<meta name=\"twitter:data1\" content=\"Eduardo Gonz\u00e1lez\" \/>\n\t<meta name=\"twitter:label2\" content=\"Est. reading time\" \/>\n\t<meta name=\"twitter:data2\" content=\"3 minutes\" \/>\n<script type=\"application\/ld+json\" class=\"yoast-schema-graph\">{\"@context\":\"https:\\\/\\\/schema.org\",\"@graph\":[{\"@type\":\"Article\",\"@id\":\"https:\\\/\\\/thediplomatinspain.com\\\/en\\\/2026\\\/01\\\/05\\\/feijoo-calls-us-intervention-in-venezuela-historic\\\/#article\",\"isPartOf\":{\"@id\":\"https:\\\/\\\/thediplomatinspain.com\\\/en\\\/2026\\\/01\\\/05\\\/feijoo-calls-us-intervention-in-venezuela-historic\\\/\"},\"author\":{\"name\":\"Eduardo Gonz\u00e1lez\",\"@id\":\"https:\\\/\\\/thediplomatinspain.com\\\/#\\\/schema\\\/person\\\/3486da7260c1ed500a030f75a625d6ba\"},\"headline\":\"Feij\u00f3o calls US intervention in Venezuela \u201chistoric\u201d\",\"datePublished\":\"2026-01-05T10:22:59+00:00\",\"dateModified\":\"2026-01-05T10:28:02+00:00\",\"mainEntityOfPage\":{\"@id\":\"https:\\\/\\\/thediplomatinspain.com\\\/en\\\/2026\\\/01\\\/05\\\/feijoo-calls-us-intervention-in-venezuela-historic\\\/\"},\"wordCount\":588,\"publisher\":{\"@id\":\"https:\\\/\\\/thediplomatinspain.com\\\/#organization\"},\"image\":{\"@id\":\"https:\\\/\\\/thediplomatinspain.com\\\/en\\\/2026\\\/01\\\/05\\\/feijoo-calls-us-intervention-in-venezuela-historic\\\/#primaryimage\"},\"thumbnailUrl\":\"https:\\\/\\\/thediplomatinspain.com\\\/wp-content\\\/uploads\\\/2026\\\/01\\\/Feijoo-1.jpeg\",\"articleSection\":[\"Subscribers\",\"The world in Spain\"],\"inLanguage\":\"en-US\"},{\"@type\":\"WebPage\",\"@id\":\"https:\\\/\\\/thediplomatinspain.com\\\/en\\\/2026\\\/01\\\/05\\\/feijoo-calls-us-intervention-in-venezuela-historic\\\/\",\"url\":\"https:\\\/\\\/thediplomatinspain.com\\\/en\\\/2026\\\/01\\\/05\\\/feijoo-calls-us-intervention-in-venezuela-historic\\\/\",\"name\":\"Feij\u00f3o calls US intervention in Venezuela \u201chistoric\u201d\",\"isPartOf\":{\"@id\":\"https:\\\/\\\/thediplomatinspain.com\\\/#website\"},\"primaryImageOfPage\":{\"@id\":\"https:\\\/\\\/thediplomatinspain.com\\\/en\\\/2026\\\/01\\\/05\\\/feijoo-calls-us-intervention-in-venezuela-historic\\\/#primaryimage\"},\"image\":{\"@id\":\"https:\\\/\\\/thediplomatinspain.com\\\/en\\\/2026\\\/01\\\/05\\\/feijoo-calls-us-intervention-in-venezuela-historic\\\/#primaryimage\"},\"thumbnailUrl\":\"https:\\\/\\\/thediplomatinspain.com\\\/wp-content\\\/uploads\\\/2026\\\/01\\\/Feijoo-1.jpeg\",\"datePublished\":\"2026-01-05T10:22:59+00:00\",\"dateModified\":\"2026-01-05T10:28:02+00:00\",\"description\":\"The president of the People's Party, Alberto N\u00fa\u00f1ez Feij\u00f3o, has called the US intervention in Venezuela \u201chistoric\u201d.\",\"breadcrumb\":{\"@id\":\"https:\\\/\\\/thediplomatinspain.com\\\/en\\\/2026\\\/01\\\/05\\\/feijoo-calls-us-intervention-in-venezuela-historic\\\/#breadcrumb\"},\"inLanguage\":\"en-US\",\"potentialAction\":[{\"@type\":\"ReadAction\",\"target\":[\"https:\\\/\\\/thediplomatinspain.com\\\/en\\\/2026\\\/01\\\/05\\\/feijoo-calls-us-intervention-in-venezuela-historic\\\/\"]}]},{\"@type\":\"ImageObject\",\"inLanguage\":\"en-US\",\"@id\":\"https:\\\/\\\/thediplomatinspain.com\\\/en\\\/2026\\\/01\\\/05\\\/feijoo-calls-us-intervention-in-venezuela-historic\\\/#primaryimage\",\"url\":\"https:\\\/\\\/thediplomatinspain.com\\\/wp-content\\\/uploads\\\/2026\\\/01\\\/Feijoo-1.jpeg\",\"contentUrl\":\"https:\\\/\\\/thediplomatinspain.com\\\/wp-content\\\/uploads\\\/2026\\\/01\\\/Feijoo-1.jpeg\",\"width\":1514,\"height\":855},{\"@type\":\"BreadcrumbList\",\"@id\":\"https:\\\/\\\/thediplomatinspain.com\\\/en\\\/2026\\\/01\\\/05\\\/feijoo-calls-us-intervention-in-venezuela-historic\\\/#breadcrumb\",\"itemListElement\":[{\"@type\":\"ListItem\",\"position\":1,\"name\":\"Portada\",\"item\":\"https:\\\/\\\/thediplomatinspain.com\\\/en\\\/\"},{\"@type\":\"ListItem\",\"position\":2,\"name\":\"Feij\u00f3o calls US intervention in Venezuela \u201chistoric\u201d\"}]},{\"@type\":\"WebSite\",\"@id\":\"https:\\\/\\\/thediplomatinspain.com\\\/#website\",\"url\":\"https:\\\/\\\/thediplomatinspain.com\\\/\",\"name\":\"thediplomatinspain.com\",\"description\":\"Diario digital de referencia para diplom\u00e1ticos y empresas\",\"publisher\":{\"@id\":\"https:\\\/\\\/thediplomatinspain.com\\\/#organization\"},\"potentialAction\":[{\"@type\":\"SearchAction\",\"target\":{\"@type\":\"EntryPoint\",\"urlTemplate\":\"https:\\\/\\\/thediplomatinspain.com\\\/?s={search_term_string}\"},\"query-input\":{\"@type\":\"PropertyValueSpecification\",\"valueRequired\":true,\"valueName\":\"search_term_string\"}}],\"inLanguage\":\"en-US\"},{\"@type\":\"Organization\",\"@id\":\"https:\\\/\\\/thediplomatinspain.com\\\/#organization\",\"name\":\"thediplomatinspain.com\",\"url\":\"https:\\\/\\\/thediplomatinspain.com\\\/\",\"logo\":{\"@type\":\"ImageObject\",\"inLanguage\":\"en-US\",\"@id\":\"https:\\\/\\\/thediplomatinspain.com\\\/#\\\/schema\\\/logo\\\/image\\\/\",\"url\":\"https:\\\/\\\/thediplomatinspain.com\\\/wp-content\\\/uploads\\\/2024\\\/06\\\/logo_the_diplomat.png\",\"contentUrl\":\"https:\\\/\\\/thediplomatinspain.com\\\/wp-content\\\/uploads\\\/2024\\\/06\\\/logo_the_diplomat.png\",\"width\":284,\"height\":77,\"caption\":\"thediplomatinspain.com\"},\"image\":{\"@id\":\"https:\\\/\\\/thediplomatinspain.com\\\/#\\\/schema\\\/logo\\\/image\\\/\"},\"sameAs\":[\"https:\\\/\\\/www.facebook.com\\\/thediplomatinspain\",\"https:\\\/\\\/x.com\\\/diplomatinspain\",\"https:\\\/\\\/www.youtube.com\\\/channel\\\/UCK0mRqeeZDKdFeiFQZLcH2A\"]},{\"@type\":\"Person\",\"@id\":\"https:\\\/\\\/thediplomatinspain.com\\\/#\\\/schema\\\/person\\\/3486da7260c1ed500a030f75a625d6ba\",\"name\":\"Eduardo Gonz\u00e1lez\",\"image\":{\"@type\":\"ImageObject\",\"inLanguage\":\"en-US\",\"@id\":\"https:\\\/\\\/secure.gravatar.com\\\/avatar\\\/41aa213a3496a9a5a774a70b1b4ba9e94809b2de60529fc9e3ad010c61022c9f?s=96&d=mm&r=g\",\"url\":\"https:\\\/\\\/secure.gravatar.com\\\/avatar\\\/41aa213a3496a9a5a774a70b1b4ba9e94809b2de60529fc9e3ad010c61022c9f?s=96&d=mm&r=g\",\"contentUrl\":\"https:\\\/\\\/secure.gravatar.com\\\/avatar\\\/41aa213a3496a9a5a774a70b1b4ba9e94809b2de60529fc9e3ad010c61022c9f?s=96&d=mm&r=g\",\"caption\":\"Eduardo Gonz\u00e1lez\"},\"url\":\"https:\\\/\\\/thediplomatinspain.com\\\/en\\\/author\\\/egonzalez\\\/\"},{\"@type\":[\"Organization\",\"NewsMediaOrganization\"],\"@id\":\"https:\\\/\\\/thediplomatinspain.com\\\/en\\\/#organization\"},{\"@type\":\"SiteNavigationElement\",\"@id\":\"https:\\\/\\\/thediplomatinspain.com\\\/en\\\/#site-navigation\",\"cssSelector\":[\".cib-main-menu\"]},{\"@type\":\"WPHeader\",\"@id\":\"https:\\\/\\\/thediplomatinspain.com\\\/en\\\/#header\",\"cssSelector\":[\".cib-header\"]},{\"@type\":\"WPFooter\",\"@id\":\"https:\\\/\\\/thediplomatinspain.com\\\/en\\\/#footer\",\"cssSelector\":[\".cib-footer\"]}]}<\/script>\n<!-- \/ Yoast SEO plugin. -->","yoast_head_json":{"title":"Feij\u00f3o calls US intervention in Venezuela \u201chistoric\u201d","description":"The president of the People's Party, Alberto N\u00fa\u00f1ez Feij\u00f3o, has called the US intervention in Venezuela \u201chistoric\u201d.","robots":{"index":"index","follow":"follow","max-snippet":"max-snippet:-1","max-image-preview":"max-image-preview:large","max-video-preview":"max-video-preview:-1"},"canonical":"https:\/\/thediplomatinspain.com\/en\/2026\/01\/05\/feijoo-calls-us-intervention-in-venezuela-historic\/","og_locale":"en_US","og_type":"article","og_title":"Feij\u00f3o calls US intervention in Venezuela \u201chistoric\u201d","og_description":"The president of the People's Party, Alberto N\u00fa\u00f1ez Feij\u00f3o, has called the US intervention in Venezuela \u201chistoric\u201d.","og_url":"https:\/\/thediplomatinspain.com\/en\/2026\/01\/05\/feijoo-calls-us-intervention-in-venezuela-historic\/","og_site_name":"thediplomatinspain.com","article_publisher":"https:\/\/www.facebook.com\/thediplomatinspain","article_published_time":"2026-01-05T10:22:59+00:00","article_modified_time":"2026-01-05T10:28:02+00:00","og_image":[{"width":1514,"height":855,"url":"https:\/\/thediplomatinspain.com\/wp-content\/uploads\/2026\/01\/Feijoo-1.jpeg","type":"image\/jpeg"}],"author":"Eduardo Gonz\u00e1lez","twitter_card":"summary_large_image","twitter_creator":"@diplomatinspain","twitter_site":"@diplomatinspain","twitter_misc":{"Written by":"Eduardo Gonz\u00e1lez","Est. reading time":"3 minutes"},"schema":{"@context":"https:\/\/schema.org","@graph":[{"@type":"Article","@id":"https:\/\/thediplomatinspain.com\/en\/2026\/01\/05\/feijoo-calls-us-intervention-in-venezuela-historic\/#article","isPartOf":{"@id":"https:\/\/thediplomatinspain.com\/en\/2026\/01\/05\/feijoo-calls-us-intervention-in-venezuela-historic\/"},"author":{"name":"Eduardo Gonz\u00e1lez","@id":"https:\/\/thediplomatinspain.com\/#\/schema\/person\/3486da7260c1ed500a030f75a625d6ba"},"headline":"Feij\u00f3o calls US intervention in Venezuela \u201chistoric\u201d","datePublished":"2026-01-05T10:22:59+00:00","dateModified":"2026-01-05T10:28:02+00:00","mainEntityOfPage":{"@id":"https:\/\/thediplomatinspain.com\/en\/2026\/01\/05\/feijoo-calls-us-intervention-in-venezuela-historic\/"},"wordCount":588,"publisher":{"@id":"https:\/\/thediplomatinspain.com\/#organization"},"image":{"@id":"https:\/\/thediplomatinspain.com\/en\/2026\/01\/05\/feijoo-calls-us-intervention-in-venezuela-historic\/#primaryimage"},"thumbnailUrl":"https:\/\/thediplomatinspain.com\/wp-content\/uploads\/2026\/01\/Feijoo-1.jpeg","articleSection":["Subscribers","The world in Spain"],"inLanguage":"en-US"},{"@type":"WebPage","@id":"https:\/\/thediplomatinspain.com\/en\/2026\/01\/05\/feijoo-calls-us-intervention-in-venezuela-historic\/","url":"https:\/\/thediplomatinspain.com\/en\/2026\/01\/05\/feijoo-calls-us-intervention-in-venezuela-historic\/","name":"Feij\u00f3o calls US intervention in Venezuela \u201chistoric\u201d","isPartOf":{"@id":"https:\/\/thediplomatinspain.com\/#website"},"primaryImageOfPage":{"@id":"https:\/\/thediplomatinspain.com\/en\/2026\/01\/05\/feijoo-calls-us-intervention-in-venezuela-historic\/#primaryimage"},"image":{"@id":"https:\/\/thediplomatinspain.com\/en\/2026\/01\/05\/feijoo-calls-us-intervention-in-venezuela-historic\/#primaryimage"},"thumbnailUrl":"https:\/\/thediplomatinspain.com\/wp-content\/uploads\/2026\/01\/Feijoo-1.jpeg","datePublished":"2026-01-05T10:22:59+00:00","dateModified":"2026-01-05T10:28:02+00:00","description":"The president of the People's Party, Alberto N\u00fa\u00f1ez Feij\u00f3o, has called the US intervention in Venezuela \u201chistoric\u201d.","breadcrumb":{"@id":"https:\/\/thediplomatinspain.com\/en\/2026\/01\/05\/feijoo-calls-us-intervention-in-venezuela-historic\/#breadcrumb"},"inLanguage":"en-US","potentialAction":[{"@type":"ReadAction","target":["https:\/\/thediplomatinspain.com\/en\/2026\/01\/05\/feijoo-calls-us-intervention-in-venezuela-historic\/"]}]},{"@type":"ImageObject","inLanguage":"en-US","@id":"https:\/\/thediplomatinspain.com\/en\/2026\/01\/05\/feijoo-calls-us-intervention-in-venezuela-historic\/#primaryimage","url":"https:\/\/thediplomatinspain.com\/wp-content\/uploads\/2026\/01\/Feijoo-1.jpeg","contentUrl":"https:\/\/thediplomatinspain.com\/wp-content\/uploads\/2026\/01\/Feijoo-1.jpeg","width":1514,"height":855},{"@type":"BreadcrumbList","@id":"https:\/\/thediplomatinspain.com\/en\/2026\/01\/05\/feijoo-calls-us-intervention-in-venezuela-historic\/#breadcrumb","itemListElement":[{"@type":"ListItem","position":1,"name":"Portada","item":"https:\/\/thediplomatinspain.com\/en\/"},{"@type":"ListItem","position":2,"name":"Feij\u00f3o calls US intervention in Venezuela \u201chistoric\u201d"}]},{"@type":"WebSite","@id":"https:\/\/thediplomatinspain.com\/#website","url":"https:\/\/thediplomatinspain.com\/","name":"thediplomatinspain.com","description":"Diario digital de referencia para diplom\u00e1ticos y empresas","publisher":{"@id":"https:\/\/thediplomatinspain.com\/#organization"},"potentialAction":[{"@type":"SearchAction","target":{"@type":"EntryPoint","urlTemplate":"https:\/\/thediplomatinspain.com\/?s={search_term_string}"},"query-input":{"@type":"PropertyValueSpecification","valueRequired":true,"valueName":"search_term_string"}}],"inLanguage":"en-US"},{"@type":"Organization","@id":"https:\/\/thediplomatinspain.com\/#organization","name":"thediplomatinspain.com","url":"https:\/\/thediplomatinspain.com\/","logo":{"@type":"ImageObject","inLanguage":"en-US","@id":"https:\/\/thediplomatinspain.com\/#\/schema\/logo\/image\/","url":"https:\/\/thediplomatinspain.com\/wp-content\/uploads\/2024\/06\/logo_the_diplomat.png","contentUrl":"https:\/\/thediplomatinspain.com\/wp-content\/uploads\/2024\/06\/logo_the_diplomat.png","width":284,"height":77,"caption":"thediplomatinspain.com"},"image":{"@id":"https:\/\/thediplomatinspain.com\/#\/schema\/logo\/image\/"},"sameAs":["https:\/\/www.facebook.com\/thediplomatinspain","https:\/\/x.com\/diplomatinspain","https:\/\/www.youtube.com\/channel\/UCK0mRqeeZDKdFeiFQZLcH2A"]},{"@type":"Person","@id":"https:\/\/thediplomatinspain.com\/#\/schema\/person\/3486da7260c1ed500a030f75a625d6ba","name":"Eduardo Gonz\u00e1lez","image":{"@type":"ImageObject","inLanguage":"en-US","@id":"https:\/\/secure.gravatar.com\/avatar\/41aa213a3496a9a5a774a70b1b4ba9e94809b2de60529fc9e3ad010c61022c9f?s=96&d=mm&r=g","url":"https:\/\/secure.gravatar.com\/avatar\/41aa213a3496a9a5a774a70b1b4ba9e94809b2de60529fc9e3ad010c61022c9f?s=96&d=mm&r=g","contentUrl":"https:\/\/secure.gravatar.com\/avatar\/41aa213a3496a9a5a774a70b1b4ba9e94809b2de60529fc9e3ad010c61022c9f?s=96&d=mm&r=g","caption":"Eduardo Gonz\u00e1lez"},"url":"https:\/\/thediplomatinspain.com\/en\/author\/egonzalez\/"},{"@type":["Organization","NewsMediaOrganization"],"@id":"https:\/\/thediplomatinspain.com\/en\/#organization"},{"@type":"SiteNavigationElement","@id":"https:\/\/thediplomatinspain.com\/en\/#site-navigation","cssSelector":[".cib-main-menu"]},{"@type":"WPHeader","@id":"https:\/\/thediplomatinspain.com\/en\/#header","cssSelector":[".cib-header"]},{"@type":"WPFooter","@id":"https:\/\/thediplomatinspain.com\/en\/#footer","cssSelector":[".cib-footer"]}]}},"amp_enabled":true,"_links":{"self":[{"href":"https:\/\/thediplomatinspain.com\/en\/wp-json\/wp\/v2\/posts\/133976","targetHints":{"allow":["GET"]}}],"collection":[{"href":"https:\/\/thediplomatinspain.com\/en\/wp-json\/wp\/v2\/posts"}],"about":[{"href":"https:\/\/thediplomatinspain.com\/en\/wp-json\/wp\/v2\/types\/post"}],"author":[{"embeddable":true,"href":"https:\/\/thediplomatinspain.com\/en\/wp-json\/wp\/v2\/users\/91"}],"replies":[{"embeddable":true,"href":"https:\/\/thediplomatinspain.com\/en\/wp-json\/wp\/v2\/comments?post=133976"}],"version-history":[{"count":0,"href":"https:\/\/thediplomatinspain.com\/en\/wp-json\/wp\/v2\/posts\/133976\/revisions"}],"wp:featuredmedia":[{"embeddable":true,"href":"https:\/\/thediplomatinspain.com\/en\/wp-json\/wp\/v2\/media\/133973"}],"wp:attachment":[{"href":"https:\/\/thediplomatinspain.com\/en\/wp-json\/wp\/v2\/media?parent=133976"}],"wp:term":[{"taxonomy":"category","embeddable":true,"href":"https:\/\/thediplomatinspain.com\/en\/wp-json\/wp\/v2\/categories?post=133976"},{"taxonomy":"post_tag","embeddable":true,"href":"https:\/\/thediplomatinspain.com\/en\/wp-json\/wp\/v2\/tags?post=133976"}],"curies":[{"name":"wp","href":"https:\/\/api.w.org\/{rel}","templated":true}]}}