{"id":131262,"date":"2025-11-26T06:07:28","date_gmt":"2025-11-26T05:07:28","guid":{"rendered":"https:\/\/thediplomatinspain.com\/2025\/11\/25\/el-instituto-polaco-de-cultura-la-embajada-de-argentina-y-daniel-calleja-crespo-reciben-los-primeros-premios-internacionales-the-diplomat-in-spain-2025\/"},"modified":"2025-11-25T16:08:47","modified_gmt":"2025-11-25T15:08:47","slug":"the-polish-cultural-institute-the-embassy-of-argentina-and-daniel-calleja-crespo-receive-the-first-the-diplomat-in-spain-2025-international-awards","status":"publish","type":"post","link":"https:\/\/thediplomatinspain.com\/en\/2025\/11\/26\/the-polish-cultural-institute-the-embassy-of-argentina-and-daniel-calleja-crespo-receive-the-first-the-diplomat-in-spain-2025-international-awards\/","title":{"rendered":"The Polish Cultural Institute, the Embassy of Argentina, and Daniel Calleja Crespo receive the first The Diplomat in Spain 2025 International Awards"},"content":{"rendered":"<h6><strong>The Diplomat<\/strong><\/h6>\n<h4><strong>The Polish Institute of Culture, the Embassy of Argentina and diplomat Daniel Calleja Crespo received the awards corresponding to the first edition of The Diplomat in Spain 2025 International Awards on Monday, November 24.<\/strong><\/h4>\n<p>The awards ceremony, which aims to recognize, highlight, and celebrate the work carried out by embassies, international institutions, and foreign organizations in Spain through cultural and economic cooperation projects, took place at the Gran Meli\u00e1 F\u00e9nix Hotel in Madrid, presided over by the Secretary of State for Foreign and Global Affairs, Diego Mart\u00ednez Bel\u00edo.<\/p>\n<p>The jury for the first edition of The Diplomat in Spain 2025 International Awards was composed of Charles Powell, director of the Elcano Royal Institute; Irene Lanzaco, president of the Association of Information Media (AMI); Abraham Duarte, rector of Rey Juan Carlos University; Jes\u00fas Gonz\u00e1lez Mateos, editorial director of The Diplomat in Spain; and Asela Pintado, president of Prensamedia.<\/p>\n<p>Among those attending the event were the ambassadors of Serbia, Vietnam, Argentina, North Macedonia, and Bosnia and Herzegovina, as well as counselors and other representatives from the embassies of Turkey, Venezuela, Greece, Japan, Kenya, Portugal, and Croatia. Representatives from the Elcano Royal Institute, the Alternativas Foundation, Acciona, Quir\u00f3n, UNHCR, and other organizations were also present.<\/p>\n<p>During the event, Yago Gonz\u00e1lez, CEO of the Prensamedia Group, stated that these awards celebrate \u201cthe value of understanding, dialogue, and cooperation at a time when everything seems to be moving too fast.\u201d \u201cWe are living through a period marked by global tensions, technological transformations, and challenges that no longer recognize borders, and precisely for this reason, the work you do\u2014representing your countries, building bridges, and fostering trust\u2014is more necessary than ever,\u201d he continued, addressing the embassy representatives.<\/p>\n<p>\u201cIn this context,\u201d he asserted, \u201cthose of us who report on foreign policy also have a responsibility.\u201d \u201cThe world has become noisy; words abound, context is scarce, and in this noise, diplomacy risks being oversimplified, or worse, becoming invisible.\u201d Therefore, \u201cThe Diplomat was born and has grown with a very clear conviction: diplomacy deserves to be explained rigorously, thoroughly, and respectfully.\u201d \u201cOur goal is not to occupy space, but to shed light. Not to amplify the noise, but to bring order to the conversation,\u201d he added.<\/p>\n<p>For her part, Asela Pintado, president of Prensamedia, stated that \u201cthe world only progresses when we understand each other, when we listen, and when we are able to build bridges,\u201d and therefore, diplomacy is \u201cnot just a profession, but an attitude toward life: that of those who seek to build, connect, represent, and serve.\u201d<\/p>\n<p>In that spirit, she explained, \u201cin this first edition, the jury wanted to highlight three different, yet complementary, ways of practicing the contemporary diplomacy we so desperately need: cultural diplomacy, economic diplomacy, and institutional diplomacy.\u201d These are \u201cthree ways of bringing countries and people closer together, three stories that remind us that, beyond treaties and summits, diplomacy is built with empathy, creativity, and public service,\u201d she added.<\/p>\n<h5><strong>The Award winners<\/strong><\/h5>\n<p>The awards ceremony then proceeded: the Cultural Diplomacy Award went to the Polish Cultural Institute for the project \u201cThe Polish Boom: The New Cultural Wave Shaking Spain\u201d; the Economic Diplomacy Award went to the Embassy of Argentina in Spain for the project \u201cArgentina Week in Spain\u201d; and the Diplomat in Spain Special Award went to Daniel Calleja Crespo, Director of the European Commission Representation in Spain.<\/p>\n<p>After receiving the award from Charles Powell, <strong>Maria \u015alebioda, Director of the Polish Cultural Institute in Madrid<\/strong>, stated that her institution&#8217;s objective is, \u201cabove all, to build a bridge between Poland and Spain, facilitate collaboration between Polish and Spanish institutions and artists, address socially relevant issues\u2014issues important to European society today\u2014and, through culture, foster discussion and raise awareness.\u201d<\/p>\n<figure id=\"attachment_131242\" aria-describedby=\"caption-attachment-131242\" style=\"width: 750px\" class=\"wp-caption alignnone\"><img decoding=\"async\" class=\"wp-image-131242 size-full\" src=\"https:\/\/thediplomatinspain.com\/wp-content\/uploads\/2025\/11\/Premios-Powell-IPC.jpg\" alt=\"\" width=\"750\" height=\"500\" srcset=\"https:\/\/thediplomatinspain.com\/wp-content\/uploads\/2025\/11\/Premios-Powell-IPC.jpg 750w, https:\/\/thediplomatinspain.com\/wp-content\/uploads\/2025\/11\/Premios-Powell-IPC-300x200.jpg 300w\" sizes=\"(max-width: 750px) 100vw, 750px\" \/><figcaption id=\"caption-attachment-131242\" class=\"wp-caption-text\">Charles Powell presenting the award to Maria \u015alebioda.<\/figcaption><\/figure>\n<p>She also highlighted that, during the previous Polish Presidency of the Council of the EU (between January and June 2025), the Institute carried out \u201capproximately 45 projects in 15 cities in Spain, the vast majority focused on women.\u201d Through culture, she continued, they have addressed, among other topics, gender identity, depression, cultural relations with indigenous peoples, artificial intelligence, disinformation, and \u201cthe memory of war.\u201d \u201cOn several occasions, we have also discussed the war in Ukraine,\u201d she specified.<\/p>\n<p>Next, it was the turn of the <strong>Argentine Ambassador to Spain, Wenceslao Bunge<\/strong>, who received the award from Asela Pintado. In his speech, the ambassador stated that his country is experiencing \u201ca very special moment\u201d of \u201ca profound transformation.\u201d \u201cOur president (Javier Milei) has set a very clear course in terms of stabilizing the country&#8217;s macroeconomy, restoring stability, boosting the country&#8217;s competitiveness, and opening the country to the world,\u201d he declared.<\/p>\n<figure id=\"attachment_131245\" aria-describedby=\"caption-attachment-131245\" style=\"width: 750px\" class=\"wp-caption alignnone\"><img decoding=\"async\" class=\"wp-image-131245 size-full\" src=\"https:\/\/thediplomatinspain.com\/wp-content\/uploads\/2025\/11\/Premios-Asela-Argentina.jpg\" alt=\"\" width=\"750\" height=\"500\" srcset=\"https:\/\/thediplomatinspain.com\/wp-content\/uploads\/2025\/11\/Premios-Asela-Argentina.jpg 750w, https:\/\/thediplomatinspain.com\/wp-content\/uploads\/2025\/11\/Premios-Asela-Argentina-300x200.jpg 300w\" sizes=\"(max-width: 750px) 100vw, 750px\" \/><figcaption id=\"caption-attachment-131245\" class=\"wp-caption-text\">Asela Pintado presenting the award to Wenceslao Bunge.<\/figcaption><\/figure>\n<p>\u201cAs ambassador, and not a career diplomat, as many know, applying some principles from the private sector, we have established certain objectives, measurable objectives, all of which revolve around the economic sector. That is why this economic diplomacy is something that is close to our hearts,\u201d he continued. Among the objectives that are most relevant to him as ambassador, Bunge cited increasing Argentine exports to Spain, attracting direct investment from Spain to Argentina, and improving tourism, \u201cone of Argentina\u2019s pillars.\u201d<\/p>\n<p>Finally, the editorial director of Prensamedia, Jes\u00fas Gonz\u00e1lez Mateos, presented the special award to <strong>Daniel Calleja Crespo<\/strong>, who until now had served as Director General of the Legal Service of the European Commission and who will soon take up his post as Director of the European Commission Representation in Spain.<\/p>\n<figure id=\"attachment_131247\" aria-describedby=\"caption-attachment-131247\" style=\"width: 750px\" class=\"wp-caption alignnone\"><img decoding=\"async\" class=\"wp-image-131247 size-full\" src=\"https:\/\/thediplomatinspain.com\/wp-content\/uploads\/2025\/11\/Premios-JGM-Calleja.jpg\" alt=\"\" width=\"750\" height=\"500\" srcset=\"https:\/\/thediplomatinspain.com\/wp-content\/uploads\/2025\/11\/Premios-JGM-Calleja.jpg 750w, https:\/\/thediplomatinspain.com\/wp-content\/uploads\/2025\/11\/Premios-JGM-Calleja-300x200.jpg 300w\" sizes=\"(max-width: 750px) 100vw, 750px\" \/><figcaption id=\"caption-attachment-131247\" class=\"wp-caption-text\">Jes\u00fas Gonz\u00e1lez Mateos presenting the award to Daniel Calleja Crespo.<\/figcaption><\/figure>\n<p>\u201cThis award is being given at a very important time, because we are just days away from celebrating the 40th anniversary of Spain\u2019s accession to what was then the European Community,\u201d Daniel Calleja noted. \u201cSpain\u2019s accession to the European Union was the fruit of a very difficult and complex negotiation that fulfilled the aspirations for freedom and prosperity of a people who, thanks to Europe, regained a leading role, a role we had lost for a long time, perhaps for too long,\u201d he continued.<\/p>\n<p>\u201cForty years later, looking back, Spain and the Spanish people have benefited extraordinarily from our membership in the Union,\u201d the award recipient continued. \u201cThanks to the European Union, Spain has modernized its infrastructure, new technologies have been developed, innovation has been promoted, and new rights have been granted to our citizens. Furthermore, they have been able to exercise the fundamental freedoms enshrined in the Treaty: the freedom to study, to travel, to work, to settle in other Member States of the Union, to expand opportunities for our businesses, and to belong to a very select club based on certain values,\u201d he emphasized. \u201cBut this has not been a one-way street; Europe has also benefited, and benefited immensely, from Spain\u2019s membership,\u201d he added.<\/p>\n<h5><strong>Mart\u00ednez Bel\u00edo<\/strong><\/h5>\n<p>The event was closed by the Secretary of State for Foreign Affairs and Global Affairs, Diego Mart\u00ednez Bel\u00edo, who stated that \u201cinternational information is becoming increasingly important\u201d because, \u201cif we look at the arc surrounding Europe, in its entirety, from Ukraine, through the Middle East, Sudan, and the Sahel, we are surrounded by conflicts.\u201d<\/p>\n<figure id=\"attachment_131249\" aria-describedby=\"caption-attachment-131249\" style=\"width: 750px\" class=\"wp-caption alignnone\"><img decoding=\"async\" class=\"wp-image-131249 size-full\" src=\"https:\/\/thediplomatinspain.com\/wp-content\/uploads\/2025\/11\/Premios-Belio.jpg\" alt=\"\" width=\"750\" height=\"500\" srcset=\"https:\/\/thediplomatinspain.com\/wp-content\/uploads\/2025\/11\/Premios-Belio.jpg 750w, https:\/\/thediplomatinspain.com\/wp-content\/uploads\/2025\/11\/Premios-Belio-300x200.jpg 300w\" sizes=\"(max-width: 750px) 100vw, 750px\" \/><figcaption id=\"caption-attachment-131249\" class=\"wp-caption-text\">Diego Mart\u00ednez Bel\u00edo during his speech.<\/figcaption><\/figure>\n<p>\u201cThat is why it is so important that our citizens are aware that we have a lot at stake, because good information, this awareness, is what also strengthens a government and a country to go out into the world with confidence and contribute to dialogue, stability, and that commitment to multilateralism which I would say is one of the defining characteristics of Spain&#8217;s foreign policy, in addition to its European commitment,\u201d he stated.<\/p>\n<p>In this context, the Secretary of State especially valued \u201cthe importance of diplomatic work,\u201d whose main function is \u201cto soften differences and present one&#8217;s country&#8217;s positions in a way that is easier for the other side to accept, and also to better understand and empathize with the other side to understand its circumstances.\u201d \u201cIf I had to summarize and define the most important characteristic of a diplomat, it is the ability to understand the other person\u2019s position, and that is what we try to do at the Ministry of Foreign Affairs, European Union and Cooperation,\u201d he concluded.<\/p>\n","protected":false},"excerpt":{"rendered":"<p>The Polish Institute of Culture, the Embassy of Argentina and diplomat Daniel Calleja Crespo received the awards corresponding to the first edition of The Diplomat in <\/p>\n","protected":false},"author":369,"featured_media":131239,"comment_status":"closed","ping_status":"open","sticky":false,"template":"","format":"standard","meta":{"jnews-multi-image_gallery":[],"jnews_single_post":null,"jnews_primary_category":[],"jnews_social_meta":[],"jnews_override_counter":{"view_counter_number":"0","share_counter_number":"0","like_counter_number":"0","dislike_counter_number":"0"},"jnews_post_split":{"post_split":[{"template":"1","tag":"h2","numbering":"asc","mode":"normal","first":"0","enable_toc":"0","toc_type":"normal"}]},"footnotes":""},"categories":[177,160],"tags":[],"class_list":["post-131262","post","type-post","status-publish","format-standard","has-post-thumbnail","hentry","category-diplomatic-club","category-spain-en"],"yoast_head":"<!-- This site is optimized with the Yoast SEO plugin v27.4 - https:\/\/yoast.com\/product\/yoast-seo-wordpress\/ -->\n<title>First The Diplomat in Spain 2025 International Awards<\/title>\n<meta name=\"description\" content=\"The Polish Institute of Culture, Embassy of Argentina and Daniel Calleja, The Diplomat in Spain 2025 International Awards on Monday\" \/>\n<meta name=\"robots\" content=\"index, follow, max-snippet:-1, max-image-preview:large, max-video-preview:-1\" \/>\n<link rel=\"canonical\" href=\"https:\/\/thediplomatinspain.com\/en\/2025\/11\/26\/the-polish-cultural-institute-the-embassy-of-argentina-and-daniel-calleja-crespo-receive-the-first-the-diplomat-in-spain-2025-international-awards\/\" \/>\n<meta property=\"og:locale\" content=\"en_US\" \/>\n<meta property=\"og:type\" content=\"article\" \/>\n<meta property=\"og:title\" content=\"First The Diplomat in Spain 2025 International Awards\" \/>\n<meta property=\"og:description\" content=\"The Polish Institute of Culture, Embassy of Argentina and Daniel Calleja, The Diplomat in Spain 2025 International Awards on Monday\" \/>\n<meta property=\"og:url\" content=\"https:\/\/thediplomatinspain.com\/en\/2025\/11\/26\/the-polish-cultural-institute-the-embassy-of-argentina-and-daniel-calleja-crespo-receive-the-first-the-diplomat-in-spain-2025-international-awards\/\" \/>\n<meta property=\"og:site_name\" content=\"thediplomatinspain.com\" \/>\n<meta property=\"article:publisher\" content=\"https:\/\/www.facebook.com\/thediplomatinspain\" \/>\n<meta property=\"article:published_time\" content=\"2025-11-26T05:07:28+00:00\" \/>\n<meta property=\"og:image\" content=\"https:\/\/thediplomatinspain.com\/wp-content\/uploads\/2025\/11\/premios-foto-familia-e1764083316139.jpg\" \/>\n\t<meta property=\"og:image:width\" content=\"750\" \/>\n\t<meta property=\"og:image:height\" content=\"419\" \/>\n\t<meta property=\"og:image:type\" content=\"image\/jpeg\" \/>\n<meta name=\"author\" content=\"Redacci\u00f3n The Diplomat\" \/>\n<meta name=\"twitter:card\" content=\"summary_large_image\" \/>\n<meta name=\"twitter:creator\" content=\"@diplomatinspain\" \/>\n<meta name=\"twitter:site\" content=\"@diplomatinspain\" \/>\n<meta name=\"twitter:label1\" content=\"Written by\" \/>\n\t<meta name=\"twitter:data1\" content=\"Redacci\u00f3n The Diplomat\" \/>\n\t<meta name=\"twitter:label2\" content=\"Est. reading time\" \/>\n\t<meta name=\"twitter:data2\" content=\"8 minutes\" \/>\n<script type=\"application\/ld+json\" class=\"yoast-schema-graph\">{\"@context\":\"https:\\\/\\\/schema.org\",\"@graph\":[{\"@type\":\"Article\",\"@id\":\"https:\\\/\\\/thediplomatinspain.com\\\/en\\\/2025\\\/11\\\/26\\\/the-polish-cultural-institute-the-embassy-of-argentina-and-daniel-calleja-crespo-receive-the-first-the-diplomat-in-spain-2025-international-awards\\\/#article\",\"isPartOf\":{\"@id\":\"https:\\\/\\\/thediplomatinspain.com\\\/en\\\/2025\\\/11\\\/26\\\/the-polish-cultural-institute-the-embassy-of-argentina-and-daniel-calleja-crespo-receive-the-first-the-diplomat-in-spain-2025-international-awards\\\/\"},\"author\":{\"name\":\"Redacci\u00f3n The Diplomat\",\"@id\":\"https:\\\/\\\/thediplomatinspain.com\\\/#\\\/schema\\\/person\\\/88127b252815559774673b8cce560c21\"},\"headline\":\"The Polish Cultural Institute, the Embassy of Argentina, and Daniel Calleja Crespo receive the first The Diplomat in Spain 2025 International Awards\",\"datePublished\":\"2025-11-26T05:07:28+00:00\",\"mainEntityOfPage\":{\"@id\":\"https:\\\/\\\/thediplomatinspain.com\\\/en\\\/2025\\\/11\\\/26\\\/the-polish-cultural-institute-the-embassy-of-argentina-and-daniel-calleja-crespo-receive-the-first-the-diplomat-in-spain-2025-international-awards\\\/\"},\"wordCount\":1433,\"publisher\":{\"@id\":\"https:\\\/\\\/thediplomatinspain.com\\\/#organization\"},\"image\":{\"@id\":\"https:\\\/\\\/thediplomatinspain.com\\\/en\\\/2025\\\/11\\\/26\\\/the-polish-cultural-institute-the-embassy-of-argentina-and-daniel-calleja-crespo-receive-the-first-the-diplomat-in-spain-2025-international-awards\\\/#primaryimage\"},\"thumbnailUrl\":\"https:\\\/\\\/thediplomatinspain.com\\\/wp-content\\\/uploads\\\/2025\\\/11\\\/premios-foto-familia-e1764083316139.jpg\",\"articleSection\":[\"Diplomatic club\",\"Spain\"],\"inLanguage\":\"en-US\"},{\"@type\":\"WebPage\",\"@id\":\"https:\\\/\\\/thediplomatinspain.com\\\/en\\\/2025\\\/11\\\/26\\\/the-polish-cultural-institute-the-embassy-of-argentina-and-daniel-calleja-crespo-receive-the-first-the-diplomat-in-spain-2025-international-awards\\\/\",\"url\":\"https:\\\/\\\/thediplomatinspain.com\\\/en\\\/2025\\\/11\\\/26\\\/the-polish-cultural-institute-the-embassy-of-argentina-and-daniel-calleja-crespo-receive-the-first-the-diplomat-in-spain-2025-international-awards\\\/\",\"name\":\"First The Diplomat in Spain 2025 International Awards\",\"isPartOf\":{\"@id\":\"https:\\\/\\\/thediplomatinspain.com\\\/#website\"},\"primaryImageOfPage\":{\"@id\":\"https:\\\/\\\/thediplomatinspain.com\\\/en\\\/2025\\\/11\\\/26\\\/the-polish-cultural-institute-the-embassy-of-argentina-and-daniel-calleja-crespo-receive-the-first-the-diplomat-in-spain-2025-international-awards\\\/#primaryimage\"},\"image\":{\"@id\":\"https:\\\/\\\/thediplomatinspain.com\\\/en\\\/2025\\\/11\\\/26\\\/the-polish-cultural-institute-the-embassy-of-argentina-and-daniel-calleja-crespo-receive-the-first-the-diplomat-in-spain-2025-international-awards\\\/#primaryimage\"},\"thumbnailUrl\":\"https:\\\/\\\/thediplomatinspain.com\\\/wp-content\\\/uploads\\\/2025\\\/11\\\/premios-foto-familia-e1764083316139.jpg\",\"datePublished\":\"2025-11-26T05:07:28+00:00\",\"description\":\"The Polish Institute of Culture, Embassy of Argentina and Daniel Calleja, The Diplomat in Spain 2025 International Awards on Monday\",\"breadcrumb\":{\"@id\":\"https:\\\/\\\/thediplomatinspain.com\\\/en\\\/2025\\\/11\\\/26\\\/the-polish-cultural-institute-the-embassy-of-argentina-and-daniel-calleja-crespo-receive-the-first-the-diplomat-in-spain-2025-international-awards\\\/#breadcrumb\"},\"inLanguage\":\"en-US\",\"potentialAction\":[{\"@type\":\"ReadAction\",\"target\":[\"https:\\\/\\\/thediplomatinspain.com\\\/en\\\/2025\\\/11\\\/26\\\/the-polish-cultural-institute-the-embassy-of-argentina-and-daniel-calleja-crespo-receive-the-first-the-diplomat-in-spain-2025-international-awards\\\/\"]}]},{\"@type\":\"ImageObject\",\"inLanguage\":\"en-US\",\"@id\":\"https:\\\/\\\/thediplomatinspain.com\\\/en\\\/2025\\\/11\\\/26\\\/the-polish-cultural-institute-the-embassy-of-argentina-and-daniel-calleja-crespo-receive-the-first-the-diplomat-in-spain-2025-international-awards\\\/#primaryimage\",\"url\":\"https:\\\/\\\/thediplomatinspain.com\\\/wp-content\\\/uploads\\\/2025\\\/11\\\/premios-foto-familia-e1764083316139.jpg\",\"contentUrl\":\"https:\\\/\\\/thediplomatinspain.com\\\/wp-content\\\/uploads\\\/2025\\\/11\\\/premios-foto-familia-e1764083316139.jpg\",\"width\":750,\"height\":419,\"caption\":\"From left to right: Charles Powell, Wenceslao Bunge, Daniel Calleja, Maria \u015alebioda, Diego Mart\u00ednez Bel\u00edo, Asela Pintado, Yago Gonz\u00e1lez, and Cristina Marc\u00e9n. \\\/Photos: Nivelarte\"},{\"@type\":\"BreadcrumbList\",\"@id\":\"https:\\\/\\\/thediplomatinspain.com\\\/en\\\/2025\\\/11\\\/26\\\/the-polish-cultural-institute-the-embassy-of-argentina-and-daniel-calleja-crespo-receive-the-first-the-diplomat-in-spain-2025-international-awards\\\/#breadcrumb\",\"itemListElement\":[{\"@type\":\"ListItem\",\"position\":1,\"name\":\"Portada\",\"item\":\"https:\\\/\\\/thediplomatinspain.com\\\/en\\\/\"},{\"@type\":\"ListItem\",\"position\":2,\"name\":\"The Polish Cultural Institute, the Embassy of Argentina, and Daniel Calleja Crespo receive the first The Diplomat in Spain 2025 International Awards\"}]},{\"@type\":\"WebSite\",\"@id\":\"https:\\\/\\\/thediplomatinspain.com\\\/#website\",\"url\":\"https:\\\/\\\/thediplomatinspain.com\\\/\",\"name\":\"thediplomatinspain.com\",\"description\":\"Diario digital de referencia para diplom\u00e1ticos y empresas\",\"publisher\":{\"@id\":\"https:\\\/\\\/thediplomatinspain.com\\\/#organization\"},\"potentialAction\":[{\"@type\":\"SearchAction\",\"target\":{\"@type\":\"EntryPoint\",\"urlTemplate\":\"https:\\\/\\\/thediplomatinspain.com\\\/?s={search_term_string}\"},\"query-input\":{\"@type\":\"PropertyValueSpecification\",\"valueRequired\":true,\"valueName\":\"search_term_string\"}}],\"inLanguage\":\"en-US\"},{\"@type\":\"Organization\",\"@id\":\"https:\\\/\\\/thediplomatinspain.com\\\/#organization\",\"name\":\"thediplomatinspain.com\",\"url\":\"https:\\\/\\\/thediplomatinspain.com\\\/\",\"logo\":{\"@type\":\"ImageObject\",\"inLanguage\":\"en-US\",\"@id\":\"https:\\\/\\\/thediplomatinspain.com\\\/#\\\/schema\\\/logo\\\/image\\\/\",\"url\":\"https:\\\/\\\/thediplomatinspain.com\\\/wp-content\\\/uploads\\\/2024\\\/06\\\/logo_the_diplomat.png\",\"contentUrl\":\"https:\\\/\\\/thediplomatinspain.com\\\/wp-content\\\/uploads\\\/2024\\\/06\\\/logo_the_diplomat.png\",\"width\":284,\"height\":77,\"caption\":\"thediplomatinspain.com\"},\"image\":{\"@id\":\"https:\\\/\\\/thediplomatinspain.com\\\/#\\\/schema\\\/logo\\\/image\\\/\"},\"sameAs\":[\"https:\\\/\\\/www.facebook.com\\\/thediplomatinspain\",\"https:\\\/\\\/x.com\\\/diplomatinspain\",\"https:\\\/\\\/www.youtube.com\\\/channel\\\/UCK0mRqeeZDKdFeiFQZLcH2A\"]},{\"@type\":\"Person\",\"@id\":\"https:\\\/\\\/thediplomatinspain.com\\\/#\\\/schema\\\/person\\\/88127b252815559774673b8cce560c21\",\"name\":\"Redacci\u00f3n The Diplomat\",\"image\":{\"@type\":\"ImageObject\",\"inLanguage\":\"en-US\",\"@id\":\"https:\\\/\\\/secure.gravatar.com\\\/avatar\\\/e52c4c4b39aa657f32517ef54bb4078fd3286e83820d836ee3e67c927fa86b6f?s=96&d=mm&r=g\",\"url\":\"https:\\\/\\\/secure.gravatar.com\\\/avatar\\\/e52c4c4b39aa657f32517ef54bb4078fd3286e83820d836ee3e67c927fa86b6f?s=96&d=mm&r=g\",\"contentUrl\":\"https:\\\/\\\/secure.gravatar.com\\\/avatar\\\/e52c4c4b39aa657f32517ef54bb4078fd3286e83820d836ee3e67c927fa86b6f?s=96&d=mm&r=g\",\"caption\":\"Redacci\u00f3n The Diplomat\"},\"url\":\"https:\\\/\\\/thediplomatinspain.com\\\/en\\\/author\\\/redaccion-thediplomat\\\/\"},{\"@type\":[\"Organization\",\"NewsMediaOrganization\"],\"@id\":\"https:\\\/\\\/thediplomatinspain.com\\\/en\\\/#organization\"},{\"@type\":\"SiteNavigationElement\",\"@id\":\"https:\\\/\\\/thediplomatinspain.com\\\/en\\\/#site-navigation\",\"cssSelector\":[\".cib-main-menu\"]},{\"@type\":\"WPHeader\",\"@id\":\"https:\\\/\\\/thediplomatinspain.com\\\/en\\\/#header\",\"cssSelector\":[\".cib-header\"]},{\"@type\":\"WPFooter\",\"@id\":\"https:\\\/\\\/thediplomatinspain.com\\\/en\\\/#footer\",\"cssSelector\":[\".cib-footer\"]}]}<\/script>\n<!-- \/ Yoast SEO plugin. -->","yoast_head_json":{"title":"First The Diplomat in Spain 2025 International Awards","description":"The Polish Institute of Culture, Embassy of Argentina and Daniel Calleja, The Diplomat in Spain 2025 International Awards on Monday","robots":{"index":"index","follow":"follow","max-snippet":"max-snippet:-1","max-image-preview":"max-image-preview:large","max-video-preview":"max-video-preview:-1"},"canonical":"https:\/\/thediplomatinspain.com\/en\/2025\/11\/26\/the-polish-cultural-institute-the-embassy-of-argentina-and-daniel-calleja-crespo-receive-the-first-the-diplomat-in-spain-2025-international-awards\/","og_locale":"en_US","og_type":"article","og_title":"First The Diplomat in Spain 2025 International Awards","og_description":"The Polish Institute of Culture, Embassy of Argentina and Daniel Calleja, The Diplomat in Spain 2025 International Awards on Monday","og_url":"https:\/\/thediplomatinspain.com\/en\/2025\/11\/26\/the-polish-cultural-institute-the-embassy-of-argentina-and-daniel-calleja-crespo-receive-the-first-the-diplomat-in-spain-2025-international-awards\/","og_site_name":"thediplomatinspain.com","article_publisher":"https:\/\/www.facebook.com\/thediplomatinspain","article_published_time":"2025-11-26T05:07:28+00:00","og_image":[{"width":750,"height":419,"url":"https:\/\/thediplomatinspain.com\/wp-content\/uploads\/2025\/11\/premios-foto-familia-e1764083316139.jpg","type":"image\/jpeg"}],"author":"Redacci\u00f3n The Diplomat","twitter_card":"summary_large_image","twitter_creator":"@diplomatinspain","twitter_site":"@diplomatinspain","twitter_misc":{"Written by":"Redacci\u00f3n The Diplomat","Est. reading time":"8 minutes"},"schema":{"@context":"https:\/\/schema.org","@graph":[{"@type":"Article","@id":"https:\/\/thediplomatinspain.com\/en\/2025\/11\/26\/the-polish-cultural-institute-the-embassy-of-argentina-and-daniel-calleja-crespo-receive-the-first-the-diplomat-in-spain-2025-international-awards\/#article","isPartOf":{"@id":"https:\/\/thediplomatinspain.com\/en\/2025\/11\/26\/the-polish-cultural-institute-the-embassy-of-argentina-and-daniel-calleja-crespo-receive-the-first-the-diplomat-in-spain-2025-international-awards\/"},"author":{"name":"Redacci\u00f3n The Diplomat","@id":"https:\/\/thediplomatinspain.com\/#\/schema\/person\/88127b252815559774673b8cce560c21"},"headline":"The Polish Cultural Institute, the Embassy of Argentina, and Daniel Calleja Crespo receive the first The Diplomat in Spain 2025 International Awards","datePublished":"2025-11-26T05:07:28+00:00","mainEntityOfPage":{"@id":"https:\/\/thediplomatinspain.com\/en\/2025\/11\/26\/the-polish-cultural-institute-the-embassy-of-argentina-and-daniel-calleja-crespo-receive-the-first-the-diplomat-in-spain-2025-international-awards\/"},"wordCount":1433,"publisher":{"@id":"https:\/\/thediplomatinspain.com\/#organization"},"image":{"@id":"https:\/\/thediplomatinspain.com\/en\/2025\/11\/26\/the-polish-cultural-institute-the-embassy-of-argentina-and-daniel-calleja-crespo-receive-the-first-the-diplomat-in-spain-2025-international-awards\/#primaryimage"},"thumbnailUrl":"https:\/\/thediplomatinspain.com\/wp-content\/uploads\/2025\/11\/premios-foto-familia-e1764083316139.jpg","articleSection":["Diplomatic club","Spain"],"inLanguage":"en-US"},{"@type":"WebPage","@id":"https:\/\/thediplomatinspain.com\/en\/2025\/11\/26\/the-polish-cultural-institute-the-embassy-of-argentina-and-daniel-calleja-crespo-receive-the-first-the-diplomat-in-spain-2025-international-awards\/","url":"https:\/\/thediplomatinspain.com\/en\/2025\/11\/26\/the-polish-cultural-institute-the-embassy-of-argentina-and-daniel-calleja-crespo-receive-the-first-the-diplomat-in-spain-2025-international-awards\/","name":"First The Diplomat in Spain 2025 International Awards","isPartOf":{"@id":"https:\/\/thediplomatinspain.com\/#website"},"primaryImageOfPage":{"@id":"https:\/\/thediplomatinspain.com\/en\/2025\/11\/26\/the-polish-cultural-institute-the-embassy-of-argentina-and-daniel-calleja-crespo-receive-the-first-the-diplomat-in-spain-2025-international-awards\/#primaryimage"},"image":{"@id":"https:\/\/thediplomatinspain.com\/en\/2025\/11\/26\/the-polish-cultural-institute-the-embassy-of-argentina-and-daniel-calleja-crespo-receive-the-first-the-diplomat-in-spain-2025-international-awards\/#primaryimage"},"thumbnailUrl":"https:\/\/thediplomatinspain.com\/wp-content\/uploads\/2025\/11\/premios-foto-familia-e1764083316139.jpg","datePublished":"2025-11-26T05:07:28+00:00","description":"The Polish Institute of Culture, Embassy of Argentina and Daniel Calleja, The Diplomat in Spain 2025 International Awards on Monday","breadcrumb":{"@id":"https:\/\/thediplomatinspain.com\/en\/2025\/11\/26\/the-polish-cultural-institute-the-embassy-of-argentina-and-daniel-calleja-crespo-receive-the-first-the-diplomat-in-spain-2025-international-awards\/#breadcrumb"},"inLanguage":"en-US","potentialAction":[{"@type":"ReadAction","target":["https:\/\/thediplomatinspain.com\/en\/2025\/11\/26\/the-polish-cultural-institute-the-embassy-of-argentina-and-daniel-calleja-crespo-receive-the-first-the-diplomat-in-spain-2025-international-awards\/"]}]},{"@type":"ImageObject","inLanguage":"en-US","@id":"https:\/\/thediplomatinspain.com\/en\/2025\/11\/26\/the-polish-cultural-institute-the-embassy-of-argentina-and-daniel-calleja-crespo-receive-the-first-the-diplomat-in-spain-2025-international-awards\/#primaryimage","url":"https:\/\/thediplomatinspain.com\/wp-content\/uploads\/2025\/11\/premios-foto-familia-e1764083316139.jpg","contentUrl":"https:\/\/thediplomatinspain.com\/wp-content\/uploads\/2025\/11\/premios-foto-familia-e1764083316139.jpg","width":750,"height":419,"caption":"From left to right: Charles Powell, Wenceslao Bunge, Daniel Calleja, Maria \u015alebioda, Diego Mart\u00ednez Bel\u00edo, Asela Pintado, Yago Gonz\u00e1lez, and Cristina Marc\u00e9n. \/Photos: Nivelarte"},{"@type":"BreadcrumbList","@id":"https:\/\/thediplomatinspain.com\/en\/2025\/11\/26\/the-polish-cultural-institute-the-embassy-of-argentina-and-daniel-calleja-crespo-receive-the-first-the-diplomat-in-spain-2025-international-awards\/#breadcrumb","itemListElement":[{"@type":"ListItem","position":1,"name":"Portada","item":"https:\/\/thediplomatinspain.com\/en\/"},{"@type":"ListItem","position":2,"name":"The Polish Cultural Institute, the Embassy of Argentina, and Daniel Calleja Crespo receive the first The Diplomat in Spain 2025 International Awards"}]},{"@type":"WebSite","@id":"https:\/\/thediplomatinspain.com\/#website","url":"https:\/\/thediplomatinspain.com\/","name":"thediplomatinspain.com","description":"Diario digital de referencia para diplom\u00e1ticos y empresas","publisher":{"@id":"https:\/\/thediplomatinspain.com\/#organization"},"potentialAction":[{"@type":"SearchAction","target":{"@type":"EntryPoint","urlTemplate":"https:\/\/thediplomatinspain.com\/?s={search_term_string}"},"query-input":{"@type":"PropertyValueSpecification","valueRequired":true,"valueName":"search_term_string"}}],"inLanguage":"en-US"},{"@type":"Organization","@id":"https:\/\/thediplomatinspain.com\/#organization","name":"thediplomatinspain.com","url":"https:\/\/thediplomatinspain.com\/","logo":{"@type":"ImageObject","inLanguage":"en-US","@id":"https:\/\/thediplomatinspain.com\/#\/schema\/logo\/image\/","url":"https:\/\/thediplomatinspain.com\/wp-content\/uploads\/2024\/06\/logo_the_diplomat.png","contentUrl":"https:\/\/thediplomatinspain.com\/wp-content\/uploads\/2024\/06\/logo_the_diplomat.png","width":284,"height":77,"caption":"thediplomatinspain.com"},"image":{"@id":"https:\/\/thediplomatinspain.com\/#\/schema\/logo\/image\/"},"sameAs":["https:\/\/www.facebook.com\/thediplomatinspain","https:\/\/x.com\/diplomatinspain","https:\/\/www.youtube.com\/channel\/UCK0mRqeeZDKdFeiFQZLcH2A"]},{"@type":"Person","@id":"https:\/\/thediplomatinspain.com\/#\/schema\/person\/88127b252815559774673b8cce560c21","name":"Redacci\u00f3n The Diplomat","image":{"@type":"ImageObject","inLanguage":"en-US","@id":"https:\/\/secure.gravatar.com\/avatar\/e52c4c4b39aa657f32517ef54bb4078fd3286e83820d836ee3e67c927fa86b6f?s=96&d=mm&r=g","url":"https:\/\/secure.gravatar.com\/avatar\/e52c4c4b39aa657f32517ef54bb4078fd3286e83820d836ee3e67c927fa86b6f?s=96&d=mm&r=g","contentUrl":"https:\/\/secure.gravatar.com\/avatar\/e52c4c4b39aa657f32517ef54bb4078fd3286e83820d836ee3e67c927fa86b6f?s=96&d=mm&r=g","caption":"Redacci\u00f3n The Diplomat"},"url":"https:\/\/thediplomatinspain.com\/en\/author\/redaccion-thediplomat\/"},{"@type":["Organization","NewsMediaOrganization"],"@id":"https:\/\/thediplomatinspain.com\/en\/#organization"},{"@type":"SiteNavigationElement","@id":"https:\/\/thediplomatinspain.com\/en\/#site-navigation","cssSelector":[".cib-main-menu"]},{"@type":"WPHeader","@id":"https:\/\/thediplomatinspain.com\/en\/#header","cssSelector":[".cib-header"]},{"@type":"WPFooter","@id":"https:\/\/thediplomatinspain.com\/en\/#footer","cssSelector":[".cib-footer"]}]}},"amp_enabled":true,"_links":{"self":[{"href":"https:\/\/thediplomatinspain.com\/en\/wp-json\/wp\/v2\/posts\/131262","targetHints":{"allow":["GET"]}}],"collection":[{"href":"https:\/\/thediplomatinspain.com\/en\/wp-json\/wp\/v2\/posts"}],"about":[{"href":"https:\/\/thediplomatinspain.com\/en\/wp-json\/wp\/v2\/types\/post"}],"author":[{"embeddable":true,"href":"https:\/\/thediplomatinspain.com\/en\/wp-json\/wp\/v2\/users\/369"}],"replies":[{"embeddable":true,"href":"https:\/\/thediplomatinspain.com\/en\/wp-json\/wp\/v2\/comments?post=131262"}],"version-history":[{"count":0,"href":"https:\/\/thediplomatinspain.com\/en\/wp-json\/wp\/v2\/posts\/131262\/revisions"}],"wp:featuredmedia":[{"embeddable":true,"href":"https:\/\/thediplomatinspain.com\/en\/wp-json\/wp\/v2\/media\/131239"}],"wp:attachment":[{"href":"https:\/\/thediplomatinspain.com\/en\/wp-json\/wp\/v2\/media?parent=131262"}],"wp:term":[{"taxonomy":"category","embeddable":true,"href":"https:\/\/thediplomatinspain.com\/en\/wp-json\/wp\/v2\/categories?post=131262"},{"taxonomy":"post_tag","embeddable":true,"href":"https:\/\/thediplomatinspain.com\/en\/wp-json\/wp\/v2\/tags?post=131262"}],"curies":[{"name":"wp","href":"https:\/\/api.w.org\/{rel}","templated":true}]}}